{"id":165716,"date":"2025-05-09T15:18:34","date_gmt":"2025-05-09T21:18:34","guid":{"rendered":"https:\/\/canal7slp.tv\/2025\/?p=165716"},"modified":"2025-05-09T15:18:34","modified_gmt":"2025-05-09T21:18:34","slug":"mas-de-52-millones-en-africa-occidental-y-central-enfrentaran-hambre-extrema-en-2025","status":"publish","type":"post","link":"https:\/\/canal7slp.tv\/2025\/mas-de-52-millones-en-africa-occidental-y-central-enfrentaran-hambre-extrema-en-2025\/","title":{"rendered":"M\u00e1s de 52 millones en \u00c1frica Occidental y Central enfrentar\u00e1n hambre extrema en 2025"},"content":{"rendered":"<p style=\"text-align: justify;\">Kenia.- El Programa Mundial de Alimentos (PMA) de la ONU ha lanzado una alerta urgente: m\u00e1s de 52 millones de personas en \u00c1frica Occidental y Central enfrentar\u00e1n hambre extrema entre junio y agosto de 2025, debido a una combinaci\u00f3n devastadora de conflictos, desplazamientos, crisis econ\u00f3micas y fen\u00f3menos meteorol\u00f3gicos extremos.<\/p>\n<p style=\"text-align: justify;\">Actualmente, m\u00e1s de 36 millones de personas ya enfrentan dificultades para cubrir sus necesidades b\u00e1sicas de alimentaci\u00f3n y nutrici\u00f3n. Sin una intervenci\u00f3n inmediata, esta cifra podr\u00eda aumentar en m\u00e1s de 16 millones en los pr\u00f3ximos meses, con cerca de tres millones de personas en situaci\u00f3n de emergencia humanitaria.<\/p>\n<p style=\"text-align: justify;\">La violencia persistente en la regi\u00f3n ha dejado a m\u00e1s de 10 millones de personas en condiciones altamente vulnerables, incluyendo 2.4 millones de refugiados y solicitantes de asilo en pa\u00edses como Chad, Camer\u00fan, Mauritania y N\u00edger. Adem\u00e1s, casi ocho millones han sido desplazados internamente, principalmente en Nigeria y Camer\u00fan.<\/p>\n<p style=\"text-align: justify;\">A ello se suma la inflaci\u00f3n alimentaria, impulsada por el alza de los precios de los alimentos y el combustible, que ha agravado la inseguridad alimentaria en pa\u00edses como Ghana, Guinea-Conakri y Costa de Marfil. En lugares como Nigeria, Chad, N\u00edger y Camer\u00fan, el encarecimiento de los productos b\u00e1sicos ha hecho que muchos no puedan acceder a los alimentos.<\/p>\n<p style=\"text-align: justify;\">La situaci\u00f3n se ve a\u00fan m\u00e1s agravada por eventos meteorol\u00f3gicos extremos. En 2024, m\u00e1s de seis millones de personas resultaron afectadas por inundaciones en zonas del Sahel central y la cuenca del lago Chad, comprometiendo los medios de vida de miles de familias.<\/p>\n<p style=\"text-align: justify;\">A pesar de la gravedad de la situaci\u00f3n, el PMA advierte que las necesidades humanitarias han alcanzado un m\u00e1ximo hist\u00f3rico, mientras que los recursos disponibles son insuficientes. Seg\u00fan Margot van der Velden, directora regional del PMA para \u00c1frica Occidental y Central, sin financiaci\u00f3n inmediata se ver\u00e1n forzados a reducir la cobertura y las raciones de alimentos, lo que podr\u00eda tener consecuencias devastadoras.<\/p>\n<p style=\"text-align: justify;\">Para mantener sus operaciones y evitar una tragedia a gran escala, el PMA necesita con urgencia 710 millones de d\u00f3lares en los pr\u00f3ximos seis meses. Adem\u00e1s de asistencia alimentaria de emergencia, el organismo pide inversiones en soluciones sostenibles que fortalezcan la resiliencia de las comunidades y reduzcan su dependencia a largo plazo de la ayuda humanitaria.<\/p>\n","protected":false},"excerpt":{"rendered":"<p>Kenia.- El Programa Mundial de Alimentos (PMA) de la ONU ha lanzado una alerta urgente: m\u00e1s de 52 millones de personas en \u00c1frica Occidental y Central enfrentar\u00e1n hambre extrema entre junio y agosto de 2025, debido a una combinaci\u00f3n devastadora de conflictos, desplazamientos, crisis econ\u00f3micas y fen\u00f3menos meteorol\u00f3gicos extremos. Actualmente, m\u00e1s de 36 millones de personas ya enfrentan dificultades para cubrir sus necesidades b\u00e1sicas de alimentaci\u00f3n y nutrici\u00f3n. Sin una intervenci\u00f3n inmediata, esta cifra podr\u00eda aumentar en m\u00e1s de 16 millones en los pr\u00f3ximos meses, con cerca de tres millones de personas en situaci\u00f3n de emergencia humanitaria. La violencia persistente [&hellip;]<\/p>\n","protected":false},"author":2,"featured_media":165717,"comment_status":"closed","ping_status":"closed","sticky":false,"template":"","format":"standard","meta":{"_monsterinsights_skip_tracking":false,"_monsterinsights_sitenote_active":false,"_monsterinsights_sitenote_note":"","_monsterinsights_sitenote_category":0,"footnotes":""},"categories":[40,44],"tags":[],"class_list":["post-165716","post","type-post","status-publish","format-standard","has-post-thumbnail","hentry","category-economia","category-internacional","post--single"],"yoast_head":"<!-- This site is optimized with the Yoast SEO plugin v27.5 - https:\/\/yoast.com\/product\/yoast-seo-wordpress\/ -->\n<title>M\u00e1s de 52 millones en \u00c1frica Occidental y Central enfrentar\u00e1n hambre extrema en 2025 - Canal 7 SLP - 2025<\/title>\n<meta name=\"robots\" content=\"index, follow, max-snippet:-1, max-image-preview:large, max-video-preview:-1\" \/>\n<link rel=\"canonical\" href=\"https:\/\/canal7slp.tv\/2025\/mas-de-52-millones-en-africa-occidental-y-central-enfrentaran-hambre-extrema-en-2025\/\" \/>\n<meta property=\"og:locale\" content=\"es_ES\" \/>\n<meta property=\"og:type\" content=\"article\" \/>\n<meta property=\"og:title\" content=\"M\u00e1s de 52 millones en \u00c1frica Occidental y Central enfrentar\u00e1n hambre extrema en 2025 - Canal 7 SLP - 2025\" \/>\n<meta property=\"og:description\" content=\"Kenia.- El Programa Mundial de Alimentos (PMA) de la ONU ha lanzado una alerta urgente: m\u00e1s de 52 millones de personas en \u00c1frica Occidental y Central enfrentar\u00e1n hambre extrema entre junio y agosto de 2025, debido a una combinaci\u00f3n devastadora de conflictos, desplazamientos, crisis econ\u00f3micas y fen\u00f3menos meteorol\u00f3gicos extremos. Actualmente, m\u00e1s de 36 millones de personas ya enfrentan dificultades para cubrir sus necesidades b\u00e1sicas de alimentaci\u00f3n y nutrici\u00f3n. Sin una intervenci\u00f3n inmediata, esta cifra podr\u00eda aumentar en m\u00e1s de 16 millones en los pr\u00f3ximos meses, con cerca de tres millones de personas en situaci\u00f3n de emergencia humanitaria. La violencia persistente [&hellip;]\" \/>\n<meta property=\"og:url\" content=\"https:\/\/canal7slp.tv\/2025\/mas-de-52-millones-en-africa-occidental-y-central-enfrentaran-hambre-extrema-en-2025\/\" \/>\n<meta property=\"og:site_name\" content=\"Canal 7 SLP - 2025\" \/>\n<meta property=\"article:publisher\" content=\"https:\/\/www.facebook.com\/noticieroscanal7atencionciudadana\/\" \/>\n<meta property=\"article:published_time\" content=\"2025-05-09T21:18:34+00:00\" \/>\n<meta property=\"og:image\" content=\"https:\/\/canal7slp.tv\/2025\/wp-content\/uploads\/2025\/05\/09-8.jpg\" \/>\n\t<meta property=\"og:image:width\" content=\"750\" \/>\n\t<meta property=\"og:image:height\" content=\"500\" \/>\n\t<meta property=\"og:image:type\" content=\"image\/jpeg\" \/>\n<meta name=\"author\" content=\"Edici\u00f3n Web\" \/>\n<meta name=\"twitter:card\" content=\"summary_large_image\" \/>\n<meta name=\"twitter:creator\" content=\"@NOTICIEROS7\" \/>\n<meta name=\"twitter:site\" content=\"@NOTICIEROS7\" \/>\n<meta name=\"twitter:label1\" content=\"Escrito por\" \/>\n\t<meta name=\"twitter:data1\" content=\"Edici\u00f3n Web\" \/>\n\t<meta name=\"twitter:label2\" content=\"Tiempo de lectura\" \/>\n\t<meta name=\"twitter:data2\" content=\"2 minutos\" \/>\n<script type=\"application\/ld+json\" class=\"yoast-schema-graph\">{\"@context\":\"https:\\\/\\\/schema.org\",\"@graph\":[{\"@type\":\"Article\",\"@id\":\"https:\\\/\\\/canal7slp.tv\\\/2025\\\/mas-de-52-millones-en-africa-occidental-y-central-enfrentaran-hambre-extrema-en-2025\\\/#article\",\"isPartOf\":{\"@id\":\"https:\\\/\\\/canal7slp.tv\\\/2025\\\/mas-de-52-millones-en-africa-occidental-y-central-enfrentaran-hambre-extrema-en-2025\\\/\"},\"author\":{\"name\":\"Edici\u00f3n Web\",\"@id\":\"https:\\\/\\\/canal7slp.tv\\\/2025\\\/#\\\/schema\\\/person\\\/271e2b60a96e7cc9d9ac296f4d7e414b\"},\"headline\":\"M\u00e1s de 52 millones en \u00c1frica Occidental y Central enfrentar\u00e1n hambre extrema en 2025\",\"datePublished\":\"2025-05-09T21:18:34+00:00\",\"mainEntityOfPage\":{\"@id\":\"https:\\\/\\\/canal7slp.tv\\\/2025\\\/mas-de-52-millones-en-africa-occidental-y-central-enfrentaran-hambre-extrema-en-2025\\\/\"},\"wordCount\":415,\"publisher\":{\"@id\":\"https:\\\/\\\/canal7slp.tv\\\/2025\\\/#organization\"},\"image\":{\"@id\":\"https:\\\/\\\/canal7slp.tv\\\/2025\\\/mas-de-52-millones-en-africa-occidental-y-central-enfrentaran-hambre-extrema-en-2025\\\/#primaryimage\"},\"thumbnailUrl\":\"https:\\\/\\\/canal7slp.tv\\\/2025\\\/wp-content\\\/uploads\\\/2025\\\/05\\\/09-8.jpg\",\"articleSection\":[\"ECONOM\u00cdA\",\"INTERNACIONALES\"],\"inLanguage\":\"es\"},{\"@type\":\"WebPage\",\"@id\":\"https:\\\/\\\/canal7slp.tv\\\/2025\\\/mas-de-52-millones-en-africa-occidental-y-central-enfrentaran-hambre-extrema-en-2025\\\/\",\"url\":\"https:\\\/\\\/canal7slp.tv\\\/2025\\\/mas-de-52-millones-en-africa-occidental-y-central-enfrentaran-hambre-extrema-en-2025\\\/\",\"name\":\"M\u00e1s de 52 millones en \u00c1frica Occidental y Central enfrentar\u00e1n hambre extrema en 2025 - Canal 7 SLP - 2025\",\"isPartOf\":{\"@id\":\"https:\\\/\\\/canal7slp.tv\\\/2025\\\/#website\"},\"primaryImageOfPage\":{\"@id\":\"https:\\\/\\\/canal7slp.tv\\\/2025\\\/mas-de-52-millones-en-africa-occidental-y-central-enfrentaran-hambre-extrema-en-2025\\\/#primaryimage\"},\"image\":{\"@id\":\"https:\\\/\\\/canal7slp.tv\\\/2025\\\/mas-de-52-millones-en-africa-occidental-y-central-enfrentaran-hambre-extrema-en-2025\\\/#primaryimage\"},\"thumbnailUrl\":\"https:\\\/\\\/canal7slp.tv\\\/2025\\\/wp-content\\\/uploads\\\/2025\\\/05\\\/09-8.jpg\",\"datePublished\":\"2025-05-09T21:18:34+00:00\",\"breadcrumb\":{\"@id\":\"https:\\\/\\\/canal7slp.tv\\\/2025\\\/mas-de-52-millones-en-africa-occidental-y-central-enfrentaran-hambre-extrema-en-2025\\\/#breadcrumb\"},\"inLanguage\":\"es\",\"potentialAction\":[{\"@type\":\"ReadAction\",\"target\":[\"https:\\\/\\\/canal7slp.tv\\\/2025\\\/mas-de-52-millones-en-africa-occidental-y-central-enfrentaran-hambre-extrema-en-2025\\\/\"]}]},{\"@type\":\"ImageObject\",\"inLanguage\":\"es\",\"@id\":\"https:\\\/\\\/canal7slp.tv\\\/2025\\\/mas-de-52-millones-en-africa-occidental-y-central-enfrentaran-hambre-extrema-en-2025\\\/#primaryimage\",\"url\":\"https:\\\/\\\/canal7slp.tv\\\/2025\\\/wp-content\\\/uploads\\\/2025\\\/05\\\/09-8.jpg\",\"contentUrl\":\"https:\\\/\\\/canal7slp.tv\\\/2025\\\/wp-content\\\/uploads\\\/2025\\\/05\\\/09-8.jpg\",\"width\":750,\"height\":500},{\"@type\":\"BreadcrumbList\",\"@id\":\"https:\\\/\\\/canal7slp.tv\\\/2025\\\/mas-de-52-millones-en-africa-occidental-y-central-enfrentaran-hambre-extrema-en-2025\\\/#breadcrumb\",\"itemListElement\":[{\"@type\":\"ListItem\",\"position\":1,\"name\":\"Portada\",\"item\":\"https:\\\/\\\/canal7slp.tv\\\/2025\\\/\"},{\"@type\":\"ListItem\",\"position\":2,\"name\":\"M\u00e1s de 52 millones en \u00c1frica Occidental y Central enfrentar\u00e1n hambre extrema en 2025\"}]},{\"@type\":\"WebSite\",\"@id\":\"https:\\\/\\\/canal7slp.tv\\\/2025\\\/#website\",\"url\":\"https:\\\/\\\/canal7slp.tv\\\/2025\\\/\",\"name\":\"N7 - Noticieros Canal 7\",\"description\":\"Somos el Medio\",\"publisher\":{\"@id\":\"https:\\\/\\\/canal7slp.tv\\\/2025\\\/#organization\"},\"potentialAction\":[{\"@type\":\"SearchAction\",\"target\":{\"@type\":\"EntryPoint\",\"urlTemplate\":\"https:\\\/\\\/canal7slp.tv\\\/2025\\\/?s={search_term_string}\"},\"query-input\":{\"@type\":\"PropertyValueSpecification\",\"valueRequired\":true,\"valueName\":\"search_term_string\"}}],\"inLanguage\":\"es\"},{\"@type\":\"Organization\",\"@id\":\"https:\\\/\\\/canal7slp.tv\\\/2025\\\/#organization\",\"name\":\"Noticieros Canal 7\",\"url\":\"https:\\\/\\\/canal7slp.tv\\\/2025\\\/\",\"logo\":{\"@type\":\"ImageObject\",\"inLanguage\":\"es\",\"@id\":\"https:\\\/\\\/canal7slp.tv\\\/2025\\\/#\\\/schema\\\/logo\\\/image\\\/\",\"url\":\"https:\\\/\\\/canal7slp.tv\\\/2025\\\/wp-content\\\/uploads\\\/2021\\\/01\\\/logo-noticieros@2x.png\",\"contentUrl\":\"https:\\\/\\\/canal7slp.tv\\\/2025\\\/wp-content\\\/uploads\\\/2021\\\/01\\\/logo-noticieros@2x.png\",\"width\":1017,\"height\":268,\"caption\":\"Noticieros Canal 7\"},\"image\":{\"@id\":\"https:\\\/\\\/canal7slp.tv\\\/2025\\\/#\\\/schema\\\/logo\\\/image\\\/\"},\"sameAs\":[\"https:\\\/\\\/www.facebook.com\\\/noticieroscanal7atencionciudadana\\\/\",\"https:\\\/\\\/x.com\\\/NOTICIEROS7\",\"https:\\\/\\\/www.instagram.com\\\/canal7_slp\",\"https:\\\/\\\/www.youtube.com\\\/channel\\\/UCliiYs-gP3JfJeqdPrNdd5A\"]},{\"@type\":\"Person\",\"@id\":\"https:\\\/\\\/canal7slp.tv\\\/2025\\\/#\\\/schema\\\/person\\\/271e2b60a96e7cc9d9ac296f4d7e414b\",\"name\":\"Edici\u00f3n Web\",\"image\":{\"@type\":\"ImageObject\",\"inLanguage\":\"es\",\"@id\":\"https:\\\/\\\/secure.gravatar.com\\\/avatar\\\/eee448fc3f7164808013b816ba91ac7e43bbe82a70bebac296f8bc6f0addaa1a?s=96&d=mm&r=g\",\"url\":\"https:\\\/\\\/secure.gravatar.com\\\/avatar\\\/eee448fc3f7164808013b816ba91ac7e43bbe82a70bebac296f8bc6f0addaa1a?s=96&d=mm&r=g\",\"contentUrl\":\"https:\\\/\\\/secure.gravatar.com\\\/avatar\\\/eee448fc3f7164808013b816ba91ac7e43bbe82a70bebac296f8bc6f0addaa1a?s=96&d=mm&r=g\",\"caption\":\"Edici\u00f3n Web\"},\"url\":\"https:\\\/\\\/canal7slp.tv\\\/2025\\\/author\\\/edicionweb\\\/\"}]}<\/script>\n<!-- \/ Yoast SEO plugin. -->","yoast_head_json":{"title":"M\u00e1s de 52 millones en \u00c1frica Occidental y Central enfrentar\u00e1n hambre extrema en 2025 - Canal 7 SLP - 2025","robots":{"index":"index","follow":"follow","max-snippet":"max-snippet:-1","max-image-preview":"max-image-preview:large","max-video-preview":"max-video-preview:-1"},"canonical":"https:\/\/canal7slp.tv\/2025\/mas-de-52-millones-en-africa-occidental-y-central-enfrentaran-hambre-extrema-en-2025\/","og_locale":"es_ES","og_type":"article","og_title":"M\u00e1s de 52 millones en \u00c1frica Occidental y Central enfrentar\u00e1n hambre extrema en 2025 - Canal 7 SLP - 2025","og_description":"Kenia.- El Programa Mundial de Alimentos (PMA) de la ONU ha lanzado una alerta urgente: m\u00e1s de 52 millones de personas en \u00c1frica Occidental y Central enfrentar\u00e1n hambre extrema entre junio y agosto de 2025, debido a una combinaci\u00f3n devastadora de conflictos, desplazamientos, crisis econ\u00f3micas y fen\u00f3menos meteorol\u00f3gicos extremos. Actualmente, m\u00e1s de 36 millones de personas ya enfrentan dificultades para cubrir sus necesidades b\u00e1sicas de alimentaci\u00f3n y nutrici\u00f3n. Sin una intervenci\u00f3n inmediata, esta cifra podr\u00eda aumentar en m\u00e1s de 16 millones en los pr\u00f3ximos meses, con cerca de tres millones de personas en situaci\u00f3n de emergencia humanitaria. La violencia persistente [&hellip;]","og_url":"https:\/\/canal7slp.tv\/2025\/mas-de-52-millones-en-africa-occidental-y-central-enfrentaran-hambre-extrema-en-2025\/","og_site_name":"Canal 7 SLP - 2025","article_publisher":"https:\/\/www.facebook.com\/noticieroscanal7atencionciudadana\/","article_published_time":"2025-05-09T21:18:34+00:00","og_image":[{"width":750,"height":500,"url":"https:\/\/canal7slp.tv\/2025\/wp-content\/uploads\/2025\/05\/09-8.jpg","type":"image\/jpeg"}],"author":"Edici\u00f3n Web","twitter_card":"summary_large_image","twitter_creator":"@NOTICIEROS7","twitter_site":"@NOTICIEROS7","twitter_misc":{"Escrito por":"Edici\u00f3n Web","Tiempo de lectura":"2 minutos"},"schema":{"@context":"https:\/\/schema.org","@graph":[{"@type":"Article","@id":"https:\/\/canal7slp.tv\/2025\/mas-de-52-millones-en-africa-occidental-y-central-enfrentaran-hambre-extrema-en-2025\/#article","isPartOf":{"@id":"https:\/\/canal7slp.tv\/2025\/mas-de-52-millones-en-africa-occidental-y-central-enfrentaran-hambre-extrema-en-2025\/"},"author":{"name":"Edici\u00f3n Web","@id":"https:\/\/canal7slp.tv\/2025\/#\/schema\/person\/271e2b60a96e7cc9d9ac296f4d7e414b"},"headline":"M\u00e1s de 52 millones en \u00c1frica Occidental y Central enfrentar\u00e1n hambre extrema en 2025","datePublished":"2025-05-09T21:18:34+00:00","mainEntityOfPage":{"@id":"https:\/\/canal7slp.tv\/2025\/mas-de-52-millones-en-africa-occidental-y-central-enfrentaran-hambre-extrema-en-2025\/"},"wordCount":415,"publisher":{"@id":"https:\/\/canal7slp.tv\/2025\/#organization"},"image":{"@id":"https:\/\/canal7slp.tv\/2025\/mas-de-52-millones-en-africa-occidental-y-central-enfrentaran-hambre-extrema-en-2025\/#primaryimage"},"thumbnailUrl":"https:\/\/canal7slp.tv\/2025\/wp-content\/uploads\/2025\/05\/09-8.jpg","articleSection":["ECONOM\u00cdA","INTERNACIONALES"],"inLanguage":"es"},{"@type":"WebPage","@id":"https:\/\/canal7slp.tv\/2025\/mas-de-52-millones-en-africa-occidental-y-central-enfrentaran-hambre-extrema-en-2025\/","url":"https:\/\/canal7slp.tv\/2025\/mas-de-52-millones-en-africa-occidental-y-central-enfrentaran-hambre-extrema-en-2025\/","name":"M\u00e1s de 52 millones en \u00c1frica Occidental y Central enfrentar\u00e1n hambre extrema en 2025 - Canal 7 SLP - 2025","isPartOf":{"@id":"https:\/\/canal7slp.tv\/2025\/#website"},"primaryImageOfPage":{"@id":"https:\/\/canal7slp.tv\/2025\/mas-de-52-millones-en-africa-occidental-y-central-enfrentaran-hambre-extrema-en-2025\/#primaryimage"},"image":{"@id":"https:\/\/canal7slp.tv\/2025\/mas-de-52-millones-en-africa-occidental-y-central-enfrentaran-hambre-extrema-en-2025\/#primaryimage"},"thumbnailUrl":"https:\/\/canal7slp.tv\/2025\/wp-content\/uploads\/2025\/05\/09-8.jpg","datePublished":"2025-05-09T21:18:34+00:00","breadcrumb":{"@id":"https:\/\/canal7slp.tv\/2025\/mas-de-52-millones-en-africa-occidental-y-central-enfrentaran-hambre-extrema-en-2025\/#breadcrumb"},"inLanguage":"es","potentialAction":[{"@type":"ReadAction","target":["https:\/\/canal7slp.tv\/2025\/mas-de-52-millones-en-africa-occidental-y-central-enfrentaran-hambre-extrema-en-2025\/"]}]},{"@type":"ImageObject","inLanguage":"es","@id":"https:\/\/canal7slp.tv\/2025\/mas-de-52-millones-en-africa-occidental-y-central-enfrentaran-hambre-extrema-en-2025\/#primaryimage","url":"https:\/\/canal7slp.tv\/2025\/wp-content\/uploads\/2025\/05\/09-8.jpg","contentUrl":"https:\/\/canal7slp.tv\/2025\/wp-content\/uploads\/2025\/05\/09-8.jpg","width":750,"height":500},{"@type":"BreadcrumbList","@id":"https:\/\/canal7slp.tv\/2025\/mas-de-52-millones-en-africa-occidental-y-central-enfrentaran-hambre-extrema-en-2025\/#breadcrumb","itemListElement":[{"@type":"ListItem","position":1,"name":"Portada","item":"https:\/\/canal7slp.tv\/2025\/"},{"@type":"ListItem","position":2,"name":"M\u00e1s de 52 millones en \u00c1frica Occidental y Central enfrentar\u00e1n hambre extrema en 2025"}]},{"@type":"WebSite","@id":"https:\/\/canal7slp.tv\/2025\/#website","url":"https:\/\/canal7slp.tv\/2025\/","name":"N7 - Noticieros Canal 7","description":"Somos el Medio","publisher":{"@id":"https:\/\/canal7slp.tv\/2025\/#organization"},"potentialAction":[{"@type":"SearchAction","target":{"@type":"EntryPoint","urlTemplate":"https:\/\/canal7slp.tv\/2025\/?s={search_term_string}"},"query-input":{"@type":"PropertyValueSpecification","valueRequired":true,"valueName":"search_term_string"}}],"inLanguage":"es"},{"@type":"Organization","@id":"https:\/\/canal7slp.tv\/2025\/#organization","name":"Noticieros Canal 7","url":"https:\/\/canal7slp.tv\/2025\/","logo":{"@type":"ImageObject","inLanguage":"es","@id":"https:\/\/canal7slp.tv\/2025\/#\/schema\/logo\/image\/","url":"https:\/\/canal7slp.tv\/2025\/wp-content\/uploads\/2021\/01\/logo-noticieros@2x.png","contentUrl":"https:\/\/canal7slp.tv\/2025\/wp-content\/uploads\/2021\/01\/logo-noticieros@2x.png","width":1017,"height":268,"caption":"Noticieros Canal 7"},"image":{"@id":"https:\/\/canal7slp.tv\/2025\/#\/schema\/logo\/image\/"},"sameAs":["https:\/\/www.facebook.com\/noticieroscanal7atencionciudadana\/","https:\/\/x.com\/NOTICIEROS7","https:\/\/www.instagram.com\/canal7_slp","https:\/\/www.youtube.com\/channel\/UCliiYs-gP3JfJeqdPrNdd5A"]},{"@type":"Person","@id":"https:\/\/canal7slp.tv\/2025\/#\/schema\/person\/271e2b60a96e7cc9d9ac296f4d7e414b","name":"Edici\u00f3n Web","image":{"@type":"ImageObject","inLanguage":"es","@id":"https:\/\/secure.gravatar.com\/avatar\/eee448fc3f7164808013b816ba91ac7e43bbe82a70bebac296f8bc6f0addaa1a?s=96&d=mm&r=g","url":"https:\/\/secure.gravatar.com\/avatar\/eee448fc3f7164808013b816ba91ac7e43bbe82a70bebac296f8bc6f0addaa1a?s=96&d=mm&r=g","contentUrl":"https:\/\/secure.gravatar.com\/avatar\/eee448fc3f7164808013b816ba91ac7e43bbe82a70bebac296f8bc6f0addaa1a?s=96&d=mm&r=g","caption":"Edici\u00f3n Web"},"url":"https:\/\/canal7slp.tv\/2025\/author\/edicionweb\/"}]}},"_links":{"self":[{"href":"https:\/\/canal7slp.tv\/2025\/wp-json\/wp\/v2\/posts\/165716","targetHints":{"allow":["GET"]}}],"collection":[{"href":"https:\/\/canal7slp.tv\/2025\/wp-json\/wp\/v2\/posts"}],"about":[{"href":"https:\/\/canal7slp.tv\/2025\/wp-json\/wp\/v2\/types\/post"}],"author":[{"embeddable":true,"href":"https:\/\/canal7slp.tv\/2025\/wp-json\/wp\/v2\/users\/2"}],"replies":[{"embeddable":true,"href":"https:\/\/canal7slp.tv\/2025\/wp-json\/wp\/v2\/comments?post=165716"}],"version-history":[{"count":1,"href":"https:\/\/canal7slp.tv\/2025\/wp-json\/wp\/v2\/posts\/165716\/revisions"}],"predecessor-version":[{"id":165718,"href":"https:\/\/canal7slp.tv\/2025\/wp-json\/wp\/v2\/posts\/165716\/revisions\/165718"}],"wp:featuredmedia":[{"embeddable":true,"href":"https:\/\/canal7slp.tv\/2025\/wp-json\/wp\/v2\/media\/165717"}],"wp:attachment":[{"href":"https:\/\/canal7slp.tv\/2025\/wp-json\/wp\/v2\/media?parent=165716"}],"wp:term":[{"taxonomy":"category","embeddable":true,"href":"https:\/\/canal7slp.tv\/2025\/wp-json\/wp\/v2\/categories?post=165716"},{"taxonomy":"post_tag","embeddable":true,"href":"https:\/\/canal7slp.tv\/2025\/wp-json\/wp\/v2\/tags?post=165716"}],"curies":[{"name":"wp","href":"https:\/\/api.w.org\/{rel}","templated":true}]}}