{"id":165707,"date":"2025-05-09T14:46:11","date_gmt":"2025-05-09T20:46:11","guid":{"rendered":"https:\/\/canal7slp.tv\/2025\/?p=165707"},"modified":"2025-05-09T14:46:11","modified_gmt":"2025-05-09T20:46:11","slug":"confirman-segundo-caso-de-gusano-barrenador-en-mexico","status":"publish","type":"post","link":"https:\/\/canal7slp.tv\/2025\/confirman-segundo-caso-de-gusano-barrenador-en-mexico\/","title":{"rendered":"Confirman segundo caso de gusano barrenador en M\u00e9xico"},"content":{"rendered":"<ul style=\"text-align: justify;\">\n<li>SSa lanza alerta sanitaria.<\/li>\n<\/ul>\n<p style=\"text-align: justify;\">M\u00e9xico.- La Secretar\u00eda de Salud (SSa) ha confirmado el segundo caso de miasis en M\u00e9xico, provocado por el Cochliomyia hominivorax, conocido como gusano barrenador. El afectado es un hombre de 50 a\u00f1os, residente de Tuzant\u00e1n, Chiapas, que trabaja como campesino.<\/p>\n<p style=\"text-align: justify;\">Este individuo comenz\u00f3 a experimentar s\u00edntomas como enrojecimiento, dolor intenso, fiebre y la presencia de larvas despu\u00e9s de ser mordido por un perro.<\/p>\n<p style=\"text-align: justify;\">El paciente busc\u00f3 atenci\u00f3n en los servicios de salud municipales y fue referido al Centro de Salud de Huixtla, donde se le extrajeron seis larvas.<\/p>\n<p style=\"text-align: justify;\">Posteriormente, fue trasladado al Hospital General de Huixtla, donde se le realiz\u00f3 un lavado quir\u00fargico y recibi\u00f3 el tratamiento correspondiente. Afortunadamente, el paciente fue dado de alta tras mostrar mejor\u00eda.<\/p>\n<p style=\"text-align: justify;\">Ante esta situaci\u00f3n, la Secretar\u00eda de Salud ha instado a los habitantes de los estados de Campeche, Chiapas, Quintana Roo, Tabasco y Yucat\u00e1n a extremar precauciones con respecto a las heridas cut\u00e1neas.<\/p>\n<p style=\"text-align: justify;\">Se recomienda lavarlas de inmediato con agua y jab\u00f3n, mantenerlas limpias y secas, y evitar el uso de remedios caseros.<\/p>\n<p style=\"text-align: justify;\">Adem\u00e1s, es fundamental que, si una herida presenta secreci\u00f3n, dolor persistente o sensaci\u00f3n de movimiento, se acuda lo antes posible al centro de salud m\u00e1s cercano para recibir atenci\u00f3n m\u00e9dica oportuna.<\/p>\n","protected":false},"excerpt":{"rendered":"<p>SSa lanza alerta sanitaria. M\u00e9xico.- La Secretar\u00eda de Salud (SSa) ha confirmado el segundo caso de miasis en M\u00e9xico, provocado por el Cochliomyia hominivorax, conocido como gusano barrenador. El afectado es un hombre de 50 a\u00f1os, residente de Tuzant\u00e1n, Chiapas, que trabaja como campesino. Este individuo comenz\u00f3 a experimentar s\u00edntomas como enrojecimiento, dolor intenso, fiebre y la presencia de larvas despu\u00e9s de ser mordido por un perro. El paciente busc\u00f3 atenci\u00f3n en los servicios de salud municipales y fue referido al Centro de Salud de Huixtla, donde se le extrajeron seis larvas. Posteriormente, fue trasladado al Hospital General de Huixtla, [&hellip;]<\/p>\n","protected":false},"author":2,"featured_media":165708,"comment_status":"closed","ping_status":"closed","sticky":false,"template":"","format":"standard","meta":{"_monsterinsights_skip_tracking":false,"_monsterinsights_sitenote_active":false,"_monsterinsights_sitenote_note":"","_monsterinsights_sitenote_category":0,"footnotes":""},"categories":[46],"tags":[],"class_list":["post-165707","post","type-post","status-publish","format-standard","has-post-thumbnail","hentry","category-nacional","post--single"],"yoast_head":"<!-- This site is optimized with the Yoast SEO plugin v27.5 - https:\/\/yoast.com\/product\/yoast-seo-wordpress\/ -->\n<title>Confirman segundo caso de gusano barrenador en M\u00e9xico - Canal 7 SLP - 2025<\/title>\n<meta name=\"robots\" content=\"index, follow, max-snippet:-1, max-image-preview:large, max-video-preview:-1\" \/>\n<link rel=\"canonical\" href=\"https:\/\/canal7slp.tv\/2025\/confirman-segundo-caso-de-gusano-barrenador-en-mexico\/\" \/>\n<meta property=\"og:locale\" content=\"es_ES\" \/>\n<meta property=\"og:type\" content=\"article\" \/>\n<meta property=\"og:title\" content=\"Confirman segundo caso de gusano barrenador en M\u00e9xico - Canal 7 SLP - 2025\" \/>\n<meta property=\"og:description\" content=\"SSa lanza alerta sanitaria. M\u00e9xico.- La Secretar\u00eda de Salud (SSa) ha confirmado el segundo caso de miasis en M\u00e9xico, provocado por el Cochliomyia hominivorax, conocido como gusano barrenador. El afectado es un hombre de 50 a\u00f1os, residente de Tuzant\u00e1n, Chiapas, que trabaja como campesino. Este individuo comenz\u00f3 a experimentar s\u00edntomas como enrojecimiento, dolor intenso, fiebre y la presencia de larvas despu\u00e9s de ser mordido por un perro. El paciente busc\u00f3 atenci\u00f3n en los servicios de salud municipales y fue referido al Centro de Salud de Huixtla, donde se le extrajeron seis larvas. Posteriormente, fue trasladado al Hospital General de Huixtla, [&hellip;]\" \/>\n<meta property=\"og:url\" content=\"https:\/\/canal7slp.tv\/2025\/confirman-segundo-caso-de-gusano-barrenador-en-mexico\/\" \/>\n<meta property=\"og:site_name\" content=\"Canal 7 SLP - 2025\" \/>\n<meta property=\"article:publisher\" content=\"https:\/\/www.facebook.com\/noticieroscanal7atencionciudadana\/\" \/>\n<meta property=\"article:published_time\" content=\"2025-05-09T20:46:11+00:00\" \/>\n<meta property=\"og:image\" content=\"https:\/\/canal7slp.tv\/2025\/wp-content\/uploads\/2025\/05\/06-8.jpg\" \/>\n\t<meta property=\"og:image:width\" content=\"810\" \/>\n\t<meta property=\"og:image:height\" content=\"500\" \/>\n\t<meta property=\"og:image:type\" content=\"image\/jpeg\" \/>\n<meta name=\"author\" content=\"Edici\u00f3n Web\" \/>\n<meta name=\"twitter:card\" content=\"summary_large_image\" \/>\n<meta name=\"twitter:creator\" content=\"@NOTICIEROS7\" \/>\n<meta name=\"twitter:site\" content=\"@NOTICIEROS7\" \/>\n<meta name=\"twitter:label1\" content=\"Escrito por\" \/>\n\t<meta name=\"twitter:data1\" content=\"Edici\u00f3n Web\" \/>\n\t<meta name=\"twitter:label2\" content=\"Tiempo de lectura\" \/>\n\t<meta name=\"twitter:data2\" content=\"2 minutos\" \/>\n<script type=\"application\/ld+json\" class=\"yoast-schema-graph\">{\"@context\":\"https:\\\/\\\/schema.org\",\"@graph\":[{\"@type\":\"Article\",\"@id\":\"https:\\\/\\\/canal7slp.tv\\\/2025\\\/confirman-segundo-caso-de-gusano-barrenador-en-mexico\\\/#article\",\"isPartOf\":{\"@id\":\"https:\\\/\\\/canal7slp.tv\\\/2025\\\/confirman-segundo-caso-de-gusano-barrenador-en-mexico\\\/\"},\"author\":{\"name\":\"Edici\u00f3n Web\",\"@id\":\"https:\\\/\\\/canal7slp.tv\\\/2025\\\/#\\\/schema\\\/person\\\/271e2b60a96e7cc9d9ac296f4d7e414b\"},\"headline\":\"Confirman segundo caso de gusano barrenador en M\u00e9xico\",\"datePublished\":\"2025-05-09T20:46:11+00:00\",\"mainEntityOfPage\":{\"@id\":\"https:\\\/\\\/canal7slp.tv\\\/2025\\\/confirman-segundo-caso-de-gusano-barrenador-en-mexico\\\/\"},\"wordCount\":235,\"publisher\":{\"@id\":\"https:\\\/\\\/canal7slp.tv\\\/2025\\\/#organization\"},\"image\":{\"@id\":\"https:\\\/\\\/canal7slp.tv\\\/2025\\\/confirman-segundo-caso-de-gusano-barrenador-en-mexico\\\/#primaryimage\"},\"thumbnailUrl\":\"https:\\\/\\\/canal7slp.tv\\\/2025\\\/wp-content\\\/uploads\\\/2025\\\/05\\\/06-8.jpg\",\"articleSection\":[\"NACIONALES\"],\"inLanguage\":\"es\"},{\"@type\":\"WebPage\",\"@id\":\"https:\\\/\\\/canal7slp.tv\\\/2025\\\/confirman-segundo-caso-de-gusano-barrenador-en-mexico\\\/\",\"url\":\"https:\\\/\\\/canal7slp.tv\\\/2025\\\/confirman-segundo-caso-de-gusano-barrenador-en-mexico\\\/\",\"name\":\"Confirman segundo caso de gusano barrenador en M\u00e9xico - Canal 7 SLP - 2025\",\"isPartOf\":{\"@id\":\"https:\\\/\\\/canal7slp.tv\\\/2025\\\/#website\"},\"primaryImageOfPage\":{\"@id\":\"https:\\\/\\\/canal7slp.tv\\\/2025\\\/confirman-segundo-caso-de-gusano-barrenador-en-mexico\\\/#primaryimage\"},\"image\":{\"@id\":\"https:\\\/\\\/canal7slp.tv\\\/2025\\\/confirman-segundo-caso-de-gusano-barrenador-en-mexico\\\/#primaryimage\"},\"thumbnailUrl\":\"https:\\\/\\\/canal7slp.tv\\\/2025\\\/wp-content\\\/uploads\\\/2025\\\/05\\\/06-8.jpg\",\"datePublished\":\"2025-05-09T20:46:11+00:00\",\"breadcrumb\":{\"@id\":\"https:\\\/\\\/canal7slp.tv\\\/2025\\\/confirman-segundo-caso-de-gusano-barrenador-en-mexico\\\/#breadcrumb\"},\"inLanguage\":\"es\",\"potentialAction\":[{\"@type\":\"ReadAction\",\"target\":[\"https:\\\/\\\/canal7slp.tv\\\/2025\\\/confirman-segundo-caso-de-gusano-barrenador-en-mexico\\\/\"]}]},{\"@type\":\"ImageObject\",\"inLanguage\":\"es\",\"@id\":\"https:\\\/\\\/canal7slp.tv\\\/2025\\\/confirman-segundo-caso-de-gusano-barrenador-en-mexico\\\/#primaryimage\",\"url\":\"https:\\\/\\\/canal7slp.tv\\\/2025\\\/wp-content\\\/uploads\\\/2025\\\/05\\\/06-8.jpg\",\"contentUrl\":\"https:\\\/\\\/canal7slp.tv\\\/2025\\\/wp-content\\\/uploads\\\/2025\\\/05\\\/06-8.jpg\",\"width\":810,\"height\":500},{\"@type\":\"BreadcrumbList\",\"@id\":\"https:\\\/\\\/canal7slp.tv\\\/2025\\\/confirman-segundo-caso-de-gusano-barrenador-en-mexico\\\/#breadcrumb\",\"itemListElement\":[{\"@type\":\"ListItem\",\"position\":1,\"name\":\"Portada\",\"item\":\"https:\\\/\\\/canal7slp.tv\\\/2025\\\/\"},{\"@type\":\"ListItem\",\"position\":2,\"name\":\"Confirman segundo caso de gusano barrenador en M\u00e9xico\"}]},{\"@type\":\"WebSite\",\"@id\":\"https:\\\/\\\/canal7slp.tv\\\/2025\\\/#website\",\"url\":\"https:\\\/\\\/canal7slp.tv\\\/2025\\\/\",\"name\":\"N7 - Noticieros Canal 7\",\"description\":\"Somos el Medio\",\"publisher\":{\"@id\":\"https:\\\/\\\/canal7slp.tv\\\/2025\\\/#organization\"},\"potentialAction\":[{\"@type\":\"SearchAction\",\"target\":{\"@type\":\"EntryPoint\",\"urlTemplate\":\"https:\\\/\\\/canal7slp.tv\\\/2025\\\/?s={search_term_string}\"},\"query-input\":{\"@type\":\"PropertyValueSpecification\",\"valueRequired\":true,\"valueName\":\"search_term_string\"}}],\"inLanguage\":\"es\"},{\"@type\":\"Organization\",\"@id\":\"https:\\\/\\\/canal7slp.tv\\\/2025\\\/#organization\",\"name\":\"Noticieros Canal 7\",\"url\":\"https:\\\/\\\/canal7slp.tv\\\/2025\\\/\",\"logo\":{\"@type\":\"ImageObject\",\"inLanguage\":\"es\",\"@id\":\"https:\\\/\\\/canal7slp.tv\\\/2025\\\/#\\\/schema\\\/logo\\\/image\\\/\",\"url\":\"https:\\\/\\\/canal7slp.tv\\\/2025\\\/wp-content\\\/uploads\\\/2021\\\/01\\\/logo-noticieros@2x.png\",\"contentUrl\":\"https:\\\/\\\/canal7slp.tv\\\/2025\\\/wp-content\\\/uploads\\\/2021\\\/01\\\/logo-noticieros@2x.png\",\"width\":1017,\"height\":268,\"caption\":\"Noticieros Canal 7\"},\"image\":{\"@id\":\"https:\\\/\\\/canal7slp.tv\\\/2025\\\/#\\\/schema\\\/logo\\\/image\\\/\"},\"sameAs\":[\"https:\\\/\\\/www.facebook.com\\\/noticieroscanal7atencionciudadana\\\/\",\"https:\\\/\\\/x.com\\\/NOTICIEROS7\",\"https:\\\/\\\/www.instagram.com\\\/canal7_slp\",\"https:\\\/\\\/www.youtube.com\\\/channel\\\/UCliiYs-gP3JfJeqdPrNdd5A\"]},{\"@type\":\"Person\",\"@id\":\"https:\\\/\\\/canal7slp.tv\\\/2025\\\/#\\\/schema\\\/person\\\/271e2b60a96e7cc9d9ac296f4d7e414b\",\"name\":\"Edici\u00f3n Web\",\"image\":{\"@type\":\"ImageObject\",\"inLanguage\":\"es\",\"@id\":\"https:\\\/\\\/secure.gravatar.com\\\/avatar\\\/eee448fc3f7164808013b816ba91ac7e43bbe82a70bebac296f8bc6f0addaa1a?s=96&d=mm&r=g\",\"url\":\"https:\\\/\\\/secure.gravatar.com\\\/avatar\\\/eee448fc3f7164808013b816ba91ac7e43bbe82a70bebac296f8bc6f0addaa1a?s=96&d=mm&r=g\",\"contentUrl\":\"https:\\\/\\\/secure.gravatar.com\\\/avatar\\\/eee448fc3f7164808013b816ba91ac7e43bbe82a70bebac296f8bc6f0addaa1a?s=96&d=mm&r=g\",\"caption\":\"Edici\u00f3n Web\"},\"url\":\"https:\\\/\\\/canal7slp.tv\\\/2025\\\/author\\\/edicionweb\\\/\"}]}<\/script>\n<!-- \/ Yoast SEO plugin. -->","yoast_head_json":{"title":"Confirman segundo caso de gusano barrenador en M\u00e9xico - Canal 7 SLP - 2025","robots":{"index":"index","follow":"follow","max-snippet":"max-snippet:-1","max-image-preview":"max-image-preview:large","max-video-preview":"max-video-preview:-1"},"canonical":"https:\/\/canal7slp.tv\/2025\/confirman-segundo-caso-de-gusano-barrenador-en-mexico\/","og_locale":"es_ES","og_type":"article","og_title":"Confirman segundo caso de gusano barrenador en M\u00e9xico - Canal 7 SLP - 2025","og_description":"SSa lanza alerta sanitaria. M\u00e9xico.- La Secretar\u00eda de Salud (SSa) ha confirmado el segundo caso de miasis en M\u00e9xico, provocado por el Cochliomyia hominivorax, conocido como gusano barrenador. El afectado es un hombre de 50 a\u00f1os, residente de Tuzant\u00e1n, Chiapas, que trabaja como campesino. Este individuo comenz\u00f3 a experimentar s\u00edntomas como enrojecimiento, dolor intenso, fiebre y la presencia de larvas despu\u00e9s de ser mordido por un perro. El paciente busc\u00f3 atenci\u00f3n en los servicios de salud municipales y fue referido al Centro de Salud de Huixtla, donde se le extrajeron seis larvas. Posteriormente, fue trasladado al Hospital General de Huixtla, [&hellip;]","og_url":"https:\/\/canal7slp.tv\/2025\/confirman-segundo-caso-de-gusano-barrenador-en-mexico\/","og_site_name":"Canal 7 SLP - 2025","article_publisher":"https:\/\/www.facebook.com\/noticieroscanal7atencionciudadana\/","article_published_time":"2025-05-09T20:46:11+00:00","og_image":[{"width":810,"height":500,"url":"https:\/\/canal7slp.tv\/2025\/wp-content\/uploads\/2025\/05\/06-8.jpg","type":"image\/jpeg"}],"author":"Edici\u00f3n Web","twitter_card":"summary_large_image","twitter_creator":"@NOTICIEROS7","twitter_site":"@NOTICIEROS7","twitter_misc":{"Escrito por":"Edici\u00f3n Web","Tiempo de lectura":"2 minutos"},"schema":{"@context":"https:\/\/schema.org","@graph":[{"@type":"Article","@id":"https:\/\/canal7slp.tv\/2025\/confirman-segundo-caso-de-gusano-barrenador-en-mexico\/#article","isPartOf":{"@id":"https:\/\/canal7slp.tv\/2025\/confirman-segundo-caso-de-gusano-barrenador-en-mexico\/"},"author":{"name":"Edici\u00f3n Web","@id":"https:\/\/canal7slp.tv\/2025\/#\/schema\/person\/271e2b60a96e7cc9d9ac296f4d7e414b"},"headline":"Confirman segundo caso de gusano barrenador en M\u00e9xico","datePublished":"2025-05-09T20:46:11+00:00","mainEntityOfPage":{"@id":"https:\/\/canal7slp.tv\/2025\/confirman-segundo-caso-de-gusano-barrenador-en-mexico\/"},"wordCount":235,"publisher":{"@id":"https:\/\/canal7slp.tv\/2025\/#organization"},"image":{"@id":"https:\/\/canal7slp.tv\/2025\/confirman-segundo-caso-de-gusano-barrenador-en-mexico\/#primaryimage"},"thumbnailUrl":"https:\/\/canal7slp.tv\/2025\/wp-content\/uploads\/2025\/05\/06-8.jpg","articleSection":["NACIONALES"],"inLanguage":"es"},{"@type":"WebPage","@id":"https:\/\/canal7slp.tv\/2025\/confirman-segundo-caso-de-gusano-barrenador-en-mexico\/","url":"https:\/\/canal7slp.tv\/2025\/confirman-segundo-caso-de-gusano-barrenador-en-mexico\/","name":"Confirman segundo caso de gusano barrenador en M\u00e9xico - Canal 7 SLP - 2025","isPartOf":{"@id":"https:\/\/canal7slp.tv\/2025\/#website"},"primaryImageOfPage":{"@id":"https:\/\/canal7slp.tv\/2025\/confirman-segundo-caso-de-gusano-barrenador-en-mexico\/#primaryimage"},"image":{"@id":"https:\/\/canal7slp.tv\/2025\/confirman-segundo-caso-de-gusano-barrenador-en-mexico\/#primaryimage"},"thumbnailUrl":"https:\/\/canal7slp.tv\/2025\/wp-content\/uploads\/2025\/05\/06-8.jpg","datePublished":"2025-05-09T20:46:11+00:00","breadcrumb":{"@id":"https:\/\/canal7slp.tv\/2025\/confirman-segundo-caso-de-gusano-barrenador-en-mexico\/#breadcrumb"},"inLanguage":"es","potentialAction":[{"@type":"ReadAction","target":["https:\/\/canal7slp.tv\/2025\/confirman-segundo-caso-de-gusano-barrenador-en-mexico\/"]}]},{"@type":"ImageObject","inLanguage":"es","@id":"https:\/\/canal7slp.tv\/2025\/confirman-segundo-caso-de-gusano-barrenador-en-mexico\/#primaryimage","url":"https:\/\/canal7slp.tv\/2025\/wp-content\/uploads\/2025\/05\/06-8.jpg","contentUrl":"https:\/\/canal7slp.tv\/2025\/wp-content\/uploads\/2025\/05\/06-8.jpg","width":810,"height":500},{"@type":"BreadcrumbList","@id":"https:\/\/canal7slp.tv\/2025\/confirman-segundo-caso-de-gusano-barrenador-en-mexico\/#breadcrumb","itemListElement":[{"@type":"ListItem","position":1,"name":"Portada","item":"https:\/\/canal7slp.tv\/2025\/"},{"@type":"ListItem","position":2,"name":"Confirman segundo caso de gusano barrenador en M\u00e9xico"}]},{"@type":"WebSite","@id":"https:\/\/canal7slp.tv\/2025\/#website","url":"https:\/\/canal7slp.tv\/2025\/","name":"N7 - Noticieros Canal 7","description":"Somos el Medio","publisher":{"@id":"https:\/\/canal7slp.tv\/2025\/#organization"},"potentialAction":[{"@type":"SearchAction","target":{"@type":"EntryPoint","urlTemplate":"https:\/\/canal7slp.tv\/2025\/?s={search_term_string}"},"query-input":{"@type":"PropertyValueSpecification","valueRequired":true,"valueName":"search_term_string"}}],"inLanguage":"es"},{"@type":"Organization","@id":"https:\/\/canal7slp.tv\/2025\/#organization","name":"Noticieros Canal 7","url":"https:\/\/canal7slp.tv\/2025\/","logo":{"@type":"ImageObject","inLanguage":"es","@id":"https:\/\/canal7slp.tv\/2025\/#\/schema\/logo\/image\/","url":"https:\/\/canal7slp.tv\/2025\/wp-content\/uploads\/2021\/01\/logo-noticieros@2x.png","contentUrl":"https:\/\/canal7slp.tv\/2025\/wp-content\/uploads\/2021\/01\/logo-noticieros@2x.png","width":1017,"height":268,"caption":"Noticieros Canal 7"},"image":{"@id":"https:\/\/canal7slp.tv\/2025\/#\/schema\/logo\/image\/"},"sameAs":["https:\/\/www.facebook.com\/noticieroscanal7atencionciudadana\/","https:\/\/x.com\/NOTICIEROS7","https:\/\/www.instagram.com\/canal7_slp","https:\/\/www.youtube.com\/channel\/UCliiYs-gP3JfJeqdPrNdd5A"]},{"@type":"Person","@id":"https:\/\/canal7slp.tv\/2025\/#\/schema\/person\/271e2b60a96e7cc9d9ac296f4d7e414b","name":"Edici\u00f3n Web","image":{"@type":"ImageObject","inLanguage":"es","@id":"https:\/\/secure.gravatar.com\/avatar\/eee448fc3f7164808013b816ba91ac7e43bbe82a70bebac296f8bc6f0addaa1a?s=96&d=mm&r=g","url":"https:\/\/secure.gravatar.com\/avatar\/eee448fc3f7164808013b816ba91ac7e43bbe82a70bebac296f8bc6f0addaa1a?s=96&d=mm&r=g","contentUrl":"https:\/\/secure.gravatar.com\/avatar\/eee448fc3f7164808013b816ba91ac7e43bbe82a70bebac296f8bc6f0addaa1a?s=96&d=mm&r=g","caption":"Edici\u00f3n Web"},"url":"https:\/\/canal7slp.tv\/2025\/author\/edicionweb\/"}]}},"_links":{"self":[{"href":"https:\/\/canal7slp.tv\/2025\/wp-json\/wp\/v2\/posts\/165707","targetHints":{"allow":["GET"]}}],"collection":[{"href":"https:\/\/canal7slp.tv\/2025\/wp-json\/wp\/v2\/posts"}],"about":[{"href":"https:\/\/canal7slp.tv\/2025\/wp-json\/wp\/v2\/types\/post"}],"author":[{"embeddable":true,"href":"https:\/\/canal7slp.tv\/2025\/wp-json\/wp\/v2\/users\/2"}],"replies":[{"embeddable":true,"href":"https:\/\/canal7slp.tv\/2025\/wp-json\/wp\/v2\/comments?post=165707"}],"version-history":[{"count":1,"href":"https:\/\/canal7slp.tv\/2025\/wp-json\/wp\/v2\/posts\/165707\/revisions"}],"predecessor-version":[{"id":165709,"href":"https:\/\/canal7slp.tv\/2025\/wp-json\/wp\/v2\/posts\/165707\/revisions\/165709"}],"wp:featuredmedia":[{"embeddable":true,"href":"https:\/\/canal7slp.tv\/2025\/wp-json\/wp\/v2\/media\/165708"}],"wp:attachment":[{"href":"https:\/\/canal7slp.tv\/2025\/wp-json\/wp\/v2\/media?parent=165707"}],"wp:term":[{"taxonomy":"category","embeddable":true,"href":"https:\/\/canal7slp.tv\/2025\/wp-json\/wp\/v2\/categories?post=165707"},{"taxonomy":"post_tag","embeddable":true,"href":"https:\/\/canal7slp.tv\/2025\/wp-json\/wp\/v2\/tags?post=165707"}],"curies":[{"name":"wp","href":"https:\/\/api.w.org\/{rel}","templated":true}]}}