{"id":165573,"date":"2025-05-08T14:02:01","date_gmt":"2025-05-08T20:02:01","guid":{"rendered":"https:\/\/canal7slp.tv\/2025\/?p=165573"},"modified":"2025-05-08T14:02:01","modified_gmt":"2025-05-08T20:02:01","slug":"gran-actuacion-de-karatecas-potosinos-en-la-serie-mx-en-guanajuato","status":"publish","type":"post","link":"https:\/\/canal7slp.tv\/2025\/gran-actuacion-de-karatecas-potosinos-en-la-serie-mx-en-guanajuato\/","title":{"rendered":"Gran actuaci\u00f3n de karatecas potosinos en la Serie MX en Guanajuato"},"content":{"rendered":"<p style=\"text-align: justify;\">\n<p style=\"text-align: justify;\">\n<p style=\"text-align: justify;\">SLP.- La selecci\u00f3n de Karate de San Luis Potos\u00ed, obtuvo los primeros lugares del medallero de cintas negras y grados Kyu en la Serie MX que se celebr\u00f3 en Guanajuato.<\/p>\n<p style=\"text-align: justify;\">\n<p style=\"text-align: justify;\">San Luis Potos\u00ed se posicion\u00f3 en el primer lugar en las cintas negras, con 12 medallas de oro, tres de plata y cuatro de bronce, dejando en el segundo lugar a Jalisco con 11 doradas.<\/p>\n<p style=\"text-align: justify;\">\n<p style=\"text-align: justify;\">En grados Kyu, los potosinos obtuvieron 13 medallas de oro, 11 de plata y 11 de bronce; el primer lugar fue Jalisco con 17 doradas.<\/p>\n","protected":false},"excerpt":{"rendered":"<p>SLP.- La selecci\u00f3n de Karate de San Luis Potos\u00ed, obtuvo los primeros lugares del medallero de cintas negras y grados Kyu en la Serie MX que se celebr\u00f3 en Guanajuato. San Luis Potos\u00ed se posicion\u00f3 en el primer lugar en las cintas negras, con 12 medallas de oro, tres de plata y cuatro de bronce, dejando en el segundo lugar a Jalisco con 11 doradas. En grados Kyu, los potosinos obtuvieron 13 medallas de oro, 11 de plata y 11 de bronce; el primer lugar fue Jalisco con 17 doradas.<\/p>\n","protected":false},"author":2,"featured_media":165575,"comment_status":"closed","ping_status":"closed","sticky":false,"template":"","format":"video","meta":{"_monsterinsights_skip_tracking":false,"_monsterinsights_sitenote_active":false,"_monsterinsights_sitenote_note":"","_monsterinsights_sitenote_category":0,"footnotes":""},"categories":[5,41],"tags":[],"class_list":["post-165573","post","type-post","status-publish","format-video","has-post-thumbnail","hentry","category-destacadas","category-entrevistas","post_format-post-format-video","post--single"],"yoast_head":"<!-- This site is optimized with the Yoast SEO plugin v27.5 - https:\/\/yoast.com\/product\/yoast-seo-wordpress\/ -->\n<title>Gran actuaci\u00f3n de karatecas potosinos en la Serie MX en Guanajuato - Canal 7 SLP - 2025<\/title>\n<meta name=\"robots\" content=\"index, follow, max-snippet:-1, max-image-preview:large, max-video-preview:-1\" \/>\n<link rel=\"canonical\" href=\"https:\/\/canal7slp.tv\/2025\/gran-actuacion-de-karatecas-potosinos-en-la-serie-mx-en-guanajuato\/\" \/>\n<meta property=\"og:locale\" content=\"es_ES\" \/>\n<meta property=\"og:type\" content=\"article\" \/>\n<meta property=\"og:title\" content=\"Gran actuaci\u00f3n de karatecas potosinos en la Serie MX en Guanajuato - Canal 7 SLP - 2025\" \/>\n<meta property=\"og:description\" content=\"SLP.- La selecci\u00f3n de Karate de San Luis Potos\u00ed, obtuvo los primeros lugares del medallero de cintas negras y grados Kyu en la Serie MX que se celebr\u00f3 en Guanajuato. San Luis Potos\u00ed se posicion\u00f3 en el primer lugar en las cintas negras, con 12 medallas de oro, tres de plata y cuatro de bronce, dejando en el segundo lugar a Jalisco con 11 doradas. En grados Kyu, los potosinos obtuvieron 13 medallas de oro, 11 de plata y 11 de bronce; el primer lugar fue Jalisco con 17 doradas.\" \/>\n<meta property=\"og:url\" content=\"https:\/\/canal7slp.tv\/2025\/gran-actuacion-de-karatecas-potosinos-en-la-serie-mx-en-guanajuato\/\" \/>\n<meta property=\"og:site_name\" content=\"Canal 7 SLP - 2025\" \/>\n<meta property=\"article:publisher\" content=\"https:\/\/www.facebook.com\/noticieroscanal7atencionciudadana\/\" \/>\n<meta property=\"article:published_time\" content=\"2025-05-08T20:02:01+00:00\" \/>\n<meta property=\"og:image\" content=\"https:\/\/canal7slp.tv\/2025\/wp-content\/uploads\/2025\/05\/Froi01Karate.jpg\" \/>\n\t<meta property=\"og:image:width\" content=\"1280\" \/>\n\t<meta property=\"og:image:height\" content=\"720\" \/>\n\t<meta property=\"og:image:type\" content=\"image\/jpeg\" \/>\n<meta name=\"author\" content=\"Edici\u00f3n Web\" \/>\n<meta name=\"twitter:card\" content=\"summary_large_image\" \/>\n<meta name=\"twitter:creator\" content=\"@NOTICIEROS7\" \/>\n<meta name=\"twitter:site\" content=\"@NOTICIEROS7\" \/>\n<meta name=\"twitter:label1\" content=\"Escrito por\" \/>\n\t<meta name=\"twitter:data1\" content=\"Edici\u00f3n Web\" \/>\n\t<meta name=\"twitter:label2\" content=\"Tiempo de lectura\" \/>\n\t<meta name=\"twitter:data2\" content=\"1 minuto\" \/>\n<script type=\"application\/ld+json\" class=\"yoast-schema-graph\">{\"@context\":\"https:\\\/\\\/schema.org\",\"@graph\":[{\"@type\":\"Article\",\"@id\":\"https:\\\/\\\/canal7slp.tv\\\/2025\\\/gran-actuacion-de-karatecas-potosinos-en-la-serie-mx-en-guanajuato\\\/#article\",\"isPartOf\":{\"@id\":\"https:\\\/\\\/canal7slp.tv\\\/2025\\\/gran-actuacion-de-karatecas-potosinos-en-la-serie-mx-en-guanajuato\\\/\"},\"author\":{\"name\":\"Edici\u00f3n Web\",\"@id\":\"https:\\\/\\\/canal7slp.tv\\\/2025\\\/#\\\/schema\\\/person\\\/271e2b60a96e7cc9d9ac296f4d7e414b\"},\"headline\":\"Gran actuaci\u00f3n de karatecas potosinos en la Serie MX en Guanajuato\",\"datePublished\":\"2025-05-08T20:02:01+00:00\",\"mainEntityOfPage\":{\"@id\":\"https:\\\/\\\/canal7slp.tv\\\/2025\\\/gran-actuacion-de-karatecas-potosinos-en-la-serie-mx-en-guanajuato\\\/\"},\"wordCount\":98,\"publisher\":{\"@id\":\"https:\\\/\\\/canal7slp.tv\\\/2025\\\/#organization\"},\"image\":{\"@id\":\"https:\\\/\\\/canal7slp.tv\\\/2025\\\/gran-actuacion-de-karatecas-potosinos-en-la-serie-mx-en-guanajuato\\\/#primaryimage\"},\"thumbnailUrl\":\"https:\\\/\\\/canal7slp.tv\\\/2025\\\/wp-content\\\/uploads\\\/2025\\\/05\\\/Froi01Karate.jpg\",\"articleSection\":[\"DESTACADAS\",\"ENTREVISTAS\"],\"inLanguage\":\"es\"},{\"@type\":\"WebPage\",\"@id\":\"https:\\\/\\\/canal7slp.tv\\\/2025\\\/gran-actuacion-de-karatecas-potosinos-en-la-serie-mx-en-guanajuato\\\/\",\"url\":\"https:\\\/\\\/canal7slp.tv\\\/2025\\\/gran-actuacion-de-karatecas-potosinos-en-la-serie-mx-en-guanajuato\\\/\",\"name\":\"Gran actuaci\u00f3n de karatecas potosinos en la Serie MX en Guanajuato - Canal 7 SLP - 2025\",\"isPartOf\":{\"@id\":\"https:\\\/\\\/canal7slp.tv\\\/2025\\\/#website\"},\"primaryImageOfPage\":{\"@id\":\"https:\\\/\\\/canal7slp.tv\\\/2025\\\/gran-actuacion-de-karatecas-potosinos-en-la-serie-mx-en-guanajuato\\\/#primaryimage\"},\"image\":{\"@id\":\"https:\\\/\\\/canal7slp.tv\\\/2025\\\/gran-actuacion-de-karatecas-potosinos-en-la-serie-mx-en-guanajuato\\\/#primaryimage\"},\"thumbnailUrl\":\"https:\\\/\\\/canal7slp.tv\\\/2025\\\/wp-content\\\/uploads\\\/2025\\\/05\\\/Froi01Karate.jpg\",\"datePublished\":\"2025-05-08T20:02:01+00:00\",\"breadcrumb\":{\"@id\":\"https:\\\/\\\/canal7slp.tv\\\/2025\\\/gran-actuacion-de-karatecas-potosinos-en-la-serie-mx-en-guanajuato\\\/#breadcrumb\"},\"inLanguage\":\"es\",\"potentialAction\":[{\"@type\":\"ReadAction\",\"target\":[\"https:\\\/\\\/canal7slp.tv\\\/2025\\\/gran-actuacion-de-karatecas-potosinos-en-la-serie-mx-en-guanajuato\\\/\"]}]},{\"@type\":\"ImageObject\",\"inLanguage\":\"es\",\"@id\":\"https:\\\/\\\/canal7slp.tv\\\/2025\\\/gran-actuacion-de-karatecas-potosinos-en-la-serie-mx-en-guanajuato\\\/#primaryimage\",\"url\":\"https:\\\/\\\/canal7slp.tv\\\/2025\\\/wp-content\\\/uploads\\\/2025\\\/05\\\/Froi01Karate.jpg\",\"contentUrl\":\"https:\\\/\\\/canal7slp.tv\\\/2025\\\/wp-content\\\/uploads\\\/2025\\\/05\\\/Froi01Karate.jpg\",\"width\":1280,\"height\":720},{\"@type\":\"BreadcrumbList\",\"@id\":\"https:\\\/\\\/canal7slp.tv\\\/2025\\\/gran-actuacion-de-karatecas-potosinos-en-la-serie-mx-en-guanajuato\\\/#breadcrumb\",\"itemListElement\":[{\"@type\":\"ListItem\",\"position\":1,\"name\":\"Portada\",\"item\":\"https:\\\/\\\/canal7slp.tv\\\/2025\\\/\"},{\"@type\":\"ListItem\",\"position\":2,\"name\":\"Gran actuaci\u00f3n de karatecas potosinos en la Serie MX en Guanajuato\"}]},{\"@type\":\"WebSite\",\"@id\":\"https:\\\/\\\/canal7slp.tv\\\/2025\\\/#website\",\"url\":\"https:\\\/\\\/canal7slp.tv\\\/2025\\\/\",\"name\":\"N7 - Noticieros Canal 7\",\"description\":\"Somos el Medio\",\"publisher\":{\"@id\":\"https:\\\/\\\/canal7slp.tv\\\/2025\\\/#organization\"},\"potentialAction\":[{\"@type\":\"SearchAction\",\"target\":{\"@type\":\"EntryPoint\",\"urlTemplate\":\"https:\\\/\\\/canal7slp.tv\\\/2025\\\/?s={search_term_string}\"},\"query-input\":{\"@type\":\"PropertyValueSpecification\",\"valueRequired\":true,\"valueName\":\"search_term_string\"}}],\"inLanguage\":\"es\"},{\"@type\":\"Organization\",\"@id\":\"https:\\\/\\\/canal7slp.tv\\\/2025\\\/#organization\",\"name\":\"Noticieros Canal 7\",\"url\":\"https:\\\/\\\/canal7slp.tv\\\/2025\\\/\",\"logo\":{\"@type\":\"ImageObject\",\"inLanguage\":\"es\",\"@id\":\"https:\\\/\\\/canal7slp.tv\\\/2025\\\/#\\\/schema\\\/logo\\\/image\\\/\",\"url\":\"https:\\\/\\\/canal7slp.tv\\\/2025\\\/wp-content\\\/uploads\\\/2021\\\/01\\\/logo-noticieros@2x.png\",\"contentUrl\":\"https:\\\/\\\/canal7slp.tv\\\/2025\\\/wp-content\\\/uploads\\\/2021\\\/01\\\/logo-noticieros@2x.png\",\"width\":1017,\"height\":268,\"caption\":\"Noticieros Canal 7\"},\"image\":{\"@id\":\"https:\\\/\\\/canal7slp.tv\\\/2025\\\/#\\\/schema\\\/logo\\\/image\\\/\"},\"sameAs\":[\"https:\\\/\\\/www.facebook.com\\\/noticieroscanal7atencionciudadana\\\/\",\"https:\\\/\\\/x.com\\\/NOTICIEROS7\",\"https:\\\/\\\/www.instagram.com\\\/canal7_slp\",\"https:\\\/\\\/www.youtube.com\\\/channel\\\/UCliiYs-gP3JfJeqdPrNdd5A\"]},{\"@type\":\"Person\",\"@id\":\"https:\\\/\\\/canal7slp.tv\\\/2025\\\/#\\\/schema\\\/person\\\/271e2b60a96e7cc9d9ac296f4d7e414b\",\"name\":\"Edici\u00f3n Web\",\"image\":{\"@type\":\"ImageObject\",\"inLanguage\":\"es\",\"@id\":\"https:\\\/\\\/secure.gravatar.com\\\/avatar\\\/eee448fc3f7164808013b816ba91ac7e43bbe82a70bebac296f8bc6f0addaa1a?s=96&d=mm&r=g\",\"url\":\"https:\\\/\\\/secure.gravatar.com\\\/avatar\\\/eee448fc3f7164808013b816ba91ac7e43bbe82a70bebac296f8bc6f0addaa1a?s=96&d=mm&r=g\",\"contentUrl\":\"https:\\\/\\\/secure.gravatar.com\\\/avatar\\\/eee448fc3f7164808013b816ba91ac7e43bbe82a70bebac296f8bc6f0addaa1a?s=96&d=mm&r=g\",\"caption\":\"Edici\u00f3n Web\"},\"url\":\"https:\\\/\\\/canal7slp.tv\\\/2025\\\/author\\\/edicionweb\\\/\"}]}<\/script>\n<!-- \/ Yoast SEO plugin. -->","yoast_head_json":{"title":"Gran actuaci\u00f3n de karatecas potosinos en la Serie MX en Guanajuato - Canal 7 SLP - 2025","robots":{"index":"index","follow":"follow","max-snippet":"max-snippet:-1","max-image-preview":"max-image-preview:large","max-video-preview":"max-video-preview:-1"},"canonical":"https:\/\/canal7slp.tv\/2025\/gran-actuacion-de-karatecas-potosinos-en-la-serie-mx-en-guanajuato\/","og_locale":"es_ES","og_type":"article","og_title":"Gran actuaci\u00f3n de karatecas potosinos en la Serie MX en Guanajuato - Canal 7 SLP - 2025","og_description":"SLP.- La selecci\u00f3n de Karate de San Luis Potos\u00ed, obtuvo los primeros lugares del medallero de cintas negras y grados Kyu en la Serie MX que se celebr\u00f3 en Guanajuato. San Luis Potos\u00ed se posicion\u00f3 en el primer lugar en las cintas negras, con 12 medallas de oro, tres de plata y cuatro de bronce, dejando en el segundo lugar a Jalisco con 11 doradas. En grados Kyu, los potosinos obtuvieron 13 medallas de oro, 11 de plata y 11 de bronce; el primer lugar fue Jalisco con 17 doradas.","og_url":"https:\/\/canal7slp.tv\/2025\/gran-actuacion-de-karatecas-potosinos-en-la-serie-mx-en-guanajuato\/","og_site_name":"Canal 7 SLP - 2025","article_publisher":"https:\/\/www.facebook.com\/noticieroscanal7atencionciudadana\/","article_published_time":"2025-05-08T20:02:01+00:00","og_image":[{"width":1280,"height":720,"url":"https:\/\/canal7slp.tv\/2025\/wp-content\/uploads\/2025\/05\/Froi01Karate.jpg","type":"image\/jpeg"}],"author":"Edici\u00f3n Web","twitter_card":"summary_large_image","twitter_creator":"@NOTICIEROS7","twitter_site":"@NOTICIEROS7","twitter_misc":{"Escrito por":"Edici\u00f3n Web","Tiempo de lectura":"1 minuto"},"schema":{"@context":"https:\/\/schema.org","@graph":[{"@type":"Article","@id":"https:\/\/canal7slp.tv\/2025\/gran-actuacion-de-karatecas-potosinos-en-la-serie-mx-en-guanajuato\/#article","isPartOf":{"@id":"https:\/\/canal7slp.tv\/2025\/gran-actuacion-de-karatecas-potosinos-en-la-serie-mx-en-guanajuato\/"},"author":{"name":"Edici\u00f3n Web","@id":"https:\/\/canal7slp.tv\/2025\/#\/schema\/person\/271e2b60a96e7cc9d9ac296f4d7e414b"},"headline":"Gran actuaci\u00f3n de karatecas potosinos en la Serie MX en Guanajuato","datePublished":"2025-05-08T20:02:01+00:00","mainEntityOfPage":{"@id":"https:\/\/canal7slp.tv\/2025\/gran-actuacion-de-karatecas-potosinos-en-la-serie-mx-en-guanajuato\/"},"wordCount":98,"publisher":{"@id":"https:\/\/canal7slp.tv\/2025\/#organization"},"image":{"@id":"https:\/\/canal7slp.tv\/2025\/gran-actuacion-de-karatecas-potosinos-en-la-serie-mx-en-guanajuato\/#primaryimage"},"thumbnailUrl":"https:\/\/canal7slp.tv\/2025\/wp-content\/uploads\/2025\/05\/Froi01Karate.jpg","articleSection":["DESTACADAS","ENTREVISTAS"],"inLanguage":"es"},{"@type":"WebPage","@id":"https:\/\/canal7slp.tv\/2025\/gran-actuacion-de-karatecas-potosinos-en-la-serie-mx-en-guanajuato\/","url":"https:\/\/canal7slp.tv\/2025\/gran-actuacion-de-karatecas-potosinos-en-la-serie-mx-en-guanajuato\/","name":"Gran actuaci\u00f3n de karatecas potosinos en la Serie MX en Guanajuato - Canal 7 SLP - 2025","isPartOf":{"@id":"https:\/\/canal7slp.tv\/2025\/#website"},"primaryImageOfPage":{"@id":"https:\/\/canal7slp.tv\/2025\/gran-actuacion-de-karatecas-potosinos-en-la-serie-mx-en-guanajuato\/#primaryimage"},"image":{"@id":"https:\/\/canal7slp.tv\/2025\/gran-actuacion-de-karatecas-potosinos-en-la-serie-mx-en-guanajuato\/#primaryimage"},"thumbnailUrl":"https:\/\/canal7slp.tv\/2025\/wp-content\/uploads\/2025\/05\/Froi01Karate.jpg","datePublished":"2025-05-08T20:02:01+00:00","breadcrumb":{"@id":"https:\/\/canal7slp.tv\/2025\/gran-actuacion-de-karatecas-potosinos-en-la-serie-mx-en-guanajuato\/#breadcrumb"},"inLanguage":"es","potentialAction":[{"@type":"ReadAction","target":["https:\/\/canal7slp.tv\/2025\/gran-actuacion-de-karatecas-potosinos-en-la-serie-mx-en-guanajuato\/"]}]},{"@type":"ImageObject","inLanguage":"es","@id":"https:\/\/canal7slp.tv\/2025\/gran-actuacion-de-karatecas-potosinos-en-la-serie-mx-en-guanajuato\/#primaryimage","url":"https:\/\/canal7slp.tv\/2025\/wp-content\/uploads\/2025\/05\/Froi01Karate.jpg","contentUrl":"https:\/\/canal7slp.tv\/2025\/wp-content\/uploads\/2025\/05\/Froi01Karate.jpg","width":1280,"height":720},{"@type":"BreadcrumbList","@id":"https:\/\/canal7slp.tv\/2025\/gran-actuacion-de-karatecas-potosinos-en-la-serie-mx-en-guanajuato\/#breadcrumb","itemListElement":[{"@type":"ListItem","position":1,"name":"Portada","item":"https:\/\/canal7slp.tv\/2025\/"},{"@type":"ListItem","position":2,"name":"Gran actuaci\u00f3n de karatecas potosinos en la Serie MX en Guanajuato"}]},{"@type":"WebSite","@id":"https:\/\/canal7slp.tv\/2025\/#website","url":"https:\/\/canal7slp.tv\/2025\/","name":"N7 - Noticieros Canal 7","description":"Somos el Medio","publisher":{"@id":"https:\/\/canal7slp.tv\/2025\/#organization"},"potentialAction":[{"@type":"SearchAction","target":{"@type":"EntryPoint","urlTemplate":"https:\/\/canal7slp.tv\/2025\/?s={search_term_string}"},"query-input":{"@type":"PropertyValueSpecification","valueRequired":true,"valueName":"search_term_string"}}],"inLanguage":"es"},{"@type":"Organization","@id":"https:\/\/canal7slp.tv\/2025\/#organization","name":"Noticieros Canal 7","url":"https:\/\/canal7slp.tv\/2025\/","logo":{"@type":"ImageObject","inLanguage":"es","@id":"https:\/\/canal7slp.tv\/2025\/#\/schema\/logo\/image\/","url":"https:\/\/canal7slp.tv\/2025\/wp-content\/uploads\/2021\/01\/logo-noticieros@2x.png","contentUrl":"https:\/\/canal7slp.tv\/2025\/wp-content\/uploads\/2021\/01\/logo-noticieros@2x.png","width":1017,"height":268,"caption":"Noticieros Canal 7"},"image":{"@id":"https:\/\/canal7slp.tv\/2025\/#\/schema\/logo\/image\/"},"sameAs":["https:\/\/www.facebook.com\/noticieroscanal7atencionciudadana\/","https:\/\/x.com\/NOTICIEROS7","https:\/\/www.instagram.com\/canal7_slp","https:\/\/www.youtube.com\/channel\/UCliiYs-gP3JfJeqdPrNdd5A"]},{"@type":"Person","@id":"https:\/\/canal7slp.tv\/2025\/#\/schema\/person\/271e2b60a96e7cc9d9ac296f4d7e414b","name":"Edici\u00f3n Web","image":{"@type":"ImageObject","inLanguage":"es","@id":"https:\/\/secure.gravatar.com\/avatar\/eee448fc3f7164808013b816ba91ac7e43bbe82a70bebac296f8bc6f0addaa1a?s=96&d=mm&r=g","url":"https:\/\/secure.gravatar.com\/avatar\/eee448fc3f7164808013b816ba91ac7e43bbe82a70bebac296f8bc6f0addaa1a?s=96&d=mm&r=g","contentUrl":"https:\/\/secure.gravatar.com\/avatar\/eee448fc3f7164808013b816ba91ac7e43bbe82a70bebac296f8bc6f0addaa1a?s=96&d=mm&r=g","caption":"Edici\u00f3n Web"},"url":"https:\/\/canal7slp.tv\/2025\/author\/edicionweb\/"}]}},"_links":{"self":[{"href":"https:\/\/canal7slp.tv\/2025\/wp-json\/wp\/v2\/posts\/165573","targetHints":{"allow":["GET"]}}],"collection":[{"href":"https:\/\/canal7slp.tv\/2025\/wp-json\/wp\/v2\/posts"}],"about":[{"href":"https:\/\/canal7slp.tv\/2025\/wp-json\/wp\/v2\/types\/post"}],"author":[{"embeddable":true,"href":"https:\/\/canal7slp.tv\/2025\/wp-json\/wp\/v2\/users\/2"}],"replies":[{"embeddable":true,"href":"https:\/\/canal7slp.tv\/2025\/wp-json\/wp\/v2\/comments?post=165573"}],"version-history":[{"count":1,"href":"https:\/\/canal7slp.tv\/2025\/wp-json\/wp\/v2\/posts\/165573\/revisions"}],"predecessor-version":[{"id":165576,"href":"https:\/\/canal7slp.tv\/2025\/wp-json\/wp\/v2\/posts\/165573\/revisions\/165576"}],"wp:featuredmedia":[{"embeddable":true,"href":"https:\/\/canal7slp.tv\/2025\/wp-json\/wp\/v2\/media\/165575"}],"wp:attachment":[{"href":"https:\/\/canal7slp.tv\/2025\/wp-json\/wp\/v2\/media?parent=165573"}],"wp:term":[{"taxonomy":"category","embeddable":true,"href":"https:\/\/canal7slp.tv\/2025\/wp-json\/wp\/v2\/categories?post=165573"},{"taxonomy":"post_tag","embeddable":true,"href":"https:\/\/canal7slp.tv\/2025\/wp-json\/wp\/v2\/tags?post=165573"}],"curies":[{"name":"wp","href":"https:\/\/api.w.org\/{rel}","templated":true}]}}