{"id":165364,"date":"2025-05-06T15:59:20","date_gmt":"2025-05-06T21:59:20","guid":{"rendered":"https:\/\/canal7slp.tv\/2025\/?p=165364"},"modified":"2025-05-06T15:59:20","modified_gmt":"2025-05-06T21:59:20","slug":"supremo-de-eua-avala-temporalmente-exclusion-de-personas-trans-del-ejercito","status":"publish","type":"post","link":"https:\/\/canal7slp.tv\/2025\/supremo-de-eua-avala-temporalmente-exclusion-de-personas-trans-del-ejercito\/","title":{"rendered":"Supremo de EUA avala temporalmente exclusi\u00f3n de personas trans del Ej\u00e9rcito"},"content":{"rendered":"<p style=\"text-align: justify;\">EUA.- El Tribunal Supremo de Estados Unidos autoriz\u00f3 este martes la aplicaci\u00f3n temporal de una orden ejecutiva del presidente Donald Trump que proh\u00edbe a las personas transg\u00e9nero servir en las fuerzas armadas, mientras el caso contin\u00faa su curso en una corte de apelaciones.<\/p>\n<p style=\"text-align: justify;\">La decisi\u00f3n se tom\u00f3 con el respaldo de la mayor\u00eda conservadora y el rechazo de tres jueces liberales.<\/p>\n<p style=\"text-align: justify;\">Trump, al regresar a la presidencia, reactiv\u00f3 esta pol\u00edtica al considerar que la presencia de personas trans en el ej\u00e9rcito es incompatible con los valores de disciplina y honor militar.<\/p>\n<p style=\"text-align: justify;\">En consecuencia, firm\u00f3 una orden que limita su participaci\u00f3n.<\/p>\n<p style=\"text-align: justify;\">El Pent\u00e1gono, para implementar la directriz, clasific\u00f3 la disforia de g\u00e9nero como una condici\u00f3n m\u00e9dica descalificante, lo que en la pr\u00e1ctica impide que muchas personas trans sean admitidas o contin\u00faen en servicio activo.<\/p>\n<p style=\"text-align: justify;\">El documento sostiene que el uso de pronombres diferentes al sexo asignado al nacer podr\u00eda afectar la cohesi\u00f3n y la preparaci\u00f3n operativa de las tropas.<\/p>\n<p style=\"text-align: justify;\">Aunque el Departamento de Defensa estima que solo el 0.2 % del personal militar es transg\u00e9nero, el tema ha generado amplias cr\u00edticas y litigios.<\/p>\n<p style=\"text-align: justify;\">En marzo, una jueza federal en el Distrito de Columbia bloque\u00f3 parcialmente la implementaci\u00f3n de la orden tras recibir una demanda de seis militares en activo y dos aspirantes, quienes argumentaron que la pol\u00edtica violaba sus derechos constitucionales.<\/p>\n<p style=\"text-align: justify;\">La decisi\u00f3n del Supremo no resuelve el fondo del caso, pero permite a la administraci\u00f3n implementar la medida de forma provisional mientras se resuelve en instancias inferiores.<\/p>\n","protected":false},"excerpt":{"rendered":"<p>EUA.- El Tribunal Supremo de Estados Unidos autoriz\u00f3 este martes la aplicaci\u00f3n temporal de una orden ejecutiva del presidente Donald Trump que proh\u00edbe a las personas transg\u00e9nero servir en las fuerzas armadas, mientras el caso contin\u00faa su curso en una corte de apelaciones. La decisi\u00f3n se tom\u00f3 con el respaldo de la mayor\u00eda conservadora y el rechazo de tres jueces liberales. Trump, al regresar a la presidencia, reactiv\u00f3 esta pol\u00edtica al considerar que la presencia de personas trans en el ej\u00e9rcito es incompatible con los valores de disciplina y honor militar. En consecuencia, firm\u00f3 una orden que limita su participaci\u00f3n. [&hellip;]<\/p>\n","protected":false},"author":2,"featured_media":165365,"comment_status":"closed","ping_status":"closed","sticky":false,"template":"","format":"standard","meta":{"_monsterinsights_skip_tracking":false,"_monsterinsights_sitenote_active":false,"_monsterinsights_sitenote_note":"","_monsterinsights_sitenote_category":0,"footnotes":""},"categories":[44],"tags":[],"class_list":["post-165364","post","type-post","status-publish","format-standard","has-post-thumbnail","hentry","category-internacional","post--single"],"yoast_head":"<!-- This site is optimized with the Yoast SEO plugin v27.5 - https:\/\/yoast.com\/product\/yoast-seo-wordpress\/ -->\n<title>Supremo de EUA avala temporalmente exclusi\u00f3n de personas trans del Ej\u00e9rcito - Canal 7 SLP - 2025<\/title>\n<meta name=\"robots\" content=\"index, follow, max-snippet:-1, max-image-preview:large, max-video-preview:-1\" \/>\n<link rel=\"canonical\" href=\"https:\/\/canal7slp.tv\/2025\/supremo-de-eua-avala-temporalmente-exclusion-de-personas-trans-del-ejercito\/\" \/>\n<meta property=\"og:locale\" content=\"es_ES\" \/>\n<meta property=\"og:type\" content=\"article\" \/>\n<meta property=\"og:title\" content=\"Supremo de EUA avala temporalmente exclusi\u00f3n de personas trans del Ej\u00e9rcito - Canal 7 SLP - 2025\" \/>\n<meta property=\"og:description\" content=\"EUA.- El Tribunal Supremo de Estados Unidos autoriz\u00f3 este martes la aplicaci\u00f3n temporal de una orden ejecutiva del presidente Donald Trump que proh\u00edbe a las personas transg\u00e9nero servir en las fuerzas armadas, mientras el caso contin\u00faa su curso en una corte de apelaciones. La decisi\u00f3n se tom\u00f3 con el respaldo de la mayor\u00eda conservadora y el rechazo de tres jueces liberales. Trump, al regresar a la presidencia, reactiv\u00f3 esta pol\u00edtica al considerar que la presencia de personas trans en el ej\u00e9rcito es incompatible con los valores de disciplina y honor militar. En consecuencia, firm\u00f3 una orden que limita su participaci\u00f3n. [&hellip;]\" \/>\n<meta property=\"og:url\" content=\"https:\/\/canal7slp.tv\/2025\/supremo-de-eua-avala-temporalmente-exclusion-de-personas-trans-del-ejercito\/\" \/>\n<meta property=\"og:site_name\" content=\"Canal 7 SLP - 2025\" \/>\n<meta property=\"article:publisher\" content=\"https:\/\/www.facebook.com\/noticieroscanal7atencionciudadana\/\" \/>\n<meta property=\"article:published_time\" content=\"2025-05-06T21:59:20+00:00\" \/>\n<meta property=\"og:image\" content=\"https:\/\/canal7slp.tv\/2025\/wp-content\/uploads\/2025\/05\/10-5.jpg\" \/>\n\t<meta property=\"og:image:width\" content=\"826\" \/>\n\t<meta property=\"og:image:height\" content=\"500\" \/>\n\t<meta property=\"og:image:type\" content=\"image\/jpeg\" \/>\n<meta name=\"author\" content=\"Edici\u00f3n Web\" \/>\n<meta name=\"twitter:card\" content=\"summary_large_image\" \/>\n<meta name=\"twitter:creator\" content=\"@NOTICIEROS7\" \/>\n<meta name=\"twitter:site\" content=\"@NOTICIEROS7\" \/>\n<meta name=\"twitter:label1\" content=\"Escrito por\" \/>\n\t<meta name=\"twitter:data1\" content=\"Edici\u00f3n Web\" \/>\n\t<meta name=\"twitter:label2\" content=\"Tiempo de lectura\" \/>\n\t<meta name=\"twitter:data2\" content=\"2 minutos\" \/>\n<script type=\"application\/ld+json\" class=\"yoast-schema-graph\">{\"@context\":\"https:\\\/\\\/schema.org\",\"@graph\":[{\"@type\":\"Article\",\"@id\":\"https:\\\/\\\/canal7slp.tv\\\/2025\\\/supremo-de-eua-avala-temporalmente-exclusion-de-personas-trans-del-ejercito\\\/#article\",\"isPartOf\":{\"@id\":\"https:\\\/\\\/canal7slp.tv\\\/2025\\\/supremo-de-eua-avala-temporalmente-exclusion-de-personas-trans-del-ejercito\\\/\"},\"author\":{\"name\":\"Edici\u00f3n Web\",\"@id\":\"https:\\\/\\\/canal7slp.tv\\\/2025\\\/#\\\/schema\\\/person\\\/271e2b60a96e7cc9d9ac296f4d7e414b\"},\"headline\":\"Supremo de EUA avala temporalmente exclusi\u00f3n de personas trans del Ej\u00e9rcito\",\"datePublished\":\"2025-05-06T21:59:20+00:00\",\"mainEntityOfPage\":{\"@id\":\"https:\\\/\\\/canal7slp.tv\\\/2025\\\/supremo-de-eua-avala-temporalmente-exclusion-de-personas-trans-del-ejercito\\\/\"},\"wordCount\":283,\"publisher\":{\"@id\":\"https:\\\/\\\/canal7slp.tv\\\/2025\\\/#organization\"},\"image\":{\"@id\":\"https:\\\/\\\/canal7slp.tv\\\/2025\\\/supremo-de-eua-avala-temporalmente-exclusion-de-personas-trans-del-ejercito\\\/#primaryimage\"},\"thumbnailUrl\":\"https:\\\/\\\/canal7slp.tv\\\/2025\\\/wp-content\\\/uploads\\\/2025\\\/05\\\/10-5.jpg\",\"articleSection\":[\"INTERNACIONALES\"],\"inLanguage\":\"es\"},{\"@type\":\"WebPage\",\"@id\":\"https:\\\/\\\/canal7slp.tv\\\/2025\\\/supremo-de-eua-avala-temporalmente-exclusion-de-personas-trans-del-ejercito\\\/\",\"url\":\"https:\\\/\\\/canal7slp.tv\\\/2025\\\/supremo-de-eua-avala-temporalmente-exclusion-de-personas-trans-del-ejercito\\\/\",\"name\":\"Supremo de EUA avala temporalmente exclusi\u00f3n de personas trans del Ej\u00e9rcito - Canal 7 SLP - 2025\",\"isPartOf\":{\"@id\":\"https:\\\/\\\/canal7slp.tv\\\/2025\\\/#website\"},\"primaryImageOfPage\":{\"@id\":\"https:\\\/\\\/canal7slp.tv\\\/2025\\\/supremo-de-eua-avala-temporalmente-exclusion-de-personas-trans-del-ejercito\\\/#primaryimage\"},\"image\":{\"@id\":\"https:\\\/\\\/canal7slp.tv\\\/2025\\\/supremo-de-eua-avala-temporalmente-exclusion-de-personas-trans-del-ejercito\\\/#primaryimage\"},\"thumbnailUrl\":\"https:\\\/\\\/canal7slp.tv\\\/2025\\\/wp-content\\\/uploads\\\/2025\\\/05\\\/10-5.jpg\",\"datePublished\":\"2025-05-06T21:59:20+00:00\",\"breadcrumb\":{\"@id\":\"https:\\\/\\\/canal7slp.tv\\\/2025\\\/supremo-de-eua-avala-temporalmente-exclusion-de-personas-trans-del-ejercito\\\/#breadcrumb\"},\"inLanguage\":\"es\",\"potentialAction\":[{\"@type\":\"ReadAction\",\"target\":[\"https:\\\/\\\/canal7slp.tv\\\/2025\\\/supremo-de-eua-avala-temporalmente-exclusion-de-personas-trans-del-ejercito\\\/\"]}]},{\"@type\":\"ImageObject\",\"inLanguage\":\"es\",\"@id\":\"https:\\\/\\\/canal7slp.tv\\\/2025\\\/supremo-de-eua-avala-temporalmente-exclusion-de-personas-trans-del-ejercito\\\/#primaryimage\",\"url\":\"https:\\\/\\\/canal7slp.tv\\\/2025\\\/wp-content\\\/uploads\\\/2025\\\/05\\\/10-5.jpg\",\"contentUrl\":\"https:\\\/\\\/canal7slp.tv\\\/2025\\\/wp-content\\\/uploads\\\/2025\\\/05\\\/10-5.jpg\",\"width\":826,\"height\":500},{\"@type\":\"BreadcrumbList\",\"@id\":\"https:\\\/\\\/canal7slp.tv\\\/2025\\\/supremo-de-eua-avala-temporalmente-exclusion-de-personas-trans-del-ejercito\\\/#breadcrumb\",\"itemListElement\":[{\"@type\":\"ListItem\",\"position\":1,\"name\":\"Portada\",\"item\":\"https:\\\/\\\/canal7slp.tv\\\/2025\\\/\"},{\"@type\":\"ListItem\",\"position\":2,\"name\":\"Supremo de EUA avala temporalmente exclusi\u00f3n de personas trans del Ej\u00e9rcito\"}]},{\"@type\":\"WebSite\",\"@id\":\"https:\\\/\\\/canal7slp.tv\\\/2025\\\/#website\",\"url\":\"https:\\\/\\\/canal7slp.tv\\\/2025\\\/\",\"name\":\"N7 - Noticieros Canal 7\",\"description\":\"Somos el Medio\",\"publisher\":{\"@id\":\"https:\\\/\\\/canal7slp.tv\\\/2025\\\/#organization\"},\"potentialAction\":[{\"@type\":\"SearchAction\",\"target\":{\"@type\":\"EntryPoint\",\"urlTemplate\":\"https:\\\/\\\/canal7slp.tv\\\/2025\\\/?s={search_term_string}\"},\"query-input\":{\"@type\":\"PropertyValueSpecification\",\"valueRequired\":true,\"valueName\":\"search_term_string\"}}],\"inLanguage\":\"es\"},{\"@type\":\"Organization\",\"@id\":\"https:\\\/\\\/canal7slp.tv\\\/2025\\\/#organization\",\"name\":\"Noticieros Canal 7\",\"url\":\"https:\\\/\\\/canal7slp.tv\\\/2025\\\/\",\"logo\":{\"@type\":\"ImageObject\",\"inLanguage\":\"es\",\"@id\":\"https:\\\/\\\/canal7slp.tv\\\/2025\\\/#\\\/schema\\\/logo\\\/image\\\/\",\"url\":\"https:\\\/\\\/canal7slp.tv\\\/2025\\\/wp-content\\\/uploads\\\/2021\\\/01\\\/logo-noticieros@2x.png\",\"contentUrl\":\"https:\\\/\\\/canal7slp.tv\\\/2025\\\/wp-content\\\/uploads\\\/2021\\\/01\\\/logo-noticieros@2x.png\",\"width\":1017,\"height\":268,\"caption\":\"Noticieros Canal 7\"},\"image\":{\"@id\":\"https:\\\/\\\/canal7slp.tv\\\/2025\\\/#\\\/schema\\\/logo\\\/image\\\/\"},\"sameAs\":[\"https:\\\/\\\/www.facebook.com\\\/noticieroscanal7atencionciudadana\\\/\",\"https:\\\/\\\/x.com\\\/NOTICIEROS7\",\"https:\\\/\\\/www.instagram.com\\\/canal7_slp\",\"https:\\\/\\\/www.youtube.com\\\/channel\\\/UCliiYs-gP3JfJeqdPrNdd5A\"]},{\"@type\":\"Person\",\"@id\":\"https:\\\/\\\/canal7slp.tv\\\/2025\\\/#\\\/schema\\\/person\\\/271e2b60a96e7cc9d9ac296f4d7e414b\",\"name\":\"Edici\u00f3n Web\",\"image\":{\"@type\":\"ImageObject\",\"inLanguage\":\"es\",\"@id\":\"https:\\\/\\\/secure.gravatar.com\\\/avatar\\\/eee448fc3f7164808013b816ba91ac7e43bbe82a70bebac296f8bc6f0addaa1a?s=96&d=mm&r=g\",\"url\":\"https:\\\/\\\/secure.gravatar.com\\\/avatar\\\/eee448fc3f7164808013b816ba91ac7e43bbe82a70bebac296f8bc6f0addaa1a?s=96&d=mm&r=g\",\"contentUrl\":\"https:\\\/\\\/secure.gravatar.com\\\/avatar\\\/eee448fc3f7164808013b816ba91ac7e43bbe82a70bebac296f8bc6f0addaa1a?s=96&d=mm&r=g\",\"caption\":\"Edici\u00f3n Web\"},\"url\":\"https:\\\/\\\/canal7slp.tv\\\/2025\\\/author\\\/edicionweb\\\/\"}]}<\/script>\n<!-- \/ Yoast SEO plugin. -->","yoast_head_json":{"title":"Supremo de EUA avala temporalmente exclusi\u00f3n de personas trans del Ej\u00e9rcito - Canal 7 SLP - 2025","robots":{"index":"index","follow":"follow","max-snippet":"max-snippet:-1","max-image-preview":"max-image-preview:large","max-video-preview":"max-video-preview:-1"},"canonical":"https:\/\/canal7slp.tv\/2025\/supremo-de-eua-avala-temporalmente-exclusion-de-personas-trans-del-ejercito\/","og_locale":"es_ES","og_type":"article","og_title":"Supremo de EUA avala temporalmente exclusi\u00f3n de personas trans del Ej\u00e9rcito - Canal 7 SLP - 2025","og_description":"EUA.- El Tribunal Supremo de Estados Unidos autoriz\u00f3 este martes la aplicaci\u00f3n temporal de una orden ejecutiva del presidente Donald Trump que proh\u00edbe a las personas transg\u00e9nero servir en las fuerzas armadas, mientras el caso contin\u00faa su curso en una corte de apelaciones. La decisi\u00f3n se tom\u00f3 con el respaldo de la mayor\u00eda conservadora y el rechazo de tres jueces liberales. Trump, al regresar a la presidencia, reactiv\u00f3 esta pol\u00edtica al considerar que la presencia de personas trans en el ej\u00e9rcito es incompatible con los valores de disciplina y honor militar. En consecuencia, firm\u00f3 una orden que limita su participaci\u00f3n. [&hellip;]","og_url":"https:\/\/canal7slp.tv\/2025\/supremo-de-eua-avala-temporalmente-exclusion-de-personas-trans-del-ejercito\/","og_site_name":"Canal 7 SLP - 2025","article_publisher":"https:\/\/www.facebook.com\/noticieroscanal7atencionciudadana\/","article_published_time":"2025-05-06T21:59:20+00:00","og_image":[{"width":826,"height":500,"url":"https:\/\/canal7slp.tv\/2025\/wp-content\/uploads\/2025\/05\/10-5.jpg","type":"image\/jpeg"}],"author":"Edici\u00f3n Web","twitter_card":"summary_large_image","twitter_creator":"@NOTICIEROS7","twitter_site":"@NOTICIEROS7","twitter_misc":{"Escrito por":"Edici\u00f3n Web","Tiempo de lectura":"2 minutos"},"schema":{"@context":"https:\/\/schema.org","@graph":[{"@type":"Article","@id":"https:\/\/canal7slp.tv\/2025\/supremo-de-eua-avala-temporalmente-exclusion-de-personas-trans-del-ejercito\/#article","isPartOf":{"@id":"https:\/\/canal7slp.tv\/2025\/supremo-de-eua-avala-temporalmente-exclusion-de-personas-trans-del-ejercito\/"},"author":{"name":"Edici\u00f3n Web","@id":"https:\/\/canal7slp.tv\/2025\/#\/schema\/person\/271e2b60a96e7cc9d9ac296f4d7e414b"},"headline":"Supremo de EUA avala temporalmente exclusi\u00f3n de personas trans del Ej\u00e9rcito","datePublished":"2025-05-06T21:59:20+00:00","mainEntityOfPage":{"@id":"https:\/\/canal7slp.tv\/2025\/supremo-de-eua-avala-temporalmente-exclusion-de-personas-trans-del-ejercito\/"},"wordCount":283,"publisher":{"@id":"https:\/\/canal7slp.tv\/2025\/#organization"},"image":{"@id":"https:\/\/canal7slp.tv\/2025\/supremo-de-eua-avala-temporalmente-exclusion-de-personas-trans-del-ejercito\/#primaryimage"},"thumbnailUrl":"https:\/\/canal7slp.tv\/2025\/wp-content\/uploads\/2025\/05\/10-5.jpg","articleSection":["INTERNACIONALES"],"inLanguage":"es"},{"@type":"WebPage","@id":"https:\/\/canal7slp.tv\/2025\/supremo-de-eua-avala-temporalmente-exclusion-de-personas-trans-del-ejercito\/","url":"https:\/\/canal7slp.tv\/2025\/supremo-de-eua-avala-temporalmente-exclusion-de-personas-trans-del-ejercito\/","name":"Supremo de EUA avala temporalmente exclusi\u00f3n de personas trans del Ej\u00e9rcito - Canal 7 SLP - 2025","isPartOf":{"@id":"https:\/\/canal7slp.tv\/2025\/#website"},"primaryImageOfPage":{"@id":"https:\/\/canal7slp.tv\/2025\/supremo-de-eua-avala-temporalmente-exclusion-de-personas-trans-del-ejercito\/#primaryimage"},"image":{"@id":"https:\/\/canal7slp.tv\/2025\/supremo-de-eua-avala-temporalmente-exclusion-de-personas-trans-del-ejercito\/#primaryimage"},"thumbnailUrl":"https:\/\/canal7slp.tv\/2025\/wp-content\/uploads\/2025\/05\/10-5.jpg","datePublished":"2025-05-06T21:59:20+00:00","breadcrumb":{"@id":"https:\/\/canal7slp.tv\/2025\/supremo-de-eua-avala-temporalmente-exclusion-de-personas-trans-del-ejercito\/#breadcrumb"},"inLanguage":"es","potentialAction":[{"@type":"ReadAction","target":["https:\/\/canal7slp.tv\/2025\/supremo-de-eua-avala-temporalmente-exclusion-de-personas-trans-del-ejercito\/"]}]},{"@type":"ImageObject","inLanguage":"es","@id":"https:\/\/canal7slp.tv\/2025\/supremo-de-eua-avala-temporalmente-exclusion-de-personas-trans-del-ejercito\/#primaryimage","url":"https:\/\/canal7slp.tv\/2025\/wp-content\/uploads\/2025\/05\/10-5.jpg","contentUrl":"https:\/\/canal7slp.tv\/2025\/wp-content\/uploads\/2025\/05\/10-5.jpg","width":826,"height":500},{"@type":"BreadcrumbList","@id":"https:\/\/canal7slp.tv\/2025\/supremo-de-eua-avala-temporalmente-exclusion-de-personas-trans-del-ejercito\/#breadcrumb","itemListElement":[{"@type":"ListItem","position":1,"name":"Portada","item":"https:\/\/canal7slp.tv\/2025\/"},{"@type":"ListItem","position":2,"name":"Supremo de EUA avala temporalmente exclusi\u00f3n de personas trans del Ej\u00e9rcito"}]},{"@type":"WebSite","@id":"https:\/\/canal7slp.tv\/2025\/#website","url":"https:\/\/canal7slp.tv\/2025\/","name":"N7 - Noticieros Canal 7","description":"Somos el Medio","publisher":{"@id":"https:\/\/canal7slp.tv\/2025\/#organization"},"potentialAction":[{"@type":"SearchAction","target":{"@type":"EntryPoint","urlTemplate":"https:\/\/canal7slp.tv\/2025\/?s={search_term_string}"},"query-input":{"@type":"PropertyValueSpecification","valueRequired":true,"valueName":"search_term_string"}}],"inLanguage":"es"},{"@type":"Organization","@id":"https:\/\/canal7slp.tv\/2025\/#organization","name":"Noticieros Canal 7","url":"https:\/\/canal7slp.tv\/2025\/","logo":{"@type":"ImageObject","inLanguage":"es","@id":"https:\/\/canal7slp.tv\/2025\/#\/schema\/logo\/image\/","url":"https:\/\/canal7slp.tv\/2025\/wp-content\/uploads\/2021\/01\/logo-noticieros@2x.png","contentUrl":"https:\/\/canal7slp.tv\/2025\/wp-content\/uploads\/2021\/01\/logo-noticieros@2x.png","width":1017,"height":268,"caption":"Noticieros Canal 7"},"image":{"@id":"https:\/\/canal7slp.tv\/2025\/#\/schema\/logo\/image\/"},"sameAs":["https:\/\/www.facebook.com\/noticieroscanal7atencionciudadana\/","https:\/\/x.com\/NOTICIEROS7","https:\/\/www.instagram.com\/canal7_slp","https:\/\/www.youtube.com\/channel\/UCliiYs-gP3JfJeqdPrNdd5A"]},{"@type":"Person","@id":"https:\/\/canal7slp.tv\/2025\/#\/schema\/person\/271e2b60a96e7cc9d9ac296f4d7e414b","name":"Edici\u00f3n Web","image":{"@type":"ImageObject","inLanguage":"es","@id":"https:\/\/secure.gravatar.com\/avatar\/eee448fc3f7164808013b816ba91ac7e43bbe82a70bebac296f8bc6f0addaa1a?s=96&d=mm&r=g","url":"https:\/\/secure.gravatar.com\/avatar\/eee448fc3f7164808013b816ba91ac7e43bbe82a70bebac296f8bc6f0addaa1a?s=96&d=mm&r=g","contentUrl":"https:\/\/secure.gravatar.com\/avatar\/eee448fc3f7164808013b816ba91ac7e43bbe82a70bebac296f8bc6f0addaa1a?s=96&d=mm&r=g","caption":"Edici\u00f3n Web"},"url":"https:\/\/canal7slp.tv\/2025\/author\/edicionweb\/"}]}},"_links":{"self":[{"href":"https:\/\/canal7slp.tv\/2025\/wp-json\/wp\/v2\/posts\/165364","targetHints":{"allow":["GET"]}}],"collection":[{"href":"https:\/\/canal7slp.tv\/2025\/wp-json\/wp\/v2\/posts"}],"about":[{"href":"https:\/\/canal7slp.tv\/2025\/wp-json\/wp\/v2\/types\/post"}],"author":[{"embeddable":true,"href":"https:\/\/canal7slp.tv\/2025\/wp-json\/wp\/v2\/users\/2"}],"replies":[{"embeddable":true,"href":"https:\/\/canal7slp.tv\/2025\/wp-json\/wp\/v2\/comments?post=165364"}],"version-history":[{"count":1,"href":"https:\/\/canal7slp.tv\/2025\/wp-json\/wp\/v2\/posts\/165364\/revisions"}],"predecessor-version":[{"id":165366,"href":"https:\/\/canal7slp.tv\/2025\/wp-json\/wp\/v2\/posts\/165364\/revisions\/165366"}],"wp:featuredmedia":[{"embeddable":true,"href":"https:\/\/canal7slp.tv\/2025\/wp-json\/wp\/v2\/media\/165365"}],"wp:attachment":[{"href":"https:\/\/canal7slp.tv\/2025\/wp-json\/wp\/v2\/media?parent=165364"}],"wp:term":[{"taxonomy":"category","embeddable":true,"href":"https:\/\/canal7slp.tv\/2025\/wp-json\/wp\/v2\/categories?post=165364"},{"taxonomy":"post_tag","embeddable":true,"href":"https:\/\/canal7slp.tv\/2025\/wp-json\/wp\/v2\/tags?post=165364"}],"curies":[{"name":"wp","href":"https:\/\/api.w.org\/{rel}","templated":true}]}}