{"id":165282,"date":"2025-05-05T19:17:52","date_gmt":"2025-05-06T01:17:52","guid":{"rendered":"https:\/\/canal7slp.tv\/2025\/?p=165282"},"modified":"2025-05-05T19:17:52","modified_gmt":"2025-05-06T01:17:52","slug":"piden-apoyo-de-las-autoridades-para-erradicar-el-maltrato-animal","status":"publish","type":"post","link":"https:\/\/canal7slp.tv\/2025\/piden-apoyo-de-las-autoridades-para-erradicar-el-maltrato-animal\/","title":{"rendered":"Piden apoyo de las autoridades para erradicar el maltrato animal"},"content":{"rendered":"<p style=\"text-align: justify;\"><span style=\"font-size: 1.21429rem;\">Villa de Pozos.- En este tramo de la avenida Gran Pe\u00f1asco del fraccionamiento D\u2019rada ubicado en el municipio de Villa de Pozos, estaban instaladas varias casitas de madera para perros sin due\u00f1o.<\/span><\/p>\n<p style=\"text-align: justify;\">Sin embargo, fueron retiradas presuntamente por \u00f3rdenes de una persona de nombre J\u00e9ssica, empleada de una empresa for\u00e1nea que construye casas en este lugar.<\/p>\n<p style=\"text-align: justify;\">As\u00ed lo dio a conocer la se\u00f1ora Mar\u00eda Luisa Segura quien cuenta que los perros que ah\u00ed viv\u00edan llegaron en situaci\u00f3n de calle y enfermos y que ella y algunos vecinos del lugar, los resguardaron bajo la figura de perro comunitario.<\/p>\n<p style=\"text-align: justify;\">Afirma que mientras estuvieron en este lugar nunca agredieron a nadie y todos los d\u00edas les daban agua y comida.<\/p>\n<p style=\"text-align: justify;\">Consider\u00f3 que esta persona J\u00e9ssica quien presuntamente fue quien dio la orden de llevarse a los perros no dio muestras de empat\u00eda por los animales, ni mucho menos, dijo, tener conocimiento de que ya existe una ley que sanciona el maltrato animal.<\/p>\n<p style=\"text-align: justify;\">De los perros que desalojaron de este lugar solo qued\u00f3 el \u201cG\u00fcero\u201d quien en ocasiones regresa por comida.<\/p>\n<p style=\"text-align: justify;\">Sobre la banqueta y camell\u00f3n quedaron algunos recipientes en donde los vecinos les pon\u00edan agua y junto a un enorme terreno bald\u00edo, las casitas abandonadas en donde viv\u00edan y a donde ya no llegan por temor a ser agredidos.<\/p>\n<p style=\"text-align: justify;\">La se\u00f1ora Mar\u00eda Luisa hace un llamado a las autoridades para apoyar en este tipo de casos y promover entre la ciudadan\u00eda, el rechazo al maltrato animal.<\/p>\n<p style=\"text-align: justify;\">Asimismo, la se\u00f1ora Mar\u00eda Luisa proporcion\u00f3 un video en donde se ve a una vaca deambulando por las calles de este fraccionamiento desde hace varios d\u00edas, lastimada de una una pata y cuyo due\u00f1o, ya identificado, no se hace responsable.<\/p>\n<p>Por: Claudio Ibarra<\/p>\n","protected":false},"excerpt":{"rendered":"<p>Villa de Pozos.- En este tramo de la avenida Gran Pe\u00f1asco del fraccionamiento D\u2019rada ubicado en el municipio de Villa de Pozos, estaban instaladas varias casitas de madera para perros sin due\u00f1o. Sin embargo, fueron retiradas presuntamente por \u00f3rdenes de una persona de nombre J\u00e9ssica, empleada de una empresa for\u00e1nea que construye casas en este lugar. As\u00ed lo dio a conocer la se\u00f1ora Mar\u00eda Luisa Segura quien cuenta que los perros que ah\u00ed viv\u00edan llegaron en situaci\u00f3n de calle y enfermos y que ella y algunos vecinos del lugar, los resguardaron bajo la figura de perro comunitario. Afirma que mientras [&hellip;]<\/p>\n","protected":false},"author":2,"featured_media":165309,"comment_status":"closed","ping_status":"closed","sticky":false,"template":"","format":"video","meta":{"_monsterinsights_skip_tracking":false,"_monsterinsights_sitenote_active":false,"_monsterinsights_sitenote_note":"","_monsterinsights_sitenote_category":0,"footnotes":""},"categories":[5,45],"tags":[],"class_list":["post-165282","post","type-post","status-publish","format-video","has-post-thumbnail","hentry","category-destacadas","category-localesyregionales","post_format-post-format-video","post--single"],"yoast_head":"<!-- This site is optimized with the Yoast SEO plugin v27.5 - https:\/\/yoast.com\/product\/yoast-seo-wordpress\/ -->\n<title>Piden apoyo de las autoridades para erradicar el maltrato animal - Canal 7 SLP - 2025<\/title>\n<meta name=\"robots\" content=\"index, follow, max-snippet:-1, max-image-preview:large, max-video-preview:-1\" \/>\n<link rel=\"canonical\" href=\"https:\/\/canal7slp.tv\/2025\/piden-apoyo-de-las-autoridades-para-erradicar-el-maltrato-animal\/\" \/>\n<meta property=\"og:locale\" content=\"es_ES\" \/>\n<meta property=\"og:type\" content=\"article\" \/>\n<meta property=\"og:title\" content=\"Piden apoyo de las autoridades para erradicar el maltrato animal - Canal 7 SLP - 2025\" \/>\n<meta property=\"og:description\" content=\"Villa de Pozos.- En este tramo de la avenida Gran Pe\u00f1asco del fraccionamiento D\u2019rada ubicado en el municipio de Villa de Pozos, estaban instaladas varias casitas de madera para perros sin due\u00f1o. Sin embargo, fueron retiradas presuntamente por \u00f3rdenes de una persona de nombre J\u00e9ssica, empleada de una empresa for\u00e1nea que construye casas en este lugar. As\u00ed lo dio a conocer la se\u00f1ora Mar\u00eda Luisa Segura quien cuenta que los perros que ah\u00ed viv\u00edan llegaron en situaci\u00f3n de calle y enfermos y que ella y algunos vecinos del lugar, los resguardaron bajo la figura de perro comunitario. Afirma que mientras [&hellip;]\" \/>\n<meta property=\"og:url\" content=\"https:\/\/canal7slp.tv\/2025\/piden-apoyo-de-las-autoridades-para-erradicar-el-maltrato-animal\/\" \/>\n<meta property=\"og:site_name\" content=\"Canal 7 SLP - 2025\" \/>\n<meta property=\"article:publisher\" content=\"https:\/\/www.facebook.com\/noticieroscanal7atencionciudadana\/\" \/>\n<meta property=\"article:published_time\" content=\"2025-05-06T01:17:52+00:00\" \/>\n<meta property=\"og:image\" content=\"https:\/\/canal7slp.tv\/2025\/wp-content\/uploads\/2025\/05\/Claudio03Peticion.jpg\" \/>\n\t<meta property=\"og:image:width\" content=\"1280\" \/>\n\t<meta property=\"og:image:height\" content=\"720\" \/>\n\t<meta property=\"og:image:type\" content=\"image\/jpeg\" \/>\n<meta name=\"author\" content=\"Edici\u00f3n Web\" \/>\n<meta name=\"twitter:card\" content=\"summary_large_image\" \/>\n<meta name=\"twitter:creator\" content=\"@NOTICIEROS7\" \/>\n<meta name=\"twitter:site\" content=\"@NOTICIEROS7\" \/>\n<meta name=\"twitter:label1\" content=\"Escrito por\" \/>\n\t<meta name=\"twitter:data1\" content=\"Edici\u00f3n Web\" \/>\n\t<meta name=\"twitter:label2\" content=\"Tiempo de lectura\" \/>\n\t<meta name=\"twitter:data2\" content=\"2 minutos\" \/>\n<script type=\"application\/ld+json\" class=\"yoast-schema-graph\">{\"@context\":\"https:\\\/\\\/schema.org\",\"@graph\":[{\"@type\":\"Article\",\"@id\":\"https:\\\/\\\/canal7slp.tv\\\/2025\\\/piden-apoyo-de-las-autoridades-para-erradicar-el-maltrato-animal\\\/#article\",\"isPartOf\":{\"@id\":\"https:\\\/\\\/canal7slp.tv\\\/2025\\\/piden-apoyo-de-las-autoridades-para-erradicar-el-maltrato-animal\\\/\"},\"author\":{\"name\":\"Edici\u00f3n Web\",\"@id\":\"https:\\\/\\\/canal7slp.tv\\\/2025\\\/#\\\/schema\\\/person\\\/271e2b60a96e7cc9d9ac296f4d7e414b\"},\"headline\":\"Piden apoyo de las autoridades para erradicar el maltrato animal\",\"datePublished\":\"2025-05-06T01:17:52+00:00\",\"mainEntityOfPage\":{\"@id\":\"https:\\\/\\\/canal7slp.tv\\\/2025\\\/piden-apoyo-de-las-autoridades-para-erradicar-el-maltrato-animal\\\/\"},\"wordCount\":321,\"publisher\":{\"@id\":\"https:\\\/\\\/canal7slp.tv\\\/2025\\\/#organization\"},\"image\":{\"@id\":\"https:\\\/\\\/canal7slp.tv\\\/2025\\\/piden-apoyo-de-las-autoridades-para-erradicar-el-maltrato-animal\\\/#primaryimage\"},\"thumbnailUrl\":\"https:\\\/\\\/canal7slp.tv\\\/2025\\\/wp-content\\\/uploads\\\/2025\\\/05\\\/Claudio03Peticion.jpg\",\"articleSection\":[\"DESTACADAS\",\"LOCALES Y REGIONALES\"],\"inLanguage\":\"es\"},{\"@type\":\"WebPage\",\"@id\":\"https:\\\/\\\/canal7slp.tv\\\/2025\\\/piden-apoyo-de-las-autoridades-para-erradicar-el-maltrato-animal\\\/\",\"url\":\"https:\\\/\\\/canal7slp.tv\\\/2025\\\/piden-apoyo-de-las-autoridades-para-erradicar-el-maltrato-animal\\\/\",\"name\":\"Piden apoyo de las autoridades para erradicar el maltrato animal - Canal 7 SLP - 2025\",\"isPartOf\":{\"@id\":\"https:\\\/\\\/canal7slp.tv\\\/2025\\\/#website\"},\"primaryImageOfPage\":{\"@id\":\"https:\\\/\\\/canal7slp.tv\\\/2025\\\/piden-apoyo-de-las-autoridades-para-erradicar-el-maltrato-animal\\\/#primaryimage\"},\"image\":{\"@id\":\"https:\\\/\\\/canal7slp.tv\\\/2025\\\/piden-apoyo-de-las-autoridades-para-erradicar-el-maltrato-animal\\\/#primaryimage\"},\"thumbnailUrl\":\"https:\\\/\\\/canal7slp.tv\\\/2025\\\/wp-content\\\/uploads\\\/2025\\\/05\\\/Claudio03Peticion.jpg\",\"datePublished\":\"2025-05-06T01:17:52+00:00\",\"breadcrumb\":{\"@id\":\"https:\\\/\\\/canal7slp.tv\\\/2025\\\/piden-apoyo-de-las-autoridades-para-erradicar-el-maltrato-animal\\\/#breadcrumb\"},\"inLanguage\":\"es\",\"potentialAction\":[{\"@type\":\"ReadAction\",\"target\":[\"https:\\\/\\\/canal7slp.tv\\\/2025\\\/piden-apoyo-de-las-autoridades-para-erradicar-el-maltrato-animal\\\/\"]}]},{\"@type\":\"ImageObject\",\"inLanguage\":\"es\",\"@id\":\"https:\\\/\\\/canal7slp.tv\\\/2025\\\/piden-apoyo-de-las-autoridades-para-erradicar-el-maltrato-animal\\\/#primaryimage\",\"url\":\"https:\\\/\\\/canal7slp.tv\\\/2025\\\/wp-content\\\/uploads\\\/2025\\\/05\\\/Claudio03Peticion.jpg\",\"contentUrl\":\"https:\\\/\\\/canal7slp.tv\\\/2025\\\/wp-content\\\/uploads\\\/2025\\\/05\\\/Claudio03Peticion.jpg\",\"width\":1280,\"height\":720},{\"@type\":\"BreadcrumbList\",\"@id\":\"https:\\\/\\\/canal7slp.tv\\\/2025\\\/piden-apoyo-de-las-autoridades-para-erradicar-el-maltrato-animal\\\/#breadcrumb\",\"itemListElement\":[{\"@type\":\"ListItem\",\"position\":1,\"name\":\"Portada\",\"item\":\"https:\\\/\\\/canal7slp.tv\\\/2025\\\/\"},{\"@type\":\"ListItem\",\"position\":2,\"name\":\"Piden apoyo de las autoridades para erradicar el maltrato animal\"}]},{\"@type\":\"WebSite\",\"@id\":\"https:\\\/\\\/canal7slp.tv\\\/2025\\\/#website\",\"url\":\"https:\\\/\\\/canal7slp.tv\\\/2025\\\/\",\"name\":\"N7 - Noticieros Canal 7\",\"description\":\"Somos el Medio\",\"publisher\":{\"@id\":\"https:\\\/\\\/canal7slp.tv\\\/2025\\\/#organization\"},\"potentialAction\":[{\"@type\":\"SearchAction\",\"target\":{\"@type\":\"EntryPoint\",\"urlTemplate\":\"https:\\\/\\\/canal7slp.tv\\\/2025\\\/?s={search_term_string}\"},\"query-input\":{\"@type\":\"PropertyValueSpecification\",\"valueRequired\":true,\"valueName\":\"search_term_string\"}}],\"inLanguage\":\"es\"},{\"@type\":\"Organization\",\"@id\":\"https:\\\/\\\/canal7slp.tv\\\/2025\\\/#organization\",\"name\":\"Noticieros Canal 7\",\"url\":\"https:\\\/\\\/canal7slp.tv\\\/2025\\\/\",\"logo\":{\"@type\":\"ImageObject\",\"inLanguage\":\"es\",\"@id\":\"https:\\\/\\\/canal7slp.tv\\\/2025\\\/#\\\/schema\\\/logo\\\/image\\\/\",\"url\":\"https:\\\/\\\/canal7slp.tv\\\/2025\\\/wp-content\\\/uploads\\\/2021\\\/01\\\/logo-noticieros@2x.png\",\"contentUrl\":\"https:\\\/\\\/canal7slp.tv\\\/2025\\\/wp-content\\\/uploads\\\/2021\\\/01\\\/logo-noticieros@2x.png\",\"width\":1017,\"height\":268,\"caption\":\"Noticieros Canal 7\"},\"image\":{\"@id\":\"https:\\\/\\\/canal7slp.tv\\\/2025\\\/#\\\/schema\\\/logo\\\/image\\\/\"},\"sameAs\":[\"https:\\\/\\\/www.facebook.com\\\/noticieroscanal7atencionciudadana\\\/\",\"https:\\\/\\\/x.com\\\/NOTICIEROS7\",\"https:\\\/\\\/www.instagram.com\\\/canal7_slp\",\"https:\\\/\\\/www.youtube.com\\\/channel\\\/UCliiYs-gP3JfJeqdPrNdd5A\"]},{\"@type\":\"Person\",\"@id\":\"https:\\\/\\\/canal7slp.tv\\\/2025\\\/#\\\/schema\\\/person\\\/271e2b60a96e7cc9d9ac296f4d7e414b\",\"name\":\"Edici\u00f3n Web\",\"image\":{\"@type\":\"ImageObject\",\"inLanguage\":\"es\",\"@id\":\"https:\\\/\\\/secure.gravatar.com\\\/avatar\\\/eee448fc3f7164808013b816ba91ac7e43bbe82a70bebac296f8bc6f0addaa1a?s=96&d=mm&r=g\",\"url\":\"https:\\\/\\\/secure.gravatar.com\\\/avatar\\\/eee448fc3f7164808013b816ba91ac7e43bbe82a70bebac296f8bc6f0addaa1a?s=96&d=mm&r=g\",\"contentUrl\":\"https:\\\/\\\/secure.gravatar.com\\\/avatar\\\/eee448fc3f7164808013b816ba91ac7e43bbe82a70bebac296f8bc6f0addaa1a?s=96&d=mm&r=g\",\"caption\":\"Edici\u00f3n Web\"},\"url\":\"https:\\\/\\\/canal7slp.tv\\\/2025\\\/author\\\/edicionweb\\\/\"}]}<\/script>\n<!-- \/ Yoast SEO plugin. -->","yoast_head_json":{"title":"Piden apoyo de las autoridades para erradicar el maltrato animal - Canal 7 SLP - 2025","robots":{"index":"index","follow":"follow","max-snippet":"max-snippet:-1","max-image-preview":"max-image-preview:large","max-video-preview":"max-video-preview:-1"},"canonical":"https:\/\/canal7slp.tv\/2025\/piden-apoyo-de-las-autoridades-para-erradicar-el-maltrato-animal\/","og_locale":"es_ES","og_type":"article","og_title":"Piden apoyo de las autoridades para erradicar el maltrato animal - Canal 7 SLP - 2025","og_description":"Villa de Pozos.- En este tramo de la avenida Gran Pe\u00f1asco del fraccionamiento D\u2019rada ubicado en el municipio de Villa de Pozos, estaban instaladas varias casitas de madera para perros sin due\u00f1o. Sin embargo, fueron retiradas presuntamente por \u00f3rdenes de una persona de nombre J\u00e9ssica, empleada de una empresa for\u00e1nea que construye casas en este lugar. As\u00ed lo dio a conocer la se\u00f1ora Mar\u00eda Luisa Segura quien cuenta que los perros que ah\u00ed viv\u00edan llegaron en situaci\u00f3n de calle y enfermos y que ella y algunos vecinos del lugar, los resguardaron bajo la figura de perro comunitario. Afirma que mientras [&hellip;]","og_url":"https:\/\/canal7slp.tv\/2025\/piden-apoyo-de-las-autoridades-para-erradicar-el-maltrato-animal\/","og_site_name":"Canal 7 SLP - 2025","article_publisher":"https:\/\/www.facebook.com\/noticieroscanal7atencionciudadana\/","article_published_time":"2025-05-06T01:17:52+00:00","og_image":[{"width":1280,"height":720,"url":"https:\/\/canal7slp.tv\/2025\/wp-content\/uploads\/2025\/05\/Claudio03Peticion.jpg","type":"image\/jpeg"}],"author":"Edici\u00f3n Web","twitter_card":"summary_large_image","twitter_creator":"@NOTICIEROS7","twitter_site":"@NOTICIEROS7","twitter_misc":{"Escrito por":"Edici\u00f3n Web","Tiempo de lectura":"2 minutos"},"schema":{"@context":"https:\/\/schema.org","@graph":[{"@type":"Article","@id":"https:\/\/canal7slp.tv\/2025\/piden-apoyo-de-las-autoridades-para-erradicar-el-maltrato-animal\/#article","isPartOf":{"@id":"https:\/\/canal7slp.tv\/2025\/piden-apoyo-de-las-autoridades-para-erradicar-el-maltrato-animal\/"},"author":{"name":"Edici\u00f3n Web","@id":"https:\/\/canal7slp.tv\/2025\/#\/schema\/person\/271e2b60a96e7cc9d9ac296f4d7e414b"},"headline":"Piden apoyo de las autoridades para erradicar el maltrato animal","datePublished":"2025-05-06T01:17:52+00:00","mainEntityOfPage":{"@id":"https:\/\/canal7slp.tv\/2025\/piden-apoyo-de-las-autoridades-para-erradicar-el-maltrato-animal\/"},"wordCount":321,"publisher":{"@id":"https:\/\/canal7slp.tv\/2025\/#organization"},"image":{"@id":"https:\/\/canal7slp.tv\/2025\/piden-apoyo-de-las-autoridades-para-erradicar-el-maltrato-animal\/#primaryimage"},"thumbnailUrl":"https:\/\/canal7slp.tv\/2025\/wp-content\/uploads\/2025\/05\/Claudio03Peticion.jpg","articleSection":["DESTACADAS","LOCALES Y REGIONALES"],"inLanguage":"es"},{"@type":"WebPage","@id":"https:\/\/canal7slp.tv\/2025\/piden-apoyo-de-las-autoridades-para-erradicar-el-maltrato-animal\/","url":"https:\/\/canal7slp.tv\/2025\/piden-apoyo-de-las-autoridades-para-erradicar-el-maltrato-animal\/","name":"Piden apoyo de las autoridades para erradicar el maltrato animal - Canal 7 SLP - 2025","isPartOf":{"@id":"https:\/\/canal7slp.tv\/2025\/#website"},"primaryImageOfPage":{"@id":"https:\/\/canal7slp.tv\/2025\/piden-apoyo-de-las-autoridades-para-erradicar-el-maltrato-animal\/#primaryimage"},"image":{"@id":"https:\/\/canal7slp.tv\/2025\/piden-apoyo-de-las-autoridades-para-erradicar-el-maltrato-animal\/#primaryimage"},"thumbnailUrl":"https:\/\/canal7slp.tv\/2025\/wp-content\/uploads\/2025\/05\/Claudio03Peticion.jpg","datePublished":"2025-05-06T01:17:52+00:00","breadcrumb":{"@id":"https:\/\/canal7slp.tv\/2025\/piden-apoyo-de-las-autoridades-para-erradicar-el-maltrato-animal\/#breadcrumb"},"inLanguage":"es","potentialAction":[{"@type":"ReadAction","target":["https:\/\/canal7slp.tv\/2025\/piden-apoyo-de-las-autoridades-para-erradicar-el-maltrato-animal\/"]}]},{"@type":"ImageObject","inLanguage":"es","@id":"https:\/\/canal7slp.tv\/2025\/piden-apoyo-de-las-autoridades-para-erradicar-el-maltrato-animal\/#primaryimage","url":"https:\/\/canal7slp.tv\/2025\/wp-content\/uploads\/2025\/05\/Claudio03Peticion.jpg","contentUrl":"https:\/\/canal7slp.tv\/2025\/wp-content\/uploads\/2025\/05\/Claudio03Peticion.jpg","width":1280,"height":720},{"@type":"BreadcrumbList","@id":"https:\/\/canal7slp.tv\/2025\/piden-apoyo-de-las-autoridades-para-erradicar-el-maltrato-animal\/#breadcrumb","itemListElement":[{"@type":"ListItem","position":1,"name":"Portada","item":"https:\/\/canal7slp.tv\/2025\/"},{"@type":"ListItem","position":2,"name":"Piden apoyo de las autoridades para erradicar el maltrato animal"}]},{"@type":"WebSite","@id":"https:\/\/canal7slp.tv\/2025\/#website","url":"https:\/\/canal7slp.tv\/2025\/","name":"N7 - Noticieros Canal 7","description":"Somos el Medio","publisher":{"@id":"https:\/\/canal7slp.tv\/2025\/#organization"},"potentialAction":[{"@type":"SearchAction","target":{"@type":"EntryPoint","urlTemplate":"https:\/\/canal7slp.tv\/2025\/?s={search_term_string}"},"query-input":{"@type":"PropertyValueSpecification","valueRequired":true,"valueName":"search_term_string"}}],"inLanguage":"es"},{"@type":"Organization","@id":"https:\/\/canal7slp.tv\/2025\/#organization","name":"Noticieros Canal 7","url":"https:\/\/canal7slp.tv\/2025\/","logo":{"@type":"ImageObject","inLanguage":"es","@id":"https:\/\/canal7slp.tv\/2025\/#\/schema\/logo\/image\/","url":"https:\/\/canal7slp.tv\/2025\/wp-content\/uploads\/2021\/01\/logo-noticieros@2x.png","contentUrl":"https:\/\/canal7slp.tv\/2025\/wp-content\/uploads\/2021\/01\/logo-noticieros@2x.png","width":1017,"height":268,"caption":"Noticieros Canal 7"},"image":{"@id":"https:\/\/canal7slp.tv\/2025\/#\/schema\/logo\/image\/"},"sameAs":["https:\/\/www.facebook.com\/noticieroscanal7atencionciudadana\/","https:\/\/x.com\/NOTICIEROS7","https:\/\/www.instagram.com\/canal7_slp","https:\/\/www.youtube.com\/channel\/UCliiYs-gP3JfJeqdPrNdd5A"]},{"@type":"Person","@id":"https:\/\/canal7slp.tv\/2025\/#\/schema\/person\/271e2b60a96e7cc9d9ac296f4d7e414b","name":"Edici\u00f3n Web","image":{"@type":"ImageObject","inLanguage":"es","@id":"https:\/\/secure.gravatar.com\/avatar\/eee448fc3f7164808013b816ba91ac7e43bbe82a70bebac296f8bc6f0addaa1a?s=96&d=mm&r=g","url":"https:\/\/secure.gravatar.com\/avatar\/eee448fc3f7164808013b816ba91ac7e43bbe82a70bebac296f8bc6f0addaa1a?s=96&d=mm&r=g","contentUrl":"https:\/\/secure.gravatar.com\/avatar\/eee448fc3f7164808013b816ba91ac7e43bbe82a70bebac296f8bc6f0addaa1a?s=96&d=mm&r=g","caption":"Edici\u00f3n Web"},"url":"https:\/\/canal7slp.tv\/2025\/author\/edicionweb\/"}]}},"_links":{"self":[{"href":"https:\/\/canal7slp.tv\/2025\/wp-json\/wp\/v2\/posts\/165282","targetHints":{"allow":["GET"]}}],"collection":[{"href":"https:\/\/canal7slp.tv\/2025\/wp-json\/wp\/v2\/posts"}],"about":[{"href":"https:\/\/canal7slp.tv\/2025\/wp-json\/wp\/v2\/types\/post"}],"author":[{"embeddable":true,"href":"https:\/\/canal7slp.tv\/2025\/wp-json\/wp\/v2\/users\/2"}],"replies":[{"embeddable":true,"href":"https:\/\/canal7slp.tv\/2025\/wp-json\/wp\/v2\/comments?post=165282"}],"version-history":[{"count":4,"href":"https:\/\/canal7slp.tv\/2025\/wp-json\/wp\/v2\/posts\/165282\/revisions"}],"predecessor-version":[{"id":165310,"href":"https:\/\/canal7slp.tv\/2025\/wp-json\/wp\/v2\/posts\/165282\/revisions\/165310"}],"wp:featuredmedia":[{"embeddable":true,"href":"https:\/\/canal7slp.tv\/2025\/wp-json\/wp\/v2\/media\/165309"}],"wp:attachment":[{"href":"https:\/\/canal7slp.tv\/2025\/wp-json\/wp\/v2\/media?parent=165282"}],"wp:term":[{"taxonomy":"category","embeddable":true,"href":"https:\/\/canal7slp.tv\/2025\/wp-json\/wp\/v2\/categories?post=165282"},{"taxonomy":"post_tag","embeddable":true,"href":"https:\/\/canal7slp.tv\/2025\/wp-json\/wp\/v2\/tags?post=165282"}],"curies":[{"name":"wp","href":"https:\/\/api.w.org\/{rel}","templated":true}]}}