{"id":164364,"date":"2025-04-25T15:33:54","date_gmt":"2025-04-25T21:33:54","guid":{"rendered":"https:\/\/canal7slp.tv\/2025\/?p=164364"},"modified":"2025-04-25T15:34:58","modified_gmt":"2025-04-25T21:34:58","slug":"claudia-sheinbaum-anuncia-modificaciones-a-la-iniciativa-de-ley-en-materia-de-telecomunicaciones-y-radiodifusion-tras-criticas-sobre-censura","status":"publish","type":"post","link":"https:\/\/canal7slp.tv\/2025\/claudia-sheinbaum-anuncia-modificaciones-a-la-iniciativa-de-ley-en-materia-de-telecomunicaciones-y-radiodifusion-tras-criticas-sobre-censura\/","title":{"rendered":"Claudia Sheinbaum anuncia modificaciones a la iniciativa de ley en materia de telecomunicaciones y radiodifusi\u00f3n tras cr\u00edticas sobre censura"},"content":{"rendered":"<p style=\"text-align: justify;\">M\u00e9xico.- La presidenta Claudia Sheinbaum anunci\u00f3 que se modificar\u00e1 la iniciativa de ley que contempla el \u00abbloqueo temporal de plataformas digitales\u00bb, en respuesta a las cr\u00edticas por presunta censura, tanto de la oposici\u00f3n como de organismos internacionales como la ONU.<\/p>\n<p style=\"text-align: justify;\">Durante su conferencia matutina, Sheinbaum asegur\u00f3 que el art\u00edculo 109 de la propuesta \u2014el cual permitir\u00eda suspender plataformas por incumplimientos\u2014 ser\u00e1 revisado o eliminado, a fin de evitar confusiones sobre su prop\u00f3sito.<\/p>\n<p style=\"text-align: justify;\">La mandataria aclar\u00f3 que el objetivo de la ley no es censurar, sino dotar de facultades a la Agencia de Transformaci\u00f3n Digital para regular plataformas que no cumplan con sus obligaciones legales, como el pago de impuestos. Sin embargo, partidos opositores calificaron la propuesta como un acto de \u201cautoritarismo digital\u201d.<\/p>\n<p style=\"text-align: justify;\">Sheinbaum tambi\u00e9n inform\u00f3 que la discusi\u00f3n sobre esta reforma se ampliar\u00e1, lo que retrasar\u00e1 su aprobaci\u00f3n en el Senado, originalmente prevista para la pr\u00f3xima semana. Solicit\u00f3 un debate m\u00e1s profundo, con la participaci\u00f3n de expertos y ciudadanos, para enriquecer el contenido de la iniciativa.<\/p>\n<p style=\"text-align: justify;\">Aunque insisti\u00f3 en que el plan para regular las telecomunicaciones se mantiene firme, la presidenta reconoci\u00f3 la necesidad de un proceso legislativo m\u00e1s transparente. Reiter\u00f3 que la intenci\u00f3n es recuperar atribuciones del Estado sin regresar a modelos autoritarios.<\/p>\n","protected":false},"excerpt":{"rendered":"<p>M\u00e9xico.- La presidenta Claudia Sheinbaum anunci\u00f3 que se modificar\u00e1 la iniciativa de ley que contempla el \u00abbloqueo temporal de plataformas digitales\u00bb, en respuesta a las cr\u00edticas por presunta censura, tanto de la oposici\u00f3n como de organismos internacionales como la ONU. Durante su conferencia matutina, Sheinbaum asegur\u00f3 que el art\u00edculo 109 de la propuesta \u2014el cual permitir\u00eda suspender plataformas por incumplimientos\u2014 ser\u00e1 revisado o eliminado, a fin de evitar confusiones sobre su prop\u00f3sito. La mandataria aclar\u00f3 que el objetivo de la ley no es censurar, sino dotar de facultades a la Agencia de Transformaci\u00f3n Digital para regular plataformas que no cumplan [&hellip;]<\/p>\n","protected":false},"author":2,"featured_media":164365,"comment_status":"closed","ping_status":"closed","sticky":false,"template":"","format":"standard","meta":{"_monsterinsights_skip_tracking":false,"_monsterinsights_sitenote_active":false,"_monsterinsights_sitenote_note":"","_monsterinsights_sitenote_category":0,"footnotes":""},"categories":[46],"tags":[],"class_list":["post-164364","post","type-post","status-publish","format-standard","has-post-thumbnail","hentry","category-nacional","post--single"],"yoast_head":"<!-- This site is optimized with the Yoast SEO plugin v27.4 - https:\/\/yoast.com\/product\/yoast-seo-wordpress\/ -->\n<title>Claudia Sheinbaum anuncia modificaciones a la iniciativa de ley en materia de telecomunicaciones y radiodifusi\u00f3n tras cr\u00edticas sobre censura - Canal 7 SLP - 2025<\/title>\n<meta name=\"robots\" content=\"index, follow, max-snippet:-1, max-image-preview:large, max-video-preview:-1\" \/>\n<link rel=\"canonical\" href=\"https:\/\/canal7slp.tv\/2025\/claudia-sheinbaum-anuncia-modificaciones-a-la-iniciativa-de-ley-en-materia-de-telecomunicaciones-y-radiodifusion-tras-criticas-sobre-censura\/\" \/>\n<meta property=\"og:locale\" content=\"es_ES\" \/>\n<meta property=\"og:type\" content=\"article\" \/>\n<meta property=\"og:title\" content=\"Claudia Sheinbaum anuncia modificaciones a la iniciativa de ley en materia de telecomunicaciones y radiodifusi\u00f3n tras cr\u00edticas sobre censura - Canal 7 SLP - 2025\" \/>\n<meta property=\"og:description\" content=\"M\u00e9xico.- La presidenta Claudia Sheinbaum anunci\u00f3 que se modificar\u00e1 la iniciativa de ley que contempla el \u00abbloqueo temporal de plataformas digitales\u00bb, en respuesta a las cr\u00edticas por presunta censura, tanto de la oposici\u00f3n como de organismos internacionales como la ONU. Durante su conferencia matutina, Sheinbaum asegur\u00f3 que el art\u00edculo 109 de la propuesta \u2014el cual permitir\u00eda suspender plataformas por incumplimientos\u2014 ser\u00e1 revisado o eliminado, a fin de evitar confusiones sobre su prop\u00f3sito. La mandataria aclar\u00f3 que el objetivo de la ley no es censurar, sino dotar de facultades a la Agencia de Transformaci\u00f3n Digital para regular plataformas que no cumplan [&hellip;]\" \/>\n<meta property=\"og:url\" content=\"https:\/\/canal7slp.tv\/2025\/claudia-sheinbaum-anuncia-modificaciones-a-la-iniciativa-de-ley-en-materia-de-telecomunicaciones-y-radiodifusion-tras-criticas-sobre-censura\/\" \/>\n<meta property=\"og:site_name\" content=\"Canal 7 SLP - 2025\" \/>\n<meta property=\"article:publisher\" content=\"https:\/\/www.facebook.com\/noticieroscanal7atencionciudadana\/\" \/>\n<meta property=\"article:published_time\" content=\"2025-04-25T21:33:54+00:00\" \/>\n<meta property=\"article:modified_time\" content=\"2025-04-25T21:34:58+00:00\" \/>\n<meta property=\"og:image\" content=\"https:\/\/canal7slp.tv\/2025\/wp-content\/uploads\/2025\/04\/08-24.jpg\" \/>\n\t<meta property=\"og:image:width\" content=\"730\" \/>\n\t<meta property=\"og:image:height\" content=\"450\" \/>\n\t<meta property=\"og:image:type\" content=\"image\/jpeg\" \/>\n<meta name=\"author\" content=\"Edici\u00f3n Web\" \/>\n<meta name=\"twitter:card\" content=\"summary_large_image\" \/>\n<meta name=\"twitter:creator\" content=\"@NOTICIEROS7\" \/>\n<meta name=\"twitter:site\" content=\"@NOTICIEROS7\" \/>\n<meta name=\"twitter:label1\" content=\"Escrito por\" \/>\n\t<meta name=\"twitter:data1\" content=\"Edici\u00f3n Web\" \/>\n\t<meta name=\"twitter:label2\" content=\"Tiempo de lectura\" \/>\n\t<meta name=\"twitter:data2\" content=\"2 minutos\" \/>\n<script type=\"application\/ld+json\" class=\"yoast-schema-graph\">{\"@context\":\"https:\\\/\\\/schema.org\",\"@graph\":[{\"@type\":\"Article\",\"@id\":\"https:\\\/\\\/canal7slp.tv\\\/2025\\\/claudia-sheinbaum-anuncia-modificaciones-a-la-iniciativa-de-ley-en-materia-de-telecomunicaciones-y-radiodifusion-tras-criticas-sobre-censura\\\/#article\",\"isPartOf\":{\"@id\":\"https:\\\/\\\/canal7slp.tv\\\/2025\\\/claudia-sheinbaum-anuncia-modificaciones-a-la-iniciativa-de-ley-en-materia-de-telecomunicaciones-y-radiodifusion-tras-criticas-sobre-censura\\\/\"},\"author\":{\"name\":\"Edici\u00f3n Web\",\"@id\":\"https:\\\/\\\/canal7slp.tv\\\/2025\\\/#\\\/schema\\\/person\\\/271e2b60a96e7cc9d9ac296f4d7e414b\"},\"headline\":\"Claudia Sheinbaum anuncia modificaciones a la iniciativa de ley en materia de telecomunicaciones y radiodifusi\u00f3n tras cr\u00edticas sobre censura\",\"datePublished\":\"2025-04-25T21:33:54+00:00\",\"dateModified\":\"2025-04-25T21:34:58+00:00\",\"mainEntityOfPage\":{\"@id\":\"https:\\\/\\\/canal7slp.tv\\\/2025\\\/claudia-sheinbaum-anuncia-modificaciones-a-la-iniciativa-de-ley-en-materia-de-telecomunicaciones-y-radiodifusion-tras-criticas-sobre-censura\\\/\"},\"wordCount\":240,\"publisher\":{\"@id\":\"https:\\\/\\\/canal7slp.tv\\\/2025\\\/#organization\"},\"image\":{\"@id\":\"https:\\\/\\\/canal7slp.tv\\\/2025\\\/claudia-sheinbaum-anuncia-modificaciones-a-la-iniciativa-de-ley-en-materia-de-telecomunicaciones-y-radiodifusion-tras-criticas-sobre-censura\\\/#primaryimage\"},\"thumbnailUrl\":\"https:\\\/\\\/canal7slp.tv\\\/2025\\\/wp-content\\\/uploads\\\/2025\\\/04\\\/08-24.jpg\",\"articleSection\":[\"NACIONALES\"],\"inLanguage\":\"es\"},{\"@type\":\"WebPage\",\"@id\":\"https:\\\/\\\/canal7slp.tv\\\/2025\\\/claudia-sheinbaum-anuncia-modificaciones-a-la-iniciativa-de-ley-en-materia-de-telecomunicaciones-y-radiodifusion-tras-criticas-sobre-censura\\\/\",\"url\":\"https:\\\/\\\/canal7slp.tv\\\/2025\\\/claudia-sheinbaum-anuncia-modificaciones-a-la-iniciativa-de-ley-en-materia-de-telecomunicaciones-y-radiodifusion-tras-criticas-sobre-censura\\\/\",\"name\":\"Claudia Sheinbaum anuncia modificaciones a la iniciativa de ley en materia de telecomunicaciones y radiodifusi\u00f3n tras cr\u00edticas sobre censura - Canal 7 SLP - 2025\",\"isPartOf\":{\"@id\":\"https:\\\/\\\/canal7slp.tv\\\/2025\\\/#website\"},\"primaryImageOfPage\":{\"@id\":\"https:\\\/\\\/canal7slp.tv\\\/2025\\\/claudia-sheinbaum-anuncia-modificaciones-a-la-iniciativa-de-ley-en-materia-de-telecomunicaciones-y-radiodifusion-tras-criticas-sobre-censura\\\/#primaryimage\"},\"image\":{\"@id\":\"https:\\\/\\\/canal7slp.tv\\\/2025\\\/claudia-sheinbaum-anuncia-modificaciones-a-la-iniciativa-de-ley-en-materia-de-telecomunicaciones-y-radiodifusion-tras-criticas-sobre-censura\\\/#primaryimage\"},\"thumbnailUrl\":\"https:\\\/\\\/canal7slp.tv\\\/2025\\\/wp-content\\\/uploads\\\/2025\\\/04\\\/08-24.jpg\",\"datePublished\":\"2025-04-25T21:33:54+00:00\",\"dateModified\":\"2025-04-25T21:34:58+00:00\",\"breadcrumb\":{\"@id\":\"https:\\\/\\\/canal7slp.tv\\\/2025\\\/claudia-sheinbaum-anuncia-modificaciones-a-la-iniciativa-de-ley-en-materia-de-telecomunicaciones-y-radiodifusion-tras-criticas-sobre-censura\\\/#breadcrumb\"},\"inLanguage\":\"es\",\"potentialAction\":[{\"@type\":\"ReadAction\",\"target\":[\"https:\\\/\\\/canal7slp.tv\\\/2025\\\/claudia-sheinbaum-anuncia-modificaciones-a-la-iniciativa-de-ley-en-materia-de-telecomunicaciones-y-radiodifusion-tras-criticas-sobre-censura\\\/\"]}]},{\"@type\":\"ImageObject\",\"inLanguage\":\"es\",\"@id\":\"https:\\\/\\\/canal7slp.tv\\\/2025\\\/claudia-sheinbaum-anuncia-modificaciones-a-la-iniciativa-de-ley-en-materia-de-telecomunicaciones-y-radiodifusion-tras-criticas-sobre-censura\\\/#primaryimage\",\"url\":\"https:\\\/\\\/canal7slp.tv\\\/2025\\\/wp-content\\\/uploads\\\/2025\\\/04\\\/08-24.jpg\",\"contentUrl\":\"https:\\\/\\\/canal7slp.tv\\\/2025\\\/wp-content\\\/uploads\\\/2025\\\/04\\\/08-24.jpg\",\"width\":730,\"height\":450},{\"@type\":\"BreadcrumbList\",\"@id\":\"https:\\\/\\\/canal7slp.tv\\\/2025\\\/claudia-sheinbaum-anuncia-modificaciones-a-la-iniciativa-de-ley-en-materia-de-telecomunicaciones-y-radiodifusion-tras-criticas-sobre-censura\\\/#breadcrumb\",\"itemListElement\":[{\"@type\":\"ListItem\",\"position\":1,\"name\":\"Portada\",\"item\":\"https:\\\/\\\/canal7slp.tv\\\/2025\\\/\"},{\"@type\":\"ListItem\",\"position\":2,\"name\":\"Claudia Sheinbaum anuncia modificaciones a la iniciativa de ley en materia de telecomunicaciones y radiodifusi\u00f3n tras cr\u00edticas sobre censura\"}]},{\"@type\":\"WebSite\",\"@id\":\"https:\\\/\\\/canal7slp.tv\\\/2025\\\/#website\",\"url\":\"https:\\\/\\\/canal7slp.tv\\\/2025\\\/\",\"name\":\"N7 - Noticieros Canal 7\",\"description\":\"Somos el Medio\",\"publisher\":{\"@id\":\"https:\\\/\\\/canal7slp.tv\\\/2025\\\/#organization\"},\"potentialAction\":[{\"@type\":\"SearchAction\",\"target\":{\"@type\":\"EntryPoint\",\"urlTemplate\":\"https:\\\/\\\/canal7slp.tv\\\/2025\\\/?s={search_term_string}\"},\"query-input\":{\"@type\":\"PropertyValueSpecification\",\"valueRequired\":true,\"valueName\":\"search_term_string\"}}],\"inLanguage\":\"es\"},{\"@type\":\"Organization\",\"@id\":\"https:\\\/\\\/canal7slp.tv\\\/2025\\\/#organization\",\"name\":\"Noticieros Canal 7\",\"url\":\"https:\\\/\\\/canal7slp.tv\\\/2025\\\/\",\"logo\":{\"@type\":\"ImageObject\",\"inLanguage\":\"es\",\"@id\":\"https:\\\/\\\/canal7slp.tv\\\/2025\\\/#\\\/schema\\\/logo\\\/image\\\/\",\"url\":\"https:\\\/\\\/canal7slp.tv\\\/2025\\\/wp-content\\\/uploads\\\/2021\\\/01\\\/logo-noticieros@2x.png\",\"contentUrl\":\"https:\\\/\\\/canal7slp.tv\\\/2025\\\/wp-content\\\/uploads\\\/2021\\\/01\\\/logo-noticieros@2x.png\",\"width\":1017,\"height\":268,\"caption\":\"Noticieros Canal 7\"},\"image\":{\"@id\":\"https:\\\/\\\/canal7slp.tv\\\/2025\\\/#\\\/schema\\\/logo\\\/image\\\/\"},\"sameAs\":[\"https:\\\/\\\/www.facebook.com\\\/noticieroscanal7atencionciudadana\\\/\",\"https:\\\/\\\/x.com\\\/NOTICIEROS7\",\"https:\\\/\\\/www.instagram.com\\\/canal7_slp\",\"https:\\\/\\\/www.youtube.com\\\/channel\\\/UCliiYs-gP3JfJeqdPrNdd5A\"]},{\"@type\":\"Person\",\"@id\":\"https:\\\/\\\/canal7slp.tv\\\/2025\\\/#\\\/schema\\\/person\\\/271e2b60a96e7cc9d9ac296f4d7e414b\",\"name\":\"Edici\u00f3n Web\",\"image\":{\"@type\":\"ImageObject\",\"inLanguage\":\"es\",\"@id\":\"https:\\\/\\\/secure.gravatar.com\\\/avatar\\\/eee448fc3f7164808013b816ba91ac7e43bbe82a70bebac296f8bc6f0addaa1a?s=96&d=mm&r=g\",\"url\":\"https:\\\/\\\/secure.gravatar.com\\\/avatar\\\/eee448fc3f7164808013b816ba91ac7e43bbe82a70bebac296f8bc6f0addaa1a?s=96&d=mm&r=g\",\"contentUrl\":\"https:\\\/\\\/secure.gravatar.com\\\/avatar\\\/eee448fc3f7164808013b816ba91ac7e43bbe82a70bebac296f8bc6f0addaa1a?s=96&d=mm&r=g\",\"caption\":\"Edici\u00f3n Web\"},\"url\":\"https:\\\/\\\/canal7slp.tv\\\/2025\\\/author\\\/edicionweb\\\/\"}]}<\/script>\n<!-- \/ Yoast SEO plugin. -->","yoast_head_json":{"title":"Claudia Sheinbaum anuncia modificaciones a la iniciativa de ley en materia de telecomunicaciones y radiodifusi\u00f3n tras cr\u00edticas sobre censura - Canal 7 SLP - 2025","robots":{"index":"index","follow":"follow","max-snippet":"max-snippet:-1","max-image-preview":"max-image-preview:large","max-video-preview":"max-video-preview:-1"},"canonical":"https:\/\/canal7slp.tv\/2025\/claudia-sheinbaum-anuncia-modificaciones-a-la-iniciativa-de-ley-en-materia-de-telecomunicaciones-y-radiodifusion-tras-criticas-sobre-censura\/","og_locale":"es_ES","og_type":"article","og_title":"Claudia Sheinbaum anuncia modificaciones a la iniciativa de ley en materia de telecomunicaciones y radiodifusi\u00f3n tras cr\u00edticas sobre censura - Canal 7 SLP - 2025","og_description":"M\u00e9xico.- La presidenta Claudia Sheinbaum anunci\u00f3 que se modificar\u00e1 la iniciativa de ley que contempla el \u00abbloqueo temporal de plataformas digitales\u00bb, en respuesta a las cr\u00edticas por presunta censura, tanto de la oposici\u00f3n como de organismos internacionales como la ONU. Durante su conferencia matutina, Sheinbaum asegur\u00f3 que el art\u00edculo 109 de la propuesta \u2014el cual permitir\u00eda suspender plataformas por incumplimientos\u2014 ser\u00e1 revisado o eliminado, a fin de evitar confusiones sobre su prop\u00f3sito. La mandataria aclar\u00f3 que el objetivo de la ley no es censurar, sino dotar de facultades a la Agencia de Transformaci\u00f3n Digital para regular plataformas que no cumplan [&hellip;]","og_url":"https:\/\/canal7slp.tv\/2025\/claudia-sheinbaum-anuncia-modificaciones-a-la-iniciativa-de-ley-en-materia-de-telecomunicaciones-y-radiodifusion-tras-criticas-sobre-censura\/","og_site_name":"Canal 7 SLP - 2025","article_publisher":"https:\/\/www.facebook.com\/noticieroscanal7atencionciudadana\/","article_published_time":"2025-04-25T21:33:54+00:00","article_modified_time":"2025-04-25T21:34:58+00:00","og_image":[{"width":730,"height":450,"url":"https:\/\/canal7slp.tv\/2025\/wp-content\/uploads\/2025\/04\/08-24.jpg","type":"image\/jpeg"}],"author":"Edici\u00f3n Web","twitter_card":"summary_large_image","twitter_creator":"@NOTICIEROS7","twitter_site":"@NOTICIEROS7","twitter_misc":{"Escrito por":"Edici\u00f3n Web","Tiempo de lectura":"2 minutos"},"schema":{"@context":"https:\/\/schema.org","@graph":[{"@type":"Article","@id":"https:\/\/canal7slp.tv\/2025\/claudia-sheinbaum-anuncia-modificaciones-a-la-iniciativa-de-ley-en-materia-de-telecomunicaciones-y-radiodifusion-tras-criticas-sobre-censura\/#article","isPartOf":{"@id":"https:\/\/canal7slp.tv\/2025\/claudia-sheinbaum-anuncia-modificaciones-a-la-iniciativa-de-ley-en-materia-de-telecomunicaciones-y-radiodifusion-tras-criticas-sobre-censura\/"},"author":{"name":"Edici\u00f3n Web","@id":"https:\/\/canal7slp.tv\/2025\/#\/schema\/person\/271e2b60a96e7cc9d9ac296f4d7e414b"},"headline":"Claudia Sheinbaum anuncia modificaciones a la iniciativa de ley en materia de telecomunicaciones y radiodifusi\u00f3n tras cr\u00edticas sobre censura","datePublished":"2025-04-25T21:33:54+00:00","dateModified":"2025-04-25T21:34:58+00:00","mainEntityOfPage":{"@id":"https:\/\/canal7slp.tv\/2025\/claudia-sheinbaum-anuncia-modificaciones-a-la-iniciativa-de-ley-en-materia-de-telecomunicaciones-y-radiodifusion-tras-criticas-sobre-censura\/"},"wordCount":240,"publisher":{"@id":"https:\/\/canal7slp.tv\/2025\/#organization"},"image":{"@id":"https:\/\/canal7slp.tv\/2025\/claudia-sheinbaum-anuncia-modificaciones-a-la-iniciativa-de-ley-en-materia-de-telecomunicaciones-y-radiodifusion-tras-criticas-sobre-censura\/#primaryimage"},"thumbnailUrl":"https:\/\/canal7slp.tv\/2025\/wp-content\/uploads\/2025\/04\/08-24.jpg","articleSection":["NACIONALES"],"inLanguage":"es"},{"@type":"WebPage","@id":"https:\/\/canal7slp.tv\/2025\/claudia-sheinbaum-anuncia-modificaciones-a-la-iniciativa-de-ley-en-materia-de-telecomunicaciones-y-radiodifusion-tras-criticas-sobre-censura\/","url":"https:\/\/canal7slp.tv\/2025\/claudia-sheinbaum-anuncia-modificaciones-a-la-iniciativa-de-ley-en-materia-de-telecomunicaciones-y-radiodifusion-tras-criticas-sobre-censura\/","name":"Claudia Sheinbaum anuncia modificaciones a la iniciativa de ley en materia de telecomunicaciones y radiodifusi\u00f3n tras cr\u00edticas sobre censura - Canal 7 SLP - 2025","isPartOf":{"@id":"https:\/\/canal7slp.tv\/2025\/#website"},"primaryImageOfPage":{"@id":"https:\/\/canal7slp.tv\/2025\/claudia-sheinbaum-anuncia-modificaciones-a-la-iniciativa-de-ley-en-materia-de-telecomunicaciones-y-radiodifusion-tras-criticas-sobre-censura\/#primaryimage"},"image":{"@id":"https:\/\/canal7slp.tv\/2025\/claudia-sheinbaum-anuncia-modificaciones-a-la-iniciativa-de-ley-en-materia-de-telecomunicaciones-y-radiodifusion-tras-criticas-sobre-censura\/#primaryimage"},"thumbnailUrl":"https:\/\/canal7slp.tv\/2025\/wp-content\/uploads\/2025\/04\/08-24.jpg","datePublished":"2025-04-25T21:33:54+00:00","dateModified":"2025-04-25T21:34:58+00:00","breadcrumb":{"@id":"https:\/\/canal7slp.tv\/2025\/claudia-sheinbaum-anuncia-modificaciones-a-la-iniciativa-de-ley-en-materia-de-telecomunicaciones-y-radiodifusion-tras-criticas-sobre-censura\/#breadcrumb"},"inLanguage":"es","potentialAction":[{"@type":"ReadAction","target":["https:\/\/canal7slp.tv\/2025\/claudia-sheinbaum-anuncia-modificaciones-a-la-iniciativa-de-ley-en-materia-de-telecomunicaciones-y-radiodifusion-tras-criticas-sobre-censura\/"]}]},{"@type":"ImageObject","inLanguage":"es","@id":"https:\/\/canal7slp.tv\/2025\/claudia-sheinbaum-anuncia-modificaciones-a-la-iniciativa-de-ley-en-materia-de-telecomunicaciones-y-radiodifusion-tras-criticas-sobre-censura\/#primaryimage","url":"https:\/\/canal7slp.tv\/2025\/wp-content\/uploads\/2025\/04\/08-24.jpg","contentUrl":"https:\/\/canal7slp.tv\/2025\/wp-content\/uploads\/2025\/04\/08-24.jpg","width":730,"height":450},{"@type":"BreadcrumbList","@id":"https:\/\/canal7slp.tv\/2025\/claudia-sheinbaum-anuncia-modificaciones-a-la-iniciativa-de-ley-en-materia-de-telecomunicaciones-y-radiodifusion-tras-criticas-sobre-censura\/#breadcrumb","itemListElement":[{"@type":"ListItem","position":1,"name":"Portada","item":"https:\/\/canal7slp.tv\/2025\/"},{"@type":"ListItem","position":2,"name":"Claudia Sheinbaum anuncia modificaciones a la iniciativa de ley en materia de telecomunicaciones y radiodifusi\u00f3n tras cr\u00edticas sobre censura"}]},{"@type":"WebSite","@id":"https:\/\/canal7slp.tv\/2025\/#website","url":"https:\/\/canal7slp.tv\/2025\/","name":"N7 - Noticieros Canal 7","description":"Somos el Medio","publisher":{"@id":"https:\/\/canal7slp.tv\/2025\/#organization"},"potentialAction":[{"@type":"SearchAction","target":{"@type":"EntryPoint","urlTemplate":"https:\/\/canal7slp.tv\/2025\/?s={search_term_string}"},"query-input":{"@type":"PropertyValueSpecification","valueRequired":true,"valueName":"search_term_string"}}],"inLanguage":"es"},{"@type":"Organization","@id":"https:\/\/canal7slp.tv\/2025\/#organization","name":"Noticieros Canal 7","url":"https:\/\/canal7slp.tv\/2025\/","logo":{"@type":"ImageObject","inLanguage":"es","@id":"https:\/\/canal7slp.tv\/2025\/#\/schema\/logo\/image\/","url":"https:\/\/canal7slp.tv\/2025\/wp-content\/uploads\/2021\/01\/logo-noticieros@2x.png","contentUrl":"https:\/\/canal7slp.tv\/2025\/wp-content\/uploads\/2021\/01\/logo-noticieros@2x.png","width":1017,"height":268,"caption":"Noticieros Canal 7"},"image":{"@id":"https:\/\/canal7slp.tv\/2025\/#\/schema\/logo\/image\/"},"sameAs":["https:\/\/www.facebook.com\/noticieroscanal7atencionciudadana\/","https:\/\/x.com\/NOTICIEROS7","https:\/\/www.instagram.com\/canal7_slp","https:\/\/www.youtube.com\/channel\/UCliiYs-gP3JfJeqdPrNdd5A"]},{"@type":"Person","@id":"https:\/\/canal7slp.tv\/2025\/#\/schema\/person\/271e2b60a96e7cc9d9ac296f4d7e414b","name":"Edici\u00f3n Web","image":{"@type":"ImageObject","inLanguage":"es","@id":"https:\/\/secure.gravatar.com\/avatar\/eee448fc3f7164808013b816ba91ac7e43bbe82a70bebac296f8bc6f0addaa1a?s=96&d=mm&r=g","url":"https:\/\/secure.gravatar.com\/avatar\/eee448fc3f7164808013b816ba91ac7e43bbe82a70bebac296f8bc6f0addaa1a?s=96&d=mm&r=g","contentUrl":"https:\/\/secure.gravatar.com\/avatar\/eee448fc3f7164808013b816ba91ac7e43bbe82a70bebac296f8bc6f0addaa1a?s=96&d=mm&r=g","caption":"Edici\u00f3n Web"},"url":"https:\/\/canal7slp.tv\/2025\/author\/edicionweb\/"}]}},"_links":{"self":[{"href":"https:\/\/canal7slp.tv\/2025\/wp-json\/wp\/v2\/posts\/164364","targetHints":{"allow":["GET"]}}],"collection":[{"href":"https:\/\/canal7slp.tv\/2025\/wp-json\/wp\/v2\/posts"}],"about":[{"href":"https:\/\/canal7slp.tv\/2025\/wp-json\/wp\/v2\/types\/post"}],"author":[{"embeddable":true,"href":"https:\/\/canal7slp.tv\/2025\/wp-json\/wp\/v2\/users\/2"}],"replies":[{"embeddable":true,"href":"https:\/\/canal7slp.tv\/2025\/wp-json\/wp\/v2\/comments?post=164364"}],"version-history":[{"count":3,"href":"https:\/\/canal7slp.tv\/2025\/wp-json\/wp\/v2\/posts\/164364\/revisions"}],"predecessor-version":[{"id":164368,"href":"https:\/\/canal7slp.tv\/2025\/wp-json\/wp\/v2\/posts\/164364\/revisions\/164368"}],"wp:featuredmedia":[{"embeddable":true,"href":"https:\/\/canal7slp.tv\/2025\/wp-json\/wp\/v2\/media\/164365"}],"wp:attachment":[{"href":"https:\/\/canal7slp.tv\/2025\/wp-json\/wp\/v2\/media?parent=164364"}],"wp:term":[{"taxonomy":"category","embeddable":true,"href":"https:\/\/canal7slp.tv\/2025\/wp-json\/wp\/v2\/categories?post=164364"},{"taxonomy":"post_tag","embeddable":true,"href":"https:\/\/canal7slp.tv\/2025\/wp-json\/wp\/v2\/tags?post=164364"}],"curies":[{"name":"wp","href":"https:\/\/api.w.org\/{rel}","templated":true}]}}