{"id":164361,"date":"2025-04-25T15:28:14","date_gmt":"2025-04-25T21:28:14","guid":{"rendered":"https:\/\/canal7slp.tv\/2025\/?p=164361"},"modified":"2025-04-25T15:28:14","modified_gmt":"2025-04-25T21:28:14","slug":"ine-anulara-candidaturas-judiciales-con-antecedentes-por-violencia-o-deudas-alimentarias","status":"publish","type":"post","link":"https:\/\/canal7slp.tv\/2025\/ine-anulara-candidaturas-judiciales-con-antecedentes-por-violencia-o-deudas-alimentarias\/","title":{"rendered":"INE anular\u00e1 candidaturas judiciales con antecedentes por violencia o deudas alimentarias"},"content":{"rendered":"<p style=\"text-align: justify;\">M\u00e9xico.- El Instituto Nacional Electoral (INE) aprob\u00f3 un protocolo para revisar las candidaturas al Poder Judicial, con el objetivo de anular aquellas que no cumplan con los requisitos de elegibilidad establecidos por la ley.<\/p>\n<p style=\"text-align: justify;\">Esta medida se sustenta en la pol\u00edtica \u201c8 de 8 contra la violencia\u201d, la cual busca garantizar que los aspirantes no tengan antecedentes de violencia de g\u00e9nero, no sean deudores alimentarios ni pr\u00f3fugos de la justicia.<\/p>\n<p style=\"text-align: justify;\">Durante una sesi\u00f3n del Consejo General, se acord\u00f3 que los candidatos deber\u00e1n presentar documentaci\u00f3n que acredite su idoneidad, incluyendo una carta de veracidad y un certificado que confirme que no son deudores alimentarios.<\/p>\n<p style=\"text-align: justify;\">Asimismo, se habilitar\u00e1 un micrositio para que ciudadanos y organizaciones civiles puedan denunciar y aportar evidencia sobre posibles irregularidades en las candidaturas.<\/p>\n<p style=\"text-align: justify;\">Entre las causales que podr\u00edan llevar al INE a declarar la inelegibilidad de un aspirante se encuentran las sentencias firmes por delitos como violencia familiar, agresiones sexuales, y el estatus de pr\u00f3fugo desde la emisi\u00f3n de una orden de aprehensi\u00f3n.<\/p>\n<p style=\"text-align: justify;\">La consejera Claudia Zavala enfatiz\u00f3 que, ante la presentaci\u00f3n de pruebas que acrediten estas circunstancias, el INE deber\u00e1 declarar la inelegibilidad correspondiente.<\/p>\n<p style=\"text-align: justify;\">El organismo electoral presentar\u00e1 un informe preliminar de hallazgos el 2 de junio, un d\u00eda despu\u00e9s de la elecci\u00f3n judicial, y el 15 de junio determinar\u00e1 la validez de los resultados.<\/p>\n<p style=\"text-align: justify;\">Pese a la controversia generada por la revisi\u00f3n de perfiles, algunos consejeros defendieron la medida como una herramienta indispensable para asegurar que los futuros integrantes del Poder Judicial cumplan con los est\u00e1ndares \u00e9ticos y legales.<\/p>\n<p style=\"text-align: justify;\">Organizaciones civiles han manifestado su preocupaci\u00f3n por la postulaci\u00f3n de candidatos presuntamente vinculados al crimen organizado y a la iglesia de la Luz del Mundo, subrayando la necesidad de un escrutinio riguroso para preservar la integridad del sistema judicial.<\/p>\n","protected":false},"excerpt":{"rendered":"<p>M\u00e9xico.- El Instituto Nacional Electoral (INE) aprob\u00f3 un protocolo para revisar las candidaturas al Poder Judicial, con el objetivo de anular aquellas que no cumplan con los requisitos de elegibilidad establecidos por la ley. Esta medida se sustenta en la pol\u00edtica \u201c8 de 8 contra la violencia\u201d, la cual busca garantizar que los aspirantes no tengan antecedentes de violencia de g\u00e9nero, no sean deudores alimentarios ni pr\u00f3fugos de la justicia. Durante una sesi\u00f3n del Consejo General, se acord\u00f3 que los candidatos deber\u00e1n presentar documentaci\u00f3n que acredite su idoneidad, incluyendo una carta de veracidad y un certificado que confirme que no [&hellip;]<\/p>\n","protected":false},"author":2,"featured_media":164362,"comment_status":"closed","ping_status":"closed","sticky":false,"template":"","format":"standard","meta":{"_monsterinsights_skip_tracking":false,"_monsterinsights_sitenote_active":false,"_monsterinsights_sitenote_note":"","_monsterinsights_sitenote_category":0,"footnotes":""},"categories":[46],"tags":[],"class_list":["post-164361","post","type-post","status-publish","format-standard","has-post-thumbnail","hentry","category-nacional","post--single"],"yoast_head":"<!-- This site is optimized with the Yoast SEO plugin v27.4 - https:\/\/yoast.com\/product\/yoast-seo-wordpress\/ -->\n<title>INE anular\u00e1 candidaturas judiciales con antecedentes por violencia o deudas alimentarias - Canal 7 SLP - 2025<\/title>\n<meta name=\"robots\" content=\"index, follow, max-snippet:-1, max-image-preview:large, max-video-preview:-1\" \/>\n<link rel=\"canonical\" href=\"https:\/\/canal7slp.tv\/2025\/ine-anulara-candidaturas-judiciales-con-antecedentes-por-violencia-o-deudas-alimentarias\/\" \/>\n<meta property=\"og:locale\" content=\"es_ES\" \/>\n<meta property=\"og:type\" content=\"article\" \/>\n<meta property=\"og:title\" content=\"INE anular\u00e1 candidaturas judiciales con antecedentes por violencia o deudas alimentarias - Canal 7 SLP - 2025\" \/>\n<meta property=\"og:description\" content=\"M\u00e9xico.- El Instituto Nacional Electoral (INE) aprob\u00f3 un protocolo para revisar las candidaturas al Poder Judicial, con el objetivo de anular aquellas que no cumplan con los requisitos de elegibilidad establecidos por la ley. Esta medida se sustenta en la pol\u00edtica \u201c8 de 8 contra la violencia\u201d, la cual busca garantizar que los aspirantes no tengan antecedentes de violencia de g\u00e9nero, no sean deudores alimentarios ni pr\u00f3fugos de la justicia. Durante una sesi\u00f3n del Consejo General, se acord\u00f3 que los candidatos deber\u00e1n presentar documentaci\u00f3n que acredite su idoneidad, incluyendo una carta de veracidad y un certificado que confirme que no [&hellip;]\" \/>\n<meta property=\"og:url\" content=\"https:\/\/canal7slp.tv\/2025\/ine-anulara-candidaturas-judiciales-con-antecedentes-por-violencia-o-deudas-alimentarias\/\" \/>\n<meta property=\"og:site_name\" content=\"Canal 7 SLP - 2025\" \/>\n<meta property=\"article:publisher\" content=\"https:\/\/www.facebook.com\/noticieroscanal7atencionciudadana\/\" \/>\n<meta property=\"article:published_time\" content=\"2025-04-25T21:28:14+00:00\" \/>\n<meta property=\"og:image\" content=\"https:\/\/canal7slp.tv\/2025\/wp-content\/uploads\/2025\/04\/07-25.jpg\" \/>\n\t<meta property=\"og:image:width\" content=\"784\" \/>\n\t<meta property=\"og:image:height\" content=\"500\" \/>\n\t<meta property=\"og:image:type\" content=\"image\/jpeg\" \/>\n<meta name=\"author\" content=\"Edici\u00f3n Web\" \/>\n<meta name=\"twitter:card\" content=\"summary_large_image\" \/>\n<meta name=\"twitter:creator\" content=\"@NOTICIEROS7\" \/>\n<meta name=\"twitter:site\" content=\"@NOTICIEROS7\" \/>\n<meta name=\"twitter:label1\" content=\"Escrito por\" \/>\n\t<meta name=\"twitter:data1\" content=\"Edici\u00f3n Web\" \/>\n\t<meta name=\"twitter:label2\" content=\"Tiempo de lectura\" \/>\n\t<meta name=\"twitter:data2\" content=\"2 minutos\" \/>\n<script type=\"application\/ld+json\" class=\"yoast-schema-graph\">{\"@context\":\"https:\\\/\\\/schema.org\",\"@graph\":[{\"@type\":\"Article\",\"@id\":\"https:\\\/\\\/canal7slp.tv\\\/2025\\\/ine-anulara-candidaturas-judiciales-con-antecedentes-por-violencia-o-deudas-alimentarias\\\/#article\",\"isPartOf\":{\"@id\":\"https:\\\/\\\/canal7slp.tv\\\/2025\\\/ine-anulara-candidaturas-judiciales-con-antecedentes-por-violencia-o-deudas-alimentarias\\\/\"},\"author\":{\"name\":\"Edici\u00f3n Web\",\"@id\":\"https:\\\/\\\/canal7slp.tv\\\/2025\\\/#\\\/schema\\\/person\\\/271e2b60a96e7cc9d9ac296f4d7e414b\"},\"headline\":\"INE anular\u00e1 candidaturas judiciales con antecedentes por violencia o deudas alimentarias\",\"datePublished\":\"2025-04-25T21:28:14+00:00\",\"mainEntityOfPage\":{\"@id\":\"https:\\\/\\\/canal7slp.tv\\\/2025\\\/ine-anulara-candidaturas-judiciales-con-antecedentes-por-violencia-o-deudas-alimentarias\\\/\"},\"wordCount\":319,\"publisher\":{\"@id\":\"https:\\\/\\\/canal7slp.tv\\\/2025\\\/#organization\"},\"image\":{\"@id\":\"https:\\\/\\\/canal7slp.tv\\\/2025\\\/ine-anulara-candidaturas-judiciales-con-antecedentes-por-violencia-o-deudas-alimentarias\\\/#primaryimage\"},\"thumbnailUrl\":\"https:\\\/\\\/canal7slp.tv\\\/2025\\\/wp-content\\\/uploads\\\/2025\\\/04\\\/07-25.jpg\",\"articleSection\":[\"NACIONALES\"],\"inLanguage\":\"es\"},{\"@type\":\"WebPage\",\"@id\":\"https:\\\/\\\/canal7slp.tv\\\/2025\\\/ine-anulara-candidaturas-judiciales-con-antecedentes-por-violencia-o-deudas-alimentarias\\\/\",\"url\":\"https:\\\/\\\/canal7slp.tv\\\/2025\\\/ine-anulara-candidaturas-judiciales-con-antecedentes-por-violencia-o-deudas-alimentarias\\\/\",\"name\":\"INE anular\u00e1 candidaturas judiciales con antecedentes por violencia o deudas alimentarias - Canal 7 SLP - 2025\",\"isPartOf\":{\"@id\":\"https:\\\/\\\/canal7slp.tv\\\/2025\\\/#website\"},\"primaryImageOfPage\":{\"@id\":\"https:\\\/\\\/canal7slp.tv\\\/2025\\\/ine-anulara-candidaturas-judiciales-con-antecedentes-por-violencia-o-deudas-alimentarias\\\/#primaryimage\"},\"image\":{\"@id\":\"https:\\\/\\\/canal7slp.tv\\\/2025\\\/ine-anulara-candidaturas-judiciales-con-antecedentes-por-violencia-o-deudas-alimentarias\\\/#primaryimage\"},\"thumbnailUrl\":\"https:\\\/\\\/canal7slp.tv\\\/2025\\\/wp-content\\\/uploads\\\/2025\\\/04\\\/07-25.jpg\",\"datePublished\":\"2025-04-25T21:28:14+00:00\",\"breadcrumb\":{\"@id\":\"https:\\\/\\\/canal7slp.tv\\\/2025\\\/ine-anulara-candidaturas-judiciales-con-antecedentes-por-violencia-o-deudas-alimentarias\\\/#breadcrumb\"},\"inLanguage\":\"es\",\"potentialAction\":[{\"@type\":\"ReadAction\",\"target\":[\"https:\\\/\\\/canal7slp.tv\\\/2025\\\/ine-anulara-candidaturas-judiciales-con-antecedentes-por-violencia-o-deudas-alimentarias\\\/\"]}]},{\"@type\":\"ImageObject\",\"inLanguage\":\"es\",\"@id\":\"https:\\\/\\\/canal7slp.tv\\\/2025\\\/ine-anulara-candidaturas-judiciales-con-antecedentes-por-violencia-o-deudas-alimentarias\\\/#primaryimage\",\"url\":\"https:\\\/\\\/canal7slp.tv\\\/2025\\\/wp-content\\\/uploads\\\/2025\\\/04\\\/07-25.jpg\",\"contentUrl\":\"https:\\\/\\\/canal7slp.tv\\\/2025\\\/wp-content\\\/uploads\\\/2025\\\/04\\\/07-25.jpg\",\"width\":784,\"height\":500},{\"@type\":\"BreadcrumbList\",\"@id\":\"https:\\\/\\\/canal7slp.tv\\\/2025\\\/ine-anulara-candidaturas-judiciales-con-antecedentes-por-violencia-o-deudas-alimentarias\\\/#breadcrumb\",\"itemListElement\":[{\"@type\":\"ListItem\",\"position\":1,\"name\":\"Portada\",\"item\":\"https:\\\/\\\/canal7slp.tv\\\/2025\\\/\"},{\"@type\":\"ListItem\",\"position\":2,\"name\":\"INE anular\u00e1 candidaturas judiciales con antecedentes por violencia o deudas alimentarias\"}]},{\"@type\":\"WebSite\",\"@id\":\"https:\\\/\\\/canal7slp.tv\\\/2025\\\/#website\",\"url\":\"https:\\\/\\\/canal7slp.tv\\\/2025\\\/\",\"name\":\"N7 - Noticieros Canal 7\",\"description\":\"Somos el Medio\",\"publisher\":{\"@id\":\"https:\\\/\\\/canal7slp.tv\\\/2025\\\/#organization\"},\"potentialAction\":[{\"@type\":\"SearchAction\",\"target\":{\"@type\":\"EntryPoint\",\"urlTemplate\":\"https:\\\/\\\/canal7slp.tv\\\/2025\\\/?s={search_term_string}\"},\"query-input\":{\"@type\":\"PropertyValueSpecification\",\"valueRequired\":true,\"valueName\":\"search_term_string\"}}],\"inLanguage\":\"es\"},{\"@type\":\"Organization\",\"@id\":\"https:\\\/\\\/canal7slp.tv\\\/2025\\\/#organization\",\"name\":\"Noticieros Canal 7\",\"url\":\"https:\\\/\\\/canal7slp.tv\\\/2025\\\/\",\"logo\":{\"@type\":\"ImageObject\",\"inLanguage\":\"es\",\"@id\":\"https:\\\/\\\/canal7slp.tv\\\/2025\\\/#\\\/schema\\\/logo\\\/image\\\/\",\"url\":\"https:\\\/\\\/canal7slp.tv\\\/2025\\\/wp-content\\\/uploads\\\/2021\\\/01\\\/logo-noticieros@2x.png\",\"contentUrl\":\"https:\\\/\\\/canal7slp.tv\\\/2025\\\/wp-content\\\/uploads\\\/2021\\\/01\\\/logo-noticieros@2x.png\",\"width\":1017,\"height\":268,\"caption\":\"Noticieros Canal 7\"},\"image\":{\"@id\":\"https:\\\/\\\/canal7slp.tv\\\/2025\\\/#\\\/schema\\\/logo\\\/image\\\/\"},\"sameAs\":[\"https:\\\/\\\/www.facebook.com\\\/noticieroscanal7atencionciudadana\\\/\",\"https:\\\/\\\/x.com\\\/NOTICIEROS7\",\"https:\\\/\\\/www.instagram.com\\\/canal7_slp\",\"https:\\\/\\\/www.youtube.com\\\/channel\\\/UCliiYs-gP3JfJeqdPrNdd5A\"]},{\"@type\":\"Person\",\"@id\":\"https:\\\/\\\/canal7slp.tv\\\/2025\\\/#\\\/schema\\\/person\\\/271e2b60a96e7cc9d9ac296f4d7e414b\",\"name\":\"Edici\u00f3n Web\",\"image\":{\"@type\":\"ImageObject\",\"inLanguage\":\"es\",\"@id\":\"https:\\\/\\\/secure.gravatar.com\\\/avatar\\\/eee448fc3f7164808013b816ba91ac7e43bbe82a70bebac296f8bc6f0addaa1a?s=96&d=mm&r=g\",\"url\":\"https:\\\/\\\/secure.gravatar.com\\\/avatar\\\/eee448fc3f7164808013b816ba91ac7e43bbe82a70bebac296f8bc6f0addaa1a?s=96&d=mm&r=g\",\"contentUrl\":\"https:\\\/\\\/secure.gravatar.com\\\/avatar\\\/eee448fc3f7164808013b816ba91ac7e43bbe82a70bebac296f8bc6f0addaa1a?s=96&d=mm&r=g\",\"caption\":\"Edici\u00f3n Web\"},\"url\":\"https:\\\/\\\/canal7slp.tv\\\/2025\\\/author\\\/edicionweb\\\/\"}]}<\/script>\n<!-- \/ Yoast SEO plugin. -->","yoast_head_json":{"title":"INE anular\u00e1 candidaturas judiciales con antecedentes por violencia o deudas alimentarias - Canal 7 SLP - 2025","robots":{"index":"index","follow":"follow","max-snippet":"max-snippet:-1","max-image-preview":"max-image-preview:large","max-video-preview":"max-video-preview:-1"},"canonical":"https:\/\/canal7slp.tv\/2025\/ine-anulara-candidaturas-judiciales-con-antecedentes-por-violencia-o-deudas-alimentarias\/","og_locale":"es_ES","og_type":"article","og_title":"INE anular\u00e1 candidaturas judiciales con antecedentes por violencia o deudas alimentarias - Canal 7 SLP - 2025","og_description":"M\u00e9xico.- El Instituto Nacional Electoral (INE) aprob\u00f3 un protocolo para revisar las candidaturas al Poder Judicial, con el objetivo de anular aquellas que no cumplan con los requisitos de elegibilidad establecidos por la ley. Esta medida se sustenta en la pol\u00edtica \u201c8 de 8 contra la violencia\u201d, la cual busca garantizar que los aspirantes no tengan antecedentes de violencia de g\u00e9nero, no sean deudores alimentarios ni pr\u00f3fugos de la justicia. Durante una sesi\u00f3n del Consejo General, se acord\u00f3 que los candidatos deber\u00e1n presentar documentaci\u00f3n que acredite su idoneidad, incluyendo una carta de veracidad y un certificado que confirme que no [&hellip;]","og_url":"https:\/\/canal7slp.tv\/2025\/ine-anulara-candidaturas-judiciales-con-antecedentes-por-violencia-o-deudas-alimentarias\/","og_site_name":"Canal 7 SLP - 2025","article_publisher":"https:\/\/www.facebook.com\/noticieroscanal7atencionciudadana\/","article_published_time":"2025-04-25T21:28:14+00:00","og_image":[{"width":784,"height":500,"url":"https:\/\/canal7slp.tv\/2025\/wp-content\/uploads\/2025\/04\/07-25.jpg","type":"image\/jpeg"}],"author":"Edici\u00f3n Web","twitter_card":"summary_large_image","twitter_creator":"@NOTICIEROS7","twitter_site":"@NOTICIEROS7","twitter_misc":{"Escrito por":"Edici\u00f3n Web","Tiempo de lectura":"2 minutos"},"schema":{"@context":"https:\/\/schema.org","@graph":[{"@type":"Article","@id":"https:\/\/canal7slp.tv\/2025\/ine-anulara-candidaturas-judiciales-con-antecedentes-por-violencia-o-deudas-alimentarias\/#article","isPartOf":{"@id":"https:\/\/canal7slp.tv\/2025\/ine-anulara-candidaturas-judiciales-con-antecedentes-por-violencia-o-deudas-alimentarias\/"},"author":{"name":"Edici\u00f3n Web","@id":"https:\/\/canal7slp.tv\/2025\/#\/schema\/person\/271e2b60a96e7cc9d9ac296f4d7e414b"},"headline":"INE anular\u00e1 candidaturas judiciales con antecedentes por violencia o deudas alimentarias","datePublished":"2025-04-25T21:28:14+00:00","mainEntityOfPage":{"@id":"https:\/\/canal7slp.tv\/2025\/ine-anulara-candidaturas-judiciales-con-antecedentes-por-violencia-o-deudas-alimentarias\/"},"wordCount":319,"publisher":{"@id":"https:\/\/canal7slp.tv\/2025\/#organization"},"image":{"@id":"https:\/\/canal7slp.tv\/2025\/ine-anulara-candidaturas-judiciales-con-antecedentes-por-violencia-o-deudas-alimentarias\/#primaryimage"},"thumbnailUrl":"https:\/\/canal7slp.tv\/2025\/wp-content\/uploads\/2025\/04\/07-25.jpg","articleSection":["NACIONALES"],"inLanguage":"es"},{"@type":"WebPage","@id":"https:\/\/canal7slp.tv\/2025\/ine-anulara-candidaturas-judiciales-con-antecedentes-por-violencia-o-deudas-alimentarias\/","url":"https:\/\/canal7slp.tv\/2025\/ine-anulara-candidaturas-judiciales-con-antecedentes-por-violencia-o-deudas-alimentarias\/","name":"INE anular\u00e1 candidaturas judiciales con antecedentes por violencia o deudas alimentarias - Canal 7 SLP - 2025","isPartOf":{"@id":"https:\/\/canal7slp.tv\/2025\/#website"},"primaryImageOfPage":{"@id":"https:\/\/canal7slp.tv\/2025\/ine-anulara-candidaturas-judiciales-con-antecedentes-por-violencia-o-deudas-alimentarias\/#primaryimage"},"image":{"@id":"https:\/\/canal7slp.tv\/2025\/ine-anulara-candidaturas-judiciales-con-antecedentes-por-violencia-o-deudas-alimentarias\/#primaryimage"},"thumbnailUrl":"https:\/\/canal7slp.tv\/2025\/wp-content\/uploads\/2025\/04\/07-25.jpg","datePublished":"2025-04-25T21:28:14+00:00","breadcrumb":{"@id":"https:\/\/canal7slp.tv\/2025\/ine-anulara-candidaturas-judiciales-con-antecedentes-por-violencia-o-deudas-alimentarias\/#breadcrumb"},"inLanguage":"es","potentialAction":[{"@type":"ReadAction","target":["https:\/\/canal7slp.tv\/2025\/ine-anulara-candidaturas-judiciales-con-antecedentes-por-violencia-o-deudas-alimentarias\/"]}]},{"@type":"ImageObject","inLanguage":"es","@id":"https:\/\/canal7slp.tv\/2025\/ine-anulara-candidaturas-judiciales-con-antecedentes-por-violencia-o-deudas-alimentarias\/#primaryimage","url":"https:\/\/canal7slp.tv\/2025\/wp-content\/uploads\/2025\/04\/07-25.jpg","contentUrl":"https:\/\/canal7slp.tv\/2025\/wp-content\/uploads\/2025\/04\/07-25.jpg","width":784,"height":500},{"@type":"BreadcrumbList","@id":"https:\/\/canal7slp.tv\/2025\/ine-anulara-candidaturas-judiciales-con-antecedentes-por-violencia-o-deudas-alimentarias\/#breadcrumb","itemListElement":[{"@type":"ListItem","position":1,"name":"Portada","item":"https:\/\/canal7slp.tv\/2025\/"},{"@type":"ListItem","position":2,"name":"INE anular\u00e1 candidaturas judiciales con antecedentes por violencia o deudas alimentarias"}]},{"@type":"WebSite","@id":"https:\/\/canal7slp.tv\/2025\/#website","url":"https:\/\/canal7slp.tv\/2025\/","name":"N7 - Noticieros Canal 7","description":"Somos el Medio","publisher":{"@id":"https:\/\/canal7slp.tv\/2025\/#organization"},"potentialAction":[{"@type":"SearchAction","target":{"@type":"EntryPoint","urlTemplate":"https:\/\/canal7slp.tv\/2025\/?s={search_term_string}"},"query-input":{"@type":"PropertyValueSpecification","valueRequired":true,"valueName":"search_term_string"}}],"inLanguage":"es"},{"@type":"Organization","@id":"https:\/\/canal7slp.tv\/2025\/#organization","name":"Noticieros Canal 7","url":"https:\/\/canal7slp.tv\/2025\/","logo":{"@type":"ImageObject","inLanguage":"es","@id":"https:\/\/canal7slp.tv\/2025\/#\/schema\/logo\/image\/","url":"https:\/\/canal7slp.tv\/2025\/wp-content\/uploads\/2021\/01\/logo-noticieros@2x.png","contentUrl":"https:\/\/canal7slp.tv\/2025\/wp-content\/uploads\/2021\/01\/logo-noticieros@2x.png","width":1017,"height":268,"caption":"Noticieros Canal 7"},"image":{"@id":"https:\/\/canal7slp.tv\/2025\/#\/schema\/logo\/image\/"},"sameAs":["https:\/\/www.facebook.com\/noticieroscanal7atencionciudadana\/","https:\/\/x.com\/NOTICIEROS7","https:\/\/www.instagram.com\/canal7_slp","https:\/\/www.youtube.com\/channel\/UCliiYs-gP3JfJeqdPrNdd5A"]},{"@type":"Person","@id":"https:\/\/canal7slp.tv\/2025\/#\/schema\/person\/271e2b60a96e7cc9d9ac296f4d7e414b","name":"Edici\u00f3n Web","image":{"@type":"ImageObject","inLanguage":"es","@id":"https:\/\/secure.gravatar.com\/avatar\/eee448fc3f7164808013b816ba91ac7e43bbe82a70bebac296f8bc6f0addaa1a?s=96&d=mm&r=g","url":"https:\/\/secure.gravatar.com\/avatar\/eee448fc3f7164808013b816ba91ac7e43bbe82a70bebac296f8bc6f0addaa1a?s=96&d=mm&r=g","contentUrl":"https:\/\/secure.gravatar.com\/avatar\/eee448fc3f7164808013b816ba91ac7e43bbe82a70bebac296f8bc6f0addaa1a?s=96&d=mm&r=g","caption":"Edici\u00f3n Web"},"url":"https:\/\/canal7slp.tv\/2025\/author\/edicionweb\/"}]}},"_links":{"self":[{"href":"https:\/\/canal7slp.tv\/2025\/wp-json\/wp\/v2\/posts\/164361","targetHints":{"allow":["GET"]}}],"collection":[{"href":"https:\/\/canal7slp.tv\/2025\/wp-json\/wp\/v2\/posts"}],"about":[{"href":"https:\/\/canal7slp.tv\/2025\/wp-json\/wp\/v2\/types\/post"}],"author":[{"embeddable":true,"href":"https:\/\/canal7slp.tv\/2025\/wp-json\/wp\/v2\/users\/2"}],"replies":[{"embeddable":true,"href":"https:\/\/canal7slp.tv\/2025\/wp-json\/wp\/v2\/comments?post=164361"}],"version-history":[{"count":1,"href":"https:\/\/canal7slp.tv\/2025\/wp-json\/wp\/v2\/posts\/164361\/revisions"}],"predecessor-version":[{"id":164363,"href":"https:\/\/canal7slp.tv\/2025\/wp-json\/wp\/v2\/posts\/164361\/revisions\/164363"}],"wp:featuredmedia":[{"embeddable":true,"href":"https:\/\/canal7slp.tv\/2025\/wp-json\/wp\/v2\/media\/164362"}],"wp:attachment":[{"href":"https:\/\/canal7slp.tv\/2025\/wp-json\/wp\/v2\/media?parent=164361"}],"wp:term":[{"taxonomy":"category","embeddable":true,"href":"https:\/\/canal7slp.tv\/2025\/wp-json\/wp\/v2\/categories?post=164361"},{"taxonomy":"post_tag","embeddable":true,"href":"https:\/\/canal7slp.tv\/2025\/wp-json\/wp\/v2\/tags?post=164361"}],"curies":[{"name":"wp","href":"https:\/\/api.w.org\/{rel}","templated":true}]}}