{"id":164353,"date":"2025-04-25T15:04:20","date_gmt":"2025-04-25T21:04:20","guid":{"rendered":"https:\/\/canal7slp.tv\/2025\/?p=164353"},"modified":"2025-04-25T15:04:20","modified_gmt":"2025-04-25T21:04:20","slug":"anaya-critica-aprobacion-acelerada-de-reforma-a-ley-de-telecomunicaciones-es-una-ley-censura","status":"publish","type":"post","link":"https:\/\/canal7slp.tv\/2025\/anaya-critica-aprobacion-acelerada-de-reforma-a-ley-de-telecomunicaciones-es-una-ley-censura\/","title":{"rendered":"Anaya critica aprobaci\u00f3n acelerada de reforma a Ley de Telecomunicaciones: \u201cEs una Ley Censura\u201d"},"content":{"rendered":"<ul style=\"text-align: justify;\">\n<li>Acus\u00f3 falta de transparencia y concentraci\u00f3n de poder en la reforma impulsada por Morena.<\/li>\n<\/ul>\n<p style=\"text-align: justify;\">M\u00e9xico.- Durante la sesi\u00f3n de comisiones en el Senado, el senador Ricardo Anaya Cort\u00e9s, integrante del Congreso de la Uni\u00f3n, critic\u00f3 severamente la aprobaci\u00f3n apresurada de la reforma a la Ley de Telecomunicaciones y Radiodifusi\u00f3n, al considerar que se trata de una estrategia para reforzar el control del Ejecutivo sobre los contenidos en medios y plataformas digitales.<\/p>\n<p style=\"text-align: justify;\">Anaya se\u00f1al\u00f3 que el dictamen, compuesto por m\u00e1s de 280 art\u00edculos, fue distribuido apenas unas horas antes de su votaci\u00f3n, sin permitir un an\u00e1lisis adecuado por parte de los legisladores. Afirm\u00f3 que este procedimiento responde a una pr\u00e1ctica autoritaria que busca imponer una agenda sin debate.<\/p>\n<p style=\"text-align: justify;\">El legislador expres\u00f3 su preocupaci\u00f3n por la creaci\u00f3n de la Agencia de Transformaci\u00f3n Digital, una nueva instancia que, dijo, concentrar\u00e1 facultades que antes correspond\u00edan a diversas dependencias, como Gobernaci\u00f3n, Comunicaciones y el Instituto Federal de Telecomunicaciones (IFT).<\/p>\n<p style=\"text-align: justify;\">Seg\u00fan Anaya, esta agencia depender\u00e1 directamente de la presidencia de la Rep\u00fablica y tendr\u00eda la capacidad de definir qu\u00e9 contenidos pueden o no ser difundidos en televisi\u00f3n, radio, internet y redes sociales.<\/p>\n<p style=\"text-align: justify;\">Entre los puntos m\u00e1s pol\u00e9micos, mencion\u00f3 el art\u00edculo 109, que permitir\u00eda a la agencia solicitar el bloqueo de plataformas digitales o cuentas espec\u00edficas, sin necesidad de un procedimiento judicial claro.<\/p>\n<p style=\"text-align: justify;\">Tambi\u00e9n cuestion\u00f3 la reincorporaci\u00f3n de disposiciones previamente declaradas inconstitucionales por la Suprema Corte, y la posibilidad de restringir opiniones cr\u00edticas bajo el argumento del \u201cuso correcto del lenguaje\u201d.<\/p>\n<p style=\"text-align: justify;\">Anaya calific\u00f3 la iniciativa como una \u201cLey Censura\u201d y sostuvo que forma parte de un plan m\u00e1s amplio para debilitar a los \u00f3rganos aut\u00f3nomos, concentrar el poder en el Ejecutivo y limitar el acceso a la informaci\u00f3n.<\/p>\n<p style=\"text-align: justify;\">El senador concluy\u00f3 anunciando que su voto ser\u00e1 en contra y advirti\u00f3 que la discusi\u00f3n continuar\u00e1 en el pleno del Senado.<\/p>\n","protected":false},"excerpt":{"rendered":"<p>Acus\u00f3 falta de transparencia y concentraci\u00f3n de poder en la reforma impulsada por Morena. M\u00e9xico.- Durante la sesi\u00f3n de comisiones en el Senado, el senador Ricardo Anaya Cort\u00e9s, integrante del Congreso de la Uni\u00f3n, critic\u00f3 severamente la aprobaci\u00f3n apresurada de la reforma a la Ley de Telecomunicaciones y Radiodifusi\u00f3n, al considerar que se trata de una estrategia para reforzar el control del Ejecutivo sobre los contenidos en medios y plataformas digitales. Anaya se\u00f1al\u00f3 que el dictamen, compuesto por m\u00e1s de 280 art\u00edculos, fue distribuido apenas unas horas antes de su votaci\u00f3n, sin permitir un an\u00e1lisis adecuado por parte de los [&hellip;]<\/p>\n","protected":false},"author":2,"featured_media":164354,"comment_status":"closed","ping_status":"closed","sticky":false,"template":"","format":"standard","meta":{"_monsterinsights_skip_tracking":false,"_monsterinsights_sitenote_active":false,"_monsterinsights_sitenote_note":"","_monsterinsights_sitenote_category":0,"footnotes":""},"categories":[46],"tags":[],"class_list":["post-164353","post","type-post","status-publish","format-standard","has-post-thumbnail","hentry","category-nacional","post--single"],"yoast_head":"<!-- This site is optimized with the Yoast SEO plugin v27.4 - https:\/\/yoast.com\/product\/yoast-seo-wordpress\/ -->\n<title>Anaya critica aprobaci\u00f3n acelerada de reforma a Ley de Telecomunicaciones: \u201cEs una Ley Censura\u201d - Canal 7 SLP - 2025<\/title>\n<meta name=\"robots\" content=\"index, follow, max-snippet:-1, max-image-preview:large, max-video-preview:-1\" \/>\n<link rel=\"canonical\" href=\"https:\/\/canal7slp.tv\/2025\/anaya-critica-aprobacion-acelerada-de-reforma-a-ley-de-telecomunicaciones-es-una-ley-censura\/\" \/>\n<meta property=\"og:locale\" content=\"es_ES\" \/>\n<meta property=\"og:type\" content=\"article\" \/>\n<meta property=\"og:title\" content=\"Anaya critica aprobaci\u00f3n acelerada de reforma a Ley de Telecomunicaciones: \u201cEs una Ley Censura\u201d - Canal 7 SLP - 2025\" \/>\n<meta property=\"og:description\" content=\"Acus\u00f3 falta de transparencia y concentraci\u00f3n de poder en la reforma impulsada por Morena. M\u00e9xico.- Durante la sesi\u00f3n de comisiones en el Senado, el senador Ricardo Anaya Cort\u00e9s, integrante del Congreso de la Uni\u00f3n, critic\u00f3 severamente la aprobaci\u00f3n apresurada de la reforma a la Ley de Telecomunicaciones y Radiodifusi\u00f3n, al considerar que se trata de una estrategia para reforzar el control del Ejecutivo sobre los contenidos en medios y plataformas digitales. Anaya se\u00f1al\u00f3 que el dictamen, compuesto por m\u00e1s de 280 art\u00edculos, fue distribuido apenas unas horas antes de su votaci\u00f3n, sin permitir un an\u00e1lisis adecuado por parte de los [&hellip;]\" \/>\n<meta property=\"og:url\" content=\"https:\/\/canal7slp.tv\/2025\/anaya-critica-aprobacion-acelerada-de-reforma-a-ley-de-telecomunicaciones-es-una-ley-censura\/\" \/>\n<meta property=\"og:site_name\" content=\"Canal 7 SLP - 2025\" \/>\n<meta property=\"article:publisher\" content=\"https:\/\/www.facebook.com\/noticieroscanal7atencionciudadana\/\" \/>\n<meta property=\"article:published_time\" content=\"2025-04-25T21:04:20+00:00\" \/>\n<meta property=\"og:image\" content=\"https:\/\/canal7slp.tv\/2025\/wp-content\/uploads\/2025\/04\/05-25.jpg\" \/>\n\t<meta property=\"og:image:width\" content=\"896\" \/>\n\t<meta property=\"og:image:height\" content=\"500\" \/>\n\t<meta property=\"og:image:type\" content=\"image\/jpeg\" \/>\n<meta name=\"author\" content=\"Edici\u00f3n Web\" \/>\n<meta name=\"twitter:card\" content=\"summary_large_image\" \/>\n<meta name=\"twitter:creator\" content=\"@NOTICIEROS7\" \/>\n<meta name=\"twitter:site\" content=\"@NOTICIEROS7\" \/>\n<meta name=\"twitter:label1\" content=\"Escrito por\" \/>\n\t<meta name=\"twitter:data1\" content=\"Edici\u00f3n Web\" \/>\n\t<meta name=\"twitter:label2\" content=\"Tiempo de lectura\" \/>\n\t<meta name=\"twitter:data2\" content=\"2 minutos\" \/>\n<script type=\"application\/ld+json\" class=\"yoast-schema-graph\">{\"@context\":\"https:\\\/\\\/schema.org\",\"@graph\":[{\"@type\":\"Article\",\"@id\":\"https:\\\/\\\/canal7slp.tv\\\/2025\\\/anaya-critica-aprobacion-acelerada-de-reforma-a-ley-de-telecomunicaciones-es-una-ley-censura\\\/#article\",\"isPartOf\":{\"@id\":\"https:\\\/\\\/canal7slp.tv\\\/2025\\\/anaya-critica-aprobacion-acelerada-de-reforma-a-ley-de-telecomunicaciones-es-una-ley-censura\\\/\"},\"author\":{\"name\":\"Edici\u00f3n Web\",\"@id\":\"https:\\\/\\\/canal7slp.tv\\\/2025\\\/#\\\/schema\\\/person\\\/271e2b60a96e7cc9d9ac296f4d7e414b\"},\"headline\":\"Anaya critica aprobaci\u00f3n acelerada de reforma a Ley de Telecomunicaciones: \u201cEs una Ley Censura\u201d\",\"datePublished\":\"2025-04-25T21:04:20+00:00\",\"mainEntityOfPage\":{\"@id\":\"https:\\\/\\\/canal7slp.tv\\\/2025\\\/anaya-critica-aprobacion-acelerada-de-reforma-a-ley-de-telecomunicaciones-es-una-ley-censura\\\/\"},\"wordCount\":350,\"publisher\":{\"@id\":\"https:\\\/\\\/canal7slp.tv\\\/2025\\\/#organization\"},\"image\":{\"@id\":\"https:\\\/\\\/canal7slp.tv\\\/2025\\\/anaya-critica-aprobacion-acelerada-de-reforma-a-ley-de-telecomunicaciones-es-una-ley-censura\\\/#primaryimage\"},\"thumbnailUrl\":\"https:\\\/\\\/canal7slp.tv\\\/2025\\\/wp-content\\\/uploads\\\/2025\\\/04\\\/05-25.jpg\",\"articleSection\":[\"NACIONALES\"],\"inLanguage\":\"es\"},{\"@type\":\"WebPage\",\"@id\":\"https:\\\/\\\/canal7slp.tv\\\/2025\\\/anaya-critica-aprobacion-acelerada-de-reforma-a-ley-de-telecomunicaciones-es-una-ley-censura\\\/\",\"url\":\"https:\\\/\\\/canal7slp.tv\\\/2025\\\/anaya-critica-aprobacion-acelerada-de-reforma-a-ley-de-telecomunicaciones-es-una-ley-censura\\\/\",\"name\":\"Anaya critica aprobaci\u00f3n acelerada de reforma a Ley de Telecomunicaciones: \u201cEs una Ley Censura\u201d - Canal 7 SLP - 2025\",\"isPartOf\":{\"@id\":\"https:\\\/\\\/canal7slp.tv\\\/2025\\\/#website\"},\"primaryImageOfPage\":{\"@id\":\"https:\\\/\\\/canal7slp.tv\\\/2025\\\/anaya-critica-aprobacion-acelerada-de-reforma-a-ley-de-telecomunicaciones-es-una-ley-censura\\\/#primaryimage\"},\"image\":{\"@id\":\"https:\\\/\\\/canal7slp.tv\\\/2025\\\/anaya-critica-aprobacion-acelerada-de-reforma-a-ley-de-telecomunicaciones-es-una-ley-censura\\\/#primaryimage\"},\"thumbnailUrl\":\"https:\\\/\\\/canal7slp.tv\\\/2025\\\/wp-content\\\/uploads\\\/2025\\\/04\\\/05-25.jpg\",\"datePublished\":\"2025-04-25T21:04:20+00:00\",\"breadcrumb\":{\"@id\":\"https:\\\/\\\/canal7slp.tv\\\/2025\\\/anaya-critica-aprobacion-acelerada-de-reforma-a-ley-de-telecomunicaciones-es-una-ley-censura\\\/#breadcrumb\"},\"inLanguage\":\"es\",\"potentialAction\":[{\"@type\":\"ReadAction\",\"target\":[\"https:\\\/\\\/canal7slp.tv\\\/2025\\\/anaya-critica-aprobacion-acelerada-de-reforma-a-ley-de-telecomunicaciones-es-una-ley-censura\\\/\"]}]},{\"@type\":\"ImageObject\",\"inLanguage\":\"es\",\"@id\":\"https:\\\/\\\/canal7slp.tv\\\/2025\\\/anaya-critica-aprobacion-acelerada-de-reforma-a-ley-de-telecomunicaciones-es-una-ley-censura\\\/#primaryimage\",\"url\":\"https:\\\/\\\/canal7slp.tv\\\/2025\\\/wp-content\\\/uploads\\\/2025\\\/04\\\/05-25.jpg\",\"contentUrl\":\"https:\\\/\\\/canal7slp.tv\\\/2025\\\/wp-content\\\/uploads\\\/2025\\\/04\\\/05-25.jpg\",\"width\":896,\"height\":500},{\"@type\":\"BreadcrumbList\",\"@id\":\"https:\\\/\\\/canal7slp.tv\\\/2025\\\/anaya-critica-aprobacion-acelerada-de-reforma-a-ley-de-telecomunicaciones-es-una-ley-censura\\\/#breadcrumb\",\"itemListElement\":[{\"@type\":\"ListItem\",\"position\":1,\"name\":\"Portada\",\"item\":\"https:\\\/\\\/canal7slp.tv\\\/2025\\\/\"},{\"@type\":\"ListItem\",\"position\":2,\"name\":\"Anaya critica aprobaci\u00f3n acelerada de reforma a Ley de Telecomunicaciones: \u201cEs una Ley Censura\u201d\"}]},{\"@type\":\"WebSite\",\"@id\":\"https:\\\/\\\/canal7slp.tv\\\/2025\\\/#website\",\"url\":\"https:\\\/\\\/canal7slp.tv\\\/2025\\\/\",\"name\":\"N7 - Noticieros Canal 7\",\"description\":\"Somos el Medio\",\"publisher\":{\"@id\":\"https:\\\/\\\/canal7slp.tv\\\/2025\\\/#organization\"},\"potentialAction\":[{\"@type\":\"SearchAction\",\"target\":{\"@type\":\"EntryPoint\",\"urlTemplate\":\"https:\\\/\\\/canal7slp.tv\\\/2025\\\/?s={search_term_string}\"},\"query-input\":{\"@type\":\"PropertyValueSpecification\",\"valueRequired\":true,\"valueName\":\"search_term_string\"}}],\"inLanguage\":\"es\"},{\"@type\":\"Organization\",\"@id\":\"https:\\\/\\\/canal7slp.tv\\\/2025\\\/#organization\",\"name\":\"Noticieros Canal 7\",\"url\":\"https:\\\/\\\/canal7slp.tv\\\/2025\\\/\",\"logo\":{\"@type\":\"ImageObject\",\"inLanguage\":\"es\",\"@id\":\"https:\\\/\\\/canal7slp.tv\\\/2025\\\/#\\\/schema\\\/logo\\\/image\\\/\",\"url\":\"https:\\\/\\\/canal7slp.tv\\\/2025\\\/wp-content\\\/uploads\\\/2021\\\/01\\\/logo-noticieros@2x.png\",\"contentUrl\":\"https:\\\/\\\/canal7slp.tv\\\/2025\\\/wp-content\\\/uploads\\\/2021\\\/01\\\/logo-noticieros@2x.png\",\"width\":1017,\"height\":268,\"caption\":\"Noticieros Canal 7\"},\"image\":{\"@id\":\"https:\\\/\\\/canal7slp.tv\\\/2025\\\/#\\\/schema\\\/logo\\\/image\\\/\"},\"sameAs\":[\"https:\\\/\\\/www.facebook.com\\\/noticieroscanal7atencionciudadana\\\/\",\"https:\\\/\\\/x.com\\\/NOTICIEROS7\",\"https:\\\/\\\/www.instagram.com\\\/canal7_slp\",\"https:\\\/\\\/www.youtube.com\\\/channel\\\/UCliiYs-gP3JfJeqdPrNdd5A\"]},{\"@type\":\"Person\",\"@id\":\"https:\\\/\\\/canal7slp.tv\\\/2025\\\/#\\\/schema\\\/person\\\/271e2b60a96e7cc9d9ac296f4d7e414b\",\"name\":\"Edici\u00f3n Web\",\"image\":{\"@type\":\"ImageObject\",\"inLanguage\":\"es\",\"@id\":\"https:\\\/\\\/secure.gravatar.com\\\/avatar\\\/eee448fc3f7164808013b816ba91ac7e43bbe82a70bebac296f8bc6f0addaa1a?s=96&d=mm&r=g\",\"url\":\"https:\\\/\\\/secure.gravatar.com\\\/avatar\\\/eee448fc3f7164808013b816ba91ac7e43bbe82a70bebac296f8bc6f0addaa1a?s=96&d=mm&r=g\",\"contentUrl\":\"https:\\\/\\\/secure.gravatar.com\\\/avatar\\\/eee448fc3f7164808013b816ba91ac7e43bbe82a70bebac296f8bc6f0addaa1a?s=96&d=mm&r=g\",\"caption\":\"Edici\u00f3n Web\"},\"url\":\"https:\\\/\\\/canal7slp.tv\\\/2025\\\/author\\\/edicionweb\\\/\"}]}<\/script>\n<!-- \/ Yoast SEO plugin. -->","yoast_head_json":{"title":"Anaya critica aprobaci\u00f3n acelerada de reforma a Ley de Telecomunicaciones: \u201cEs una Ley Censura\u201d - Canal 7 SLP - 2025","robots":{"index":"index","follow":"follow","max-snippet":"max-snippet:-1","max-image-preview":"max-image-preview:large","max-video-preview":"max-video-preview:-1"},"canonical":"https:\/\/canal7slp.tv\/2025\/anaya-critica-aprobacion-acelerada-de-reforma-a-ley-de-telecomunicaciones-es-una-ley-censura\/","og_locale":"es_ES","og_type":"article","og_title":"Anaya critica aprobaci\u00f3n acelerada de reforma a Ley de Telecomunicaciones: \u201cEs una Ley Censura\u201d - Canal 7 SLP - 2025","og_description":"Acus\u00f3 falta de transparencia y concentraci\u00f3n de poder en la reforma impulsada por Morena. M\u00e9xico.- Durante la sesi\u00f3n de comisiones en el Senado, el senador Ricardo Anaya Cort\u00e9s, integrante del Congreso de la Uni\u00f3n, critic\u00f3 severamente la aprobaci\u00f3n apresurada de la reforma a la Ley de Telecomunicaciones y Radiodifusi\u00f3n, al considerar que se trata de una estrategia para reforzar el control del Ejecutivo sobre los contenidos en medios y plataformas digitales. Anaya se\u00f1al\u00f3 que el dictamen, compuesto por m\u00e1s de 280 art\u00edculos, fue distribuido apenas unas horas antes de su votaci\u00f3n, sin permitir un an\u00e1lisis adecuado por parte de los [&hellip;]","og_url":"https:\/\/canal7slp.tv\/2025\/anaya-critica-aprobacion-acelerada-de-reforma-a-ley-de-telecomunicaciones-es-una-ley-censura\/","og_site_name":"Canal 7 SLP - 2025","article_publisher":"https:\/\/www.facebook.com\/noticieroscanal7atencionciudadana\/","article_published_time":"2025-04-25T21:04:20+00:00","og_image":[{"width":896,"height":500,"url":"https:\/\/canal7slp.tv\/2025\/wp-content\/uploads\/2025\/04\/05-25.jpg","type":"image\/jpeg"}],"author":"Edici\u00f3n Web","twitter_card":"summary_large_image","twitter_creator":"@NOTICIEROS7","twitter_site":"@NOTICIEROS7","twitter_misc":{"Escrito por":"Edici\u00f3n Web","Tiempo de lectura":"2 minutos"},"schema":{"@context":"https:\/\/schema.org","@graph":[{"@type":"Article","@id":"https:\/\/canal7slp.tv\/2025\/anaya-critica-aprobacion-acelerada-de-reforma-a-ley-de-telecomunicaciones-es-una-ley-censura\/#article","isPartOf":{"@id":"https:\/\/canal7slp.tv\/2025\/anaya-critica-aprobacion-acelerada-de-reforma-a-ley-de-telecomunicaciones-es-una-ley-censura\/"},"author":{"name":"Edici\u00f3n Web","@id":"https:\/\/canal7slp.tv\/2025\/#\/schema\/person\/271e2b60a96e7cc9d9ac296f4d7e414b"},"headline":"Anaya critica aprobaci\u00f3n acelerada de reforma a Ley de Telecomunicaciones: \u201cEs una Ley Censura\u201d","datePublished":"2025-04-25T21:04:20+00:00","mainEntityOfPage":{"@id":"https:\/\/canal7slp.tv\/2025\/anaya-critica-aprobacion-acelerada-de-reforma-a-ley-de-telecomunicaciones-es-una-ley-censura\/"},"wordCount":350,"publisher":{"@id":"https:\/\/canal7slp.tv\/2025\/#organization"},"image":{"@id":"https:\/\/canal7slp.tv\/2025\/anaya-critica-aprobacion-acelerada-de-reforma-a-ley-de-telecomunicaciones-es-una-ley-censura\/#primaryimage"},"thumbnailUrl":"https:\/\/canal7slp.tv\/2025\/wp-content\/uploads\/2025\/04\/05-25.jpg","articleSection":["NACIONALES"],"inLanguage":"es"},{"@type":"WebPage","@id":"https:\/\/canal7slp.tv\/2025\/anaya-critica-aprobacion-acelerada-de-reforma-a-ley-de-telecomunicaciones-es-una-ley-censura\/","url":"https:\/\/canal7slp.tv\/2025\/anaya-critica-aprobacion-acelerada-de-reforma-a-ley-de-telecomunicaciones-es-una-ley-censura\/","name":"Anaya critica aprobaci\u00f3n acelerada de reforma a Ley de Telecomunicaciones: \u201cEs una Ley Censura\u201d - Canal 7 SLP - 2025","isPartOf":{"@id":"https:\/\/canal7slp.tv\/2025\/#website"},"primaryImageOfPage":{"@id":"https:\/\/canal7slp.tv\/2025\/anaya-critica-aprobacion-acelerada-de-reforma-a-ley-de-telecomunicaciones-es-una-ley-censura\/#primaryimage"},"image":{"@id":"https:\/\/canal7slp.tv\/2025\/anaya-critica-aprobacion-acelerada-de-reforma-a-ley-de-telecomunicaciones-es-una-ley-censura\/#primaryimage"},"thumbnailUrl":"https:\/\/canal7slp.tv\/2025\/wp-content\/uploads\/2025\/04\/05-25.jpg","datePublished":"2025-04-25T21:04:20+00:00","breadcrumb":{"@id":"https:\/\/canal7slp.tv\/2025\/anaya-critica-aprobacion-acelerada-de-reforma-a-ley-de-telecomunicaciones-es-una-ley-censura\/#breadcrumb"},"inLanguage":"es","potentialAction":[{"@type":"ReadAction","target":["https:\/\/canal7slp.tv\/2025\/anaya-critica-aprobacion-acelerada-de-reforma-a-ley-de-telecomunicaciones-es-una-ley-censura\/"]}]},{"@type":"ImageObject","inLanguage":"es","@id":"https:\/\/canal7slp.tv\/2025\/anaya-critica-aprobacion-acelerada-de-reforma-a-ley-de-telecomunicaciones-es-una-ley-censura\/#primaryimage","url":"https:\/\/canal7slp.tv\/2025\/wp-content\/uploads\/2025\/04\/05-25.jpg","contentUrl":"https:\/\/canal7slp.tv\/2025\/wp-content\/uploads\/2025\/04\/05-25.jpg","width":896,"height":500},{"@type":"BreadcrumbList","@id":"https:\/\/canal7slp.tv\/2025\/anaya-critica-aprobacion-acelerada-de-reforma-a-ley-de-telecomunicaciones-es-una-ley-censura\/#breadcrumb","itemListElement":[{"@type":"ListItem","position":1,"name":"Portada","item":"https:\/\/canal7slp.tv\/2025\/"},{"@type":"ListItem","position":2,"name":"Anaya critica aprobaci\u00f3n acelerada de reforma a Ley de Telecomunicaciones: \u201cEs una Ley Censura\u201d"}]},{"@type":"WebSite","@id":"https:\/\/canal7slp.tv\/2025\/#website","url":"https:\/\/canal7slp.tv\/2025\/","name":"N7 - Noticieros Canal 7","description":"Somos el Medio","publisher":{"@id":"https:\/\/canal7slp.tv\/2025\/#organization"},"potentialAction":[{"@type":"SearchAction","target":{"@type":"EntryPoint","urlTemplate":"https:\/\/canal7slp.tv\/2025\/?s={search_term_string}"},"query-input":{"@type":"PropertyValueSpecification","valueRequired":true,"valueName":"search_term_string"}}],"inLanguage":"es"},{"@type":"Organization","@id":"https:\/\/canal7slp.tv\/2025\/#organization","name":"Noticieros Canal 7","url":"https:\/\/canal7slp.tv\/2025\/","logo":{"@type":"ImageObject","inLanguage":"es","@id":"https:\/\/canal7slp.tv\/2025\/#\/schema\/logo\/image\/","url":"https:\/\/canal7slp.tv\/2025\/wp-content\/uploads\/2021\/01\/logo-noticieros@2x.png","contentUrl":"https:\/\/canal7slp.tv\/2025\/wp-content\/uploads\/2021\/01\/logo-noticieros@2x.png","width":1017,"height":268,"caption":"Noticieros Canal 7"},"image":{"@id":"https:\/\/canal7slp.tv\/2025\/#\/schema\/logo\/image\/"},"sameAs":["https:\/\/www.facebook.com\/noticieroscanal7atencionciudadana\/","https:\/\/x.com\/NOTICIEROS7","https:\/\/www.instagram.com\/canal7_slp","https:\/\/www.youtube.com\/channel\/UCliiYs-gP3JfJeqdPrNdd5A"]},{"@type":"Person","@id":"https:\/\/canal7slp.tv\/2025\/#\/schema\/person\/271e2b60a96e7cc9d9ac296f4d7e414b","name":"Edici\u00f3n Web","image":{"@type":"ImageObject","inLanguage":"es","@id":"https:\/\/secure.gravatar.com\/avatar\/eee448fc3f7164808013b816ba91ac7e43bbe82a70bebac296f8bc6f0addaa1a?s=96&d=mm&r=g","url":"https:\/\/secure.gravatar.com\/avatar\/eee448fc3f7164808013b816ba91ac7e43bbe82a70bebac296f8bc6f0addaa1a?s=96&d=mm&r=g","contentUrl":"https:\/\/secure.gravatar.com\/avatar\/eee448fc3f7164808013b816ba91ac7e43bbe82a70bebac296f8bc6f0addaa1a?s=96&d=mm&r=g","caption":"Edici\u00f3n Web"},"url":"https:\/\/canal7slp.tv\/2025\/author\/edicionweb\/"}]}},"_links":{"self":[{"href":"https:\/\/canal7slp.tv\/2025\/wp-json\/wp\/v2\/posts\/164353","targetHints":{"allow":["GET"]}}],"collection":[{"href":"https:\/\/canal7slp.tv\/2025\/wp-json\/wp\/v2\/posts"}],"about":[{"href":"https:\/\/canal7slp.tv\/2025\/wp-json\/wp\/v2\/types\/post"}],"author":[{"embeddable":true,"href":"https:\/\/canal7slp.tv\/2025\/wp-json\/wp\/v2\/users\/2"}],"replies":[{"embeddable":true,"href":"https:\/\/canal7slp.tv\/2025\/wp-json\/wp\/v2\/comments?post=164353"}],"version-history":[{"count":1,"href":"https:\/\/canal7slp.tv\/2025\/wp-json\/wp\/v2\/posts\/164353\/revisions"}],"predecessor-version":[{"id":164355,"href":"https:\/\/canal7slp.tv\/2025\/wp-json\/wp\/v2\/posts\/164353\/revisions\/164355"}],"wp:featuredmedia":[{"embeddable":true,"href":"https:\/\/canal7slp.tv\/2025\/wp-json\/wp\/v2\/media\/164354"}],"wp:attachment":[{"href":"https:\/\/canal7slp.tv\/2025\/wp-json\/wp\/v2\/media?parent=164353"}],"wp:term":[{"taxonomy":"category","embeddable":true,"href":"https:\/\/canal7slp.tv\/2025\/wp-json\/wp\/v2\/categories?post=164353"},{"taxonomy":"post_tag","embeddable":true,"href":"https:\/\/canal7slp.tv\/2025\/wp-json\/wp\/v2\/tags?post=164353"}],"curies":[{"name":"wp","href":"https:\/\/api.w.org\/{rel}","templated":true}]}}