{"id":164126,"date":"2025-04-23T15:03:04","date_gmt":"2025-04-23T21:03:04","guid":{"rendered":"https:\/\/canal7slp.tv\/2025\/?p=164126"},"modified":"2025-04-23T15:03:04","modified_gmt":"2025-04-23T21:03:04","slug":"luto-oficial-del-papa-francisco-finalizara-el-4-de-mayo-e-iniciara-el-conclave-para-su-sucesor","status":"publish","type":"post","link":"https:\/\/canal7slp.tv\/2025\/luto-oficial-del-papa-francisco-finalizara-el-4-de-mayo-e-iniciara-el-conclave-para-su-sucesor\/","title":{"rendered":"Luto oficial del Papa Francisco finalizar\u00e1 el 4 de mayo e iniciar\u00e1 el c\u00f3nclave para su sucesor"},"content":{"rendered":"<p style=\"text-align: justify;\">El Vaticano.- La Santa Sede confirm\u00f3 que el luto oficial por el fallecimiento del Papa Francisco concluir\u00e1 el pr\u00f3ximo domingo 4 de mayo, fecha en la que se convocar\u00e1 el c\u00f3nclave para elegir a su sucesor.<\/p>\n<p style=\"text-align: justify;\">El arzobispo Diego Ravelli, maestro de ceremonias lit\u00fargicas del Vaticano, inform\u00f3 que la primera misa en memoria del pont\u00edfice se celebrar\u00e1 el 26 de abril a las 10:00 horas en la bas\u00edlica de San Pedro, mientras que la \u00faltima ser\u00e1 el 4 de mayo a las 17:00 horas, presidida por el cardenal Dominique Mamberti.<\/p>\n<p style=\"text-align: justify;\">Las misas forman parte del rito de los Novendiales, nueve d\u00edas de oraciones tras el funeral del Papa, que comenzaron el d\u00eda de su fallecimiento. Francisco, quien muri\u00f3 a los 88 a\u00f1os a causa de un ictus, ser\u00e1 enterrado en la bas\u00edlica de Santa Mar\u00eda la Mayor luego de su exposici\u00f3n p\u00fablica en la bas\u00edlica vaticana, donde se espera que miles de fieles acudan a despedirse.<\/p>\n<p style=\"text-align: justify;\">Durante este periodo, las ceremonias estar\u00e1n abiertas al p\u00fablico, permitiendo que los fieles recen por el alma del Papa. El c\u00f3nclave para elegir al nuevo l\u00edder de la Iglesia Cat\u00f3lica podr\u00e1 comenzar una vez concluidos los Novendiales, entre el 5 y el 10 de mayo, dentro del plazo de 20 d\u00edas establecido por el protocolo vaticano.<\/p>\n<p style=\"text-align: justify;\">Se espera la participaci\u00f3n de todos los cardenales electores, incluidos el decano Giovanni Battista Re y el secretario de Estado Pietro Parolin, figuras clave en el proceso sucesorio.<\/p>\n","protected":false},"excerpt":{"rendered":"<p>El Vaticano.- La Santa Sede confirm\u00f3 que el luto oficial por el fallecimiento del Papa Francisco concluir\u00e1 el pr\u00f3ximo domingo 4 de mayo, fecha en la que se convocar\u00e1 el c\u00f3nclave para elegir a su sucesor. El arzobispo Diego Ravelli, maestro de ceremonias lit\u00fargicas del Vaticano, inform\u00f3 que la primera misa en memoria del pont\u00edfice se celebrar\u00e1 el 26 de abril a las 10:00 horas en la bas\u00edlica de San Pedro, mientras que la \u00faltima ser\u00e1 el 4 de mayo a las 17:00 horas, presidida por el cardenal Dominique Mamberti. Las misas forman parte del rito de los Novendiales, nueve [&hellip;]<\/p>\n","protected":false},"author":2,"featured_media":164127,"comment_status":"closed","ping_status":"closed","sticky":false,"template":"","format":"standard","meta":{"_monsterinsights_skip_tracking":false,"_monsterinsights_sitenote_active":false,"_monsterinsights_sitenote_note":"","_monsterinsights_sitenote_category":0,"footnotes":""},"categories":[44],"tags":[],"class_list":["post-164126","post","type-post","status-publish","format-standard","has-post-thumbnail","hentry","category-internacional","post--single"],"yoast_head":"<!-- This site is optimized with the Yoast SEO plugin v27.4 - https:\/\/yoast.com\/product\/yoast-seo-wordpress\/ -->\n<title>Luto oficial del Papa Francisco finalizar\u00e1 el 4 de mayo e iniciar\u00e1 el c\u00f3nclave para su sucesor - Canal 7 SLP - 2025<\/title>\n<meta name=\"robots\" content=\"index, follow, max-snippet:-1, max-image-preview:large, max-video-preview:-1\" \/>\n<link rel=\"canonical\" href=\"https:\/\/canal7slp.tv\/2025\/luto-oficial-del-papa-francisco-finalizara-el-4-de-mayo-e-iniciara-el-conclave-para-su-sucesor\/\" \/>\n<meta property=\"og:locale\" content=\"es_ES\" \/>\n<meta property=\"og:type\" content=\"article\" \/>\n<meta property=\"og:title\" content=\"Luto oficial del Papa Francisco finalizar\u00e1 el 4 de mayo e iniciar\u00e1 el c\u00f3nclave para su sucesor - Canal 7 SLP - 2025\" \/>\n<meta property=\"og:description\" content=\"El Vaticano.- La Santa Sede confirm\u00f3 que el luto oficial por el fallecimiento del Papa Francisco concluir\u00e1 el pr\u00f3ximo domingo 4 de mayo, fecha en la que se convocar\u00e1 el c\u00f3nclave para elegir a su sucesor. El arzobispo Diego Ravelli, maestro de ceremonias lit\u00fargicas del Vaticano, inform\u00f3 que la primera misa en memoria del pont\u00edfice se celebrar\u00e1 el 26 de abril a las 10:00 horas en la bas\u00edlica de San Pedro, mientras que la \u00faltima ser\u00e1 el 4 de mayo a las 17:00 horas, presidida por el cardenal Dominique Mamberti. Las misas forman parte del rito de los Novendiales, nueve [&hellip;]\" \/>\n<meta property=\"og:url\" content=\"https:\/\/canal7slp.tv\/2025\/luto-oficial-del-papa-francisco-finalizara-el-4-de-mayo-e-iniciara-el-conclave-para-su-sucesor\/\" \/>\n<meta property=\"og:site_name\" content=\"Canal 7 SLP - 2025\" \/>\n<meta property=\"article:publisher\" content=\"https:\/\/www.facebook.com\/noticieroscanal7atencionciudadana\/\" \/>\n<meta property=\"article:published_time\" content=\"2025-04-23T21:03:04+00:00\" \/>\n<meta property=\"og:image\" content=\"https:\/\/canal7slp.tv\/2025\/wp-content\/uploads\/2025\/04\/06-22.jpg\" \/>\n\t<meta property=\"og:image:width\" content=\"888\" \/>\n\t<meta property=\"og:image:height\" content=\"500\" \/>\n\t<meta property=\"og:image:type\" content=\"image\/jpeg\" \/>\n<meta name=\"author\" content=\"Edici\u00f3n Web\" \/>\n<meta name=\"twitter:card\" content=\"summary_large_image\" \/>\n<meta name=\"twitter:creator\" content=\"@NOTICIEROS7\" \/>\n<meta name=\"twitter:site\" content=\"@NOTICIEROS7\" \/>\n<meta name=\"twitter:label1\" content=\"Escrito por\" \/>\n\t<meta name=\"twitter:data1\" content=\"Edici\u00f3n Web\" \/>\n\t<meta name=\"twitter:label2\" content=\"Tiempo de lectura\" \/>\n\t<meta name=\"twitter:data2\" content=\"2 minutos\" \/>\n<script type=\"application\/ld+json\" class=\"yoast-schema-graph\">{\"@context\":\"https:\\\/\\\/schema.org\",\"@graph\":[{\"@type\":\"Article\",\"@id\":\"https:\\\/\\\/canal7slp.tv\\\/2025\\\/luto-oficial-del-papa-francisco-finalizara-el-4-de-mayo-e-iniciara-el-conclave-para-su-sucesor\\\/#article\",\"isPartOf\":{\"@id\":\"https:\\\/\\\/canal7slp.tv\\\/2025\\\/luto-oficial-del-papa-francisco-finalizara-el-4-de-mayo-e-iniciara-el-conclave-para-su-sucesor\\\/\"},\"author\":{\"name\":\"Edici\u00f3n Web\",\"@id\":\"https:\\\/\\\/canal7slp.tv\\\/2025\\\/#\\\/schema\\\/person\\\/271e2b60a96e7cc9d9ac296f4d7e414b\"},\"headline\":\"Luto oficial del Papa Francisco finalizar\u00e1 el 4 de mayo e iniciar\u00e1 el c\u00f3nclave para su sucesor\",\"datePublished\":\"2025-04-23T21:03:04+00:00\",\"mainEntityOfPage\":{\"@id\":\"https:\\\/\\\/canal7slp.tv\\\/2025\\\/luto-oficial-del-papa-francisco-finalizara-el-4-de-mayo-e-iniciara-el-conclave-para-su-sucesor\\\/\"},\"wordCount\":269,\"publisher\":{\"@id\":\"https:\\\/\\\/canal7slp.tv\\\/2025\\\/#organization\"},\"image\":{\"@id\":\"https:\\\/\\\/canal7slp.tv\\\/2025\\\/luto-oficial-del-papa-francisco-finalizara-el-4-de-mayo-e-iniciara-el-conclave-para-su-sucesor\\\/#primaryimage\"},\"thumbnailUrl\":\"https:\\\/\\\/canal7slp.tv\\\/2025\\\/wp-content\\\/uploads\\\/2025\\\/04\\\/06-22.jpg\",\"articleSection\":[\"INTERNACIONALES\"],\"inLanguage\":\"es\"},{\"@type\":\"WebPage\",\"@id\":\"https:\\\/\\\/canal7slp.tv\\\/2025\\\/luto-oficial-del-papa-francisco-finalizara-el-4-de-mayo-e-iniciara-el-conclave-para-su-sucesor\\\/\",\"url\":\"https:\\\/\\\/canal7slp.tv\\\/2025\\\/luto-oficial-del-papa-francisco-finalizara-el-4-de-mayo-e-iniciara-el-conclave-para-su-sucesor\\\/\",\"name\":\"Luto oficial del Papa Francisco finalizar\u00e1 el 4 de mayo e iniciar\u00e1 el c\u00f3nclave para su sucesor - Canal 7 SLP - 2025\",\"isPartOf\":{\"@id\":\"https:\\\/\\\/canal7slp.tv\\\/2025\\\/#website\"},\"primaryImageOfPage\":{\"@id\":\"https:\\\/\\\/canal7slp.tv\\\/2025\\\/luto-oficial-del-papa-francisco-finalizara-el-4-de-mayo-e-iniciara-el-conclave-para-su-sucesor\\\/#primaryimage\"},\"image\":{\"@id\":\"https:\\\/\\\/canal7slp.tv\\\/2025\\\/luto-oficial-del-papa-francisco-finalizara-el-4-de-mayo-e-iniciara-el-conclave-para-su-sucesor\\\/#primaryimage\"},\"thumbnailUrl\":\"https:\\\/\\\/canal7slp.tv\\\/2025\\\/wp-content\\\/uploads\\\/2025\\\/04\\\/06-22.jpg\",\"datePublished\":\"2025-04-23T21:03:04+00:00\",\"breadcrumb\":{\"@id\":\"https:\\\/\\\/canal7slp.tv\\\/2025\\\/luto-oficial-del-papa-francisco-finalizara-el-4-de-mayo-e-iniciara-el-conclave-para-su-sucesor\\\/#breadcrumb\"},\"inLanguage\":\"es\",\"potentialAction\":[{\"@type\":\"ReadAction\",\"target\":[\"https:\\\/\\\/canal7slp.tv\\\/2025\\\/luto-oficial-del-papa-francisco-finalizara-el-4-de-mayo-e-iniciara-el-conclave-para-su-sucesor\\\/\"]}]},{\"@type\":\"ImageObject\",\"inLanguage\":\"es\",\"@id\":\"https:\\\/\\\/canal7slp.tv\\\/2025\\\/luto-oficial-del-papa-francisco-finalizara-el-4-de-mayo-e-iniciara-el-conclave-para-su-sucesor\\\/#primaryimage\",\"url\":\"https:\\\/\\\/canal7slp.tv\\\/2025\\\/wp-content\\\/uploads\\\/2025\\\/04\\\/06-22.jpg\",\"contentUrl\":\"https:\\\/\\\/canal7slp.tv\\\/2025\\\/wp-content\\\/uploads\\\/2025\\\/04\\\/06-22.jpg\",\"width\":888,\"height\":500},{\"@type\":\"BreadcrumbList\",\"@id\":\"https:\\\/\\\/canal7slp.tv\\\/2025\\\/luto-oficial-del-papa-francisco-finalizara-el-4-de-mayo-e-iniciara-el-conclave-para-su-sucesor\\\/#breadcrumb\",\"itemListElement\":[{\"@type\":\"ListItem\",\"position\":1,\"name\":\"Portada\",\"item\":\"https:\\\/\\\/canal7slp.tv\\\/2025\\\/\"},{\"@type\":\"ListItem\",\"position\":2,\"name\":\"Luto oficial del Papa Francisco finalizar\u00e1 el 4 de mayo e iniciar\u00e1 el c\u00f3nclave para su sucesor\"}]},{\"@type\":\"WebSite\",\"@id\":\"https:\\\/\\\/canal7slp.tv\\\/2025\\\/#website\",\"url\":\"https:\\\/\\\/canal7slp.tv\\\/2025\\\/\",\"name\":\"N7 - Noticieros Canal 7\",\"description\":\"Somos el Medio\",\"publisher\":{\"@id\":\"https:\\\/\\\/canal7slp.tv\\\/2025\\\/#organization\"},\"potentialAction\":[{\"@type\":\"SearchAction\",\"target\":{\"@type\":\"EntryPoint\",\"urlTemplate\":\"https:\\\/\\\/canal7slp.tv\\\/2025\\\/?s={search_term_string}\"},\"query-input\":{\"@type\":\"PropertyValueSpecification\",\"valueRequired\":true,\"valueName\":\"search_term_string\"}}],\"inLanguage\":\"es\"},{\"@type\":\"Organization\",\"@id\":\"https:\\\/\\\/canal7slp.tv\\\/2025\\\/#organization\",\"name\":\"Noticieros Canal 7\",\"url\":\"https:\\\/\\\/canal7slp.tv\\\/2025\\\/\",\"logo\":{\"@type\":\"ImageObject\",\"inLanguage\":\"es\",\"@id\":\"https:\\\/\\\/canal7slp.tv\\\/2025\\\/#\\\/schema\\\/logo\\\/image\\\/\",\"url\":\"https:\\\/\\\/canal7slp.tv\\\/2025\\\/wp-content\\\/uploads\\\/2021\\\/01\\\/logo-noticieros@2x.png\",\"contentUrl\":\"https:\\\/\\\/canal7slp.tv\\\/2025\\\/wp-content\\\/uploads\\\/2021\\\/01\\\/logo-noticieros@2x.png\",\"width\":1017,\"height\":268,\"caption\":\"Noticieros Canal 7\"},\"image\":{\"@id\":\"https:\\\/\\\/canal7slp.tv\\\/2025\\\/#\\\/schema\\\/logo\\\/image\\\/\"},\"sameAs\":[\"https:\\\/\\\/www.facebook.com\\\/noticieroscanal7atencionciudadana\\\/\",\"https:\\\/\\\/x.com\\\/NOTICIEROS7\",\"https:\\\/\\\/www.instagram.com\\\/canal7_slp\",\"https:\\\/\\\/www.youtube.com\\\/channel\\\/UCliiYs-gP3JfJeqdPrNdd5A\"]},{\"@type\":\"Person\",\"@id\":\"https:\\\/\\\/canal7slp.tv\\\/2025\\\/#\\\/schema\\\/person\\\/271e2b60a96e7cc9d9ac296f4d7e414b\",\"name\":\"Edici\u00f3n Web\",\"image\":{\"@type\":\"ImageObject\",\"inLanguage\":\"es\",\"@id\":\"https:\\\/\\\/secure.gravatar.com\\\/avatar\\\/eee448fc3f7164808013b816ba91ac7e43bbe82a70bebac296f8bc6f0addaa1a?s=96&d=mm&r=g\",\"url\":\"https:\\\/\\\/secure.gravatar.com\\\/avatar\\\/eee448fc3f7164808013b816ba91ac7e43bbe82a70bebac296f8bc6f0addaa1a?s=96&d=mm&r=g\",\"contentUrl\":\"https:\\\/\\\/secure.gravatar.com\\\/avatar\\\/eee448fc3f7164808013b816ba91ac7e43bbe82a70bebac296f8bc6f0addaa1a?s=96&d=mm&r=g\",\"caption\":\"Edici\u00f3n Web\"},\"url\":\"https:\\\/\\\/canal7slp.tv\\\/2025\\\/author\\\/edicionweb\\\/\"}]}<\/script>\n<!-- \/ Yoast SEO plugin. -->","yoast_head_json":{"title":"Luto oficial del Papa Francisco finalizar\u00e1 el 4 de mayo e iniciar\u00e1 el c\u00f3nclave para su sucesor - Canal 7 SLP - 2025","robots":{"index":"index","follow":"follow","max-snippet":"max-snippet:-1","max-image-preview":"max-image-preview:large","max-video-preview":"max-video-preview:-1"},"canonical":"https:\/\/canal7slp.tv\/2025\/luto-oficial-del-papa-francisco-finalizara-el-4-de-mayo-e-iniciara-el-conclave-para-su-sucesor\/","og_locale":"es_ES","og_type":"article","og_title":"Luto oficial del Papa Francisco finalizar\u00e1 el 4 de mayo e iniciar\u00e1 el c\u00f3nclave para su sucesor - Canal 7 SLP - 2025","og_description":"El Vaticano.- La Santa Sede confirm\u00f3 que el luto oficial por el fallecimiento del Papa Francisco concluir\u00e1 el pr\u00f3ximo domingo 4 de mayo, fecha en la que se convocar\u00e1 el c\u00f3nclave para elegir a su sucesor. El arzobispo Diego Ravelli, maestro de ceremonias lit\u00fargicas del Vaticano, inform\u00f3 que la primera misa en memoria del pont\u00edfice se celebrar\u00e1 el 26 de abril a las 10:00 horas en la bas\u00edlica de San Pedro, mientras que la \u00faltima ser\u00e1 el 4 de mayo a las 17:00 horas, presidida por el cardenal Dominique Mamberti. Las misas forman parte del rito de los Novendiales, nueve [&hellip;]","og_url":"https:\/\/canal7slp.tv\/2025\/luto-oficial-del-papa-francisco-finalizara-el-4-de-mayo-e-iniciara-el-conclave-para-su-sucesor\/","og_site_name":"Canal 7 SLP - 2025","article_publisher":"https:\/\/www.facebook.com\/noticieroscanal7atencionciudadana\/","article_published_time":"2025-04-23T21:03:04+00:00","og_image":[{"width":888,"height":500,"url":"https:\/\/canal7slp.tv\/2025\/wp-content\/uploads\/2025\/04\/06-22.jpg","type":"image\/jpeg"}],"author":"Edici\u00f3n Web","twitter_card":"summary_large_image","twitter_creator":"@NOTICIEROS7","twitter_site":"@NOTICIEROS7","twitter_misc":{"Escrito por":"Edici\u00f3n Web","Tiempo de lectura":"2 minutos"},"schema":{"@context":"https:\/\/schema.org","@graph":[{"@type":"Article","@id":"https:\/\/canal7slp.tv\/2025\/luto-oficial-del-papa-francisco-finalizara-el-4-de-mayo-e-iniciara-el-conclave-para-su-sucesor\/#article","isPartOf":{"@id":"https:\/\/canal7slp.tv\/2025\/luto-oficial-del-papa-francisco-finalizara-el-4-de-mayo-e-iniciara-el-conclave-para-su-sucesor\/"},"author":{"name":"Edici\u00f3n Web","@id":"https:\/\/canal7slp.tv\/2025\/#\/schema\/person\/271e2b60a96e7cc9d9ac296f4d7e414b"},"headline":"Luto oficial del Papa Francisco finalizar\u00e1 el 4 de mayo e iniciar\u00e1 el c\u00f3nclave para su sucesor","datePublished":"2025-04-23T21:03:04+00:00","mainEntityOfPage":{"@id":"https:\/\/canal7slp.tv\/2025\/luto-oficial-del-papa-francisco-finalizara-el-4-de-mayo-e-iniciara-el-conclave-para-su-sucesor\/"},"wordCount":269,"publisher":{"@id":"https:\/\/canal7slp.tv\/2025\/#organization"},"image":{"@id":"https:\/\/canal7slp.tv\/2025\/luto-oficial-del-papa-francisco-finalizara-el-4-de-mayo-e-iniciara-el-conclave-para-su-sucesor\/#primaryimage"},"thumbnailUrl":"https:\/\/canal7slp.tv\/2025\/wp-content\/uploads\/2025\/04\/06-22.jpg","articleSection":["INTERNACIONALES"],"inLanguage":"es"},{"@type":"WebPage","@id":"https:\/\/canal7slp.tv\/2025\/luto-oficial-del-papa-francisco-finalizara-el-4-de-mayo-e-iniciara-el-conclave-para-su-sucesor\/","url":"https:\/\/canal7slp.tv\/2025\/luto-oficial-del-papa-francisco-finalizara-el-4-de-mayo-e-iniciara-el-conclave-para-su-sucesor\/","name":"Luto oficial del Papa Francisco finalizar\u00e1 el 4 de mayo e iniciar\u00e1 el c\u00f3nclave para su sucesor - Canal 7 SLP - 2025","isPartOf":{"@id":"https:\/\/canal7slp.tv\/2025\/#website"},"primaryImageOfPage":{"@id":"https:\/\/canal7slp.tv\/2025\/luto-oficial-del-papa-francisco-finalizara-el-4-de-mayo-e-iniciara-el-conclave-para-su-sucesor\/#primaryimage"},"image":{"@id":"https:\/\/canal7slp.tv\/2025\/luto-oficial-del-papa-francisco-finalizara-el-4-de-mayo-e-iniciara-el-conclave-para-su-sucesor\/#primaryimage"},"thumbnailUrl":"https:\/\/canal7slp.tv\/2025\/wp-content\/uploads\/2025\/04\/06-22.jpg","datePublished":"2025-04-23T21:03:04+00:00","breadcrumb":{"@id":"https:\/\/canal7slp.tv\/2025\/luto-oficial-del-papa-francisco-finalizara-el-4-de-mayo-e-iniciara-el-conclave-para-su-sucesor\/#breadcrumb"},"inLanguage":"es","potentialAction":[{"@type":"ReadAction","target":["https:\/\/canal7slp.tv\/2025\/luto-oficial-del-papa-francisco-finalizara-el-4-de-mayo-e-iniciara-el-conclave-para-su-sucesor\/"]}]},{"@type":"ImageObject","inLanguage":"es","@id":"https:\/\/canal7slp.tv\/2025\/luto-oficial-del-papa-francisco-finalizara-el-4-de-mayo-e-iniciara-el-conclave-para-su-sucesor\/#primaryimage","url":"https:\/\/canal7slp.tv\/2025\/wp-content\/uploads\/2025\/04\/06-22.jpg","contentUrl":"https:\/\/canal7slp.tv\/2025\/wp-content\/uploads\/2025\/04\/06-22.jpg","width":888,"height":500},{"@type":"BreadcrumbList","@id":"https:\/\/canal7slp.tv\/2025\/luto-oficial-del-papa-francisco-finalizara-el-4-de-mayo-e-iniciara-el-conclave-para-su-sucesor\/#breadcrumb","itemListElement":[{"@type":"ListItem","position":1,"name":"Portada","item":"https:\/\/canal7slp.tv\/2025\/"},{"@type":"ListItem","position":2,"name":"Luto oficial del Papa Francisco finalizar\u00e1 el 4 de mayo e iniciar\u00e1 el c\u00f3nclave para su sucesor"}]},{"@type":"WebSite","@id":"https:\/\/canal7slp.tv\/2025\/#website","url":"https:\/\/canal7slp.tv\/2025\/","name":"N7 - Noticieros Canal 7","description":"Somos el Medio","publisher":{"@id":"https:\/\/canal7slp.tv\/2025\/#organization"},"potentialAction":[{"@type":"SearchAction","target":{"@type":"EntryPoint","urlTemplate":"https:\/\/canal7slp.tv\/2025\/?s={search_term_string}"},"query-input":{"@type":"PropertyValueSpecification","valueRequired":true,"valueName":"search_term_string"}}],"inLanguage":"es"},{"@type":"Organization","@id":"https:\/\/canal7slp.tv\/2025\/#organization","name":"Noticieros Canal 7","url":"https:\/\/canal7slp.tv\/2025\/","logo":{"@type":"ImageObject","inLanguage":"es","@id":"https:\/\/canal7slp.tv\/2025\/#\/schema\/logo\/image\/","url":"https:\/\/canal7slp.tv\/2025\/wp-content\/uploads\/2021\/01\/logo-noticieros@2x.png","contentUrl":"https:\/\/canal7slp.tv\/2025\/wp-content\/uploads\/2021\/01\/logo-noticieros@2x.png","width":1017,"height":268,"caption":"Noticieros Canal 7"},"image":{"@id":"https:\/\/canal7slp.tv\/2025\/#\/schema\/logo\/image\/"},"sameAs":["https:\/\/www.facebook.com\/noticieroscanal7atencionciudadana\/","https:\/\/x.com\/NOTICIEROS7","https:\/\/www.instagram.com\/canal7_slp","https:\/\/www.youtube.com\/channel\/UCliiYs-gP3JfJeqdPrNdd5A"]},{"@type":"Person","@id":"https:\/\/canal7slp.tv\/2025\/#\/schema\/person\/271e2b60a96e7cc9d9ac296f4d7e414b","name":"Edici\u00f3n Web","image":{"@type":"ImageObject","inLanguage":"es","@id":"https:\/\/secure.gravatar.com\/avatar\/eee448fc3f7164808013b816ba91ac7e43bbe82a70bebac296f8bc6f0addaa1a?s=96&d=mm&r=g","url":"https:\/\/secure.gravatar.com\/avatar\/eee448fc3f7164808013b816ba91ac7e43bbe82a70bebac296f8bc6f0addaa1a?s=96&d=mm&r=g","contentUrl":"https:\/\/secure.gravatar.com\/avatar\/eee448fc3f7164808013b816ba91ac7e43bbe82a70bebac296f8bc6f0addaa1a?s=96&d=mm&r=g","caption":"Edici\u00f3n Web"},"url":"https:\/\/canal7slp.tv\/2025\/author\/edicionweb\/"}]}},"_links":{"self":[{"href":"https:\/\/canal7slp.tv\/2025\/wp-json\/wp\/v2\/posts\/164126","targetHints":{"allow":["GET"]}}],"collection":[{"href":"https:\/\/canal7slp.tv\/2025\/wp-json\/wp\/v2\/posts"}],"about":[{"href":"https:\/\/canal7slp.tv\/2025\/wp-json\/wp\/v2\/types\/post"}],"author":[{"embeddable":true,"href":"https:\/\/canal7slp.tv\/2025\/wp-json\/wp\/v2\/users\/2"}],"replies":[{"embeddable":true,"href":"https:\/\/canal7slp.tv\/2025\/wp-json\/wp\/v2\/comments?post=164126"}],"version-history":[{"count":1,"href":"https:\/\/canal7slp.tv\/2025\/wp-json\/wp\/v2\/posts\/164126\/revisions"}],"predecessor-version":[{"id":164128,"href":"https:\/\/canal7slp.tv\/2025\/wp-json\/wp\/v2\/posts\/164126\/revisions\/164128"}],"wp:featuredmedia":[{"embeddable":true,"href":"https:\/\/canal7slp.tv\/2025\/wp-json\/wp\/v2\/media\/164127"}],"wp:attachment":[{"href":"https:\/\/canal7slp.tv\/2025\/wp-json\/wp\/v2\/media?parent=164126"}],"wp:term":[{"taxonomy":"category","embeddable":true,"href":"https:\/\/canal7slp.tv\/2025\/wp-json\/wp\/v2\/categories?post=164126"},{"taxonomy":"post_tag","embeddable":true,"href":"https:\/\/canal7slp.tv\/2025\/wp-json\/wp\/v2\/tags?post=164126"}],"curies":[{"name":"wp","href":"https:\/\/api.w.org\/{rel}","templated":true}]}}