{"id":163928,"date":"2025-04-21T19:31:56","date_gmt":"2025-04-22T01:31:56","guid":{"rendered":"https:\/\/canal7slp.tv\/2025\/?p=163928"},"modified":"2025-04-21T19:31:56","modified_gmt":"2025-04-22T01:31:56","slug":"dan-el-ultimo-adios-al-maestro-jose-miramontes-zapata","status":"publish","type":"post","link":"https:\/\/canal7slp.tv\/2025\/dan-el-ultimo-adios-al-maestro-jose-miramontes-zapata\/","title":{"rendered":"Dan el \u00faltimo adi\u00f3s al maestro Jos\u00e9 Miramontes Zapata"},"content":{"rendered":"<p style=\"text-align: justify;\">SLP.- Con un homenaje de cuerpo presente familiares y amigos despidieron al maestro Jos\u00e9 Miramontes Zapata en el Teatro de la Paz, fallecido el pasado 19 de abril.<\/p>\n<p style=\"text-align: justify;\">Nacido en San Luis Potos\u00ed estudi\u00f3 piano en la Escuela Nacional de M\u00fasica de la Universidad Nacional Aut\u00f3noma de M\u00e9xico.<\/p>\n<p style=\"text-align: justify;\">Obtuvo el grado de maestr\u00eda en direcci\u00f3n de Coros y Orquesta en San Petersburgo Rusia.<\/p>\n<p style=\"text-align: justify;\">Jos\u00e9 Miramontes Zapata fue profesor en la Escuela de Bellas Artes de Toluca y a su retorno a su natal San Luis destac\u00f3 por su trabajo coral y orquestal con m\u00fasicos locales.<\/p>\n<p style=\"text-align: justify;\">Asimismo, en Julio del 2000 fund\u00f3 la Orquesta Sinf\u00f3nica de San Luis Potos\u00ed , misma que se ha posicionado a nivel nacional e internacional como una de las mejores sinf\u00f3nicas mexicanas, y que ha participado en eventos internacionales en pa\u00edses como Italia, Austria, Francia y la ciudad de Berl\u00edn.<\/p>\n<p>Por: Claudio Ibarra<\/p>\n","protected":false},"excerpt":{"rendered":"<p>SLP.- Con un homenaje de cuerpo presente familiares y amigos despidieron al maestro Jos\u00e9 Miramontes Zapata en el Teatro de la Paz, fallecido el pasado 19 de abril. Nacido en San Luis Potos\u00ed estudi\u00f3 piano en la Escuela Nacional de M\u00fasica de la Universidad Nacional Aut\u00f3noma de M\u00e9xico. Obtuvo el grado de maestr\u00eda en direcci\u00f3n de Coros y Orquesta en San Petersburgo Rusia. Jos\u00e9 Miramontes Zapata fue profesor en la Escuela de Bellas Artes de Toluca y a su retorno a su natal San Luis destac\u00f3 por su trabajo coral y orquestal con m\u00fasicos locales. Asimismo, en Julio del 2000 [&hellip;]<\/p>\n","protected":false},"author":2,"featured_media":163956,"comment_status":"closed","ping_status":"closed","sticky":false,"template":"","format":"video","meta":{"_monsterinsights_skip_tracking":false,"_monsterinsights_sitenote_active":false,"_monsterinsights_sitenote_note":"","_monsterinsights_sitenote_category":0,"footnotes":""},"categories":[5,45],"tags":[],"class_list":["post-163928","post","type-post","status-publish","format-video","has-post-thumbnail","hentry","category-destacadas","category-localesyregionales","post_format-post-format-video","post--single"],"yoast_head":"<!-- This site is optimized with the Yoast SEO plugin v27.5 - https:\/\/yoast.com\/product\/yoast-seo-wordpress\/ -->\n<title>Dan el \u00faltimo adi\u00f3s al maestro Jos\u00e9 Miramontes Zapata - Canal 7 SLP - 2025<\/title>\n<meta name=\"robots\" content=\"index, follow, max-snippet:-1, max-image-preview:large, max-video-preview:-1\" \/>\n<link rel=\"canonical\" href=\"https:\/\/canal7slp.tv\/2025\/dan-el-ultimo-adios-al-maestro-jose-miramontes-zapata\/\" \/>\n<meta property=\"og:locale\" content=\"es_ES\" \/>\n<meta property=\"og:type\" content=\"article\" \/>\n<meta property=\"og:title\" content=\"Dan el \u00faltimo adi\u00f3s al maestro Jos\u00e9 Miramontes Zapata - Canal 7 SLP - 2025\" \/>\n<meta property=\"og:description\" content=\"SLP.- Con un homenaje de cuerpo presente familiares y amigos despidieron al maestro Jos\u00e9 Miramontes Zapata en el Teatro de la Paz, fallecido el pasado 19 de abril. Nacido en San Luis Potos\u00ed estudi\u00f3 piano en la Escuela Nacional de M\u00fasica de la Universidad Nacional Aut\u00f3noma de M\u00e9xico. Obtuvo el grado de maestr\u00eda en direcci\u00f3n de Coros y Orquesta en San Petersburgo Rusia. Jos\u00e9 Miramontes Zapata fue profesor en la Escuela de Bellas Artes de Toluca y a su retorno a su natal San Luis destac\u00f3 por su trabajo coral y orquestal con m\u00fasicos locales. Asimismo, en Julio del 2000 [&hellip;]\" \/>\n<meta property=\"og:url\" content=\"https:\/\/canal7slp.tv\/2025\/dan-el-ultimo-adios-al-maestro-jose-miramontes-zapata\/\" \/>\n<meta property=\"og:site_name\" content=\"Canal 7 SLP - 2025\" \/>\n<meta property=\"article:publisher\" content=\"https:\/\/www.facebook.com\/noticieroscanal7atencionciudadana\/\" \/>\n<meta property=\"article:published_time\" content=\"2025-04-22T01:31:56+00:00\" \/>\n<meta property=\"og:image\" content=\"https:\/\/canal7slp.tv\/2025\/wp-content\/uploads\/2025\/04\/Claudio03Homenaje.jpg\" \/>\n\t<meta property=\"og:image:width\" content=\"1280\" \/>\n\t<meta property=\"og:image:height\" content=\"720\" \/>\n\t<meta property=\"og:image:type\" content=\"image\/jpeg\" \/>\n<meta name=\"author\" content=\"Edici\u00f3n Web\" \/>\n<meta name=\"twitter:card\" content=\"summary_large_image\" \/>\n<meta name=\"twitter:creator\" content=\"@NOTICIEROS7\" \/>\n<meta name=\"twitter:site\" content=\"@NOTICIEROS7\" \/>\n<meta name=\"twitter:label1\" content=\"Escrito por\" \/>\n\t<meta name=\"twitter:data1\" content=\"Edici\u00f3n Web\" \/>\n\t<meta name=\"twitter:label2\" content=\"Tiempo de lectura\" \/>\n\t<meta name=\"twitter:data2\" content=\"1 minuto\" \/>\n<script type=\"application\/ld+json\" class=\"yoast-schema-graph\">{\"@context\":\"https:\\\/\\\/schema.org\",\"@graph\":[{\"@type\":\"Article\",\"@id\":\"https:\\\/\\\/canal7slp.tv\\\/2025\\\/dan-el-ultimo-adios-al-maestro-jose-miramontes-zapata\\\/#article\",\"isPartOf\":{\"@id\":\"https:\\\/\\\/canal7slp.tv\\\/2025\\\/dan-el-ultimo-adios-al-maestro-jose-miramontes-zapata\\\/\"},\"author\":{\"name\":\"Edici\u00f3n Web\",\"@id\":\"https:\\\/\\\/canal7slp.tv\\\/2025\\\/#\\\/schema\\\/person\\\/271e2b60a96e7cc9d9ac296f4d7e414b\"},\"headline\":\"Dan el \u00faltimo adi\u00f3s al maestro Jos\u00e9 Miramontes Zapata\",\"datePublished\":\"2025-04-22T01:31:56+00:00\",\"mainEntityOfPage\":{\"@id\":\"https:\\\/\\\/canal7slp.tv\\\/2025\\\/dan-el-ultimo-adios-al-maestro-jose-miramontes-zapata\\\/\"},\"wordCount\":165,\"publisher\":{\"@id\":\"https:\\\/\\\/canal7slp.tv\\\/2025\\\/#organization\"},\"image\":{\"@id\":\"https:\\\/\\\/canal7slp.tv\\\/2025\\\/dan-el-ultimo-adios-al-maestro-jose-miramontes-zapata\\\/#primaryimage\"},\"thumbnailUrl\":\"https:\\\/\\\/canal7slp.tv\\\/2025\\\/wp-content\\\/uploads\\\/2025\\\/04\\\/Claudio03Homenaje.jpg\",\"articleSection\":[\"DESTACADAS\",\"LOCALES Y REGIONALES\"],\"inLanguage\":\"es\"},{\"@type\":\"WebPage\",\"@id\":\"https:\\\/\\\/canal7slp.tv\\\/2025\\\/dan-el-ultimo-adios-al-maestro-jose-miramontes-zapata\\\/\",\"url\":\"https:\\\/\\\/canal7slp.tv\\\/2025\\\/dan-el-ultimo-adios-al-maestro-jose-miramontes-zapata\\\/\",\"name\":\"Dan el \u00faltimo adi\u00f3s al maestro Jos\u00e9 Miramontes Zapata - Canal 7 SLP - 2025\",\"isPartOf\":{\"@id\":\"https:\\\/\\\/canal7slp.tv\\\/2025\\\/#website\"},\"primaryImageOfPage\":{\"@id\":\"https:\\\/\\\/canal7slp.tv\\\/2025\\\/dan-el-ultimo-adios-al-maestro-jose-miramontes-zapata\\\/#primaryimage\"},\"image\":{\"@id\":\"https:\\\/\\\/canal7slp.tv\\\/2025\\\/dan-el-ultimo-adios-al-maestro-jose-miramontes-zapata\\\/#primaryimage\"},\"thumbnailUrl\":\"https:\\\/\\\/canal7slp.tv\\\/2025\\\/wp-content\\\/uploads\\\/2025\\\/04\\\/Claudio03Homenaje.jpg\",\"datePublished\":\"2025-04-22T01:31:56+00:00\",\"breadcrumb\":{\"@id\":\"https:\\\/\\\/canal7slp.tv\\\/2025\\\/dan-el-ultimo-adios-al-maestro-jose-miramontes-zapata\\\/#breadcrumb\"},\"inLanguage\":\"es\",\"potentialAction\":[{\"@type\":\"ReadAction\",\"target\":[\"https:\\\/\\\/canal7slp.tv\\\/2025\\\/dan-el-ultimo-adios-al-maestro-jose-miramontes-zapata\\\/\"]}]},{\"@type\":\"ImageObject\",\"inLanguage\":\"es\",\"@id\":\"https:\\\/\\\/canal7slp.tv\\\/2025\\\/dan-el-ultimo-adios-al-maestro-jose-miramontes-zapata\\\/#primaryimage\",\"url\":\"https:\\\/\\\/canal7slp.tv\\\/2025\\\/wp-content\\\/uploads\\\/2025\\\/04\\\/Claudio03Homenaje.jpg\",\"contentUrl\":\"https:\\\/\\\/canal7slp.tv\\\/2025\\\/wp-content\\\/uploads\\\/2025\\\/04\\\/Claudio03Homenaje.jpg\",\"width\":1280,\"height\":720},{\"@type\":\"BreadcrumbList\",\"@id\":\"https:\\\/\\\/canal7slp.tv\\\/2025\\\/dan-el-ultimo-adios-al-maestro-jose-miramontes-zapata\\\/#breadcrumb\",\"itemListElement\":[{\"@type\":\"ListItem\",\"position\":1,\"name\":\"Portada\",\"item\":\"https:\\\/\\\/canal7slp.tv\\\/2025\\\/\"},{\"@type\":\"ListItem\",\"position\":2,\"name\":\"Dan el \u00faltimo adi\u00f3s al maestro Jos\u00e9 Miramontes Zapata\"}]},{\"@type\":\"WebSite\",\"@id\":\"https:\\\/\\\/canal7slp.tv\\\/2025\\\/#website\",\"url\":\"https:\\\/\\\/canal7slp.tv\\\/2025\\\/\",\"name\":\"N7 - Noticieros Canal 7\",\"description\":\"Somos el Medio\",\"publisher\":{\"@id\":\"https:\\\/\\\/canal7slp.tv\\\/2025\\\/#organization\"},\"potentialAction\":[{\"@type\":\"SearchAction\",\"target\":{\"@type\":\"EntryPoint\",\"urlTemplate\":\"https:\\\/\\\/canal7slp.tv\\\/2025\\\/?s={search_term_string}\"},\"query-input\":{\"@type\":\"PropertyValueSpecification\",\"valueRequired\":true,\"valueName\":\"search_term_string\"}}],\"inLanguage\":\"es\"},{\"@type\":\"Organization\",\"@id\":\"https:\\\/\\\/canal7slp.tv\\\/2025\\\/#organization\",\"name\":\"Noticieros Canal 7\",\"url\":\"https:\\\/\\\/canal7slp.tv\\\/2025\\\/\",\"logo\":{\"@type\":\"ImageObject\",\"inLanguage\":\"es\",\"@id\":\"https:\\\/\\\/canal7slp.tv\\\/2025\\\/#\\\/schema\\\/logo\\\/image\\\/\",\"url\":\"https:\\\/\\\/canal7slp.tv\\\/2025\\\/wp-content\\\/uploads\\\/2021\\\/01\\\/logo-noticieros@2x.png\",\"contentUrl\":\"https:\\\/\\\/canal7slp.tv\\\/2025\\\/wp-content\\\/uploads\\\/2021\\\/01\\\/logo-noticieros@2x.png\",\"width\":1017,\"height\":268,\"caption\":\"Noticieros Canal 7\"},\"image\":{\"@id\":\"https:\\\/\\\/canal7slp.tv\\\/2025\\\/#\\\/schema\\\/logo\\\/image\\\/\"},\"sameAs\":[\"https:\\\/\\\/www.facebook.com\\\/noticieroscanal7atencionciudadana\\\/\",\"https:\\\/\\\/x.com\\\/NOTICIEROS7\",\"https:\\\/\\\/www.instagram.com\\\/canal7_slp\",\"https:\\\/\\\/www.youtube.com\\\/channel\\\/UCliiYs-gP3JfJeqdPrNdd5A\"]},{\"@type\":\"Person\",\"@id\":\"https:\\\/\\\/canal7slp.tv\\\/2025\\\/#\\\/schema\\\/person\\\/271e2b60a96e7cc9d9ac296f4d7e414b\",\"name\":\"Edici\u00f3n Web\",\"image\":{\"@type\":\"ImageObject\",\"inLanguage\":\"es\",\"@id\":\"https:\\\/\\\/secure.gravatar.com\\\/avatar\\\/eee448fc3f7164808013b816ba91ac7e43bbe82a70bebac296f8bc6f0addaa1a?s=96&d=mm&r=g\",\"url\":\"https:\\\/\\\/secure.gravatar.com\\\/avatar\\\/eee448fc3f7164808013b816ba91ac7e43bbe82a70bebac296f8bc6f0addaa1a?s=96&d=mm&r=g\",\"contentUrl\":\"https:\\\/\\\/secure.gravatar.com\\\/avatar\\\/eee448fc3f7164808013b816ba91ac7e43bbe82a70bebac296f8bc6f0addaa1a?s=96&d=mm&r=g\",\"caption\":\"Edici\u00f3n Web\"},\"url\":\"https:\\\/\\\/canal7slp.tv\\\/2025\\\/author\\\/edicionweb\\\/\"}]}<\/script>\n<!-- \/ Yoast SEO plugin. -->","yoast_head_json":{"title":"Dan el \u00faltimo adi\u00f3s al maestro Jos\u00e9 Miramontes Zapata - Canal 7 SLP - 2025","robots":{"index":"index","follow":"follow","max-snippet":"max-snippet:-1","max-image-preview":"max-image-preview:large","max-video-preview":"max-video-preview:-1"},"canonical":"https:\/\/canal7slp.tv\/2025\/dan-el-ultimo-adios-al-maestro-jose-miramontes-zapata\/","og_locale":"es_ES","og_type":"article","og_title":"Dan el \u00faltimo adi\u00f3s al maestro Jos\u00e9 Miramontes Zapata - Canal 7 SLP - 2025","og_description":"SLP.- Con un homenaje de cuerpo presente familiares y amigos despidieron al maestro Jos\u00e9 Miramontes Zapata en el Teatro de la Paz, fallecido el pasado 19 de abril. Nacido en San Luis Potos\u00ed estudi\u00f3 piano en la Escuela Nacional de M\u00fasica de la Universidad Nacional Aut\u00f3noma de M\u00e9xico. Obtuvo el grado de maestr\u00eda en direcci\u00f3n de Coros y Orquesta en San Petersburgo Rusia. Jos\u00e9 Miramontes Zapata fue profesor en la Escuela de Bellas Artes de Toluca y a su retorno a su natal San Luis destac\u00f3 por su trabajo coral y orquestal con m\u00fasicos locales. Asimismo, en Julio del 2000 [&hellip;]","og_url":"https:\/\/canal7slp.tv\/2025\/dan-el-ultimo-adios-al-maestro-jose-miramontes-zapata\/","og_site_name":"Canal 7 SLP - 2025","article_publisher":"https:\/\/www.facebook.com\/noticieroscanal7atencionciudadana\/","article_published_time":"2025-04-22T01:31:56+00:00","og_image":[{"width":1280,"height":720,"url":"https:\/\/canal7slp.tv\/2025\/wp-content\/uploads\/2025\/04\/Claudio03Homenaje.jpg","type":"image\/jpeg"}],"author":"Edici\u00f3n Web","twitter_card":"summary_large_image","twitter_creator":"@NOTICIEROS7","twitter_site":"@NOTICIEROS7","twitter_misc":{"Escrito por":"Edici\u00f3n Web","Tiempo de lectura":"1 minuto"},"schema":{"@context":"https:\/\/schema.org","@graph":[{"@type":"Article","@id":"https:\/\/canal7slp.tv\/2025\/dan-el-ultimo-adios-al-maestro-jose-miramontes-zapata\/#article","isPartOf":{"@id":"https:\/\/canal7slp.tv\/2025\/dan-el-ultimo-adios-al-maestro-jose-miramontes-zapata\/"},"author":{"name":"Edici\u00f3n Web","@id":"https:\/\/canal7slp.tv\/2025\/#\/schema\/person\/271e2b60a96e7cc9d9ac296f4d7e414b"},"headline":"Dan el \u00faltimo adi\u00f3s al maestro Jos\u00e9 Miramontes Zapata","datePublished":"2025-04-22T01:31:56+00:00","mainEntityOfPage":{"@id":"https:\/\/canal7slp.tv\/2025\/dan-el-ultimo-adios-al-maestro-jose-miramontes-zapata\/"},"wordCount":165,"publisher":{"@id":"https:\/\/canal7slp.tv\/2025\/#organization"},"image":{"@id":"https:\/\/canal7slp.tv\/2025\/dan-el-ultimo-adios-al-maestro-jose-miramontes-zapata\/#primaryimage"},"thumbnailUrl":"https:\/\/canal7slp.tv\/2025\/wp-content\/uploads\/2025\/04\/Claudio03Homenaje.jpg","articleSection":["DESTACADAS","LOCALES Y REGIONALES"],"inLanguage":"es"},{"@type":"WebPage","@id":"https:\/\/canal7slp.tv\/2025\/dan-el-ultimo-adios-al-maestro-jose-miramontes-zapata\/","url":"https:\/\/canal7slp.tv\/2025\/dan-el-ultimo-adios-al-maestro-jose-miramontes-zapata\/","name":"Dan el \u00faltimo adi\u00f3s al maestro Jos\u00e9 Miramontes Zapata - Canal 7 SLP - 2025","isPartOf":{"@id":"https:\/\/canal7slp.tv\/2025\/#website"},"primaryImageOfPage":{"@id":"https:\/\/canal7slp.tv\/2025\/dan-el-ultimo-adios-al-maestro-jose-miramontes-zapata\/#primaryimage"},"image":{"@id":"https:\/\/canal7slp.tv\/2025\/dan-el-ultimo-adios-al-maestro-jose-miramontes-zapata\/#primaryimage"},"thumbnailUrl":"https:\/\/canal7slp.tv\/2025\/wp-content\/uploads\/2025\/04\/Claudio03Homenaje.jpg","datePublished":"2025-04-22T01:31:56+00:00","breadcrumb":{"@id":"https:\/\/canal7slp.tv\/2025\/dan-el-ultimo-adios-al-maestro-jose-miramontes-zapata\/#breadcrumb"},"inLanguage":"es","potentialAction":[{"@type":"ReadAction","target":["https:\/\/canal7slp.tv\/2025\/dan-el-ultimo-adios-al-maestro-jose-miramontes-zapata\/"]}]},{"@type":"ImageObject","inLanguage":"es","@id":"https:\/\/canal7slp.tv\/2025\/dan-el-ultimo-adios-al-maestro-jose-miramontes-zapata\/#primaryimage","url":"https:\/\/canal7slp.tv\/2025\/wp-content\/uploads\/2025\/04\/Claudio03Homenaje.jpg","contentUrl":"https:\/\/canal7slp.tv\/2025\/wp-content\/uploads\/2025\/04\/Claudio03Homenaje.jpg","width":1280,"height":720},{"@type":"BreadcrumbList","@id":"https:\/\/canal7slp.tv\/2025\/dan-el-ultimo-adios-al-maestro-jose-miramontes-zapata\/#breadcrumb","itemListElement":[{"@type":"ListItem","position":1,"name":"Portada","item":"https:\/\/canal7slp.tv\/2025\/"},{"@type":"ListItem","position":2,"name":"Dan el \u00faltimo adi\u00f3s al maestro Jos\u00e9 Miramontes Zapata"}]},{"@type":"WebSite","@id":"https:\/\/canal7slp.tv\/2025\/#website","url":"https:\/\/canal7slp.tv\/2025\/","name":"N7 - Noticieros Canal 7","description":"Somos el Medio","publisher":{"@id":"https:\/\/canal7slp.tv\/2025\/#organization"},"potentialAction":[{"@type":"SearchAction","target":{"@type":"EntryPoint","urlTemplate":"https:\/\/canal7slp.tv\/2025\/?s={search_term_string}"},"query-input":{"@type":"PropertyValueSpecification","valueRequired":true,"valueName":"search_term_string"}}],"inLanguage":"es"},{"@type":"Organization","@id":"https:\/\/canal7slp.tv\/2025\/#organization","name":"Noticieros Canal 7","url":"https:\/\/canal7slp.tv\/2025\/","logo":{"@type":"ImageObject","inLanguage":"es","@id":"https:\/\/canal7slp.tv\/2025\/#\/schema\/logo\/image\/","url":"https:\/\/canal7slp.tv\/2025\/wp-content\/uploads\/2021\/01\/logo-noticieros@2x.png","contentUrl":"https:\/\/canal7slp.tv\/2025\/wp-content\/uploads\/2021\/01\/logo-noticieros@2x.png","width":1017,"height":268,"caption":"Noticieros Canal 7"},"image":{"@id":"https:\/\/canal7slp.tv\/2025\/#\/schema\/logo\/image\/"},"sameAs":["https:\/\/www.facebook.com\/noticieroscanal7atencionciudadana\/","https:\/\/x.com\/NOTICIEROS7","https:\/\/www.instagram.com\/canal7_slp","https:\/\/www.youtube.com\/channel\/UCliiYs-gP3JfJeqdPrNdd5A"]},{"@type":"Person","@id":"https:\/\/canal7slp.tv\/2025\/#\/schema\/person\/271e2b60a96e7cc9d9ac296f4d7e414b","name":"Edici\u00f3n Web","image":{"@type":"ImageObject","inLanguage":"es","@id":"https:\/\/secure.gravatar.com\/avatar\/eee448fc3f7164808013b816ba91ac7e43bbe82a70bebac296f8bc6f0addaa1a?s=96&d=mm&r=g","url":"https:\/\/secure.gravatar.com\/avatar\/eee448fc3f7164808013b816ba91ac7e43bbe82a70bebac296f8bc6f0addaa1a?s=96&d=mm&r=g","contentUrl":"https:\/\/secure.gravatar.com\/avatar\/eee448fc3f7164808013b816ba91ac7e43bbe82a70bebac296f8bc6f0addaa1a?s=96&d=mm&r=g","caption":"Edici\u00f3n Web"},"url":"https:\/\/canal7slp.tv\/2025\/author\/edicionweb\/"}]}},"_links":{"self":[{"href":"https:\/\/canal7slp.tv\/2025\/wp-json\/wp\/v2\/posts\/163928","targetHints":{"allow":["GET"]}}],"collection":[{"href":"https:\/\/canal7slp.tv\/2025\/wp-json\/wp\/v2\/posts"}],"about":[{"href":"https:\/\/canal7slp.tv\/2025\/wp-json\/wp\/v2\/types\/post"}],"author":[{"embeddable":true,"href":"https:\/\/canal7slp.tv\/2025\/wp-json\/wp\/v2\/users\/2"}],"replies":[{"embeddable":true,"href":"https:\/\/canal7slp.tv\/2025\/wp-json\/wp\/v2\/comments?post=163928"}],"version-history":[{"count":3,"href":"https:\/\/canal7slp.tv\/2025\/wp-json\/wp\/v2\/posts\/163928\/revisions"}],"predecessor-version":[{"id":163957,"href":"https:\/\/canal7slp.tv\/2025\/wp-json\/wp\/v2\/posts\/163928\/revisions\/163957"}],"wp:featuredmedia":[{"embeddable":true,"href":"https:\/\/canal7slp.tv\/2025\/wp-json\/wp\/v2\/media\/163956"}],"wp:attachment":[{"href":"https:\/\/canal7slp.tv\/2025\/wp-json\/wp\/v2\/media?parent=163928"}],"wp:term":[{"taxonomy":"category","embeddable":true,"href":"https:\/\/canal7slp.tv\/2025\/wp-json\/wp\/v2\/categories?post=163928"},{"taxonomy":"post_tag","embeddable":true,"href":"https:\/\/canal7slp.tv\/2025\/wp-json\/wp\/v2\/tags?post=163928"}],"curies":[{"name":"wp","href":"https:\/\/api.w.org\/{rel}","templated":true}]}}