{"id":163924,"date":"2025-04-21T21:48:03","date_gmt":"2025-04-22T03:48:03","guid":{"rendered":"https:\/\/canal7slp.tv\/2025\/?p=163924"},"modified":"2025-12-10T08:48:53","modified_gmt":"2025-12-10T14:48:53","slug":"san-luis-potosi-despide-con-respeto-y-oracion-al-papa-francisco","status":"publish","type":"post","link":"https:\/\/canal7slp.tv\/2025\/san-luis-potosi-despide-con-respeto-y-oracion-al-papa-francisco\/","title":{"rendered":"San Luis Potos\u00ed despide con respeto y oraci\u00f3n al Papa Francisco"},"content":{"rendered":"<p style=\"text-align: justify;\"><span style=\"font-size: 1.21429rem;\">SLP.- Tras el anuncio del fallecimiento del Papa Francisco, a los 88 a\u00f1os de edad, la Arquidi\u00f3cesis de San Luis Potos\u00ed manifest\u00f3 su profundo pesar y organiz\u00f3 una serie de acciones para rendir homenaje al l\u00edder de la fe cat\u00f3lica.<\/span><\/p>\n<p style=\"text-align: justify;\">La iglesia potosina solicit\u00f3 que este lunes, en punto de las 12:00, y nuevamente a las 13:00 horas, las campanas de los templos sonaran al un\u00edsono como muestra de respeto y afecto hacia el obispo de Roma.<\/p>\n<p style=\"text-align: justify;\">Este gesto, no solo busc\u00f3 honrar su memoria, tambi\u00e9n invit\u00f3 a la comunidad a reflexionar entorno a su legado.<\/p>\n<p style=\"text-align: justify;\">El arzobispo Jorge Alberto Cavazos Arizpe hizo un llamado a los fieles para que durante las celebraciones eucar\u00edsticas de los pr\u00f3ximos d\u00edas, eleven plegarias por el descanso eterno del sumo pont\u00edfice y agradezcan por su vida de entrega al servicio de la humanidad.<\/p>\n<p style=\"text-align: justify;\">Jorge Mario Bergoglio, de nacionalidad argentina, fue elegido como jefe de la iglesia de Roma en marzo de 2013, tras la renuncia de Benedicto XVI. Su elecci\u00f3n marc\u00f3 un hito hist\u00f3rico, al convertirse en el primer Papa de origen Latinoamericano.<\/p>\n<p style=\"text-align: justify;\">Desde el inicio de su pontificado, se distingui\u00f3 por su cercan\u00eda con los m\u00e1s desfavorecidos y su llamado a una instituci\u00f3n eclesi\u00e1stica austera.<\/p>\n<p style=\"text-align: justify;\">Su fallecimiento se produce luego de un largo periodo de quebranto de salud, que lo llev\u00f3 a permanecer hospitalizado durante cinco semanas a causa de una neumon\u00eda.<\/p>\n<p style=\"text-align: justify;\">Su deceso simboliza el fin de una era marcada por el di\u00e1logo, la humildad y la transformaci\u00f3n dentro de la iglesia.<\/p>\n<p>Por: Sofia Mayela Mata Morales<\/p>\n","protected":false},"excerpt":{"rendered":"<p>SLP.- Tras el anuncio del fallecimiento del Papa Francisco, a los 88 a\u00f1os de edad, la Arquidi\u00f3cesis de San Luis Potos\u00ed manifest\u00f3 su profundo pesar y organiz\u00f3 una serie de acciones para rendir homenaje al l\u00edder de la fe cat\u00f3lica. La iglesia potosina solicit\u00f3 que este lunes, en punto de las 12:00, y nuevamente a las 13:00 horas, las campanas de los templos sonaran al un\u00edsono como muestra de respeto y afecto hacia el obispo de Roma. Este gesto, no solo busc\u00f3 honrar su memoria, tambi\u00e9n invit\u00f3 a la comunidad a reflexionar entorno a su legado. El arzobispo Jorge Alberto [&hellip;]<\/p>\n","protected":false},"author":2,"featured_media":163975,"comment_status":"closed","ping_status":"closed","sticky":false,"template":"","format":"video","meta":{"_monsterinsights_skip_tracking":false,"_monsterinsights_sitenote_active":false,"_monsterinsights_sitenote_note":"","_monsterinsights_sitenote_category":0,"footnotes":""},"categories":[5,519,45],"tags":[],"class_list":["post-163924","post","type-post","status-publish","format-video","has-post-thumbnail","hentry","category-destacadas","category-iglesia","category-localesyregionales","post_format-post-format-video","post--single"],"yoast_head":"<!-- This site is optimized with the Yoast SEO plugin v27.4 - https:\/\/yoast.com\/product\/yoast-seo-wordpress\/ -->\n<title>San Luis Potos\u00ed despide con respeto y oraci\u00f3n al Papa Francisco - Canal 7 SLP - 2025<\/title>\n<meta name=\"robots\" content=\"index, follow, max-snippet:-1, max-image-preview:large, max-video-preview:-1\" \/>\n<link rel=\"canonical\" href=\"https:\/\/canal7slp.tv\/2025\/san-luis-potosi-despide-con-respeto-y-oracion-al-papa-francisco\/\" \/>\n<meta property=\"og:locale\" content=\"es_ES\" \/>\n<meta property=\"og:type\" content=\"article\" \/>\n<meta property=\"og:title\" content=\"San Luis Potos\u00ed despide con respeto y oraci\u00f3n al Papa Francisco - Canal 7 SLP - 2025\" \/>\n<meta property=\"og:description\" content=\"SLP.- Tras el anuncio del fallecimiento del Papa Francisco, a los 88 a\u00f1os de edad, la Arquidi\u00f3cesis de San Luis Potos\u00ed manifest\u00f3 su profundo pesar y organiz\u00f3 una serie de acciones para rendir homenaje al l\u00edder de la fe cat\u00f3lica. La iglesia potosina solicit\u00f3 que este lunes, en punto de las 12:00, y nuevamente a las 13:00 horas, las campanas de los templos sonaran al un\u00edsono como muestra de respeto y afecto hacia el obispo de Roma. Este gesto, no solo busc\u00f3 honrar su memoria, tambi\u00e9n invit\u00f3 a la comunidad a reflexionar entorno a su legado. El arzobispo Jorge Alberto [&hellip;]\" \/>\n<meta property=\"og:url\" content=\"https:\/\/canal7slp.tv\/2025\/san-luis-potosi-despide-con-respeto-y-oracion-al-papa-francisco\/\" \/>\n<meta property=\"og:site_name\" content=\"Canal 7 SLP - 2025\" \/>\n<meta property=\"article:publisher\" content=\"https:\/\/www.facebook.com\/noticieroscanal7atencionciudadana\/\" \/>\n<meta property=\"article:published_time\" content=\"2025-04-22T03:48:03+00:00\" \/>\n<meta property=\"article:modified_time\" content=\"2025-12-10T14:48:53+00:00\" \/>\n<meta property=\"og:image\" content=\"https:\/\/canal7slp.tv\/2025\/wp-content\/uploads\/2025\/04\/Maye01Arquidiocesis.jpg\" \/>\n\t<meta property=\"og:image:width\" content=\"1280\" \/>\n\t<meta property=\"og:image:height\" content=\"720\" \/>\n\t<meta property=\"og:image:type\" content=\"image\/jpeg\" \/>\n<meta name=\"author\" content=\"Edici\u00f3n Web\" \/>\n<meta name=\"twitter:card\" content=\"summary_large_image\" \/>\n<meta name=\"twitter:creator\" content=\"@NOTICIEROS7\" \/>\n<meta name=\"twitter:site\" content=\"@NOTICIEROS7\" \/>\n<meta name=\"twitter:label1\" content=\"Escrito por\" \/>\n\t<meta name=\"twitter:data1\" content=\"Edici\u00f3n Web\" \/>\n\t<meta name=\"twitter:label2\" content=\"Tiempo de lectura\" \/>\n\t<meta name=\"twitter:data2\" content=\"2 minutos\" \/>\n<script type=\"application\/ld+json\" class=\"yoast-schema-graph\">{\"@context\":\"https:\\\/\\\/schema.org\",\"@graph\":[{\"@type\":\"Article\",\"@id\":\"https:\\\/\\\/canal7slp.tv\\\/2025\\\/san-luis-potosi-despide-con-respeto-y-oracion-al-papa-francisco\\\/#article\",\"isPartOf\":{\"@id\":\"https:\\\/\\\/canal7slp.tv\\\/2025\\\/san-luis-potosi-despide-con-respeto-y-oracion-al-papa-francisco\\\/\"},\"author\":{\"name\":\"Edici\u00f3n Web\",\"@id\":\"https:\\\/\\\/canal7slp.tv\\\/2025\\\/#\\\/schema\\\/person\\\/271e2b60a96e7cc9d9ac296f4d7e414b\"},\"headline\":\"San Luis Potos\u00ed despide con respeto y oraci\u00f3n al Papa Francisco\",\"datePublished\":\"2025-04-22T03:48:03+00:00\",\"dateModified\":\"2025-12-10T14:48:53+00:00\",\"mainEntityOfPage\":{\"@id\":\"https:\\\/\\\/canal7slp.tv\\\/2025\\\/san-luis-potosi-despide-con-respeto-y-oracion-al-papa-francisco\\\/\"},\"wordCount\":283,\"publisher\":{\"@id\":\"https:\\\/\\\/canal7slp.tv\\\/2025\\\/#organization\"},\"image\":{\"@id\":\"https:\\\/\\\/canal7slp.tv\\\/2025\\\/san-luis-potosi-despide-con-respeto-y-oracion-al-papa-francisco\\\/#primaryimage\"},\"thumbnailUrl\":\"https:\\\/\\\/canal7slp.tv\\\/2025\\\/wp-content\\\/uploads\\\/2025\\\/04\\\/Maye01Arquidiocesis.jpg\",\"articleSection\":[\"DESTACADAS\",\"Iglesia\",\"LOCALES Y REGIONALES\"],\"inLanguage\":\"es\"},{\"@type\":\"WebPage\",\"@id\":\"https:\\\/\\\/canal7slp.tv\\\/2025\\\/san-luis-potosi-despide-con-respeto-y-oracion-al-papa-francisco\\\/\",\"url\":\"https:\\\/\\\/canal7slp.tv\\\/2025\\\/san-luis-potosi-despide-con-respeto-y-oracion-al-papa-francisco\\\/\",\"name\":\"San Luis Potos\u00ed despide con respeto y oraci\u00f3n al Papa Francisco - Canal 7 SLP - 2025\",\"isPartOf\":{\"@id\":\"https:\\\/\\\/canal7slp.tv\\\/2025\\\/#website\"},\"primaryImageOfPage\":{\"@id\":\"https:\\\/\\\/canal7slp.tv\\\/2025\\\/san-luis-potosi-despide-con-respeto-y-oracion-al-papa-francisco\\\/#primaryimage\"},\"image\":{\"@id\":\"https:\\\/\\\/canal7slp.tv\\\/2025\\\/san-luis-potosi-despide-con-respeto-y-oracion-al-papa-francisco\\\/#primaryimage\"},\"thumbnailUrl\":\"https:\\\/\\\/canal7slp.tv\\\/2025\\\/wp-content\\\/uploads\\\/2025\\\/04\\\/Maye01Arquidiocesis.jpg\",\"datePublished\":\"2025-04-22T03:48:03+00:00\",\"dateModified\":\"2025-12-10T14:48:53+00:00\",\"breadcrumb\":{\"@id\":\"https:\\\/\\\/canal7slp.tv\\\/2025\\\/san-luis-potosi-despide-con-respeto-y-oracion-al-papa-francisco\\\/#breadcrumb\"},\"inLanguage\":\"es\",\"potentialAction\":[{\"@type\":\"ReadAction\",\"target\":[\"https:\\\/\\\/canal7slp.tv\\\/2025\\\/san-luis-potosi-despide-con-respeto-y-oracion-al-papa-francisco\\\/\"]}]},{\"@type\":\"ImageObject\",\"inLanguage\":\"es\",\"@id\":\"https:\\\/\\\/canal7slp.tv\\\/2025\\\/san-luis-potosi-despide-con-respeto-y-oracion-al-papa-francisco\\\/#primaryimage\",\"url\":\"https:\\\/\\\/canal7slp.tv\\\/2025\\\/wp-content\\\/uploads\\\/2025\\\/04\\\/Maye01Arquidiocesis.jpg\",\"contentUrl\":\"https:\\\/\\\/canal7slp.tv\\\/2025\\\/wp-content\\\/uploads\\\/2025\\\/04\\\/Maye01Arquidiocesis.jpg\",\"width\":1280,\"height\":720},{\"@type\":\"BreadcrumbList\",\"@id\":\"https:\\\/\\\/canal7slp.tv\\\/2025\\\/san-luis-potosi-despide-con-respeto-y-oracion-al-papa-francisco\\\/#breadcrumb\",\"itemListElement\":[{\"@type\":\"ListItem\",\"position\":1,\"name\":\"Portada\",\"item\":\"https:\\\/\\\/canal7slp.tv\\\/2025\\\/\"},{\"@type\":\"ListItem\",\"position\":2,\"name\":\"San Luis Potos\u00ed despide con respeto y oraci\u00f3n al Papa Francisco\"}]},{\"@type\":\"WebSite\",\"@id\":\"https:\\\/\\\/canal7slp.tv\\\/2025\\\/#website\",\"url\":\"https:\\\/\\\/canal7slp.tv\\\/2025\\\/\",\"name\":\"N7 - Noticieros Canal 7\",\"description\":\"Somos el Medio\",\"publisher\":{\"@id\":\"https:\\\/\\\/canal7slp.tv\\\/2025\\\/#organization\"},\"potentialAction\":[{\"@type\":\"SearchAction\",\"target\":{\"@type\":\"EntryPoint\",\"urlTemplate\":\"https:\\\/\\\/canal7slp.tv\\\/2025\\\/?s={search_term_string}\"},\"query-input\":{\"@type\":\"PropertyValueSpecification\",\"valueRequired\":true,\"valueName\":\"search_term_string\"}}],\"inLanguage\":\"es\"},{\"@type\":\"Organization\",\"@id\":\"https:\\\/\\\/canal7slp.tv\\\/2025\\\/#organization\",\"name\":\"Noticieros Canal 7\",\"url\":\"https:\\\/\\\/canal7slp.tv\\\/2025\\\/\",\"logo\":{\"@type\":\"ImageObject\",\"inLanguage\":\"es\",\"@id\":\"https:\\\/\\\/canal7slp.tv\\\/2025\\\/#\\\/schema\\\/logo\\\/image\\\/\",\"url\":\"https:\\\/\\\/canal7slp.tv\\\/2025\\\/wp-content\\\/uploads\\\/2021\\\/01\\\/logo-noticieros@2x.png\",\"contentUrl\":\"https:\\\/\\\/canal7slp.tv\\\/2025\\\/wp-content\\\/uploads\\\/2021\\\/01\\\/logo-noticieros@2x.png\",\"width\":1017,\"height\":268,\"caption\":\"Noticieros Canal 7\"},\"image\":{\"@id\":\"https:\\\/\\\/canal7slp.tv\\\/2025\\\/#\\\/schema\\\/logo\\\/image\\\/\"},\"sameAs\":[\"https:\\\/\\\/www.facebook.com\\\/noticieroscanal7atencionciudadana\\\/\",\"https:\\\/\\\/x.com\\\/NOTICIEROS7\",\"https:\\\/\\\/www.instagram.com\\\/canal7_slp\",\"https:\\\/\\\/www.youtube.com\\\/channel\\\/UCliiYs-gP3JfJeqdPrNdd5A\"]},{\"@type\":\"Person\",\"@id\":\"https:\\\/\\\/canal7slp.tv\\\/2025\\\/#\\\/schema\\\/person\\\/271e2b60a96e7cc9d9ac296f4d7e414b\",\"name\":\"Edici\u00f3n Web\",\"image\":{\"@type\":\"ImageObject\",\"inLanguage\":\"es\",\"@id\":\"https:\\\/\\\/secure.gravatar.com\\\/avatar\\\/eee448fc3f7164808013b816ba91ac7e43bbe82a70bebac296f8bc6f0addaa1a?s=96&d=mm&r=g\",\"url\":\"https:\\\/\\\/secure.gravatar.com\\\/avatar\\\/eee448fc3f7164808013b816ba91ac7e43bbe82a70bebac296f8bc6f0addaa1a?s=96&d=mm&r=g\",\"contentUrl\":\"https:\\\/\\\/secure.gravatar.com\\\/avatar\\\/eee448fc3f7164808013b816ba91ac7e43bbe82a70bebac296f8bc6f0addaa1a?s=96&d=mm&r=g\",\"caption\":\"Edici\u00f3n Web\"},\"url\":\"https:\\\/\\\/canal7slp.tv\\\/2025\\\/author\\\/edicionweb\\\/\"}]}<\/script>\n<!-- \/ Yoast SEO plugin. -->","yoast_head_json":{"title":"San Luis Potos\u00ed despide con respeto y oraci\u00f3n al Papa Francisco - Canal 7 SLP - 2025","robots":{"index":"index","follow":"follow","max-snippet":"max-snippet:-1","max-image-preview":"max-image-preview:large","max-video-preview":"max-video-preview:-1"},"canonical":"https:\/\/canal7slp.tv\/2025\/san-luis-potosi-despide-con-respeto-y-oracion-al-papa-francisco\/","og_locale":"es_ES","og_type":"article","og_title":"San Luis Potos\u00ed despide con respeto y oraci\u00f3n al Papa Francisco - Canal 7 SLP - 2025","og_description":"SLP.- Tras el anuncio del fallecimiento del Papa Francisco, a los 88 a\u00f1os de edad, la Arquidi\u00f3cesis de San Luis Potos\u00ed manifest\u00f3 su profundo pesar y organiz\u00f3 una serie de acciones para rendir homenaje al l\u00edder de la fe cat\u00f3lica. La iglesia potosina solicit\u00f3 que este lunes, en punto de las 12:00, y nuevamente a las 13:00 horas, las campanas de los templos sonaran al un\u00edsono como muestra de respeto y afecto hacia el obispo de Roma. Este gesto, no solo busc\u00f3 honrar su memoria, tambi\u00e9n invit\u00f3 a la comunidad a reflexionar entorno a su legado. El arzobispo Jorge Alberto [&hellip;]","og_url":"https:\/\/canal7slp.tv\/2025\/san-luis-potosi-despide-con-respeto-y-oracion-al-papa-francisco\/","og_site_name":"Canal 7 SLP - 2025","article_publisher":"https:\/\/www.facebook.com\/noticieroscanal7atencionciudadana\/","article_published_time":"2025-04-22T03:48:03+00:00","article_modified_time":"2025-12-10T14:48:53+00:00","og_image":[{"width":1280,"height":720,"url":"https:\/\/canal7slp.tv\/2025\/wp-content\/uploads\/2025\/04\/Maye01Arquidiocesis.jpg","type":"image\/jpeg"}],"author":"Edici\u00f3n Web","twitter_card":"summary_large_image","twitter_creator":"@NOTICIEROS7","twitter_site":"@NOTICIEROS7","twitter_misc":{"Escrito por":"Edici\u00f3n Web","Tiempo de lectura":"2 minutos"},"schema":{"@context":"https:\/\/schema.org","@graph":[{"@type":"Article","@id":"https:\/\/canal7slp.tv\/2025\/san-luis-potosi-despide-con-respeto-y-oracion-al-papa-francisco\/#article","isPartOf":{"@id":"https:\/\/canal7slp.tv\/2025\/san-luis-potosi-despide-con-respeto-y-oracion-al-papa-francisco\/"},"author":{"name":"Edici\u00f3n Web","@id":"https:\/\/canal7slp.tv\/2025\/#\/schema\/person\/271e2b60a96e7cc9d9ac296f4d7e414b"},"headline":"San Luis Potos\u00ed despide con respeto y oraci\u00f3n al Papa Francisco","datePublished":"2025-04-22T03:48:03+00:00","dateModified":"2025-12-10T14:48:53+00:00","mainEntityOfPage":{"@id":"https:\/\/canal7slp.tv\/2025\/san-luis-potosi-despide-con-respeto-y-oracion-al-papa-francisco\/"},"wordCount":283,"publisher":{"@id":"https:\/\/canal7slp.tv\/2025\/#organization"},"image":{"@id":"https:\/\/canal7slp.tv\/2025\/san-luis-potosi-despide-con-respeto-y-oracion-al-papa-francisco\/#primaryimage"},"thumbnailUrl":"https:\/\/canal7slp.tv\/2025\/wp-content\/uploads\/2025\/04\/Maye01Arquidiocesis.jpg","articleSection":["DESTACADAS","Iglesia","LOCALES Y REGIONALES"],"inLanguage":"es"},{"@type":"WebPage","@id":"https:\/\/canal7slp.tv\/2025\/san-luis-potosi-despide-con-respeto-y-oracion-al-papa-francisco\/","url":"https:\/\/canal7slp.tv\/2025\/san-luis-potosi-despide-con-respeto-y-oracion-al-papa-francisco\/","name":"San Luis Potos\u00ed despide con respeto y oraci\u00f3n al Papa Francisco - Canal 7 SLP - 2025","isPartOf":{"@id":"https:\/\/canal7slp.tv\/2025\/#website"},"primaryImageOfPage":{"@id":"https:\/\/canal7slp.tv\/2025\/san-luis-potosi-despide-con-respeto-y-oracion-al-papa-francisco\/#primaryimage"},"image":{"@id":"https:\/\/canal7slp.tv\/2025\/san-luis-potosi-despide-con-respeto-y-oracion-al-papa-francisco\/#primaryimage"},"thumbnailUrl":"https:\/\/canal7slp.tv\/2025\/wp-content\/uploads\/2025\/04\/Maye01Arquidiocesis.jpg","datePublished":"2025-04-22T03:48:03+00:00","dateModified":"2025-12-10T14:48:53+00:00","breadcrumb":{"@id":"https:\/\/canal7slp.tv\/2025\/san-luis-potosi-despide-con-respeto-y-oracion-al-papa-francisco\/#breadcrumb"},"inLanguage":"es","potentialAction":[{"@type":"ReadAction","target":["https:\/\/canal7slp.tv\/2025\/san-luis-potosi-despide-con-respeto-y-oracion-al-papa-francisco\/"]}]},{"@type":"ImageObject","inLanguage":"es","@id":"https:\/\/canal7slp.tv\/2025\/san-luis-potosi-despide-con-respeto-y-oracion-al-papa-francisco\/#primaryimage","url":"https:\/\/canal7slp.tv\/2025\/wp-content\/uploads\/2025\/04\/Maye01Arquidiocesis.jpg","contentUrl":"https:\/\/canal7slp.tv\/2025\/wp-content\/uploads\/2025\/04\/Maye01Arquidiocesis.jpg","width":1280,"height":720},{"@type":"BreadcrumbList","@id":"https:\/\/canal7slp.tv\/2025\/san-luis-potosi-despide-con-respeto-y-oracion-al-papa-francisco\/#breadcrumb","itemListElement":[{"@type":"ListItem","position":1,"name":"Portada","item":"https:\/\/canal7slp.tv\/2025\/"},{"@type":"ListItem","position":2,"name":"San Luis Potos\u00ed despide con respeto y oraci\u00f3n al Papa Francisco"}]},{"@type":"WebSite","@id":"https:\/\/canal7slp.tv\/2025\/#website","url":"https:\/\/canal7slp.tv\/2025\/","name":"N7 - Noticieros Canal 7","description":"Somos el Medio","publisher":{"@id":"https:\/\/canal7slp.tv\/2025\/#organization"},"potentialAction":[{"@type":"SearchAction","target":{"@type":"EntryPoint","urlTemplate":"https:\/\/canal7slp.tv\/2025\/?s={search_term_string}"},"query-input":{"@type":"PropertyValueSpecification","valueRequired":true,"valueName":"search_term_string"}}],"inLanguage":"es"},{"@type":"Organization","@id":"https:\/\/canal7slp.tv\/2025\/#organization","name":"Noticieros Canal 7","url":"https:\/\/canal7slp.tv\/2025\/","logo":{"@type":"ImageObject","inLanguage":"es","@id":"https:\/\/canal7slp.tv\/2025\/#\/schema\/logo\/image\/","url":"https:\/\/canal7slp.tv\/2025\/wp-content\/uploads\/2021\/01\/logo-noticieros@2x.png","contentUrl":"https:\/\/canal7slp.tv\/2025\/wp-content\/uploads\/2021\/01\/logo-noticieros@2x.png","width":1017,"height":268,"caption":"Noticieros Canal 7"},"image":{"@id":"https:\/\/canal7slp.tv\/2025\/#\/schema\/logo\/image\/"},"sameAs":["https:\/\/www.facebook.com\/noticieroscanal7atencionciudadana\/","https:\/\/x.com\/NOTICIEROS7","https:\/\/www.instagram.com\/canal7_slp","https:\/\/www.youtube.com\/channel\/UCliiYs-gP3JfJeqdPrNdd5A"]},{"@type":"Person","@id":"https:\/\/canal7slp.tv\/2025\/#\/schema\/person\/271e2b60a96e7cc9d9ac296f4d7e414b","name":"Edici\u00f3n Web","image":{"@type":"ImageObject","inLanguage":"es","@id":"https:\/\/secure.gravatar.com\/avatar\/eee448fc3f7164808013b816ba91ac7e43bbe82a70bebac296f8bc6f0addaa1a?s=96&d=mm&r=g","url":"https:\/\/secure.gravatar.com\/avatar\/eee448fc3f7164808013b816ba91ac7e43bbe82a70bebac296f8bc6f0addaa1a?s=96&d=mm&r=g","contentUrl":"https:\/\/secure.gravatar.com\/avatar\/eee448fc3f7164808013b816ba91ac7e43bbe82a70bebac296f8bc6f0addaa1a?s=96&d=mm&r=g","caption":"Edici\u00f3n Web"},"url":"https:\/\/canal7slp.tv\/2025\/author\/edicionweb\/"}]}},"_links":{"self":[{"href":"https:\/\/canal7slp.tv\/2025\/wp-json\/wp\/v2\/posts\/163924","targetHints":{"allow":["GET"]}}],"collection":[{"href":"https:\/\/canal7slp.tv\/2025\/wp-json\/wp\/v2\/posts"}],"about":[{"href":"https:\/\/canal7slp.tv\/2025\/wp-json\/wp\/v2\/types\/post"}],"author":[{"embeddable":true,"href":"https:\/\/canal7slp.tv\/2025\/wp-json\/wp\/v2\/users\/2"}],"replies":[{"embeddable":true,"href":"https:\/\/canal7slp.tv\/2025\/wp-json\/wp\/v2\/comments?post=163924"}],"version-history":[{"count":2,"href":"https:\/\/canal7slp.tv\/2025\/wp-json\/wp\/v2\/posts\/163924\/revisions"}],"predecessor-version":[{"id":163973,"href":"https:\/\/canal7slp.tv\/2025\/wp-json\/wp\/v2\/posts\/163924\/revisions\/163973"}],"wp:featuredmedia":[{"embeddable":true,"href":"https:\/\/canal7slp.tv\/2025\/wp-json\/wp\/v2\/media\/163975"}],"wp:attachment":[{"href":"https:\/\/canal7slp.tv\/2025\/wp-json\/wp\/v2\/media?parent=163924"}],"wp:term":[{"taxonomy":"category","embeddable":true,"href":"https:\/\/canal7slp.tv\/2025\/wp-json\/wp\/v2\/categories?post=163924"},{"taxonomy":"post_tag","embeddable":true,"href":"https:\/\/canal7slp.tv\/2025\/wp-json\/wp\/v2\/tags?post=163924"}],"curies":[{"name":"wp","href":"https:\/\/api.w.org\/{rel}","templated":true}]}}