{"id":163909,"date":"2025-04-21T21:39:06","date_gmt":"2025-04-22T03:39:06","guid":{"rendered":"https:\/\/canal7slp.tv\/2025\/?p=163909"},"modified":"2025-04-21T21:39:06","modified_gmt":"2025-04-22T03:39:06","slug":"arremete-el-sgg-contra-empresa-encargada-de-el-realito-por-multiples-fallas","status":"publish","type":"post","link":"https:\/\/canal7slp.tv\/2025\/arremete-el-sgg-contra-empresa-encargada-de-el-realito-por-multiples-fallas\/","title":{"rendered":"Arremete el SGG contra empresa encargada de El Realito por m\u00faltiples fallas"},"content":{"rendered":"<p style=\"text-align: justify;\"><span style=\"font-size: 1.21429rem;\">SLP.- El secretario General de Gobierno, Guadalupe Torres S\u00e1nchez, arremeti\u00f3 contra la empresa encargada de la presa El Realito, se\u00f1al\u00e1ndola de incumplir sistem\u00e1ticamente con sus obligaciones contractuales.<\/span><\/p>\n<p style=\"text-align: justify;\">El funcionario estatal asegur\u00f3 que, a pesar de las constantes fallas en el suministro de agua derivadas del mal funcionamiento del sistema, la empresa ha optado por ofrecer soluciones temporales sin resolver de fondo los problemas.<\/p>\n<p style=\"text-align: justify;\">\u201cLa empresa ha venido haciendo reparaciones transitorias, pero bueno lo del Realito yo prefiero dar una versi\u00f3n final de todo lo que va a venir\u201d, expres\u00f3.<\/p>\n<p style=\"text-align: justify;\">En sus se\u00f1alamientos no escatim\u00f3 calificativos al referirse al historial de la compa\u00f1\u00eda, acus\u00e1ndola de beneficiarse de un contrato desventajoso para el estado y de incumplir reiteradamente con el abastecimiento de agua.<\/p>\n<p style=\"text-align: justify;\">\u00abUstedes han visto que la verdad ha sido una empresa abusiva, una empresa comodina que se escuda en un documento leonino, en un documento fraudulento para seguir saqueando el estado\u00bb, dijo.<\/p>\n<p style=\"text-align: justify;\">El acueducto El Realito ha sido objeto de m\u00faltiples reparaciones desde su puesta en marcha, sin que se logre una soluci\u00f3n permanente que garantice el abasto continuo de agua potable a la zona metropolitana de San Luis Potos\u00ed.<\/p>\n<p style=\"text-align: justify;\">Continu\u00f3: \u201cPara seguir obligando a los municipios a comprar agua a lo doble de su precio, a incumplir de manera sistem\u00e1tica y reiterada con su obligaci\u00f3n de entrega de agua a dejarnos sin agua, entonces, la verdad es que no tiene nada de bueno ese Realito\u00bb.<\/p>\n<p>Por: Jos\u00e9 Luis V\u00e1zquez<\/p>\n","protected":false},"excerpt":{"rendered":"<p>SLP.- El secretario General de Gobierno, Guadalupe Torres S\u00e1nchez, arremeti\u00f3 contra la empresa encargada de la presa El Realito, se\u00f1al\u00e1ndola de incumplir sistem\u00e1ticamente con sus obligaciones contractuales. El funcionario estatal asegur\u00f3 que, a pesar de las constantes fallas en el suministro de agua derivadas del mal funcionamiento del sistema, la empresa ha optado por ofrecer soluciones temporales sin resolver de fondo los problemas. \u201cLa empresa ha venido haciendo reparaciones transitorias, pero bueno lo del Realito yo prefiero dar una versi\u00f3n final de todo lo que va a venir\u201d, expres\u00f3. En sus se\u00f1alamientos no escatim\u00f3 calificativos al referirse al historial de [&hellip;]<\/p>\n","protected":false},"author":2,"featured_media":163966,"comment_status":"closed","ping_status":"closed","sticky":false,"template":"","format":"video","meta":{"_monsterinsights_skip_tracking":false,"_monsterinsights_sitenote_active":false,"_monsterinsights_sitenote_note":"","_monsterinsights_sitenote_category":0,"footnotes":""},"categories":[5,510,45],"tags":[],"class_list":["post-163909","post","type-post","status-publish","format-video","has-post-thumbnail","hentry","category-destacadas","category-gobedoslp","category-localesyregionales","post_format-post-format-video","post--single"],"yoast_head":"<!-- This site is optimized with the Yoast SEO plugin v27.4 - https:\/\/yoast.com\/product\/yoast-seo-wordpress\/ -->\n<title>Arremete el SGG contra empresa encargada de El Realito por m\u00faltiples fallas - Canal 7 SLP - 2025<\/title>\n<meta name=\"robots\" content=\"index, follow, max-snippet:-1, max-image-preview:large, max-video-preview:-1\" \/>\n<link rel=\"canonical\" href=\"https:\/\/canal7slp.tv\/2025\/arremete-el-sgg-contra-empresa-encargada-de-el-realito-por-multiples-fallas\/\" \/>\n<meta property=\"og:locale\" content=\"es_ES\" \/>\n<meta property=\"og:type\" content=\"article\" \/>\n<meta property=\"og:title\" content=\"Arremete el SGG contra empresa encargada de El Realito por m\u00faltiples fallas - Canal 7 SLP - 2025\" \/>\n<meta property=\"og:description\" content=\"SLP.- El secretario General de Gobierno, Guadalupe Torres S\u00e1nchez, arremeti\u00f3 contra la empresa encargada de la presa El Realito, se\u00f1al\u00e1ndola de incumplir sistem\u00e1ticamente con sus obligaciones contractuales. El funcionario estatal asegur\u00f3 que, a pesar de las constantes fallas en el suministro de agua derivadas del mal funcionamiento del sistema, la empresa ha optado por ofrecer soluciones temporales sin resolver de fondo los problemas. \u201cLa empresa ha venido haciendo reparaciones transitorias, pero bueno lo del Realito yo prefiero dar una versi\u00f3n final de todo lo que va a venir\u201d, expres\u00f3. En sus se\u00f1alamientos no escatim\u00f3 calificativos al referirse al historial de [&hellip;]\" \/>\n<meta property=\"og:url\" content=\"https:\/\/canal7slp.tv\/2025\/arremete-el-sgg-contra-empresa-encargada-de-el-realito-por-multiples-fallas\/\" \/>\n<meta property=\"og:site_name\" content=\"Canal 7 SLP - 2025\" \/>\n<meta property=\"article:publisher\" content=\"https:\/\/www.facebook.com\/noticieroscanal7atencionciudadana\/\" \/>\n<meta property=\"article:published_time\" content=\"2025-04-22T03:39:06+00:00\" \/>\n<meta property=\"og:image\" content=\"https:\/\/canal7slp.tv\/2025\/wp-content\/uploads\/2025\/04\/Vazquez02Realito.jpg\" \/>\n\t<meta property=\"og:image:width\" content=\"1280\" \/>\n\t<meta property=\"og:image:height\" content=\"720\" \/>\n\t<meta property=\"og:image:type\" content=\"image\/jpeg\" \/>\n<meta name=\"author\" content=\"Edici\u00f3n Web\" \/>\n<meta name=\"twitter:card\" content=\"summary_large_image\" \/>\n<meta name=\"twitter:creator\" content=\"@NOTICIEROS7\" \/>\n<meta name=\"twitter:site\" content=\"@NOTICIEROS7\" \/>\n<meta name=\"twitter:label1\" content=\"Escrito por\" \/>\n\t<meta name=\"twitter:data1\" content=\"Edici\u00f3n Web\" \/>\n\t<meta name=\"twitter:label2\" content=\"Tiempo de lectura\" \/>\n\t<meta name=\"twitter:data2\" content=\"2 minutos\" \/>\n<script type=\"application\/ld+json\" class=\"yoast-schema-graph\">{\"@context\":\"https:\\\/\\\/schema.org\",\"@graph\":[{\"@type\":\"Article\",\"@id\":\"https:\\\/\\\/canal7slp.tv\\\/2025\\\/arremete-el-sgg-contra-empresa-encargada-de-el-realito-por-multiples-fallas\\\/#article\",\"isPartOf\":{\"@id\":\"https:\\\/\\\/canal7slp.tv\\\/2025\\\/arremete-el-sgg-contra-empresa-encargada-de-el-realito-por-multiples-fallas\\\/\"},\"author\":{\"name\":\"Edici\u00f3n Web\",\"@id\":\"https:\\\/\\\/canal7slp.tv\\\/2025\\\/#\\\/schema\\\/person\\\/271e2b60a96e7cc9d9ac296f4d7e414b\"},\"headline\":\"Arremete el SGG contra empresa encargada de El Realito por m\u00faltiples fallas\",\"datePublished\":\"2025-04-22T03:39:06+00:00\",\"mainEntityOfPage\":{\"@id\":\"https:\\\/\\\/canal7slp.tv\\\/2025\\\/arremete-el-sgg-contra-empresa-encargada-de-el-realito-por-multiples-fallas\\\/\"},\"wordCount\":267,\"publisher\":{\"@id\":\"https:\\\/\\\/canal7slp.tv\\\/2025\\\/#organization\"},\"image\":{\"@id\":\"https:\\\/\\\/canal7slp.tv\\\/2025\\\/arremete-el-sgg-contra-empresa-encargada-de-el-realito-por-multiples-fallas\\\/#primaryimage\"},\"thumbnailUrl\":\"https:\\\/\\\/canal7slp.tv\\\/2025\\\/wp-content\\\/uploads\\\/2025\\\/04\\\/Vazquez02Realito.jpg\",\"articleSection\":[\"DESTACADAS\",\"GOBEDOSLP\",\"LOCALES Y REGIONALES\"],\"inLanguage\":\"es\"},{\"@type\":\"WebPage\",\"@id\":\"https:\\\/\\\/canal7slp.tv\\\/2025\\\/arremete-el-sgg-contra-empresa-encargada-de-el-realito-por-multiples-fallas\\\/\",\"url\":\"https:\\\/\\\/canal7slp.tv\\\/2025\\\/arremete-el-sgg-contra-empresa-encargada-de-el-realito-por-multiples-fallas\\\/\",\"name\":\"Arremete el SGG contra empresa encargada de El Realito por m\u00faltiples fallas - Canal 7 SLP - 2025\",\"isPartOf\":{\"@id\":\"https:\\\/\\\/canal7slp.tv\\\/2025\\\/#website\"},\"primaryImageOfPage\":{\"@id\":\"https:\\\/\\\/canal7slp.tv\\\/2025\\\/arremete-el-sgg-contra-empresa-encargada-de-el-realito-por-multiples-fallas\\\/#primaryimage\"},\"image\":{\"@id\":\"https:\\\/\\\/canal7slp.tv\\\/2025\\\/arremete-el-sgg-contra-empresa-encargada-de-el-realito-por-multiples-fallas\\\/#primaryimage\"},\"thumbnailUrl\":\"https:\\\/\\\/canal7slp.tv\\\/2025\\\/wp-content\\\/uploads\\\/2025\\\/04\\\/Vazquez02Realito.jpg\",\"datePublished\":\"2025-04-22T03:39:06+00:00\",\"breadcrumb\":{\"@id\":\"https:\\\/\\\/canal7slp.tv\\\/2025\\\/arremete-el-sgg-contra-empresa-encargada-de-el-realito-por-multiples-fallas\\\/#breadcrumb\"},\"inLanguage\":\"es\",\"potentialAction\":[{\"@type\":\"ReadAction\",\"target\":[\"https:\\\/\\\/canal7slp.tv\\\/2025\\\/arremete-el-sgg-contra-empresa-encargada-de-el-realito-por-multiples-fallas\\\/\"]}]},{\"@type\":\"ImageObject\",\"inLanguage\":\"es\",\"@id\":\"https:\\\/\\\/canal7slp.tv\\\/2025\\\/arremete-el-sgg-contra-empresa-encargada-de-el-realito-por-multiples-fallas\\\/#primaryimage\",\"url\":\"https:\\\/\\\/canal7slp.tv\\\/2025\\\/wp-content\\\/uploads\\\/2025\\\/04\\\/Vazquez02Realito.jpg\",\"contentUrl\":\"https:\\\/\\\/canal7slp.tv\\\/2025\\\/wp-content\\\/uploads\\\/2025\\\/04\\\/Vazquez02Realito.jpg\",\"width\":1280,\"height\":720},{\"@type\":\"BreadcrumbList\",\"@id\":\"https:\\\/\\\/canal7slp.tv\\\/2025\\\/arremete-el-sgg-contra-empresa-encargada-de-el-realito-por-multiples-fallas\\\/#breadcrumb\",\"itemListElement\":[{\"@type\":\"ListItem\",\"position\":1,\"name\":\"Portada\",\"item\":\"https:\\\/\\\/canal7slp.tv\\\/2025\\\/\"},{\"@type\":\"ListItem\",\"position\":2,\"name\":\"Arremete el SGG contra empresa encargada de El Realito por m\u00faltiples fallas\"}]},{\"@type\":\"WebSite\",\"@id\":\"https:\\\/\\\/canal7slp.tv\\\/2025\\\/#website\",\"url\":\"https:\\\/\\\/canal7slp.tv\\\/2025\\\/\",\"name\":\"N7 - Noticieros Canal 7\",\"description\":\"Somos el Medio\",\"publisher\":{\"@id\":\"https:\\\/\\\/canal7slp.tv\\\/2025\\\/#organization\"},\"potentialAction\":[{\"@type\":\"SearchAction\",\"target\":{\"@type\":\"EntryPoint\",\"urlTemplate\":\"https:\\\/\\\/canal7slp.tv\\\/2025\\\/?s={search_term_string}\"},\"query-input\":{\"@type\":\"PropertyValueSpecification\",\"valueRequired\":true,\"valueName\":\"search_term_string\"}}],\"inLanguage\":\"es\"},{\"@type\":\"Organization\",\"@id\":\"https:\\\/\\\/canal7slp.tv\\\/2025\\\/#organization\",\"name\":\"Noticieros Canal 7\",\"url\":\"https:\\\/\\\/canal7slp.tv\\\/2025\\\/\",\"logo\":{\"@type\":\"ImageObject\",\"inLanguage\":\"es\",\"@id\":\"https:\\\/\\\/canal7slp.tv\\\/2025\\\/#\\\/schema\\\/logo\\\/image\\\/\",\"url\":\"https:\\\/\\\/canal7slp.tv\\\/2025\\\/wp-content\\\/uploads\\\/2021\\\/01\\\/logo-noticieros@2x.png\",\"contentUrl\":\"https:\\\/\\\/canal7slp.tv\\\/2025\\\/wp-content\\\/uploads\\\/2021\\\/01\\\/logo-noticieros@2x.png\",\"width\":1017,\"height\":268,\"caption\":\"Noticieros Canal 7\"},\"image\":{\"@id\":\"https:\\\/\\\/canal7slp.tv\\\/2025\\\/#\\\/schema\\\/logo\\\/image\\\/\"},\"sameAs\":[\"https:\\\/\\\/www.facebook.com\\\/noticieroscanal7atencionciudadana\\\/\",\"https:\\\/\\\/x.com\\\/NOTICIEROS7\",\"https:\\\/\\\/www.instagram.com\\\/canal7_slp\",\"https:\\\/\\\/www.youtube.com\\\/channel\\\/UCliiYs-gP3JfJeqdPrNdd5A\"]},{\"@type\":\"Person\",\"@id\":\"https:\\\/\\\/canal7slp.tv\\\/2025\\\/#\\\/schema\\\/person\\\/271e2b60a96e7cc9d9ac296f4d7e414b\",\"name\":\"Edici\u00f3n Web\",\"image\":{\"@type\":\"ImageObject\",\"inLanguage\":\"es\",\"@id\":\"https:\\\/\\\/secure.gravatar.com\\\/avatar\\\/eee448fc3f7164808013b816ba91ac7e43bbe82a70bebac296f8bc6f0addaa1a?s=96&d=mm&r=g\",\"url\":\"https:\\\/\\\/secure.gravatar.com\\\/avatar\\\/eee448fc3f7164808013b816ba91ac7e43bbe82a70bebac296f8bc6f0addaa1a?s=96&d=mm&r=g\",\"contentUrl\":\"https:\\\/\\\/secure.gravatar.com\\\/avatar\\\/eee448fc3f7164808013b816ba91ac7e43bbe82a70bebac296f8bc6f0addaa1a?s=96&d=mm&r=g\",\"caption\":\"Edici\u00f3n Web\"},\"url\":\"https:\\\/\\\/canal7slp.tv\\\/2025\\\/author\\\/edicionweb\\\/\"}]}<\/script>\n<!-- \/ Yoast SEO plugin. -->","yoast_head_json":{"title":"Arremete el SGG contra empresa encargada de El Realito por m\u00faltiples fallas - Canal 7 SLP - 2025","robots":{"index":"index","follow":"follow","max-snippet":"max-snippet:-1","max-image-preview":"max-image-preview:large","max-video-preview":"max-video-preview:-1"},"canonical":"https:\/\/canal7slp.tv\/2025\/arremete-el-sgg-contra-empresa-encargada-de-el-realito-por-multiples-fallas\/","og_locale":"es_ES","og_type":"article","og_title":"Arremete el SGG contra empresa encargada de El Realito por m\u00faltiples fallas - Canal 7 SLP - 2025","og_description":"SLP.- El secretario General de Gobierno, Guadalupe Torres S\u00e1nchez, arremeti\u00f3 contra la empresa encargada de la presa El Realito, se\u00f1al\u00e1ndola de incumplir sistem\u00e1ticamente con sus obligaciones contractuales. El funcionario estatal asegur\u00f3 que, a pesar de las constantes fallas en el suministro de agua derivadas del mal funcionamiento del sistema, la empresa ha optado por ofrecer soluciones temporales sin resolver de fondo los problemas. \u201cLa empresa ha venido haciendo reparaciones transitorias, pero bueno lo del Realito yo prefiero dar una versi\u00f3n final de todo lo que va a venir\u201d, expres\u00f3. En sus se\u00f1alamientos no escatim\u00f3 calificativos al referirse al historial de [&hellip;]","og_url":"https:\/\/canal7slp.tv\/2025\/arremete-el-sgg-contra-empresa-encargada-de-el-realito-por-multiples-fallas\/","og_site_name":"Canal 7 SLP - 2025","article_publisher":"https:\/\/www.facebook.com\/noticieroscanal7atencionciudadana\/","article_published_time":"2025-04-22T03:39:06+00:00","og_image":[{"width":1280,"height":720,"url":"https:\/\/canal7slp.tv\/2025\/wp-content\/uploads\/2025\/04\/Vazquez02Realito.jpg","type":"image\/jpeg"}],"author":"Edici\u00f3n Web","twitter_card":"summary_large_image","twitter_creator":"@NOTICIEROS7","twitter_site":"@NOTICIEROS7","twitter_misc":{"Escrito por":"Edici\u00f3n Web","Tiempo de lectura":"2 minutos"},"schema":{"@context":"https:\/\/schema.org","@graph":[{"@type":"Article","@id":"https:\/\/canal7slp.tv\/2025\/arremete-el-sgg-contra-empresa-encargada-de-el-realito-por-multiples-fallas\/#article","isPartOf":{"@id":"https:\/\/canal7slp.tv\/2025\/arremete-el-sgg-contra-empresa-encargada-de-el-realito-por-multiples-fallas\/"},"author":{"name":"Edici\u00f3n Web","@id":"https:\/\/canal7slp.tv\/2025\/#\/schema\/person\/271e2b60a96e7cc9d9ac296f4d7e414b"},"headline":"Arremete el SGG contra empresa encargada de El Realito por m\u00faltiples fallas","datePublished":"2025-04-22T03:39:06+00:00","mainEntityOfPage":{"@id":"https:\/\/canal7slp.tv\/2025\/arremete-el-sgg-contra-empresa-encargada-de-el-realito-por-multiples-fallas\/"},"wordCount":267,"publisher":{"@id":"https:\/\/canal7slp.tv\/2025\/#organization"},"image":{"@id":"https:\/\/canal7slp.tv\/2025\/arremete-el-sgg-contra-empresa-encargada-de-el-realito-por-multiples-fallas\/#primaryimage"},"thumbnailUrl":"https:\/\/canal7slp.tv\/2025\/wp-content\/uploads\/2025\/04\/Vazquez02Realito.jpg","articleSection":["DESTACADAS","GOBEDOSLP","LOCALES Y REGIONALES"],"inLanguage":"es"},{"@type":"WebPage","@id":"https:\/\/canal7slp.tv\/2025\/arremete-el-sgg-contra-empresa-encargada-de-el-realito-por-multiples-fallas\/","url":"https:\/\/canal7slp.tv\/2025\/arremete-el-sgg-contra-empresa-encargada-de-el-realito-por-multiples-fallas\/","name":"Arremete el SGG contra empresa encargada de El Realito por m\u00faltiples fallas - Canal 7 SLP - 2025","isPartOf":{"@id":"https:\/\/canal7slp.tv\/2025\/#website"},"primaryImageOfPage":{"@id":"https:\/\/canal7slp.tv\/2025\/arremete-el-sgg-contra-empresa-encargada-de-el-realito-por-multiples-fallas\/#primaryimage"},"image":{"@id":"https:\/\/canal7slp.tv\/2025\/arremete-el-sgg-contra-empresa-encargada-de-el-realito-por-multiples-fallas\/#primaryimage"},"thumbnailUrl":"https:\/\/canal7slp.tv\/2025\/wp-content\/uploads\/2025\/04\/Vazquez02Realito.jpg","datePublished":"2025-04-22T03:39:06+00:00","breadcrumb":{"@id":"https:\/\/canal7slp.tv\/2025\/arremete-el-sgg-contra-empresa-encargada-de-el-realito-por-multiples-fallas\/#breadcrumb"},"inLanguage":"es","potentialAction":[{"@type":"ReadAction","target":["https:\/\/canal7slp.tv\/2025\/arremete-el-sgg-contra-empresa-encargada-de-el-realito-por-multiples-fallas\/"]}]},{"@type":"ImageObject","inLanguage":"es","@id":"https:\/\/canal7slp.tv\/2025\/arremete-el-sgg-contra-empresa-encargada-de-el-realito-por-multiples-fallas\/#primaryimage","url":"https:\/\/canal7slp.tv\/2025\/wp-content\/uploads\/2025\/04\/Vazquez02Realito.jpg","contentUrl":"https:\/\/canal7slp.tv\/2025\/wp-content\/uploads\/2025\/04\/Vazquez02Realito.jpg","width":1280,"height":720},{"@type":"BreadcrumbList","@id":"https:\/\/canal7slp.tv\/2025\/arremete-el-sgg-contra-empresa-encargada-de-el-realito-por-multiples-fallas\/#breadcrumb","itemListElement":[{"@type":"ListItem","position":1,"name":"Portada","item":"https:\/\/canal7slp.tv\/2025\/"},{"@type":"ListItem","position":2,"name":"Arremete el SGG contra empresa encargada de El Realito por m\u00faltiples fallas"}]},{"@type":"WebSite","@id":"https:\/\/canal7slp.tv\/2025\/#website","url":"https:\/\/canal7slp.tv\/2025\/","name":"N7 - Noticieros Canal 7","description":"Somos el Medio","publisher":{"@id":"https:\/\/canal7slp.tv\/2025\/#organization"},"potentialAction":[{"@type":"SearchAction","target":{"@type":"EntryPoint","urlTemplate":"https:\/\/canal7slp.tv\/2025\/?s={search_term_string}"},"query-input":{"@type":"PropertyValueSpecification","valueRequired":true,"valueName":"search_term_string"}}],"inLanguage":"es"},{"@type":"Organization","@id":"https:\/\/canal7slp.tv\/2025\/#organization","name":"Noticieros Canal 7","url":"https:\/\/canal7slp.tv\/2025\/","logo":{"@type":"ImageObject","inLanguage":"es","@id":"https:\/\/canal7slp.tv\/2025\/#\/schema\/logo\/image\/","url":"https:\/\/canal7slp.tv\/2025\/wp-content\/uploads\/2021\/01\/logo-noticieros@2x.png","contentUrl":"https:\/\/canal7slp.tv\/2025\/wp-content\/uploads\/2021\/01\/logo-noticieros@2x.png","width":1017,"height":268,"caption":"Noticieros Canal 7"},"image":{"@id":"https:\/\/canal7slp.tv\/2025\/#\/schema\/logo\/image\/"},"sameAs":["https:\/\/www.facebook.com\/noticieroscanal7atencionciudadana\/","https:\/\/x.com\/NOTICIEROS7","https:\/\/www.instagram.com\/canal7_slp","https:\/\/www.youtube.com\/channel\/UCliiYs-gP3JfJeqdPrNdd5A"]},{"@type":"Person","@id":"https:\/\/canal7slp.tv\/2025\/#\/schema\/person\/271e2b60a96e7cc9d9ac296f4d7e414b","name":"Edici\u00f3n Web","image":{"@type":"ImageObject","inLanguage":"es","@id":"https:\/\/secure.gravatar.com\/avatar\/eee448fc3f7164808013b816ba91ac7e43bbe82a70bebac296f8bc6f0addaa1a?s=96&d=mm&r=g","url":"https:\/\/secure.gravatar.com\/avatar\/eee448fc3f7164808013b816ba91ac7e43bbe82a70bebac296f8bc6f0addaa1a?s=96&d=mm&r=g","contentUrl":"https:\/\/secure.gravatar.com\/avatar\/eee448fc3f7164808013b816ba91ac7e43bbe82a70bebac296f8bc6f0addaa1a?s=96&d=mm&r=g","caption":"Edici\u00f3n Web"},"url":"https:\/\/canal7slp.tv\/2025\/author\/edicionweb\/"}]}},"_links":{"self":[{"href":"https:\/\/canal7slp.tv\/2025\/wp-json\/wp\/v2\/posts\/163909","targetHints":{"allow":["GET"]}}],"collection":[{"href":"https:\/\/canal7slp.tv\/2025\/wp-json\/wp\/v2\/posts"}],"about":[{"href":"https:\/\/canal7slp.tv\/2025\/wp-json\/wp\/v2\/types\/post"}],"author":[{"embeddable":true,"href":"https:\/\/canal7slp.tv\/2025\/wp-json\/wp\/v2\/users\/2"}],"replies":[{"embeddable":true,"href":"https:\/\/canal7slp.tv\/2025\/wp-json\/wp\/v2\/comments?post=163909"}],"version-history":[{"count":2,"href":"https:\/\/canal7slp.tv\/2025\/wp-json\/wp\/v2\/posts\/163909\/revisions"}],"predecessor-version":[{"id":163967,"href":"https:\/\/canal7slp.tv\/2025\/wp-json\/wp\/v2\/posts\/163909\/revisions\/163967"}],"wp:featuredmedia":[{"embeddable":true,"href":"https:\/\/canal7slp.tv\/2025\/wp-json\/wp\/v2\/media\/163966"}],"wp:attachment":[{"href":"https:\/\/canal7slp.tv\/2025\/wp-json\/wp\/v2\/media?parent=163909"}],"wp:term":[{"taxonomy":"category","embeddable":true,"href":"https:\/\/canal7slp.tv\/2025\/wp-json\/wp\/v2\/categories?post=163909"},{"taxonomy":"post_tag","embeddable":true,"href":"https:\/\/canal7slp.tv\/2025\/wp-json\/wp\/v2\/tags?post=163909"}],"curies":[{"name":"wp","href":"https:\/\/api.w.org\/{rel}","templated":true}]}}