{"id":163905,"date":"2025-04-21T15:54:29","date_gmt":"2025-04-21T21:54:29","guid":{"rendered":"https:\/\/canal7slp.tv\/2025\/?p=163905"},"modified":"2025-04-21T15:54:29","modified_gmt":"2025-04-21T21:54:29","slug":"quien-sera-el-nuevo-papa-estos-son-los-preferiti-tras-la-muerte-de-francisco","status":"publish","type":"post","link":"https:\/\/canal7slp.tv\/2025\/quien-sera-el-nuevo-papa-estos-son-los-preferiti-tras-la-muerte-de-francisco\/","title":{"rendered":"\u00bfQui\u00e9n ser\u00e1 el nuevo Papa? Estos son los \u201cpreferiti\u201d tras la muerte de Francisco"},"content":{"rendered":"<p style=\"text-align: justify;\">El Vaticano.- Un antiguo refr\u00e1n italiano advierte sobre la precauci\u00f3n al elegir favoritos antes de un c\u00f3nclave, donde los cardenales eligen al nuevo pont\u00edfice. Tras el fallecimiento del papa Francisco el 21 de abril a los 88 a\u00f1os, varios cardenales han surgido como posibles sucesores, cada uno con caracter\u00edsticas que podr\u00edan influir en el futuro de la Iglesia.<\/p>\n<p style=\"text-align: justify;\">Jean-Marc Aveline, arzobispo de Marsella, es conocido por su car\u00e1cter accesible y su cercan\u00eda ideol\u00f3gica con Francisco, especialmente en temas de migraci\u00f3n. Con un doctorado en teolog\u00eda y una r\u00e1pida ascensi\u00f3n en la jerarqu\u00eda eclesi\u00e1stica, Aveline podr\u00eda convertirse en el primer papa franc\u00e9s desde el siglo XIV.<\/p>\n<p style=\"text-align: justify;\">Por otro lado, Peter Erd\u00f6 de Hungr\u00eda es visto como un candidato de consenso, capaz de conectar con tanto conservadores como progresistas. Su postura conservadora no le ha impedido mantener un di\u00e1logo abierto con Francisco, y su experiencia en derecho eclesi\u00e1stico y su dominio de varios idiomas podr\u00edan facilitar relaciones con otras Iglesias.<\/p>\n<p style=\"text-align: justify;\">Mario Grech, secretario general del S\u00ednodo de los Obispos y originario de Malta, ha transitado de una postura conservadora a convertirse en defensor de las reformas de Francisco. Su enfoque en el consenso lo hace un candidato atractivo, ya que su elecci\u00f3n no generar\u00eda tensiones diplom\u00e1ticas.<\/p>\n<p style=\"text-align: justify;\">En Espa\u00f1a, Juan Jos\u00e9 Omella, arzobispo de Barcelona, se destaca por su liderazgo compasivo y su dedicaci\u00f3n a la justicia social. Su cercan\u00eda a Francisco podr\u00eda ser tanto una ventaja como un obst\u00e1culo, dependiendo de la direcci\u00f3n que busque la Iglesia.<\/p>\n<p style=\"text-align: justify;\">Desde Italia, Pietro Parolin, actual secretario de Estado del Vaticano, es considerado un candidato equilibrado. Con una amplia experiencia diplom\u00e1tica, ha trabajado en fortalecer la comunicaci\u00f3n con pa\u00edses como China y ha defendido la autoridad del Vaticano sobre las Iglesias locales.<\/p>\n<p style=\"text-align: justify;\">Luis Antonio Gokim Tagle, conocido como el \u00abFrancisco asi\u00e1tico\u00bb, proviene de Filipinas y ha sido un defensor de la justicia social, lo que lo posiciona como un candidato destacado para convertirse en el primer papa de Asia.<\/p>\n<p style=\"text-align: justify;\">Joseph Tobin, arzobispo de Newark y el candidato estadounidense m\u00e1s viable, ha sido elogiado por su manejo de esc\u00e1ndalos en la Iglesia y es conocido por su apertura hacia la comunidad LGBTQ+.<\/p>\n<p style=\"text-align: justify;\">Peter Turkson, de Ghana, se presenta como un fuerte candidato para ser el primer papa de \u00c1frica subsahariana, combinando una larga trayectoria pastoral con experiencia en el Vaticano, especialmente en temas de justicia social y cambio clim\u00e1tico.<\/p>\n<p style=\"text-align: justify;\">Matteo Maria Zuppi, arzobispo de Bolonia, es conocido por su enfoque en los pobres y los inmigrantes, as\u00ed como por su participaci\u00f3n en actividades diplom\u00e1ticas, lo que lo convierte en un candidato relevante, aunque podr\u00eda enfrentar escepticismo de algunos sectores.<\/p>\n<p style=\"text-align: justify;\">Estos cardenales representan una diversidad de enfoques y experiencias que sugieren un c\u00f3nclave que podr\u00eda definir el futuro de la Iglesia Cat\u00f3lica.<\/p>\n","protected":false},"excerpt":{"rendered":"<p>El Vaticano.- Un antiguo refr\u00e1n italiano advierte sobre la precauci\u00f3n al elegir favoritos antes de un c\u00f3nclave, donde los cardenales eligen al nuevo pont\u00edfice. Tras el fallecimiento del papa Francisco el 21 de abril a los 88 a\u00f1os, varios cardenales han surgido como posibles sucesores, cada uno con caracter\u00edsticas que podr\u00edan influir en el futuro de la Iglesia. Jean-Marc Aveline, arzobispo de Marsella, es conocido por su car\u00e1cter accesible y su cercan\u00eda ideol\u00f3gica con Francisco, especialmente en temas de migraci\u00f3n. Con un doctorado en teolog\u00eda y una r\u00e1pida ascensi\u00f3n en la jerarqu\u00eda eclesi\u00e1stica, Aveline podr\u00eda convertirse en el primer papa [&hellip;]<\/p>\n","protected":false},"author":2,"featured_media":163906,"comment_status":"closed","ping_status":"closed","sticky":false,"template":"","format":"standard","meta":{"_monsterinsights_skip_tracking":false,"_monsterinsights_sitenote_active":false,"_monsterinsights_sitenote_note":"","_monsterinsights_sitenote_category":0,"footnotes":""},"categories":[44],"tags":[],"class_list":["post-163905","post","type-post","status-publish","format-standard","has-post-thumbnail","hentry","category-internacional","post--single"],"yoast_head":"<!-- This site is optimized with the Yoast SEO plugin v27.5 - https:\/\/yoast.com\/product\/yoast-seo-wordpress\/ -->\n<title>\u00bfQui\u00e9n ser\u00e1 el nuevo Papa? Estos son los \u201cpreferiti\u201d tras la muerte de Francisco - Canal 7 SLP - 2025<\/title>\n<meta name=\"robots\" content=\"index, follow, max-snippet:-1, max-image-preview:large, max-video-preview:-1\" \/>\n<link rel=\"canonical\" href=\"https:\/\/canal7slp.tv\/2025\/quien-sera-el-nuevo-papa-estos-son-los-preferiti-tras-la-muerte-de-francisco\/\" \/>\n<meta property=\"og:locale\" content=\"es_ES\" \/>\n<meta property=\"og:type\" content=\"article\" \/>\n<meta property=\"og:title\" content=\"\u00bfQui\u00e9n ser\u00e1 el nuevo Papa? Estos son los \u201cpreferiti\u201d tras la muerte de Francisco - Canal 7 SLP - 2025\" \/>\n<meta property=\"og:description\" content=\"El Vaticano.- Un antiguo refr\u00e1n italiano advierte sobre la precauci\u00f3n al elegir favoritos antes de un c\u00f3nclave, donde los cardenales eligen al nuevo pont\u00edfice. Tras el fallecimiento del papa Francisco el 21 de abril a los 88 a\u00f1os, varios cardenales han surgido como posibles sucesores, cada uno con caracter\u00edsticas que podr\u00edan influir en el futuro de la Iglesia. Jean-Marc Aveline, arzobispo de Marsella, es conocido por su car\u00e1cter accesible y su cercan\u00eda ideol\u00f3gica con Francisco, especialmente en temas de migraci\u00f3n. Con un doctorado en teolog\u00eda y una r\u00e1pida ascensi\u00f3n en la jerarqu\u00eda eclesi\u00e1stica, Aveline podr\u00eda convertirse en el primer papa [&hellip;]\" \/>\n<meta property=\"og:url\" content=\"https:\/\/canal7slp.tv\/2025\/quien-sera-el-nuevo-papa-estos-son-los-preferiti-tras-la-muerte-de-francisco\/\" \/>\n<meta property=\"og:site_name\" content=\"Canal 7 SLP - 2025\" \/>\n<meta property=\"article:publisher\" content=\"https:\/\/www.facebook.com\/noticieroscanal7atencionciudadana\/\" \/>\n<meta property=\"article:published_time\" content=\"2025-04-21T21:54:29+00:00\" \/>\n<meta property=\"og:image\" content=\"https:\/\/canal7slp.tv\/2025\/wp-content\/uploads\/2025\/04\/10-20.jpg\" \/>\n\t<meta property=\"og:image:width\" content=\"1000\" \/>\n\t<meta property=\"og:image:height\" content=\"500\" \/>\n\t<meta property=\"og:image:type\" content=\"image\/jpeg\" \/>\n<meta name=\"author\" content=\"Edici\u00f3n Web\" \/>\n<meta name=\"twitter:card\" content=\"summary_large_image\" \/>\n<meta name=\"twitter:creator\" content=\"@NOTICIEROS7\" \/>\n<meta name=\"twitter:site\" content=\"@NOTICIEROS7\" \/>\n<meta name=\"twitter:label1\" content=\"Escrito por\" \/>\n\t<meta name=\"twitter:data1\" content=\"Edici\u00f3n Web\" \/>\n\t<meta name=\"twitter:label2\" content=\"Tiempo de lectura\" \/>\n\t<meta name=\"twitter:data2\" content=\"3 minutos\" \/>\n<script type=\"application\/ld+json\" class=\"yoast-schema-graph\">{\"@context\":\"https:\\\/\\\/schema.org\",\"@graph\":[{\"@type\":\"Article\",\"@id\":\"https:\\\/\\\/canal7slp.tv\\\/2025\\\/quien-sera-el-nuevo-papa-estos-son-los-preferiti-tras-la-muerte-de-francisco\\\/#article\",\"isPartOf\":{\"@id\":\"https:\\\/\\\/canal7slp.tv\\\/2025\\\/quien-sera-el-nuevo-papa-estos-son-los-preferiti-tras-la-muerte-de-francisco\\\/\"},\"author\":{\"name\":\"Edici\u00f3n Web\",\"@id\":\"https:\\\/\\\/canal7slp.tv\\\/2025\\\/#\\\/schema\\\/person\\\/271e2b60a96e7cc9d9ac296f4d7e414b\"},\"headline\":\"\u00bfQui\u00e9n ser\u00e1 el nuevo Papa? Estos son los \u201cpreferiti\u201d tras la muerte de Francisco\",\"datePublished\":\"2025-04-21T21:54:29+00:00\",\"mainEntityOfPage\":{\"@id\":\"https:\\\/\\\/canal7slp.tv\\\/2025\\\/quien-sera-el-nuevo-papa-estos-son-los-preferiti-tras-la-muerte-de-francisco\\\/\"},\"wordCount\":513,\"publisher\":{\"@id\":\"https:\\\/\\\/canal7slp.tv\\\/2025\\\/#organization\"},\"image\":{\"@id\":\"https:\\\/\\\/canal7slp.tv\\\/2025\\\/quien-sera-el-nuevo-papa-estos-son-los-preferiti-tras-la-muerte-de-francisco\\\/#primaryimage\"},\"thumbnailUrl\":\"https:\\\/\\\/canal7slp.tv\\\/2025\\\/wp-content\\\/uploads\\\/2025\\\/04\\\/10-20.jpg\",\"articleSection\":[\"INTERNACIONALES\"],\"inLanguage\":\"es\"},{\"@type\":\"WebPage\",\"@id\":\"https:\\\/\\\/canal7slp.tv\\\/2025\\\/quien-sera-el-nuevo-papa-estos-son-los-preferiti-tras-la-muerte-de-francisco\\\/\",\"url\":\"https:\\\/\\\/canal7slp.tv\\\/2025\\\/quien-sera-el-nuevo-papa-estos-son-los-preferiti-tras-la-muerte-de-francisco\\\/\",\"name\":\"\u00bfQui\u00e9n ser\u00e1 el nuevo Papa? Estos son los \u201cpreferiti\u201d tras la muerte de Francisco - Canal 7 SLP - 2025\",\"isPartOf\":{\"@id\":\"https:\\\/\\\/canal7slp.tv\\\/2025\\\/#website\"},\"primaryImageOfPage\":{\"@id\":\"https:\\\/\\\/canal7slp.tv\\\/2025\\\/quien-sera-el-nuevo-papa-estos-son-los-preferiti-tras-la-muerte-de-francisco\\\/#primaryimage\"},\"image\":{\"@id\":\"https:\\\/\\\/canal7slp.tv\\\/2025\\\/quien-sera-el-nuevo-papa-estos-son-los-preferiti-tras-la-muerte-de-francisco\\\/#primaryimage\"},\"thumbnailUrl\":\"https:\\\/\\\/canal7slp.tv\\\/2025\\\/wp-content\\\/uploads\\\/2025\\\/04\\\/10-20.jpg\",\"datePublished\":\"2025-04-21T21:54:29+00:00\",\"breadcrumb\":{\"@id\":\"https:\\\/\\\/canal7slp.tv\\\/2025\\\/quien-sera-el-nuevo-papa-estos-son-los-preferiti-tras-la-muerte-de-francisco\\\/#breadcrumb\"},\"inLanguage\":\"es\",\"potentialAction\":[{\"@type\":\"ReadAction\",\"target\":[\"https:\\\/\\\/canal7slp.tv\\\/2025\\\/quien-sera-el-nuevo-papa-estos-son-los-preferiti-tras-la-muerte-de-francisco\\\/\"]}]},{\"@type\":\"ImageObject\",\"inLanguage\":\"es\",\"@id\":\"https:\\\/\\\/canal7slp.tv\\\/2025\\\/quien-sera-el-nuevo-papa-estos-son-los-preferiti-tras-la-muerte-de-francisco\\\/#primaryimage\",\"url\":\"https:\\\/\\\/canal7slp.tv\\\/2025\\\/wp-content\\\/uploads\\\/2025\\\/04\\\/10-20.jpg\",\"contentUrl\":\"https:\\\/\\\/canal7slp.tv\\\/2025\\\/wp-content\\\/uploads\\\/2025\\\/04\\\/10-20.jpg\",\"width\":1000,\"height\":500},{\"@type\":\"BreadcrumbList\",\"@id\":\"https:\\\/\\\/canal7slp.tv\\\/2025\\\/quien-sera-el-nuevo-papa-estos-son-los-preferiti-tras-la-muerte-de-francisco\\\/#breadcrumb\",\"itemListElement\":[{\"@type\":\"ListItem\",\"position\":1,\"name\":\"Portada\",\"item\":\"https:\\\/\\\/canal7slp.tv\\\/2025\\\/\"},{\"@type\":\"ListItem\",\"position\":2,\"name\":\"\u00bfQui\u00e9n ser\u00e1 el nuevo Papa? Estos son los \u201cpreferiti\u201d tras la muerte de Francisco\"}]},{\"@type\":\"WebSite\",\"@id\":\"https:\\\/\\\/canal7slp.tv\\\/2025\\\/#website\",\"url\":\"https:\\\/\\\/canal7slp.tv\\\/2025\\\/\",\"name\":\"N7 - Noticieros Canal 7\",\"description\":\"Somos el Medio\",\"publisher\":{\"@id\":\"https:\\\/\\\/canal7slp.tv\\\/2025\\\/#organization\"},\"potentialAction\":[{\"@type\":\"SearchAction\",\"target\":{\"@type\":\"EntryPoint\",\"urlTemplate\":\"https:\\\/\\\/canal7slp.tv\\\/2025\\\/?s={search_term_string}\"},\"query-input\":{\"@type\":\"PropertyValueSpecification\",\"valueRequired\":true,\"valueName\":\"search_term_string\"}}],\"inLanguage\":\"es\"},{\"@type\":\"Organization\",\"@id\":\"https:\\\/\\\/canal7slp.tv\\\/2025\\\/#organization\",\"name\":\"Noticieros Canal 7\",\"url\":\"https:\\\/\\\/canal7slp.tv\\\/2025\\\/\",\"logo\":{\"@type\":\"ImageObject\",\"inLanguage\":\"es\",\"@id\":\"https:\\\/\\\/canal7slp.tv\\\/2025\\\/#\\\/schema\\\/logo\\\/image\\\/\",\"url\":\"https:\\\/\\\/canal7slp.tv\\\/2025\\\/wp-content\\\/uploads\\\/2021\\\/01\\\/logo-noticieros@2x.png\",\"contentUrl\":\"https:\\\/\\\/canal7slp.tv\\\/2025\\\/wp-content\\\/uploads\\\/2021\\\/01\\\/logo-noticieros@2x.png\",\"width\":1017,\"height\":268,\"caption\":\"Noticieros Canal 7\"},\"image\":{\"@id\":\"https:\\\/\\\/canal7slp.tv\\\/2025\\\/#\\\/schema\\\/logo\\\/image\\\/\"},\"sameAs\":[\"https:\\\/\\\/www.facebook.com\\\/noticieroscanal7atencionciudadana\\\/\",\"https:\\\/\\\/x.com\\\/NOTICIEROS7\",\"https:\\\/\\\/www.instagram.com\\\/canal7_slp\",\"https:\\\/\\\/www.youtube.com\\\/channel\\\/UCliiYs-gP3JfJeqdPrNdd5A\"]},{\"@type\":\"Person\",\"@id\":\"https:\\\/\\\/canal7slp.tv\\\/2025\\\/#\\\/schema\\\/person\\\/271e2b60a96e7cc9d9ac296f4d7e414b\",\"name\":\"Edici\u00f3n Web\",\"image\":{\"@type\":\"ImageObject\",\"inLanguage\":\"es\",\"@id\":\"https:\\\/\\\/secure.gravatar.com\\\/avatar\\\/eee448fc3f7164808013b816ba91ac7e43bbe82a70bebac296f8bc6f0addaa1a?s=96&d=mm&r=g\",\"url\":\"https:\\\/\\\/secure.gravatar.com\\\/avatar\\\/eee448fc3f7164808013b816ba91ac7e43bbe82a70bebac296f8bc6f0addaa1a?s=96&d=mm&r=g\",\"contentUrl\":\"https:\\\/\\\/secure.gravatar.com\\\/avatar\\\/eee448fc3f7164808013b816ba91ac7e43bbe82a70bebac296f8bc6f0addaa1a?s=96&d=mm&r=g\",\"caption\":\"Edici\u00f3n Web\"},\"url\":\"https:\\\/\\\/canal7slp.tv\\\/2025\\\/author\\\/edicionweb\\\/\"}]}<\/script>\n<!-- \/ Yoast SEO plugin. -->","yoast_head_json":{"title":"\u00bfQui\u00e9n ser\u00e1 el nuevo Papa? Estos son los \u201cpreferiti\u201d tras la muerte de Francisco - Canal 7 SLP - 2025","robots":{"index":"index","follow":"follow","max-snippet":"max-snippet:-1","max-image-preview":"max-image-preview:large","max-video-preview":"max-video-preview:-1"},"canonical":"https:\/\/canal7slp.tv\/2025\/quien-sera-el-nuevo-papa-estos-son-los-preferiti-tras-la-muerte-de-francisco\/","og_locale":"es_ES","og_type":"article","og_title":"\u00bfQui\u00e9n ser\u00e1 el nuevo Papa? Estos son los \u201cpreferiti\u201d tras la muerte de Francisco - Canal 7 SLP - 2025","og_description":"El Vaticano.- Un antiguo refr\u00e1n italiano advierte sobre la precauci\u00f3n al elegir favoritos antes de un c\u00f3nclave, donde los cardenales eligen al nuevo pont\u00edfice. Tras el fallecimiento del papa Francisco el 21 de abril a los 88 a\u00f1os, varios cardenales han surgido como posibles sucesores, cada uno con caracter\u00edsticas que podr\u00edan influir en el futuro de la Iglesia. Jean-Marc Aveline, arzobispo de Marsella, es conocido por su car\u00e1cter accesible y su cercan\u00eda ideol\u00f3gica con Francisco, especialmente en temas de migraci\u00f3n. Con un doctorado en teolog\u00eda y una r\u00e1pida ascensi\u00f3n en la jerarqu\u00eda eclesi\u00e1stica, Aveline podr\u00eda convertirse en el primer papa [&hellip;]","og_url":"https:\/\/canal7slp.tv\/2025\/quien-sera-el-nuevo-papa-estos-son-los-preferiti-tras-la-muerte-de-francisco\/","og_site_name":"Canal 7 SLP - 2025","article_publisher":"https:\/\/www.facebook.com\/noticieroscanal7atencionciudadana\/","article_published_time":"2025-04-21T21:54:29+00:00","og_image":[{"width":1000,"height":500,"url":"https:\/\/canal7slp.tv\/2025\/wp-content\/uploads\/2025\/04\/10-20.jpg","type":"image\/jpeg"}],"author":"Edici\u00f3n Web","twitter_card":"summary_large_image","twitter_creator":"@NOTICIEROS7","twitter_site":"@NOTICIEROS7","twitter_misc":{"Escrito por":"Edici\u00f3n Web","Tiempo de lectura":"3 minutos"},"schema":{"@context":"https:\/\/schema.org","@graph":[{"@type":"Article","@id":"https:\/\/canal7slp.tv\/2025\/quien-sera-el-nuevo-papa-estos-son-los-preferiti-tras-la-muerte-de-francisco\/#article","isPartOf":{"@id":"https:\/\/canal7slp.tv\/2025\/quien-sera-el-nuevo-papa-estos-son-los-preferiti-tras-la-muerte-de-francisco\/"},"author":{"name":"Edici\u00f3n Web","@id":"https:\/\/canal7slp.tv\/2025\/#\/schema\/person\/271e2b60a96e7cc9d9ac296f4d7e414b"},"headline":"\u00bfQui\u00e9n ser\u00e1 el nuevo Papa? Estos son los \u201cpreferiti\u201d tras la muerte de Francisco","datePublished":"2025-04-21T21:54:29+00:00","mainEntityOfPage":{"@id":"https:\/\/canal7slp.tv\/2025\/quien-sera-el-nuevo-papa-estos-son-los-preferiti-tras-la-muerte-de-francisco\/"},"wordCount":513,"publisher":{"@id":"https:\/\/canal7slp.tv\/2025\/#organization"},"image":{"@id":"https:\/\/canal7slp.tv\/2025\/quien-sera-el-nuevo-papa-estos-son-los-preferiti-tras-la-muerte-de-francisco\/#primaryimage"},"thumbnailUrl":"https:\/\/canal7slp.tv\/2025\/wp-content\/uploads\/2025\/04\/10-20.jpg","articleSection":["INTERNACIONALES"],"inLanguage":"es"},{"@type":"WebPage","@id":"https:\/\/canal7slp.tv\/2025\/quien-sera-el-nuevo-papa-estos-son-los-preferiti-tras-la-muerte-de-francisco\/","url":"https:\/\/canal7slp.tv\/2025\/quien-sera-el-nuevo-papa-estos-son-los-preferiti-tras-la-muerte-de-francisco\/","name":"\u00bfQui\u00e9n ser\u00e1 el nuevo Papa? Estos son los \u201cpreferiti\u201d tras la muerte de Francisco - Canal 7 SLP - 2025","isPartOf":{"@id":"https:\/\/canal7slp.tv\/2025\/#website"},"primaryImageOfPage":{"@id":"https:\/\/canal7slp.tv\/2025\/quien-sera-el-nuevo-papa-estos-son-los-preferiti-tras-la-muerte-de-francisco\/#primaryimage"},"image":{"@id":"https:\/\/canal7slp.tv\/2025\/quien-sera-el-nuevo-papa-estos-son-los-preferiti-tras-la-muerte-de-francisco\/#primaryimage"},"thumbnailUrl":"https:\/\/canal7slp.tv\/2025\/wp-content\/uploads\/2025\/04\/10-20.jpg","datePublished":"2025-04-21T21:54:29+00:00","breadcrumb":{"@id":"https:\/\/canal7slp.tv\/2025\/quien-sera-el-nuevo-papa-estos-son-los-preferiti-tras-la-muerte-de-francisco\/#breadcrumb"},"inLanguage":"es","potentialAction":[{"@type":"ReadAction","target":["https:\/\/canal7slp.tv\/2025\/quien-sera-el-nuevo-papa-estos-son-los-preferiti-tras-la-muerte-de-francisco\/"]}]},{"@type":"ImageObject","inLanguage":"es","@id":"https:\/\/canal7slp.tv\/2025\/quien-sera-el-nuevo-papa-estos-son-los-preferiti-tras-la-muerte-de-francisco\/#primaryimage","url":"https:\/\/canal7slp.tv\/2025\/wp-content\/uploads\/2025\/04\/10-20.jpg","contentUrl":"https:\/\/canal7slp.tv\/2025\/wp-content\/uploads\/2025\/04\/10-20.jpg","width":1000,"height":500},{"@type":"BreadcrumbList","@id":"https:\/\/canal7slp.tv\/2025\/quien-sera-el-nuevo-papa-estos-son-los-preferiti-tras-la-muerte-de-francisco\/#breadcrumb","itemListElement":[{"@type":"ListItem","position":1,"name":"Portada","item":"https:\/\/canal7slp.tv\/2025\/"},{"@type":"ListItem","position":2,"name":"\u00bfQui\u00e9n ser\u00e1 el nuevo Papa? Estos son los \u201cpreferiti\u201d tras la muerte de Francisco"}]},{"@type":"WebSite","@id":"https:\/\/canal7slp.tv\/2025\/#website","url":"https:\/\/canal7slp.tv\/2025\/","name":"N7 - Noticieros Canal 7","description":"Somos el Medio","publisher":{"@id":"https:\/\/canal7slp.tv\/2025\/#organization"},"potentialAction":[{"@type":"SearchAction","target":{"@type":"EntryPoint","urlTemplate":"https:\/\/canal7slp.tv\/2025\/?s={search_term_string}"},"query-input":{"@type":"PropertyValueSpecification","valueRequired":true,"valueName":"search_term_string"}}],"inLanguage":"es"},{"@type":"Organization","@id":"https:\/\/canal7slp.tv\/2025\/#organization","name":"Noticieros Canal 7","url":"https:\/\/canal7slp.tv\/2025\/","logo":{"@type":"ImageObject","inLanguage":"es","@id":"https:\/\/canal7slp.tv\/2025\/#\/schema\/logo\/image\/","url":"https:\/\/canal7slp.tv\/2025\/wp-content\/uploads\/2021\/01\/logo-noticieros@2x.png","contentUrl":"https:\/\/canal7slp.tv\/2025\/wp-content\/uploads\/2021\/01\/logo-noticieros@2x.png","width":1017,"height":268,"caption":"Noticieros Canal 7"},"image":{"@id":"https:\/\/canal7slp.tv\/2025\/#\/schema\/logo\/image\/"},"sameAs":["https:\/\/www.facebook.com\/noticieroscanal7atencionciudadana\/","https:\/\/x.com\/NOTICIEROS7","https:\/\/www.instagram.com\/canal7_slp","https:\/\/www.youtube.com\/channel\/UCliiYs-gP3JfJeqdPrNdd5A"]},{"@type":"Person","@id":"https:\/\/canal7slp.tv\/2025\/#\/schema\/person\/271e2b60a96e7cc9d9ac296f4d7e414b","name":"Edici\u00f3n Web","image":{"@type":"ImageObject","inLanguage":"es","@id":"https:\/\/secure.gravatar.com\/avatar\/eee448fc3f7164808013b816ba91ac7e43bbe82a70bebac296f8bc6f0addaa1a?s=96&d=mm&r=g","url":"https:\/\/secure.gravatar.com\/avatar\/eee448fc3f7164808013b816ba91ac7e43bbe82a70bebac296f8bc6f0addaa1a?s=96&d=mm&r=g","contentUrl":"https:\/\/secure.gravatar.com\/avatar\/eee448fc3f7164808013b816ba91ac7e43bbe82a70bebac296f8bc6f0addaa1a?s=96&d=mm&r=g","caption":"Edici\u00f3n Web"},"url":"https:\/\/canal7slp.tv\/2025\/author\/edicionweb\/"}]}},"_links":{"self":[{"href":"https:\/\/canal7slp.tv\/2025\/wp-json\/wp\/v2\/posts\/163905","targetHints":{"allow":["GET"]}}],"collection":[{"href":"https:\/\/canal7slp.tv\/2025\/wp-json\/wp\/v2\/posts"}],"about":[{"href":"https:\/\/canal7slp.tv\/2025\/wp-json\/wp\/v2\/types\/post"}],"author":[{"embeddable":true,"href":"https:\/\/canal7slp.tv\/2025\/wp-json\/wp\/v2\/users\/2"}],"replies":[{"embeddable":true,"href":"https:\/\/canal7slp.tv\/2025\/wp-json\/wp\/v2\/comments?post=163905"}],"version-history":[{"count":1,"href":"https:\/\/canal7slp.tv\/2025\/wp-json\/wp\/v2\/posts\/163905\/revisions"}],"predecessor-version":[{"id":163907,"href":"https:\/\/canal7slp.tv\/2025\/wp-json\/wp\/v2\/posts\/163905\/revisions\/163907"}],"wp:featuredmedia":[{"embeddable":true,"href":"https:\/\/canal7slp.tv\/2025\/wp-json\/wp\/v2\/media\/163906"}],"wp:attachment":[{"href":"https:\/\/canal7slp.tv\/2025\/wp-json\/wp\/v2\/media?parent=163905"}],"wp:term":[{"taxonomy":"category","embeddable":true,"href":"https:\/\/canal7slp.tv\/2025\/wp-json\/wp\/v2\/categories?post=163905"},{"taxonomy":"post_tag","embeddable":true,"href":"https:\/\/canal7slp.tv\/2025\/wp-json\/wp\/v2\/tags?post=163905"}],"curies":[{"name":"wp","href":"https:\/\/api.w.org\/{rel}","templated":true}]}}