{"id":163902,"date":"2025-04-21T15:37:42","date_gmt":"2025-04-21T21:37:42","guid":{"rendered":"https:\/\/canal7slp.tv\/2025\/?p=163902"},"modified":"2025-04-21T15:37:42","modified_gmt":"2025-04-21T21:37:42","slug":"en-lo-que-va-de-abril-seis-turistas-han-desaparecido-en-mazatlan","status":"publish","type":"post","link":"https:\/\/canal7slp.tv\/2025\/en-lo-que-va-de-abril-seis-turistas-han-desaparecido-en-mazatlan\/","title":{"rendered":"En lo que va de abril, seis turistas han desaparecido en Mazatl\u00e1n"},"content":{"rendered":"<p style=\"text-align: justify;\">Manzanillo.- Durante abril, se ha reportado la desaparici\u00f3n de al menos seis hombres en Mazatl\u00e1n, Sinaloa, todos ellos turistas. El caso m\u00e1s reciente ocurri\u00f3 el 19 de abril, cuando Erick Mijali Carrillo Villegas, de 22 a\u00f1os, fue visto por \u00faltima vez.<\/p>\n<p style=\"text-align: justify;\">Originario de Culiac\u00e1n, Erick viaj\u00f3 al puerto para disfrutar del periodo vacacional de Semana Santa. El S\u00e1bado de Gloria, mientras conduc\u00eda un Mustang negro por la Avenida Paseo Atl\u00e1ntico, fue interceptado por sujetos armados. Junto a \u00e9l se encontraban Efra\u00edn Ram\u00edrez Ruiz y Alfonso Arredondo Zazueta, quienes tambi\u00e9n fueron privados de la libertad.<\/p>\n<p style=\"text-align: justify;\">Desde entonces, los tres permanecen desaparecidos. Su familia, incluida su t\u00edo, el periodista Pa\u00fal Villegas, ha solicitado apoyo a trav\u00e9s de redes sociales para localizarlo.<\/p>\n<p style=\"text-align: justify;\">D\u00edas antes, el 7 de abril, se report\u00f3 la desaparici\u00f3n de otros tres turistas provenientes de Quer\u00e9taro: los hermanos Santiago y Carlos Enrique S\u00e1nchez Rodr\u00edguez, as\u00ed como su amigo Jos\u00e9 Isa\u00edas Garc\u00eda Rosey.<\/p>\n<p style=\"text-align: justify;\">Ellos llegaron a Mazatl\u00e1n el 3 de abril para pasar un fin de semana en la playa. Sin embargo, cuando regresaban a San Juan del R\u00edo, tomaron un desv\u00edo por el municipio de Concordia y perdieron contacto con sus familiares. A m\u00e1s de diez d\u00edas, a\u00fan no hay informaci\u00f3n sobre su paradero.<\/p>\n","protected":false},"excerpt":{"rendered":"<p>Manzanillo.- Durante abril, se ha reportado la desaparici\u00f3n de al menos seis hombres en Mazatl\u00e1n, Sinaloa, todos ellos turistas. El caso m\u00e1s reciente ocurri\u00f3 el 19 de abril, cuando Erick Mijali Carrillo Villegas, de 22 a\u00f1os, fue visto por \u00faltima vez. Originario de Culiac\u00e1n, Erick viaj\u00f3 al puerto para disfrutar del periodo vacacional de Semana Santa. El S\u00e1bado de Gloria, mientras conduc\u00eda un Mustang negro por la Avenida Paseo Atl\u00e1ntico, fue interceptado por sujetos armados. Junto a \u00e9l se encontraban Efra\u00edn Ram\u00edrez Ruiz y Alfonso Arredondo Zazueta, quienes tambi\u00e9n fueron privados de la libertad. Desde entonces, los tres permanecen desaparecidos. [&hellip;]<\/p>\n","protected":false},"author":2,"featured_media":163903,"comment_status":"closed","ping_status":"closed","sticky":false,"template":"","format":"standard","meta":{"_monsterinsights_skip_tracking":false,"_monsterinsights_sitenote_active":false,"_monsterinsights_sitenote_note":"","_monsterinsights_sitenote_category":0,"footnotes":""},"categories":[46],"tags":[],"class_list":["post-163902","post","type-post","status-publish","format-standard","has-post-thumbnail","hentry","category-nacional","post--single"],"yoast_head":"<!-- This site is optimized with the Yoast SEO plugin v27.5 - https:\/\/yoast.com\/product\/yoast-seo-wordpress\/ -->\n<title>En lo que va de abril, seis turistas han desaparecido en Mazatl\u00e1n - Canal 7 SLP - 2025<\/title>\n<meta name=\"robots\" content=\"index, follow, max-snippet:-1, max-image-preview:large, max-video-preview:-1\" \/>\n<link rel=\"canonical\" href=\"https:\/\/canal7slp.tv\/2025\/en-lo-que-va-de-abril-seis-turistas-han-desaparecido-en-mazatlan\/\" \/>\n<meta property=\"og:locale\" content=\"es_ES\" \/>\n<meta property=\"og:type\" content=\"article\" \/>\n<meta property=\"og:title\" content=\"En lo que va de abril, seis turistas han desaparecido en Mazatl\u00e1n - Canal 7 SLP - 2025\" \/>\n<meta property=\"og:description\" content=\"Manzanillo.- Durante abril, se ha reportado la desaparici\u00f3n de al menos seis hombres en Mazatl\u00e1n, Sinaloa, todos ellos turistas. El caso m\u00e1s reciente ocurri\u00f3 el 19 de abril, cuando Erick Mijali Carrillo Villegas, de 22 a\u00f1os, fue visto por \u00faltima vez. Originario de Culiac\u00e1n, Erick viaj\u00f3 al puerto para disfrutar del periodo vacacional de Semana Santa. El S\u00e1bado de Gloria, mientras conduc\u00eda un Mustang negro por la Avenida Paseo Atl\u00e1ntico, fue interceptado por sujetos armados. Junto a \u00e9l se encontraban Efra\u00edn Ram\u00edrez Ruiz y Alfonso Arredondo Zazueta, quienes tambi\u00e9n fueron privados de la libertad. Desde entonces, los tres permanecen desaparecidos. [&hellip;]\" \/>\n<meta property=\"og:url\" content=\"https:\/\/canal7slp.tv\/2025\/en-lo-que-va-de-abril-seis-turistas-han-desaparecido-en-mazatlan\/\" \/>\n<meta property=\"og:site_name\" content=\"Canal 7 SLP - 2025\" \/>\n<meta property=\"article:publisher\" content=\"https:\/\/www.facebook.com\/noticieroscanal7atencionciudadana\/\" \/>\n<meta property=\"article:published_time\" content=\"2025-04-21T21:37:42+00:00\" \/>\n<meta property=\"og:image\" content=\"https:\/\/canal7slp.tv\/2025\/wp-content\/uploads\/2025\/04\/09-21.jpg\" \/>\n\t<meta property=\"og:image:width\" content=\"857\" \/>\n\t<meta property=\"og:image:height\" content=\"500\" \/>\n\t<meta property=\"og:image:type\" content=\"image\/jpeg\" \/>\n<meta name=\"author\" content=\"Edici\u00f3n Web\" \/>\n<meta name=\"twitter:card\" content=\"summary_large_image\" \/>\n<meta name=\"twitter:creator\" content=\"@NOTICIEROS7\" \/>\n<meta name=\"twitter:site\" content=\"@NOTICIEROS7\" \/>\n<meta name=\"twitter:label1\" content=\"Escrito por\" \/>\n\t<meta name=\"twitter:data1\" content=\"Edici\u00f3n Web\" \/>\n\t<meta name=\"twitter:label2\" content=\"Tiempo de lectura\" \/>\n\t<meta name=\"twitter:data2\" content=\"2 minutos\" \/>\n<script type=\"application\/ld+json\" class=\"yoast-schema-graph\">{\"@context\":\"https:\\\/\\\/schema.org\",\"@graph\":[{\"@type\":\"Article\",\"@id\":\"https:\\\/\\\/canal7slp.tv\\\/2025\\\/en-lo-que-va-de-abril-seis-turistas-han-desaparecido-en-mazatlan\\\/#article\",\"isPartOf\":{\"@id\":\"https:\\\/\\\/canal7slp.tv\\\/2025\\\/en-lo-que-va-de-abril-seis-turistas-han-desaparecido-en-mazatlan\\\/\"},\"author\":{\"name\":\"Edici\u00f3n Web\",\"@id\":\"https:\\\/\\\/canal7slp.tv\\\/2025\\\/#\\\/schema\\\/person\\\/271e2b60a96e7cc9d9ac296f4d7e414b\"},\"headline\":\"En lo que va de abril, seis turistas han desaparecido en Mazatl\u00e1n\",\"datePublished\":\"2025-04-21T21:37:42+00:00\",\"mainEntityOfPage\":{\"@id\":\"https:\\\/\\\/canal7slp.tv\\\/2025\\\/en-lo-que-va-de-abril-seis-turistas-han-desaparecido-en-mazatlan\\\/\"},\"wordCount\":242,\"publisher\":{\"@id\":\"https:\\\/\\\/canal7slp.tv\\\/2025\\\/#organization\"},\"image\":{\"@id\":\"https:\\\/\\\/canal7slp.tv\\\/2025\\\/en-lo-que-va-de-abril-seis-turistas-han-desaparecido-en-mazatlan\\\/#primaryimage\"},\"thumbnailUrl\":\"https:\\\/\\\/canal7slp.tv\\\/2025\\\/wp-content\\\/uploads\\\/2025\\\/04\\\/09-21.jpg\",\"articleSection\":[\"NACIONALES\"],\"inLanguage\":\"es\"},{\"@type\":\"WebPage\",\"@id\":\"https:\\\/\\\/canal7slp.tv\\\/2025\\\/en-lo-que-va-de-abril-seis-turistas-han-desaparecido-en-mazatlan\\\/\",\"url\":\"https:\\\/\\\/canal7slp.tv\\\/2025\\\/en-lo-que-va-de-abril-seis-turistas-han-desaparecido-en-mazatlan\\\/\",\"name\":\"En lo que va de abril, seis turistas han desaparecido en Mazatl\u00e1n - Canal 7 SLP - 2025\",\"isPartOf\":{\"@id\":\"https:\\\/\\\/canal7slp.tv\\\/2025\\\/#website\"},\"primaryImageOfPage\":{\"@id\":\"https:\\\/\\\/canal7slp.tv\\\/2025\\\/en-lo-que-va-de-abril-seis-turistas-han-desaparecido-en-mazatlan\\\/#primaryimage\"},\"image\":{\"@id\":\"https:\\\/\\\/canal7slp.tv\\\/2025\\\/en-lo-que-va-de-abril-seis-turistas-han-desaparecido-en-mazatlan\\\/#primaryimage\"},\"thumbnailUrl\":\"https:\\\/\\\/canal7slp.tv\\\/2025\\\/wp-content\\\/uploads\\\/2025\\\/04\\\/09-21.jpg\",\"datePublished\":\"2025-04-21T21:37:42+00:00\",\"breadcrumb\":{\"@id\":\"https:\\\/\\\/canal7slp.tv\\\/2025\\\/en-lo-que-va-de-abril-seis-turistas-han-desaparecido-en-mazatlan\\\/#breadcrumb\"},\"inLanguage\":\"es\",\"potentialAction\":[{\"@type\":\"ReadAction\",\"target\":[\"https:\\\/\\\/canal7slp.tv\\\/2025\\\/en-lo-que-va-de-abril-seis-turistas-han-desaparecido-en-mazatlan\\\/\"]}]},{\"@type\":\"ImageObject\",\"inLanguage\":\"es\",\"@id\":\"https:\\\/\\\/canal7slp.tv\\\/2025\\\/en-lo-que-va-de-abril-seis-turistas-han-desaparecido-en-mazatlan\\\/#primaryimage\",\"url\":\"https:\\\/\\\/canal7slp.tv\\\/2025\\\/wp-content\\\/uploads\\\/2025\\\/04\\\/09-21.jpg\",\"contentUrl\":\"https:\\\/\\\/canal7slp.tv\\\/2025\\\/wp-content\\\/uploads\\\/2025\\\/04\\\/09-21.jpg\",\"width\":857,\"height\":500},{\"@type\":\"BreadcrumbList\",\"@id\":\"https:\\\/\\\/canal7slp.tv\\\/2025\\\/en-lo-que-va-de-abril-seis-turistas-han-desaparecido-en-mazatlan\\\/#breadcrumb\",\"itemListElement\":[{\"@type\":\"ListItem\",\"position\":1,\"name\":\"Portada\",\"item\":\"https:\\\/\\\/canal7slp.tv\\\/2025\\\/\"},{\"@type\":\"ListItem\",\"position\":2,\"name\":\"En lo que va de abril, seis turistas han desaparecido en Mazatl\u00e1n\"}]},{\"@type\":\"WebSite\",\"@id\":\"https:\\\/\\\/canal7slp.tv\\\/2025\\\/#website\",\"url\":\"https:\\\/\\\/canal7slp.tv\\\/2025\\\/\",\"name\":\"N7 - Noticieros Canal 7\",\"description\":\"Somos el Medio\",\"publisher\":{\"@id\":\"https:\\\/\\\/canal7slp.tv\\\/2025\\\/#organization\"},\"potentialAction\":[{\"@type\":\"SearchAction\",\"target\":{\"@type\":\"EntryPoint\",\"urlTemplate\":\"https:\\\/\\\/canal7slp.tv\\\/2025\\\/?s={search_term_string}\"},\"query-input\":{\"@type\":\"PropertyValueSpecification\",\"valueRequired\":true,\"valueName\":\"search_term_string\"}}],\"inLanguage\":\"es\"},{\"@type\":\"Organization\",\"@id\":\"https:\\\/\\\/canal7slp.tv\\\/2025\\\/#organization\",\"name\":\"Noticieros Canal 7\",\"url\":\"https:\\\/\\\/canal7slp.tv\\\/2025\\\/\",\"logo\":{\"@type\":\"ImageObject\",\"inLanguage\":\"es\",\"@id\":\"https:\\\/\\\/canal7slp.tv\\\/2025\\\/#\\\/schema\\\/logo\\\/image\\\/\",\"url\":\"https:\\\/\\\/canal7slp.tv\\\/2025\\\/wp-content\\\/uploads\\\/2021\\\/01\\\/logo-noticieros@2x.png\",\"contentUrl\":\"https:\\\/\\\/canal7slp.tv\\\/2025\\\/wp-content\\\/uploads\\\/2021\\\/01\\\/logo-noticieros@2x.png\",\"width\":1017,\"height\":268,\"caption\":\"Noticieros Canal 7\"},\"image\":{\"@id\":\"https:\\\/\\\/canal7slp.tv\\\/2025\\\/#\\\/schema\\\/logo\\\/image\\\/\"},\"sameAs\":[\"https:\\\/\\\/www.facebook.com\\\/noticieroscanal7atencionciudadana\\\/\",\"https:\\\/\\\/x.com\\\/NOTICIEROS7\",\"https:\\\/\\\/www.instagram.com\\\/canal7_slp\",\"https:\\\/\\\/www.youtube.com\\\/channel\\\/UCliiYs-gP3JfJeqdPrNdd5A\"]},{\"@type\":\"Person\",\"@id\":\"https:\\\/\\\/canal7slp.tv\\\/2025\\\/#\\\/schema\\\/person\\\/271e2b60a96e7cc9d9ac296f4d7e414b\",\"name\":\"Edici\u00f3n Web\",\"image\":{\"@type\":\"ImageObject\",\"inLanguage\":\"es\",\"@id\":\"https:\\\/\\\/secure.gravatar.com\\\/avatar\\\/eee448fc3f7164808013b816ba91ac7e43bbe82a70bebac296f8bc6f0addaa1a?s=96&d=mm&r=g\",\"url\":\"https:\\\/\\\/secure.gravatar.com\\\/avatar\\\/eee448fc3f7164808013b816ba91ac7e43bbe82a70bebac296f8bc6f0addaa1a?s=96&d=mm&r=g\",\"contentUrl\":\"https:\\\/\\\/secure.gravatar.com\\\/avatar\\\/eee448fc3f7164808013b816ba91ac7e43bbe82a70bebac296f8bc6f0addaa1a?s=96&d=mm&r=g\",\"caption\":\"Edici\u00f3n Web\"},\"url\":\"https:\\\/\\\/canal7slp.tv\\\/2025\\\/author\\\/edicionweb\\\/\"}]}<\/script>\n<!-- \/ Yoast SEO plugin. -->","yoast_head_json":{"title":"En lo que va de abril, seis turistas han desaparecido en Mazatl\u00e1n - Canal 7 SLP - 2025","robots":{"index":"index","follow":"follow","max-snippet":"max-snippet:-1","max-image-preview":"max-image-preview:large","max-video-preview":"max-video-preview:-1"},"canonical":"https:\/\/canal7slp.tv\/2025\/en-lo-que-va-de-abril-seis-turistas-han-desaparecido-en-mazatlan\/","og_locale":"es_ES","og_type":"article","og_title":"En lo que va de abril, seis turistas han desaparecido en Mazatl\u00e1n - Canal 7 SLP - 2025","og_description":"Manzanillo.- Durante abril, se ha reportado la desaparici\u00f3n de al menos seis hombres en Mazatl\u00e1n, Sinaloa, todos ellos turistas. El caso m\u00e1s reciente ocurri\u00f3 el 19 de abril, cuando Erick Mijali Carrillo Villegas, de 22 a\u00f1os, fue visto por \u00faltima vez. Originario de Culiac\u00e1n, Erick viaj\u00f3 al puerto para disfrutar del periodo vacacional de Semana Santa. El S\u00e1bado de Gloria, mientras conduc\u00eda un Mustang negro por la Avenida Paseo Atl\u00e1ntico, fue interceptado por sujetos armados. Junto a \u00e9l se encontraban Efra\u00edn Ram\u00edrez Ruiz y Alfonso Arredondo Zazueta, quienes tambi\u00e9n fueron privados de la libertad. Desde entonces, los tres permanecen desaparecidos. [&hellip;]","og_url":"https:\/\/canal7slp.tv\/2025\/en-lo-que-va-de-abril-seis-turistas-han-desaparecido-en-mazatlan\/","og_site_name":"Canal 7 SLP - 2025","article_publisher":"https:\/\/www.facebook.com\/noticieroscanal7atencionciudadana\/","article_published_time":"2025-04-21T21:37:42+00:00","og_image":[{"width":857,"height":500,"url":"https:\/\/canal7slp.tv\/2025\/wp-content\/uploads\/2025\/04\/09-21.jpg","type":"image\/jpeg"}],"author":"Edici\u00f3n Web","twitter_card":"summary_large_image","twitter_creator":"@NOTICIEROS7","twitter_site":"@NOTICIEROS7","twitter_misc":{"Escrito por":"Edici\u00f3n Web","Tiempo de lectura":"2 minutos"},"schema":{"@context":"https:\/\/schema.org","@graph":[{"@type":"Article","@id":"https:\/\/canal7slp.tv\/2025\/en-lo-que-va-de-abril-seis-turistas-han-desaparecido-en-mazatlan\/#article","isPartOf":{"@id":"https:\/\/canal7slp.tv\/2025\/en-lo-que-va-de-abril-seis-turistas-han-desaparecido-en-mazatlan\/"},"author":{"name":"Edici\u00f3n Web","@id":"https:\/\/canal7slp.tv\/2025\/#\/schema\/person\/271e2b60a96e7cc9d9ac296f4d7e414b"},"headline":"En lo que va de abril, seis turistas han desaparecido en Mazatl\u00e1n","datePublished":"2025-04-21T21:37:42+00:00","mainEntityOfPage":{"@id":"https:\/\/canal7slp.tv\/2025\/en-lo-que-va-de-abril-seis-turistas-han-desaparecido-en-mazatlan\/"},"wordCount":242,"publisher":{"@id":"https:\/\/canal7slp.tv\/2025\/#organization"},"image":{"@id":"https:\/\/canal7slp.tv\/2025\/en-lo-que-va-de-abril-seis-turistas-han-desaparecido-en-mazatlan\/#primaryimage"},"thumbnailUrl":"https:\/\/canal7slp.tv\/2025\/wp-content\/uploads\/2025\/04\/09-21.jpg","articleSection":["NACIONALES"],"inLanguage":"es"},{"@type":"WebPage","@id":"https:\/\/canal7slp.tv\/2025\/en-lo-que-va-de-abril-seis-turistas-han-desaparecido-en-mazatlan\/","url":"https:\/\/canal7slp.tv\/2025\/en-lo-que-va-de-abril-seis-turistas-han-desaparecido-en-mazatlan\/","name":"En lo que va de abril, seis turistas han desaparecido en Mazatl\u00e1n - Canal 7 SLP - 2025","isPartOf":{"@id":"https:\/\/canal7slp.tv\/2025\/#website"},"primaryImageOfPage":{"@id":"https:\/\/canal7slp.tv\/2025\/en-lo-que-va-de-abril-seis-turistas-han-desaparecido-en-mazatlan\/#primaryimage"},"image":{"@id":"https:\/\/canal7slp.tv\/2025\/en-lo-que-va-de-abril-seis-turistas-han-desaparecido-en-mazatlan\/#primaryimage"},"thumbnailUrl":"https:\/\/canal7slp.tv\/2025\/wp-content\/uploads\/2025\/04\/09-21.jpg","datePublished":"2025-04-21T21:37:42+00:00","breadcrumb":{"@id":"https:\/\/canal7slp.tv\/2025\/en-lo-que-va-de-abril-seis-turistas-han-desaparecido-en-mazatlan\/#breadcrumb"},"inLanguage":"es","potentialAction":[{"@type":"ReadAction","target":["https:\/\/canal7slp.tv\/2025\/en-lo-que-va-de-abril-seis-turistas-han-desaparecido-en-mazatlan\/"]}]},{"@type":"ImageObject","inLanguage":"es","@id":"https:\/\/canal7slp.tv\/2025\/en-lo-que-va-de-abril-seis-turistas-han-desaparecido-en-mazatlan\/#primaryimage","url":"https:\/\/canal7slp.tv\/2025\/wp-content\/uploads\/2025\/04\/09-21.jpg","contentUrl":"https:\/\/canal7slp.tv\/2025\/wp-content\/uploads\/2025\/04\/09-21.jpg","width":857,"height":500},{"@type":"BreadcrumbList","@id":"https:\/\/canal7slp.tv\/2025\/en-lo-que-va-de-abril-seis-turistas-han-desaparecido-en-mazatlan\/#breadcrumb","itemListElement":[{"@type":"ListItem","position":1,"name":"Portada","item":"https:\/\/canal7slp.tv\/2025\/"},{"@type":"ListItem","position":2,"name":"En lo que va de abril, seis turistas han desaparecido en Mazatl\u00e1n"}]},{"@type":"WebSite","@id":"https:\/\/canal7slp.tv\/2025\/#website","url":"https:\/\/canal7slp.tv\/2025\/","name":"N7 - Noticieros Canal 7","description":"Somos el Medio","publisher":{"@id":"https:\/\/canal7slp.tv\/2025\/#organization"},"potentialAction":[{"@type":"SearchAction","target":{"@type":"EntryPoint","urlTemplate":"https:\/\/canal7slp.tv\/2025\/?s={search_term_string}"},"query-input":{"@type":"PropertyValueSpecification","valueRequired":true,"valueName":"search_term_string"}}],"inLanguage":"es"},{"@type":"Organization","@id":"https:\/\/canal7slp.tv\/2025\/#organization","name":"Noticieros Canal 7","url":"https:\/\/canal7slp.tv\/2025\/","logo":{"@type":"ImageObject","inLanguage":"es","@id":"https:\/\/canal7slp.tv\/2025\/#\/schema\/logo\/image\/","url":"https:\/\/canal7slp.tv\/2025\/wp-content\/uploads\/2021\/01\/logo-noticieros@2x.png","contentUrl":"https:\/\/canal7slp.tv\/2025\/wp-content\/uploads\/2021\/01\/logo-noticieros@2x.png","width":1017,"height":268,"caption":"Noticieros Canal 7"},"image":{"@id":"https:\/\/canal7slp.tv\/2025\/#\/schema\/logo\/image\/"},"sameAs":["https:\/\/www.facebook.com\/noticieroscanal7atencionciudadana\/","https:\/\/x.com\/NOTICIEROS7","https:\/\/www.instagram.com\/canal7_slp","https:\/\/www.youtube.com\/channel\/UCliiYs-gP3JfJeqdPrNdd5A"]},{"@type":"Person","@id":"https:\/\/canal7slp.tv\/2025\/#\/schema\/person\/271e2b60a96e7cc9d9ac296f4d7e414b","name":"Edici\u00f3n Web","image":{"@type":"ImageObject","inLanguage":"es","@id":"https:\/\/secure.gravatar.com\/avatar\/eee448fc3f7164808013b816ba91ac7e43bbe82a70bebac296f8bc6f0addaa1a?s=96&d=mm&r=g","url":"https:\/\/secure.gravatar.com\/avatar\/eee448fc3f7164808013b816ba91ac7e43bbe82a70bebac296f8bc6f0addaa1a?s=96&d=mm&r=g","contentUrl":"https:\/\/secure.gravatar.com\/avatar\/eee448fc3f7164808013b816ba91ac7e43bbe82a70bebac296f8bc6f0addaa1a?s=96&d=mm&r=g","caption":"Edici\u00f3n Web"},"url":"https:\/\/canal7slp.tv\/2025\/author\/edicionweb\/"}]}},"_links":{"self":[{"href":"https:\/\/canal7slp.tv\/2025\/wp-json\/wp\/v2\/posts\/163902","targetHints":{"allow":["GET"]}}],"collection":[{"href":"https:\/\/canal7slp.tv\/2025\/wp-json\/wp\/v2\/posts"}],"about":[{"href":"https:\/\/canal7slp.tv\/2025\/wp-json\/wp\/v2\/types\/post"}],"author":[{"embeddable":true,"href":"https:\/\/canal7slp.tv\/2025\/wp-json\/wp\/v2\/users\/2"}],"replies":[{"embeddable":true,"href":"https:\/\/canal7slp.tv\/2025\/wp-json\/wp\/v2\/comments?post=163902"}],"version-history":[{"count":1,"href":"https:\/\/canal7slp.tv\/2025\/wp-json\/wp\/v2\/posts\/163902\/revisions"}],"predecessor-version":[{"id":163904,"href":"https:\/\/canal7slp.tv\/2025\/wp-json\/wp\/v2\/posts\/163902\/revisions\/163904"}],"wp:featuredmedia":[{"embeddable":true,"href":"https:\/\/canal7slp.tv\/2025\/wp-json\/wp\/v2\/media\/163903"}],"wp:attachment":[{"href":"https:\/\/canal7slp.tv\/2025\/wp-json\/wp\/v2\/media?parent=163902"}],"wp:term":[{"taxonomy":"category","embeddable":true,"href":"https:\/\/canal7slp.tv\/2025\/wp-json\/wp\/v2\/categories?post=163902"},{"taxonomy":"post_tag","embeddable":true,"href":"https:\/\/canal7slp.tv\/2025\/wp-json\/wp\/v2\/tags?post=163902"}],"curies":[{"name":"wp","href":"https:\/\/api.w.org\/{rel}","templated":true}]}}