{"id":163899,"date":"2025-04-21T15:19:41","date_gmt":"2025-04-21T21:19:41","guid":{"rendered":"https:\/\/canal7slp.tv\/2025\/?p=163899"},"modified":"2025-04-21T15:19:41","modified_gmt":"2025-04-21T21:19:41","slug":"mexico-y-eua-se-reunen-para-solucionar-la-crisis-del-agua-fronteriza","status":"publish","type":"post","link":"https:\/\/canal7slp.tv\/2025\/mexico-y-eua-se-reunen-para-solucionar-la-crisis-del-agua-fronteriza\/","title":{"rendered":"M\u00e9xico y EUA se re\u00fanen para solucionar la crisis del agua fronteriza"},"content":{"rendered":"<p style=\"text-align: justify;\">M\u00e9xico.- La presidenta de M\u00e9xico, Claudia Sheinbaum Pardo, inform\u00f3 que la secretaria de Medio Ambiente y Recursos Naturales, Alicia B\u00e1rcena, viajar\u00e1 este lunes a California para abordar la creciente controversia sobre el vertido de aguas residuales desde Tijuana hacia el oc\u00e9ano Pac\u00edfico.<\/p>\n<p style=\"text-align: justify;\">B\u00e1rcena se reunir\u00e1 en San Diego con autoridades de la Agencia de Protecci\u00f3n Ambiental de Estados Unidos (EPA) para tratar las acusaciones del senador republicano Tim Sheehy, quien denunci\u00f3 que M\u00e9xico vierte diariamente cinco millones de galones (casi 19 millones de litros) de agua contaminada al Pac\u00edfico, lo que, seg\u00fan \u00e9l, afecta la salud de miles de estadounidenses.<\/p>\n<p style=\"text-align: justify;\">Sheinbaum respondi\u00f3 que M\u00e9xico est\u00e1 por poner en operaci\u00f3n al 100% una planta de tratamiento en Tijuana, lo que permitir\u00e1 reducir significativamente la contaminaci\u00f3n, y recalc\u00f3 que Estados Unidos tambi\u00e9n tiene responsabilidades seg\u00fan acuerdos bilaterales firmados durante la administraci\u00f3n de Joe Biden.<\/p>\n<p style=\"text-align: justify;\">La mandataria sugiri\u00f3 que las declaraciones de Sheehy podr\u00edan estar motivadas por intereses electorales, ya que se aproximan elecciones a gobernador en varios estados de EUA, advirtiendo que \u00abM\u00e9xico no debe ser utilizado como argumento pol\u00edtico\u00bb.<\/p>\n<p style=\"text-align: justify;\">Este nuevo episodio revive las tensiones en torno al Tratado de Aguas de 1944, que obliga a M\u00e9xico a entregar a Estados Unidos dos mil 160 millones de metros c\u00fabicos de agua cada cinco a\u00f1os, mientras M\u00e9xico recibe casi cuatro veces esa cantidad.<\/p>\n<p style=\"text-align: justify;\">La situaci\u00f3n se agrav\u00f3 el pasado 10 de abril, cuando el expresidente Donald Trump amenaz\u00f3 con imponer aranceles y sanciones por presuntas violaciones al tratado, acusando a M\u00e9xico de deber m\u00e1s de mil 600 millones de metros c\u00fabicos de agua a Texas.<\/p>\n<p style=\"text-align: justify;\">En este contexto, Sheinbaum anunci\u00f3 que el mi\u00e9rcoles se celebrar\u00e1 una reuni\u00f3n t\u00e9cnica para evaluar la disponibilidad de agua en el r\u00edo Bravo con el fin de cumplir con los compromisos internacionales sin afectar el abastecimiento para consumo humano y riego agr\u00edcola.<\/p>\n","protected":false},"excerpt":{"rendered":"<p>M\u00e9xico.- La presidenta de M\u00e9xico, Claudia Sheinbaum Pardo, inform\u00f3 que la secretaria de Medio Ambiente y Recursos Naturales, Alicia B\u00e1rcena, viajar\u00e1 este lunes a California para abordar la creciente controversia sobre el vertido de aguas residuales desde Tijuana hacia el oc\u00e9ano Pac\u00edfico. B\u00e1rcena se reunir\u00e1 en San Diego con autoridades de la Agencia de Protecci\u00f3n Ambiental de Estados Unidos (EPA) para tratar las acusaciones del senador republicano Tim Sheehy, quien denunci\u00f3 que M\u00e9xico vierte diariamente cinco millones de galones (casi 19 millones de litros) de agua contaminada al Pac\u00edfico, lo que, seg\u00fan \u00e9l, afecta la salud de miles de estadounidenses. [&hellip;]<\/p>\n","protected":false},"author":2,"featured_media":163900,"comment_status":"closed","ping_status":"closed","sticky":false,"template":"","format":"standard","meta":{"_monsterinsights_skip_tracking":false,"_monsterinsights_sitenote_active":false,"_monsterinsights_sitenote_note":"","_monsterinsights_sitenote_category":0,"footnotes":""},"categories":[46],"tags":[],"class_list":["post-163899","post","type-post","status-publish","format-standard","has-post-thumbnail","hentry","category-nacional","post--single"],"yoast_head":"<!-- This site is optimized with the Yoast SEO plugin v27.5 - https:\/\/yoast.com\/product\/yoast-seo-wordpress\/ -->\n<title>M\u00e9xico y EUA se re\u00fanen para solucionar la crisis del agua fronteriza - Canal 7 SLP - 2025<\/title>\n<meta name=\"robots\" content=\"index, follow, max-snippet:-1, max-image-preview:large, max-video-preview:-1\" \/>\n<link rel=\"canonical\" href=\"https:\/\/canal7slp.tv\/2025\/mexico-y-eua-se-reunen-para-solucionar-la-crisis-del-agua-fronteriza\/\" \/>\n<meta property=\"og:locale\" content=\"es_ES\" \/>\n<meta property=\"og:type\" content=\"article\" \/>\n<meta property=\"og:title\" content=\"M\u00e9xico y EUA se re\u00fanen para solucionar la crisis del agua fronteriza - Canal 7 SLP - 2025\" \/>\n<meta property=\"og:description\" content=\"M\u00e9xico.- La presidenta de M\u00e9xico, Claudia Sheinbaum Pardo, inform\u00f3 que la secretaria de Medio Ambiente y Recursos Naturales, Alicia B\u00e1rcena, viajar\u00e1 este lunes a California para abordar la creciente controversia sobre el vertido de aguas residuales desde Tijuana hacia el oc\u00e9ano Pac\u00edfico. B\u00e1rcena se reunir\u00e1 en San Diego con autoridades de la Agencia de Protecci\u00f3n Ambiental de Estados Unidos (EPA) para tratar las acusaciones del senador republicano Tim Sheehy, quien denunci\u00f3 que M\u00e9xico vierte diariamente cinco millones de galones (casi 19 millones de litros) de agua contaminada al Pac\u00edfico, lo que, seg\u00fan \u00e9l, afecta la salud de miles de estadounidenses. [&hellip;]\" \/>\n<meta property=\"og:url\" content=\"https:\/\/canal7slp.tv\/2025\/mexico-y-eua-se-reunen-para-solucionar-la-crisis-del-agua-fronteriza\/\" \/>\n<meta property=\"og:site_name\" content=\"Canal 7 SLP - 2025\" \/>\n<meta property=\"article:publisher\" content=\"https:\/\/www.facebook.com\/noticieroscanal7atencionciudadana\/\" \/>\n<meta property=\"article:published_time\" content=\"2025-04-21T21:19:41+00:00\" \/>\n<meta property=\"og:image\" content=\"https:\/\/canal7slp.tv\/2025\/wp-content\/uploads\/2025\/04\/08-20.jpg\" \/>\n\t<meta property=\"og:image:width\" content=\"749\" \/>\n\t<meta property=\"og:image:height\" content=\"500\" \/>\n\t<meta property=\"og:image:type\" content=\"image\/jpeg\" \/>\n<meta name=\"author\" content=\"Edici\u00f3n Web\" \/>\n<meta name=\"twitter:card\" content=\"summary_large_image\" \/>\n<meta name=\"twitter:creator\" content=\"@NOTICIEROS7\" \/>\n<meta name=\"twitter:site\" content=\"@NOTICIEROS7\" \/>\n<meta name=\"twitter:label1\" content=\"Escrito por\" \/>\n\t<meta name=\"twitter:data1\" content=\"Edici\u00f3n Web\" \/>\n\t<meta name=\"twitter:label2\" content=\"Tiempo de lectura\" \/>\n\t<meta name=\"twitter:data2\" content=\"2 minutos\" \/>\n<script type=\"application\/ld+json\" class=\"yoast-schema-graph\">{\"@context\":\"https:\\\/\\\/schema.org\",\"@graph\":[{\"@type\":\"Article\",\"@id\":\"https:\\\/\\\/canal7slp.tv\\\/2025\\\/mexico-y-eua-se-reunen-para-solucionar-la-crisis-del-agua-fronteriza\\\/#article\",\"isPartOf\":{\"@id\":\"https:\\\/\\\/canal7slp.tv\\\/2025\\\/mexico-y-eua-se-reunen-para-solucionar-la-crisis-del-agua-fronteriza\\\/\"},\"author\":{\"name\":\"Edici\u00f3n Web\",\"@id\":\"https:\\\/\\\/canal7slp.tv\\\/2025\\\/#\\\/schema\\\/person\\\/271e2b60a96e7cc9d9ac296f4d7e414b\"},\"headline\":\"M\u00e9xico y EUA se re\u00fanen para solucionar la crisis del agua fronteriza\",\"datePublished\":\"2025-04-21T21:19:41+00:00\",\"mainEntityOfPage\":{\"@id\":\"https:\\\/\\\/canal7slp.tv\\\/2025\\\/mexico-y-eua-se-reunen-para-solucionar-la-crisis-del-agua-fronteriza\\\/\"},\"wordCount\":346,\"publisher\":{\"@id\":\"https:\\\/\\\/canal7slp.tv\\\/2025\\\/#organization\"},\"image\":{\"@id\":\"https:\\\/\\\/canal7slp.tv\\\/2025\\\/mexico-y-eua-se-reunen-para-solucionar-la-crisis-del-agua-fronteriza\\\/#primaryimage\"},\"thumbnailUrl\":\"https:\\\/\\\/canal7slp.tv\\\/2025\\\/wp-content\\\/uploads\\\/2025\\\/04\\\/08-20.jpg\",\"articleSection\":[\"NACIONALES\"],\"inLanguage\":\"es\"},{\"@type\":\"WebPage\",\"@id\":\"https:\\\/\\\/canal7slp.tv\\\/2025\\\/mexico-y-eua-se-reunen-para-solucionar-la-crisis-del-agua-fronteriza\\\/\",\"url\":\"https:\\\/\\\/canal7slp.tv\\\/2025\\\/mexico-y-eua-se-reunen-para-solucionar-la-crisis-del-agua-fronteriza\\\/\",\"name\":\"M\u00e9xico y EUA se re\u00fanen para solucionar la crisis del agua fronteriza - Canal 7 SLP - 2025\",\"isPartOf\":{\"@id\":\"https:\\\/\\\/canal7slp.tv\\\/2025\\\/#website\"},\"primaryImageOfPage\":{\"@id\":\"https:\\\/\\\/canal7slp.tv\\\/2025\\\/mexico-y-eua-se-reunen-para-solucionar-la-crisis-del-agua-fronteriza\\\/#primaryimage\"},\"image\":{\"@id\":\"https:\\\/\\\/canal7slp.tv\\\/2025\\\/mexico-y-eua-se-reunen-para-solucionar-la-crisis-del-agua-fronteriza\\\/#primaryimage\"},\"thumbnailUrl\":\"https:\\\/\\\/canal7slp.tv\\\/2025\\\/wp-content\\\/uploads\\\/2025\\\/04\\\/08-20.jpg\",\"datePublished\":\"2025-04-21T21:19:41+00:00\",\"breadcrumb\":{\"@id\":\"https:\\\/\\\/canal7slp.tv\\\/2025\\\/mexico-y-eua-se-reunen-para-solucionar-la-crisis-del-agua-fronteriza\\\/#breadcrumb\"},\"inLanguage\":\"es\",\"potentialAction\":[{\"@type\":\"ReadAction\",\"target\":[\"https:\\\/\\\/canal7slp.tv\\\/2025\\\/mexico-y-eua-se-reunen-para-solucionar-la-crisis-del-agua-fronteriza\\\/\"]}]},{\"@type\":\"ImageObject\",\"inLanguage\":\"es\",\"@id\":\"https:\\\/\\\/canal7slp.tv\\\/2025\\\/mexico-y-eua-se-reunen-para-solucionar-la-crisis-del-agua-fronteriza\\\/#primaryimage\",\"url\":\"https:\\\/\\\/canal7slp.tv\\\/2025\\\/wp-content\\\/uploads\\\/2025\\\/04\\\/08-20.jpg\",\"contentUrl\":\"https:\\\/\\\/canal7slp.tv\\\/2025\\\/wp-content\\\/uploads\\\/2025\\\/04\\\/08-20.jpg\",\"width\":749,\"height\":500},{\"@type\":\"BreadcrumbList\",\"@id\":\"https:\\\/\\\/canal7slp.tv\\\/2025\\\/mexico-y-eua-se-reunen-para-solucionar-la-crisis-del-agua-fronteriza\\\/#breadcrumb\",\"itemListElement\":[{\"@type\":\"ListItem\",\"position\":1,\"name\":\"Portada\",\"item\":\"https:\\\/\\\/canal7slp.tv\\\/2025\\\/\"},{\"@type\":\"ListItem\",\"position\":2,\"name\":\"M\u00e9xico y EUA se re\u00fanen para solucionar la crisis del agua fronteriza\"}]},{\"@type\":\"WebSite\",\"@id\":\"https:\\\/\\\/canal7slp.tv\\\/2025\\\/#website\",\"url\":\"https:\\\/\\\/canal7slp.tv\\\/2025\\\/\",\"name\":\"N7 - Noticieros Canal 7\",\"description\":\"Somos el Medio\",\"publisher\":{\"@id\":\"https:\\\/\\\/canal7slp.tv\\\/2025\\\/#organization\"},\"potentialAction\":[{\"@type\":\"SearchAction\",\"target\":{\"@type\":\"EntryPoint\",\"urlTemplate\":\"https:\\\/\\\/canal7slp.tv\\\/2025\\\/?s={search_term_string}\"},\"query-input\":{\"@type\":\"PropertyValueSpecification\",\"valueRequired\":true,\"valueName\":\"search_term_string\"}}],\"inLanguage\":\"es\"},{\"@type\":\"Organization\",\"@id\":\"https:\\\/\\\/canal7slp.tv\\\/2025\\\/#organization\",\"name\":\"Noticieros Canal 7\",\"url\":\"https:\\\/\\\/canal7slp.tv\\\/2025\\\/\",\"logo\":{\"@type\":\"ImageObject\",\"inLanguage\":\"es\",\"@id\":\"https:\\\/\\\/canal7slp.tv\\\/2025\\\/#\\\/schema\\\/logo\\\/image\\\/\",\"url\":\"https:\\\/\\\/canal7slp.tv\\\/2025\\\/wp-content\\\/uploads\\\/2021\\\/01\\\/logo-noticieros@2x.png\",\"contentUrl\":\"https:\\\/\\\/canal7slp.tv\\\/2025\\\/wp-content\\\/uploads\\\/2021\\\/01\\\/logo-noticieros@2x.png\",\"width\":1017,\"height\":268,\"caption\":\"Noticieros Canal 7\"},\"image\":{\"@id\":\"https:\\\/\\\/canal7slp.tv\\\/2025\\\/#\\\/schema\\\/logo\\\/image\\\/\"},\"sameAs\":[\"https:\\\/\\\/www.facebook.com\\\/noticieroscanal7atencionciudadana\\\/\",\"https:\\\/\\\/x.com\\\/NOTICIEROS7\",\"https:\\\/\\\/www.instagram.com\\\/canal7_slp\",\"https:\\\/\\\/www.youtube.com\\\/channel\\\/UCliiYs-gP3JfJeqdPrNdd5A\"]},{\"@type\":\"Person\",\"@id\":\"https:\\\/\\\/canal7slp.tv\\\/2025\\\/#\\\/schema\\\/person\\\/271e2b60a96e7cc9d9ac296f4d7e414b\",\"name\":\"Edici\u00f3n Web\",\"image\":{\"@type\":\"ImageObject\",\"inLanguage\":\"es\",\"@id\":\"https:\\\/\\\/secure.gravatar.com\\\/avatar\\\/eee448fc3f7164808013b816ba91ac7e43bbe82a70bebac296f8bc6f0addaa1a?s=96&d=mm&r=g\",\"url\":\"https:\\\/\\\/secure.gravatar.com\\\/avatar\\\/eee448fc3f7164808013b816ba91ac7e43bbe82a70bebac296f8bc6f0addaa1a?s=96&d=mm&r=g\",\"contentUrl\":\"https:\\\/\\\/secure.gravatar.com\\\/avatar\\\/eee448fc3f7164808013b816ba91ac7e43bbe82a70bebac296f8bc6f0addaa1a?s=96&d=mm&r=g\",\"caption\":\"Edici\u00f3n Web\"},\"url\":\"https:\\\/\\\/canal7slp.tv\\\/2025\\\/author\\\/edicionweb\\\/\"}]}<\/script>\n<!-- \/ Yoast SEO plugin. -->","yoast_head_json":{"title":"M\u00e9xico y EUA se re\u00fanen para solucionar la crisis del agua fronteriza - Canal 7 SLP - 2025","robots":{"index":"index","follow":"follow","max-snippet":"max-snippet:-1","max-image-preview":"max-image-preview:large","max-video-preview":"max-video-preview:-1"},"canonical":"https:\/\/canal7slp.tv\/2025\/mexico-y-eua-se-reunen-para-solucionar-la-crisis-del-agua-fronteriza\/","og_locale":"es_ES","og_type":"article","og_title":"M\u00e9xico y EUA se re\u00fanen para solucionar la crisis del agua fronteriza - Canal 7 SLP - 2025","og_description":"M\u00e9xico.- La presidenta de M\u00e9xico, Claudia Sheinbaum Pardo, inform\u00f3 que la secretaria de Medio Ambiente y Recursos Naturales, Alicia B\u00e1rcena, viajar\u00e1 este lunes a California para abordar la creciente controversia sobre el vertido de aguas residuales desde Tijuana hacia el oc\u00e9ano Pac\u00edfico. B\u00e1rcena se reunir\u00e1 en San Diego con autoridades de la Agencia de Protecci\u00f3n Ambiental de Estados Unidos (EPA) para tratar las acusaciones del senador republicano Tim Sheehy, quien denunci\u00f3 que M\u00e9xico vierte diariamente cinco millones de galones (casi 19 millones de litros) de agua contaminada al Pac\u00edfico, lo que, seg\u00fan \u00e9l, afecta la salud de miles de estadounidenses. [&hellip;]","og_url":"https:\/\/canal7slp.tv\/2025\/mexico-y-eua-se-reunen-para-solucionar-la-crisis-del-agua-fronteriza\/","og_site_name":"Canal 7 SLP - 2025","article_publisher":"https:\/\/www.facebook.com\/noticieroscanal7atencionciudadana\/","article_published_time":"2025-04-21T21:19:41+00:00","og_image":[{"width":749,"height":500,"url":"https:\/\/canal7slp.tv\/2025\/wp-content\/uploads\/2025\/04\/08-20.jpg","type":"image\/jpeg"}],"author":"Edici\u00f3n Web","twitter_card":"summary_large_image","twitter_creator":"@NOTICIEROS7","twitter_site":"@NOTICIEROS7","twitter_misc":{"Escrito por":"Edici\u00f3n Web","Tiempo de lectura":"2 minutos"},"schema":{"@context":"https:\/\/schema.org","@graph":[{"@type":"Article","@id":"https:\/\/canal7slp.tv\/2025\/mexico-y-eua-se-reunen-para-solucionar-la-crisis-del-agua-fronteriza\/#article","isPartOf":{"@id":"https:\/\/canal7slp.tv\/2025\/mexico-y-eua-se-reunen-para-solucionar-la-crisis-del-agua-fronteriza\/"},"author":{"name":"Edici\u00f3n Web","@id":"https:\/\/canal7slp.tv\/2025\/#\/schema\/person\/271e2b60a96e7cc9d9ac296f4d7e414b"},"headline":"M\u00e9xico y EUA se re\u00fanen para solucionar la crisis del agua fronteriza","datePublished":"2025-04-21T21:19:41+00:00","mainEntityOfPage":{"@id":"https:\/\/canal7slp.tv\/2025\/mexico-y-eua-se-reunen-para-solucionar-la-crisis-del-agua-fronteriza\/"},"wordCount":346,"publisher":{"@id":"https:\/\/canal7slp.tv\/2025\/#organization"},"image":{"@id":"https:\/\/canal7slp.tv\/2025\/mexico-y-eua-se-reunen-para-solucionar-la-crisis-del-agua-fronteriza\/#primaryimage"},"thumbnailUrl":"https:\/\/canal7slp.tv\/2025\/wp-content\/uploads\/2025\/04\/08-20.jpg","articleSection":["NACIONALES"],"inLanguage":"es"},{"@type":"WebPage","@id":"https:\/\/canal7slp.tv\/2025\/mexico-y-eua-se-reunen-para-solucionar-la-crisis-del-agua-fronteriza\/","url":"https:\/\/canal7slp.tv\/2025\/mexico-y-eua-se-reunen-para-solucionar-la-crisis-del-agua-fronteriza\/","name":"M\u00e9xico y EUA se re\u00fanen para solucionar la crisis del agua fronteriza - Canal 7 SLP - 2025","isPartOf":{"@id":"https:\/\/canal7slp.tv\/2025\/#website"},"primaryImageOfPage":{"@id":"https:\/\/canal7slp.tv\/2025\/mexico-y-eua-se-reunen-para-solucionar-la-crisis-del-agua-fronteriza\/#primaryimage"},"image":{"@id":"https:\/\/canal7slp.tv\/2025\/mexico-y-eua-se-reunen-para-solucionar-la-crisis-del-agua-fronteriza\/#primaryimage"},"thumbnailUrl":"https:\/\/canal7slp.tv\/2025\/wp-content\/uploads\/2025\/04\/08-20.jpg","datePublished":"2025-04-21T21:19:41+00:00","breadcrumb":{"@id":"https:\/\/canal7slp.tv\/2025\/mexico-y-eua-se-reunen-para-solucionar-la-crisis-del-agua-fronteriza\/#breadcrumb"},"inLanguage":"es","potentialAction":[{"@type":"ReadAction","target":["https:\/\/canal7slp.tv\/2025\/mexico-y-eua-se-reunen-para-solucionar-la-crisis-del-agua-fronteriza\/"]}]},{"@type":"ImageObject","inLanguage":"es","@id":"https:\/\/canal7slp.tv\/2025\/mexico-y-eua-se-reunen-para-solucionar-la-crisis-del-agua-fronteriza\/#primaryimage","url":"https:\/\/canal7slp.tv\/2025\/wp-content\/uploads\/2025\/04\/08-20.jpg","contentUrl":"https:\/\/canal7slp.tv\/2025\/wp-content\/uploads\/2025\/04\/08-20.jpg","width":749,"height":500},{"@type":"BreadcrumbList","@id":"https:\/\/canal7slp.tv\/2025\/mexico-y-eua-se-reunen-para-solucionar-la-crisis-del-agua-fronteriza\/#breadcrumb","itemListElement":[{"@type":"ListItem","position":1,"name":"Portada","item":"https:\/\/canal7slp.tv\/2025\/"},{"@type":"ListItem","position":2,"name":"M\u00e9xico y EUA se re\u00fanen para solucionar la crisis del agua fronteriza"}]},{"@type":"WebSite","@id":"https:\/\/canal7slp.tv\/2025\/#website","url":"https:\/\/canal7slp.tv\/2025\/","name":"N7 - Noticieros Canal 7","description":"Somos el Medio","publisher":{"@id":"https:\/\/canal7slp.tv\/2025\/#organization"},"potentialAction":[{"@type":"SearchAction","target":{"@type":"EntryPoint","urlTemplate":"https:\/\/canal7slp.tv\/2025\/?s={search_term_string}"},"query-input":{"@type":"PropertyValueSpecification","valueRequired":true,"valueName":"search_term_string"}}],"inLanguage":"es"},{"@type":"Organization","@id":"https:\/\/canal7slp.tv\/2025\/#organization","name":"Noticieros Canal 7","url":"https:\/\/canal7slp.tv\/2025\/","logo":{"@type":"ImageObject","inLanguage":"es","@id":"https:\/\/canal7slp.tv\/2025\/#\/schema\/logo\/image\/","url":"https:\/\/canal7slp.tv\/2025\/wp-content\/uploads\/2021\/01\/logo-noticieros@2x.png","contentUrl":"https:\/\/canal7slp.tv\/2025\/wp-content\/uploads\/2021\/01\/logo-noticieros@2x.png","width":1017,"height":268,"caption":"Noticieros Canal 7"},"image":{"@id":"https:\/\/canal7slp.tv\/2025\/#\/schema\/logo\/image\/"},"sameAs":["https:\/\/www.facebook.com\/noticieroscanal7atencionciudadana\/","https:\/\/x.com\/NOTICIEROS7","https:\/\/www.instagram.com\/canal7_slp","https:\/\/www.youtube.com\/channel\/UCliiYs-gP3JfJeqdPrNdd5A"]},{"@type":"Person","@id":"https:\/\/canal7slp.tv\/2025\/#\/schema\/person\/271e2b60a96e7cc9d9ac296f4d7e414b","name":"Edici\u00f3n Web","image":{"@type":"ImageObject","inLanguage":"es","@id":"https:\/\/secure.gravatar.com\/avatar\/eee448fc3f7164808013b816ba91ac7e43bbe82a70bebac296f8bc6f0addaa1a?s=96&d=mm&r=g","url":"https:\/\/secure.gravatar.com\/avatar\/eee448fc3f7164808013b816ba91ac7e43bbe82a70bebac296f8bc6f0addaa1a?s=96&d=mm&r=g","contentUrl":"https:\/\/secure.gravatar.com\/avatar\/eee448fc3f7164808013b816ba91ac7e43bbe82a70bebac296f8bc6f0addaa1a?s=96&d=mm&r=g","caption":"Edici\u00f3n Web"},"url":"https:\/\/canal7slp.tv\/2025\/author\/edicionweb\/"}]}},"_links":{"self":[{"href":"https:\/\/canal7slp.tv\/2025\/wp-json\/wp\/v2\/posts\/163899","targetHints":{"allow":["GET"]}}],"collection":[{"href":"https:\/\/canal7slp.tv\/2025\/wp-json\/wp\/v2\/posts"}],"about":[{"href":"https:\/\/canal7slp.tv\/2025\/wp-json\/wp\/v2\/types\/post"}],"author":[{"embeddable":true,"href":"https:\/\/canal7slp.tv\/2025\/wp-json\/wp\/v2\/users\/2"}],"replies":[{"embeddable":true,"href":"https:\/\/canal7slp.tv\/2025\/wp-json\/wp\/v2\/comments?post=163899"}],"version-history":[{"count":1,"href":"https:\/\/canal7slp.tv\/2025\/wp-json\/wp\/v2\/posts\/163899\/revisions"}],"predecessor-version":[{"id":163901,"href":"https:\/\/canal7slp.tv\/2025\/wp-json\/wp\/v2\/posts\/163899\/revisions\/163901"}],"wp:featuredmedia":[{"embeddable":true,"href":"https:\/\/canal7slp.tv\/2025\/wp-json\/wp\/v2\/media\/163900"}],"wp:attachment":[{"href":"https:\/\/canal7slp.tv\/2025\/wp-json\/wp\/v2\/media?parent=163899"}],"wp:term":[{"taxonomy":"category","embeddable":true,"href":"https:\/\/canal7slp.tv\/2025\/wp-json\/wp\/v2\/categories?post=163899"},{"taxonomy":"post_tag","embeddable":true,"href":"https:\/\/canal7slp.tv\/2025\/wp-json\/wp\/v2\/tags?post=163899"}],"curies":[{"name":"wp","href":"https:\/\/api.w.org\/{rel}","templated":true}]}}