{"id":163892,"date":"2025-04-21T14:48:53","date_gmt":"2025-04-21T20:48:53","guid":{"rendered":"https:\/\/canal7slp.tv\/2025\/?p=163892"},"modified":"2025-04-21T14:48:53","modified_gmt":"2025-04-21T20:48:53","slug":"dos-cardenales-mexicanos-votaran-en-el-conclave-para-elegir-al-nuevo-papa","status":"publish","type":"post","link":"https:\/\/canal7slp.tv\/2025\/dos-cardenales-mexicanos-votaran-en-el-conclave-para-elegir-al-nuevo-papa\/","title":{"rendered":"Dos cardenales mexicanos votar\u00e1n en el c\u00f3nclave para elegir al nuevo Papa"},"content":{"rendered":"<p style=\"text-align: justify;\">El Vaticano.- El Papa Francisco falleci\u00f3 el 21 de abril de 2025 a los 88 a\u00f1os en su residencia de la Casa Santa Marta, en el Vaticano. Su pontificado dej\u00f3 un profundo legado de apertura, inclusi\u00f3n y un esfuerzo sostenido por construir una Iglesia verdaderamente universal, con representaci\u00f3n m\u00e1s all\u00e1 del tradicional enfoque europeo.<\/p>\n<p style=\"text-align: justify;\">Esta visi\u00f3n se ver\u00e1 reflejada en el pr\u00f3ximo c\u00f3nclave, donde 135 cardenales electores se reunir\u00e1n para elegir al nuevo l\u00edder de la Iglesia Cat\u00f3lica. Entre ellos, destacan dos cardenales mexicanos con derecho a voto: Carlos Aguiar Retes, arzobispo primado de M\u00e9xico, y Francisco Robles Ortega, arzobispo de Guadalajara.<\/p>\n<p style=\"text-align: justify;\">Cardenales mexicanos con derecho a voto:<\/p>\n<ul style=\"text-align: justify;\">\n<li>Carlos Aguiar Retes (75 a\u00f1os): Nacido en Tepic, Nayarit, ha sido un impulsor de la renovaci\u00f3n eclesi\u00e1stica. Estudi\u00f3 en seminarios de M\u00e9xico y Estados Unidos, y fue nombrado cardenal por el Papa Francisco en 2016.<\/li>\n<li>Francisco Robles Ortega (74 a\u00f1os): Ex presidente de la Conferencia del Episcopado Mexicano, ha tenido un papel relevante en la vida de la Iglesia. Fue nombrado cardenal en 2007 por el Papa Benedicto XVI.<\/li>\n<\/ul>\n<p style=\"text-align: justify;\">Adem\u00e1s de ellos, hay otros cuatro cardenales mexicanos que forman parte del Colegio Cardenalicio, aunque no podr\u00e1n votar en el c\u00f3nclave por haber superado los 80 a\u00f1os:<\/p>\n<ul style=\"text-align: justify;\">\n<li>Alberto Su\u00e1rez Inda (85 a\u00f1os), arzobispo em\u00e9rito de Morelia.<\/li>\n<li>Felipe Arizmendi Esquivel (84 a\u00f1os), obispo em\u00e9rito de San Crist\u00f3bal de Las Casas.<\/li>\n<li>Juan Sandoval \u00cd\u00f1iguez (91 a\u00f1os), exarzobispo de Guadalajara.<\/li>\n<li>Norberto Rivera Carrera (82 a\u00f1os), exarzobispo primado de M\u00e9xico.<\/li>\n<\/ul>\n<p style=\"text-align: justify;\">La participaci\u00f3n de Aguiar Retes y Robles Ortega en el c\u00f3nclave representa no solo la relevancia del clero mexicano en el escenario eclesial, sino tambi\u00e9n el legado del Papa Francisco de abrir las puertas de la Iglesia a regiones hist\u00f3ricamente subrepresentadas.<\/p>\n","protected":false},"excerpt":{"rendered":"<p>El Vaticano.- El Papa Francisco falleci\u00f3 el 21 de abril de 2025 a los 88 a\u00f1os en su residencia de la Casa Santa Marta, en el Vaticano. Su pontificado dej\u00f3 un profundo legado de apertura, inclusi\u00f3n y un esfuerzo sostenido por construir una Iglesia verdaderamente universal, con representaci\u00f3n m\u00e1s all\u00e1 del tradicional enfoque europeo. Esta visi\u00f3n se ver\u00e1 reflejada en el pr\u00f3ximo c\u00f3nclave, donde 135 cardenales electores se reunir\u00e1n para elegir al nuevo l\u00edder de la Iglesia Cat\u00f3lica. Entre ellos, destacan dos cardenales mexicanos con derecho a voto: Carlos Aguiar Retes, arzobispo primado de M\u00e9xico, y Francisco Robles Ortega, arzobispo [&hellip;]<\/p>\n","protected":false},"author":2,"featured_media":163893,"comment_status":"closed","ping_status":"closed","sticky":false,"template":"","format":"standard","meta":{"_monsterinsights_skip_tracking":false,"_monsterinsights_sitenote_active":false,"_monsterinsights_sitenote_note":"","_monsterinsights_sitenote_category":0,"footnotes":""},"categories":[46],"tags":[],"class_list":["post-163892","post","type-post","status-publish","format-standard","has-post-thumbnail","hentry","category-nacional","post--single"],"yoast_head":"<!-- This site is optimized with the Yoast SEO plugin v27.5 - https:\/\/yoast.com\/product\/yoast-seo-wordpress\/ -->\n<title>Dos cardenales mexicanos votar\u00e1n en el c\u00f3nclave para elegir al nuevo Papa - Canal 7 SLP - 2025<\/title>\n<meta name=\"robots\" content=\"index, follow, max-snippet:-1, max-image-preview:large, max-video-preview:-1\" \/>\n<link rel=\"canonical\" href=\"https:\/\/canal7slp.tv\/2025\/dos-cardenales-mexicanos-votaran-en-el-conclave-para-elegir-al-nuevo-papa\/\" \/>\n<meta property=\"og:locale\" content=\"es_ES\" \/>\n<meta property=\"og:type\" content=\"article\" \/>\n<meta property=\"og:title\" content=\"Dos cardenales mexicanos votar\u00e1n en el c\u00f3nclave para elegir al nuevo Papa - Canal 7 SLP - 2025\" \/>\n<meta property=\"og:description\" content=\"El Vaticano.- El Papa Francisco falleci\u00f3 el 21 de abril de 2025 a los 88 a\u00f1os en su residencia de la Casa Santa Marta, en el Vaticano. Su pontificado dej\u00f3 un profundo legado de apertura, inclusi\u00f3n y un esfuerzo sostenido por construir una Iglesia verdaderamente universal, con representaci\u00f3n m\u00e1s all\u00e1 del tradicional enfoque europeo. Esta visi\u00f3n se ver\u00e1 reflejada en el pr\u00f3ximo c\u00f3nclave, donde 135 cardenales electores se reunir\u00e1n para elegir al nuevo l\u00edder de la Iglesia Cat\u00f3lica. Entre ellos, destacan dos cardenales mexicanos con derecho a voto: Carlos Aguiar Retes, arzobispo primado de M\u00e9xico, y Francisco Robles Ortega, arzobispo [&hellip;]\" \/>\n<meta property=\"og:url\" content=\"https:\/\/canal7slp.tv\/2025\/dos-cardenales-mexicanos-votaran-en-el-conclave-para-elegir-al-nuevo-papa\/\" \/>\n<meta property=\"og:site_name\" content=\"Canal 7 SLP - 2025\" \/>\n<meta property=\"article:publisher\" content=\"https:\/\/www.facebook.com\/noticieroscanal7atencionciudadana\/\" \/>\n<meta property=\"article:published_time\" content=\"2025-04-21T20:48:53+00:00\" \/>\n<meta property=\"og:image\" content=\"https:\/\/canal7slp.tv\/2025\/wp-content\/uploads\/2025\/04\/06-20.jpg\" \/>\n\t<meta property=\"og:image:width\" content=\"888\" \/>\n\t<meta property=\"og:image:height\" content=\"500\" \/>\n\t<meta property=\"og:image:type\" content=\"image\/jpeg\" \/>\n<meta name=\"author\" content=\"Edici\u00f3n Web\" \/>\n<meta name=\"twitter:card\" content=\"summary_large_image\" \/>\n<meta name=\"twitter:creator\" content=\"@NOTICIEROS7\" \/>\n<meta name=\"twitter:site\" content=\"@NOTICIEROS7\" \/>\n<meta name=\"twitter:label1\" content=\"Escrito por\" \/>\n\t<meta name=\"twitter:data1\" content=\"Edici\u00f3n Web\" \/>\n\t<meta name=\"twitter:label2\" content=\"Tiempo de lectura\" \/>\n\t<meta name=\"twitter:data2\" content=\"2 minutos\" \/>\n<script type=\"application\/ld+json\" class=\"yoast-schema-graph\">{\"@context\":\"https:\\\/\\\/schema.org\",\"@graph\":[{\"@type\":\"Article\",\"@id\":\"https:\\\/\\\/canal7slp.tv\\\/2025\\\/dos-cardenales-mexicanos-votaran-en-el-conclave-para-elegir-al-nuevo-papa\\\/#article\",\"isPartOf\":{\"@id\":\"https:\\\/\\\/canal7slp.tv\\\/2025\\\/dos-cardenales-mexicanos-votaran-en-el-conclave-para-elegir-al-nuevo-papa\\\/\"},\"author\":{\"name\":\"Edici\u00f3n Web\",\"@id\":\"https:\\\/\\\/canal7slp.tv\\\/2025\\\/#\\\/schema\\\/person\\\/271e2b60a96e7cc9d9ac296f4d7e414b\"},\"headline\":\"Dos cardenales mexicanos votar\u00e1n en el c\u00f3nclave para elegir al nuevo Papa\",\"datePublished\":\"2025-04-21T20:48:53+00:00\",\"mainEntityOfPage\":{\"@id\":\"https:\\\/\\\/canal7slp.tv\\\/2025\\\/dos-cardenales-mexicanos-votaran-en-el-conclave-para-elegir-al-nuevo-papa\\\/\"},\"wordCount\":319,\"publisher\":{\"@id\":\"https:\\\/\\\/canal7slp.tv\\\/2025\\\/#organization\"},\"image\":{\"@id\":\"https:\\\/\\\/canal7slp.tv\\\/2025\\\/dos-cardenales-mexicanos-votaran-en-el-conclave-para-elegir-al-nuevo-papa\\\/#primaryimage\"},\"thumbnailUrl\":\"https:\\\/\\\/canal7slp.tv\\\/2025\\\/wp-content\\\/uploads\\\/2025\\\/04\\\/06-20.jpg\",\"articleSection\":[\"NACIONALES\"],\"inLanguage\":\"es\"},{\"@type\":\"WebPage\",\"@id\":\"https:\\\/\\\/canal7slp.tv\\\/2025\\\/dos-cardenales-mexicanos-votaran-en-el-conclave-para-elegir-al-nuevo-papa\\\/\",\"url\":\"https:\\\/\\\/canal7slp.tv\\\/2025\\\/dos-cardenales-mexicanos-votaran-en-el-conclave-para-elegir-al-nuevo-papa\\\/\",\"name\":\"Dos cardenales mexicanos votar\u00e1n en el c\u00f3nclave para elegir al nuevo Papa - Canal 7 SLP - 2025\",\"isPartOf\":{\"@id\":\"https:\\\/\\\/canal7slp.tv\\\/2025\\\/#website\"},\"primaryImageOfPage\":{\"@id\":\"https:\\\/\\\/canal7slp.tv\\\/2025\\\/dos-cardenales-mexicanos-votaran-en-el-conclave-para-elegir-al-nuevo-papa\\\/#primaryimage\"},\"image\":{\"@id\":\"https:\\\/\\\/canal7slp.tv\\\/2025\\\/dos-cardenales-mexicanos-votaran-en-el-conclave-para-elegir-al-nuevo-papa\\\/#primaryimage\"},\"thumbnailUrl\":\"https:\\\/\\\/canal7slp.tv\\\/2025\\\/wp-content\\\/uploads\\\/2025\\\/04\\\/06-20.jpg\",\"datePublished\":\"2025-04-21T20:48:53+00:00\",\"breadcrumb\":{\"@id\":\"https:\\\/\\\/canal7slp.tv\\\/2025\\\/dos-cardenales-mexicanos-votaran-en-el-conclave-para-elegir-al-nuevo-papa\\\/#breadcrumb\"},\"inLanguage\":\"es\",\"potentialAction\":[{\"@type\":\"ReadAction\",\"target\":[\"https:\\\/\\\/canal7slp.tv\\\/2025\\\/dos-cardenales-mexicanos-votaran-en-el-conclave-para-elegir-al-nuevo-papa\\\/\"]}]},{\"@type\":\"ImageObject\",\"inLanguage\":\"es\",\"@id\":\"https:\\\/\\\/canal7slp.tv\\\/2025\\\/dos-cardenales-mexicanos-votaran-en-el-conclave-para-elegir-al-nuevo-papa\\\/#primaryimage\",\"url\":\"https:\\\/\\\/canal7slp.tv\\\/2025\\\/wp-content\\\/uploads\\\/2025\\\/04\\\/06-20.jpg\",\"contentUrl\":\"https:\\\/\\\/canal7slp.tv\\\/2025\\\/wp-content\\\/uploads\\\/2025\\\/04\\\/06-20.jpg\",\"width\":888,\"height\":500},{\"@type\":\"BreadcrumbList\",\"@id\":\"https:\\\/\\\/canal7slp.tv\\\/2025\\\/dos-cardenales-mexicanos-votaran-en-el-conclave-para-elegir-al-nuevo-papa\\\/#breadcrumb\",\"itemListElement\":[{\"@type\":\"ListItem\",\"position\":1,\"name\":\"Portada\",\"item\":\"https:\\\/\\\/canal7slp.tv\\\/2025\\\/\"},{\"@type\":\"ListItem\",\"position\":2,\"name\":\"Dos cardenales mexicanos votar\u00e1n en el c\u00f3nclave para elegir al nuevo Papa\"}]},{\"@type\":\"WebSite\",\"@id\":\"https:\\\/\\\/canal7slp.tv\\\/2025\\\/#website\",\"url\":\"https:\\\/\\\/canal7slp.tv\\\/2025\\\/\",\"name\":\"N7 - Noticieros Canal 7\",\"description\":\"Somos el Medio\",\"publisher\":{\"@id\":\"https:\\\/\\\/canal7slp.tv\\\/2025\\\/#organization\"},\"potentialAction\":[{\"@type\":\"SearchAction\",\"target\":{\"@type\":\"EntryPoint\",\"urlTemplate\":\"https:\\\/\\\/canal7slp.tv\\\/2025\\\/?s={search_term_string}\"},\"query-input\":{\"@type\":\"PropertyValueSpecification\",\"valueRequired\":true,\"valueName\":\"search_term_string\"}}],\"inLanguage\":\"es\"},{\"@type\":\"Organization\",\"@id\":\"https:\\\/\\\/canal7slp.tv\\\/2025\\\/#organization\",\"name\":\"Noticieros Canal 7\",\"url\":\"https:\\\/\\\/canal7slp.tv\\\/2025\\\/\",\"logo\":{\"@type\":\"ImageObject\",\"inLanguage\":\"es\",\"@id\":\"https:\\\/\\\/canal7slp.tv\\\/2025\\\/#\\\/schema\\\/logo\\\/image\\\/\",\"url\":\"https:\\\/\\\/canal7slp.tv\\\/2025\\\/wp-content\\\/uploads\\\/2021\\\/01\\\/logo-noticieros@2x.png\",\"contentUrl\":\"https:\\\/\\\/canal7slp.tv\\\/2025\\\/wp-content\\\/uploads\\\/2021\\\/01\\\/logo-noticieros@2x.png\",\"width\":1017,\"height\":268,\"caption\":\"Noticieros Canal 7\"},\"image\":{\"@id\":\"https:\\\/\\\/canal7slp.tv\\\/2025\\\/#\\\/schema\\\/logo\\\/image\\\/\"},\"sameAs\":[\"https:\\\/\\\/www.facebook.com\\\/noticieroscanal7atencionciudadana\\\/\",\"https:\\\/\\\/x.com\\\/NOTICIEROS7\",\"https:\\\/\\\/www.instagram.com\\\/canal7_slp\",\"https:\\\/\\\/www.youtube.com\\\/channel\\\/UCliiYs-gP3JfJeqdPrNdd5A\"]},{\"@type\":\"Person\",\"@id\":\"https:\\\/\\\/canal7slp.tv\\\/2025\\\/#\\\/schema\\\/person\\\/271e2b60a96e7cc9d9ac296f4d7e414b\",\"name\":\"Edici\u00f3n Web\",\"image\":{\"@type\":\"ImageObject\",\"inLanguage\":\"es\",\"@id\":\"https:\\\/\\\/secure.gravatar.com\\\/avatar\\\/eee448fc3f7164808013b816ba91ac7e43bbe82a70bebac296f8bc6f0addaa1a?s=96&d=mm&r=g\",\"url\":\"https:\\\/\\\/secure.gravatar.com\\\/avatar\\\/eee448fc3f7164808013b816ba91ac7e43bbe82a70bebac296f8bc6f0addaa1a?s=96&d=mm&r=g\",\"contentUrl\":\"https:\\\/\\\/secure.gravatar.com\\\/avatar\\\/eee448fc3f7164808013b816ba91ac7e43bbe82a70bebac296f8bc6f0addaa1a?s=96&d=mm&r=g\",\"caption\":\"Edici\u00f3n Web\"},\"url\":\"https:\\\/\\\/canal7slp.tv\\\/2025\\\/author\\\/edicionweb\\\/\"}]}<\/script>\n<!-- \/ Yoast SEO plugin. -->","yoast_head_json":{"title":"Dos cardenales mexicanos votar\u00e1n en el c\u00f3nclave para elegir al nuevo Papa - Canal 7 SLP - 2025","robots":{"index":"index","follow":"follow","max-snippet":"max-snippet:-1","max-image-preview":"max-image-preview:large","max-video-preview":"max-video-preview:-1"},"canonical":"https:\/\/canal7slp.tv\/2025\/dos-cardenales-mexicanos-votaran-en-el-conclave-para-elegir-al-nuevo-papa\/","og_locale":"es_ES","og_type":"article","og_title":"Dos cardenales mexicanos votar\u00e1n en el c\u00f3nclave para elegir al nuevo Papa - Canal 7 SLP - 2025","og_description":"El Vaticano.- El Papa Francisco falleci\u00f3 el 21 de abril de 2025 a los 88 a\u00f1os en su residencia de la Casa Santa Marta, en el Vaticano. Su pontificado dej\u00f3 un profundo legado de apertura, inclusi\u00f3n y un esfuerzo sostenido por construir una Iglesia verdaderamente universal, con representaci\u00f3n m\u00e1s all\u00e1 del tradicional enfoque europeo. Esta visi\u00f3n se ver\u00e1 reflejada en el pr\u00f3ximo c\u00f3nclave, donde 135 cardenales electores se reunir\u00e1n para elegir al nuevo l\u00edder de la Iglesia Cat\u00f3lica. Entre ellos, destacan dos cardenales mexicanos con derecho a voto: Carlos Aguiar Retes, arzobispo primado de M\u00e9xico, y Francisco Robles Ortega, arzobispo [&hellip;]","og_url":"https:\/\/canal7slp.tv\/2025\/dos-cardenales-mexicanos-votaran-en-el-conclave-para-elegir-al-nuevo-papa\/","og_site_name":"Canal 7 SLP - 2025","article_publisher":"https:\/\/www.facebook.com\/noticieroscanal7atencionciudadana\/","article_published_time":"2025-04-21T20:48:53+00:00","og_image":[{"width":888,"height":500,"url":"https:\/\/canal7slp.tv\/2025\/wp-content\/uploads\/2025\/04\/06-20.jpg","type":"image\/jpeg"}],"author":"Edici\u00f3n Web","twitter_card":"summary_large_image","twitter_creator":"@NOTICIEROS7","twitter_site":"@NOTICIEROS7","twitter_misc":{"Escrito por":"Edici\u00f3n Web","Tiempo de lectura":"2 minutos"},"schema":{"@context":"https:\/\/schema.org","@graph":[{"@type":"Article","@id":"https:\/\/canal7slp.tv\/2025\/dos-cardenales-mexicanos-votaran-en-el-conclave-para-elegir-al-nuevo-papa\/#article","isPartOf":{"@id":"https:\/\/canal7slp.tv\/2025\/dos-cardenales-mexicanos-votaran-en-el-conclave-para-elegir-al-nuevo-papa\/"},"author":{"name":"Edici\u00f3n Web","@id":"https:\/\/canal7slp.tv\/2025\/#\/schema\/person\/271e2b60a96e7cc9d9ac296f4d7e414b"},"headline":"Dos cardenales mexicanos votar\u00e1n en el c\u00f3nclave para elegir al nuevo Papa","datePublished":"2025-04-21T20:48:53+00:00","mainEntityOfPage":{"@id":"https:\/\/canal7slp.tv\/2025\/dos-cardenales-mexicanos-votaran-en-el-conclave-para-elegir-al-nuevo-papa\/"},"wordCount":319,"publisher":{"@id":"https:\/\/canal7slp.tv\/2025\/#organization"},"image":{"@id":"https:\/\/canal7slp.tv\/2025\/dos-cardenales-mexicanos-votaran-en-el-conclave-para-elegir-al-nuevo-papa\/#primaryimage"},"thumbnailUrl":"https:\/\/canal7slp.tv\/2025\/wp-content\/uploads\/2025\/04\/06-20.jpg","articleSection":["NACIONALES"],"inLanguage":"es"},{"@type":"WebPage","@id":"https:\/\/canal7slp.tv\/2025\/dos-cardenales-mexicanos-votaran-en-el-conclave-para-elegir-al-nuevo-papa\/","url":"https:\/\/canal7slp.tv\/2025\/dos-cardenales-mexicanos-votaran-en-el-conclave-para-elegir-al-nuevo-papa\/","name":"Dos cardenales mexicanos votar\u00e1n en el c\u00f3nclave para elegir al nuevo Papa - Canal 7 SLP - 2025","isPartOf":{"@id":"https:\/\/canal7slp.tv\/2025\/#website"},"primaryImageOfPage":{"@id":"https:\/\/canal7slp.tv\/2025\/dos-cardenales-mexicanos-votaran-en-el-conclave-para-elegir-al-nuevo-papa\/#primaryimage"},"image":{"@id":"https:\/\/canal7slp.tv\/2025\/dos-cardenales-mexicanos-votaran-en-el-conclave-para-elegir-al-nuevo-papa\/#primaryimage"},"thumbnailUrl":"https:\/\/canal7slp.tv\/2025\/wp-content\/uploads\/2025\/04\/06-20.jpg","datePublished":"2025-04-21T20:48:53+00:00","breadcrumb":{"@id":"https:\/\/canal7slp.tv\/2025\/dos-cardenales-mexicanos-votaran-en-el-conclave-para-elegir-al-nuevo-papa\/#breadcrumb"},"inLanguage":"es","potentialAction":[{"@type":"ReadAction","target":["https:\/\/canal7slp.tv\/2025\/dos-cardenales-mexicanos-votaran-en-el-conclave-para-elegir-al-nuevo-papa\/"]}]},{"@type":"ImageObject","inLanguage":"es","@id":"https:\/\/canal7slp.tv\/2025\/dos-cardenales-mexicanos-votaran-en-el-conclave-para-elegir-al-nuevo-papa\/#primaryimage","url":"https:\/\/canal7slp.tv\/2025\/wp-content\/uploads\/2025\/04\/06-20.jpg","contentUrl":"https:\/\/canal7slp.tv\/2025\/wp-content\/uploads\/2025\/04\/06-20.jpg","width":888,"height":500},{"@type":"BreadcrumbList","@id":"https:\/\/canal7slp.tv\/2025\/dos-cardenales-mexicanos-votaran-en-el-conclave-para-elegir-al-nuevo-papa\/#breadcrumb","itemListElement":[{"@type":"ListItem","position":1,"name":"Portada","item":"https:\/\/canal7slp.tv\/2025\/"},{"@type":"ListItem","position":2,"name":"Dos cardenales mexicanos votar\u00e1n en el c\u00f3nclave para elegir al nuevo Papa"}]},{"@type":"WebSite","@id":"https:\/\/canal7slp.tv\/2025\/#website","url":"https:\/\/canal7slp.tv\/2025\/","name":"N7 - Noticieros Canal 7","description":"Somos el Medio","publisher":{"@id":"https:\/\/canal7slp.tv\/2025\/#organization"},"potentialAction":[{"@type":"SearchAction","target":{"@type":"EntryPoint","urlTemplate":"https:\/\/canal7slp.tv\/2025\/?s={search_term_string}"},"query-input":{"@type":"PropertyValueSpecification","valueRequired":true,"valueName":"search_term_string"}}],"inLanguage":"es"},{"@type":"Organization","@id":"https:\/\/canal7slp.tv\/2025\/#organization","name":"Noticieros Canal 7","url":"https:\/\/canal7slp.tv\/2025\/","logo":{"@type":"ImageObject","inLanguage":"es","@id":"https:\/\/canal7slp.tv\/2025\/#\/schema\/logo\/image\/","url":"https:\/\/canal7slp.tv\/2025\/wp-content\/uploads\/2021\/01\/logo-noticieros@2x.png","contentUrl":"https:\/\/canal7slp.tv\/2025\/wp-content\/uploads\/2021\/01\/logo-noticieros@2x.png","width":1017,"height":268,"caption":"Noticieros Canal 7"},"image":{"@id":"https:\/\/canal7slp.tv\/2025\/#\/schema\/logo\/image\/"},"sameAs":["https:\/\/www.facebook.com\/noticieroscanal7atencionciudadana\/","https:\/\/x.com\/NOTICIEROS7","https:\/\/www.instagram.com\/canal7_slp","https:\/\/www.youtube.com\/channel\/UCliiYs-gP3JfJeqdPrNdd5A"]},{"@type":"Person","@id":"https:\/\/canal7slp.tv\/2025\/#\/schema\/person\/271e2b60a96e7cc9d9ac296f4d7e414b","name":"Edici\u00f3n Web","image":{"@type":"ImageObject","inLanguage":"es","@id":"https:\/\/secure.gravatar.com\/avatar\/eee448fc3f7164808013b816ba91ac7e43bbe82a70bebac296f8bc6f0addaa1a?s=96&d=mm&r=g","url":"https:\/\/secure.gravatar.com\/avatar\/eee448fc3f7164808013b816ba91ac7e43bbe82a70bebac296f8bc6f0addaa1a?s=96&d=mm&r=g","contentUrl":"https:\/\/secure.gravatar.com\/avatar\/eee448fc3f7164808013b816ba91ac7e43bbe82a70bebac296f8bc6f0addaa1a?s=96&d=mm&r=g","caption":"Edici\u00f3n Web"},"url":"https:\/\/canal7slp.tv\/2025\/author\/edicionweb\/"}]}},"_links":{"self":[{"href":"https:\/\/canal7slp.tv\/2025\/wp-json\/wp\/v2\/posts\/163892","targetHints":{"allow":["GET"]}}],"collection":[{"href":"https:\/\/canal7slp.tv\/2025\/wp-json\/wp\/v2\/posts"}],"about":[{"href":"https:\/\/canal7slp.tv\/2025\/wp-json\/wp\/v2\/types\/post"}],"author":[{"embeddable":true,"href":"https:\/\/canal7slp.tv\/2025\/wp-json\/wp\/v2\/users\/2"}],"replies":[{"embeddable":true,"href":"https:\/\/canal7slp.tv\/2025\/wp-json\/wp\/v2\/comments?post=163892"}],"version-history":[{"count":1,"href":"https:\/\/canal7slp.tv\/2025\/wp-json\/wp\/v2\/posts\/163892\/revisions"}],"predecessor-version":[{"id":163894,"href":"https:\/\/canal7slp.tv\/2025\/wp-json\/wp\/v2\/posts\/163892\/revisions\/163894"}],"wp:featuredmedia":[{"embeddable":true,"href":"https:\/\/canal7slp.tv\/2025\/wp-json\/wp\/v2\/media\/163893"}],"wp:attachment":[{"href":"https:\/\/canal7slp.tv\/2025\/wp-json\/wp\/v2\/media?parent=163892"}],"wp:term":[{"taxonomy":"category","embeddable":true,"href":"https:\/\/canal7slp.tv\/2025\/wp-json\/wp\/v2\/categories?post=163892"},{"taxonomy":"post_tag","embeddable":true,"href":"https:\/\/canal7slp.tv\/2025\/wp-json\/wp\/v2\/tags?post=163892"}],"curies":[{"name":"wp","href":"https:\/\/api.w.org\/{rel}","templated":true}]}}