{"id":163541,"date":"2025-04-16T19:58:24","date_gmt":"2025-04-17T01:58:24","guid":{"rendered":"https:\/\/canal7slp.tv\/2025\/?p=163541"},"modified":"2025-12-10T08:48:53","modified_gmt":"2025-12-10T14:48:53","slug":"ordenara-el-papa-a-tres-sacerdotes-potosinos","status":"publish","type":"post","link":"https:\/\/canal7slp.tv\/2025\/ordenara-el-papa-a-tres-sacerdotes-potosinos\/","title":{"rendered":"Ordenar\u00e1 el Papa a tres sacerdotes potosinos"},"content":{"rendered":"<p style=\"text-align: justify;\"><span style=\"font-size: 1.21429rem;\">SLP.- En una ceremonia religiosa en la Bas\u00edlica de San Pedro en Roma el pr\u00f3ximo 27 de Junio el Papa Francisco ordenar\u00e1 a tres sacerdotes potosinos y otro m\u00e1s de Linares Nuevo Le\u00f3n.<\/span><\/p>\n<p style=\"text-align: justify;\">As\u00ed lo confirm\u00f3 el Arzobispo de San Luis Potosi Jorge Alberto Cavazos Arizpe luego de que el secretario canciller de la Arquidi\u00f3cesis Antonio Mart\u00ednez Ortiz, hiciera el anuncio durante la Misa Crismal.<\/p>\n<p style=\"text-align: justify;\">El Arzobispo de San Luis Potosi explic\u00f3 que el Dicasterio de la Evangelizaci\u00f3n pidi\u00f3 4 di\u00e1conos por pa\u00eds y en el caso de M\u00e9xico, fueron cuatro los electos: tres de San Luis Potos\u00ed y uno m\u00e1s de Linares, Nuevo Le\u00f3n.<\/p>\n<p style=\"text-align: justify;\">Junto al Arzobsipo los tres sacerdotes se presentaron, uno de ellos de origen haitiano, pero radicado desde hace nueve a\u00f1os en San Luis Potos\u00ed.<\/p>\n<p style=\"text-align: justify;\">El Arzobispo Jorge Alberto Cavazos Arizpe afirm\u00f3 la ordenaci\u00f3n de \u00e9stos tres di\u00e1conos como sacerdotes es un reconocimiento y un regalo a la feligres\u00eda potosina<\/p>\n<p>Por: Claudio Ibarra<\/p>\n","protected":false},"excerpt":{"rendered":"<p>SLP.- En una ceremonia religiosa en la Bas\u00edlica de San Pedro en Roma el pr\u00f3ximo 27 de Junio el Papa Francisco ordenar\u00e1 a tres sacerdotes potosinos y otro m\u00e1s de Linares Nuevo Le\u00f3n. As\u00ed lo confirm\u00f3 el Arzobispo de San Luis Potosi Jorge Alberto Cavazos Arizpe luego de que el secretario canciller de la Arquidi\u00f3cesis Antonio Mart\u00ednez Ortiz, hiciera el anuncio durante la Misa Crismal. El Arzobispo de San Luis Potosi explic\u00f3 que el Dicasterio de la Evangelizaci\u00f3n pidi\u00f3 4 di\u00e1conos por pa\u00eds y en el caso de M\u00e9xico, fueron cuatro los electos: tres de San Luis Potos\u00ed y uno [&hellip;]<\/p>\n","protected":false},"author":2,"featured_media":163547,"comment_status":"closed","ping_status":"closed","sticky":false,"template":"","format":"video","meta":{"_monsterinsights_skip_tracking":false,"_monsterinsights_sitenote_active":false,"_monsterinsights_sitenote_note":"","_monsterinsights_sitenote_category":0,"footnotes":""},"categories":[5,519,45],"tags":[],"class_list":["post-163541","post","type-post","status-publish","format-video","has-post-thumbnail","hentry","category-destacadas","category-iglesia","category-localesyregionales","post_format-post-format-video","post--single"],"yoast_head":"<!-- This site is optimized with the Yoast SEO plugin v27.4 - https:\/\/yoast.com\/product\/yoast-seo-wordpress\/ -->\n<title>Ordenar\u00e1 el Papa a tres sacerdotes potosinos - Canal 7 SLP - 2025<\/title>\n<meta name=\"robots\" content=\"index, follow, max-snippet:-1, max-image-preview:large, max-video-preview:-1\" \/>\n<link rel=\"canonical\" href=\"https:\/\/canal7slp.tv\/2025\/ordenara-el-papa-a-tres-sacerdotes-potosinos\/\" \/>\n<meta property=\"og:locale\" content=\"es_ES\" \/>\n<meta property=\"og:type\" content=\"article\" \/>\n<meta property=\"og:title\" content=\"Ordenar\u00e1 el Papa a tres sacerdotes potosinos - Canal 7 SLP - 2025\" \/>\n<meta property=\"og:description\" content=\"SLP.- En una ceremonia religiosa en la Bas\u00edlica de San Pedro en Roma el pr\u00f3ximo 27 de Junio el Papa Francisco ordenar\u00e1 a tres sacerdotes potosinos y otro m\u00e1s de Linares Nuevo Le\u00f3n. As\u00ed lo confirm\u00f3 el Arzobispo de San Luis Potosi Jorge Alberto Cavazos Arizpe luego de que el secretario canciller de la Arquidi\u00f3cesis Antonio Mart\u00ednez Ortiz, hiciera el anuncio durante la Misa Crismal. El Arzobispo de San Luis Potosi explic\u00f3 que el Dicasterio de la Evangelizaci\u00f3n pidi\u00f3 4 di\u00e1conos por pa\u00eds y en el caso de M\u00e9xico, fueron cuatro los electos: tres de San Luis Potos\u00ed y uno [&hellip;]\" \/>\n<meta property=\"og:url\" content=\"https:\/\/canal7slp.tv\/2025\/ordenara-el-papa-a-tres-sacerdotes-potosinos\/\" \/>\n<meta property=\"og:site_name\" content=\"Canal 7 SLP - 2025\" \/>\n<meta property=\"article:publisher\" content=\"https:\/\/www.facebook.com\/noticieroscanal7atencionciudadana\/\" \/>\n<meta property=\"article:published_time\" content=\"2025-04-17T01:58:24+00:00\" \/>\n<meta property=\"article:modified_time\" content=\"2025-12-10T14:48:53+00:00\" \/>\n<meta property=\"og:image\" content=\"https:\/\/canal7slp.tv\/2025\/wp-content\/uploads\/2025\/04\/Claudio0Ordnaciones.jpg\" \/>\n\t<meta property=\"og:image:width\" content=\"1280\" \/>\n\t<meta property=\"og:image:height\" content=\"720\" \/>\n\t<meta property=\"og:image:type\" content=\"image\/jpeg\" \/>\n<meta name=\"author\" content=\"Edici\u00f3n Web\" \/>\n<meta name=\"twitter:card\" content=\"summary_large_image\" \/>\n<meta name=\"twitter:creator\" content=\"@NOTICIEROS7\" \/>\n<meta name=\"twitter:site\" content=\"@NOTICIEROS7\" \/>\n<meta name=\"twitter:label1\" content=\"Escrito por\" \/>\n\t<meta name=\"twitter:data1\" content=\"Edici\u00f3n Web\" \/>\n\t<meta name=\"twitter:label2\" content=\"Tiempo de lectura\" \/>\n\t<meta name=\"twitter:data2\" content=\"1 minuto\" \/>\n<script type=\"application\/ld+json\" class=\"yoast-schema-graph\">{\"@context\":\"https:\\\/\\\/schema.org\",\"@graph\":[{\"@type\":\"Article\",\"@id\":\"https:\\\/\\\/canal7slp.tv\\\/2025\\\/ordenara-el-papa-a-tres-sacerdotes-potosinos\\\/#article\",\"isPartOf\":{\"@id\":\"https:\\\/\\\/canal7slp.tv\\\/2025\\\/ordenara-el-papa-a-tres-sacerdotes-potosinos\\\/\"},\"author\":{\"name\":\"Edici\u00f3n Web\",\"@id\":\"https:\\\/\\\/canal7slp.tv\\\/2025\\\/#\\\/schema\\\/person\\\/271e2b60a96e7cc9d9ac296f4d7e414b\"},\"headline\":\"Ordenar\u00e1 el Papa a tres sacerdotes potosinos\",\"datePublished\":\"2025-04-17T01:58:24+00:00\",\"dateModified\":\"2025-12-10T14:48:53+00:00\",\"mainEntityOfPage\":{\"@id\":\"https:\\\/\\\/canal7slp.tv\\\/2025\\\/ordenara-el-papa-a-tres-sacerdotes-potosinos\\\/\"},\"wordCount\":179,\"publisher\":{\"@id\":\"https:\\\/\\\/canal7slp.tv\\\/2025\\\/#organization\"},\"image\":{\"@id\":\"https:\\\/\\\/canal7slp.tv\\\/2025\\\/ordenara-el-papa-a-tres-sacerdotes-potosinos\\\/#primaryimage\"},\"thumbnailUrl\":\"https:\\\/\\\/canal7slp.tv\\\/2025\\\/wp-content\\\/uploads\\\/2025\\\/04\\\/Claudio0Ordnaciones.jpg\",\"articleSection\":[\"DESTACADAS\",\"Iglesia\",\"LOCALES Y REGIONALES\"],\"inLanguage\":\"es\"},{\"@type\":\"WebPage\",\"@id\":\"https:\\\/\\\/canal7slp.tv\\\/2025\\\/ordenara-el-papa-a-tres-sacerdotes-potosinos\\\/\",\"url\":\"https:\\\/\\\/canal7slp.tv\\\/2025\\\/ordenara-el-papa-a-tres-sacerdotes-potosinos\\\/\",\"name\":\"Ordenar\u00e1 el Papa a tres sacerdotes potosinos - Canal 7 SLP - 2025\",\"isPartOf\":{\"@id\":\"https:\\\/\\\/canal7slp.tv\\\/2025\\\/#website\"},\"primaryImageOfPage\":{\"@id\":\"https:\\\/\\\/canal7slp.tv\\\/2025\\\/ordenara-el-papa-a-tres-sacerdotes-potosinos\\\/#primaryimage\"},\"image\":{\"@id\":\"https:\\\/\\\/canal7slp.tv\\\/2025\\\/ordenara-el-papa-a-tres-sacerdotes-potosinos\\\/#primaryimage\"},\"thumbnailUrl\":\"https:\\\/\\\/canal7slp.tv\\\/2025\\\/wp-content\\\/uploads\\\/2025\\\/04\\\/Claudio0Ordnaciones.jpg\",\"datePublished\":\"2025-04-17T01:58:24+00:00\",\"dateModified\":\"2025-12-10T14:48:53+00:00\",\"breadcrumb\":{\"@id\":\"https:\\\/\\\/canal7slp.tv\\\/2025\\\/ordenara-el-papa-a-tres-sacerdotes-potosinos\\\/#breadcrumb\"},\"inLanguage\":\"es\",\"potentialAction\":[{\"@type\":\"ReadAction\",\"target\":[\"https:\\\/\\\/canal7slp.tv\\\/2025\\\/ordenara-el-papa-a-tres-sacerdotes-potosinos\\\/\"]}]},{\"@type\":\"ImageObject\",\"inLanguage\":\"es\",\"@id\":\"https:\\\/\\\/canal7slp.tv\\\/2025\\\/ordenara-el-papa-a-tres-sacerdotes-potosinos\\\/#primaryimage\",\"url\":\"https:\\\/\\\/canal7slp.tv\\\/2025\\\/wp-content\\\/uploads\\\/2025\\\/04\\\/Claudio0Ordnaciones.jpg\",\"contentUrl\":\"https:\\\/\\\/canal7slp.tv\\\/2025\\\/wp-content\\\/uploads\\\/2025\\\/04\\\/Claudio0Ordnaciones.jpg\",\"width\":1280,\"height\":720},{\"@type\":\"BreadcrumbList\",\"@id\":\"https:\\\/\\\/canal7slp.tv\\\/2025\\\/ordenara-el-papa-a-tres-sacerdotes-potosinos\\\/#breadcrumb\",\"itemListElement\":[{\"@type\":\"ListItem\",\"position\":1,\"name\":\"Portada\",\"item\":\"https:\\\/\\\/canal7slp.tv\\\/2025\\\/\"},{\"@type\":\"ListItem\",\"position\":2,\"name\":\"Ordenar\u00e1 el Papa a tres sacerdotes potosinos\"}]},{\"@type\":\"WebSite\",\"@id\":\"https:\\\/\\\/canal7slp.tv\\\/2025\\\/#website\",\"url\":\"https:\\\/\\\/canal7slp.tv\\\/2025\\\/\",\"name\":\"N7 - Noticieros Canal 7\",\"description\":\"Somos el Medio\",\"publisher\":{\"@id\":\"https:\\\/\\\/canal7slp.tv\\\/2025\\\/#organization\"},\"potentialAction\":[{\"@type\":\"SearchAction\",\"target\":{\"@type\":\"EntryPoint\",\"urlTemplate\":\"https:\\\/\\\/canal7slp.tv\\\/2025\\\/?s={search_term_string}\"},\"query-input\":{\"@type\":\"PropertyValueSpecification\",\"valueRequired\":true,\"valueName\":\"search_term_string\"}}],\"inLanguage\":\"es\"},{\"@type\":\"Organization\",\"@id\":\"https:\\\/\\\/canal7slp.tv\\\/2025\\\/#organization\",\"name\":\"Noticieros Canal 7\",\"url\":\"https:\\\/\\\/canal7slp.tv\\\/2025\\\/\",\"logo\":{\"@type\":\"ImageObject\",\"inLanguage\":\"es\",\"@id\":\"https:\\\/\\\/canal7slp.tv\\\/2025\\\/#\\\/schema\\\/logo\\\/image\\\/\",\"url\":\"https:\\\/\\\/canal7slp.tv\\\/2025\\\/wp-content\\\/uploads\\\/2021\\\/01\\\/logo-noticieros@2x.png\",\"contentUrl\":\"https:\\\/\\\/canal7slp.tv\\\/2025\\\/wp-content\\\/uploads\\\/2021\\\/01\\\/logo-noticieros@2x.png\",\"width\":1017,\"height\":268,\"caption\":\"Noticieros Canal 7\"},\"image\":{\"@id\":\"https:\\\/\\\/canal7slp.tv\\\/2025\\\/#\\\/schema\\\/logo\\\/image\\\/\"},\"sameAs\":[\"https:\\\/\\\/www.facebook.com\\\/noticieroscanal7atencionciudadana\\\/\",\"https:\\\/\\\/x.com\\\/NOTICIEROS7\",\"https:\\\/\\\/www.instagram.com\\\/canal7_slp\",\"https:\\\/\\\/www.youtube.com\\\/channel\\\/UCliiYs-gP3JfJeqdPrNdd5A\"]},{\"@type\":\"Person\",\"@id\":\"https:\\\/\\\/canal7slp.tv\\\/2025\\\/#\\\/schema\\\/person\\\/271e2b60a96e7cc9d9ac296f4d7e414b\",\"name\":\"Edici\u00f3n Web\",\"image\":{\"@type\":\"ImageObject\",\"inLanguage\":\"es\",\"@id\":\"https:\\\/\\\/secure.gravatar.com\\\/avatar\\\/eee448fc3f7164808013b816ba91ac7e43bbe82a70bebac296f8bc6f0addaa1a?s=96&d=mm&r=g\",\"url\":\"https:\\\/\\\/secure.gravatar.com\\\/avatar\\\/eee448fc3f7164808013b816ba91ac7e43bbe82a70bebac296f8bc6f0addaa1a?s=96&d=mm&r=g\",\"contentUrl\":\"https:\\\/\\\/secure.gravatar.com\\\/avatar\\\/eee448fc3f7164808013b816ba91ac7e43bbe82a70bebac296f8bc6f0addaa1a?s=96&d=mm&r=g\",\"caption\":\"Edici\u00f3n Web\"},\"url\":\"https:\\\/\\\/canal7slp.tv\\\/2025\\\/author\\\/edicionweb\\\/\"}]}<\/script>\n<!-- \/ Yoast SEO plugin. -->","yoast_head_json":{"title":"Ordenar\u00e1 el Papa a tres sacerdotes potosinos - Canal 7 SLP - 2025","robots":{"index":"index","follow":"follow","max-snippet":"max-snippet:-1","max-image-preview":"max-image-preview:large","max-video-preview":"max-video-preview:-1"},"canonical":"https:\/\/canal7slp.tv\/2025\/ordenara-el-papa-a-tres-sacerdotes-potosinos\/","og_locale":"es_ES","og_type":"article","og_title":"Ordenar\u00e1 el Papa a tres sacerdotes potosinos - Canal 7 SLP - 2025","og_description":"SLP.- En una ceremonia religiosa en la Bas\u00edlica de San Pedro en Roma el pr\u00f3ximo 27 de Junio el Papa Francisco ordenar\u00e1 a tres sacerdotes potosinos y otro m\u00e1s de Linares Nuevo Le\u00f3n. As\u00ed lo confirm\u00f3 el Arzobispo de San Luis Potosi Jorge Alberto Cavazos Arizpe luego de que el secretario canciller de la Arquidi\u00f3cesis Antonio Mart\u00ednez Ortiz, hiciera el anuncio durante la Misa Crismal. El Arzobispo de San Luis Potosi explic\u00f3 que el Dicasterio de la Evangelizaci\u00f3n pidi\u00f3 4 di\u00e1conos por pa\u00eds y en el caso de M\u00e9xico, fueron cuatro los electos: tres de San Luis Potos\u00ed y uno [&hellip;]","og_url":"https:\/\/canal7slp.tv\/2025\/ordenara-el-papa-a-tres-sacerdotes-potosinos\/","og_site_name":"Canal 7 SLP - 2025","article_publisher":"https:\/\/www.facebook.com\/noticieroscanal7atencionciudadana\/","article_published_time":"2025-04-17T01:58:24+00:00","article_modified_time":"2025-12-10T14:48:53+00:00","og_image":[{"width":1280,"height":720,"url":"https:\/\/canal7slp.tv\/2025\/wp-content\/uploads\/2025\/04\/Claudio0Ordnaciones.jpg","type":"image\/jpeg"}],"author":"Edici\u00f3n Web","twitter_card":"summary_large_image","twitter_creator":"@NOTICIEROS7","twitter_site":"@NOTICIEROS7","twitter_misc":{"Escrito por":"Edici\u00f3n Web","Tiempo de lectura":"1 minuto"},"schema":{"@context":"https:\/\/schema.org","@graph":[{"@type":"Article","@id":"https:\/\/canal7slp.tv\/2025\/ordenara-el-papa-a-tres-sacerdotes-potosinos\/#article","isPartOf":{"@id":"https:\/\/canal7slp.tv\/2025\/ordenara-el-papa-a-tres-sacerdotes-potosinos\/"},"author":{"name":"Edici\u00f3n Web","@id":"https:\/\/canal7slp.tv\/2025\/#\/schema\/person\/271e2b60a96e7cc9d9ac296f4d7e414b"},"headline":"Ordenar\u00e1 el Papa a tres sacerdotes potosinos","datePublished":"2025-04-17T01:58:24+00:00","dateModified":"2025-12-10T14:48:53+00:00","mainEntityOfPage":{"@id":"https:\/\/canal7slp.tv\/2025\/ordenara-el-papa-a-tres-sacerdotes-potosinos\/"},"wordCount":179,"publisher":{"@id":"https:\/\/canal7slp.tv\/2025\/#organization"},"image":{"@id":"https:\/\/canal7slp.tv\/2025\/ordenara-el-papa-a-tres-sacerdotes-potosinos\/#primaryimage"},"thumbnailUrl":"https:\/\/canal7slp.tv\/2025\/wp-content\/uploads\/2025\/04\/Claudio0Ordnaciones.jpg","articleSection":["DESTACADAS","Iglesia","LOCALES Y REGIONALES"],"inLanguage":"es"},{"@type":"WebPage","@id":"https:\/\/canal7slp.tv\/2025\/ordenara-el-papa-a-tres-sacerdotes-potosinos\/","url":"https:\/\/canal7slp.tv\/2025\/ordenara-el-papa-a-tres-sacerdotes-potosinos\/","name":"Ordenar\u00e1 el Papa a tres sacerdotes potosinos - Canal 7 SLP - 2025","isPartOf":{"@id":"https:\/\/canal7slp.tv\/2025\/#website"},"primaryImageOfPage":{"@id":"https:\/\/canal7slp.tv\/2025\/ordenara-el-papa-a-tres-sacerdotes-potosinos\/#primaryimage"},"image":{"@id":"https:\/\/canal7slp.tv\/2025\/ordenara-el-papa-a-tres-sacerdotes-potosinos\/#primaryimage"},"thumbnailUrl":"https:\/\/canal7slp.tv\/2025\/wp-content\/uploads\/2025\/04\/Claudio0Ordnaciones.jpg","datePublished":"2025-04-17T01:58:24+00:00","dateModified":"2025-12-10T14:48:53+00:00","breadcrumb":{"@id":"https:\/\/canal7slp.tv\/2025\/ordenara-el-papa-a-tres-sacerdotes-potosinos\/#breadcrumb"},"inLanguage":"es","potentialAction":[{"@type":"ReadAction","target":["https:\/\/canal7slp.tv\/2025\/ordenara-el-papa-a-tres-sacerdotes-potosinos\/"]}]},{"@type":"ImageObject","inLanguage":"es","@id":"https:\/\/canal7slp.tv\/2025\/ordenara-el-papa-a-tres-sacerdotes-potosinos\/#primaryimage","url":"https:\/\/canal7slp.tv\/2025\/wp-content\/uploads\/2025\/04\/Claudio0Ordnaciones.jpg","contentUrl":"https:\/\/canal7slp.tv\/2025\/wp-content\/uploads\/2025\/04\/Claudio0Ordnaciones.jpg","width":1280,"height":720},{"@type":"BreadcrumbList","@id":"https:\/\/canal7slp.tv\/2025\/ordenara-el-papa-a-tres-sacerdotes-potosinos\/#breadcrumb","itemListElement":[{"@type":"ListItem","position":1,"name":"Portada","item":"https:\/\/canal7slp.tv\/2025\/"},{"@type":"ListItem","position":2,"name":"Ordenar\u00e1 el Papa a tres sacerdotes potosinos"}]},{"@type":"WebSite","@id":"https:\/\/canal7slp.tv\/2025\/#website","url":"https:\/\/canal7slp.tv\/2025\/","name":"N7 - Noticieros Canal 7","description":"Somos el Medio","publisher":{"@id":"https:\/\/canal7slp.tv\/2025\/#organization"},"potentialAction":[{"@type":"SearchAction","target":{"@type":"EntryPoint","urlTemplate":"https:\/\/canal7slp.tv\/2025\/?s={search_term_string}"},"query-input":{"@type":"PropertyValueSpecification","valueRequired":true,"valueName":"search_term_string"}}],"inLanguage":"es"},{"@type":"Organization","@id":"https:\/\/canal7slp.tv\/2025\/#organization","name":"Noticieros Canal 7","url":"https:\/\/canal7slp.tv\/2025\/","logo":{"@type":"ImageObject","inLanguage":"es","@id":"https:\/\/canal7slp.tv\/2025\/#\/schema\/logo\/image\/","url":"https:\/\/canal7slp.tv\/2025\/wp-content\/uploads\/2021\/01\/logo-noticieros@2x.png","contentUrl":"https:\/\/canal7slp.tv\/2025\/wp-content\/uploads\/2021\/01\/logo-noticieros@2x.png","width":1017,"height":268,"caption":"Noticieros Canal 7"},"image":{"@id":"https:\/\/canal7slp.tv\/2025\/#\/schema\/logo\/image\/"},"sameAs":["https:\/\/www.facebook.com\/noticieroscanal7atencionciudadana\/","https:\/\/x.com\/NOTICIEROS7","https:\/\/www.instagram.com\/canal7_slp","https:\/\/www.youtube.com\/channel\/UCliiYs-gP3JfJeqdPrNdd5A"]},{"@type":"Person","@id":"https:\/\/canal7slp.tv\/2025\/#\/schema\/person\/271e2b60a96e7cc9d9ac296f4d7e414b","name":"Edici\u00f3n Web","image":{"@type":"ImageObject","inLanguage":"es","@id":"https:\/\/secure.gravatar.com\/avatar\/eee448fc3f7164808013b816ba91ac7e43bbe82a70bebac296f8bc6f0addaa1a?s=96&d=mm&r=g","url":"https:\/\/secure.gravatar.com\/avatar\/eee448fc3f7164808013b816ba91ac7e43bbe82a70bebac296f8bc6f0addaa1a?s=96&d=mm&r=g","contentUrl":"https:\/\/secure.gravatar.com\/avatar\/eee448fc3f7164808013b816ba91ac7e43bbe82a70bebac296f8bc6f0addaa1a?s=96&d=mm&r=g","caption":"Edici\u00f3n Web"},"url":"https:\/\/canal7slp.tv\/2025\/author\/edicionweb\/"}]}},"_links":{"self":[{"href":"https:\/\/canal7slp.tv\/2025\/wp-json\/wp\/v2\/posts\/163541","targetHints":{"allow":["GET"]}}],"collection":[{"href":"https:\/\/canal7slp.tv\/2025\/wp-json\/wp\/v2\/posts"}],"about":[{"href":"https:\/\/canal7slp.tv\/2025\/wp-json\/wp\/v2\/types\/post"}],"author":[{"embeddable":true,"href":"https:\/\/canal7slp.tv\/2025\/wp-json\/wp\/v2\/users\/2"}],"replies":[{"embeddable":true,"href":"https:\/\/canal7slp.tv\/2025\/wp-json\/wp\/v2\/comments?post=163541"}],"version-history":[{"count":2,"href":"https:\/\/canal7slp.tv\/2025\/wp-json\/wp\/v2\/posts\/163541\/revisions"}],"predecessor-version":[{"id":163553,"href":"https:\/\/canal7slp.tv\/2025\/wp-json\/wp\/v2\/posts\/163541\/revisions\/163553"}],"wp:featuredmedia":[{"embeddable":true,"href":"https:\/\/canal7slp.tv\/2025\/wp-json\/wp\/v2\/media\/163547"}],"wp:attachment":[{"href":"https:\/\/canal7slp.tv\/2025\/wp-json\/wp\/v2\/media?parent=163541"}],"wp:term":[{"taxonomy":"category","embeddable":true,"href":"https:\/\/canal7slp.tv\/2025\/wp-json\/wp\/v2\/categories?post=163541"},{"taxonomy":"post_tag","embeddable":true,"href":"https:\/\/canal7slp.tv\/2025\/wp-json\/wp\/v2\/tags?post=163541"}],"curies":[{"name":"wp","href":"https:\/\/api.w.org\/{rel}","templated":true}]}}