{"id":163540,"date":"2025-04-16T19:57:46","date_gmt":"2025-04-17T01:57:46","guid":{"rendered":"https:\/\/canal7slp.tv\/2025\/?p=163540"},"modified":"2025-04-16T19:57:46","modified_gmt":"2025-04-17T01:57:46","slug":"preside-el-arzobispo-de-san-luis-potosi-la-misa-crismal-en-la-catedral-metropolitana","status":"publish","type":"post","link":"https:\/\/canal7slp.tv\/2025\/preside-el-arzobispo-de-san-luis-potosi-la-misa-crismal-en-la-catedral-metropolitana\/","title":{"rendered":"Preside el Arzobispo de San Luis Potos\u00ed la Misa Crismal en la Catedral Metropolitana"},"content":{"rendered":"<p style=\"text-align: justify;\"><span style=\"font-size: 1.21429rem;\">SLP.- Este mi\u00e9rcoles en la Catedral Metropolitana el Arzobispo de San Luis Potos\u00ed Jorge Alberto Cavazos Arizpe presidi\u00f3 la Misa Crismal, que es una celebraci\u00f3n lit\u00fargica en que se consagra el crisma \u00f3 los santos aceites para la administraci\u00f3n de algunos sacramentos, y se bendicen tambi\u00e9n los santos \u00f3leos.<\/span><\/p>\n<p style=\"text-align: justify;\">En esta misa especial los sacerdotes renuevan tambi\u00e9n sus promesas de ordenaci\u00f3n ante el Arzobispo.<\/p>\n<p style=\"text-align: justify;\">Es una ceremonia concelebrada para la bendici\u00f3n de los aceites que se usar\u00e1n para la unci\u00f3n de los enfermos, y los que ser\u00e1n bautizados.<\/p>\n<p style=\"text-align: justify;\">Dentro de las actividades lit\u00fargicas de Semana Santa la Misa Crismal es tal vez la menos conocida como parte de las celebraciones del Triduo Pascual, y que conforman el Lavatorio de Pies, la adoraci\u00f3n de la Cruz y la Vigilia Pascual.<\/p>\n<p>Por: Claudio Ibarra<\/p>\n","protected":false},"excerpt":{"rendered":"<p>SLP.- Este mi\u00e9rcoles en la Catedral Metropolitana el Arzobispo de San Luis Potos\u00ed Jorge Alberto Cavazos Arizpe presidi\u00f3 la Misa Crismal, que es una celebraci\u00f3n lit\u00fargica en que se consagra el crisma \u00f3 los santos aceites para la administraci\u00f3n de algunos sacramentos, y se bendicen tambi\u00e9n los santos \u00f3leos. En esta misa especial los sacerdotes renuevan tambi\u00e9n sus promesas de ordenaci\u00f3n ante el Arzobispo. Es una ceremonia concelebrada para la bendici\u00f3n de los aceites que se usar\u00e1n para la unci\u00f3n de los enfermos, y los que ser\u00e1n bautizados. Dentro de las actividades lit\u00fargicas de Semana Santa la Misa Crismal es [&hellip;]<\/p>\n","protected":false},"author":2,"featured_media":163546,"comment_status":"closed","ping_status":"closed","sticky":false,"template":"","format":"video","meta":{"_monsterinsights_skip_tracking":false,"_monsterinsights_sitenote_active":false,"_monsterinsights_sitenote_note":"","_monsterinsights_sitenote_category":0,"footnotes":""},"categories":[5,45],"tags":[],"class_list":["post-163540","post","type-post","status-publish","format-video","has-post-thumbnail","hentry","category-destacadas","category-localesyregionales","post_format-post-format-video","post--single"],"yoast_head":"<!-- This site is optimized with the Yoast SEO plugin v27.4 - https:\/\/yoast.com\/product\/yoast-seo-wordpress\/ -->\n<title>Preside el Arzobispo de San Luis Potos\u00ed la Misa Crismal en la Catedral Metropolitana - Canal 7 SLP - 2025<\/title>\n<meta name=\"robots\" content=\"index, follow, max-snippet:-1, max-image-preview:large, max-video-preview:-1\" \/>\n<link rel=\"canonical\" href=\"https:\/\/canal7slp.tv\/2025\/preside-el-arzobispo-de-san-luis-potosi-la-misa-crismal-en-la-catedral-metropolitana\/\" \/>\n<meta property=\"og:locale\" content=\"es_ES\" \/>\n<meta property=\"og:type\" content=\"article\" \/>\n<meta property=\"og:title\" content=\"Preside el Arzobispo de San Luis Potos\u00ed la Misa Crismal en la Catedral Metropolitana - Canal 7 SLP - 2025\" \/>\n<meta property=\"og:description\" content=\"SLP.- Este mi\u00e9rcoles en la Catedral Metropolitana el Arzobispo de San Luis Potos\u00ed Jorge Alberto Cavazos Arizpe presidi\u00f3 la Misa Crismal, que es una celebraci\u00f3n lit\u00fargica en que se consagra el crisma \u00f3 los santos aceites para la administraci\u00f3n de algunos sacramentos, y se bendicen tambi\u00e9n los santos \u00f3leos. En esta misa especial los sacerdotes renuevan tambi\u00e9n sus promesas de ordenaci\u00f3n ante el Arzobispo. Es una ceremonia concelebrada para la bendici\u00f3n de los aceites que se usar\u00e1n para la unci\u00f3n de los enfermos, y los que ser\u00e1n bautizados. Dentro de las actividades lit\u00fargicas de Semana Santa la Misa Crismal es [&hellip;]\" \/>\n<meta property=\"og:url\" content=\"https:\/\/canal7slp.tv\/2025\/preside-el-arzobispo-de-san-luis-potosi-la-misa-crismal-en-la-catedral-metropolitana\/\" \/>\n<meta property=\"og:site_name\" content=\"Canal 7 SLP - 2025\" \/>\n<meta property=\"article:publisher\" content=\"https:\/\/www.facebook.com\/noticieroscanal7atencionciudadana\/\" \/>\n<meta property=\"article:published_time\" content=\"2025-04-17T01:57:46+00:00\" \/>\n<meta property=\"og:image\" content=\"https:\/\/canal7slp.tv\/2025\/wp-content\/uploads\/2025\/04\/Claudio0MisaCrismal.jpg\" \/>\n\t<meta property=\"og:image:width\" content=\"1280\" \/>\n\t<meta property=\"og:image:height\" content=\"720\" \/>\n\t<meta property=\"og:image:type\" content=\"image\/jpeg\" \/>\n<meta name=\"author\" content=\"Edici\u00f3n Web\" \/>\n<meta name=\"twitter:card\" content=\"summary_large_image\" \/>\n<meta name=\"twitter:creator\" content=\"@NOTICIEROS7\" \/>\n<meta name=\"twitter:site\" content=\"@NOTICIEROS7\" \/>\n<meta name=\"twitter:label1\" content=\"Escrito por\" \/>\n\t<meta name=\"twitter:data1\" content=\"Edici\u00f3n Web\" \/>\n\t<meta name=\"twitter:label2\" content=\"Tiempo de lectura\" \/>\n\t<meta name=\"twitter:data2\" content=\"1 minuto\" \/>\n<script type=\"application\/ld+json\" class=\"yoast-schema-graph\">{\"@context\":\"https:\\\/\\\/schema.org\",\"@graph\":[{\"@type\":\"Article\",\"@id\":\"https:\\\/\\\/canal7slp.tv\\\/2025\\\/preside-el-arzobispo-de-san-luis-potosi-la-misa-crismal-en-la-catedral-metropolitana\\\/#article\",\"isPartOf\":{\"@id\":\"https:\\\/\\\/canal7slp.tv\\\/2025\\\/preside-el-arzobispo-de-san-luis-potosi-la-misa-crismal-en-la-catedral-metropolitana\\\/\"},\"author\":{\"name\":\"Edici\u00f3n Web\",\"@id\":\"https:\\\/\\\/canal7slp.tv\\\/2025\\\/#\\\/schema\\\/person\\\/271e2b60a96e7cc9d9ac296f4d7e414b\"},\"headline\":\"Preside el Arzobispo de San Luis Potos\u00ed la Misa Crismal en la Catedral Metropolitana\",\"datePublished\":\"2025-04-17T01:57:46+00:00\",\"mainEntityOfPage\":{\"@id\":\"https:\\\/\\\/canal7slp.tv\\\/2025\\\/preside-el-arzobispo-de-san-luis-potosi-la-misa-crismal-en-la-catedral-metropolitana\\\/\"},\"wordCount\":159,\"publisher\":{\"@id\":\"https:\\\/\\\/canal7slp.tv\\\/2025\\\/#organization\"},\"image\":{\"@id\":\"https:\\\/\\\/canal7slp.tv\\\/2025\\\/preside-el-arzobispo-de-san-luis-potosi-la-misa-crismal-en-la-catedral-metropolitana\\\/#primaryimage\"},\"thumbnailUrl\":\"https:\\\/\\\/canal7slp.tv\\\/2025\\\/wp-content\\\/uploads\\\/2025\\\/04\\\/Claudio0MisaCrismal.jpg\",\"articleSection\":[\"DESTACADAS\",\"LOCALES Y REGIONALES\"],\"inLanguage\":\"es\"},{\"@type\":\"WebPage\",\"@id\":\"https:\\\/\\\/canal7slp.tv\\\/2025\\\/preside-el-arzobispo-de-san-luis-potosi-la-misa-crismal-en-la-catedral-metropolitana\\\/\",\"url\":\"https:\\\/\\\/canal7slp.tv\\\/2025\\\/preside-el-arzobispo-de-san-luis-potosi-la-misa-crismal-en-la-catedral-metropolitana\\\/\",\"name\":\"Preside el Arzobispo de San Luis Potos\u00ed la Misa Crismal en la Catedral Metropolitana - Canal 7 SLP - 2025\",\"isPartOf\":{\"@id\":\"https:\\\/\\\/canal7slp.tv\\\/2025\\\/#website\"},\"primaryImageOfPage\":{\"@id\":\"https:\\\/\\\/canal7slp.tv\\\/2025\\\/preside-el-arzobispo-de-san-luis-potosi-la-misa-crismal-en-la-catedral-metropolitana\\\/#primaryimage\"},\"image\":{\"@id\":\"https:\\\/\\\/canal7slp.tv\\\/2025\\\/preside-el-arzobispo-de-san-luis-potosi-la-misa-crismal-en-la-catedral-metropolitana\\\/#primaryimage\"},\"thumbnailUrl\":\"https:\\\/\\\/canal7slp.tv\\\/2025\\\/wp-content\\\/uploads\\\/2025\\\/04\\\/Claudio0MisaCrismal.jpg\",\"datePublished\":\"2025-04-17T01:57:46+00:00\",\"breadcrumb\":{\"@id\":\"https:\\\/\\\/canal7slp.tv\\\/2025\\\/preside-el-arzobispo-de-san-luis-potosi-la-misa-crismal-en-la-catedral-metropolitana\\\/#breadcrumb\"},\"inLanguage\":\"es\",\"potentialAction\":[{\"@type\":\"ReadAction\",\"target\":[\"https:\\\/\\\/canal7slp.tv\\\/2025\\\/preside-el-arzobispo-de-san-luis-potosi-la-misa-crismal-en-la-catedral-metropolitana\\\/\"]}]},{\"@type\":\"ImageObject\",\"inLanguage\":\"es\",\"@id\":\"https:\\\/\\\/canal7slp.tv\\\/2025\\\/preside-el-arzobispo-de-san-luis-potosi-la-misa-crismal-en-la-catedral-metropolitana\\\/#primaryimage\",\"url\":\"https:\\\/\\\/canal7slp.tv\\\/2025\\\/wp-content\\\/uploads\\\/2025\\\/04\\\/Claudio0MisaCrismal.jpg\",\"contentUrl\":\"https:\\\/\\\/canal7slp.tv\\\/2025\\\/wp-content\\\/uploads\\\/2025\\\/04\\\/Claudio0MisaCrismal.jpg\",\"width\":1280,\"height\":720},{\"@type\":\"BreadcrumbList\",\"@id\":\"https:\\\/\\\/canal7slp.tv\\\/2025\\\/preside-el-arzobispo-de-san-luis-potosi-la-misa-crismal-en-la-catedral-metropolitana\\\/#breadcrumb\",\"itemListElement\":[{\"@type\":\"ListItem\",\"position\":1,\"name\":\"Portada\",\"item\":\"https:\\\/\\\/canal7slp.tv\\\/2025\\\/\"},{\"@type\":\"ListItem\",\"position\":2,\"name\":\"Preside el Arzobispo de San Luis Potos\u00ed la Misa Crismal en la Catedral Metropolitana\"}]},{\"@type\":\"WebSite\",\"@id\":\"https:\\\/\\\/canal7slp.tv\\\/2025\\\/#website\",\"url\":\"https:\\\/\\\/canal7slp.tv\\\/2025\\\/\",\"name\":\"N7 - Noticieros Canal 7\",\"description\":\"Somos el Medio\",\"publisher\":{\"@id\":\"https:\\\/\\\/canal7slp.tv\\\/2025\\\/#organization\"},\"potentialAction\":[{\"@type\":\"SearchAction\",\"target\":{\"@type\":\"EntryPoint\",\"urlTemplate\":\"https:\\\/\\\/canal7slp.tv\\\/2025\\\/?s={search_term_string}\"},\"query-input\":{\"@type\":\"PropertyValueSpecification\",\"valueRequired\":true,\"valueName\":\"search_term_string\"}}],\"inLanguage\":\"es\"},{\"@type\":\"Organization\",\"@id\":\"https:\\\/\\\/canal7slp.tv\\\/2025\\\/#organization\",\"name\":\"Noticieros Canal 7\",\"url\":\"https:\\\/\\\/canal7slp.tv\\\/2025\\\/\",\"logo\":{\"@type\":\"ImageObject\",\"inLanguage\":\"es\",\"@id\":\"https:\\\/\\\/canal7slp.tv\\\/2025\\\/#\\\/schema\\\/logo\\\/image\\\/\",\"url\":\"https:\\\/\\\/canal7slp.tv\\\/2025\\\/wp-content\\\/uploads\\\/2021\\\/01\\\/logo-noticieros@2x.png\",\"contentUrl\":\"https:\\\/\\\/canal7slp.tv\\\/2025\\\/wp-content\\\/uploads\\\/2021\\\/01\\\/logo-noticieros@2x.png\",\"width\":1017,\"height\":268,\"caption\":\"Noticieros Canal 7\"},\"image\":{\"@id\":\"https:\\\/\\\/canal7slp.tv\\\/2025\\\/#\\\/schema\\\/logo\\\/image\\\/\"},\"sameAs\":[\"https:\\\/\\\/www.facebook.com\\\/noticieroscanal7atencionciudadana\\\/\",\"https:\\\/\\\/x.com\\\/NOTICIEROS7\",\"https:\\\/\\\/www.instagram.com\\\/canal7_slp\",\"https:\\\/\\\/www.youtube.com\\\/channel\\\/UCliiYs-gP3JfJeqdPrNdd5A\"]},{\"@type\":\"Person\",\"@id\":\"https:\\\/\\\/canal7slp.tv\\\/2025\\\/#\\\/schema\\\/person\\\/271e2b60a96e7cc9d9ac296f4d7e414b\",\"name\":\"Edici\u00f3n Web\",\"image\":{\"@type\":\"ImageObject\",\"inLanguage\":\"es\",\"@id\":\"https:\\\/\\\/secure.gravatar.com\\\/avatar\\\/eee448fc3f7164808013b816ba91ac7e43bbe82a70bebac296f8bc6f0addaa1a?s=96&d=mm&r=g\",\"url\":\"https:\\\/\\\/secure.gravatar.com\\\/avatar\\\/eee448fc3f7164808013b816ba91ac7e43bbe82a70bebac296f8bc6f0addaa1a?s=96&d=mm&r=g\",\"contentUrl\":\"https:\\\/\\\/secure.gravatar.com\\\/avatar\\\/eee448fc3f7164808013b816ba91ac7e43bbe82a70bebac296f8bc6f0addaa1a?s=96&d=mm&r=g\",\"caption\":\"Edici\u00f3n Web\"},\"url\":\"https:\\\/\\\/canal7slp.tv\\\/2025\\\/author\\\/edicionweb\\\/\"}]}<\/script>\n<!-- \/ Yoast SEO plugin. -->","yoast_head_json":{"title":"Preside el Arzobispo de San Luis Potos\u00ed la Misa Crismal en la Catedral Metropolitana - Canal 7 SLP - 2025","robots":{"index":"index","follow":"follow","max-snippet":"max-snippet:-1","max-image-preview":"max-image-preview:large","max-video-preview":"max-video-preview:-1"},"canonical":"https:\/\/canal7slp.tv\/2025\/preside-el-arzobispo-de-san-luis-potosi-la-misa-crismal-en-la-catedral-metropolitana\/","og_locale":"es_ES","og_type":"article","og_title":"Preside el Arzobispo de San Luis Potos\u00ed la Misa Crismal en la Catedral Metropolitana - Canal 7 SLP - 2025","og_description":"SLP.- Este mi\u00e9rcoles en la Catedral Metropolitana el Arzobispo de San Luis Potos\u00ed Jorge Alberto Cavazos Arizpe presidi\u00f3 la Misa Crismal, que es una celebraci\u00f3n lit\u00fargica en que se consagra el crisma \u00f3 los santos aceites para la administraci\u00f3n de algunos sacramentos, y se bendicen tambi\u00e9n los santos \u00f3leos. En esta misa especial los sacerdotes renuevan tambi\u00e9n sus promesas de ordenaci\u00f3n ante el Arzobispo. Es una ceremonia concelebrada para la bendici\u00f3n de los aceites que se usar\u00e1n para la unci\u00f3n de los enfermos, y los que ser\u00e1n bautizados. Dentro de las actividades lit\u00fargicas de Semana Santa la Misa Crismal es [&hellip;]","og_url":"https:\/\/canal7slp.tv\/2025\/preside-el-arzobispo-de-san-luis-potosi-la-misa-crismal-en-la-catedral-metropolitana\/","og_site_name":"Canal 7 SLP - 2025","article_publisher":"https:\/\/www.facebook.com\/noticieroscanal7atencionciudadana\/","article_published_time":"2025-04-17T01:57:46+00:00","og_image":[{"width":1280,"height":720,"url":"https:\/\/canal7slp.tv\/2025\/wp-content\/uploads\/2025\/04\/Claudio0MisaCrismal.jpg","type":"image\/jpeg"}],"author":"Edici\u00f3n Web","twitter_card":"summary_large_image","twitter_creator":"@NOTICIEROS7","twitter_site":"@NOTICIEROS7","twitter_misc":{"Escrito por":"Edici\u00f3n Web","Tiempo de lectura":"1 minuto"},"schema":{"@context":"https:\/\/schema.org","@graph":[{"@type":"Article","@id":"https:\/\/canal7slp.tv\/2025\/preside-el-arzobispo-de-san-luis-potosi-la-misa-crismal-en-la-catedral-metropolitana\/#article","isPartOf":{"@id":"https:\/\/canal7slp.tv\/2025\/preside-el-arzobispo-de-san-luis-potosi-la-misa-crismal-en-la-catedral-metropolitana\/"},"author":{"name":"Edici\u00f3n Web","@id":"https:\/\/canal7slp.tv\/2025\/#\/schema\/person\/271e2b60a96e7cc9d9ac296f4d7e414b"},"headline":"Preside el Arzobispo de San Luis Potos\u00ed la Misa Crismal en la Catedral Metropolitana","datePublished":"2025-04-17T01:57:46+00:00","mainEntityOfPage":{"@id":"https:\/\/canal7slp.tv\/2025\/preside-el-arzobispo-de-san-luis-potosi-la-misa-crismal-en-la-catedral-metropolitana\/"},"wordCount":159,"publisher":{"@id":"https:\/\/canal7slp.tv\/2025\/#organization"},"image":{"@id":"https:\/\/canal7slp.tv\/2025\/preside-el-arzobispo-de-san-luis-potosi-la-misa-crismal-en-la-catedral-metropolitana\/#primaryimage"},"thumbnailUrl":"https:\/\/canal7slp.tv\/2025\/wp-content\/uploads\/2025\/04\/Claudio0MisaCrismal.jpg","articleSection":["DESTACADAS","LOCALES Y REGIONALES"],"inLanguage":"es"},{"@type":"WebPage","@id":"https:\/\/canal7slp.tv\/2025\/preside-el-arzobispo-de-san-luis-potosi-la-misa-crismal-en-la-catedral-metropolitana\/","url":"https:\/\/canal7slp.tv\/2025\/preside-el-arzobispo-de-san-luis-potosi-la-misa-crismal-en-la-catedral-metropolitana\/","name":"Preside el Arzobispo de San Luis Potos\u00ed la Misa Crismal en la Catedral Metropolitana - Canal 7 SLP - 2025","isPartOf":{"@id":"https:\/\/canal7slp.tv\/2025\/#website"},"primaryImageOfPage":{"@id":"https:\/\/canal7slp.tv\/2025\/preside-el-arzobispo-de-san-luis-potosi-la-misa-crismal-en-la-catedral-metropolitana\/#primaryimage"},"image":{"@id":"https:\/\/canal7slp.tv\/2025\/preside-el-arzobispo-de-san-luis-potosi-la-misa-crismal-en-la-catedral-metropolitana\/#primaryimage"},"thumbnailUrl":"https:\/\/canal7slp.tv\/2025\/wp-content\/uploads\/2025\/04\/Claudio0MisaCrismal.jpg","datePublished":"2025-04-17T01:57:46+00:00","breadcrumb":{"@id":"https:\/\/canal7slp.tv\/2025\/preside-el-arzobispo-de-san-luis-potosi-la-misa-crismal-en-la-catedral-metropolitana\/#breadcrumb"},"inLanguage":"es","potentialAction":[{"@type":"ReadAction","target":["https:\/\/canal7slp.tv\/2025\/preside-el-arzobispo-de-san-luis-potosi-la-misa-crismal-en-la-catedral-metropolitana\/"]}]},{"@type":"ImageObject","inLanguage":"es","@id":"https:\/\/canal7slp.tv\/2025\/preside-el-arzobispo-de-san-luis-potosi-la-misa-crismal-en-la-catedral-metropolitana\/#primaryimage","url":"https:\/\/canal7slp.tv\/2025\/wp-content\/uploads\/2025\/04\/Claudio0MisaCrismal.jpg","contentUrl":"https:\/\/canal7slp.tv\/2025\/wp-content\/uploads\/2025\/04\/Claudio0MisaCrismal.jpg","width":1280,"height":720},{"@type":"BreadcrumbList","@id":"https:\/\/canal7slp.tv\/2025\/preside-el-arzobispo-de-san-luis-potosi-la-misa-crismal-en-la-catedral-metropolitana\/#breadcrumb","itemListElement":[{"@type":"ListItem","position":1,"name":"Portada","item":"https:\/\/canal7slp.tv\/2025\/"},{"@type":"ListItem","position":2,"name":"Preside el Arzobispo de San Luis Potos\u00ed la Misa Crismal en la Catedral Metropolitana"}]},{"@type":"WebSite","@id":"https:\/\/canal7slp.tv\/2025\/#website","url":"https:\/\/canal7slp.tv\/2025\/","name":"N7 - Noticieros Canal 7","description":"Somos el Medio","publisher":{"@id":"https:\/\/canal7slp.tv\/2025\/#organization"},"potentialAction":[{"@type":"SearchAction","target":{"@type":"EntryPoint","urlTemplate":"https:\/\/canal7slp.tv\/2025\/?s={search_term_string}"},"query-input":{"@type":"PropertyValueSpecification","valueRequired":true,"valueName":"search_term_string"}}],"inLanguage":"es"},{"@type":"Organization","@id":"https:\/\/canal7slp.tv\/2025\/#organization","name":"Noticieros Canal 7","url":"https:\/\/canal7slp.tv\/2025\/","logo":{"@type":"ImageObject","inLanguage":"es","@id":"https:\/\/canal7slp.tv\/2025\/#\/schema\/logo\/image\/","url":"https:\/\/canal7slp.tv\/2025\/wp-content\/uploads\/2021\/01\/logo-noticieros@2x.png","contentUrl":"https:\/\/canal7slp.tv\/2025\/wp-content\/uploads\/2021\/01\/logo-noticieros@2x.png","width":1017,"height":268,"caption":"Noticieros Canal 7"},"image":{"@id":"https:\/\/canal7slp.tv\/2025\/#\/schema\/logo\/image\/"},"sameAs":["https:\/\/www.facebook.com\/noticieroscanal7atencionciudadana\/","https:\/\/x.com\/NOTICIEROS7","https:\/\/www.instagram.com\/canal7_slp","https:\/\/www.youtube.com\/channel\/UCliiYs-gP3JfJeqdPrNdd5A"]},{"@type":"Person","@id":"https:\/\/canal7slp.tv\/2025\/#\/schema\/person\/271e2b60a96e7cc9d9ac296f4d7e414b","name":"Edici\u00f3n Web","image":{"@type":"ImageObject","inLanguage":"es","@id":"https:\/\/secure.gravatar.com\/avatar\/eee448fc3f7164808013b816ba91ac7e43bbe82a70bebac296f8bc6f0addaa1a?s=96&d=mm&r=g","url":"https:\/\/secure.gravatar.com\/avatar\/eee448fc3f7164808013b816ba91ac7e43bbe82a70bebac296f8bc6f0addaa1a?s=96&d=mm&r=g","contentUrl":"https:\/\/secure.gravatar.com\/avatar\/eee448fc3f7164808013b816ba91ac7e43bbe82a70bebac296f8bc6f0addaa1a?s=96&d=mm&r=g","caption":"Edici\u00f3n Web"},"url":"https:\/\/canal7slp.tv\/2025\/author\/edicionweb\/"}]}},"_links":{"self":[{"href":"https:\/\/canal7slp.tv\/2025\/wp-json\/wp\/v2\/posts\/163540","targetHints":{"allow":["GET"]}}],"collection":[{"href":"https:\/\/canal7slp.tv\/2025\/wp-json\/wp\/v2\/posts"}],"about":[{"href":"https:\/\/canal7slp.tv\/2025\/wp-json\/wp\/v2\/types\/post"}],"author":[{"embeddable":true,"href":"https:\/\/canal7slp.tv\/2025\/wp-json\/wp\/v2\/users\/2"}],"replies":[{"embeddable":true,"href":"https:\/\/canal7slp.tv\/2025\/wp-json\/wp\/v2\/comments?post=163540"}],"version-history":[{"count":2,"href":"https:\/\/canal7slp.tv\/2025\/wp-json\/wp\/v2\/posts\/163540\/revisions"}],"predecessor-version":[{"id":163552,"href":"https:\/\/canal7slp.tv\/2025\/wp-json\/wp\/v2\/posts\/163540\/revisions\/163552"}],"wp:featuredmedia":[{"embeddable":true,"href":"https:\/\/canal7slp.tv\/2025\/wp-json\/wp\/v2\/media\/163546"}],"wp:attachment":[{"href":"https:\/\/canal7slp.tv\/2025\/wp-json\/wp\/v2\/media?parent=163540"}],"wp:term":[{"taxonomy":"category","embeddable":true,"href":"https:\/\/canal7slp.tv\/2025\/wp-json\/wp\/v2\/categories?post=163540"},{"taxonomy":"post_tag","embeddable":true,"href":"https:\/\/canal7slp.tv\/2025\/wp-json\/wp\/v2\/tags?post=163540"}],"curies":[{"name":"wp","href":"https:\/\/api.w.org\/{rel}","templated":true}]}}