{"id":163356,"date":"2025-04-15T14:20:23","date_gmt":"2025-04-15T20:20:23","guid":{"rendered":"https:\/\/canal7slp.tv\/2025\/?p=163356"},"modified":"2025-04-15T14:20:23","modified_gmt":"2025-04-15T20:20:23","slug":"tiroteo-en-secundaria-de-texas-deja-un-estudiante-de-17-anos-herido","status":"publish","type":"post","link":"https:\/\/canal7slp.tv\/2025\/tiroteo-en-secundaria-de-texas-deja-un-estudiante-de-17-anos-herido\/","title":{"rendered":"Tiroteo en secundaria de Texas deja un estudiante de 17 a\u00f1os herido"},"content":{"rendered":"<p style=\"text-align: justify;\">\n<p style=\"text-align: justify;\">Dallas- La tarde de este martes se registr\u00f3 un tiroteo en la Secundaria Wilmer-Hutchins, ubicada en Dallas, Texas, lo que activ\u00f3 un operativo de emergencia por parte de las autoridades locales.<\/p>\n<p style=\"text-align: justify;\">A las 13:10 horas (hora local), la polic\u00eda recibi\u00f3 una alerta sobre un posible tirador activo en el campus, lo que provoc\u00f3 una r\u00e1pida movilizaci\u00f3n de agentes en la zona. De acuerdo con reportes de CBS News y Fox 4, un joven de 17 a\u00f1os result\u00f3 herido de bala en una pierna, aunque a\u00fan se desconoce si hay otras personas afectadas.<\/p>\n<p style=\"text-align: justify;\">Como medida de seguridad, los estudiantes fueron evacuados y trasladados a un estadio cercano, mientras el campus qued\u00f3 bajo resguardo. El Distrito Escolar Independiente de Dallas confirm\u00f3 que la situaci\u00f3n estaba siendo gestionada conforme a los protocolos de seguridad escolar.<\/p>\n<p style=\"text-align: justify;\">Im\u00e1genes a\u00e9reas captadas por medios locales mostraron una fuerte presencia de veh\u00edculos policiales en las inmediaciones del plantel, que alberga a aproximadamente mil estudiantes.<\/p>\n","protected":false},"excerpt":{"rendered":"<p>Dallas- La tarde de este martes se registr\u00f3 un tiroteo en la Secundaria Wilmer-Hutchins, ubicada en Dallas, Texas, lo que activ\u00f3 un operativo de emergencia por parte de las autoridades locales. A las 13:10 horas (hora local), la polic\u00eda recibi\u00f3 una alerta sobre un posible tirador activo en el campus, lo que provoc\u00f3 una r\u00e1pida movilizaci\u00f3n de agentes en la zona. De acuerdo con reportes de CBS News y Fox 4, un joven de 17 a\u00f1os result\u00f3 herido de bala en una pierna, aunque a\u00fan se desconoce si hay otras personas afectadas. Como medida de seguridad, los estudiantes fueron evacuados [&hellip;]<\/p>\n","protected":false},"author":2,"featured_media":163357,"comment_status":"closed","ping_status":"closed","sticky":false,"template":"","format":"standard","meta":{"_monsterinsights_skip_tracking":false,"_monsterinsights_sitenote_active":false,"_monsterinsights_sitenote_note":"","_monsterinsights_sitenote_category":0,"footnotes":""},"categories":[44],"tags":[],"class_list":["post-163356","post","type-post","status-publish","format-standard","has-post-thumbnail","hentry","category-internacional","post--single"],"yoast_head":"<!-- This site is optimized with the Yoast SEO plugin v27.5 - https:\/\/yoast.com\/product\/yoast-seo-wordpress\/ -->\n<title>Tiroteo en secundaria de Texas deja un estudiante de 17 a\u00f1os herido - Canal 7 SLP - 2025<\/title>\n<meta name=\"robots\" content=\"index, follow, max-snippet:-1, max-image-preview:large, max-video-preview:-1\" \/>\n<link rel=\"canonical\" href=\"https:\/\/canal7slp.tv\/2025\/tiroteo-en-secundaria-de-texas-deja-un-estudiante-de-17-anos-herido\/\" \/>\n<meta property=\"og:locale\" content=\"es_ES\" \/>\n<meta property=\"og:type\" content=\"article\" \/>\n<meta property=\"og:title\" content=\"Tiroteo en secundaria de Texas deja un estudiante de 17 a\u00f1os herido - Canal 7 SLP - 2025\" \/>\n<meta property=\"og:description\" content=\"Dallas- La tarde de este martes se registr\u00f3 un tiroteo en la Secundaria Wilmer-Hutchins, ubicada en Dallas, Texas, lo que activ\u00f3 un operativo de emergencia por parte de las autoridades locales. A las 13:10 horas (hora local), la polic\u00eda recibi\u00f3 una alerta sobre un posible tirador activo en el campus, lo que provoc\u00f3 una r\u00e1pida movilizaci\u00f3n de agentes en la zona. De acuerdo con reportes de CBS News y Fox 4, un joven de 17 a\u00f1os result\u00f3 herido de bala en una pierna, aunque a\u00fan se desconoce si hay otras personas afectadas. Como medida de seguridad, los estudiantes fueron evacuados [&hellip;]\" \/>\n<meta property=\"og:url\" content=\"https:\/\/canal7slp.tv\/2025\/tiroteo-en-secundaria-de-texas-deja-un-estudiante-de-17-anos-herido\/\" \/>\n<meta property=\"og:site_name\" content=\"Canal 7 SLP - 2025\" \/>\n<meta property=\"article:publisher\" content=\"https:\/\/www.facebook.com\/noticieroscanal7atencionciudadana\/\" \/>\n<meta property=\"article:published_time\" content=\"2025-04-15T20:20:23+00:00\" \/>\n<meta property=\"og:image\" content=\"https:\/\/canal7slp.tv\/2025\/wp-content\/uploads\/2025\/04\/04-14.jpg\" \/>\n\t<meta property=\"og:image:width\" content=\"750\" \/>\n\t<meta property=\"og:image:height\" content=\"500\" \/>\n\t<meta property=\"og:image:type\" content=\"image\/jpeg\" \/>\n<meta name=\"author\" content=\"Edici\u00f3n Web\" \/>\n<meta name=\"twitter:card\" content=\"summary_large_image\" \/>\n<meta name=\"twitter:creator\" content=\"@NOTICIEROS7\" \/>\n<meta name=\"twitter:site\" content=\"@NOTICIEROS7\" \/>\n<meta name=\"twitter:label1\" content=\"Escrito por\" \/>\n\t<meta name=\"twitter:data1\" content=\"Edici\u00f3n Web\" \/>\n\t<meta name=\"twitter:label2\" content=\"Tiempo de lectura\" \/>\n\t<meta name=\"twitter:data2\" content=\"1 minuto\" \/>\n<script type=\"application\/ld+json\" class=\"yoast-schema-graph\">{\"@context\":\"https:\\\/\\\/schema.org\",\"@graph\":[{\"@type\":\"Article\",\"@id\":\"https:\\\/\\\/canal7slp.tv\\\/2025\\\/tiroteo-en-secundaria-de-texas-deja-un-estudiante-de-17-anos-herido\\\/#article\",\"isPartOf\":{\"@id\":\"https:\\\/\\\/canal7slp.tv\\\/2025\\\/tiroteo-en-secundaria-de-texas-deja-un-estudiante-de-17-anos-herido\\\/\"},\"author\":{\"name\":\"Edici\u00f3n Web\",\"@id\":\"https:\\\/\\\/canal7slp.tv\\\/2025\\\/#\\\/schema\\\/person\\\/271e2b60a96e7cc9d9ac296f4d7e414b\"},\"headline\":\"Tiroteo en secundaria de Texas deja un estudiante de 17 a\u00f1os herido\",\"datePublished\":\"2025-04-15T20:20:23+00:00\",\"mainEntityOfPage\":{\"@id\":\"https:\\\/\\\/canal7slp.tv\\\/2025\\\/tiroteo-en-secundaria-de-texas-deja-un-estudiante-de-17-anos-herido\\\/\"},\"wordCount\":174,\"publisher\":{\"@id\":\"https:\\\/\\\/canal7slp.tv\\\/2025\\\/#organization\"},\"image\":{\"@id\":\"https:\\\/\\\/canal7slp.tv\\\/2025\\\/tiroteo-en-secundaria-de-texas-deja-un-estudiante-de-17-anos-herido\\\/#primaryimage\"},\"thumbnailUrl\":\"https:\\\/\\\/canal7slp.tv\\\/2025\\\/wp-content\\\/uploads\\\/2025\\\/04\\\/04-14.jpg\",\"articleSection\":[\"INTERNACIONALES\"],\"inLanguage\":\"es\"},{\"@type\":\"WebPage\",\"@id\":\"https:\\\/\\\/canal7slp.tv\\\/2025\\\/tiroteo-en-secundaria-de-texas-deja-un-estudiante-de-17-anos-herido\\\/\",\"url\":\"https:\\\/\\\/canal7slp.tv\\\/2025\\\/tiroteo-en-secundaria-de-texas-deja-un-estudiante-de-17-anos-herido\\\/\",\"name\":\"Tiroteo en secundaria de Texas deja un estudiante de 17 a\u00f1os herido - Canal 7 SLP - 2025\",\"isPartOf\":{\"@id\":\"https:\\\/\\\/canal7slp.tv\\\/2025\\\/#website\"},\"primaryImageOfPage\":{\"@id\":\"https:\\\/\\\/canal7slp.tv\\\/2025\\\/tiroteo-en-secundaria-de-texas-deja-un-estudiante-de-17-anos-herido\\\/#primaryimage\"},\"image\":{\"@id\":\"https:\\\/\\\/canal7slp.tv\\\/2025\\\/tiroteo-en-secundaria-de-texas-deja-un-estudiante-de-17-anos-herido\\\/#primaryimage\"},\"thumbnailUrl\":\"https:\\\/\\\/canal7slp.tv\\\/2025\\\/wp-content\\\/uploads\\\/2025\\\/04\\\/04-14.jpg\",\"datePublished\":\"2025-04-15T20:20:23+00:00\",\"breadcrumb\":{\"@id\":\"https:\\\/\\\/canal7slp.tv\\\/2025\\\/tiroteo-en-secundaria-de-texas-deja-un-estudiante-de-17-anos-herido\\\/#breadcrumb\"},\"inLanguage\":\"es\",\"potentialAction\":[{\"@type\":\"ReadAction\",\"target\":[\"https:\\\/\\\/canal7slp.tv\\\/2025\\\/tiroteo-en-secundaria-de-texas-deja-un-estudiante-de-17-anos-herido\\\/\"]}]},{\"@type\":\"ImageObject\",\"inLanguage\":\"es\",\"@id\":\"https:\\\/\\\/canal7slp.tv\\\/2025\\\/tiroteo-en-secundaria-de-texas-deja-un-estudiante-de-17-anos-herido\\\/#primaryimage\",\"url\":\"https:\\\/\\\/canal7slp.tv\\\/2025\\\/wp-content\\\/uploads\\\/2025\\\/04\\\/04-14.jpg\",\"contentUrl\":\"https:\\\/\\\/canal7slp.tv\\\/2025\\\/wp-content\\\/uploads\\\/2025\\\/04\\\/04-14.jpg\",\"width\":750,\"height\":500},{\"@type\":\"BreadcrumbList\",\"@id\":\"https:\\\/\\\/canal7slp.tv\\\/2025\\\/tiroteo-en-secundaria-de-texas-deja-un-estudiante-de-17-anos-herido\\\/#breadcrumb\",\"itemListElement\":[{\"@type\":\"ListItem\",\"position\":1,\"name\":\"Portada\",\"item\":\"https:\\\/\\\/canal7slp.tv\\\/2025\\\/\"},{\"@type\":\"ListItem\",\"position\":2,\"name\":\"Tiroteo en secundaria de Texas deja un estudiante de 17 a\u00f1os herido\"}]},{\"@type\":\"WebSite\",\"@id\":\"https:\\\/\\\/canal7slp.tv\\\/2025\\\/#website\",\"url\":\"https:\\\/\\\/canal7slp.tv\\\/2025\\\/\",\"name\":\"N7 - Noticieros Canal 7\",\"description\":\"Somos el Medio\",\"publisher\":{\"@id\":\"https:\\\/\\\/canal7slp.tv\\\/2025\\\/#organization\"},\"potentialAction\":[{\"@type\":\"SearchAction\",\"target\":{\"@type\":\"EntryPoint\",\"urlTemplate\":\"https:\\\/\\\/canal7slp.tv\\\/2025\\\/?s={search_term_string}\"},\"query-input\":{\"@type\":\"PropertyValueSpecification\",\"valueRequired\":true,\"valueName\":\"search_term_string\"}}],\"inLanguage\":\"es\"},{\"@type\":\"Organization\",\"@id\":\"https:\\\/\\\/canal7slp.tv\\\/2025\\\/#organization\",\"name\":\"Noticieros Canal 7\",\"url\":\"https:\\\/\\\/canal7slp.tv\\\/2025\\\/\",\"logo\":{\"@type\":\"ImageObject\",\"inLanguage\":\"es\",\"@id\":\"https:\\\/\\\/canal7slp.tv\\\/2025\\\/#\\\/schema\\\/logo\\\/image\\\/\",\"url\":\"https:\\\/\\\/canal7slp.tv\\\/2025\\\/wp-content\\\/uploads\\\/2021\\\/01\\\/logo-noticieros@2x.png\",\"contentUrl\":\"https:\\\/\\\/canal7slp.tv\\\/2025\\\/wp-content\\\/uploads\\\/2021\\\/01\\\/logo-noticieros@2x.png\",\"width\":1017,\"height\":268,\"caption\":\"Noticieros Canal 7\"},\"image\":{\"@id\":\"https:\\\/\\\/canal7slp.tv\\\/2025\\\/#\\\/schema\\\/logo\\\/image\\\/\"},\"sameAs\":[\"https:\\\/\\\/www.facebook.com\\\/noticieroscanal7atencionciudadana\\\/\",\"https:\\\/\\\/x.com\\\/NOTICIEROS7\",\"https:\\\/\\\/www.instagram.com\\\/canal7_slp\",\"https:\\\/\\\/www.youtube.com\\\/channel\\\/UCliiYs-gP3JfJeqdPrNdd5A\"]},{\"@type\":\"Person\",\"@id\":\"https:\\\/\\\/canal7slp.tv\\\/2025\\\/#\\\/schema\\\/person\\\/271e2b60a96e7cc9d9ac296f4d7e414b\",\"name\":\"Edici\u00f3n Web\",\"image\":{\"@type\":\"ImageObject\",\"inLanguage\":\"es\",\"@id\":\"https:\\\/\\\/secure.gravatar.com\\\/avatar\\\/eee448fc3f7164808013b816ba91ac7e43bbe82a70bebac296f8bc6f0addaa1a?s=96&d=mm&r=g\",\"url\":\"https:\\\/\\\/secure.gravatar.com\\\/avatar\\\/eee448fc3f7164808013b816ba91ac7e43bbe82a70bebac296f8bc6f0addaa1a?s=96&d=mm&r=g\",\"contentUrl\":\"https:\\\/\\\/secure.gravatar.com\\\/avatar\\\/eee448fc3f7164808013b816ba91ac7e43bbe82a70bebac296f8bc6f0addaa1a?s=96&d=mm&r=g\",\"caption\":\"Edici\u00f3n Web\"},\"url\":\"https:\\\/\\\/canal7slp.tv\\\/2025\\\/author\\\/edicionweb\\\/\"}]}<\/script>\n<!-- \/ Yoast SEO plugin. -->","yoast_head_json":{"title":"Tiroteo en secundaria de Texas deja un estudiante de 17 a\u00f1os herido - Canal 7 SLP - 2025","robots":{"index":"index","follow":"follow","max-snippet":"max-snippet:-1","max-image-preview":"max-image-preview:large","max-video-preview":"max-video-preview:-1"},"canonical":"https:\/\/canal7slp.tv\/2025\/tiroteo-en-secundaria-de-texas-deja-un-estudiante-de-17-anos-herido\/","og_locale":"es_ES","og_type":"article","og_title":"Tiroteo en secundaria de Texas deja un estudiante de 17 a\u00f1os herido - Canal 7 SLP - 2025","og_description":"Dallas- La tarde de este martes se registr\u00f3 un tiroteo en la Secundaria Wilmer-Hutchins, ubicada en Dallas, Texas, lo que activ\u00f3 un operativo de emergencia por parte de las autoridades locales. A las 13:10 horas (hora local), la polic\u00eda recibi\u00f3 una alerta sobre un posible tirador activo en el campus, lo que provoc\u00f3 una r\u00e1pida movilizaci\u00f3n de agentes en la zona. De acuerdo con reportes de CBS News y Fox 4, un joven de 17 a\u00f1os result\u00f3 herido de bala en una pierna, aunque a\u00fan se desconoce si hay otras personas afectadas. Como medida de seguridad, los estudiantes fueron evacuados [&hellip;]","og_url":"https:\/\/canal7slp.tv\/2025\/tiroteo-en-secundaria-de-texas-deja-un-estudiante-de-17-anos-herido\/","og_site_name":"Canal 7 SLP - 2025","article_publisher":"https:\/\/www.facebook.com\/noticieroscanal7atencionciudadana\/","article_published_time":"2025-04-15T20:20:23+00:00","og_image":[{"width":750,"height":500,"url":"https:\/\/canal7slp.tv\/2025\/wp-content\/uploads\/2025\/04\/04-14.jpg","type":"image\/jpeg"}],"author":"Edici\u00f3n Web","twitter_card":"summary_large_image","twitter_creator":"@NOTICIEROS7","twitter_site":"@NOTICIEROS7","twitter_misc":{"Escrito por":"Edici\u00f3n Web","Tiempo de lectura":"1 minuto"},"schema":{"@context":"https:\/\/schema.org","@graph":[{"@type":"Article","@id":"https:\/\/canal7slp.tv\/2025\/tiroteo-en-secundaria-de-texas-deja-un-estudiante-de-17-anos-herido\/#article","isPartOf":{"@id":"https:\/\/canal7slp.tv\/2025\/tiroteo-en-secundaria-de-texas-deja-un-estudiante-de-17-anos-herido\/"},"author":{"name":"Edici\u00f3n Web","@id":"https:\/\/canal7slp.tv\/2025\/#\/schema\/person\/271e2b60a96e7cc9d9ac296f4d7e414b"},"headline":"Tiroteo en secundaria de Texas deja un estudiante de 17 a\u00f1os herido","datePublished":"2025-04-15T20:20:23+00:00","mainEntityOfPage":{"@id":"https:\/\/canal7slp.tv\/2025\/tiroteo-en-secundaria-de-texas-deja-un-estudiante-de-17-anos-herido\/"},"wordCount":174,"publisher":{"@id":"https:\/\/canal7slp.tv\/2025\/#organization"},"image":{"@id":"https:\/\/canal7slp.tv\/2025\/tiroteo-en-secundaria-de-texas-deja-un-estudiante-de-17-anos-herido\/#primaryimage"},"thumbnailUrl":"https:\/\/canal7slp.tv\/2025\/wp-content\/uploads\/2025\/04\/04-14.jpg","articleSection":["INTERNACIONALES"],"inLanguage":"es"},{"@type":"WebPage","@id":"https:\/\/canal7slp.tv\/2025\/tiroteo-en-secundaria-de-texas-deja-un-estudiante-de-17-anos-herido\/","url":"https:\/\/canal7slp.tv\/2025\/tiroteo-en-secundaria-de-texas-deja-un-estudiante-de-17-anos-herido\/","name":"Tiroteo en secundaria de Texas deja un estudiante de 17 a\u00f1os herido - Canal 7 SLP - 2025","isPartOf":{"@id":"https:\/\/canal7slp.tv\/2025\/#website"},"primaryImageOfPage":{"@id":"https:\/\/canal7slp.tv\/2025\/tiroteo-en-secundaria-de-texas-deja-un-estudiante-de-17-anos-herido\/#primaryimage"},"image":{"@id":"https:\/\/canal7slp.tv\/2025\/tiroteo-en-secundaria-de-texas-deja-un-estudiante-de-17-anos-herido\/#primaryimage"},"thumbnailUrl":"https:\/\/canal7slp.tv\/2025\/wp-content\/uploads\/2025\/04\/04-14.jpg","datePublished":"2025-04-15T20:20:23+00:00","breadcrumb":{"@id":"https:\/\/canal7slp.tv\/2025\/tiroteo-en-secundaria-de-texas-deja-un-estudiante-de-17-anos-herido\/#breadcrumb"},"inLanguage":"es","potentialAction":[{"@type":"ReadAction","target":["https:\/\/canal7slp.tv\/2025\/tiroteo-en-secundaria-de-texas-deja-un-estudiante-de-17-anos-herido\/"]}]},{"@type":"ImageObject","inLanguage":"es","@id":"https:\/\/canal7slp.tv\/2025\/tiroteo-en-secundaria-de-texas-deja-un-estudiante-de-17-anos-herido\/#primaryimage","url":"https:\/\/canal7slp.tv\/2025\/wp-content\/uploads\/2025\/04\/04-14.jpg","contentUrl":"https:\/\/canal7slp.tv\/2025\/wp-content\/uploads\/2025\/04\/04-14.jpg","width":750,"height":500},{"@type":"BreadcrumbList","@id":"https:\/\/canal7slp.tv\/2025\/tiroteo-en-secundaria-de-texas-deja-un-estudiante-de-17-anos-herido\/#breadcrumb","itemListElement":[{"@type":"ListItem","position":1,"name":"Portada","item":"https:\/\/canal7slp.tv\/2025\/"},{"@type":"ListItem","position":2,"name":"Tiroteo en secundaria de Texas deja un estudiante de 17 a\u00f1os herido"}]},{"@type":"WebSite","@id":"https:\/\/canal7slp.tv\/2025\/#website","url":"https:\/\/canal7slp.tv\/2025\/","name":"N7 - Noticieros Canal 7","description":"Somos el Medio","publisher":{"@id":"https:\/\/canal7slp.tv\/2025\/#organization"},"potentialAction":[{"@type":"SearchAction","target":{"@type":"EntryPoint","urlTemplate":"https:\/\/canal7slp.tv\/2025\/?s={search_term_string}"},"query-input":{"@type":"PropertyValueSpecification","valueRequired":true,"valueName":"search_term_string"}}],"inLanguage":"es"},{"@type":"Organization","@id":"https:\/\/canal7slp.tv\/2025\/#organization","name":"Noticieros Canal 7","url":"https:\/\/canal7slp.tv\/2025\/","logo":{"@type":"ImageObject","inLanguage":"es","@id":"https:\/\/canal7slp.tv\/2025\/#\/schema\/logo\/image\/","url":"https:\/\/canal7slp.tv\/2025\/wp-content\/uploads\/2021\/01\/logo-noticieros@2x.png","contentUrl":"https:\/\/canal7slp.tv\/2025\/wp-content\/uploads\/2021\/01\/logo-noticieros@2x.png","width":1017,"height":268,"caption":"Noticieros Canal 7"},"image":{"@id":"https:\/\/canal7slp.tv\/2025\/#\/schema\/logo\/image\/"},"sameAs":["https:\/\/www.facebook.com\/noticieroscanal7atencionciudadana\/","https:\/\/x.com\/NOTICIEROS7","https:\/\/www.instagram.com\/canal7_slp","https:\/\/www.youtube.com\/channel\/UCliiYs-gP3JfJeqdPrNdd5A"]},{"@type":"Person","@id":"https:\/\/canal7slp.tv\/2025\/#\/schema\/person\/271e2b60a96e7cc9d9ac296f4d7e414b","name":"Edici\u00f3n Web","image":{"@type":"ImageObject","inLanguage":"es","@id":"https:\/\/secure.gravatar.com\/avatar\/eee448fc3f7164808013b816ba91ac7e43bbe82a70bebac296f8bc6f0addaa1a?s=96&d=mm&r=g","url":"https:\/\/secure.gravatar.com\/avatar\/eee448fc3f7164808013b816ba91ac7e43bbe82a70bebac296f8bc6f0addaa1a?s=96&d=mm&r=g","contentUrl":"https:\/\/secure.gravatar.com\/avatar\/eee448fc3f7164808013b816ba91ac7e43bbe82a70bebac296f8bc6f0addaa1a?s=96&d=mm&r=g","caption":"Edici\u00f3n Web"},"url":"https:\/\/canal7slp.tv\/2025\/author\/edicionweb\/"}]}},"_links":{"self":[{"href":"https:\/\/canal7slp.tv\/2025\/wp-json\/wp\/v2\/posts\/163356","targetHints":{"allow":["GET"]}}],"collection":[{"href":"https:\/\/canal7slp.tv\/2025\/wp-json\/wp\/v2\/posts"}],"about":[{"href":"https:\/\/canal7slp.tv\/2025\/wp-json\/wp\/v2\/types\/post"}],"author":[{"embeddable":true,"href":"https:\/\/canal7slp.tv\/2025\/wp-json\/wp\/v2\/users\/2"}],"replies":[{"embeddable":true,"href":"https:\/\/canal7slp.tv\/2025\/wp-json\/wp\/v2\/comments?post=163356"}],"version-history":[{"count":1,"href":"https:\/\/canal7slp.tv\/2025\/wp-json\/wp\/v2\/posts\/163356\/revisions"}],"predecessor-version":[{"id":163358,"href":"https:\/\/canal7slp.tv\/2025\/wp-json\/wp\/v2\/posts\/163356\/revisions\/163358"}],"wp:featuredmedia":[{"embeddable":true,"href":"https:\/\/canal7slp.tv\/2025\/wp-json\/wp\/v2\/media\/163357"}],"wp:attachment":[{"href":"https:\/\/canal7slp.tv\/2025\/wp-json\/wp\/v2\/media?parent=163356"}],"wp:term":[{"taxonomy":"category","embeddable":true,"href":"https:\/\/canal7slp.tv\/2025\/wp-json\/wp\/v2\/categories?post=163356"},{"taxonomy":"post_tag","embeddable":true,"href":"https:\/\/canal7slp.tv\/2025\/wp-json\/wp\/v2\/tags?post=163356"}],"curies":[{"name":"wp","href":"https:\/\/api.w.org\/{rel}","templated":true}]}}