{"id":163256,"date":"2025-04-14T15:22:57","date_gmt":"2025-04-14T21:22:57","guid":{"rendered":"https:\/\/canal7slp.tv\/2025\/?p=163256"},"modified":"2025-04-14T15:22:57","modified_gmt":"2025-04-14T21:22:57","slug":"empresarios-optimistas-ante-inicio-de-semana-santa","status":"publish","type":"post","link":"https:\/\/canal7slp.tv\/2025\/empresarios-optimistas-ante-inicio-de-semana-santa\/","title":{"rendered":"Empresarios optimistas ante inicio de Semana Santa"},"content":{"rendered":"<p style=\"text-align: justify;\">M\u00e9xico.- Los empresarios mexicanos se muestran optimistas ante el arranque de la Semana Santa, al anticipar un repunte en la llegada de turistas y en la derrama econ\u00f3mica. Este buen \u00e1nimo se enmarca en un creciente sentimiento nacionalista, que alienta a vacacionar dentro del pa\u00eds como respuesta al proteccionismo comercial de Estados Unidos.<\/p>\n<p style=\"text-align: justify;\">Las autoridades estiman un incremento del 2.1% en la afluencia tur\u00edstica y del 4.4% en los ingresos con respecto al mismo periodo del a\u00f1o anterior. En Acapulco, Guerrero, los hoteleros prev\u00e9n una ocupaci\u00f3n del 100%, con la llegada de m\u00e1s de 410 mil visitantes que generar\u00edan una derrama econ\u00f3mica de aproximadamente tres mil 033 millones de pesos.<\/p>\n<p style=\"text-align: justify;\">Alejandro Dom\u00ednguez, gerente del hotel Fiesta Americana Acapulco, asegur\u00f3 que las expectativas ya est\u00e1n siendo superadas gracias a las mejoras en infraestructura hotelera y a la experiencia positiva que reportan los turistas. Pese a la competencia con destinos como Canc\u00fan y Los Cabos, subray\u00f3 la necesidad de reforzar la promoci\u00f3n del puerto y la conectividad a\u00e9rea.<\/p>\n<p style=\"text-align: justify;\">Por su parte, la Secretar\u00eda de Turismo federal proyecta que 14.7 millones de personas se movilizar\u00e1n en todo el pa\u00eds durante esta temporada, generando un consumo estimado de 282 mil 011 millones de pesos. Esta estrategia se enmarca en la campa\u00f1a \u201cHecho en M\u00e9xico\u201d, orientada a fortalecer el turismo interno.<\/p>\n<p style=\"text-align: justify;\">Engelberth Zapata, gerente general del Ritz Acapulco, resalt\u00f3 que, pese a los desaf\u00edos econ\u00f3micos globales, M\u00e9xico atraviesa un momento clave para el sector tur\u00edstico. Afirm\u00f3 que Acapulco ha experimentado una notable recuperaci\u00f3n en la ocupaci\u00f3n hotelera, que pas\u00f3 del 20-25% al 45-50% en los \u00faltimos meses.<\/p>\n<p style=\"text-align: justify;\">Finalmente, Zapata recalc\u00f3 la relevancia de mantener campa\u00f1as promocionales constantes, las cuales han contribuido a atraer visitantes y a posicionar nuevamente a Acapulco como uno de los destinos tur\u00edsticos m\u00e1s relevantes del pa\u00eds.<\/p>\n","protected":false},"excerpt":{"rendered":"<p>M\u00e9xico.- Los empresarios mexicanos se muestran optimistas ante el arranque de la Semana Santa, al anticipar un repunte en la llegada de turistas y en la derrama econ\u00f3mica. Este buen \u00e1nimo se enmarca en un creciente sentimiento nacionalista, que alienta a vacacionar dentro del pa\u00eds como respuesta al proteccionismo comercial de Estados Unidos. Las autoridades estiman un incremento del 2.1% en la afluencia tur\u00edstica y del 4.4% en los ingresos con respecto al mismo periodo del a\u00f1o anterior. En Acapulco, Guerrero, los hoteleros prev\u00e9n una ocupaci\u00f3n del 100%, con la llegada de m\u00e1s de 410 mil visitantes que generar\u00edan una [&hellip;]<\/p>\n","protected":false},"author":2,"featured_media":163257,"comment_status":"closed","ping_status":"closed","sticky":false,"template":"","format":"standard","meta":{"_monsterinsights_skip_tracking":false,"_monsterinsights_sitenote_active":false,"_monsterinsights_sitenote_note":"","_monsterinsights_sitenote_category":0,"footnotes":""},"categories":[40,46],"tags":[],"class_list":["post-163256","post","type-post","status-publish","format-standard","has-post-thumbnail","hentry","category-economia","category-nacional","post--single"],"yoast_head":"<!-- This site is optimized with the Yoast SEO plugin v27.5 - https:\/\/yoast.com\/product\/yoast-seo-wordpress\/ -->\n<title>Empresarios optimistas ante inicio de Semana Santa - Canal 7 SLP - 2025<\/title>\n<meta name=\"robots\" content=\"index, follow, max-snippet:-1, max-image-preview:large, max-video-preview:-1\" \/>\n<link rel=\"canonical\" href=\"https:\/\/canal7slp.tv\/2025\/empresarios-optimistas-ante-inicio-de-semana-santa\/\" \/>\n<meta property=\"og:locale\" content=\"es_ES\" \/>\n<meta property=\"og:type\" content=\"article\" \/>\n<meta property=\"og:title\" content=\"Empresarios optimistas ante inicio de Semana Santa - Canal 7 SLP - 2025\" \/>\n<meta property=\"og:description\" content=\"M\u00e9xico.- Los empresarios mexicanos se muestran optimistas ante el arranque de la Semana Santa, al anticipar un repunte en la llegada de turistas y en la derrama econ\u00f3mica. Este buen \u00e1nimo se enmarca en un creciente sentimiento nacionalista, que alienta a vacacionar dentro del pa\u00eds como respuesta al proteccionismo comercial de Estados Unidos. Las autoridades estiman un incremento del 2.1% en la afluencia tur\u00edstica y del 4.4% en los ingresos con respecto al mismo periodo del a\u00f1o anterior. En Acapulco, Guerrero, los hoteleros prev\u00e9n una ocupaci\u00f3n del 100%, con la llegada de m\u00e1s de 410 mil visitantes que generar\u00edan una [&hellip;]\" \/>\n<meta property=\"og:url\" content=\"https:\/\/canal7slp.tv\/2025\/empresarios-optimistas-ante-inicio-de-semana-santa\/\" \/>\n<meta property=\"og:site_name\" content=\"Canal 7 SLP - 2025\" \/>\n<meta property=\"article:publisher\" content=\"https:\/\/www.facebook.com\/noticieroscanal7atencionciudadana\/\" \/>\n<meta property=\"article:published_time\" content=\"2025-04-14T21:22:57+00:00\" \/>\n<meta property=\"og:image\" content=\"https:\/\/canal7slp.tv\/2025\/wp-content\/uploads\/2025\/04\/06-13.jpg\" \/>\n\t<meta property=\"og:image:width\" content=\"728\" \/>\n\t<meta property=\"og:image:height\" content=\"410\" \/>\n\t<meta property=\"og:image:type\" content=\"image\/jpeg\" \/>\n<meta name=\"author\" content=\"Edici\u00f3n Web\" \/>\n<meta name=\"twitter:card\" content=\"summary_large_image\" \/>\n<meta name=\"twitter:creator\" content=\"@NOTICIEROS7\" \/>\n<meta name=\"twitter:site\" content=\"@NOTICIEROS7\" \/>\n<meta name=\"twitter:label1\" content=\"Escrito por\" \/>\n\t<meta name=\"twitter:data1\" content=\"Edici\u00f3n Web\" \/>\n\t<meta name=\"twitter:label2\" content=\"Tiempo de lectura\" \/>\n\t<meta name=\"twitter:data2\" content=\"2 minutos\" \/>\n<script type=\"application\/ld+json\" class=\"yoast-schema-graph\">{\"@context\":\"https:\\\/\\\/schema.org\",\"@graph\":[{\"@type\":\"Article\",\"@id\":\"https:\\\/\\\/canal7slp.tv\\\/2025\\\/empresarios-optimistas-ante-inicio-de-semana-santa\\\/#article\",\"isPartOf\":{\"@id\":\"https:\\\/\\\/canal7slp.tv\\\/2025\\\/empresarios-optimistas-ante-inicio-de-semana-santa\\\/\"},\"author\":{\"name\":\"Edici\u00f3n Web\",\"@id\":\"https:\\\/\\\/canal7slp.tv\\\/2025\\\/#\\\/schema\\\/person\\\/271e2b60a96e7cc9d9ac296f4d7e414b\"},\"headline\":\"Empresarios optimistas ante inicio de Semana Santa\",\"datePublished\":\"2025-04-14T21:22:57+00:00\",\"mainEntityOfPage\":{\"@id\":\"https:\\\/\\\/canal7slp.tv\\\/2025\\\/empresarios-optimistas-ante-inicio-de-semana-santa\\\/\"},\"wordCount\":325,\"publisher\":{\"@id\":\"https:\\\/\\\/canal7slp.tv\\\/2025\\\/#organization\"},\"image\":{\"@id\":\"https:\\\/\\\/canal7slp.tv\\\/2025\\\/empresarios-optimistas-ante-inicio-de-semana-santa\\\/#primaryimage\"},\"thumbnailUrl\":\"https:\\\/\\\/canal7slp.tv\\\/2025\\\/wp-content\\\/uploads\\\/2025\\\/04\\\/06-13.jpg\",\"articleSection\":[\"ECONOM\u00cdA\",\"NACIONALES\"],\"inLanguage\":\"es\"},{\"@type\":\"WebPage\",\"@id\":\"https:\\\/\\\/canal7slp.tv\\\/2025\\\/empresarios-optimistas-ante-inicio-de-semana-santa\\\/\",\"url\":\"https:\\\/\\\/canal7slp.tv\\\/2025\\\/empresarios-optimistas-ante-inicio-de-semana-santa\\\/\",\"name\":\"Empresarios optimistas ante inicio de Semana Santa - Canal 7 SLP - 2025\",\"isPartOf\":{\"@id\":\"https:\\\/\\\/canal7slp.tv\\\/2025\\\/#website\"},\"primaryImageOfPage\":{\"@id\":\"https:\\\/\\\/canal7slp.tv\\\/2025\\\/empresarios-optimistas-ante-inicio-de-semana-santa\\\/#primaryimage\"},\"image\":{\"@id\":\"https:\\\/\\\/canal7slp.tv\\\/2025\\\/empresarios-optimistas-ante-inicio-de-semana-santa\\\/#primaryimage\"},\"thumbnailUrl\":\"https:\\\/\\\/canal7slp.tv\\\/2025\\\/wp-content\\\/uploads\\\/2025\\\/04\\\/06-13.jpg\",\"datePublished\":\"2025-04-14T21:22:57+00:00\",\"breadcrumb\":{\"@id\":\"https:\\\/\\\/canal7slp.tv\\\/2025\\\/empresarios-optimistas-ante-inicio-de-semana-santa\\\/#breadcrumb\"},\"inLanguage\":\"es\",\"potentialAction\":[{\"@type\":\"ReadAction\",\"target\":[\"https:\\\/\\\/canal7slp.tv\\\/2025\\\/empresarios-optimistas-ante-inicio-de-semana-santa\\\/\"]}]},{\"@type\":\"ImageObject\",\"inLanguage\":\"es\",\"@id\":\"https:\\\/\\\/canal7slp.tv\\\/2025\\\/empresarios-optimistas-ante-inicio-de-semana-santa\\\/#primaryimage\",\"url\":\"https:\\\/\\\/canal7slp.tv\\\/2025\\\/wp-content\\\/uploads\\\/2025\\\/04\\\/06-13.jpg\",\"contentUrl\":\"https:\\\/\\\/canal7slp.tv\\\/2025\\\/wp-content\\\/uploads\\\/2025\\\/04\\\/06-13.jpg\",\"width\":728,\"height\":410},{\"@type\":\"BreadcrumbList\",\"@id\":\"https:\\\/\\\/canal7slp.tv\\\/2025\\\/empresarios-optimistas-ante-inicio-de-semana-santa\\\/#breadcrumb\",\"itemListElement\":[{\"@type\":\"ListItem\",\"position\":1,\"name\":\"Portada\",\"item\":\"https:\\\/\\\/canal7slp.tv\\\/2025\\\/\"},{\"@type\":\"ListItem\",\"position\":2,\"name\":\"Empresarios optimistas ante inicio de Semana Santa\"}]},{\"@type\":\"WebSite\",\"@id\":\"https:\\\/\\\/canal7slp.tv\\\/2025\\\/#website\",\"url\":\"https:\\\/\\\/canal7slp.tv\\\/2025\\\/\",\"name\":\"N7 - Noticieros Canal 7\",\"description\":\"Somos el Medio\",\"publisher\":{\"@id\":\"https:\\\/\\\/canal7slp.tv\\\/2025\\\/#organization\"},\"potentialAction\":[{\"@type\":\"SearchAction\",\"target\":{\"@type\":\"EntryPoint\",\"urlTemplate\":\"https:\\\/\\\/canal7slp.tv\\\/2025\\\/?s={search_term_string}\"},\"query-input\":{\"@type\":\"PropertyValueSpecification\",\"valueRequired\":true,\"valueName\":\"search_term_string\"}}],\"inLanguage\":\"es\"},{\"@type\":\"Organization\",\"@id\":\"https:\\\/\\\/canal7slp.tv\\\/2025\\\/#organization\",\"name\":\"Noticieros Canal 7\",\"url\":\"https:\\\/\\\/canal7slp.tv\\\/2025\\\/\",\"logo\":{\"@type\":\"ImageObject\",\"inLanguage\":\"es\",\"@id\":\"https:\\\/\\\/canal7slp.tv\\\/2025\\\/#\\\/schema\\\/logo\\\/image\\\/\",\"url\":\"https:\\\/\\\/canal7slp.tv\\\/2025\\\/wp-content\\\/uploads\\\/2021\\\/01\\\/logo-noticieros@2x.png\",\"contentUrl\":\"https:\\\/\\\/canal7slp.tv\\\/2025\\\/wp-content\\\/uploads\\\/2021\\\/01\\\/logo-noticieros@2x.png\",\"width\":1017,\"height\":268,\"caption\":\"Noticieros Canal 7\"},\"image\":{\"@id\":\"https:\\\/\\\/canal7slp.tv\\\/2025\\\/#\\\/schema\\\/logo\\\/image\\\/\"},\"sameAs\":[\"https:\\\/\\\/www.facebook.com\\\/noticieroscanal7atencionciudadana\\\/\",\"https:\\\/\\\/x.com\\\/NOTICIEROS7\",\"https:\\\/\\\/www.instagram.com\\\/canal7_slp\",\"https:\\\/\\\/www.youtube.com\\\/channel\\\/UCliiYs-gP3JfJeqdPrNdd5A\"]},{\"@type\":\"Person\",\"@id\":\"https:\\\/\\\/canal7slp.tv\\\/2025\\\/#\\\/schema\\\/person\\\/271e2b60a96e7cc9d9ac296f4d7e414b\",\"name\":\"Edici\u00f3n Web\",\"image\":{\"@type\":\"ImageObject\",\"inLanguage\":\"es\",\"@id\":\"https:\\\/\\\/secure.gravatar.com\\\/avatar\\\/eee448fc3f7164808013b816ba91ac7e43bbe82a70bebac296f8bc6f0addaa1a?s=96&d=mm&r=g\",\"url\":\"https:\\\/\\\/secure.gravatar.com\\\/avatar\\\/eee448fc3f7164808013b816ba91ac7e43bbe82a70bebac296f8bc6f0addaa1a?s=96&d=mm&r=g\",\"contentUrl\":\"https:\\\/\\\/secure.gravatar.com\\\/avatar\\\/eee448fc3f7164808013b816ba91ac7e43bbe82a70bebac296f8bc6f0addaa1a?s=96&d=mm&r=g\",\"caption\":\"Edici\u00f3n Web\"},\"url\":\"https:\\\/\\\/canal7slp.tv\\\/2025\\\/author\\\/edicionweb\\\/\"}]}<\/script>\n<!-- \/ Yoast SEO plugin. -->","yoast_head_json":{"title":"Empresarios optimistas ante inicio de Semana Santa - Canal 7 SLP - 2025","robots":{"index":"index","follow":"follow","max-snippet":"max-snippet:-1","max-image-preview":"max-image-preview:large","max-video-preview":"max-video-preview:-1"},"canonical":"https:\/\/canal7slp.tv\/2025\/empresarios-optimistas-ante-inicio-de-semana-santa\/","og_locale":"es_ES","og_type":"article","og_title":"Empresarios optimistas ante inicio de Semana Santa - Canal 7 SLP - 2025","og_description":"M\u00e9xico.- Los empresarios mexicanos se muestran optimistas ante el arranque de la Semana Santa, al anticipar un repunte en la llegada de turistas y en la derrama econ\u00f3mica. Este buen \u00e1nimo se enmarca en un creciente sentimiento nacionalista, que alienta a vacacionar dentro del pa\u00eds como respuesta al proteccionismo comercial de Estados Unidos. Las autoridades estiman un incremento del 2.1% en la afluencia tur\u00edstica y del 4.4% en los ingresos con respecto al mismo periodo del a\u00f1o anterior. En Acapulco, Guerrero, los hoteleros prev\u00e9n una ocupaci\u00f3n del 100%, con la llegada de m\u00e1s de 410 mil visitantes que generar\u00edan una [&hellip;]","og_url":"https:\/\/canal7slp.tv\/2025\/empresarios-optimistas-ante-inicio-de-semana-santa\/","og_site_name":"Canal 7 SLP - 2025","article_publisher":"https:\/\/www.facebook.com\/noticieroscanal7atencionciudadana\/","article_published_time":"2025-04-14T21:22:57+00:00","og_image":[{"width":728,"height":410,"url":"https:\/\/canal7slp.tv\/2025\/wp-content\/uploads\/2025\/04\/06-13.jpg","type":"image\/jpeg"}],"author":"Edici\u00f3n Web","twitter_card":"summary_large_image","twitter_creator":"@NOTICIEROS7","twitter_site":"@NOTICIEROS7","twitter_misc":{"Escrito por":"Edici\u00f3n Web","Tiempo de lectura":"2 minutos"},"schema":{"@context":"https:\/\/schema.org","@graph":[{"@type":"Article","@id":"https:\/\/canal7slp.tv\/2025\/empresarios-optimistas-ante-inicio-de-semana-santa\/#article","isPartOf":{"@id":"https:\/\/canal7slp.tv\/2025\/empresarios-optimistas-ante-inicio-de-semana-santa\/"},"author":{"name":"Edici\u00f3n Web","@id":"https:\/\/canal7slp.tv\/2025\/#\/schema\/person\/271e2b60a96e7cc9d9ac296f4d7e414b"},"headline":"Empresarios optimistas ante inicio de Semana Santa","datePublished":"2025-04-14T21:22:57+00:00","mainEntityOfPage":{"@id":"https:\/\/canal7slp.tv\/2025\/empresarios-optimistas-ante-inicio-de-semana-santa\/"},"wordCount":325,"publisher":{"@id":"https:\/\/canal7slp.tv\/2025\/#organization"},"image":{"@id":"https:\/\/canal7slp.tv\/2025\/empresarios-optimistas-ante-inicio-de-semana-santa\/#primaryimage"},"thumbnailUrl":"https:\/\/canal7slp.tv\/2025\/wp-content\/uploads\/2025\/04\/06-13.jpg","articleSection":["ECONOM\u00cdA","NACIONALES"],"inLanguage":"es"},{"@type":"WebPage","@id":"https:\/\/canal7slp.tv\/2025\/empresarios-optimistas-ante-inicio-de-semana-santa\/","url":"https:\/\/canal7slp.tv\/2025\/empresarios-optimistas-ante-inicio-de-semana-santa\/","name":"Empresarios optimistas ante inicio de Semana Santa - Canal 7 SLP - 2025","isPartOf":{"@id":"https:\/\/canal7slp.tv\/2025\/#website"},"primaryImageOfPage":{"@id":"https:\/\/canal7slp.tv\/2025\/empresarios-optimistas-ante-inicio-de-semana-santa\/#primaryimage"},"image":{"@id":"https:\/\/canal7slp.tv\/2025\/empresarios-optimistas-ante-inicio-de-semana-santa\/#primaryimage"},"thumbnailUrl":"https:\/\/canal7slp.tv\/2025\/wp-content\/uploads\/2025\/04\/06-13.jpg","datePublished":"2025-04-14T21:22:57+00:00","breadcrumb":{"@id":"https:\/\/canal7slp.tv\/2025\/empresarios-optimistas-ante-inicio-de-semana-santa\/#breadcrumb"},"inLanguage":"es","potentialAction":[{"@type":"ReadAction","target":["https:\/\/canal7slp.tv\/2025\/empresarios-optimistas-ante-inicio-de-semana-santa\/"]}]},{"@type":"ImageObject","inLanguage":"es","@id":"https:\/\/canal7slp.tv\/2025\/empresarios-optimistas-ante-inicio-de-semana-santa\/#primaryimage","url":"https:\/\/canal7slp.tv\/2025\/wp-content\/uploads\/2025\/04\/06-13.jpg","contentUrl":"https:\/\/canal7slp.tv\/2025\/wp-content\/uploads\/2025\/04\/06-13.jpg","width":728,"height":410},{"@type":"BreadcrumbList","@id":"https:\/\/canal7slp.tv\/2025\/empresarios-optimistas-ante-inicio-de-semana-santa\/#breadcrumb","itemListElement":[{"@type":"ListItem","position":1,"name":"Portada","item":"https:\/\/canal7slp.tv\/2025\/"},{"@type":"ListItem","position":2,"name":"Empresarios optimistas ante inicio de Semana Santa"}]},{"@type":"WebSite","@id":"https:\/\/canal7slp.tv\/2025\/#website","url":"https:\/\/canal7slp.tv\/2025\/","name":"N7 - Noticieros Canal 7","description":"Somos el Medio","publisher":{"@id":"https:\/\/canal7slp.tv\/2025\/#organization"},"potentialAction":[{"@type":"SearchAction","target":{"@type":"EntryPoint","urlTemplate":"https:\/\/canal7slp.tv\/2025\/?s={search_term_string}"},"query-input":{"@type":"PropertyValueSpecification","valueRequired":true,"valueName":"search_term_string"}}],"inLanguage":"es"},{"@type":"Organization","@id":"https:\/\/canal7slp.tv\/2025\/#organization","name":"Noticieros Canal 7","url":"https:\/\/canal7slp.tv\/2025\/","logo":{"@type":"ImageObject","inLanguage":"es","@id":"https:\/\/canal7slp.tv\/2025\/#\/schema\/logo\/image\/","url":"https:\/\/canal7slp.tv\/2025\/wp-content\/uploads\/2021\/01\/logo-noticieros@2x.png","contentUrl":"https:\/\/canal7slp.tv\/2025\/wp-content\/uploads\/2021\/01\/logo-noticieros@2x.png","width":1017,"height":268,"caption":"Noticieros Canal 7"},"image":{"@id":"https:\/\/canal7slp.tv\/2025\/#\/schema\/logo\/image\/"},"sameAs":["https:\/\/www.facebook.com\/noticieroscanal7atencionciudadana\/","https:\/\/x.com\/NOTICIEROS7","https:\/\/www.instagram.com\/canal7_slp","https:\/\/www.youtube.com\/channel\/UCliiYs-gP3JfJeqdPrNdd5A"]},{"@type":"Person","@id":"https:\/\/canal7slp.tv\/2025\/#\/schema\/person\/271e2b60a96e7cc9d9ac296f4d7e414b","name":"Edici\u00f3n Web","image":{"@type":"ImageObject","inLanguage":"es","@id":"https:\/\/secure.gravatar.com\/avatar\/eee448fc3f7164808013b816ba91ac7e43bbe82a70bebac296f8bc6f0addaa1a?s=96&d=mm&r=g","url":"https:\/\/secure.gravatar.com\/avatar\/eee448fc3f7164808013b816ba91ac7e43bbe82a70bebac296f8bc6f0addaa1a?s=96&d=mm&r=g","contentUrl":"https:\/\/secure.gravatar.com\/avatar\/eee448fc3f7164808013b816ba91ac7e43bbe82a70bebac296f8bc6f0addaa1a?s=96&d=mm&r=g","caption":"Edici\u00f3n Web"},"url":"https:\/\/canal7slp.tv\/2025\/author\/edicionweb\/"}]}},"_links":{"self":[{"href":"https:\/\/canal7slp.tv\/2025\/wp-json\/wp\/v2\/posts\/163256","targetHints":{"allow":["GET"]}}],"collection":[{"href":"https:\/\/canal7slp.tv\/2025\/wp-json\/wp\/v2\/posts"}],"about":[{"href":"https:\/\/canal7slp.tv\/2025\/wp-json\/wp\/v2\/types\/post"}],"author":[{"embeddable":true,"href":"https:\/\/canal7slp.tv\/2025\/wp-json\/wp\/v2\/users\/2"}],"replies":[{"embeddable":true,"href":"https:\/\/canal7slp.tv\/2025\/wp-json\/wp\/v2\/comments?post=163256"}],"version-history":[{"count":1,"href":"https:\/\/canal7slp.tv\/2025\/wp-json\/wp\/v2\/posts\/163256\/revisions"}],"predecessor-version":[{"id":163258,"href":"https:\/\/canal7slp.tv\/2025\/wp-json\/wp\/v2\/posts\/163256\/revisions\/163258"}],"wp:featuredmedia":[{"embeddable":true,"href":"https:\/\/canal7slp.tv\/2025\/wp-json\/wp\/v2\/media\/163257"}],"wp:attachment":[{"href":"https:\/\/canal7slp.tv\/2025\/wp-json\/wp\/v2\/media?parent=163256"}],"wp:term":[{"taxonomy":"category","embeddable":true,"href":"https:\/\/canal7slp.tv\/2025\/wp-json\/wp\/v2\/categories?post=163256"},{"taxonomy":"post_tag","embeddable":true,"href":"https:\/\/canal7slp.tv\/2025\/wp-json\/wp\/v2\/tags?post=163256"}],"curies":[{"name":"wp","href":"https:\/\/api.w.org\/{rel}","templated":true}]}}