{"id":163190,"date":"2025-04-13T10:50:04","date_gmt":"2025-04-13T16:50:04","guid":{"rendered":"https:\/\/canal7slp.tv\/2025\/?p=163190"},"modified":"2025-04-13T10:50:04","modified_gmt":"2025-04-13T16:50:04","slug":"colectivos-de-sonora-exigen-la-renuncia-de-rosario-piedra-ibarra-por-ausencia-en-dialogo-con-familias-de-desaparecidos","status":"publish","type":"post","link":"https:\/\/canal7slp.tv\/2025\/colectivos-de-sonora-exigen-la-renuncia-de-rosario-piedra-ibarra-por-ausencia-en-dialogo-con-familias-de-desaparecidos\/","title":{"rendered":"Colectivos de Sonora exigen la renuncia de Rosario Piedra Ibarra por ausencia en di\u00e1logo con familias de desaparecidos"},"content":{"rendered":"<p style=\"text-align: justify;\">Sonora.- Los colectivos J\u00f3venes Buscadores de Sonora y Madres Buscadoras de Sonora, encabezados por Ceci Patricia Flores, exigieron la renuncia inmediata de Rosario Piedra Ibarra, presidenta de la Comisi\u00f3n Nacional de los Derechos Humanos (CNDH), por su ausencia en una mesa de di\u00e1logo clave entre la Secretar\u00eda de Gobernaci\u00f3n y familiares de personas desaparecidas.<\/p>\n<p style=\"text-align: justify;\">En un comunicado, los colectivos calificaron la inasistencia de Piedra Ibarra como una muestra de indiferencia institucional ante el sufrimiento de las v\u00edctimas. \u201cSu silencio es violencia institucional\u201d, expresaron con firmeza.<\/p>\n<p style=\"text-align: justify;\">Los integrantes del movimiento cuestionaron la utilidad de la CNDH, se\u00f1alando: \u201c\u00bfQu\u00e9 esperanza queda para quienes buscan justicia cuando el gobierno abre sus puertas y la CNDH no est\u00e1 presente? \u00bfC\u00f3mo confiar en una instituci\u00f3n que se ausenta en momentos cr\u00edticos?\u201d.<\/p>\n<p style=\"text-align: justify;\">La exigencia de renuncia, precisaron, no responde a una vendetta personal, sino a un acto de dignidad: \u201cNo se puede representar a las v\u00edctimas desde la inacci\u00f3n, ni hablar de derechos humanos mientras se ignoran sus necesidades\u201d.<\/p>\n<p style=\"text-align: justify;\">Ceci Flores reforz\u00f3 este llamado desde sus redes sociales, afirmando que la CNDH debe actuar con sensibilidad, no con indiferencia. \u201cQueremos justicia, no indiferencia. Queremos instituciones que escuchen, no que se oculten\u201d, escribi\u00f3.<\/p>\n<p style=\"text-align: justify;\">El comunicado concluy\u00f3 con un mensaje contundente: \u201cEn nombre de cada madre con el coraz\u00f3n roto, decimos: \u00a1basta!\u201d.<\/p>\n","protected":false},"excerpt":{"rendered":"<p>Sonora.- Los colectivos J\u00f3venes Buscadores de Sonora y Madres Buscadoras de Sonora, encabezados por Ceci Patricia Flores, exigieron la renuncia inmediata de Rosario Piedra Ibarra, presidenta de la Comisi\u00f3n Nacional de los Derechos Humanos (CNDH), por su ausencia en una mesa de di\u00e1logo clave entre la Secretar\u00eda de Gobernaci\u00f3n y familiares de personas desaparecidas. En un comunicado, los colectivos calificaron la inasistencia de Piedra Ibarra como una muestra de indiferencia institucional ante el sufrimiento de las v\u00edctimas. \u201cSu silencio es violencia institucional\u201d, expresaron con firmeza. Los integrantes del movimiento cuestionaron la utilidad de la CNDH, se\u00f1alando: \u201c\u00bfQu\u00e9 esperanza queda para [&hellip;]<\/p>\n","protected":false},"author":2,"featured_media":163191,"comment_status":"closed","ping_status":"closed","sticky":false,"template":"","format":"standard","meta":{"_monsterinsights_skip_tracking":false,"_monsterinsights_sitenote_active":false,"_monsterinsights_sitenote_note":"","_monsterinsights_sitenote_category":0,"footnotes":""},"categories":[46],"tags":[],"class_list":["post-163190","post","type-post","status-publish","format-standard","has-post-thumbnail","hentry","category-nacional","post--single"],"yoast_head":"<!-- This site is optimized with the Yoast SEO plugin v27.5 - https:\/\/yoast.com\/product\/yoast-seo-wordpress\/ -->\n<title>Colectivos de Sonora exigen la renuncia de Rosario Piedra Ibarra por ausencia en di\u00e1logo con familias de desaparecidos - Canal 7 SLP - 2025<\/title>\n<meta name=\"robots\" content=\"index, follow, max-snippet:-1, max-image-preview:large, max-video-preview:-1\" \/>\n<link rel=\"canonical\" href=\"https:\/\/canal7slp.tv\/2025\/colectivos-de-sonora-exigen-la-renuncia-de-rosario-piedra-ibarra-por-ausencia-en-dialogo-con-familias-de-desaparecidos\/\" \/>\n<meta property=\"og:locale\" content=\"es_ES\" \/>\n<meta property=\"og:type\" content=\"article\" \/>\n<meta property=\"og:title\" content=\"Colectivos de Sonora exigen la renuncia de Rosario Piedra Ibarra por ausencia en di\u00e1logo con familias de desaparecidos - Canal 7 SLP - 2025\" \/>\n<meta property=\"og:description\" content=\"Sonora.- Los colectivos J\u00f3venes Buscadores de Sonora y Madres Buscadoras de Sonora, encabezados por Ceci Patricia Flores, exigieron la renuncia inmediata de Rosario Piedra Ibarra, presidenta de la Comisi\u00f3n Nacional de los Derechos Humanos (CNDH), por su ausencia en una mesa de di\u00e1logo clave entre la Secretar\u00eda de Gobernaci\u00f3n y familiares de personas desaparecidas. En un comunicado, los colectivos calificaron la inasistencia de Piedra Ibarra como una muestra de indiferencia institucional ante el sufrimiento de las v\u00edctimas. \u201cSu silencio es violencia institucional\u201d, expresaron con firmeza. Los integrantes del movimiento cuestionaron la utilidad de la CNDH, se\u00f1alando: \u201c\u00bfQu\u00e9 esperanza queda para [&hellip;]\" \/>\n<meta property=\"og:url\" content=\"https:\/\/canal7slp.tv\/2025\/colectivos-de-sonora-exigen-la-renuncia-de-rosario-piedra-ibarra-por-ausencia-en-dialogo-con-familias-de-desaparecidos\/\" \/>\n<meta property=\"og:site_name\" content=\"Canal 7 SLP - 2025\" \/>\n<meta property=\"article:publisher\" content=\"https:\/\/www.facebook.com\/noticieroscanal7atencionciudadana\/\" \/>\n<meta property=\"article:published_time\" content=\"2025-04-13T16:50:04+00:00\" \/>\n<meta property=\"og:image\" content=\"https:\/\/canal7slp.tv\/2025\/wp-content\/uploads\/2025\/04\/03-12.jpg\" \/>\n\t<meta property=\"og:image:width\" content=\"927\" \/>\n\t<meta property=\"og:image:height\" content=\"500\" \/>\n\t<meta property=\"og:image:type\" content=\"image\/jpeg\" \/>\n<meta name=\"author\" content=\"Edici\u00f3n Web\" \/>\n<meta name=\"twitter:card\" content=\"summary_large_image\" \/>\n<meta name=\"twitter:creator\" content=\"@NOTICIEROS7\" \/>\n<meta name=\"twitter:site\" content=\"@NOTICIEROS7\" \/>\n<meta name=\"twitter:label1\" content=\"Escrito por\" \/>\n\t<meta name=\"twitter:data1\" content=\"Edici\u00f3n Web\" \/>\n\t<meta name=\"twitter:label2\" content=\"Tiempo de lectura\" \/>\n\t<meta name=\"twitter:data2\" content=\"2 minutos\" \/>\n<script type=\"application\/ld+json\" class=\"yoast-schema-graph\">{\"@context\":\"https:\\\/\\\/schema.org\",\"@graph\":[{\"@type\":\"Article\",\"@id\":\"https:\\\/\\\/canal7slp.tv\\\/2025\\\/colectivos-de-sonora-exigen-la-renuncia-de-rosario-piedra-ibarra-por-ausencia-en-dialogo-con-familias-de-desaparecidos\\\/#article\",\"isPartOf\":{\"@id\":\"https:\\\/\\\/canal7slp.tv\\\/2025\\\/colectivos-de-sonora-exigen-la-renuncia-de-rosario-piedra-ibarra-por-ausencia-en-dialogo-con-familias-de-desaparecidos\\\/\"},\"author\":{\"name\":\"Edici\u00f3n Web\",\"@id\":\"https:\\\/\\\/canal7slp.tv\\\/2025\\\/#\\\/schema\\\/person\\\/271e2b60a96e7cc9d9ac296f4d7e414b\"},\"headline\":\"Colectivos de Sonora exigen la renuncia de Rosario Piedra Ibarra por ausencia en di\u00e1logo con familias de desaparecidos\",\"datePublished\":\"2025-04-13T16:50:04+00:00\",\"mainEntityOfPage\":{\"@id\":\"https:\\\/\\\/canal7slp.tv\\\/2025\\\/colectivos-de-sonora-exigen-la-renuncia-de-rosario-piedra-ibarra-por-ausencia-en-dialogo-con-familias-de-desaparecidos\\\/\"},\"wordCount\":247,\"publisher\":{\"@id\":\"https:\\\/\\\/canal7slp.tv\\\/2025\\\/#organization\"},\"image\":{\"@id\":\"https:\\\/\\\/canal7slp.tv\\\/2025\\\/colectivos-de-sonora-exigen-la-renuncia-de-rosario-piedra-ibarra-por-ausencia-en-dialogo-con-familias-de-desaparecidos\\\/#primaryimage\"},\"thumbnailUrl\":\"https:\\\/\\\/canal7slp.tv\\\/2025\\\/wp-content\\\/uploads\\\/2025\\\/04\\\/03-12.jpg\",\"articleSection\":[\"NACIONALES\"],\"inLanguage\":\"es\"},{\"@type\":\"WebPage\",\"@id\":\"https:\\\/\\\/canal7slp.tv\\\/2025\\\/colectivos-de-sonora-exigen-la-renuncia-de-rosario-piedra-ibarra-por-ausencia-en-dialogo-con-familias-de-desaparecidos\\\/\",\"url\":\"https:\\\/\\\/canal7slp.tv\\\/2025\\\/colectivos-de-sonora-exigen-la-renuncia-de-rosario-piedra-ibarra-por-ausencia-en-dialogo-con-familias-de-desaparecidos\\\/\",\"name\":\"Colectivos de Sonora exigen la renuncia de Rosario Piedra Ibarra por ausencia en di\u00e1logo con familias de desaparecidos - Canal 7 SLP - 2025\",\"isPartOf\":{\"@id\":\"https:\\\/\\\/canal7slp.tv\\\/2025\\\/#website\"},\"primaryImageOfPage\":{\"@id\":\"https:\\\/\\\/canal7slp.tv\\\/2025\\\/colectivos-de-sonora-exigen-la-renuncia-de-rosario-piedra-ibarra-por-ausencia-en-dialogo-con-familias-de-desaparecidos\\\/#primaryimage\"},\"image\":{\"@id\":\"https:\\\/\\\/canal7slp.tv\\\/2025\\\/colectivos-de-sonora-exigen-la-renuncia-de-rosario-piedra-ibarra-por-ausencia-en-dialogo-con-familias-de-desaparecidos\\\/#primaryimage\"},\"thumbnailUrl\":\"https:\\\/\\\/canal7slp.tv\\\/2025\\\/wp-content\\\/uploads\\\/2025\\\/04\\\/03-12.jpg\",\"datePublished\":\"2025-04-13T16:50:04+00:00\",\"breadcrumb\":{\"@id\":\"https:\\\/\\\/canal7slp.tv\\\/2025\\\/colectivos-de-sonora-exigen-la-renuncia-de-rosario-piedra-ibarra-por-ausencia-en-dialogo-con-familias-de-desaparecidos\\\/#breadcrumb\"},\"inLanguage\":\"es\",\"potentialAction\":[{\"@type\":\"ReadAction\",\"target\":[\"https:\\\/\\\/canal7slp.tv\\\/2025\\\/colectivos-de-sonora-exigen-la-renuncia-de-rosario-piedra-ibarra-por-ausencia-en-dialogo-con-familias-de-desaparecidos\\\/\"]}]},{\"@type\":\"ImageObject\",\"inLanguage\":\"es\",\"@id\":\"https:\\\/\\\/canal7slp.tv\\\/2025\\\/colectivos-de-sonora-exigen-la-renuncia-de-rosario-piedra-ibarra-por-ausencia-en-dialogo-con-familias-de-desaparecidos\\\/#primaryimage\",\"url\":\"https:\\\/\\\/canal7slp.tv\\\/2025\\\/wp-content\\\/uploads\\\/2025\\\/04\\\/03-12.jpg\",\"contentUrl\":\"https:\\\/\\\/canal7slp.tv\\\/2025\\\/wp-content\\\/uploads\\\/2025\\\/04\\\/03-12.jpg\",\"width\":927,\"height\":500},{\"@type\":\"BreadcrumbList\",\"@id\":\"https:\\\/\\\/canal7slp.tv\\\/2025\\\/colectivos-de-sonora-exigen-la-renuncia-de-rosario-piedra-ibarra-por-ausencia-en-dialogo-con-familias-de-desaparecidos\\\/#breadcrumb\",\"itemListElement\":[{\"@type\":\"ListItem\",\"position\":1,\"name\":\"Portada\",\"item\":\"https:\\\/\\\/canal7slp.tv\\\/2025\\\/\"},{\"@type\":\"ListItem\",\"position\":2,\"name\":\"Colectivos de Sonora exigen la renuncia de Rosario Piedra Ibarra por ausencia en di\u00e1logo con familias de desaparecidos\"}]},{\"@type\":\"WebSite\",\"@id\":\"https:\\\/\\\/canal7slp.tv\\\/2025\\\/#website\",\"url\":\"https:\\\/\\\/canal7slp.tv\\\/2025\\\/\",\"name\":\"N7 - Noticieros Canal 7\",\"description\":\"Somos el Medio\",\"publisher\":{\"@id\":\"https:\\\/\\\/canal7slp.tv\\\/2025\\\/#organization\"},\"potentialAction\":[{\"@type\":\"SearchAction\",\"target\":{\"@type\":\"EntryPoint\",\"urlTemplate\":\"https:\\\/\\\/canal7slp.tv\\\/2025\\\/?s={search_term_string}\"},\"query-input\":{\"@type\":\"PropertyValueSpecification\",\"valueRequired\":true,\"valueName\":\"search_term_string\"}}],\"inLanguage\":\"es\"},{\"@type\":\"Organization\",\"@id\":\"https:\\\/\\\/canal7slp.tv\\\/2025\\\/#organization\",\"name\":\"Noticieros Canal 7\",\"url\":\"https:\\\/\\\/canal7slp.tv\\\/2025\\\/\",\"logo\":{\"@type\":\"ImageObject\",\"inLanguage\":\"es\",\"@id\":\"https:\\\/\\\/canal7slp.tv\\\/2025\\\/#\\\/schema\\\/logo\\\/image\\\/\",\"url\":\"https:\\\/\\\/canal7slp.tv\\\/2025\\\/wp-content\\\/uploads\\\/2021\\\/01\\\/logo-noticieros@2x.png\",\"contentUrl\":\"https:\\\/\\\/canal7slp.tv\\\/2025\\\/wp-content\\\/uploads\\\/2021\\\/01\\\/logo-noticieros@2x.png\",\"width\":1017,\"height\":268,\"caption\":\"Noticieros Canal 7\"},\"image\":{\"@id\":\"https:\\\/\\\/canal7slp.tv\\\/2025\\\/#\\\/schema\\\/logo\\\/image\\\/\"},\"sameAs\":[\"https:\\\/\\\/www.facebook.com\\\/noticieroscanal7atencionciudadana\\\/\",\"https:\\\/\\\/x.com\\\/NOTICIEROS7\",\"https:\\\/\\\/www.instagram.com\\\/canal7_slp\",\"https:\\\/\\\/www.youtube.com\\\/channel\\\/UCliiYs-gP3JfJeqdPrNdd5A\"]},{\"@type\":\"Person\",\"@id\":\"https:\\\/\\\/canal7slp.tv\\\/2025\\\/#\\\/schema\\\/person\\\/271e2b60a96e7cc9d9ac296f4d7e414b\",\"name\":\"Edici\u00f3n Web\",\"image\":{\"@type\":\"ImageObject\",\"inLanguage\":\"es\",\"@id\":\"https:\\\/\\\/secure.gravatar.com\\\/avatar\\\/eee448fc3f7164808013b816ba91ac7e43bbe82a70bebac296f8bc6f0addaa1a?s=96&d=mm&r=g\",\"url\":\"https:\\\/\\\/secure.gravatar.com\\\/avatar\\\/eee448fc3f7164808013b816ba91ac7e43bbe82a70bebac296f8bc6f0addaa1a?s=96&d=mm&r=g\",\"contentUrl\":\"https:\\\/\\\/secure.gravatar.com\\\/avatar\\\/eee448fc3f7164808013b816ba91ac7e43bbe82a70bebac296f8bc6f0addaa1a?s=96&d=mm&r=g\",\"caption\":\"Edici\u00f3n Web\"},\"url\":\"https:\\\/\\\/canal7slp.tv\\\/2025\\\/author\\\/edicionweb\\\/\"}]}<\/script>\n<!-- \/ Yoast SEO plugin. -->","yoast_head_json":{"title":"Colectivos de Sonora exigen la renuncia de Rosario Piedra Ibarra por ausencia en di\u00e1logo con familias de desaparecidos - Canal 7 SLP - 2025","robots":{"index":"index","follow":"follow","max-snippet":"max-snippet:-1","max-image-preview":"max-image-preview:large","max-video-preview":"max-video-preview:-1"},"canonical":"https:\/\/canal7slp.tv\/2025\/colectivos-de-sonora-exigen-la-renuncia-de-rosario-piedra-ibarra-por-ausencia-en-dialogo-con-familias-de-desaparecidos\/","og_locale":"es_ES","og_type":"article","og_title":"Colectivos de Sonora exigen la renuncia de Rosario Piedra Ibarra por ausencia en di\u00e1logo con familias de desaparecidos - Canal 7 SLP - 2025","og_description":"Sonora.- Los colectivos J\u00f3venes Buscadores de Sonora y Madres Buscadoras de Sonora, encabezados por Ceci Patricia Flores, exigieron la renuncia inmediata de Rosario Piedra Ibarra, presidenta de la Comisi\u00f3n Nacional de los Derechos Humanos (CNDH), por su ausencia en una mesa de di\u00e1logo clave entre la Secretar\u00eda de Gobernaci\u00f3n y familiares de personas desaparecidas. En un comunicado, los colectivos calificaron la inasistencia de Piedra Ibarra como una muestra de indiferencia institucional ante el sufrimiento de las v\u00edctimas. \u201cSu silencio es violencia institucional\u201d, expresaron con firmeza. Los integrantes del movimiento cuestionaron la utilidad de la CNDH, se\u00f1alando: \u201c\u00bfQu\u00e9 esperanza queda para [&hellip;]","og_url":"https:\/\/canal7slp.tv\/2025\/colectivos-de-sonora-exigen-la-renuncia-de-rosario-piedra-ibarra-por-ausencia-en-dialogo-con-familias-de-desaparecidos\/","og_site_name":"Canal 7 SLP - 2025","article_publisher":"https:\/\/www.facebook.com\/noticieroscanal7atencionciudadana\/","article_published_time":"2025-04-13T16:50:04+00:00","og_image":[{"width":927,"height":500,"url":"https:\/\/canal7slp.tv\/2025\/wp-content\/uploads\/2025\/04\/03-12.jpg","type":"image\/jpeg"}],"author":"Edici\u00f3n Web","twitter_card":"summary_large_image","twitter_creator":"@NOTICIEROS7","twitter_site":"@NOTICIEROS7","twitter_misc":{"Escrito por":"Edici\u00f3n Web","Tiempo de lectura":"2 minutos"},"schema":{"@context":"https:\/\/schema.org","@graph":[{"@type":"Article","@id":"https:\/\/canal7slp.tv\/2025\/colectivos-de-sonora-exigen-la-renuncia-de-rosario-piedra-ibarra-por-ausencia-en-dialogo-con-familias-de-desaparecidos\/#article","isPartOf":{"@id":"https:\/\/canal7slp.tv\/2025\/colectivos-de-sonora-exigen-la-renuncia-de-rosario-piedra-ibarra-por-ausencia-en-dialogo-con-familias-de-desaparecidos\/"},"author":{"name":"Edici\u00f3n Web","@id":"https:\/\/canal7slp.tv\/2025\/#\/schema\/person\/271e2b60a96e7cc9d9ac296f4d7e414b"},"headline":"Colectivos de Sonora exigen la renuncia de Rosario Piedra Ibarra por ausencia en di\u00e1logo con familias de desaparecidos","datePublished":"2025-04-13T16:50:04+00:00","mainEntityOfPage":{"@id":"https:\/\/canal7slp.tv\/2025\/colectivos-de-sonora-exigen-la-renuncia-de-rosario-piedra-ibarra-por-ausencia-en-dialogo-con-familias-de-desaparecidos\/"},"wordCount":247,"publisher":{"@id":"https:\/\/canal7slp.tv\/2025\/#organization"},"image":{"@id":"https:\/\/canal7slp.tv\/2025\/colectivos-de-sonora-exigen-la-renuncia-de-rosario-piedra-ibarra-por-ausencia-en-dialogo-con-familias-de-desaparecidos\/#primaryimage"},"thumbnailUrl":"https:\/\/canal7slp.tv\/2025\/wp-content\/uploads\/2025\/04\/03-12.jpg","articleSection":["NACIONALES"],"inLanguage":"es"},{"@type":"WebPage","@id":"https:\/\/canal7slp.tv\/2025\/colectivos-de-sonora-exigen-la-renuncia-de-rosario-piedra-ibarra-por-ausencia-en-dialogo-con-familias-de-desaparecidos\/","url":"https:\/\/canal7slp.tv\/2025\/colectivos-de-sonora-exigen-la-renuncia-de-rosario-piedra-ibarra-por-ausencia-en-dialogo-con-familias-de-desaparecidos\/","name":"Colectivos de Sonora exigen la renuncia de Rosario Piedra Ibarra por ausencia en di\u00e1logo con familias de desaparecidos - Canal 7 SLP - 2025","isPartOf":{"@id":"https:\/\/canal7slp.tv\/2025\/#website"},"primaryImageOfPage":{"@id":"https:\/\/canal7slp.tv\/2025\/colectivos-de-sonora-exigen-la-renuncia-de-rosario-piedra-ibarra-por-ausencia-en-dialogo-con-familias-de-desaparecidos\/#primaryimage"},"image":{"@id":"https:\/\/canal7slp.tv\/2025\/colectivos-de-sonora-exigen-la-renuncia-de-rosario-piedra-ibarra-por-ausencia-en-dialogo-con-familias-de-desaparecidos\/#primaryimage"},"thumbnailUrl":"https:\/\/canal7slp.tv\/2025\/wp-content\/uploads\/2025\/04\/03-12.jpg","datePublished":"2025-04-13T16:50:04+00:00","breadcrumb":{"@id":"https:\/\/canal7slp.tv\/2025\/colectivos-de-sonora-exigen-la-renuncia-de-rosario-piedra-ibarra-por-ausencia-en-dialogo-con-familias-de-desaparecidos\/#breadcrumb"},"inLanguage":"es","potentialAction":[{"@type":"ReadAction","target":["https:\/\/canal7slp.tv\/2025\/colectivos-de-sonora-exigen-la-renuncia-de-rosario-piedra-ibarra-por-ausencia-en-dialogo-con-familias-de-desaparecidos\/"]}]},{"@type":"ImageObject","inLanguage":"es","@id":"https:\/\/canal7slp.tv\/2025\/colectivos-de-sonora-exigen-la-renuncia-de-rosario-piedra-ibarra-por-ausencia-en-dialogo-con-familias-de-desaparecidos\/#primaryimage","url":"https:\/\/canal7slp.tv\/2025\/wp-content\/uploads\/2025\/04\/03-12.jpg","contentUrl":"https:\/\/canal7slp.tv\/2025\/wp-content\/uploads\/2025\/04\/03-12.jpg","width":927,"height":500},{"@type":"BreadcrumbList","@id":"https:\/\/canal7slp.tv\/2025\/colectivos-de-sonora-exigen-la-renuncia-de-rosario-piedra-ibarra-por-ausencia-en-dialogo-con-familias-de-desaparecidos\/#breadcrumb","itemListElement":[{"@type":"ListItem","position":1,"name":"Portada","item":"https:\/\/canal7slp.tv\/2025\/"},{"@type":"ListItem","position":2,"name":"Colectivos de Sonora exigen la renuncia de Rosario Piedra Ibarra por ausencia en di\u00e1logo con familias de desaparecidos"}]},{"@type":"WebSite","@id":"https:\/\/canal7slp.tv\/2025\/#website","url":"https:\/\/canal7slp.tv\/2025\/","name":"N7 - Noticieros Canal 7","description":"Somos el Medio","publisher":{"@id":"https:\/\/canal7slp.tv\/2025\/#organization"},"potentialAction":[{"@type":"SearchAction","target":{"@type":"EntryPoint","urlTemplate":"https:\/\/canal7slp.tv\/2025\/?s={search_term_string}"},"query-input":{"@type":"PropertyValueSpecification","valueRequired":true,"valueName":"search_term_string"}}],"inLanguage":"es"},{"@type":"Organization","@id":"https:\/\/canal7slp.tv\/2025\/#organization","name":"Noticieros Canal 7","url":"https:\/\/canal7slp.tv\/2025\/","logo":{"@type":"ImageObject","inLanguage":"es","@id":"https:\/\/canal7slp.tv\/2025\/#\/schema\/logo\/image\/","url":"https:\/\/canal7slp.tv\/2025\/wp-content\/uploads\/2021\/01\/logo-noticieros@2x.png","contentUrl":"https:\/\/canal7slp.tv\/2025\/wp-content\/uploads\/2021\/01\/logo-noticieros@2x.png","width":1017,"height":268,"caption":"Noticieros Canal 7"},"image":{"@id":"https:\/\/canal7slp.tv\/2025\/#\/schema\/logo\/image\/"},"sameAs":["https:\/\/www.facebook.com\/noticieroscanal7atencionciudadana\/","https:\/\/x.com\/NOTICIEROS7","https:\/\/www.instagram.com\/canal7_slp","https:\/\/www.youtube.com\/channel\/UCliiYs-gP3JfJeqdPrNdd5A"]},{"@type":"Person","@id":"https:\/\/canal7slp.tv\/2025\/#\/schema\/person\/271e2b60a96e7cc9d9ac296f4d7e414b","name":"Edici\u00f3n Web","image":{"@type":"ImageObject","inLanguage":"es","@id":"https:\/\/secure.gravatar.com\/avatar\/eee448fc3f7164808013b816ba91ac7e43bbe82a70bebac296f8bc6f0addaa1a?s=96&d=mm&r=g","url":"https:\/\/secure.gravatar.com\/avatar\/eee448fc3f7164808013b816ba91ac7e43bbe82a70bebac296f8bc6f0addaa1a?s=96&d=mm&r=g","contentUrl":"https:\/\/secure.gravatar.com\/avatar\/eee448fc3f7164808013b816ba91ac7e43bbe82a70bebac296f8bc6f0addaa1a?s=96&d=mm&r=g","caption":"Edici\u00f3n Web"},"url":"https:\/\/canal7slp.tv\/2025\/author\/edicionweb\/"}]}},"_links":{"self":[{"href":"https:\/\/canal7slp.tv\/2025\/wp-json\/wp\/v2\/posts\/163190","targetHints":{"allow":["GET"]}}],"collection":[{"href":"https:\/\/canal7slp.tv\/2025\/wp-json\/wp\/v2\/posts"}],"about":[{"href":"https:\/\/canal7slp.tv\/2025\/wp-json\/wp\/v2\/types\/post"}],"author":[{"embeddable":true,"href":"https:\/\/canal7slp.tv\/2025\/wp-json\/wp\/v2\/users\/2"}],"replies":[{"embeddable":true,"href":"https:\/\/canal7slp.tv\/2025\/wp-json\/wp\/v2\/comments?post=163190"}],"version-history":[{"count":1,"href":"https:\/\/canal7slp.tv\/2025\/wp-json\/wp\/v2\/posts\/163190\/revisions"}],"predecessor-version":[{"id":163192,"href":"https:\/\/canal7slp.tv\/2025\/wp-json\/wp\/v2\/posts\/163190\/revisions\/163192"}],"wp:featuredmedia":[{"embeddable":true,"href":"https:\/\/canal7slp.tv\/2025\/wp-json\/wp\/v2\/media\/163191"}],"wp:attachment":[{"href":"https:\/\/canal7slp.tv\/2025\/wp-json\/wp\/v2\/media?parent=163190"}],"wp:term":[{"taxonomy":"category","embeddable":true,"href":"https:\/\/canal7slp.tv\/2025\/wp-json\/wp\/v2\/categories?post=163190"},{"taxonomy":"post_tag","embeddable":true,"href":"https:\/\/canal7slp.tv\/2025\/wp-json\/wp\/v2\/tags?post=163190"}],"curies":[{"name":"wp","href":"https:\/\/api.w.org\/{rel}","templated":true}]}}