{"id":163187,"date":"2025-04-13T10:33:18","date_gmt":"2025-04-13T16:33:18","guid":{"rendered":"https:\/\/canal7slp.tv\/2025\/?p=163187"},"modified":"2025-04-13T10:33:18","modified_gmt":"2025-04-13T16:33:18","slug":"vinculan-a-proceso-a-influencer-por-alterar-escena-del-caso-abc","status":"publish","type":"post","link":"https:\/\/canal7slp.tv\/2025\/vinculan-a-proceso-a-influencer-por-alterar-escena-del-caso-abc\/","title":{"rendered":"Vinculan a proceso a influencer por alterar escena del caso ABC"},"content":{"rendered":"<p style=\"text-align: justify;\">Hermosillo.-\u00a0Un juez de distrito en Hermosillo vincul\u00f3 a proceso a la creadora de contenido digital P\u00eda D\u00edaz, por su presunta implicaci\u00f3n en la alteraci\u00f3n de la escena del incendio en la Guarder\u00eda ABC, donde en 2009 murieron 49 ni\u00f1os.<\/p>\n<p style=\"text-align: justify;\">La acci\u00f3n legal se deriva de una denuncia presentada en 2021 por seis madres afectadas, inform\u00f3 Gabriel Alvarado, abogado del grupo Manos Unidas por Nuestros Ni\u00f1os.<\/p>\n<p style=\"text-align: justify;\">El abogado explic\u00f3 que P\u00eda D\u00edaz y otros cinco influencers ingresaron sin autorizaci\u00f3n a \u00e1reas resguardadas por la Fiscal\u00eda General de la Rep\u00fablica (FGR) y manipularon objetos pertenecientes a los menores fallecidos, los cuales siguen bajo custodia como parte de la investigaci\u00f3n oficial.<\/p>\n<p style=\"text-align: justify;\">El grupo legal present\u00f3 una denuncia general contra estas incursiones, se\u00f1alando la gravedad de que personas ajenas ingresen a un sitio legalmente protegido.<\/p>\n<p style=\"text-align: justify;\">Durante una audiencia en el Centro de Justicia Penal Federal en Sonora, el juez determin\u00f3 que Ana \u201cN\u201d enfrentar\u00e1 proceso por encubrimiento, espec\u00edficamente por alterar il\u00edcitamente un lugar relacionado con hechos delictivos, conforme al Art\u00edculo 400 del C\u00f3digo Penal Federal.<\/p>\n<p style=\"text-align: justify;\">Aunque el delito no es considerado grave, D\u00edaz deber\u00e1 cumplir con medidas cautelares, como firmar peri\u00f3dicamente ante las autoridades y no cambiar su domicilio, mientras avanza el proceso judicial.<\/p>\n<p style=\"text-align: justify;\">La pena por este delito podr\u00eda ir de tres meses a tres a\u00f1os de prisi\u00f3n, sin requerir prisi\u00f3n preventiva ni fianza econ\u00f3mica.<\/p>\n","protected":false},"excerpt":{"rendered":"<p>Hermosillo.-\u00a0Un juez de distrito en Hermosillo vincul\u00f3 a proceso a la creadora de contenido digital P\u00eda D\u00edaz, por su presunta implicaci\u00f3n en la alteraci\u00f3n de la escena del incendio en la Guarder\u00eda ABC, donde en 2009 murieron 49 ni\u00f1os. La acci\u00f3n legal se deriva de una denuncia presentada en 2021 por seis madres afectadas, inform\u00f3 Gabriel Alvarado, abogado del grupo Manos Unidas por Nuestros Ni\u00f1os. El abogado explic\u00f3 que P\u00eda D\u00edaz y otros cinco influencers ingresaron sin autorizaci\u00f3n a \u00e1reas resguardadas por la Fiscal\u00eda General de la Rep\u00fablica (FGR) y manipularon objetos pertenecientes a los menores fallecidos, los cuales siguen [&hellip;]<\/p>\n","protected":false},"author":2,"featured_media":163188,"comment_status":"closed","ping_status":"closed","sticky":false,"template":"","format":"standard","meta":{"_monsterinsights_skip_tracking":false,"_monsterinsights_sitenote_active":false,"_monsterinsights_sitenote_note":"","_monsterinsights_sitenote_category":0,"footnotes":""},"categories":[46],"tags":[],"class_list":["post-163187","post","type-post","status-publish","format-standard","has-post-thumbnail","hentry","category-nacional","post--single"],"yoast_head":"<!-- This site is optimized with the Yoast SEO plugin v27.5 - https:\/\/yoast.com\/product\/yoast-seo-wordpress\/ -->\n<title>Vinculan a proceso a influencer por alterar escena del caso ABC - Canal 7 SLP - 2025<\/title>\n<meta name=\"robots\" content=\"index, follow, max-snippet:-1, max-image-preview:large, max-video-preview:-1\" \/>\n<link rel=\"canonical\" href=\"https:\/\/canal7slp.tv\/2025\/vinculan-a-proceso-a-influencer-por-alterar-escena-del-caso-abc\/\" \/>\n<meta property=\"og:locale\" content=\"es_ES\" \/>\n<meta property=\"og:type\" content=\"article\" \/>\n<meta property=\"og:title\" content=\"Vinculan a proceso a influencer por alterar escena del caso ABC - Canal 7 SLP - 2025\" \/>\n<meta property=\"og:description\" content=\"Hermosillo.-\u00a0Un juez de distrito en Hermosillo vincul\u00f3 a proceso a la creadora de contenido digital P\u00eda D\u00edaz, por su presunta implicaci\u00f3n en la alteraci\u00f3n de la escena del incendio en la Guarder\u00eda ABC, donde en 2009 murieron 49 ni\u00f1os. La acci\u00f3n legal se deriva de una denuncia presentada en 2021 por seis madres afectadas, inform\u00f3 Gabriel Alvarado, abogado del grupo Manos Unidas por Nuestros Ni\u00f1os. El abogado explic\u00f3 que P\u00eda D\u00edaz y otros cinco influencers ingresaron sin autorizaci\u00f3n a \u00e1reas resguardadas por la Fiscal\u00eda General de la Rep\u00fablica (FGR) y manipularon objetos pertenecientes a los menores fallecidos, los cuales siguen [&hellip;]\" \/>\n<meta property=\"og:url\" content=\"https:\/\/canal7slp.tv\/2025\/vinculan-a-proceso-a-influencer-por-alterar-escena-del-caso-abc\/\" \/>\n<meta property=\"og:site_name\" content=\"Canal 7 SLP - 2025\" \/>\n<meta property=\"article:publisher\" content=\"https:\/\/www.facebook.com\/noticieroscanal7atencionciudadana\/\" \/>\n<meta property=\"article:published_time\" content=\"2025-04-13T16:33:18+00:00\" \/>\n<meta property=\"og:image\" content=\"https:\/\/canal7slp.tv\/2025\/wp-content\/uploads\/2025\/04\/02-12.jpg\" \/>\n\t<meta property=\"og:image:width\" content=\"764\" \/>\n\t<meta property=\"og:image:height\" content=\"500\" \/>\n\t<meta property=\"og:image:type\" content=\"image\/jpeg\" \/>\n<meta name=\"author\" content=\"Edici\u00f3n Web\" \/>\n<meta name=\"twitter:card\" content=\"summary_large_image\" \/>\n<meta name=\"twitter:creator\" content=\"@NOTICIEROS7\" \/>\n<meta name=\"twitter:site\" content=\"@NOTICIEROS7\" \/>\n<meta name=\"twitter:label1\" content=\"Escrito por\" \/>\n\t<meta name=\"twitter:data1\" content=\"Edici\u00f3n Web\" \/>\n\t<meta name=\"twitter:label2\" content=\"Tiempo de lectura\" \/>\n\t<meta name=\"twitter:data2\" content=\"2 minutos\" \/>\n<script type=\"application\/ld+json\" class=\"yoast-schema-graph\">{\"@context\":\"https:\\\/\\\/schema.org\",\"@graph\":[{\"@type\":\"Article\",\"@id\":\"https:\\\/\\\/canal7slp.tv\\\/2025\\\/vinculan-a-proceso-a-influencer-por-alterar-escena-del-caso-abc\\\/#article\",\"isPartOf\":{\"@id\":\"https:\\\/\\\/canal7slp.tv\\\/2025\\\/vinculan-a-proceso-a-influencer-por-alterar-escena-del-caso-abc\\\/\"},\"author\":{\"name\":\"Edici\u00f3n Web\",\"@id\":\"https:\\\/\\\/canal7slp.tv\\\/2025\\\/#\\\/schema\\\/person\\\/271e2b60a96e7cc9d9ac296f4d7e414b\"},\"headline\":\"Vinculan a proceso a influencer por alterar escena del caso ABC\",\"datePublished\":\"2025-04-13T16:33:18+00:00\",\"mainEntityOfPage\":{\"@id\":\"https:\\\/\\\/canal7slp.tv\\\/2025\\\/vinculan-a-proceso-a-influencer-por-alterar-escena-del-caso-abc\\\/\"},\"wordCount\":257,\"publisher\":{\"@id\":\"https:\\\/\\\/canal7slp.tv\\\/2025\\\/#organization\"},\"image\":{\"@id\":\"https:\\\/\\\/canal7slp.tv\\\/2025\\\/vinculan-a-proceso-a-influencer-por-alterar-escena-del-caso-abc\\\/#primaryimage\"},\"thumbnailUrl\":\"https:\\\/\\\/canal7slp.tv\\\/2025\\\/wp-content\\\/uploads\\\/2025\\\/04\\\/02-12.jpg\",\"articleSection\":[\"NACIONALES\"],\"inLanguage\":\"es\"},{\"@type\":\"WebPage\",\"@id\":\"https:\\\/\\\/canal7slp.tv\\\/2025\\\/vinculan-a-proceso-a-influencer-por-alterar-escena-del-caso-abc\\\/\",\"url\":\"https:\\\/\\\/canal7slp.tv\\\/2025\\\/vinculan-a-proceso-a-influencer-por-alterar-escena-del-caso-abc\\\/\",\"name\":\"Vinculan a proceso a influencer por alterar escena del caso ABC - Canal 7 SLP - 2025\",\"isPartOf\":{\"@id\":\"https:\\\/\\\/canal7slp.tv\\\/2025\\\/#website\"},\"primaryImageOfPage\":{\"@id\":\"https:\\\/\\\/canal7slp.tv\\\/2025\\\/vinculan-a-proceso-a-influencer-por-alterar-escena-del-caso-abc\\\/#primaryimage\"},\"image\":{\"@id\":\"https:\\\/\\\/canal7slp.tv\\\/2025\\\/vinculan-a-proceso-a-influencer-por-alterar-escena-del-caso-abc\\\/#primaryimage\"},\"thumbnailUrl\":\"https:\\\/\\\/canal7slp.tv\\\/2025\\\/wp-content\\\/uploads\\\/2025\\\/04\\\/02-12.jpg\",\"datePublished\":\"2025-04-13T16:33:18+00:00\",\"breadcrumb\":{\"@id\":\"https:\\\/\\\/canal7slp.tv\\\/2025\\\/vinculan-a-proceso-a-influencer-por-alterar-escena-del-caso-abc\\\/#breadcrumb\"},\"inLanguage\":\"es\",\"potentialAction\":[{\"@type\":\"ReadAction\",\"target\":[\"https:\\\/\\\/canal7slp.tv\\\/2025\\\/vinculan-a-proceso-a-influencer-por-alterar-escena-del-caso-abc\\\/\"]}]},{\"@type\":\"ImageObject\",\"inLanguage\":\"es\",\"@id\":\"https:\\\/\\\/canal7slp.tv\\\/2025\\\/vinculan-a-proceso-a-influencer-por-alterar-escena-del-caso-abc\\\/#primaryimage\",\"url\":\"https:\\\/\\\/canal7slp.tv\\\/2025\\\/wp-content\\\/uploads\\\/2025\\\/04\\\/02-12.jpg\",\"contentUrl\":\"https:\\\/\\\/canal7slp.tv\\\/2025\\\/wp-content\\\/uploads\\\/2025\\\/04\\\/02-12.jpg\",\"width\":764,\"height\":500},{\"@type\":\"BreadcrumbList\",\"@id\":\"https:\\\/\\\/canal7slp.tv\\\/2025\\\/vinculan-a-proceso-a-influencer-por-alterar-escena-del-caso-abc\\\/#breadcrumb\",\"itemListElement\":[{\"@type\":\"ListItem\",\"position\":1,\"name\":\"Portada\",\"item\":\"https:\\\/\\\/canal7slp.tv\\\/2025\\\/\"},{\"@type\":\"ListItem\",\"position\":2,\"name\":\"Vinculan a proceso a influencer por alterar escena del caso ABC\"}]},{\"@type\":\"WebSite\",\"@id\":\"https:\\\/\\\/canal7slp.tv\\\/2025\\\/#website\",\"url\":\"https:\\\/\\\/canal7slp.tv\\\/2025\\\/\",\"name\":\"N7 - Noticieros Canal 7\",\"description\":\"Somos el Medio\",\"publisher\":{\"@id\":\"https:\\\/\\\/canal7slp.tv\\\/2025\\\/#organization\"},\"potentialAction\":[{\"@type\":\"SearchAction\",\"target\":{\"@type\":\"EntryPoint\",\"urlTemplate\":\"https:\\\/\\\/canal7slp.tv\\\/2025\\\/?s={search_term_string}\"},\"query-input\":{\"@type\":\"PropertyValueSpecification\",\"valueRequired\":true,\"valueName\":\"search_term_string\"}}],\"inLanguage\":\"es\"},{\"@type\":\"Organization\",\"@id\":\"https:\\\/\\\/canal7slp.tv\\\/2025\\\/#organization\",\"name\":\"Noticieros Canal 7\",\"url\":\"https:\\\/\\\/canal7slp.tv\\\/2025\\\/\",\"logo\":{\"@type\":\"ImageObject\",\"inLanguage\":\"es\",\"@id\":\"https:\\\/\\\/canal7slp.tv\\\/2025\\\/#\\\/schema\\\/logo\\\/image\\\/\",\"url\":\"https:\\\/\\\/canal7slp.tv\\\/2025\\\/wp-content\\\/uploads\\\/2021\\\/01\\\/logo-noticieros@2x.png\",\"contentUrl\":\"https:\\\/\\\/canal7slp.tv\\\/2025\\\/wp-content\\\/uploads\\\/2021\\\/01\\\/logo-noticieros@2x.png\",\"width\":1017,\"height\":268,\"caption\":\"Noticieros Canal 7\"},\"image\":{\"@id\":\"https:\\\/\\\/canal7slp.tv\\\/2025\\\/#\\\/schema\\\/logo\\\/image\\\/\"},\"sameAs\":[\"https:\\\/\\\/www.facebook.com\\\/noticieroscanal7atencionciudadana\\\/\",\"https:\\\/\\\/x.com\\\/NOTICIEROS7\",\"https:\\\/\\\/www.instagram.com\\\/canal7_slp\",\"https:\\\/\\\/www.youtube.com\\\/channel\\\/UCliiYs-gP3JfJeqdPrNdd5A\"]},{\"@type\":\"Person\",\"@id\":\"https:\\\/\\\/canal7slp.tv\\\/2025\\\/#\\\/schema\\\/person\\\/271e2b60a96e7cc9d9ac296f4d7e414b\",\"name\":\"Edici\u00f3n Web\",\"image\":{\"@type\":\"ImageObject\",\"inLanguage\":\"es\",\"@id\":\"https:\\\/\\\/secure.gravatar.com\\\/avatar\\\/eee448fc3f7164808013b816ba91ac7e43bbe82a70bebac296f8bc6f0addaa1a?s=96&d=mm&r=g\",\"url\":\"https:\\\/\\\/secure.gravatar.com\\\/avatar\\\/eee448fc3f7164808013b816ba91ac7e43bbe82a70bebac296f8bc6f0addaa1a?s=96&d=mm&r=g\",\"contentUrl\":\"https:\\\/\\\/secure.gravatar.com\\\/avatar\\\/eee448fc3f7164808013b816ba91ac7e43bbe82a70bebac296f8bc6f0addaa1a?s=96&d=mm&r=g\",\"caption\":\"Edici\u00f3n Web\"},\"url\":\"https:\\\/\\\/canal7slp.tv\\\/2025\\\/author\\\/edicionweb\\\/\"}]}<\/script>\n<!-- \/ Yoast SEO plugin. -->","yoast_head_json":{"title":"Vinculan a proceso a influencer por alterar escena del caso ABC - Canal 7 SLP - 2025","robots":{"index":"index","follow":"follow","max-snippet":"max-snippet:-1","max-image-preview":"max-image-preview:large","max-video-preview":"max-video-preview:-1"},"canonical":"https:\/\/canal7slp.tv\/2025\/vinculan-a-proceso-a-influencer-por-alterar-escena-del-caso-abc\/","og_locale":"es_ES","og_type":"article","og_title":"Vinculan a proceso a influencer por alterar escena del caso ABC - Canal 7 SLP - 2025","og_description":"Hermosillo.-\u00a0Un juez de distrito en Hermosillo vincul\u00f3 a proceso a la creadora de contenido digital P\u00eda D\u00edaz, por su presunta implicaci\u00f3n en la alteraci\u00f3n de la escena del incendio en la Guarder\u00eda ABC, donde en 2009 murieron 49 ni\u00f1os. La acci\u00f3n legal se deriva de una denuncia presentada en 2021 por seis madres afectadas, inform\u00f3 Gabriel Alvarado, abogado del grupo Manos Unidas por Nuestros Ni\u00f1os. El abogado explic\u00f3 que P\u00eda D\u00edaz y otros cinco influencers ingresaron sin autorizaci\u00f3n a \u00e1reas resguardadas por la Fiscal\u00eda General de la Rep\u00fablica (FGR) y manipularon objetos pertenecientes a los menores fallecidos, los cuales siguen [&hellip;]","og_url":"https:\/\/canal7slp.tv\/2025\/vinculan-a-proceso-a-influencer-por-alterar-escena-del-caso-abc\/","og_site_name":"Canal 7 SLP - 2025","article_publisher":"https:\/\/www.facebook.com\/noticieroscanal7atencionciudadana\/","article_published_time":"2025-04-13T16:33:18+00:00","og_image":[{"width":764,"height":500,"url":"https:\/\/canal7slp.tv\/2025\/wp-content\/uploads\/2025\/04\/02-12.jpg","type":"image\/jpeg"}],"author":"Edici\u00f3n Web","twitter_card":"summary_large_image","twitter_creator":"@NOTICIEROS7","twitter_site":"@NOTICIEROS7","twitter_misc":{"Escrito por":"Edici\u00f3n Web","Tiempo de lectura":"2 minutos"},"schema":{"@context":"https:\/\/schema.org","@graph":[{"@type":"Article","@id":"https:\/\/canal7slp.tv\/2025\/vinculan-a-proceso-a-influencer-por-alterar-escena-del-caso-abc\/#article","isPartOf":{"@id":"https:\/\/canal7slp.tv\/2025\/vinculan-a-proceso-a-influencer-por-alterar-escena-del-caso-abc\/"},"author":{"name":"Edici\u00f3n Web","@id":"https:\/\/canal7slp.tv\/2025\/#\/schema\/person\/271e2b60a96e7cc9d9ac296f4d7e414b"},"headline":"Vinculan a proceso a influencer por alterar escena del caso ABC","datePublished":"2025-04-13T16:33:18+00:00","mainEntityOfPage":{"@id":"https:\/\/canal7slp.tv\/2025\/vinculan-a-proceso-a-influencer-por-alterar-escena-del-caso-abc\/"},"wordCount":257,"publisher":{"@id":"https:\/\/canal7slp.tv\/2025\/#organization"},"image":{"@id":"https:\/\/canal7slp.tv\/2025\/vinculan-a-proceso-a-influencer-por-alterar-escena-del-caso-abc\/#primaryimage"},"thumbnailUrl":"https:\/\/canal7slp.tv\/2025\/wp-content\/uploads\/2025\/04\/02-12.jpg","articleSection":["NACIONALES"],"inLanguage":"es"},{"@type":"WebPage","@id":"https:\/\/canal7slp.tv\/2025\/vinculan-a-proceso-a-influencer-por-alterar-escena-del-caso-abc\/","url":"https:\/\/canal7slp.tv\/2025\/vinculan-a-proceso-a-influencer-por-alterar-escena-del-caso-abc\/","name":"Vinculan a proceso a influencer por alterar escena del caso ABC - Canal 7 SLP - 2025","isPartOf":{"@id":"https:\/\/canal7slp.tv\/2025\/#website"},"primaryImageOfPage":{"@id":"https:\/\/canal7slp.tv\/2025\/vinculan-a-proceso-a-influencer-por-alterar-escena-del-caso-abc\/#primaryimage"},"image":{"@id":"https:\/\/canal7slp.tv\/2025\/vinculan-a-proceso-a-influencer-por-alterar-escena-del-caso-abc\/#primaryimage"},"thumbnailUrl":"https:\/\/canal7slp.tv\/2025\/wp-content\/uploads\/2025\/04\/02-12.jpg","datePublished":"2025-04-13T16:33:18+00:00","breadcrumb":{"@id":"https:\/\/canal7slp.tv\/2025\/vinculan-a-proceso-a-influencer-por-alterar-escena-del-caso-abc\/#breadcrumb"},"inLanguage":"es","potentialAction":[{"@type":"ReadAction","target":["https:\/\/canal7slp.tv\/2025\/vinculan-a-proceso-a-influencer-por-alterar-escena-del-caso-abc\/"]}]},{"@type":"ImageObject","inLanguage":"es","@id":"https:\/\/canal7slp.tv\/2025\/vinculan-a-proceso-a-influencer-por-alterar-escena-del-caso-abc\/#primaryimage","url":"https:\/\/canal7slp.tv\/2025\/wp-content\/uploads\/2025\/04\/02-12.jpg","contentUrl":"https:\/\/canal7slp.tv\/2025\/wp-content\/uploads\/2025\/04\/02-12.jpg","width":764,"height":500},{"@type":"BreadcrumbList","@id":"https:\/\/canal7slp.tv\/2025\/vinculan-a-proceso-a-influencer-por-alterar-escena-del-caso-abc\/#breadcrumb","itemListElement":[{"@type":"ListItem","position":1,"name":"Portada","item":"https:\/\/canal7slp.tv\/2025\/"},{"@type":"ListItem","position":2,"name":"Vinculan a proceso a influencer por alterar escena del caso ABC"}]},{"@type":"WebSite","@id":"https:\/\/canal7slp.tv\/2025\/#website","url":"https:\/\/canal7slp.tv\/2025\/","name":"N7 - Noticieros Canal 7","description":"Somos el Medio","publisher":{"@id":"https:\/\/canal7slp.tv\/2025\/#organization"},"potentialAction":[{"@type":"SearchAction","target":{"@type":"EntryPoint","urlTemplate":"https:\/\/canal7slp.tv\/2025\/?s={search_term_string}"},"query-input":{"@type":"PropertyValueSpecification","valueRequired":true,"valueName":"search_term_string"}}],"inLanguage":"es"},{"@type":"Organization","@id":"https:\/\/canal7slp.tv\/2025\/#organization","name":"Noticieros Canal 7","url":"https:\/\/canal7slp.tv\/2025\/","logo":{"@type":"ImageObject","inLanguage":"es","@id":"https:\/\/canal7slp.tv\/2025\/#\/schema\/logo\/image\/","url":"https:\/\/canal7slp.tv\/2025\/wp-content\/uploads\/2021\/01\/logo-noticieros@2x.png","contentUrl":"https:\/\/canal7slp.tv\/2025\/wp-content\/uploads\/2021\/01\/logo-noticieros@2x.png","width":1017,"height":268,"caption":"Noticieros Canal 7"},"image":{"@id":"https:\/\/canal7slp.tv\/2025\/#\/schema\/logo\/image\/"},"sameAs":["https:\/\/www.facebook.com\/noticieroscanal7atencionciudadana\/","https:\/\/x.com\/NOTICIEROS7","https:\/\/www.instagram.com\/canal7_slp","https:\/\/www.youtube.com\/channel\/UCliiYs-gP3JfJeqdPrNdd5A"]},{"@type":"Person","@id":"https:\/\/canal7slp.tv\/2025\/#\/schema\/person\/271e2b60a96e7cc9d9ac296f4d7e414b","name":"Edici\u00f3n Web","image":{"@type":"ImageObject","inLanguage":"es","@id":"https:\/\/secure.gravatar.com\/avatar\/eee448fc3f7164808013b816ba91ac7e43bbe82a70bebac296f8bc6f0addaa1a?s=96&d=mm&r=g","url":"https:\/\/secure.gravatar.com\/avatar\/eee448fc3f7164808013b816ba91ac7e43bbe82a70bebac296f8bc6f0addaa1a?s=96&d=mm&r=g","contentUrl":"https:\/\/secure.gravatar.com\/avatar\/eee448fc3f7164808013b816ba91ac7e43bbe82a70bebac296f8bc6f0addaa1a?s=96&d=mm&r=g","caption":"Edici\u00f3n Web"},"url":"https:\/\/canal7slp.tv\/2025\/author\/edicionweb\/"}]}},"_links":{"self":[{"href":"https:\/\/canal7slp.tv\/2025\/wp-json\/wp\/v2\/posts\/163187","targetHints":{"allow":["GET"]}}],"collection":[{"href":"https:\/\/canal7slp.tv\/2025\/wp-json\/wp\/v2\/posts"}],"about":[{"href":"https:\/\/canal7slp.tv\/2025\/wp-json\/wp\/v2\/types\/post"}],"author":[{"embeddable":true,"href":"https:\/\/canal7slp.tv\/2025\/wp-json\/wp\/v2\/users\/2"}],"replies":[{"embeddable":true,"href":"https:\/\/canal7slp.tv\/2025\/wp-json\/wp\/v2\/comments?post=163187"}],"version-history":[{"count":1,"href":"https:\/\/canal7slp.tv\/2025\/wp-json\/wp\/v2\/posts\/163187\/revisions"}],"predecessor-version":[{"id":163189,"href":"https:\/\/canal7slp.tv\/2025\/wp-json\/wp\/v2\/posts\/163187\/revisions\/163189"}],"wp:featuredmedia":[{"embeddable":true,"href":"https:\/\/canal7slp.tv\/2025\/wp-json\/wp\/v2\/media\/163188"}],"wp:attachment":[{"href":"https:\/\/canal7slp.tv\/2025\/wp-json\/wp\/v2\/media?parent=163187"}],"wp:term":[{"taxonomy":"category","embeddable":true,"href":"https:\/\/canal7slp.tv\/2025\/wp-json\/wp\/v2\/categories?post=163187"},{"taxonomy":"post_tag","embeddable":true,"href":"https:\/\/canal7slp.tv\/2025\/wp-json\/wp\/v2\/tags?post=163187"}],"curies":[{"name":"wp","href":"https:\/\/api.w.org\/{rel}","templated":true}]}}