{"id":163180,"date":"2025-04-13T08:52:13","date_gmt":"2025-04-13T14:52:13","guid":{"rendered":"https:\/\/canal7slp.tv\/2025\/?p=163180"},"modified":"2025-04-13T08:52:13","modified_gmt":"2025-04-13T14:52:13","slug":"autoridades-del-ayuntamiento-de-slp-inauguraron-el-iv-festival-san-luis-en-primavera","status":"publish","type":"post","link":"https:\/\/canal7slp.tv\/2025\/autoridades-del-ayuntamiento-de-slp-inauguraron-el-iv-festival-san-luis-en-primavera\/","title":{"rendered":"Autoridades del Ayuntamiento de SLP inauguraron el IV Festival San Luis en Primavera"},"content":{"rendered":"<p style=\"text-align: justify;\"><span style=\"font-size: 1.21429rem;\">SLP.- La cuarta edici\u00f3n el Festival Internacional San Luis en Primera fue inaugurada por el alcalde Enrique Galindo Ceballos quien estuvo acompa\u00f1ado por autoridades locales, representantes de Corea, pa\u00eds invitado y otros funcionarios locales e internacionales.<\/span><\/p>\n<p style=\"text-align: justify;\">Durante el acto inaugural el encargado de despacho de la Direcci\u00f3n de Cultura Municipal H\u00e9ctor Ulises Tello Balderas, ofreci\u00f3 unas palabras.<\/p>\n<p style=\"text-align: justify;\">\u201cSan Luis Potos\u00ed es Capital Americana de la Cultura 2025 y con este IV Festival Internacional San Luis en Primavera lo refrendamos, hemos preparado un programa muy completo, diverso y multidisciplinario con cerca de 100 actividades totales, esto es una muestra de que San Luis Potos\u00ed florece con su historia y su tradici\u00f3n, que es un puente entre el pasado y su futuro provisorio; nuestra cultura es un abrazo que nos hermana, cada calle, cada plaza, cada edificio, guarda el eco de nuestra identidad, el arte y la m\u00fasica son el alma de nuestro colibr\u00ed, que disfruten una semana intensa de actividades culturales, tur\u00edsticas completamente gratuitas y para todos los p\u00fablicos y para todas las edades\u201d.<\/p>\n<p style=\"text-align: justify;\">La c\u00f3nsul general de la embajada de la Rep\u00fablica de Corea en M\u00e9xico, Sam-wii Lee, habl\u00f3 sobre la satisfacci\u00f3n de ser el pa\u00eds invitado al festival.<\/p>\n<p style=\"text-align: justify;\">\u201cParticipando en esta hermosa celebraci\u00f3n de primavera, agradezco profundamente la invitaci\u00f3n y la calidad, hospitalidad que he recibido, esta ocasi\u00f3n no solo celebra la belleza de la temporada, sino la riqueza cultural y la calidez de su gente, en este esp\u00edritu de amistad, deseo expresar mi sincero deseo de que la relaci\u00f3n de cooperaci\u00f3n de Corea en M\u00e9xico contin\u00fae creciendo fortaleciendo los lazos de entendimiento, respeto mutuo y desarrollo compartido; gracias por compartir este momento tan especial, que disfruten la riqueza de cultura coreana\u201d.<\/p>\n<p style=\"text-align: justify;\">El edil, Enrique Galindo Ceballos, dio un agradecimiento a todas las personas presentes en el acto inaugural.<\/p>\n<p style=\"text-align: justify;\">\u201cEstamos de manteles largos porque somos anfitriones de una gran comunidad de coreanos, mayors, presidentes municipales, alcaldes, vice alcaldes, que nos une que somos Ciudad del Aprendizaje de la UNESCO (\u2026) todo esto en el marco del Festival Internacional San Luis en Primavera (\u2026) es la cuarta vez que cumplimos nuestro compromiso con la cultura, eso lo dijimos hace casi cuatro a\u00f1os, tres a\u00f1os y medio y dijimos San Luis Capital tiene que ser la capital de la cultura y nos lo reconocieron en Barcelona y lo estamos ratificando hoy con esta cuarta edici\u00f3n pero es gracias al p\u00fablico, es gracias a ustedes, yo como alcalde le doy un aplauso a mi p\u00fablico que est\u00e1 aqu\u00ed de todo coraz\u00f3n\u201d.<\/p>\n<p style=\"text-align: justify;\">Para finalizar dio arranque a la cuarta edici\u00f3n.<\/p>\n<p style=\"text-align: justify;\">\u201cSiendo las ocho horas con 23 minutos, en mi calidad de presidente municipal y hoy anfitri\u00f3n de una delegaci\u00f3n coreana muy importante y de alcaldes, damos por inaugurada la cuarta edici\u00f3n del Festival Internacional San Luis en Primavera, disfr\u00fatenla, qui\u00e9ranse mucho, quieran esta ciudad, amemos San Luis Potos\u00ed\u201d.<\/p>\n<p>Por: Juan Carlos Contreras<\/p>\n","protected":false},"excerpt":{"rendered":"<p>SLP.- La cuarta edici\u00f3n el Festival Internacional San Luis en Primera fue inaugurada por el alcalde Enrique Galindo Ceballos quien estuvo acompa\u00f1ado por autoridades locales, representantes de Corea, pa\u00eds invitado y otros funcionarios locales e internacionales. Durante el acto inaugural el encargado de despacho de la Direcci\u00f3n de Cultura Municipal H\u00e9ctor Ulises Tello Balderas, ofreci\u00f3 unas palabras. \u201cSan Luis Potos\u00ed es Capital Americana de la Cultura 2025 y con este IV Festival Internacional San Luis en Primavera lo refrendamos, hemos preparado un programa muy completo, diverso y multidisciplinario con cerca de 100 actividades totales, esto es una muestra de que [&hellip;]<\/p>\n","protected":false},"author":2,"featured_media":163182,"comment_status":"closed","ping_status":"closed","sticky":false,"template":"","format":"video","meta":{"_monsterinsights_skip_tracking":false,"_monsterinsights_sitenote_active":false,"_monsterinsights_sitenote_note":"","_monsterinsights_sitenote_category":0,"footnotes":""},"categories":[5,45],"tags":[],"class_list":["post-163180","post","type-post","status-publish","format-video","has-post-thumbnail","hentry","category-destacadas","category-localesyregionales","post_format-post-format-video","post--single"],"yoast_head":"<!-- This site is optimized with the Yoast SEO plugin v27.5 - https:\/\/yoast.com\/product\/yoast-seo-wordpress\/ -->\n<title>Autoridades del Ayuntamiento de SLP inauguraron el IV Festival San Luis en Primavera - Canal 7 SLP - 2025<\/title>\n<meta name=\"robots\" content=\"index, follow, max-snippet:-1, max-image-preview:large, max-video-preview:-1\" \/>\n<link rel=\"canonical\" href=\"https:\/\/canal7slp.tv\/2025\/autoridades-del-ayuntamiento-de-slp-inauguraron-el-iv-festival-san-luis-en-primavera\/\" \/>\n<meta property=\"og:locale\" content=\"es_ES\" \/>\n<meta property=\"og:type\" content=\"article\" \/>\n<meta property=\"og:title\" content=\"Autoridades del Ayuntamiento de SLP inauguraron el IV Festival San Luis en Primavera - Canal 7 SLP - 2025\" \/>\n<meta property=\"og:description\" content=\"SLP.- La cuarta edici\u00f3n el Festival Internacional San Luis en Primera fue inaugurada por el alcalde Enrique Galindo Ceballos quien estuvo acompa\u00f1ado por autoridades locales, representantes de Corea, pa\u00eds invitado y otros funcionarios locales e internacionales. Durante el acto inaugural el encargado de despacho de la Direcci\u00f3n de Cultura Municipal H\u00e9ctor Ulises Tello Balderas, ofreci\u00f3 unas palabras. \u201cSan Luis Potos\u00ed es Capital Americana de la Cultura 2025 y con este IV Festival Internacional San Luis en Primavera lo refrendamos, hemos preparado un programa muy completo, diverso y multidisciplinario con cerca de 100 actividades totales, esto es una muestra de que [&hellip;]\" \/>\n<meta property=\"og:url\" content=\"https:\/\/canal7slp.tv\/2025\/autoridades-del-ayuntamiento-de-slp-inauguraron-el-iv-festival-san-luis-en-primavera\/\" \/>\n<meta property=\"og:site_name\" content=\"Canal 7 SLP - 2025\" \/>\n<meta property=\"article:publisher\" content=\"https:\/\/www.facebook.com\/noticieroscanal7atencionciudadana\/\" \/>\n<meta property=\"article:published_time\" content=\"2025-04-13T14:52:13+00:00\" \/>\n<meta property=\"og:image\" content=\"https:\/\/canal7slp.tv\/2025\/wp-content\/uploads\/2025\/04\/POky01InauguracionFestival.jpg\" \/>\n\t<meta property=\"og:image:width\" content=\"1280\" \/>\n\t<meta property=\"og:image:height\" content=\"720\" \/>\n\t<meta property=\"og:image:type\" content=\"image\/jpeg\" \/>\n<meta name=\"author\" content=\"Edici\u00f3n Web\" \/>\n<meta name=\"twitter:card\" content=\"summary_large_image\" \/>\n<meta name=\"twitter:creator\" content=\"@NOTICIEROS7\" \/>\n<meta name=\"twitter:site\" content=\"@NOTICIEROS7\" \/>\n<meta name=\"twitter:label1\" content=\"Escrito por\" \/>\n\t<meta name=\"twitter:data1\" content=\"Edici\u00f3n Web\" \/>\n\t<meta name=\"twitter:label2\" content=\"Tiempo de lectura\" \/>\n\t<meta name=\"twitter:data2\" content=\"3 minutos\" \/>\n<script type=\"application\/ld+json\" class=\"yoast-schema-graph\">{\"@context\":\"https:\\\/\\\/schema.org\",\"@graph\":[{\"@type\":\"Article\",\"@id\":\"https:\\\/\\\/canal7slp.tv\\\/2025\\\/autoridades-del-ayuntamiento-de-slp-inauguraron-el-iv-festival-san-luis-en-primavera\\\/#article\",\"isPartOf\":{\"@id\":\"https:\\\/\\\/canal7slp.tv\\\/2025\\\/autoridades-del-ayuntamiento-de-slp-inauguraron-el-iv-festival-san-luis-en-primavera\\\/\"},\"author\":{\"name\":\"Edici\u00f3n Web\",\"@id\":\"https:\\\/\\\/canal7slp.tv\\\/2025\\\/#\\\/schema\\\/person\\\/271e2b60a96e7cc9d9ac296f4d7e414b\"},\"headline\":\"Autoridades del Ayuntamiento de SLP inauguraron el IV Festival San Luis en Primavera\",\"datePublished\":\"2025-04-13T14:52:13+00:00\",\"mainEntityOfPage\":{\"@id\":\"https:\\\/\\\/canal7slp.tv\\\/2025\\\/autoridades-del-ayuntamiento-de-slp-inauguraron-el-iv-festival-san-luis-en-primavera\\\/\"},\"wordCount\":522,\"publisher\":{\"@id\":\"https:\\\/\\\/canal7slp.tv\\\/2025\\\/#organization\"},\"image\":{\"@id\":\"https:\\\/\\\/canal7slp.tv\\\/2025\\\/autoridades-del-ayuntamiento-de-slp-inauguraron-el-iv-festival-san-luis-en-primavera\\\/#primaryimage\"},\"thumbnailUrl\":\"https:\\\/\\\/canal7slp.tv\\\/2025\\\/wp-content\\\/uploads\\\/2025\\\/04\\\/POky01InauguracionFestival.jpg\",\"articleSection\":[\"DESTACADAS\",\"LOCALES Y REGIONALES\"],\"inLanguage\":\"es\"},{\"@type\":\"WebPage\",\"@id\":\"https:\\\/\\\/canal7slp.tv\\\/2025\\\/autoridades-del-ayuntamiento-de-slp-inauguraron-el-iv-festival-san-luis-en-primavera\\\/\",\"url\":\"https:\\\/\\\/canal7slp.tv\\\/2025\\\/autoridades-del-ayuntamiento-de-slp-inauguraron-el-iv-festival-san-luis-en-primavera\\\/\",\"name\":\"Autoridades del Ayuntamiento de SLP inauguraron el IV Festival San Luis en Primavera - Canal 7 SLP - 2025\",\"isPartOf\":{\"@id\":\"https:\\\/\\\/canal7slp.tv\\\/2025\\\/#website\"},\"primaryImageOfPage\":{\"@id\":\"https:\\\/\\\/canal7slp.tv\\\/2025\\\/autoridades-del-ayuntamiento-de-slp-inauguraron-el-iv-festival-san-luis-en-primavera\\\/#primaryimage\"},\"image\":{\"@id\":\"https:\\\/\\\/canal7slp.tv\\\/2025\\\/autoridades-del-ayuntamiento-de-slp-inauguraron-el-iv-festival-san-luis-en-primavera\\\/#primaryimage\"},\"thumbnailUrl\":\"https:\\\/\\\/canal7slp.tv\\\/2025\\\/wp-content\\\/uploads\\\/2025\\\/04\\\/POky01InauguracionFestival.jpg\",\"datePublished\":\"2025-04-13T14:52:13+00:00\",\"breadcrumb\":{\"@id\":\"https:\\\/\\\/canal7slp.tv\\\/2025\\\/autoridades-del-ayuntamiento-de-slp-inauguraron-el-iv-festival-san-luis-en-primavera\\\/#breadcrumb\"},\"inLanguage\":\"es\",\"potentialAction\":[{\"@type\":\"ReadAction\",\"target\":[\"https:\\\/\\\/canal7slp.tv\\\/2025\\\/autoridades-del-ayuntamiento-de-slp-inauguraron-el-iv-festival-san-luis-en-primavera\\\/\"]}]},{\"@type\":\"ImageObject\",\"inLanguage\":\"es\",\"@id\":\"https:\\\/\\\/canal7slp.tv\\\/2025\\\/autoridades-del-ayuntamiento-de-slp-inauguraron-el-iv-festival-san-luis-en-primavera\\\/#primaryimage\",\"url\":\"https:\\\/\\\/canal7slp.tv\\\/2025\\\/wp-content\\\/uploads\\\/2025\\\/04\\\/POky01InauguracionFestival.jpg\",\"contentUrl\":\"https:\\\/\\\/canal7slp.tv\\\/2025\\\/wp-content\\\/uploads\\\/2025\\\/04\\\/POky01InauguracionFestival.jpg\",\"width\":1280,\"height\":720},{\"@type\":\"BreadcrumbList\",\"@id\":\"https:\\\/\\\/canal7slp.tv\\\/2025\\\/autoridades-del-ayuntamiento-de-slp-inauguraron-el-iv-festival-san-luis-en-primavera\\\/#breadcrumb\",\"itemListElement\":[{\"@type\":\"ListItem\",\"position\":1,\"name\":\"Portada\",\"item\":\"https:\\\/\\\/canal7slp.tv\\\/2025\\\/\"},{\"@type\":\"ListItem\",\"position\":2,\"name\":\"Autoridades del Ayuntamiento de SLP inauguraron el IV Festival San Luis en Primavera\"}]},{\"@type\":\"WebSite\",\"@id\":\"https:\\\/\\\/canal7slp.tv\\\/2025\\\/#website\",\"url\":\"https:\\\/\\\/canal7slp.tv\\\/2025\\\/\",\"name\":\"N7 - Noticieros Canal 7\",\"description\":\"Somos el Medio\",\"publisher\":{\"@id\":\"https:\\\/\\\/canal7slp.tv\\\/2025\\\/#organization\"},\"potentialAction\":[{\"@type\":\"SearchAction\",\"target\":{\"@type\":\"EntryPoint\",\"urlTemplate\":\"https:\\\/\\\/canal7slp.tv\\\/2025\\\/?s={search_term_string}\"},\"query-input\":{\"@type\":\"PropertyValueSpecification\",\"valueRequired\":true,\"valueName\":\"search_term_string\"}}],\"inLanguage\":\"es\"},{\"@type\":\"Organization\",\"@id\":\"https:\\\/\\\/canal7slp.tv\\\/2025\\\/#organization\",\"name\":\"Noticieros Canal 7\",\"url\":\"https:\\\/\\\/canal7slp.tv\\\/2025\\\/\",\"logo\":{\"@type\":\"ImageObject\",\"inLanguage\":\"es\",\"@id\":\"https:\\\/\\\/canal7slp.tv\\\/2025\\\/#\\\/schema\\\/logo\\\/image\\\/\",\"url\":\"https:\\\/\\\/canal7slp.tv\\\/2025\\\/wp-content\\\/uploads\\\/2021\\\/01\\\/logo-noticieros@2x.png\",\"contentUrl\":\"https:\\\/\\\/canal7slp.tv\\\/2025\\\/wp-content\\\/uploads\\\/2021\\\/01\\\/logo-noticieros@2x.png\",\"width\":1017,\"height\":268,\"caption\":\"Noticieros Canal 7\"},\"image\":{\"@id\":\"https:\\\/\\\/canal7slp.tv\\\/2025\\\/#\\\/schema\\\/logo\\\/image\\\/\"},\"sameAs\":[\"https:\\\/\\\/www.facebook.com\\\/noticieroscanal7atencionciudadana\\\/\",\"https:\\\/\\\/x.com\\\/NOTICIEROS7\",\"https:\\\/\\\/www.instagram.com\\\/canal7_slp\",\"https:\\\/\\\/www.youtube.com\\\/channel\\\/UCliiYs-gP3JfJeqdPrNdd5A\"]},{\"@type\":\"Person\",\"@id\":\"https:\\\/\\\/canal7slp.tv\\\/2025\\\/#\\\/schema\\\/person\\\/271e2b60a96e7cc9d9ac296f4d7e414b\",\"name\":\"Edici\u00f3n Web\",\"image\":{\"@type\":\"ImageObject\",\"inLanguage\":\"es\",\"@id\":\"https:\\\/\\\/secure.gravatar.com\\\/avatar\\\/eee448fc3f7164808013b816ba91ac7e43bbe82a70bebac296f8bc6f0addaa1a?s=96&d=mm&r=g\",\"url\":\"https:\\\/\\\/secure.gravatar.com\\\/avatar\\\/eee448fc3f7164808013b816ba91ac7e43bbe82a70bebac296f8bc6f0addaa1a?s=96&d=mm&r=g\",\"contentUrl\":\"https:\\\/\\\/secure.gravatar.com\\\/avatar\\\/eee448fc3f7164808013b816ba91ac7e43bbe82a70bebac296f8bc6f0addaa1a?s=96&d=mm&r=g\",\"caption\":\"Edici\u00f3n Web\"},\"url\":\"https:\\\/\\\/canal7slp.tv\\\/2025\\\/author\\\/edicionweb\\\/\"}]}<\/script>\n<!-- \/ Yoast SEO plugin. -->","yoast_head_json":{"title":"Autoridades del Ayuntamiento de SLP inauguraron el IV Festival San Luis en Primavera - Canal 7 SLP - 2025","robots":{"index":"index","follow":"follow","max-snippet":"max-snippet:-1","max-image-preview":"max-image-preview:large","max-video-preview":"max-video-preview:-1"},"canonical":"https:\/\/canal7slp.tv\/2025\/autoridades-del-ayuntamiento-de-slp-inauguraron-el-iv-festival-san-luis-en-primavera\/","og_locale":"es_ES","og_type":"article","og_title":"Autoridades del Ayuntamiento de SLP inauguraron el IV Festival San Luis en Primavera - Canal 7 SLP - 2025","og_description":"SLP.- La cuarta edici\u00f3n el Festival Internacional San Luis en Primera fue inaugurada por el alcalde Enrique Galindo Ceballos quien estuvo acompa\u00f1ado por autoridades locales, representantes de Corea, pa\u00eds invitado y otros funcionarios locales e internacionales. Durante el acto inaugural el encargado de despacho de la Direcci\u00f3n de Cultura Municipal H\u00e9ctor Ulises Tello Balderas, ofreci\u00f3 unas palabras. \u201cSan Luis Potos\u00ed es Capital Americana de la Cultura 2025 y con este IV Festival Internacional San Luis en Primavera lo refrendamos, hemos preparado un programa muy completo, diverso y multidisciplinario con cerca de 100 actividades totales, esto es una muestra de que [&hellip;]","og_url":"https:\/\/canal7slp.tv\/2025\/autoridades-del-ayuntamiento-de-slp-inauguraron-el-iv-festival-san-luis-en-primavera\/","og_site_name":"Canal 7 SLP - 2025","article_publisher":"https:\/\/www.facebook.com\/noticieroscanal7atencionciudadana\/","article_published_time":"2025-04-13T14:52:13+00:00","og_image":[{"width":1280,"height":720,"url":"https:\/\/canal7slp.tv\/2025\/wp-content\/uploads\/2025\/04\/POky01InauguracionFestival.jpg","type":"image\/jpeg"}],"author":"Edici\u00f3n Web","twitter_card":"summary_large_image","twitter_creator":"@NOTICIEROS7","twitter_site":"@NOTICIEROS7","twitter_misc":{"Escrito por":"Edici\u00f3n Web","Tiempo de lectura":"3 minutos"},"schema":{"@context":"https:\/\/schema.org","@graph":[{"@type":"Article","@id":"https:\/\/canal7slp.tv\/2025\/autoridades-del-ayuntamiento-de-slp-inauguraron-el-iv-festival-san-luis-en-primavera\/#article","isPartOf":{"@id":"https:\/\/canal7slp.tv\/2025\/autoridades-del-ayuntamiento-de-slp-inauguraron-el-iv-festival-san-luis-en-primavera\/"},"author":{"name":"Edici\u00f3n Web","@id":"https:\/\/canal7slp.tv\/2025\/#\/schema\/person\/271e2b60a96e7cc9d9ac296f4d7e414b"},"headline":"Autoridades del Ayuntamiento de SLP inauguraron el IV Festival San Luis en Primavera","datePublished":"2025-04-13T14:52:13+00:00","mainEntityOfPage":{"@id":"https:\/\/canal7slp.tv\/2025\/autoridades-del-ayuntamiento-de-slp-inauguraron-el-iv-festival-san-luis-en-primavera\/"},"wordCount":522,"publisher":{"@id":"https:\/\/canal7slp.tv\/2025\/#organization"},"image":{"@id":"https:\/\/canal7slp.tv\/2025\/autoridades-del-ayuntamiento-de-slp-inauguraron-el-iv-festival-san-luis-en-primavera\/#primaryimage"},"thumbnailUrl":"https:\/\/canal7slp.tv\/2025\/wp-content\/uploads\/2025\/04\/POky01InauguracionFestival.jpg","articleSection":["DESTACADAS","LOCALES Y REGIONALES"],"inLanguage":"es"},{"@type":"WebPage","@id":"https:\/\/canal7slp.tv\/2025\/autoridades-del-ayuntamiento-de-slp-inauguraron-el-iv-festival-san-luis-en-primavera\/","url":"https:\/\/canal7slp.tv\/2025\/autoridades-del-ayuntamiento-de-slp-inauguraron-el-iv-festival-san-luis-en-primavera\/","name":"Autoridades del Ayuntamiento de SLP inauguraron el IV Festival San Luis en Primavera - Canal 7 SLP - 2025","isPartOf":{"@id":"https:\/\/canal7slp.tv\/2025\/#website"},"primaryImageOfPage":{"@id":"https:\/\/canal7slp.tv\/2025\/autoridades-del-ayuntamiento-de-slp-inauguraron-el-iv-festival-san-luis-en-primavera\/#primaryimage"},"image":{"@id":"https:\/\/canal7slp.tv\/2025\/autoridades-del-ayuntamiento-de-slp-inauguraron-el-iv-festival-san-luis-en-primavera\/#primaryimage"},"thumbnailUrl":"https:\/\/canal7slp.tv\/2025\/wp-content\/uploads\/2025\/04\/POky01InauguracionFestival.jpg","datePublished":"2025-04-13T14:52:13+00:00","breadcrumb":{"@id":"https:\/\/canal7slp.tv\/2025\/autoridades-del-ayuntamiento-de-slp-inauguraron-el-iv-festival-san-luis-en-primavera\/#breadcrumb"},"inLanguage":"es","potentialAction":[{"@type":"ReadAction","target":["https:\/\/canal7slp.tv\/2025\/autoridades-del-ayuntamiento-de-slp-inauguraron-el-iv-festival-san-luis-en-primavera\/"]}]},{"@type":"ImageObject","inLanguage":"es","@id":"https:\/\/canal7slp.tv\/2025\/autoridades-del-ayuntamiento-de-slp-inauguraron-el-iv-festival-san-luis-en-primavera\/#primaryimage","url":"https:\/\/canal7slp.tv\/2025\/wp-content\/uploads\/2025\/04\/POky01InauguracionFestival.jpg","contentUrl":"https:\/\/canal7slp.tv\/2025\/wp-content\/uploads\/2025\/04\/POky01InauguracionFestival.jpg","width":1280,"height":720},{"@type":"BreadcrumbList","@id":"https:\/\/canal7slp.tv\/2025\/autoridades-del-ayuntamiento-de-slp-inauguraron-el-iv-festival-san-luis-en-primavera\/#breadcrumb","itemListElement":[{"@type":"ListItem","position":1,"name":"Portada","item":"https:\/\/canal7slp.tv\/2025\/"},{"@type":"ListItem","position":2,"name":"Autoridades del Ayuntamiento de SLP inauguraron el IV Festival San Luis en Primavera"}]},{"@type":"WebSite","@id":"https:\/\/canal7slp.tv\/2025\/#website","url":"https:\/\/canal7slp.tv\/2025\/","name":"N7 - Noticieros Canal 7","description":"Somos el Medio","publisher":{"@id":"https:\/\/canal7slp.tv\/2025\/#organization"},"potentialAction":[{"@type":"SearchAction","target":{"@type":"EntryPoint","urlTemplate":"https:\/\/canal7slp.tv\/2025\/?s={search_term_string}"},"query-input":{"@type":"PropertyValueSpecification","valueRequired":true,"valueName":"search_term_string"}}],"inLanguage":"es"},{"@type":"Organization","@id":"https:\/\/canal7slp.tv\/2025\/#organization","name":"Noticieros Canal 7","url":"https:\/\/canal7slp.tv\/2025\/","logo":{"@type":"ImageObject","inLanguage":"es","@id":"https:\/\/canal7slp.tv\/2025\/#\/schema\/logo\/image\/","url":"https:\/\/canal7slp.tv\/2025\/wp-content\/uploads\/2021\/01\/logo-noticieros@2x.png","contentUrl":"https:\/\/canal7slp.tv\/2025\/wp-content\/uploads\/2021\/01\/logo-noticieros@2x.png","width":1017,"height":268,"caption":"Noticieros Canal 7"},"image":{"@id":"https:\/\/canal7slp.tv\/2025\/#\/schema\/logo\/image\/"},"sameAs":["https:\/\/www.facebook.com\/noticieroscanal7atencionciudadana\/","https:\/\/x.com\/NOTICIEROS7","https:\/\/www.instagram.com\/canal7_slp","https:\/\/www.youtube.com\/channel\/UCliiYs-gP3JfJeqdPrNdd5A"]},{"@type":"Person","@id":"https:\/\/canal7slp.tv\/2025\/#\/schema\/person\/271e2b60a96e7cc9d9ac296f4d7e414b","name":"Edici\u00f3n Web","image":{"@type":"ImageObject","inLanguage":"es","@id":"https:\/\/secure.gravatar.com\/avatar\/eee448fc3f7164808013b816ba91ac7e43bbe82a70bebac296f8bc6f0addaa1a?s=96&d=mm&r=g","url":"https:\/\/secure.gravatar.com\/avatar\/eee448fc3f7164808013b816ba91ac7e43bbe82a70bebac296f8bc6f0addaa1a?s=96&d=mm&r=g","contentUrl":"https:\/\/secure.gravatar.com\/avatar\/eee448fc3f7164808013b816ba91ac7e43bbe82a70bebac296f8bc6f0addaa1a?s=96&d=mm&r=g","caption":"Edici\u00f3n Web"},"url":"https:\/\/canal7slp.tv\/2025\/author\/edicionweb\/"}]}},"_links":{"self":[{"href":"https:\/\/canal7slp.tv\/2025\/wp-json\/wp\/v2\/posts\/163180","targetHints":{"allow":["GET"]}}],"collection":[{"href":"https:\/\/canal7slp.tv\/2025\/wp-json\/wp\/v2\/posts"}],"about":[{"href":"https:\/\/canal7slp.tv\/2025\/wp-json\/wp\/v2\/types\/post"}],"author":[{"embeddable":true,"href":"https:\/\/canal7slp.tv\/2025\/wp-json\/wp\/v2\/users\/2"}],"replies":[{"embeddable":true,"href":"https:\/\/canal7slp.tv\/2025\/wp-json\/wp\/v2\/comments?post=163180"}],"version-history":[{"count":2,"href":"https:\/\/canal7slp.tv\/2025\/wp-json\/wp\/v2\/posts\/163180\/revisions"}],"predecessor-version":[{"id":163183,"href":"https:\/\/canal7slp.tv\/2025\/wp-json\/wp\/v2\/posts\/163180\/revisions\/163183"}],"wp:featuredmedia":[{"embeddable":true,"href":"https:\/\/canal7slp.tv\/2025\/wp-json\/wp\/v2\/media\/163182"}],"wp:attachment":[{"href":"https:\/\/canal7slp.tv\/2025\/wp-json\/wp\/v2\/media?parent=163180"}],"wp:term":[{"taxonomy":"category","embeddable":true,"href":"https:\/\/canal7slp.tv\/2025\/wp-json\/wp\/v2\/categories?post=163180"},{"taxonomy":"post_tag","embeddable":true,"href":"https:\/\/canal7slp.tv\/2025\/wp-json\/wp\/v2\/tags?post=163180"}],"curies":[{"name":"wp","href":"https:\/\/api.w.org\/{rel}","templated":true}]}}