{"id":163149,"date":"2025-04-12T10:26:31","date_gmt":"2025-04-12T16:26:31","guid":{"rendered":"https:\/\/canal7slp.tv\/2025\/?p=163149"},"modified":"2025-04-12T10:26:31","modified_gmt":"2025-04-12T16:26:31","slug":"chihuahua-registra-su-primera-muerte-por-sarampion-en-medio-de-brote-activo","status":"publish","type":"post","link":"https:\/\/canal7slp.tv\/2025\/chihuahua-registra-su-primera-muerte-por-sarampion-en-medio-de-brote-activo\/","title":{"rendered":"Chihuahua registra su primera muerte por sarampi\u00f3n en medio de brote activo"},"content":{"rendered":"<p style=\"text-align: justify;\">Chihuahua.- La Secretar\u00eda de Salud del Estado de Chihuahua confirm\u00f3 este viernes la primera muerte por sarampi\u00f3n en la entidad. Se trata de un hombre de 31 a\u00f1os, residente del municipio de Ascensi\u00f3n, quien no contaba con esquema de vacunaci\u00f3n y presentaba diabetes mellitus como enfermedad preexistente.<\/p>\n<p style=\"text-align: justify;\">El paciente fue atendido en un hospital privado tras desarrollar s\u00edntomas compatibles con sarampi\u00f3n. El diagn\u00f3stico fue confirmado por el Laboratorio Estatal de Salud P\u00fablica. Las autoridades estatales informaron que el caso est\u00e1 vinculado con el brote registrado en Texas, Estados Unidos.<\/p>\n<p style=\"text-align: justify;\">Chihuahua enfrenta actualmente un brote activo de sarampi\u00f3n que tuvo origen en la comunidad menonita del municipio de Cuauht\u00e9moc. Hasta el 10 de abril, se han confirmado 261 casos, distribuidos de la siguiente manera:<\/p>\n<ul style=\"text-align: justify;\">\n<li>Cuauht\u00e9moc: 141<\/li>\n<li>Chihuahua: 36<\/li>\n<li>Ahumada: 20<\/li>\n<li>Namiquipa: 17<\/li>\n<li>Riva Palacio: 15<\/li>\n<li>Ju\u00e1rez: 7<\/li>\n<li>Ojinaga y Bach\u00edniva: 4 cada uno<\/li>\n<li>Cusihuiriachi: 3<\/li>\n<li>Ocampo y Ascensi\u00f3n: 2 cada uno<\/li>\n<li>Parral, Guerrero, Delicias, Galeana, Buenaventura, Nuevo Casas Grandes, Janos y General Tr\u00edas: 1 caso cada uno<\/li>\n<li>1 residente de Seminol, Texas<\/li>\n<\/ul>\n<p style=\"text-align: justify;\">Pese a la situaci\u00f3n, las autoridades no han ordenado el cierre de escuelas ni espacios p\u00fablicos, pero est\u00e1n intensificando la campa\u00f1a de vacunaci\u00f3n. Hasta el momento se han aplicado m\u00e1s de 23 mil dosis, y se espera la llegada de m\u00e1s vacunas enviadas por el gobierno federal.<\/p>\n<p style=\"text-align: justify;\">La Secretar\u00eda de Salud exhort\u00f3 a los padres de familia a vigilar la salud de sus hijos y asegurarse de que cuenten con el esquema completo contra el sarampi\u00f3n, que incluye una dosis a los 12 meses y un refuerzo a los 18 meses de edad.<\/p>\n","protected":false},"excerpt":{"rendered":"<p>Chihuahua.- La Secretar\u00eda de Salud del Estado de Chihuahua confirm\u00f3 este viernes la primera muerte por sarampi\u00f3n en la entidad. Se trata de un hombre de 31 a\u00f1os, residente del municipio de Ascensi\u00f3n, quien no contaba con esquema de vacunaci\u00f3n y presentaba diabetes mellitus como enfermedad preexistente. El paciente fue atendido en un hospital privado tras desarrollar s\u00edntomas compatibles con sarampi\u00f3n. El diagn\u00f3stico fue confirmado por el Laboratorio Estatal de Salud P\u00fablica. Las autoridades estatales informaron que el caso est\u00e1 vinculado con el brote registrado en Texas, Estados Unidos. Chihuahua enfrenta actualmente un brote activo de sarampi\u00f3n que tuvo origen [&hellip;]<\/p>\n","protected":false},"author":2,"featured_media":163150,"comment_status":"closed","ping_status":"closed","sticky":false,"template":"","format":"standard","meta":{"_monsterinsights_skip_tracking":false,"_monsterinsights_sitenote_active":false,"_monsterinsights_sitenote_note":"","_monsterinsights_sitenote_category":0,"footnotes":""},"categories":[46],"tags":[],"class_list":["post-163149","post","type-post","status-publish","format-standard","has-post-thumbnail","hentry","category-nacional","post--single"],"yoast_head":"<!-- This site is optimized with the Yoast SEO plugin v27.5 - https:\/\/yoast.com\/product\/yoast-seo-wordpress\/ -->\n<title>Chihuahua registra su primera muerte por sarampi\u00f3n en medio de brote activo - Canal 7 SLP - 2025<\/title>\n<meta name=\"robots\" content=\"index, follow, max-snippet:-1, max-image-preview:large, max-video-preview:-1\" \/>\n<link rel=\"canonical\" href=\"https:\/\/canal7slp.tv\/2025\/chihuahua-registra-su-primera-muerte-por-sarampion-en-medio-de-brote-activo\/\" \/>\n<meta property=\"og:locale\" content=\"es_ES\" \/>\n<meta property=\"og:type\" content=\"article\" \/>\n<meta property=\"og:title\" content=\"Chihuahua registra su primera muerte por sarampi\u00f3n en medio de brote activo - Canal 7 SLP - 2025\" \/>\n<meta property=\"og:description\" content=\"Chihuahua.- La Secretar\u00eda de Salud del Estado de Chihuahua confirm\u00f3 este viernes la primera muerte por sarampi\u00f3n en la entidad. Se trata de un hombre de 31 a\u00f1os, residente del municipio de Ascensi\u00f3n, quien no contaba con esquema de vacunaci\u00f3n y presentaba diabetes mellitus como enfermedad preexistente. El paciente fue atendido en un hospital privado tras desarrollar s\u00edntomas compatibles con sarampi\u00f3n. El diagn\u00f3stico fue confirmado por el Laboratorio Estatal de Salud P\u00fablica. Las autoridades estatales informaron que el caso est\u00e1 vinculado con el brote registrado en Texas, Estados Unidos. Chihuahua enfrenta actualmente un brote activo de sarampi\u00f3n que tuvo origen [&hellip;]\" \/>\n<meta property=\"og:url\" content=\"https:\/\/canal7slp.tv\/2025\/chihuahua-registra-su-primera-muerte-por-sarampion-en-medio-de-brote-activo\/\" \/>\n<meta property=\"og:site_name\" content=\"Canal 7 SLP - 2025\" \/>\n<meta property=\"article:publisher\" content=\"https:\/\/www.facebook.com\/noticieroscanal7atencionciudadana\/\" \/>\n<meta property=\"article:published_time\" content=\"2025-04-12T16:26:31+00:00\" \/>\n<meta property=\"og:image\" content=\"https:\/\/canal7slp.tv\/2025\/wp-content\/uploads\/2025\/04\/04-11.jpg\" \/>\n\t<meta property=\"og:image:width\" content=\"888\" \/>\n\t<meta property=\"og:image:height\" content=\"500\" \/>\n\t<meta property=\"og:image:type\" content=\"image\/jpeg\" \/>\n<meta name=\"author\" content=\"Edici\u00f3n Web\" \/>\n<meta name=\"twitter:card\" content=\"summary_large_image\" \/>\n<meta name=\"twitter:creator\" content=\"@NOTICIEROS7\" \/>\n<meta name=\"twitter:site\" content=\"@NOTICIEROS7\" \/>\n<meta name=\"twitter:label1\" content=\"Escrito por\" \/>\n\t<meta name=\"twitter:data1\" content=\"Edici\u00f3n Web\" \/>\n\t<meta name=\"twitter:label2\" content=\"Tiempo de lectura\" \/>\n\t<meta name=\"twitter:data2\" content=\"2 minutos\" \/>\n<script type=\"application\/ld+json\" class=\"yoast-schema-graph\">{\"@context\":\"https:\\\/\\\/schema.org\",\"@graph\":[{\"@type\":\"Article\",\"@id\":\"https:\\\/\\\/canal7slp.tv\\\/2025\\\/chihuahua-registra-su-primera-muerte-por-sarampion-en-medio-de-brote-activo\\\/#article\",\"isPartOf\":{\"@id\":\"https:\\\/\\\/canal7slp.tv\\\/2025\\\/chihuahua-registra-su-primera-muerte-por-sarampion-en-medio-de-brote-activo\\\/\"},\"author\":{\"name\":\"Edici\u00f3n Web\",\"@id\":\"https:\\\/\\\/canal7slp.tv\\\/2025\\\/#\\\/schema\\\/person\\\/271e2b60a96e7cc9d9ac296f4d7e414b\"},\"headline\":\"Chihuahua registra su primera muerte por sarampi\u00f3n en medio de brote activo\",\"datePublished\":\"2025-04-12T16:26:31+00:00\",\"mainEntityOfPage\":{\"@id\":\"https:\\\/\\\/canal7slp.tv\\\/2025\\\/chihuahua-registra-su-primera-muerte-por-sarampion-en-medio-de-brote-activo\\\/\"},\"wordCount\":286,\"publisher\":{\"@id\":\"https:\\\/\\\/canal7slp.tv\\\/2025\\\/#organization\"},\"image\":{\"@id\":\"https:\\\/\\\/canal7slp.tv\\\/2025\\\/chihuahua-registra-su-primera-muerte-por-sarampion-en-medio-de-brote-activo\\\/#primaryimage\"},\"thumbnailUrl\":\"https:\\\/\\\/canal7slp.tv\\\/2025\\\/wp-content\\\/uploads\\\/2025\\\/04\\\/04-11.jpg\",\"articleSection\":[\"NACIONALES\"],\"inLanguage\":\"es\"},{\"@type\":\"WebPage\",\"@id\":\"https:\\\/\\\/canal7slp.tv\\\/2025\\\/chihuahua-registra-su-primera-muerte-por-sarampion-en-medio-de-brote-activo\\\/\",\"url\":\"https:\\\/\\\/canal7slp.tv\\\/2025\\\/chihuahua-registra-su-primera-muerte-por-sarampion-en-medio-de-brote-activo\\\/\",\"name\":\"Chihuahua registra su primera muerte por sarampi\u00f3n en medio de brote activo - Canal 7 SLP - 2025\",\"isPartOf\":{\"@id\":\"https:\\\/\\\/canal7slp.tv\\\/2025\\\/#website\"},\"primaryImageOfPage\":{\"@id\":\"https:\\\/\\\/canal7slp.tv\\\/2025\\\/chihuahua-registra-su-primera-muerte-por-sarampion-en-medio-de-brote-activo\\\/#primaryimage\"},\"image\":{\"@id\":\"https:\\\/\\\/canal7slp.tv\\\/2025\\\/chihuahua-registra-su-primera-muerte-por-sarampion-en-medio-de-brote-activo\\\/#primaryimage\"},\"thumbnailUrl\":\"https:\\\/\\\/canal7slp.tv\\\/2025\\\/wp-content\\\/uploads\\\/2025\\\/04\\\/04-11.jpg\",\"datePublished\":\"2025-04-12T16:26:31+00:00\",\"breadcrumb\":{\"@id\":\"https:\\\/\\\/canal7slp.tv\\\/2025\\\/chihuahua-registra-su-primera-muerte-por-sarampion-en-medio-de-brote-activo\\\/#breadcrumb\"},\"inLanguage\":\"es\",\"potentialAction\":[{\"@type\":\"ReadAction\",\"target\":[\"https:\\\/\\\/canal7slp.tv\\\/2025\\\/chihuahua-registra-su-primera-muerte-por-sarampion-en-medio-de-brote-activo\\\/\"]}]},{\"@type\":\"ImageObject\",\"inLanguage\":\"es\",\"@id\":\"https:\\\/\\\/canal7slp.tv\\\/2025\\\/chihuahua-registra-su-primera-muerte-por-sarampion-en-medio-de-brote-activo\\\/#primaryimage\",\"url\":\"https:\\\/\\\/canal7slp.tv\\\/2025\\\/wp-content\\\/uploads\\\/2025\\\/04\\\/04-11.jpg\",\"contentUrl\":\"https:\\\/\\\/canal7slp.tv\\\/2025\\\/wp-content\\\/uploads\\\/2025\\\/04\\\/04-11.jpg\",\"width\":888,\"height\":500},{\"@type\":\"BreadcrumbList\",\"@id\":\"https:\\\/\\\/canal7slp.tv\\\/2025\\\/chihuahua-registra-su-primera-muerte-por-sarampion-en-medio-de-brote-activo\\\/#breadcrumb\",\"itemListElement\":[{\"@type\":\"ListItem\",\"position\":1,\"name\":\"Portada\",\"item\":\"https:\\\/\\\/canal7slp.tv\\\/2025\\\/\"},{\"@type\":\"ListItem\",\"position\":2,\"name\":\"Chihuahua registra su primera muerte por sarampi\u00f3n en medio de brote activo\"}]},{\"@type\":\"WebSite\",\"@id\":\"https:\\\/\\\/canal7slp.tv\\\/2025\\\/#website\",\"url\":\"https:\\\/\\\/canal7slp.tv\\\/2025\\\/\",\"name\":\"N7 - Noticieros Canal 7\",\"description\":\"Somos el Medio\",\"publisher\":{\"@id\":\"https:\\\/\\\/canal7slp.tv\\\/2025\\\/#organization\"},\"potentialAction\":[{\"@type\":\"SearchAction\",\"target\":{\"@type\":\"EntryPoint\",\"urlTemplate\":\"https:\\\/\\\/canal7slp.tv\\\/2025\\\/?s={search_term_string}\"},\"query-input\":{\"@type\":\"PropertyValueSpecification\",\"valueRequired\":true,\"valueName\":\"search_term_string\"}}],\"inLanguage\":\"es\"},{\"@type\":\"Organization\",\"@id\":\"https:\\\/\\\/canal7slp.tv\\\/2025\\\/#organization\",\"name\":\"Noticieros Canal 7\",\"url\":\"https:\\\/\\\/canal7slp.tv\\\/2025\\\/\",\"logo\":{\"@type\":\"ImageObject\",\"inLanguage\":\"es\",\"@id\":\"https:\\\/\\\/canal7slp.tv\\\/2025\\\/#\\\/schema\\\/logo\\\/image\\\/\",\"url\":\"https:\\\/\\\/canal7slp.tv\\\/2025\\\/wp-content\\\/uploads\\\/2021\\\/01\\\/logo-noticieros@2x.png\",\"contentUrl\":\"https:\\\/\\\/canal7slp.tv\\\/2025\\\/wp-content\\\/uploads\\\/2021\\\/01\\\/logo-noticieros@2x.png\",\"width\":1017,\"height\":268,\"caption\":\"Noticieros Canal 7\"},\"image\":{\"@id\":\"https:\\\/\\\/canal7slp.tv\\\/2025\\\/#\\\/schema\\\/logo\\\/image\\\/\"},\"sameAs\":[\"https:\\\/\\\/www.facebook.com\\\/noticieroscanal7atencionciudadana\\\/\",\"https:\\\/\\\/x.com\\\/NOTICIEROS7\",\"https:\\\/\\\/www.instagram.com\\\/canal7_slp\",\"https:\\\/\\\/www.youtube.com\\\/channel\\\/UCliiYs-gP3JfJeqdPrNdd5A\"]},{\"@type\":\"Person\",\"@id\":\"https:\\\/\\\/canal7slp.tv\\\/2025\\\/#\\\/schema\\\/person\\\/271e2b60a96e7cc9d9ac296f4d7e414b\",\"name\":\"Edici\u00f3n Web\",\"image\":{\"@type\":\"ImageObject\",\"inLanguage\":\"es\",\"@id\":\"https:\\\/\\\/secure.gravatar.com\\\/avatar\\\/eee448fc3f7164808013b816ba91ac7e43bbe82a70bebac296f8bc6f0addaa1a?s=96&d=mm&r=g\",\"url\":\"https:\\\/\\\/secure.gravatar.com\\\/avatar\\\/eee448fc3f7164808013b816ba91ac7e43bbe82a70bebac296f8bc6f0addaa1a?s=96&d=mm&r=g\",\"contentUrl\":\"https:\\\/\\\/secure.gravatar.com\\\/avatar\\\/eee448fc3f7164808013b816ba91ac7e43bbe82a70bebac296f8bc6f0addaa1a?s=96&d=mm&r=g\",\"caption\":\"Edici\u00f3n Web\"},\"url\":\"https:\\\/\\\/canal7slp.tv\\\/2025\\\/author\\\/edicionweb\\\/\"}]}<\/script>\n<!-- \/ Yoast SEO plugin. -->","yoast_head_json":{"title":"Chihuahua registra su primera muerte por sarampi\u00f3n en medio de brote activo - Canal 7 SLP - 2025","robots":{"index":"index","follow":"follow","max-snippet":"max-snippet:-1","max-image-preview":"max-image-preview:large","max-video-preview":"max-video-preview:-1"},"canonical":"https:\/\/canal7slp.tv\/2025\/chihuahua-registra-su-primera-muerte-por-sarampion-en-medio-de-brote-activo\/","og_locale":"es_ES","og_type":"article","og_title":"Chihuahua registra su primera muerte por sarampi\u00f3n en medio de brote activo - Canal 7 SLP - 2025","og_description":"Chihuahua.- La Secretar\u00eda de Salud del Estado de Chihuahua confirm\u00f3 este viernes la primera muerte por sarampi\u00f3n en la entidad. Se trata de un hombre de 31 a\u00f1os, residente del municipio de Ascensi\u00f3n, quien no contaba con esquema de vacunaci\u00f3n y presentaba diabetes mellitus como enfermedad preexistente. El paciente fue atendido en un hospital privado tras desarrollar s\u00edntomas compatibles con sarampi\u00f3n. El diagn\u00f3stico fue confirmado por el Laboratorio Estatal de Salud P\u00fablica. Las autoridades estatales informaron que el caso est\u00e1 vinculado con el brote registrado en Texas, Estados Unidos. Chihuahua enfrenta actualmente un brote activo de sarampi\u00f3n que tuvo origen [&hellip;]","og_url":"https:\/\/canal7slp.tv\/2025\/chihuahua-registra-su-primera-muerte-por-sarampion-en-medio-de-brote-activo\/","og_site_name":"Canal 7 SLP - 2025","article_publisher":"https:\/\/www.facebook.com\/noticieroscanal7atencionciudadana\/","article_published_time":"2025-04-12T16:26:31+00:00","og_image":[{"width":888,"height":500,"url":"https:\/\/canal7slp.tv\/2025\/wp-content\/uploads\/2025\/04\/04-11.jpg","type":"image\/jpeg"}],"author":"Edici\u00f3n Web","twitter_card":"summary_large_image","twitter_creator":"@NOTICIEROS7","twitter_site":"@NOTICIEROS7","twitter_misc":{"Escrito por":"Edici\u00f3n Web","Tiempo de lectura":"2 minutos"},"schema":{"@context":"https:\/\/schema.org","@graph":[{"@type":"Article","@id":"https:\/\/canal7slp.tv\/2025\/chihuahua-registra-su-primera-muerte-por-sarampion-en-medio-de-brote-activo\/#article","isPartOf":{"@id":"https:\/\/canal7slp.tv\/2025\/chihuahua-registra-su-primera-muerte-por-sarampion-en-medio-de-brote-activo\/"},"author":{"name":"Edici\u00f3n Web","@id":"https:\/\/canal7slp.tv\/2025\/#\/schema\/person\/271e2b60a96e7cc9d9ac296f4d7e414b"},"headline":"Chihuahua registra su primera muerte por sarampi\u00f3n en medio de brote activo","datePublished":"2025-04-12T16:26:31+00:00","mainEntityOfPage":{"@id":"https:\/\/canal7slp.tv\/2025\/chihuahua-registra-su-primera-muerte-por-sarampion-en-medio-de-brote-activo\/"},"wordCount":286,"publisher":{"@id":"https:\/\/canal7slp.tv\/2025\/#organization"},"image":{"@id":"https:\/\/canal7slp.tv\/2025\/chihuahua-registra-su-primera-muerte-por-sarampion-en-medio-de-brote-activo\/#primaryimage"},"thumbnailUrl":"https:\/\/canal7slp.tv\/2025\/wp-content\/uploads\/2025\/04\/04-11.jpg","articleSection":["NACIONALES"],"inLanguage":"es"},{"@type":"WebPage","@id":"https:\/\/canal7slp.tv\/2025\/chihuahua-registra-su-primera-muerte-por-sarampion-en-medio-de-brote-activo\/","url":"https:\/\/canal7slp.tv\/2025\/chihuahua-registra-su-primera-muerte-por-sarampion-en-medio-de-brote-activo\/","name":"Chihuahua registra su primera muerte por sarampi\u00f3n en medio de brote activo - Canal 7 SLP - 2025","isPartOf":{"@id":"https:\/\/canal7slp.tv\/2025\/#website"},"primaryImageOfPage":{"@id":"https:\/\/canal7slp.tv\/2025\/chihuahua-registra-su-primera-muerte-por-sarampion-en-medio-de-brote-activo\/#primaryimage"},"image":{"@id":"https:\/\/canal7slp.tv\/2025\/chihuahua-registra-su-primera-muerte-por-sarampion-en-medio-de-brote-activo\/#primaryimage"},"thumbnailUrl":"https:\/\/canal7slp.tv\/2025\/wp-content\/uploads\/2025\/04\/04-11.jpg","datePublished":"2025-04-12T16:26:31+00:00","breadcrumb":{"@id":"https:\/\/canal7slp.tv\/2025\/chihuahua-registra-su-primera-muerte-por-sarampion-en-medio-de-brote-activo\/#breadcrumb"},"inLanguage":"es","potentialAction":[{"@type":"ReadAction","target":["https:\/\/canal7slp.tv\/2025\/chihuahua-registra-su-primera-muerte-por-sarampion-en-medio-de-brote-activo\/"]}]},{"@type":"ImageObject","inLanguage":"es","@id":"https:\/\/canal7slp.tv\/2025\/chihuahua-registra-su-primera-muerte-por-sarampion-en-medio-de-brote-activo\/#primaryimage","url":"https:\/\/canal7slp.tv\/2025\/wp-content\/uploads\/2025\/04\/04-11.jpg","contentUrl":"https:\/\/canal7slp.tv\/2025\/wp-content\/uploads\/2025\/04\/04-11.jpg","width":888,"height":500},{"@type":"BreadcrumbList","@id":"https:\/\/canal7slp.tv\/2025\/chihuahua-registra-su-primera-muerte-por-sarampion-en-medio-de-brote-activo\/#breadcrumb","itemListElement":[{"@type":"ListItem","position":1,"name":"Portada","item":"https:\/\/canal7slp.tv\/2025\/"},{"@type":"ListItem","position":2,"name":"Chihuahua registra su primera muerte por sarampi\u00f3n en medio de brote activo"}]},{"@type":"WebSite","@id":"https:\/\/canal7slp.tv\/2025\/#website","url":"https:\/\/canal7slp.tv\/2025\/","name":"N7 - Noticieros Canal 7","description":"Somos el Medio","publisher":{"@id":"https:\/\/canal7slp.tv\/2025\/#organization"},"potentialAction":[{"@type":"SearchAction","target":{"@type":"EntryPoint","urlTemplate":"https:\/\/canal7slp.tv\/2025\/?s={search_term_string}"},"query-input":{"@type":"PropertyValueSpecification","valueRequired":true,"valueName":"search_term_string"}}],"inLanguage":"es"},{"@type":"Organization","@id":"https:\/\/canal7slp.tv\/2025\/#organization","name":"Noticieros Canal 7","url":"https:\/\/canal7slp.tv\/2025\/","logo":{"@type":"ImageObject","inLanguage":"es","@id":"https:\/\/canal7slp.tv\/2025\/#\/schema\/logo\/image\/","url":"https:\/\/canal7slp.tv\/2025\/wp-content\/uploads\/2021\/01\/logo-noticieros@2x.png","contentUrl":"https:\/\/canal7slp.tv\/2025\/wp-content\/uploads\/2021\/01\/logo-noticieros@2x.png","width":1017,"height":268,"caption":"Noticieros Canal 7"},"image":{"@id":"https:\/\/canal7slp.tv\/2025\/#\/schema\/logo\/image\/"},"sameAs":["https:\/\/www.facebook.com\/noticieroscanal7atencionciudadana\/","https:\/\/x.com\/NOTICIEROS7","https:\/\/www.instagram.com\/canal7_slp","https:\/\/www.youtube.com\/channel\/UCliiYs-gP3JfJeqdPrNdd5A"]},{"@type":"Person","@id":"https:\/\/canal7slp.tv\/2025\/#\/schema\/person\/271e2b60a96e7cc9d9ac296f4d7e414b","name":"Edici\u00f3n Web","image":{"@type":"ImageObject","inLanguage":"es","@id":"https:\/\/secure.gravatar.com\/avatar\/eee448fc3f7164808013b816ba91ac7e43bbe82a70bebac296f8bc6f0addaa1a?s=96&d=mm&r=g","url":"https:\/\/secure.gravatar.com\/avatar\/eee448fc3f7164808013b816ba91ac7e43bbe82a70bebac296f8bc6f0addaa1a?s=96&d=mm&r=g","contentUrl":"https:\/\/secure.gravatar.com\/avatar\/eee448fc3f7164808013b816ba91ac7e43bbe82a70bebac296f8bc6f0addaa1a?s=96&d=mm&r=g","caption":"Edici\u00f3n Web"},"url":"https:\/\/canal7slp.tv\/2025\/author\/edicionweb\/"}]}},"_links":{"self":[{"href":"https:\/\/canal7slp.tv\/2025\/wp-json\/wp\/v2\/posts\/163149","targetHints":{"allow":["GET"]}}],"collection":[{"href":"https:\/\/canal7slp.tv\/2025\/wp-json\/wp\/v2\/posts"}],"about":[{"href":"https:\/\/canal7slp.tv\/2025\/wp-json\/wp\/v2\/types\/post"}],"author":[{"embeddable":true,"href":"https:\/\/canal7slp.tv\/2025\/wp-json\/wp\/v2\/users\/2"}],"replies":[{"embeddable":true,"href":"https:\/\/canal7slp.tv\/2025\/wp-json\/wp\/v2\/comments?post=163149"}],"version-history":[{"count":1,"href":"https:\/\/canal7slp.tv\/2025\/wp-json\/wp\/v2\/posts\/163149\/revisions"}],"predecessor-version":[{"id":163151,"href":"https:\/\/canal7slp.tv\/2025\/wp-json\/wp\/v2\/posts\/163149\/revisions\/163151"}],"wp:featuredmedia":[{"embeddable":true,"href":"https:\/\/canal7slp.tv\/2025\/wp-json\/wp\/v2\/media\/163150"}],"wp:attachment":[{"href":"https:\/\/canal7slp.tv\/2025\/wp-json\/wp\/v2\/media?parent=163149"}],"wp:term":[{"taxonomy":"category","embeddable":true,"href":"https:\/\/canal7slp.tv\/2025\/wp-json\/wp\/v2\/categories?post=163149"},{"taxonomy":"post_tag","embeddable":true,"href":"https:\/\/canal7slp.tv\/2025\/wp-json\/wp\/v2\/tags?post=163149"}],"curies":[{"name":"wp","href":"https:\/\/api.w.org\/{rel}","templated":true}]}}