{"id":163143,"date":"2025-04-12T09:44:41","date_gmt":"2025-04-12T15:44:41","guid":{"rendered":"https:\/\/canal7slp.tv\/2025\/?p=163143"},"modified":"2025-04-12T09:44:41","modified_gmt":"2025-04-12T15:44:41","slug":"jueza-rechaza-argumentos-de-legitima-defensa-y-vincula-a-proceso-a-carlota-n-y-a-sus-hijos","status":"publish","type":"post","link":"https:\/\/canal7slp.tv\/2025\/jueza-rechaza-argumentos-de-legitima-defensa-y-vincula-a-proceso-a-carlota-n-y-a-sus-hijos\/","title":{"rendered":"Jueza rechaza argumentos de leg\u00edtima defensa y vincula a proceso a Carlota &#8216;N&#8217; y a sus hijos"},"content":{"rendered":"<p style=\"text-align: justify;\">M\u00e9xico.- Un juez determin\u00f3 vincular a proceso a Carlota \u00abN\u00bb, de 73 a\u00f1os, junto con Mariana \u00abN\u00bb y Eduardo \u00abN\u00bb, por su presunta participaci\u00f3n en el homicidio calificado de dos personas y el intento de homicidio de un adolescente de 14 a\u00f1os.<\/p>\n<p style=\"text-align: justify;\">Los hechos ocurrieron el pasado 4 de abril en el fraccionamiento ExHacienda de Guadalupe, Estado de M\u00e9xico, durante un conflicto por la ocupaci\u00f3n de una vivienda.<\/p>\n<p style=\"text-align: justify;\">Seg\u00fan las investigaciones, el incidente se produjo cuando los ahora imputados exigieron a los ocupantes que abandonaran la propiedad. Ante la negativa de estos, quienes alegaban tener un contrato de renta v\u00e1lido, Carlota y Eduardo habr\u00edan abierto fuego.<\/p>\n<p style=\"text-align: justify;\">El momento qued\u00f3 registrado en un video que posteriormente fue entregado a las autoridades por la nuera de una de las v\u00edctimas, convirti\u00e9ndose en prueba clave del caso.<\/p>\n<p style=\"text-align: justify;\">Durante la audiencia inicial, que se prolong\u00f3 por m\u00e1s de nueve horas, la jueza rechaz\u00f3 los argumentos de leg\u00edtima defensa presentados por los abogados defensores.<\/p>\n<p style=\"text-align: justify;\">En su resoluci\u00f3n, destac\u00f3 que los acusados actuaron con ventaja al presentarse armados en el lugar, subrayando que \u00abnadie puede tomar la justicia por su propia mano\u00bb. Asimismo, desestim\u00f3 las acusaciones de irregularidad en la detenci\u00f3n, ocurrida el 2 de abril en Chicoloapan.<\/p>\n<p style=\"text-align: justify;\">Pese a los argumentos de la defensa sobre la edad avanzada de Carlota, la jueza mantuvo la prisi\u00f3n preventiva para los tres implicados, considerando la gravedad de los hechos.<\/p>\n<p style=\"text-align: justify;\">Estableci\u00f3 un plazo de un mes, hasta el 4 de mayo, para que tanto la Fiscal\u00eda General de Justicia del Estado de M\u00e9xico como la defensa presenten pruebas adicionales que puedan complementar la investigaci\u00f3n.<\/p>\n<p style=\"text-align: justify;\">El caso ha generado un amplio debate sobre los l\u00edmites de la defensa de la propiedad privada y los mecanismos legales para resolver conflictos de ocupaci\u00f3n de viviendas.<\/p>\n<p style=\"text-align: justify;\">Mientras los acusados disponen de tres d\u00edas para presentar un recurso de apelaci\u00f3n, las autoridades tienen el mismo plazo para explicar los detalles sobre la obtenci\u00f3n y manejo del video que documenta los hechos.<\/p>\n","protected":false},"excerpt":{"rendered":"<p>M\u00e9xico.- Un juez determin\u00f3 vincular a proceso a Carlota \u00abN\u00bb, de 73 a\u00f1os, junto con Mariana \u00abN\u00bb y Eduardo \u00abN\u00bb, por su presunta participaci\u00f3n en el homicidio calificado de dos personas y el intento de homicidio de un adolescente de 14 a\u00f1os. Los hechos ocurrieron el pasado 4 de abril en el fraccionamiento ExHacienda de Guadalupe, Estado de M\u00e9xico, durante un conflicto por la ocupaci\u00f3n de una vivienda. Seg\u00fan las investigaciones, el incidente se produjo cuando los ahora imputados exigieron a los ocupantes que abandonaran la propiedad. Ante la negativa de estos, quienes alegaban tener un contrato de renta v\u00e1lido, [&hellip;]<\/p>\n","protected":false},"author":2,"featured_media":163144,"comment_status":"closed","ping_status":"closed","sticky":false,"template":"","format":"standard","meta":{"_monsterinsights_skip_tracking":false,"_monsterinsights_sitenote_active":false,"_monsterinsights_sitenote_note":"","_monsterinsights_sitenote_category":0,"footnotes":""},"categories":[46],"tags":[],"class_list":["post-163143","post","type-post","status-publish","format-standard","has-post-thumbnail","hentry","category-nacional","post--single"],"yoast_head":"<!-- This site is optimized with the Yoast SEO plugin v27.5 - https:\/\/yoast.com\/product\/yoast-seo-wordpress\/ -->\n<title>Jueza rechaza argumentos de leg\u00edtima defensa y vincula a proceso a Carlota &#039;N&#039; y a sus hijos - Canal 7 SLP - 2025<\/title>\n<meta name=\"robots\" content=\"index, follow, max-snippet:-1, max-image-preview:large, max-video-preview:-1\" \/>\n<link rel=\"canonical\" href=\"https:\/\/canal7slp.tv\/2025\/jueza-rechaza-argumentos-de-legitima-defensa-y-vincula-a-proceso-a-carlota-n-y-a-sus-hijos\/\" \/>\n<meta property=\"og:locale\" content=\"es_ES\" \/>\n<meta property=\"og:type\" content=\"article\" \/>\n<meta property=\"og:title\" content=\"Jueza rechaza argumentos de leg\u00edtima defensa y vincula a proceso a Carlota &#039;N&#039; y a sus hijos - Canal 7 SLP - 2025\" \/>\n<meta property=\"og:description\" content=\"M\u00e9xico.- Un juez determin\u00f3 vincular a proceso a Carlota \u00abN\u00bb, de 73 a\u00f1os, junto con Mariana \u00abN\u00bb y Eduardo \u00abN\u00bb, por su presunta participaci\u00f3n en el homicidio calificado de dos personas y el intento de homicidio de un adolescente de 14 a\u00f1os. Los hechos ocurrieron el pasado 4 de abril en el fraccionamiento ExHacienda de Guadalupe, Estado de M\u00e9xico, durante un conflicto por la ocupaci\u00f3n de una vivienda. Seg\u00fan las investigaciones, el incidente se produjo cuando los ahora imputados exigieron a los ocupantes que abandonaran la propiedad. Ante la negativa de estos, quienes alegaban tener un contrato de renta v\u00e1lido, [&hellip;]\" \/>\n<meta property=\"og:url\" content=\"https:\/\/canal7slp.tv\/2025\/jueza-rechaza-argumentos-de-legitima-defensa-y-vincula-a-proceso-a-carlota-n-y-a-sus-hijos\/\" \/>\n<meta property=\"og:site_name\" content=\"Canal 7 SLP - 2025\" \/>\n<meta property=\"article:publisher\" content=\"https:\/\/www.facebook.com\/noticieroscanal7atencionciudadana\/\" \/>\n<meta property=\"article:published_time\" content=\"2025-04-12T15:44:41+00:00\" \/>\n<meta property=\"og:image\" content=\"https:\/\/canal7slp.tv\/2025\/wp-content\/uploads\/2025\/04\/02-11.jpg\" \/>\n\t<meta property=\"og:image:width\" content=\"728\" \/>\n\t<meta property=\"og:image:height\" content=\"410\" \/>\n\t<meta property=\"og:image:type\" content=\"image\/jpeg\" \/>\n<meta name=\"author\" content=\"Edici\u00f3n Web\" \/>\n<meta name=\"twitter:card\" content=\"summary_large_image\" \/>\n<meta name=\"twitter:creator\" content=\"@NOTICIEROS7\" \/>\n<meta name=\"twitter:site\" content=\"@NOTICIEROS7\" \/>\n<meta name=\"twitter:label1\" content=\"Escrito por\" \/>\n\t<meta name=\"twitter:data1\" content=\"Edici\u00f3n Web\" \/>\n\t<meta name=\"twitter:label2\" content=\"Tiempo de lectura\" \/>\n\t<meta name=\"twitter:data2\" content=\"2 minutos\" \/>\n<script type=\"application\/ld+json\" class=\"yoast-schema-graph\">{\"@context\":\"https:\\\/\\\/schema.org\",\"@graph\":[{\"@type\":\"Article\",\"@id\":\"https:\\\/\\\/canal7slp.tv\\\/2025\\\/jueza-rechaza-argumentos-de-legitima-defensa-y-vincula-a-proceso-a-carlota-n-y-a-sus-hijos\\\/#article\",\"isPartOf\":{\"@id\":\"https:\\\/\\\/canal7slp.tv\\\/2025\\\/jueza-rechaza-argumentos-de-legitima-defensa-y-vincula-a-proceso-a-carlota-n-y-a-sus-hijos\\\/\"},\"author\":{\"name\":\"Edici\u00f3n Web\",\"@id\":\"https:\\\/\\\/canal7slp.tv\\\/2025\\\/#\\\/schema\\\/person\\\/271e2b60a96e7cc9d9ac296f4d7e414b\"},\"headline\":\"Jueza rechaza argumentos de leg\u00edtima defensa y vincula a proceso a Carlota &#8216;N&#8217; y a sus hijos\",\"datePublished\":\"2025-04-12T15:44:41+00:00\",\"mainEntityOfPage\":{\"@id\":\"https:\\\/\\\/canal7slp.tv\\\/2025\\\/jueza-rechaza-argumentos-de-legitima-defensa-y-vincula-a-proceso-a-carlota-n-y-a-sus-hijos\\\/\"},\"wordCount\":365,\"publisher\":{\"@id\":\"https:\\\/\\\/canal7slp.tv\\\/2025\\\/#organization\"},\"image\":{\"@id\":\"https:\\\/\\\/canal7slp.tv\\\/2025\\\/jueza-rechaza-argumentos-de-legitima-defensa-y-vincula-a-proceso-a-carlota-n-y-a-sus-hijos\\\/#primaryimage\"},\"thumbnailUrl\":\"https:\\\/\\\/canal7slp.tv\\\/2025\\\/wp-content\\\/uploads\\\/2025\\\/04\\\/02-11.jpg\",\"articleSection\":[\"NACIONALES\"],\"inLanguage\":\"es\"},{\"@type\":\"WebPage\",\"@id\":\"https:\\\/\\\/canal7slp.tv\\\/2025\\\/jueza-rechaza-argumentos-de-legitima-defensa-y-vincula-a-proceso-a-carlota-n-y-a-sus-hijos\\\/\",\"url\":\"https:\\\/\\\/canal7slp.tv\\\/2025\\\/jueza-rechaza-argumentos-de-legitima-defensa-y-vincula-a-proceso-a-carlota-n-y-a-sus-hijos\\\/\",\"name\":\"Jueza rechaza argumentos de leg\u00edtima defensa y vincula a proceso a Carlota 'N' y a sus hijos - Canal 7 SLP - 2025\",\"isPartOf\":{\"@id\":\"https:\\\/\\\/canal7slp.tv\\\/2025\\\/#website\"},\"primaryImageOfPage\":{\"@id\":\"https:\\\/\\\/canal7slp.tv\\\/2025\\\/jueza-rechaza-argumentos-de-legitima-defensa-y-vincula-a-proceso-a-carlota-n-y-a-sus-hijos\\\/#primaryimage\"},\"image\":{\"@id\":\"https:\\\/\\\/canal7slp.tv\\\/2025\\\/jueza-rechaza-argumentos-de-legitima-defensa-y-vincula-a-proceso-a-carlota-n-y-a-sus-hijos\\\/#primaryimage\"},\"thumbnailUrl\":\"https:\\\/\\\/canal7slp.tv\\\/2025\\\/wp-content\\\/uploads\\\/2025\\\/04\\\/02-11.jpg\",\"datePublished\":\"2025-04-12T15:44:41+00:00\",\"breadcrumb\":{\"@id\":\"https:\\\/\\\/canal7slp.tv\\\/2025\\\/jueza-rechaza-argumentos-de-legitima-defensa-y-vincula-a-proceso-a-carlota-n-y-a-sus-hijos\\\/#breadcrumb\"},\"inLanguage\":\"es\",\"potentialAction\":[{\"@type\":\"ReadAction\",\"target\":[\"https:\\\/\\\/canal7slp.tv\\\/2025\\\/jueza-rechaza-argumentos-de-legitima-defensa-y-vincula-a-proceso-a-carlota-n-y-a-sus-hijos\\\/\"]}]},{\"@type\":\"ImageObject\",\"inLanguage\":\"es\",\"@id\":\"https:\\\/\\\/canal7slp.tv\\\/2025\\\/jueza-rechaza-argumentos-de-legitima-defensa-y-vincula-a-proceso-a-carlota-n-y-a-sus-hijos\\\/#primaryimage\",\"url\":\"https:\\\/\\\/canal7slp.tv\\\/2025\\\/wp-content\\\/uploads\\\/2025\\\/04\\\/02-11.jpg\",\"contentUrl\":\"https:\\\/\\\/canal7slp.tv\\\/2025\\\/wp-content\\\/uploads\\\/2025\\\/04\\\/02-11.jpg\",\"width\":728,\"height\":410},{\"@type\":\"BreadcrumbList\",\"@id\":\"https:\\\/\\\/canal7slp.tv\\\/2025\\\/jueza-rechaza-argumentos-de-legitima-defensa-y-vincula-a-proceso-a-carlota-n-y-a-sus-hijos\\\/#breadcrumb\",\"itemListElement\":[{\"@type\":\"ListItem\",\"position\":1,\"name\":\"Portada\",\"item\":\"https:\\\/\\\/canal7slp.tv\\\/2025\\\/\"},{\"@type\":\"ListItem\",\"position\":2,\"name\":\"Jueza rechaza argumentos de leg\u00edtima defensa y vincula a proceso a Carlota &#8216;N&#8217; y a sus hijos\"}]},{\"@type\":\"WebSite\",\"@id\":\"https:\\\/\\\/canal7slp.tv\\\/2025\\\/#website\",\"url\":\"https:\\\/\\\/canal7slp.tv\\\/2025\\\/\",\"name\":\"N7 - Noticieros Canal 7\",\"description\":\"Somos el Medio\",\"publisher\":{\"@id\":\"https:\\\/\\\/canal7slp.tv\\\/2025\\\/#organization\"},\"potentialAction\":[{\"@type\":\"SearchAction\",\"target\":{\"@type\":\"EntryPoint\",\"urlTemplate\":\"https:\\\/\\\/canal7slp.tv\\\/2025\\\/?s={search_term_string}\"},\"query-input\":{\"@type\":\"PropertyValueSpecification\",\"valueRequired\":true,\"valueName\":\"search_term_string\"}}],\"inLanguage\":\"es\"},{\"@type\":\"Organization\",\"@id\":\"https:\\\/\\\/canal7slp.tv\\\/2025\\\/#organization\",\"name\":\"Noticieros Canal 7\",\"url\":\"https:\\\/\\\/canal7slp.tv\\\/2025\\\/\",\"logo\":{\"@type\":\"ImageObject\",\"inLanguage\":\"es\",\"@id\":\"https:\\\/\\\/canal7slp.tv\\\/2025\\\/#\\\/schema\\\/logo\\\/image\\\/\",\"url\":\"https:\\\/\\\/canal7slp.tv\\\/2025\\\/wp-content\\\/uploads\\\/2021\\\/01\\\/logo-noticieros@2x.png\",\"contentUrl\":\"https:\\\/\\\/canal7slp.tv\\\/2025\\\/wp-content\\\/uploads\\\/2021\\\/01\\\/logo-noticieros@2x.png\",\"width\":1017,\"height\":268,\"caption\":\"Noticieros Canal 7\"},\"image\":{\"@id\":\"https:\\\/\\\/canal7slp.tv\\\/2025\\\/#\\\/schema\\\/logo\\\/image\\\/\"},\"sameAs\":[\"https:\\\/\\\/www.facebook.com\\\/noticieroscanal7atencionciudadana\\\/\",\"https:\\\/\\\/x.com\\\/NOTICIEROS7\",\"https:\\\/\\\/www.instagram.com\\\/canal7_slp\",\"https:\\\/\\\/www.youtube.com\\\/channel\\\/UCliiYs-gP3JfJeqdPrNdd5A\"]},{\"@type\":\"Person\",\"@id\":\"https:\\\/\\\/canal7slp.tv\\\/2025\\\/#\\\/schema\\\/person\\\/271e2b60a96e7cc9d9ac296f4d7e414b\",\"name\":\"Edici\u00f3n Web\",\"image\":{\"@type\":\"ImageObject\",\"inLanguage\":\"es\",\"@id\":\"https:\\\/\\\/secure.gravatar.com\\\/avatar\\\/eee448fc3f7164808013b816ba91ac7e43bbe82a70bebac296f8bc6f0addaa1a?s=96&d=mm&r=g\",\"url\":\"https:\\\/\\\/secure.gravatar.com\\\/avatar\\\/eee448fc3f7164808013b816ba91ac7e43bbe82a70bebac296f8bc6f0addaa1a?s=96&d=mm&r=g\",\"contentUrl\":\"https:\\\/\\\/secure.gravatar.com\\\/avatar\\\/eee448fc3f7164808013b816ba91ac7e43bbe82a70bebac296f8bc6f0addaa1a?s=96&d=mm&r=g\",\"caption\":\"Edici\u00f3n Web\"},\"url\":\"https:\\\/\\\/canal7slp.tv\\\/2025\\\/author\\\/edicionweb\\\/\"}]}<\/script>\n<!-- \/ Yoast SEO plugin. -->","yoast_head_json":{"title":"Jueza rechaza argumentos de leg\u00edtima defensa y vincula a proceso a Carlota 'N' y a sus hijos - Canal 7 SLP - 2025","robots":{"index":"index","follow":"follow","max-snippet":"max-snippet:-1","max-image-preview":"max-image-preview:large","max-video-preview":"max-video-preview:-1"},"canonical":"https:\/\/canal7slp.tv\/2025\/jueza-rechaza-argumentos-de-legitima-defensa-y-vincula-a-proceso-a-carlota-n-y-a-sus-hijos\/","og_locale":"es_ES","og_type":"article","og_title":"Jueza rechaza argumentos de leg\u00edtima defensa y vincula a proceso a Carlota 'N' y a sus hijos - Canal 7 SLP - 2025","og_description":"M\u00e9xico.- Un juez determin\u00f3 vincular a proceso a Carlota \u00abN\u00bb, de 73 a\u00f1os, junto con Mariana \u00abN\u00bb y Eduardo \u00abN\u00bb, por su presunta participaci\u00f3n en el homicidio calificado de dos personas y el intento de homicidio de un adolescente de 14 a\u00f1os. Los hechos ocurrieron el pasado 4 de abril en el fraccionamiento ExHacienda de Guadalupe, Estado de M\u00e9xico, durante un conflicto por la ocupaci\u00f3n de una vivienda. Seg\u00fan las investigaciones, el incidente se produjo cuando los ahora imputados exigieron a los ocupantes que abandonaran la propiedad. Ante la negativa de estos, quienes alegaban tener un contrato de renta v\u00e1lido, [&hellip;]","og_url":"https:\/\/canal7slp.tv\/2025\/jueza-rechaza-argumentos-de-legitima-defensa-y-vincula-a-proceso-a-carlota-n-y-a-sus-hijos\/","og_site_name":"Canal 7 SLP - 2025","article_publisher":"https:\/\/www.facebook.com\/noticieroscanal7atencionciudadana\/","article_published_time":"2025-04-12T15:44:41+00:00","og_image":[{"width":728,"height":410,"url":"https:\/\/canal7slp.tv\/2025\/wp-content\/uploads\/2025\/04\/02-11.jpg","type":"image\/jpeg"}],"author":"Edici\u00f3n Web","twitter_card":"summary_large_image","twitter_creator":"@NOTICIEROS7","twitter_site":"@NOTICIEROS7","twitter_misc":{"Escrito por":"Edici\u00f3n Web","Tiempo de lectura":"2 minutos"},"schema":{"@context":"https:\/\/schema.org","@graph":[{"@type":"Article","@id":"https:\/\/canal7slp.tv\/2025\/jueza-rechaza-argumentos-de-legitima-defensa-y-vincula-a-proceso-a-carlota-n-y-a-sus-hijos\/#article","isPartOf":{"@id":"https:\/\/canal7slp.tv\/2025\/jueza-rechaza-argumentos-de-legitima-defensa-y-vincula-a-proceso-a-carlota-n-y-a-sus-hijos\/"},"author":{"name":"Edici\u00f3n Web","@id":"https:\/\/canal7slp.tv\/2025\/#\/schema\/person\/271e2b60a96e7cc9d9ac296f4d7e414b"},"headline":"Jueza rechaza argumentos de leg\u00edtima defensa y vincula a proceso a Carlota &#8216;N&#8217; y a sus hijos","datePublished":"2025-04-12T15:44:41+00:00","mainEntityOfPage":{"@id":"https:\/\/canal7slp.tv\/2025\/jueza-rechaza-argumentos-de-legitima-defensa-y-vincula-a-proceso-a-carlota-n-y-a-sus-hijos\/"},"wordCount":365,"publisher":{"@id":"https:\/\/canal7slp.tv\/2025\/#organization"},"image":{"@id":"https:\/\/canal7slp.tv\/2025\/jueza-rechaza-argumentos-de-legitima-defensa-y-vincula-a-proceso-a-carlota-n-y-a-sus-hijos\/#primaryimage"},"thumbnailUrl":"https:\/\/canal7slp.tv\/2025\/wp-content\/uploads\/2025\/04\/02-11.jpg","articleSection":["NACIONALES"],"inLanguage":"es"},{"@type":"WebPage","@id":"https:\/\/canal7slp.tv\/2025\/jueza-rechaza-argumentos-de-legitima-defensa-y-vincula-a-proceso-a-carlota-n-y-a-sus-hijos\/","url":"https:\/\/canal7slp.tv\/2025\/jueza-rechaza-argumentos-de-legitima-defensa-y-vincula-a-proceso-a-carlota-n-y-a-sus-hijos\/","name":"Jueza rechaza argumentos de leg\u00edtima defensa y vincula a proceso a Carlota 'N' y a sus hijos - Canal 7 SLP - 2025","isPartOf":{"@id":"https:\/\/canal7slp.tv\/2025\/#website"},"primaryImageOfPage":{"@id":"https:\/\/canal7slp.tv\/2025\/jueza-rechaza-argumentos-de-legitima-defensa-y-vincula-a-proceso-a-carlota-n-y-a-sus-hijos\/#primaryimage"},"image":{"@id":"https:\/\/canal7slp.tv\/2025\/jueza-rechaza-argumentos-de-legitima-defensa-y-vincula-a-proceso-a-carlota-n-y-a-sus-hijos\/#primaryimage"},"thumbnailUrl":"https:\/\/canal7slp.tv\/2025\/wp-content\/uploads\/2025\/04\/02-11.jpg","datePublished":"2025-04-12T15:44:41+00:00","breadcrumb":{"@id":"https:\/\/canal7slp.tv\/2025\/jueza-rechaza-argumentos-de-legitima-defensa-y-vincula-a-proceso-a-carlota-n-y-a-sus-hijos\/#breadcrumb"},"inLanguage":"es","potentialAction":[{"@type":"ReadAction","target":["https:\/\/canal7slp.tv\/2025\/jueza-rechaza-argumentos-de-legitima-defensa-y-vincula-a-proceso-a-carlota-n-y-a-sus-hijos\/"]}]},{"@type":"ImageObject","inLanguage":"es","@id":"https:\/\/canal7slp.tv\/2025\/jueza-rechaza-argumentos-de-legitima-defensa-y-vincula-a-proceso-a-carlota-n-y-a-sus-hijos\/#primaryimage","url":"https:\/\/canal7slp.tv\/2025\/wp-content\/uploads\/2025\/04\/02-11.jpg","contentUrl":"https:\/\/canal7slp.tv\/2025\/wp-content\/uploads\/2025\/04\/02-11.jpg","width":728,"height":410},{"@type":"BreadcrumbList","@id":"https:\/\/canal7slp.tv\/2025\/jueza-rechaza-argumentos-de-legitima-defensa-y-vincula-a-proceso-a-carlota-n-y-a-sus-hijos\/#breadcrumb","itemListElement":[{"@type":"ListItem","position":1,"name":"Portada","item":"https:\/\/canal7slp.tv\/2025\/"},{"@type":"ListItem","position":2,"name":"Jueza rechaza argumentos de leg\u00edtima defensa y vincula a proceso a Carlota &#8216;N&#8217; y a sus hijos"}]},{"@type":"WebSite","@id":"https:\/\/canal7slp.tv\/2025\/#website","url":"https:\/\/canal7slp.tv\/2025\/","name":"N7 - Noticieros Canal 7","description":"Somos el Medio","publisher":{"@id":"https:\/\/canal7slp.tv\/2025\/#organization"},"potentialAction":[{"@type":"SearchAction","target":{"@type":"EntryPoint","urlTemplate":"https:\/\/canal7slp.tv\/2025\/?s={search_term_string}"},"query-input":{"@type":"PropertyValueSpecification","valueRequired":true,"valueName":"search_term_string"}}],"inLanguage":"es"},{"@type":"Organization","@id":"https:\/\/canal7slp.tv\/2025\/#organization","name":"Noticieros Canal 7","url":"https:\/\/canal7slp.tv\/2025\/","logo":{"@type":"ImageObject","inLanguage":"es","@id":"https:\/\/canal7slp.tv\/2025\/#\/schema\/logo\/image\/","url":"https:\/\/canal7slp.tv\/2025\/wp-content\/uploads\/2021\/01\/logo-noticieros@2x.png","contentUrl":"https:\/\/canal7slp.tv\/2025\/wp-content\/uploads\/2021\/01\/logo-noticieros@2x.png","width":1017,"height":268,"caption":"Noticieros Canal 7"},"image":{"@id":"https:\/\/canal7slp.tv\/2025\/#\/schema\/logo\/image\/"},"sameAs":["https:\/\/www.facebook.com\/noticieroscanal7atencionciudadana\/","https:\/\/x.com\/NOTICIEROS7","https:\/\/www.instagram.com\/canal7_slp","https:\/\/www.youtube.com\/channel\/UCliiYs-gP3JfJeqdPrNdd5A"]},{"@type":"Person","@id":"https:\/\/canal7slp.tv\/2025\/#\/schema\/person\/271e2b60a96e7cc9d9ac296f4d7e414b","name":"Edici\u00f3n Web","image":{"@type":"ImageObject","inLanguage":"es","@id":"https:\/\/secure.gravatar.com\/avatar\/eee448fc3f7164808013b816ba91ac7e43bbe82a70bebac296f8bc6f0addaa1a?s=96&d=mm&r=g","url":"https:\/\/secure.gravatar.com\/avatar\/eee448fc3f7164808013b816ba91ac7e43bbe82a70bebac296f8bc6f0addaa1a?s=96&d=mm&r=g","contentUrl":"https:\/\/secure.gravatar.com\/avatar\/eee448fc3f7164808013b816ba91ac7e43bbe82a70bebac296f8bc6f0addaa1a?s=96&d=mm&r=g","caption":"Edici\u00f3n Web"},"url":"https:\/\/canal7slp.tv\/2025\/author\/edicionweb\/"}]}},"_links":{"self":[{"href":"https:\/\/canal7slp.tv\/2025\/wp-json\/wp\/v2\/posts\/163143","targetHints":{"allow":["GET"]}}],"collection":[{"href":"https:\/\/canal7slp.tv\/2025\/wp-json\/wp\/v2\/posts"}],"about":[{"href":"https:\/\/canal7slp.tv\/2025\/wp-json\/wp\/v2\/types\/post"}],"author":[{"embeddable":true,"href":"https:\/\/canal7slp.tv\/2025\/wp-json\/wp\/v2\/users\/2"}],"replies":[{"embeddable":true,"href":"https:\/\/canal7slp.tv\/2025\/wp-json\/wp\/v2\/comments?post=163143"}],"version-history":[{"count":1,"href":"https:\/\/canal7slp.tv\/2025\/wp-json\/wp\/v2\/posts\/163143\/revisions"}],"predecessor-version":[{"id":163145,"href":"https:\/\/canal7slp.tv\/2025\/wp-json\/wp\/v2\/posts\/163143\/revisions\/163145"}],"wp:featuredmedia":[{"embeddable":true,"href":"https:\/\/canal7slp.tv\/2025\/wp-json\/wp\/v2\/media\/163144"}],"wp:attachment":[{"href":"https:\/\/canal7slp.tv\/2025\/wp-json\/wp\/v2\/media?parent=163143"}],"wp:term":[{"taxonomy":"category","embeddable":true,"href":"https:\/\/canal7slp.tv\/2025\/wp-json\/wp\/v2\/categories?post=163143"},{"taxonomy":"post_tag","embeddable":true,"href":"https:\/\/canal7slp.tv\/2025\/wp-json\/wp\/v2\/tags?post=163143"}],"curies":[{"name":"wp","href":"https:\/\/api.w.org\/{rel}","templated":true}]}}