{"id":163127,"date":"2025-04-11T21:52:54","date_gmt":"2025-04-12T03:52:54","guid":{"rendered":"https:\/\/canal7slp.tv\/2025\/?p=163127"},"modified":"2025-04-11T21:52:54","modified_gmt":"2025-04-12T03:52:54","slug":"celebracion-135-del-viernes-de-dolores-en-honor-a-la-virgen-de-los-dolores","status":"publish","type":"post","link":"https:\/\/canal7slp.tv\/2025\/celebracion-135-del-viernes-de-dolores-en-honor-a-la-virgen-de-los-dolores\/","title":{"rendered":"Celebraci\u00f3n 135 del Viernes de Dolores en honor a la Virgen de los Dolores"},"content":{"rendered":"<p style=\"text-align: justify;\"><span style=\"font-size: 1.21429rem;\">SLP.- Son ya 135 a\u00f1os de celebrar en San Luis Potos\u00ed el Viernes de Dolores en honor a la Virgen de los Dolores, Virgen de la Amargura, Virgen de la Piedad o La Dolorosa que es una advocaci\u00f3n de la Virgen Mar\u00eda que simboliza su sufrimiento y compasi\u00f3n por la Pasi\u00f3n y Muerte de Jes\u00fas.<\/span><\/p>\n<p style=\"text-align: justify;\">La calle Ignacio Altamirano tambi\u00e9n conocida como \u201ccallej\u00f3n del buche\u201d es el punto donde en la ciudad coloca la mayor cantidad de altares y se acompa\u00f1a con una verbena popular.<\/p>\n<p style=\"text-align: justify;\">Enrique Galindo Ceballos, alcalde de la capital, habl\u00f3 al respecto durante el recorrido que realiz\u00f3.<\/p>\n<p style=\"text-align: justify;\">\u201cHoy est\u00e1n cumpli\u00e9ndose 135 a\u00f1os de esta tradici\u00f3n (\u2026) el ayuntamiento hace tres la declar\u00f3 patrimonio inmaterial de la ciudad, el callej\u00f3n del buche es una tradici\u00f3n important\u00edsima y pudimos declararla con el Cabildo patrimonio\u201d.<\/p>\n<p style=\"text-align: justify;\">La ciudad capital fue integrada a la Red Mundial de Turismo Religioso durante la pasada Feria Internacional de Turismo, la directora de dicha red, Pilar Vald\u00e9s Arroyo, visit\u00f3 el callej\u00f3n del buche y extern\u00f3 su sentir al respecto de esta tradici\u00f3n.<\/p>\n<p>\u201cYo estoy encantada se\u00f1or alcalde por la invitaci\u00f3n porque de verdad es un honor para m\u00ed poder disfrutar de una tradici\u00f3n tan bonita, centenaria y tan popular y del pueblo para el pueblo, creo que este tipo de tradiciones son las que realmente vale la pena mantener, as\u00ed que les apoyo y como es muy religiosa adem\u00e1s tambi\u00e9n porque es la Virgen de los Dolores, la verdad es que me parece maravilloso\u201d.<\/p>\n<p style=\"text-align: justify;\">Para las familias que viven en esta calle, es trascedente colocar su respectivo altar.<\/p>\n<p style=\"text-align: justify;\">\u201cD\u00eda de la Virgen de los Dolores y para nosotros es mucho ponerle su altar, hacerle homenaje verdad, como tradici\u00f3n que tenemos ya de a\u00f1os para hacerle su altar con mucho gusto, con mucho amor, con mucha devoci\u00f3n, ponerle aqu\u00ed lo que se requiere, sus velitas, sus flores, pues todo adornarle porque es una tradici\u00f3n para m\u00ed, lo hago con mucho amor, con mucho entusiasmo, con mucha alegr\u00eda para alegrar a la sant\u00edsima Virgen (\u2026) tiempo llevo poni\u00e9ndolo como 40 a\u00f1os \u201c.<\/p>\n<p style=\"text-align: justify;\">Los elementos que forman el altar son se suma relevancia.<\/p>\n<p style=\"text-align: justify;\">\u201cPues yo tengo viviendo aqu\u00ed toda mi vida y poni\u00e9ndolo pues que ser\u00e1 unos 15, 18 a\u00f1os poni\u00e9ndolo (\u2026) la corona del rey que despu\u00e9s se la cambiaron a la de espinas, los dados, la baraja, las monedas; la baraja, las monedas es cuando lo vendieron, cuando se jugaron la ropa de Dios en el templo, el gallo que cant\u00f3 a las 12 de la noche para cuando lo vendieron, cuando le dieron la traici\u00f3n; el pan, las uvas, el vino, pues todo lo que representa, para m\u00ed es muy simb\u00f3lico esto (\u2026) y es una tradici\u00f3n para que los j\u00f3venes sigan la tradici\u00f3n y esto no se pierda\u201d.<\/p>\n<p>Por: Juan Carlos Contreras<\/p>\n","protected":false},"excerpt":{"rendered":"<p>SLP.- Son ya 135 a\u00f1os de celebrar en San Luis Potos\u00ed el Viernes de Dolores en honor a la Virgen de los Dolores, Virgen de la Amargura, Virgen de la Piedad o La Dolorosa que es una advocaci\u00f3n de la Virgen Mar\u00eda que simboliza su sufrimiento y compasi\u00f3n por la Pasi\u00f3n y Muerte de Jes\u00fas. La calle Ignacio Altamirano tambi\u00e9n conocida como \u201ccallej\u00f3n del buche\u201d es el punto donde en la ciudad coloca la mayor cantidad de altares y se acompa\u00f1a con una verbena popular. Enrique Galindo Ceballos, alcalde de la capital, habl\u00f3 al respecto durante el recorrido que realiz\u00f3. [&hellip;]<\/p>\n","protected":false},"author":2,"featured_media":163135,"comment_status":"closed","ping_status":"closed","sticky":false,"template":"","format":"video","meta":{"_monsterinsights_skip_tracking":false,"_monsterinsights_sitenote_active":false,"_monsterinsights_sitenote_note":"","_monsterinsights_sitenote_category":0,"footnotes":""},"categories":[5,45],"tags":[],"class_list":["post-163127","post","type-post","status-publish","format-video","has-post-thumbnail","hentry","category-destacadas","category-localesyregionales","post_format-post-format-video","post--single"],"yoast_head":"<!-- This site is optimized with the Yoast SEO plugin v27.5 - https:\/\/yoast.com\/product\/yoast-seo-wordpress\/ -->\n<title>Celebraci\u00f3n 135 del Viernes de Dolores en honor a la Virgen de los Dolores - Canal 7 SLP - 2025<\/title>\n<meta name=\"robots\" content=\"index, follow, max-snippet:-1, max-image-preview:large, max-video-preview:-1\" \/>\n<link rel=\"canonical\" href=\"https:\/\/canal7slp.tv\/2025\/celebracion-135-del-viernes-de-dolores-en-honor-a-la-virgen-de-los-dolores\/\" \/>\n<meta property=\"og:locale\" content=\"es_ES\" \/>\n<meta property=\"og:type\" content=\"article\" \/>\n<meta property=\"og:title\" content=\"Celebraci\u00f3n 135 del Viernes de Dolores en honor a la Virgen de los Dolores - Canal 7 SLP - 2025\" \/>\n<meta property=\"og:description\" content=\"SLP.- Son ya 135 a\u00f1os de celebrar en San Luis Potos\u00ed el Viernes de Dolores en honor a la Virgen de los Dolores, Virgen de la Amargura, Virgen de la Piedad o La Dolorosa que es una advocaci\u00f3n de la Virgen Mar\u00eda que simboliza su sufrimiento y compasi\u00f3n por la Pasi\u00f3n y Muerte de Jes\u00fas. La calle Ignacio Altamirano tambi\u00e9n conocida como \u201ccallej\u00f3n del buche\u201d es el punto donde en la ciudad coloca la mayor cantidad de altares y se acompa\u00f1a con una verbena popular. Enrique Galindo Ceballos, alcalde de la capital, habl\u00f3 al respecto durante el recorrido que realiz\u00f3. [&hellip;]\" \/>\n<meta property=\"og:url\" content=\"https:\/\/canal7slp.tv\/2025\/celebracion-135-del-viernes-de-dolores-en-honor-a-la-virgen-de-los-dolores\/\" \/>\n<meta property=\"og:site_name\" content=\"Canal 7 SLP - 2025\" \/>\n<meta property=\"article:publisher\" content=\"https:\/\/www.facebook.com\/noticieroscanal7atencionciudadana\/\" \/>\n<meta property=\"article:published_time\" content=\"2025-04-12T03:52:54+00:00\" \/>\n<meta property=\"og:image\" content=\"https:\/\/canal7slp.tv\/2025\/wp-content\/uploads\/2025\/04\/Poku01ViernesDolores.jpg\" \/>\n\t<meta property=\"og:image:width\" content=\"1280\" \/>\n\t<meta property=\"og:image:height\" content=\"720\" \/>\n\t<meta property=\"og:image:type\" content=\"image\/jpeg\" \/>\n<meta name=\"author\" content=\"Edici\u00f3n Web\" \/>\n<meta name=\"twitter:card\" content=\"summary_large_image\" \/>\n<meta name=\"twitter:creator\" content=\"@NOTICIEROS7\" \/>\n<meta name=\"twitter:site\" content=\"@NOTICIEROS7\" \/>\n<meta name=\"twitter:label1\" content=\"Escrito por\" \/>\n\t<meta name=\"twitter:data1\" content=\"Edici\u00f3n Web\" \/>\n\t<meta name=\"twitter:label2\" content=\"Tiempo de lectura\" \/>\n\t<meta name=\"twitter:data2\" content=\"3 minutos\" \/>\n<script type=\"application\/ld+json\" class=\"yoast-schema-graph\">{\"@context\":\"https:\\\/\\\/schema.org\",\"@graph\":[{\"@type\":\"Article\",\"@id\":\"https:\\\/\\\/canal7slp.tv\\\/2025\\\/celebracion-135-del-viernes-de-dolores-en-honor-a-la-virgen-de-los-dolores\\\/#article\",\"isPartOf\":{\"@id\":\"https:\\\/\\\/canal7slp.tv\\\/2025\\\/celebracion-135-del-viernes-de-dolores-en-honor-a-la-virgen-de-los-dolores\\\/\"},\"author\":{\"name\":\"Edici\u00f3n Web\",\"@id\":\"https:\\\/\\\/canal7slp.tv\\\/2025\\\/#\\\/schema\\\/person\\\/271e2b60a96e7cc9d9ac296f4d7e414b\"},\"headline\":\"Celebraci\u00f3n 135 del Viernes de Dolores en honor a la Virgen de los Dolores\",\"datePublished\":\"2025-04-12T03:52:54+00:00\",\"mainEntityOfPage\":{\"@id\":\"https:\\\/\\\/canal7slp.tv\\\/2025\\\/celebracion-135-del-viernes-de-dolores-en-honor-a-la-virgen-de-los-dolores\\\/\"},\"wordCount\":513,\"publisher\":{\"@id\":\"https:\\\/\\\/canal7slp.tv\\\/2025\\\/#organization\"},\"image\":{\"@id\":\"https:\\\/\\\/canal7slp.tv\\\/2025\\\/celebracion-135-del-viernes-de-dolores-en-honor-a-la-virgen-de-los-dolores\\\/#primaryimage\"},\"thumbnailUrl\":\"https:\\\/\\\/canal7slp.tv\\\/2025\\\/wp-content\\\/uploads\\\/2025\\\/04\\\/Poku01ViernesDolores.jpg\",\"articleSection\":[\"DESTACADAS\",\"LOCALES Y REGIONALES\"],\"inLanguage\":\"es\"},{\"@type\":\"WebPage\",\"@id\":\"https:\\\/\\\/canal7slp.tv\\\/2025\\\/celebracion-135-del-viernes-de-dolores-en-honor-a-la-virgen-de-los-dolores\\\/\",\"url\":\"https:\\\/\\\/canal7slp.tv\\\/2025\\\/celebracion-135-del-viernes-de-dolores-en-honor-a-la-virgen-de-los-dolores\\\/\",\"name\":\"Celebraci\u00f3n 135 del Viernes de Dolores en honor a la Virgen de los Dolores - Canal 7 SLP - 2025\",\"isPartOf\":{\"@id\":\"https:\\\/\\\/canal7slp.tv\\\/2025\\\/#website\"},\"primaryImageOfPage\":{\"@id\":\"https:\\\/\\\/canal7slp.tv\\\/2025\\\/celebracion-135-del-viernes-de-dolores-en-honor-a-la-virgen-de-los-dolores\\\/#primaryimage\"},\"image\":{\"@id\":\"https:\\\/\\\/canal7slp.tv\\\/2025\\\/celebracion-135-del-viernes-de-dolores-en-honor-a-la-virgen-de-los-dolores\\\/#primaryimage\"},\"thumbnailUrl\":\"https:\\\/\\\/canal7slp.tv\\\/2025\\\/wp-content\\\/uploads\\\/2025\\\/04\\\/Poku01ViernesDolores.jpg\",\"datePublished\":\"2025-04-12T03:52:54+00:00\",\"breadcrumb\":{\"@id\":\"https:\\\/\\\/canal7slp.tv\\\/2025\\\/celebracion-135-del-viernes-de-dolores-en-honor-a-la-virgen-de-los-dolores\\\/#breadcrumb\"},\"inLanguage\":\"es\",\"potentialAction\":[{\"@type\":\"ReadAction\",\"target\":[\"https:\\\/\\\/canal7slp.tv\\\/2025\\\/celebracion-135-del-viernes-de-dolores-en-honor-a-la-virgen-de-los-dolores\\\/\"]}]},{\"@type\":\"ImageObject\",\"inLanguage\":\"es\",\"@id\":\"https:\\\/\\\/canal7slp.tv\\\/2025\\\/celebracion-135-del-viernes-de-dolores-en-honor-a-la-virgen-de-los-dolores\\\/#primaryimage\",\"url\":\"https:\\\/\\\/canal7slp.tv\\\/2025\\\/wp-content\\\/uploads\\\/2025\\\/04\\\/Poku01ViernesDolores.jpg\",\"contentUrl\":\"https:\\\/\\\/canal7slp.tv\\\/2025\\\/wp-content\\\/uploads\\\/2025\\\/04\\\/Poku01ViernesDolores.jpg\",\"width\":1280,\"height\":720},{\"@type\":\"BreadcrumbList\",\"@id\":\"https:\\\/\\\/canal7slp.tv\\\/2025\\\/celebracion-135-del-viernes-de-dolores-en-honor-a-la-virgen-de-los-dolores\\\/#breadcrumb\",\"itemListElement\":[{\"@type\":\"ListItem\",\"position\":1,\"name\":\"Portada\",\"item\":\"https:\\\/\\\/canal7slp.tv\\\/2025\\\/\"},{\"@type\":\"ListItem\",\"position\":2,\"name\":\"Celebraci\u00f3n 135 del Viernes de Dolores en honor a la Virgen de los Dolores\"}]},{\"@type\":\"WebSite\",\"@id\":\"https:\\\/\\\/canal7slp.tv\\\/2025\\\/#website\",\"url\":\"https:\\\/\\\/canal7slp.tv\\\/2025\\\/\",\"name\":\"N7 - Noticieros Canal 7\",\"description\":\"Somos el Medio\",\"publisher\":{\"@id\":\"https:\\\/\\\/canal7slp.tv\\\/2025\\\/#organization\"},\"potentialAction\":[{\"@type\":\"SearchAction\",\"target\":{\"@type\":\"EntryPoint\",\"urlTemplate\":\"https:\\\/\\\/canal7slp.tv\\\/2025\\\/?s={search_term_string}\"},\"query-input\":{\"@type\":\"PropertyValueSpecification\",\"valueRequired\":true,\"valueName\":\"search_term_string\"}}],\"inLanguage\":\"es\"},{\"@type\":\"Organization\",\"@id\":\"https:\\\/\\\/canal7slp.tv\\\/2025\\\/#organization\",\"name\":\"Noticieros Canal 7\",\"url\":\"https:\\\/\\\/canal7slp.tv\\\/2025\\\/\",\"logo\":{\"@type\":\"ImageObject\",\"inLanguage\":\"es\",\"@id\":\"https:\\\/\\\/canal7slp.tv\\\/2025\\\/#\\\/schema\\\/logo\\\/image\\\/\",\"url\":\"https:\\\/\\\/canal7slp.tv\\\/2025\\\/wp-content\\\/uploads\\\/2021\\\/01\\\/logo-noticieros@2x.png\",\"contentUrl\":\"https:\\\/\\\/canal7slp.tv\\\/2025\\\/wp-content\\\/uploads\\\/2021\\\/01\\\/logo-noticieros@2x.png\",\"width\":1017,\"height\":268,\"caption\":\"Noticieros Canal 7\"},\"image\":{\"@id\":\"https:\\\/\\\/canal7slp.tv\\\/2025\\\/#\\\/schema\\\/logo\\\/image\\\/\"},\"sameAs\":[\"https:\\\/\\\/www.facebook.com\\\/noticieroscanal7atencionciudadana\\\/\",\"https:\\\/\\\/x.com\\\/NOTICIEROS7\",\"https:\\\/\\\/www.instagram.com\\\/canal7_slp\",\"https:\\\/\\\/www.youtube.com\\\/channel\\\/UCliiYs-gP3JfJeqdPrNdd5A\"]},{\"@type\":\"Person\",\"@id\":\"https:\\\/\\\/canal7slp.tv\\\/2025\\\/#\\\/schema\\\/person\\\/271e2b60a96e7cc9d9ac296f4d7e414b\",\"name\":\"Edici\u00f3n Web\",\"image\":{\"@type\":\"ImageObject\",\"inLanguage\":\"es\",\"@id\":\"https:\\\/\\\/secure.gravatar.com\\\/avatar\\\/eee448fc3f7164808013b816ba91ac7e43bbe82a70bebac296f8bc6f0addaa1a?s=96&d=mm&r=g\",\"url\":\"https:\\\/\\\/secure.gravatar.com\\\/avatar\\\/eee448fc3f7164808013b816ba91ac7e43bbe82a70bebac296f8bc6f0addaa1a?s=96&d=mm&r=g\",\"contentUrl\":\"https:\\\/\\\/secure.gravatar.com\\\/avatar\\\/eee448fc3f7164808013b816ba91ac7e43bbe82a70bebac296f8bc6f0addaa1a?s=96&d=mm&r=g\",\"caption\":\"Edici\u00f3n Web\"},\"url\":\"https:\\\/\\\/canal7slp.tv\\\/2025\\\/author\\\/edicionweb\\\/\"}]}<\/script>\n<!-- \/ Yoast SEO plugin. -->","yoast_head_json":{"title":"Celebraci\u00f3n 135 del Viernes de Dolores en honor a la Virgen de los Dolores - Canal 7 SLP - 2025","robots":{"index":"index","follow":"follow","max-snippet":"max-snippet:-1","max-image-preview":"max-image-preview:large","max-video-preview":"max-video-preview:-1"},"canonical":"https:\/\/canal7slp.tv\/2025\/celebracion-135-del-viernes-de-dolores-en-honor-a-la-virgen-de-los-dolores\/","og_locale":"es_ES","og_type":"article","og_title":"Celebraci\u00f3n 135 del Viernes de Dolores en honor a la Virgen de los Dolores - Canal 7 SLP - 2025","og_description":"SLP.- Son ya 135 a\u00f1os de celebrar en San Luis Potos\u00ed el Viernes de Dolores en honor a la Virgen de los Dolores, Virgen de la Amargura, Virgen de la Piedad o La Dolorosa que es una advocaci\u00f3n de la Virgen Mar\u00eda que simboliza su sufrimiento y compasi\u00f3n por la Pasi\u00f3n y Muerte de Jes\u00fas. La calle Ignacio Altamirano tambi\u00e9n conocida como \u201ccallej\u00f3n del buche\u201d es el punto donde en la ciudad coloca la mayor cantidad de altares y se acompa\u00f1a con una verbena popular. Enrique Galindo Ceballos, alcalde de la capital, habl\u00f3 al respecto durante el recorrido que realiz\u00f3. [&hellip;]","og_url":"https:\/\/canal7slp.tv\/2025\/celebracion-135-del-viernes-de-dolores-en-honor-a-la-virgen-de-los-dolores\/","og_site_name":"Canal 7 SLP - 2025","article_publisher":"https:\/\/www.facebook.com\/noticieroscanal7atencionciudadana\/","article_published_time":"2025-04-12T03:52:54+00:00","og_image":[{"width":1280,"height":720,"url":"https:\/\/canal7slp.tv\/2025\/wp-content\/uploads\/2025\/04\/Poku01ViernesDolores.jpg","type":"image\/jpeg"}],"author":"Edici\u00f3n Web","twitter_card":"summary_large_image","twitter_creator":"@NOTICIEROS7","twitter_site":"@NOTICIEROS7","twitter_misc":{"Escrito por":"Edici\u00f3n Web","Tiempo de lectura":"3 minutos"},"schema":{"@context":"https:\/\/schema.org","@graph":[{"@type":"Article","@id":"https:\/\/canal7slp.tv\/2025\/celebracion-135-del-viernes-de-dolores-en-honor-a-la-virgen-de-los-dolores\/#article","isPartOf":{"@id":"https:\/\/canal7slp.tv\/2025\/celebracion-135-del-viernes-de-dolores-en-honor-a-la-virgen-de-los-dolores\/"},"author":{"name":"Edici\u00f3n Web","@id":"https:\/\/canal7slp.tv\/2025\/#\/schema\/person\/271e2b60a96e7cc9d9ac296f4d7e414b"},"headline":"Celebraci\u00f3n 135 del Viernes de Dolores en honor a la Virgen de los Dolores","datePublished":"2025-04-12T03:52:54+00:00","mainEntityOfPage":{"@id":"https:\/\/canal7slp.tv\/2025\/celebracion-135-del-viernes-de-dolores-en-honor-a-la-virgen-de-los-dolores\/"},"wordCount":513,"publisher":{"@id":"https:\/\/canal7slp.tv\/2025\/#organization"},"image":{"@id":"https:\/\/canal7slp.tv\/2025\/celebracion-135-del-viernes-de-dolores-en-honor-a-la-virgen-de-los-dolores\/#primaryimage"},"thumbnailUrl":"https:\/\/canal7slp.tv\/2025\/wp-content\/uploads\/2025\/04\/Poku01ViernesDolores.jpg","articleSection":["DESTACADAS","LOCALES Y REGIONALES"],"inLanguage":"es"},{"@type":"WebPage","@id":"https:\/\/canal7slp.tv\/2025\/celebracion-135-del-viernes-de-dolores-en-honor-a-la-virgen-de-los-dolores\/","url":"https:\/\/canal7slp.tv\/2025\/celebracion-135-del-viernes-de-dolores-en-honor-a-la-virgen-de-los-dolores\/","name":"Celebraci\u00f3n 135 del Viernes de Dolores en honor a la Virgen de los Dolores - Canal 7 SLP - 2025","isPartOf":{"@id":"https:\/\/canal7slp.tv\/2025\/#website"},"primaryImageOfPage":{"@id":"https:\/\/canal7slp.tv\/2025\/celebracion-135-del-viernes-de-dolores-en-honor-a-la-virgen-de-los-dolores\/#primaryimage"},"image":{"@id":"https:\/\/canal7slp.tv\/2025\/celebracion-135-del-viernes-de-dolores-en-honor-a-la-virgen-de-los-dolores\/#primaryimage"},"thumbnailUrl":"https:\/\/canal7slp.tv\/2025\/wp-content\/uploads\/2025\/04\/Poku01ViernesDolores.jpg","datePublished":"2025-04-12T03:52:54+00:00","breadcrumb":{"@id":"https:\/\/canal7slp.tv\/2025\/celebracion-135-del-viernes-de-dolores-en-honor-a-la-virgen-de-los-dolores\/#breadcrumb"},"inLanguage":"es","potentialAction":[{"@type":"ReadAction","target":["https:\/\/canal7slp.tv\/2025\/celebracion-135-del-viernes-de-dolores-en-honor-a-la-virgen-de-los-dolores\/"]}]},{"@type":"ImageObject","inLanguage":"es","@id":"https:\/\/canal7slp.tv\/2025\/celebracion-135-del-viernes-de-dolores-en-honor-a-la-virgen-de-los-dolores\/#primaryimage","url":"https:\/\/canal7slp.tv\/2025\/wp-content\/uploads\/2025\/04\/Poku01ViernesDolores.jpg","contentUrl":"https:\/\/canal7slp.tv\/2025\/wp-content\/uploads\/2025\/04\/Poku01ViernesDolores.jpg","width":1280,"height":720},{"@type":"BreadcrumbList","@id":"https:\/\/canal7slp.tv\/2025\/celebracion-135-del-viernes-de-dolores-en-honor-a-la-virgen-de-los-dolores\/#breadcrumb","itemListElement":[{"@type":"ListItem","position":1,"name":"Portada","item":"https:\/\/canal7slp.tv\/2025\/"},{"@type":"ListItem","position":2,"name":"Celebraci\u00f3n 135 del Viernes de Dolores en honor a la Virgen de los Dolores"}]},{"@type":"WebSite","@id":"https:\/\/canal7slp.tv\/2025\/#website","url":"https:\/\/canal7slp.tv\/2025\/","name":"N7 - Noticieros Canal 7","description":"Somos el Medio","publisher":{"@id":"https:\/\/canal7slp.tv\/2025\/#organization"},"potentialAction":[{"@type":"SearchAction","target":{"@type":"EntryPoint","urlTemplate":"https:\/\/canal7slp.tv\/2025\/?s={search_term_string}"},"query-input":{"@type":"PropertyValueSpecification","valueRequired":true,"valueName":"search_term_string"}}],"inLanguage":"es"},{"@type":"Organization","@id":"https:\/\/canal7slp.tv\/2025\/#organization","name":"Noticieros Canal 7","url":"https:\/\/canal7slp.tv\/2025\/","logo":{"@type":"ImageObject","inLanguage":"es","@id":"https:\/\/canal7slp.tv\/2025\/#\/schema\/logo\/image\/","url":"https:\/\/canal7slp.tv\/2025\/wp-content\/uploads\/2021\/01\/logo-noticieros@2x.png","contentUrl":"https:\/\/canal7slp.tv\/2025\/wp-content\/uploads\/2021\/01\/logo-noticieros@2x.png","width":1017,"height":268,"caption":"Noticieros Canal 7"},"image":{"@id":"https:\/\/canal7slp.tv\/2025\/#\/schema\/logo\/image\/"},"sameAs":["https:\/\/www.facebook.com\/noticieroscanal7atencionciudadana\/","https:\/\/x.com\/NOTICIEROS7","https:\/\/www.instagram.com\/canal7_slp","https:\/\/www.youtube.com\/channel\/UCliiYs-gP3JfJeqdPrNdd5A"]},{"@type":"Person","@id":"https:\/\/canal7slp.tv\/2025\/#\/schema\/person\/271e2b60a96e7cc9d9ac296f4d7e414b","name":"Edici\u00f3n Web","image":{"@type":"ImageObject","inLanguage":"es","@id":"https:\/\/secure.gravatar.com\/avatar\/eee448fc3f7164808013b816ba91ac7e43bbe82a70bebac296f8bc6f0addaa1a?s=96&d=mm&r=g","url":"https:\/\/secure.gravatar.com\/avatar\/eee448fc3f7164808013b816ba91ac7e43bbe82a70bebac296f8bc6f0addaa1a?s=96&d=mm&r=g","contentUrl":"https:\/\/secure.gravatar.com\/avatar\/eee448fc3f7164808013b816ba91ac7e43bbe82a70bebac296f8bc6f0addaa1a?s=96&d=mm&r=g","caption":"Edici\u00f3n Web"},"url":"https:\/\/canal7slp.tv\/2025\/author\/edicionweb\/"}]}},"_links":{"self":[{"href":"https:\/\/canal7slp.tv\/2025\/wp-json\/wp\/v2\/posts\/163127","targetHints":{"allow":["GET"]}}],"collection":[{"href":"https:\/\/canal7slp.tv\/2025\/wp-json\/wp\/v2\/posts"}],"about":[{"href":"https:\/\/canal7slp.tv\/2025\/wp-json\/wp\/v2\/types\/post"}],"author":[{"embeddable":true,"href":"https:\/\/canal7slp.tv\/2025\/wp-json\/wp\/v2\/users\/2"}],"replies":[{"embeddable":true,"href":"https:\/\/canal7slp.tv\/2025\/wp-json\/wp\/v2\/comments?post=163127"}],"version-history":[{"count":2,"href":"https:\/\/canal7slp.tv\/2025\/wp-json\/wp\/v2\/posts\/163127\/revisions"}],"predecessor-version":[{"id":163134,"href":"https:\/\/canal7slp.tv\/2025\/wp-json\/wp\/v2\/posts\/163127\/revisions\/163134"}],"wp:featuredmedia":[{"embeddable":true,"href":"https:\/\/canal7slp.tv\/2025\/wp-json\/wp\/v2\/media\/163135"}],"wp:attachment":[{"href":"https:\/\/canal7slp.tv\/2025\/wp-json\/wp\/v2\/media?parent=163127"}],"wp:term":[{"taxonomy":"category","embeddable":true,"href":"https:\/\/canal7slp.tv\/2025\/wp-json\/wp\/v2\/categories?post=163127"},{"taxonomy":"post_tag","embeddable":true,"href":"https:\/\/canal7slp.tv\/2025\/wp-json\/wp\/v2\/tags?post=163127"}],"curies":[{"name":"wp","href":"https:\/\/api.w.org\/{rel}","templated":true}]}}