{"id":163049,"date":"2025-04-11T13:51:03","date_gmt":"2025-04-11T19:51:03","guid":{"rendered":"https:\/\/canal7slp.tv\/2025\/?p=163049"},"modified":"2025-04-11T13:51:03","modified_gmt":"2025-04-11T19:51:03","slug":"trump-declara-muertos-a-mas-de-seis-mil-migrantes-para-negarles-beneficios","status":"publish","type":"post","link":"https:\/\/canal7slp.tv\/2025\/trump-declara-muertos-a-mas-de-seis-mil-migrantes-para-negarles-beneficios\/","title":{"rendered":"Trump declara \u00abmuertos\u00bb a m\u00e1s de seis mil migrantes para negarles beneficios"},"content":{"rendered":"<p style=\"text-align: justify;\">EUA.- La administraci\u00f3n de Donald Trump ha tomado la decisi\u00f3n de incluir a m\u00e1s de seis mil migrantes, predominantemente de origen latino, en una base de datos de personas fallecidas.<\/p>\n<p style=\"text-align: justify;\">Esta medida, que limita las oportunidades de empleo legal y el acceso a beneficios sociales en Estados Unidos, fue reportada por el diario The Washington Post.<\/p>\n<p style=\"text-align: justify;\">La secretaria de Seguridad Nacional, Kristi Noem, orden\u00f3 esta acci\u00f3n con el prop\u00f3sito de ejercer presi\u00f3n sobre los migrantes indocumentados para que abandonen el pa\u00eds, seg\u00fan un funcionario de la Casa Blanca.<\/p>\n<p style=\"text-align: justify;\">La nueva pol\u00edtica se fundamenta en dos memorandos internos firmados recientemente, los cuales permiten al Seguro Social agregar a migrantes al registro de defunciones por motivos de seguridad nacional.<\/p>\n<p style=\"text-align: justify;\">Los migrantes afectados son aquellos que estaban registrados en la Seguridad Social pero que han perdido su estatus legal, as\u00ed como aquellos que ingresaron al pa\u00eds bajo programas migratorios de la administraci\u00f3n anterior de Joe Biden, que han expirado bajo el actual gobierno.<\/p>\n<p style=\"text-align: justify;\">Algunas de estas personas tambi\u00e9n figuran en la lista de vigilancia terrorista del FBI.<\/p>\n<p style=\"text-align: justify;\">El gobierno planea extender esta medida a aproximadamente 92 mil migrantes con antecedentes penales. Elizabeth Huston, portavoz de la Casa Blanca, coment\u00f3 que el presidente Trump prometi\u00f3 deportaciones masivas y que al eliminar incentivos econ\u00f3micos para los inmigrantes indocumentados, se espera fomentar su autodeportaci\u00f3n.<\/p>\n<p style=\"text-align: justify;\">No obstante, algunos funcionarios de la Seguridad Social han expresado dudas sobre la legalidad de esta pr\u00e1ctica, argumentando que incluir en el listado a personas que est\u00e1n vivas podr\u00eda violar las leyes de privacidad.<\/p>\n","protected":false},"excerpt":{"rendered":"<p>EUA.- La administraci\u00f3n de Donald Trump ha tomado la decisi\u00f3n de incluir a m\u00e1s de seis mil migrantes, predominantemente de origen latino, en una base de datos de personas fallecidas. Esta medida, que limita las oportunidades de empleo legal y el acceso a beneficios sociales en Estados Unidos, fue reportada por el diario The Washington Post. La secretaria de Seguridad Nacional, Kristi Noem, orden\u00f3 esta acci\u00f3n con el prop\u00f3sito de ejercer presi\u00f3n sobre los migrantes indocumentados para que abandonen el pa\u00eds, seg\u00fan un funcionario de la Casa Blanca. La nueva pol\u00edtica se fundamenta en dos memorandos internos firmados recientemente, los [&hellip;]<\/p>\n","protected":false},"author":2,"featured_media":163050,"comment_status":"closed","ping_status":"closed","sticky":false,"template":"","format":"standard","meta":{"_monsterinsights_skip_tracking":false,"_monsterinsights_sitenote_active":false,"_monsterinsights_sitenote_note":"","_monsterinsights_sitenote_category":0,"footnotes":""},"categories":[44],"tags":[],"class_list":["post-163049","post","type-post","status-publish","format-standard","has-post-thumbnail","hentry","category-internacional","post--single"],"yoast_head":"<!-- This site is optimized with the Yoast SEO plugin v27.5 - https:\/\/yoast.com\/product\/yoast-seo-wordpress\/ -->\n<title>Trump declara &quot;muertos&quot; a m\u00e1s de seis mil migrantes para negarles beneficios - Canal 7 SLP - 2025<\/title>\n<meta name=\"robots\" content=\"index, follow, max-snippet:-1, max-image-preview:large, max-video-preview:-1\" \/>\n<link rel=\"canonical\" href=\"https:\/\/canal7slp.tv\/2025\/trump-declara-muertos-a-mas-de-seis-mil-migrantes-para-negarles-beneficios\/\" \/>\n<meta property=\"og:locale\" content=\"es_ES\" \/>\n<meta property=\"og:type\" content=\"article\" \/>\n<meta property=\"og:title\" content=\"Trump declara &quot;muertos&quot; a m\u00e1s de seis mil migrantes para negarles beneficios - Canal 7 SLP - 2025\" \/>\n<meta property=\"og:description\" content=\"EUA.- La administraci\u00f3n de Donald Trump ha tomado la decisi\u00f3n de incluir a m\u00e1s de seis mil migrantes, predominantemente de origen latino, en una base de datos de personas fallecidas. Esta medida, que limita las oportunidades de empleo legal y el acceso a beneficios sociales en Estados Unidos, fue reportada por el diario The Washington Post. La secretaria de Seguridad Nacional, Kristi Noem, orden\u00f3 esta acci\u00f3n con el prop\u00f3sito de ejercer presi\u00f3n sobre los migrantes indocumentados para que abandonen el pa\u00eds, seg\u00fan un funcionario de la Casa Blanca. La nueva pol\u00edtica se fundamenta en dos memorandos internos firmados recientemente, los [&hellip;]\" \/>\n<meta property=\"og:url\" content=\"https:\/\/canal7slp.tv\/2025\/trump-declara-muertos-a-mas-de-seis-mil-migrantes-para-negarles-beneficios\/\" \/>\n<meta property=\"og:site_name\" content=\"Canal 7 SLP - 2025\" \/>\n<meta property=\"article:publisher\" content=\"https:\/\/www.facebook.com\/noticieroscanal7atencionciudadana\/\" \/>\n<meta property=\"article:published_time\" content=\"2025-04-11T19:51:03+00:00\" \/>\n<meta property=\"og:image\" content=\"https:\/\/canal7slp.tv\/2025\/wp-content\/uploads\/2025\/04\/02-10.jpg\" \/>\n\t<meta property=\"og:image:width\" content=\"750\" \/>\n\t<meta property=\"og:image:height\" content=\"500\" \/>\n\t<meta property=\"og:image:type\" content=\"image\/jpeg\" \/>\n<meta name=\"author\" content=\"Edici\u00f3n Web\" \/>\n<meta name=\"twitter:card\" content=\"summary_large_image\" \/>\n<meta name=\"twitter:creator\" content=\"@NOTICIEROS7\" \/>\n<meta name=\"twitter:site\" content=\"@NOTICIEROS7\" \/>\n<meta name=\"twitter:label1\" content=\"Escrito por\" \/>\n\t<meta name=\"twitter:data1\" content=\"Edici\u00f3n Web\" \/>\n\t<meta name=\"twitter:label2\" content=\"Tiempo de lectura\" \/>\n\t<meta name=\"twitter:data2\" content=\"2 minutos\" \/>\n<script type=\"application\/ld+json\" class=\"yoast-schema-graph\">{\"@context\":\"https:\\\/\\\/schema.org\",\"@graph\":[{\"@type\":\"Article\",\"@id\":\"https:\\\/\\\/canal7slp.tv\\\/2025\\\/trump-declara-muertos-a-mas-de-seis-mil-migrantes-para-negarles-beneficios\\\/#article\",\"isPartOf\":{\"@id\":\"https:\\\/\\\/canal7slp.tv\\\/2025\\\/trump-declara-muertos-a-mas-de-seis-mil-migrantes-para-negarles-beneficios\\\/\"},\"author\":{\"name\":\"Edici\u00f3n Web\",\"@id\":\"https:\\\/\\\/canal7slp.tv\\\/2025\\\/#\\\/schema\\\/person\\\/271e2b60a96e7cc9d9ac296f4d7e414b\"},\"headline\":\"Trump declara \u00abmuertos\u00bb a m\u00e1s de seis mil migrantes para negarles beneficios\",\"datePublished\":\"2025-04-11T19:51:03+00:00\",\"mainEntityOfPage\":{\"@id\":\"https:\\\/\\\/canal7slp.tv\\\/2025\\\/trump-declara-muertos-a-mas-de-seis-mil-migrantes-para-negarles-beneficios\\\/\"},\"wordCount\":282,\"publisher\":{\"@id\":\"https:\\\/\\\/canal7slp.tv\\\/2025\\\/#organization\"},\"image\":{\"@id\":\"https:\\\/\\\/canal7slp.tv\\\/2025\\\/trump-declara-muertos-a-mas-de-seis-mil-migrantes-para-negarles-beneficios\\\/#primaryimage\"},\"thumbnailUrl\":\"https:\\\/\\\/canal7slp.tv\\\/2025\\\/wp-content\\\/uploads\\\/2025\\\/04\\\/02-10.jpg\",\"articleSection\":[\"INTERNACIONALES\"],\"inLanguage\":\"es\"},{\"@type\":\"WebPage\",\"@id\":\"https:\\\/\\\/canal7slp.tv\\\/2025\\\/trump-declara-muertos-a-mas-de-seis-mil-migrantes-para-negarles-beneficios\\\/\",\"url\":\"https:\\\/\\\/canal7slp.tv\\\/2025\\\/trump-declara-muertos-a-mas-de-seis-mil-migrantes-para-negarles-beneficios\\\/\",\"name\":\"Trump declara \\\"muertos\\\" a m\u00e1s de seis mil migrantes para negarles beneficios - Canal 7 SLP - 2025\",\"isPartOf\":{\"@id\":\"https:\\\/\\\/canal7slp.tv\\\/2025\\\/#website\"},\"primaryImageOfPage\":{\"@id\":\"https:\\\/\\\/canal7slp.tv\\\/2025\\\/trump-declara-muertos-a-mas-de-seis-mil-migrantes-para-negarles-beneficios\\\/#primaryimage\"},\"image\":{\"@id\":\"https:\\\/\\\/canal7slp.tv\\\/2025\\\/trump-declara-muertos-a-mas-de-seis-mil-migrantes-para-negarles-beneficios\\\/#primaryimage\"},\"thumbnailUrl\":\"https:\\\/\\\/canal7slp.tv\\\/2025\\\/wp-content\\\/uploads\\\/2025\\\/04\\\/02-10.jpg\",\"datePublished\":\"2025-04-11T19:51:03+00:00\",\"breadcrumb\":{\"@id\":\"https:\\\/\\\/canal7slp.tv\\\/2025\\\/trump-declara-muertos-a-mas-de-seis-mil-migrantes-para-negarles-beneficios\\\/#breadcrumb\"},\"inLanguage\":\"es\",\"potentialAction\":[{\"@type\":\"ReadAction\",\"target\":[\"https:\\\/\\\/canal7slp.tv\\\/2025\\\/trump-declara-muertos-a-mas-de-seis-mil-migrantes-para-negarles-beneficios\\\/\"]}]},{\"@type\":\"ImageObject\",\"inLanguage\":\"es\",\"@id\":\"https:\\\/\\\/canal7slp.tv\\\/2025\\\/trump-declara-muertos-a-mas-de-seis-mil-migrantes-para-negarles-beneficios\\\/#primaryimage\",\"url\":\"https:\\\/\\\/canal7slp.tv\\\/2025\\\/wp-content\\\/uploads\\\/2025\\\/04\\\/02-10.jpg\",\"contentUrl\":\"https:\\\/\\\/canal7slp.tv\\\/2025\\\/wp-content\\\/uploads\\\/2025\\\/04\\\/02-10.jpg\",\"width\":750,\"height\":500},{\"@type\":\"BreadcrumbList\",\"@id\":\"https:\\\/\\\/canal7slp.tv\\\/2025\\\/trump-declara-muertos-a-mas-de-seis-mil-migrantes-para-negarles-beneficios\\\/#breadcrumb\",\"itemListElement\":[{\"@type\":\"ListItem\",\"position\":1,\"name\":\"Portada\",\"item\":\"https:\\\/\\\/canal7slp.tv\\\/2025\\\/\"},{\"@type\":\"ListItem\",\"position\":2,\"name\":\"Trump declara \u00abmuertos\u00bb a m\u00e1s de seis mil migrantes para negarles beneficios\"}]},{\"@type\":\"WebSite\",\"@id\":\"https:\\\/\\\/canal7slp.tv\\\/2025\\\/#website\",\"url\":\"https:\\\/\\\/canal7slp.tv\\\/2025\\\/\",\"name\":\"N7 - Noticieros Canal 7\",\"description\":\"Somos el Medio\",\"publisher\":{\"@id\":\"https:\\\/\\\/canal7slp.tv\\\/2025\\\/#organization\"},\"potentialAction\":[{\"@type\":\"SearchAction\",\"target\":{\"@type\":\"EntryPoint\",\"urlTemplate\":\"https:\\\/\\\/canal7slp.tv\\\/2025\\\/?s={search_term_string}\"},\"query-input\":{\"@type\":\"PropertyValueSpecification\",\"valueRequired\":true,\"valueName\":\"search_term_string\"}}],\"inLanguage\":\"es\"},{\"@type\":\"Organization\",\"@id\":\"https:\\\/\\\/canal7slp.tv\\\/2025\\\/#organization\",\"name\":\"Noticieros Canal 7\",\"url\":\"https:\\\/\\\/canal7slp.tv\\\/2025\\\/\",\"logo\":{\"@type\":\"ImageObject\",\"inLanguage\":\"es\",\"@id\":\"https:\\\/\\\/canal7slp.tv\\\/2025\\\/#\\\/schema\\\/logo\\\/image\\\/\",\"url\":\"https:\\\/\\\/canal7slp.tv\\\/2025\\\/wp-content\\\/uploads\\\/2021\\\/01\\\/logo-noticieros@2x.png\",\"contentUrl\":\"https:\\\/\\\/canal7slp.tv\\\/2025\\\/wp-content\\\/uploads\\\/2021\\\/01\\\/logo-noticieros@2x.png\",\"width\":1017,\"height\":268,\"caption\":\"Noticieros Canal 7\"},\"image\":{\"@id\":\"https:\\\/\\\/canal7slp.tv\\\/2025\\\/#\\\/schema\\\/logo\\\/image\\\/\"},\"sameAs\":[\"https:\\\/\\\/www.facebook.com\\\/noticieroscanal7atencionciudadana\\\/\",\"https:\\\/\\\/x.com\\\/NOTICIEROS7\",\"https:\\\/\\\/www.instagram.com\\\/canal7_slp\",\"https:\\\/\\\/www.youtube.com\\\/channel\\\/UCliiYs-gP3JfJeqdPrNdd5A\"]},{\"@type\":\"Person\",\"@id\":\"https:\\\/\\\/canal7slp.tv\\\/2025\\\/#\\\/schema\\\/person\\\/271e2b60a96e7cc9d9ac296f4d7e414b\",\"name\":\"Edici\u00f3n Web\",\"image\":{\"@type\":\"ImageObject\",\"inLanguage\":\"es\",\"@id\":\"https:\\\/\\\/secure.gravatar.com\\\/avatar\\\/eee448fc3f7164808013b816ba91ac7e43bbe82a70bebac296f8bc6f0addaa1a?s=96&d=mm&r=g\",\"url\":\"https:\\\/\\\/secure.gravatar.com\\\/avatar\\\/eee448fc3f7164808013b816ba91ac7e43bbe82a70bebac296f8bc6f0addaa1a?s=96&d=mm&r=g\",\"contentUrl\":\"https:\\\/\\\/secure.gravatar.com\\\/avatar\\\/eee448fc3f7164808013b816ba91ac7e43bbe82a70bebac296f8bc6f0addaa1a?s=96&d=mm&r=g\",\"caption\":\"Edici\u00f3n Web\"},\"url\":\"https:\\\/\\\/canal7slp.tv\\\/2025\\\/author\\\/edicionweb\\\/\"}]}<\/script>\n<!-- \/ Yoast SEO plugin. -->","yoast_head_json":{"title":"Trump declara \"muertos\" a m\u00e1s de seis mil migrantes para negarles beneficios - Canal 7 SLP - 2025","robots":{"index":"index","follow":"follow","max-snippet":"max-snippet:-1","max-image-preview":"max-image-preview:large","max-video-preview":"max-video-preview:-1"},"canonical":"https:\/\/canal7slp.tv\/2025\/trump-declara-muertos-a-mas-de-seis-mil-migrantes-para-negarles-beneficios\/","og_locale":"es_ES","og_type":"article","og_title":"Trump declara \"muertos\" a m\u00e1s de seis mil migrantes para negarles beneficios - Canal 7 SLP - 2025","og_description":"EUA.- La administraci\u00f3n de Donald Trump ha tomado la decisi\u00f3n de incluir a m\u00e1s de seis mil migrantes, predominantemente de origen latino, en una base de datos de personas fallecidas. Esta medida, que limita las oportunidades de empleo legal y el acceso a beneficios sociales en Estados Unidos, fue reportada por el diario The Washington Post. La secretaria de Seguridad Nacional, Kristi Noem, orden\u00f3 esta acci\u00f3n con el prop\u00f3sito de ejercer presi\u00f3n sobre los migrantes indocumentados para que abandonen el pa\u00eds, seg\u00fan un funcionario de la Casa Blanca. La nueva pol\u00edtica se fundamenta en dos memorandos internos firmados recientemente, los [&hellip;]","og_url":"https:\/\/canal7slp.tv\/2025\/trump-declara-muertos-a-mas-de-seis-mil-migrantes-para-negarles-beneficios\/","og_site_name":"Canal 7 SLP - 2025","article_publisher":"https:\/\/www.facebook.com\/noticieroscanal7atencionciudadana\/","article_published_time":"2025-04-11T19:51:03+00:00","og_image":[{"width":750,"height":500,"url":"https:\/\/canal7slp.tv\/2025\/wp-content\/uploads\/2025\/04\/02-10.jpg","type":"image\/jpeg"}],"author":"Edici\u00f3n Web","twitter_card":"summary_large_image","twitter_creator":"@NOTICIEROS7","twitter_site":"@NOTICIEROS7","twitter_misc":{"Escrito por":"Edici\u00f3n Web","Tiempo de lectura":"2 minutos"},"schema":{"@context":"https:\/\/schema.org","@graph":[{"@type":"Article","@id":"https:\/\/canal7slp.tv\/2025\/trump-declara-muertos-a-mas-de-seis-mil-migrantes-para-negarles-beneficios\/#article","isPartOf":{"@id":"https:\/\/canal7slp.tv\/2025\/trump-declara-muertos-a-mas-de-seis-mil-migrantes-para-negarles-beneficios\/"},"author":{"name":"Edici\u00f3n Web","@id":"https:\/\/canal7slp.tv\/2025\/#\/schema\/person\/271e2b60a96e7cc9d9ac296f4d7e414b"},"headline":"Trump declara \u00abmuertos\u00bb a m\u00e1s de seis mil migrantes para negarles beneficios","datePublished":"2025-04-11T19:51:03+00:00","mainEntityOfPage":{"@id":"https:\/\/canal7slp.tv\/2025\/trump-declara-muertos-a-mas-de-seis-mil-migrantes-para-negarles-beneficios\/"},"wordCount":282,"publisher":{"@id":"https:\/\/canal7slp.tv\/2025\/#organization"},"image":{"@id":"https:\/\/canal7slp.tv\/2025\/trump-declara-muertos-a-mas-de-seis-mil-migrantes-para-negarles-beneficios\/#primaryimage"},"thumbnailUrl":"https:\/\/canal7slp.tv\/2025\/wp-content\/uploads\/2025\/04\/02-10.jpg","articleSection":["INTERNACIONALES"],"inLanguage":"es"},{"@type":"WebPage","@id":"https:\/\/canal7slp.tv\/2025\/trump-declara-muertos-a-mas-de-seis-mil-migrantes-para-negarles-beneficios\/","url":"https:\/\/canal7slp.tv\/2025\/trump-declara-muertos-a-mas-de-seis-mil-migrantes-para-negarles-beneficios\/","name":"Trump declara \"muertos\" a m\u00e1s de seis mil migrantes para negarles beneficios - Canal 7 SLP - 2025","isPartOf":{"@id":"https:\/\/canal7slp.tv\/2025\/#website"},"primaryImageOfPage":{"@id":"https:\/\/canal7slp.tv\/2025\/trump-declara-muertos-a-mas-de-seis-mil-migrantes-para-negarles-beneficios\/#primaryimage"},"image":{"@id":"https:\/\/canal7slp.tv\/2025\/trump-declara-muertos-a-mas-de-seis-mil-migrantes-para-negarles-beneficios\/#primaryimage"},"thumbnailUrl":"https:\/\/canal7slp.tv\/2025\/wp-content\/uploads\/2025\/04\/02-10.jpg","datePublished":"2025-04-11T19:51:03+00:00","breadcrumb":{"@id":"https:\/\/canal7slp.tv\/2025\/trump-declara-muertos-a-mas-de-seis-mil-migrantes-para-negarles-beneficios\/#breadcrumb"},"inLanguage":"es","potentialAction":[{"@type":"ReadAction","target":["https:\/\/canal7slp.tv\/2025\/trump-declara-muertos-a-mas-de-seis-mil-migrantes-para-negarles-beneficios\/"]}]},{"@type":"ImageObject","inLanguage":"es","@id":"https:\/\/canal7slp.tv\/2025\/trump-declara-muertos-a-mas-de-seis-mil-migrantes-para-negarles-beneficios\/#primaryimage","url":"https:\/\/canal7slp.tv\/2025\/wp-content\/uploads\/2025\/04\/02-10.jpg","contentUrl":"https:\/\/canal7slp.tv\/2025\/wp-content\/uploads\/2025\/04\/02-10.jpg","width":750,"height":500},{"@type":"BreadcrumbList","@id":"https:\/\/canal7slp.tv\/2025\/trump-declara-muertos-a-mas-de-seis-mil-migrantes-para-negarles-beneficios\/#breadcrumb","itemListElement":[{"@type":"ListItem","position":1,"name":"Portada","item":"https:\/\/canal7slp.tv\/2025\/"},{"@type":"ListItem","position":2,"name":"Trump declara \u00abmuertos\u00bb a m\u00e1s de seis mil migrantes para negarles beneficios"}]},{"@type":"WebSite","@id":"https:\/\/canal7slp.tv\/2025\/#website","url":"https:\/\/canal7slp.tv\/2025\/","name":"N7 - Noticieros Canal 7","description":"Somos el Medio","publisher":{"@id":"https:\/\/canal7slp.tv\/2025\/#organization"},"potentialAction":[{"@type":"SearchAction","target":{"@type":"EntryPoint","urlTemplate":"https:\/\/canal7slp.tv\/2025\/?s={search_term_string}"},"query-input":{"@type":"PropertyValueSpecification","valueRequired":true,"valueName":"search_term_string"}}],"inLanguage":"es"},{"@type":"Organization","@id":"https:\/\/canal7slp.tv\/2025\/#organization","name":"Noticieros Canal 7","url":"https:\/\/canal7slp.tv\/2025\/","logo":{"@type":"ImageObject","inLanguage":"es","@id":"https:\/\/canal7slp.tv\/2025\/#\/schema\/logo\/image\/","url":"https:\/\/canal7slp.tv\/2025\/wp-content\/uploads\/2021\/01\/logo-noticieros@2x.png","contentUrl":"https:\/\/canal7slp.tv\/2025\/wp-content\/uploads\/2021\/01\/logo-noticieros@2x.png","width":1017,"height":268,"caption":"Noticieros Canal 7"},"image":{"@id":"https:\/\/canal7slp.tv\/2025\/#\/schema\/logo\/image\/"},"sameAs":["https:\/\/www.facebook.com\/noticieroscanal7atencionciudadana\/","https:\/\/x.com\/NOTICIEROS7","https:\/\/www.instagram.com\/canal7_slp","https:\/\/www.youtube.com\/channel\/UCliiYs-gP3JfJeqdPrNdd5A"]},{"@type":"Person","@id":"https:\/\/canal7slp.tv\/2025\/#\/schema\/person\/271e2b60a96e7cc9d9ac296f4d7e414b","name":"Edici\u00f3n Web","image":{"@type":"ImageObject","inLanguage":"es","@id":"https:\/\/secure.gravatar.com\/avatar\/eee448fc3f7164808013b816ba91ac7e43bbe82a70bebac296f8bc6f0addaa1a?s=96&d=mm&r=g","url":"https:\/\/secure.gravatar.com\/avatar\/eee448fc3f7164808013b816ba91ac7e43bbe82a70bebac296f8bc6f0addaa1a?s=96&d=mm&r=g","contentUrl":"https:\/\/secure.gravatar.com\/avatar\/eee448fc3f7164808013b816ba91ac7e43bbe82a70bebac296f8bc6f0addaa1a?s=96&d=mm&r=g","caption":"Edici\u00f3n Web"},"url":"https:\/\/canal7slp.tv\/2025\/author\/edicionweb\/"}]}},"_links":{"self":[{"href":"https:\/\/canal7slp.tv\/2025\/wp-json\/wp\/v2\/posts\/163049","targetHints":{"allow":["GET"]}}],"collection":[{"href":"https:\/\/canal7slp.tv\/2025\/wp-json\/wp\/v2\/posts"}],"about":[{"href":"https:\/\/canal7slp.tv\/2025\/wp-json\/wp\/v2\/types\/post"}],"author":[{"embeddable":true,"href":"https:\/\/canal7slp.tv\/2025\/wp-json\/wp\/v2\/users\/2"}],"replies":[{"embeddable":true,"href":"https:\/\/canal7slp.tv\/2025\/wp-json\/wp\/v2\/comments?post=163049"}],"version-history":[{"count":1,"href":"https:\/\/canal7slp.tv\/2025\/wp-json\/wp\/v2\/posts\/163049\/revisions"}],"predecessor-version":[{"id":163051,"href":"https:\/\/canal7slp.tv\/2025\/wp-json\/wp\/v2\/posts\/163049\/revisions\/163051"}],"wp:featuredmedia":[{"embeddable":true,"href":"https:\/\/canal7slp.tv\/2025\/wp-json\/wp\/v2\/media\/163050"}],"wp:attachment":[{"href":"https:\/\/canal7slp.tv\/2025\/wp-json\/wp\/v2\/media?parent=163049"}],"wp:term":[{"taxonomy":"category","embeddable":true,"href":"https:\/\/canal7slp.tv\/2025\/wp-json\/wp\/v2\/categories?post=163049"},{"taxonomy":"post_tag","embeddable":true,"href":"https:\/\/canal7slp.tv\/2025\/wp-json\/wp\/v2\/tags?post=163049"}],"curies":[{"name":"wp","href":"https:\/\/api.w.org\/{rel}","templated":true}]}}