{"id":162786,"date":"2025-04-08T18:58:34","date_gmt":"2025-04-09T00:58:34","guid":{"rendered":"https:\/\/canal7slp.tv\/2025\/?p=162786"},"modified":"2025-04-08T18:58:34","modified_gmt":"2025-04-09T00:58:34","slug":"pide-la-segam-no-bajar-la-guardia-ante-incendios-forestales","status":"publish","type":"post","link":"https:\/\/canal7slp.tv\/2025\/pide-la-segam-no-bajar-la-guardia-ante-incendios-forestales\/","title":{"rendered":"Pide la SEGAM no bajar la guardia ante incendios forestales"},"content":{"rendered":"<p style=\"text-align: justify;\"><span style=\"font-size: 1.21429rem;\">SLP.- Debido a que persisten las altas temperaturas y fuertes vientos en algunos municipios del estado la titular de la secretar\u00eda de Ecolog\u00eda y Gesti\u00f3n Ambiental, Sonia Mendoza D\u00edaz, pidi\u00f3 no bajar la guardia para evitar los incendios forestales.<\/span><\/p>\n<p style=\"text-align: justify;\">La funcionaria estatal dijo que en lo que respecta a la dependencia a su cargo no han recibido denuncias de que algunos de estos incendios hayan sido provocados.<\/p>\n<p style=\"text-align: justify;\">Sin embargo, coment\u00f3 que s\u00ed recibieron una denuncia en el caso del incendio en un predio particular ocurrido hace algunas semanas, y que se ubica sobre la carretera a Matehuala y Valent\u00edn Amador y que dijo, es la Fiscal\u00eda quien lleva las investigaciones.<\/p>\n<p style=\"text-align: justify;\">Asimismo, la titular de la SEGAM reconoci\u00f3 que en la regi\u00f3n huasteca no se tiene una estaci\u00f3n de monitoreo que verifique la calidad del aire, ante los diversos incendios que se han registrado en esta zona del estado y que dijo, el humo y el calor afectan la salud de las personas.<\/p>\n<p style=\"text-align: justify;\">Por: Claudio Ibarra<\/p>\n","protected":false},"excerpt":{"rendered":"<p>SLP.- Debido a que persisten las altas temperaturas y fuertes vientos en algunos municipios del estado la titular de la secretar\u00eda de Ecolog\u00eda y Gesti\u00f3n Ambiental, Sonia Mendoza D\u00edaz, pidi\u00f3 no bajar la guardia para evitar los incendios forestales. La funcionaria estatal dijo que en lo que respecta a la dependencia a su cargo no han recibido denuncias de que algunos de estos incendios hayan sido provocados. Sin embargo, coment\u00f3 que s\u00ed recibieron una denuncia en el caso del incendio en un predio particular ocurrido hace algunas semanas, y que se ubica sobre la carretera a Matehuala y Valent\u00edn Amador [&hellip;]<\/p>\n","protected":false},"author":2,"featured_media":162808,"comment_status":"closed","ping_status":"closed","sticky":false,"template":"","format":"video","meta":{"_monsterinsights_skip_tracking":false,"_monsterinsights_sitenote_active":false,"_monsterinsights_sitenote_note":"","_monsterinsights_sitenote_category":0,"footnotes":""},"categories":[5,45],"tags":[],"class_list":["post-162786","post","type-post","status-publish","format-video","has-post-thumbnail","hentry","category-destacadas","category-localesyregionales","post_format-post-format-video","post--single"],"yoast_head":"<!-- This site is optimized with the Yoast SEO plugin v27.5 - https:\/\/yoast.com\/product\/yoast-seo-wordpress\/ -->\n<title>Pide la SEGAM no bajar la guardia ante incendios forestales - Canal 7 SLP - 2025<\/title>\n<meta name=\"robots\" content=\"index, follow, max-snippet:-1, max-image-preview:large, max-video-preview:-1\" \/>\n<link rel=\"canonical\" href=\"https:\/\/canal7slp.tv\/2025\/pide-la-segam-no-bajar-la-guardia-ante-incendios-forestales\/\" \/>\n<meta property=\"og:locale\" content=\"es_ES\" \/>\n<meta property=\"og:type\" content=\"article\" \/>\n<meta property=\"og:title\" content=\"Pide la SEGAM no bajar la guardia ante incendios forestales - Canal 7 SLP - 2025\" \/>\n<meta property=\"og:description\" content=\"SLP.- Debido a que persisten las altas temperaturas y fuertes vientos en algunos municipios del estado la titular de la secretar\u00eda de Ecolog\u00eda y Gesti\u00f3n Ambiental, Sonia Mendoza D\u00edaz, pidi\u00f3 no bajar la guardia para evitar los incendios forestales. La funcionaria estatal dijo que en lo que respecta a la dependencia a su cargo no han recibido denuncias de que algunos de estos incendios hayan sido provocados. Sin embargo, coment\u00f3 que s\u00ed recibieron una denuncia en el caso del incendio en un predio particular ocurrido hace algunas semanas, y que se ubica sobre la carretera a Matehuala y Valent\u00edn Amador [&hellip;]\" \/>\n<meta property=\"og:url\" content=\"https:\/\/canal7slp.tv\/2025\/pide-la-segam-no-bajar-la-guardia-ante-incendios-forestales\/\" \/>\n<meta property=\"og:site_name\" content=\"Canal 7 SLP - 2025\" \/>\n<meta property=\"article:publisher\" content=\"https:\/\/www.facebook.com\/noticieroscanal7atencionciudadana\/\" \/>\n<meta property=\"article:published_time\" content=\"2025-04-09T00:58:34+00:00\" \/>\n<meta property=\"og:image\" content=\"https:\/\/canal7slp.tv\/2025\/wp-content\/uploads\/2025\/04\/Claudio03Alertas.jpg\" \/>\n\t<meta property=\"og:image:width\" content=\"1280\" \/>\n\t<meta property=\"og:image:height\" content=\"720\" \/>\n\t<meta property=\"og:image:type\" content=\"image\/jpeg\" \/>\n<meta name=\"author\" content=\"Edici\u00f3n Web\" \/>\n<meta name=\"twitter:card\" content=\"summary_large_image\" \/>\n<meta name=\"twitter:creator\" content=\"@NOTICIEROS7\" \/>\n<meta name=\"twitter:site\" content=\"@NOTICIEROS7\" \/>\n<meta name=\"twitter:label1\" content=\"Escrito por\" \/>\n\t<meta name=\"twitter:data1\" content=\"Edici\u00f3n Web\" \/>\n\t<meta name=\"twitter:label2\" content=\"Tiempo de lectura\" \/>\n\t<meta name=\"twitter:data2\" content=\"1 minuto\" \/>\n<script type=\"application\/ld+json\" class=\"yoast-schema-graph\">{\"@context\":\"https:\\\/\\\/schema.org\",\"@graph\":[{\"@type\":\"Article\",\"@id\":\"https:\\\/\\\/canal7slp.tv\\\/2025\\\/pide-la-segam-no-bajar-la-guardia-ante-incendios-forestales\\\/#article\",\"isPartOf\":{\"@id\":\"https:\\\/\\\/canal7slp.tv\\\/2025\\\/pide-la-segam-no-bajar-la-guardia-ante-incendios-forestales\\\/\"},\"author\":{\"name\":\"Edici\u00f3n Web\",\"@id\":\"https:\\\/\\\/canal7slp.tv\\\/2025\\\/#\\\/schema\\\/person\\\/271e2b60a96e7cc9d9ac296f4d7e414b\"},\"headline\":\"Pide la SEGAM no bajar la guardia ante incendios forestales\",\"datePublished\":\"2025-04-09T00:58:34+00:00\",\"mainEntityOfPage\":{\"@id\":\"https:\\\/\\\/canal7slp.tv\\\/2025\\\/pide-la-segam-no-bajar-la-guardia-ante-incendios-forestales\\\/\"},\"wordCount\":184,\"publisher\":{\"@id\":\"https:\\\/\\\/canal7slp.tv\\\/2025\\\/#organization\"},\"image\":{\"@id\":\"https:\\\/\\\/canal7slp.tv\\\/2025\\\/pide-la-segam-no-bajar-la-guardia-ante-incendios-forestales\\\/#primaryimage\"},\"thumbnailUrl\":\"https:\\\/\\\/canal7slp.tv\\\/2025\\\/wp-content\\\/uploads\\\/2025\\\/04\\\/Claudio03Alertas.jpg\",\"articleSection\":[\"DESTACADAS\",\"LOCALES Y REGIONALES\"],\"inLanguage\":\"es\"},{\"@type\":\"WebPage\",\"@id\":\"https:\\\/\\\/canal7slp.tv\\\/2025\\\/pide-la-segam-no-bajar-la-guardia-ante-incendios-forestales\\\/\",\"url\":\"https:\\\/\\\/canal7slp.tv\\\/2025\\\/pide-la-segam-no-bajar-la-guardia-ante-incendios-forestales\\\/\",\"name\":\"Pide la SEGAM no bajar la guardia ante incendios forestales - Canal 7 SLP - 2025\",\"isPartOf\":{\"@id\":\"https:\\\/\\\/canal7slp.tv\\\/2025\\\/#website\"},\"primaryImageOfPage\":{\"@id\":\"https:\\\/\\\/canal7slp.tv\\\/2025\\\/pide-la-segam-no-bajar-la-guardia-ante-incendios-forestales\\\/#primaryimage\"},\"image\":{\"@id\":\"https:\\\/\\\/canal7slp.tv\\\/2025\\\/pide-la-segam-no-bajar-la-guardia-ante-incendios-forestales\\\/#primaryimage\"},\"thumbnailUrl\":\"https:\\\/\\\/canal7slp.tv\\\/2025\\\/wp-content\\\/uploads\\\/2025\\\/04\\\/Claudio03Alertas.jpg\",\"datePublished\":\"2025-04-09T00:58:34+00:00\",\"breadcrumb\":{\"@id\":\"https:\\\/\\\/canal7slp.tv\\\/2025\\\/pide-la-segam-no-bajar-la-guardia-ante-incendios-forestales\\\/#breadcrumb\"},\"inLanguage\":\"es\",\"potentialAction\":[{\"@type\":\"ReadAction\",\"target\":[\"https:\\\/\\\/canal7slp.tv\\\/2025\\\/pide-la-segam-no-bajar-la-guardia-ante-incendios-forestales\\\/\"]}]},{\"@type\":\"ImageObject\",\"inLanguage\":\"es\",\"@id\":\"https:\\\/\\\/canal7slp.tv\\\/2025\\\/pide-la-segam-no-bajar-la-guardia-ante-incendios-forestales\\\/#primaryimage\",\"url\":\"https:\\\/\\\/canal7slp.tv\\\/2025\\\/wp-content\\\/uploads\\\/2025\\\/04\\\/Claudio03Alertas.jpg\",\"contentUrl\":\"https:\\\/\\\/canal7slp.tv\\\/2025\\\/wp-content\\\/uploads\\\/2025\\\/04\\\/Claudio03Alertas.jpg\",\"width\":1280,\"height\":720},{\"@type\":\"BreadcrumbList\",\"@id\":\"https:\\\/\\\/canal7slp.tv\\\/2025\\\/pide-la-segam-no-bajar-la-guardia-ante-incendios-forestales\\\/#breadcrumb\",\"itemListElement\":[{\"@type\":\"ListItem\",\"position\":1,\"name\":\"Portada\",\"item\":\"https:\\\/\\\/canal7slp.tv\\\/2025\\\/\"},{\"@type\":\"ListItem\",\"position\":2,\"name\":\"Pide la SEGAM no bajar la guardia ante incendios forestales\"}]},{\"@type\":\"WebSite\",\"@id\":\"https:\\\/\\\/canal7slp.tv\\\/2025\\\/#website\",\"url\":\"https:\\\/\\\/canal7slp.tv\\\/2025\\\/\",\"name\":\"N7 - Noticieros Canal 7\",\"description\":\"Somos el Medio\",\"publisher\":{\"@id\":\"https:\\\/\\\/canal7slp.tv\\\/2025\\\/#organization\"},\"potentialAction\":[{\"@type\":\"SearchAction\",\"target\":{\"@type\":\"EntryPoint\",\"urlTemplate\":\"https:\\\/\\\/canal7slp.tv\\\/2025\\\/?s={search_term_string}\"},\"query-input\":{\"@type\":\"PropertyValueSpecification\",\"valueRequired\":true,\"valueName\":\"search_term_string\"}}],\"inLanguage\":\"es\"},{\"@type\":\"Organization\",\"@id\":\"https:\\\/\\\/canal7slp.tv\\\/2025\\\/#organization\",\"name\":\"Noticieros Canal 7\",\"url\":\"https:\\\/\\\/canal7slp.tv\\\/2025\\\/\",\"logo\":{\"@type\":\"ImageObject\",\"inLanguage\":\"es\",\"@id\":\"https:\\\/\\\/canal7slp.tv\\\/2025\\\/#\\\/schema\\\/logo\\\/image\\\/\",\"url\":\"https:\\\/\\\/canal7slp.tv\\\/2025\\\/wp-content\\\/uploads\\\/2021\\\/01\\\/logo-noticieros@2x.png\",\"contentUrl\":\"https:\\\/\\\/canal7slp.tv\\\/2025\\\/wp-content\\\/uploads\\\/2021\\\/01\\\/logo-noticieros@2x.png\",\"width\":1017,\"height\":268,\"caption\":\"Noticieros Canal 7\"},\"image\":{\"@id\":\"https:\\\/\\\/canal7slp.tv\\\/2025\\\/#\\\/schema\\\/logo\\\/image\\\/\"},\"sameAs\":[\"https:\\\/\\\/www.facebook.com\\\/noticieroscanal7atencionciudadana\\\/\",\"https:\\\/\\\/x.com\\\/NOTICIEROS7\",\"https:\\\/\\\/www.instagram.com\\\/canal7_slp\",\"https:\\\/\\\/www.youtube.com\\\/channel\\\/UCliiYs-gP3JfJeqdPrNdd5A\"]},{\"@type\":\"Person\",\"@id\":\"https:\\\/\\\/canal7slp.tv\\\/2025\\\/#\\\/schema\\\/person\\\/271e2b60a96e7cc9d9ac296f4d7e414b\",\"name\":\"Edici\u00f3n Web\",\"image\":{\"@type\":\"ImageObject\",\"inLanguage\":\"es\",\"@id\":\"https:\\\/\\\/secure.gravatar.com\\\/avatar\\\/eee448fc3f7164808013b816ba91ac7e43bbe82a70bebac296f8bc6f0addaa1a?s=96&d=mm&r=g\",\"url\":\"https:\\\/\\\/secure.gravatar.com\\\/avatar\\\/eee448fc3f7164808013b816ba91ac7e43bbe82a70bebac296f8bc6f0addaa1a?s=96&d=mm&r=g\",\"contentUrl\":\"https:\\\/\\\/secure.gravatar.com\\\/avatar\\\/eee448fc3f7164808013b816ba91ac7e43bbe82a70bebac296f8bc6f0addaa1a?s=96&d=mm&r=g\",\"caption\":\"Edici\u00f3n Web\"},\"url\":\"https:\\\/\\\/canal7slp.tv\\\/2025\\\/author\\\/edicionweb\\\/\"}]}<\/script>\n<!-- \/ Yoast SEO plugin. -->","yoast_head_json":{"title":"Pide la SEGAM no bajar la guardia ante incendios forestales - Canal 7 SLP - 2025","robots":{"index":"index","follow":"follow","max-snippet":"max-snippet:-1","max-image-preview":"max-image-preview:large","max-video-preview":"max-video-preview:-1"},"canonical":"https:\/\/canal7slp.tv\/2025\/pide-la-segam-no-bajar-la-guardia-ante-incendios-forestales\/","og_locale":"es_ES","og_type":"article","og_title":"Pide la SEGAM no bajar la guardia ante incendios forestales - Canal 7 SLP - 2025","og_description":"SLP.- Debido a que persisten las altas temperaturas y fuertes vientos en algunos municipios del estado la titular de la secretar\u00eda de Ecolog\u00eda y Gesti\u00f3n Ambiental, Sonia Mendoza D\u00edaz, pidi\u00f3 no bajar la guardia para evitar los incendios forestales. La funcionaria estatal dijo que en lo que respecta a la dependencia a su cargo no han recibido denuncias de que algunos de estos incendios hayan sido provocados. Sin embargo, coment\u00f3 que s\u00ed recibieron una denuncia en el caso del incendio en un predio particular ocurrido hace algunas semanas, y que se ubica sobre la carretera a Matehuala y Valent\u00edn Amador [&hellip;]","og_url":"https:\/\/canal7slp.tv\/2025\/pide-la-segam-no-bajar-la-guardia-ante-incendios-forestales\/","og_site_name":"Canal 7 SLP - 2025","article_publisher":"https:\/\/www.facebook.com\/noticieroscanal7atencionciudadana\/","article_published_time":"2025-04-09T00:58:34+00:00","og_image":[{"width":1280,"height":720,"url":"https:\/\/canal7slp.tv\/2025\/wp-content\/uploads\/2025\/04\/Claudio03Alertas.jpg","type":"image\/jpeg"}],"author":"Edici\u00f3n Web","twitter_card":"summary_large_image","twitter_creator":"@NOTICIEROS7","twitter_site":"@NOTICIEROS7","twitter_misc":{"Escrito por":"Edici\u00f3n Web","Tiempo de lectura":"1 minuto"},"schema":{"@context":"https:\/\/schema.org","@graph":[{"@type":"Article","@id":"https:\/\/canal7slp.tv\/2025\/pide-la-segam-no-bajar-la-guardia-ante-incendios-forestales\/#article","isPartOf":{"@id":"https:\/\/canal7slp.tv\/2025\/pide-la-segam-no-bajar-la-guardia-ante-incendios-forestales\/"},"author":{"name":"Edici\u00f3n Web","@id":"https:\/\/canal7slp.tv\/2025\/#\/schema\/person\/271e2b60a96e7cc9d9ac296f4d7e414b"},"headline":"Pide la SEGAM no bajar la guardia ante incendios forestales","datePublished":"2025-04-09T00:58:34+00:00","mainEntityOfPage":{"@id":"https:\/\/canal7slp.tv\/2025\/pide-la-segam-no-bajar-la-guardia-ante-incendios-forestales\/"},"wordCount":184,"publisher":{"@id":"https:\/\/canal7slp.tv\/2025\/#organization"},"image":{"@id":"https:\/\/canal7slp.tv\/2025\/pide-la-segam-no-bajar-la-guardia-ante-incendios-forestales\/#primaryimage"},"thumbnailUrl":"https:\/\/canal7slp.tv\/2025\/wp-content\/uploads\/2025\/04\/Claudio03Alertas.jpg","articleSection":["DESTACADAS","LOCALES Y REGIONALES"],"inLanguage":"es"},{"@type":"WebPage","@id":"https:\/\/canal7slp.tv\/2025\/pide-la-segam-no-bajar-la-guardia-ante-incendios-forestales\/","url":"https:\/\/canal7slp.tv\/2025\/pide-la-segam-no-bajar-la-guardia-ante-incendios-forestales\/","name":"Pide la SEGAM no bajar la guardia ante incendios forestales - Canal 7 SLP - 2025","isPartOf":{"@id":"https:\/\/canal7slp.tv\/2025\/#website"},"primaryImageOfPage":{"@id":"https:\/\/canal7slp.tv\/2025\/pide-la-segam-no-bajar-la-guardia-ante-incendios-forestales\/#primaryimage"},"image":{"@id":"https:\/\/canal7slp.tv\/2025\/pide-la-segam-no-bajar-la-guardia-ante-incendios-forestales\/#primaryimage"},"thumbnailUrl":"https:\/\/canal7slp.tv\/2025\/wp-content\/uploads\/2025\/04\/Claudio03Alertas.jpg","datePublished":"2025-04-09T00:58:34+00:00","breadcrumb":{"@id":"https:\/\/canal7slp.tv\/2025\/pide-la-segam-no-bajar-la-guardia-ante-incendios-forestales\/#breadcrumb"},"inLanguage":"es","potentialAction":[{"@type":"ReadAction","target":["https:\/\/canal7slp.tv\/2025\/pide-la-segam-no-bajar-la-guardia-ante-incendios-forestales\/"]}]},{"@type":"ImageObject","inLanguage":"es","@id":"https:\/\/canal7slp.tv\/2025\/pide-la-segam-no-bajar-la-guardia-ante-incendios-forestales\/#primaryimage","url":"https:\/\/canal7slp.tv\/2025\/wp-content\/uploads\/2025\/04\/Claudio03Alertas.jpg","contentUrl":"https:\/\/canal7slp.tv\/2025\/wp-content\/uploads\/2025\/04\/Claudio03Alertas.jpg","width":1280,"height":720},{"@type":"BreadcrumbList","@id":"https:\/\/canal7slp.tv\/2025\/pide-la-segam-no-bajar-la-guardia-ante-incendios-forestales\/#breadcrumb","itemListElement":[{"@type":"ListItem","position":1,"name":"Portada","item":"https:\/\/canal7slp.tv\/2025\/"},{"@type":"ListItem","position":2,"name":"Pide la SEGAM no bajar la guardia ante incendios forestales"}]},{"@type":"WebSite","@id":"https:\/\/canal7slp.tv\/2025\/#website","url":"https:\/\/canal7slp.tv\/2025\/","name":"N7 - Noticieros Canal 7","description":"Somos el Medio","publisher":{"@id":"https:\/\/canal7slp.tv\/2025\/#organization"},"potentialAction":[{"@type":"SearchAction","target":{"@type":"EntryPoint","urlTemplate":"https:\/\/canal7slp.tv\/2025\/?s={search_term_string}"},"query-input":{"@type":"PropertyValueSpecification","valueRequired":true,"valueName":"search_term_string"}}],"inLanguage":"es"},{"@type":"Organization","@id":"https:\/\/canal7slp.tv\/2025\/#organization","name":"Noticieros Canal 7","url":"https:\/\/canal7slp.tv\/2025\/","logo":{"@type":"ImageObject","inLanguage":"es","@id":"https:\/\/canal7slp.tv\/2025\/#\/schema\/logo\/image\/","url":"https:\/\/canal7slp.tv\/2025\/wp-content\/uploads\/2021\/01\/logo-noticieros@2x.png","contentUrl":"https:\/\/canal7slp.tv\/2025\/wp-content\/uploads\/2021\/01\/logo-noticieros@2x.png","width":1017,"height":268,"caption":"Noticieros Canal 7"},"image":{"@id":"https:\/\/canal7slp.tv\/2025\/#\/schema\/logo\/image\/"},"sameAs":["https:\/\/www.facebook.com\/noticieroscanal7atencionciudadana\/","https:\/\/x.com\/NOTICIEROS7","https:\/\/www.instagram.com\/canal7_slp","https:\/\/www.youtube.com\/channel\/UCliiYs-gP3JfJeqdPrNdd5A"]},{"@type":"Person","@id":"https:\/\/canal7slp.tv\/2025\/#\/schema\/person\/271e2b60a96e7cc9d9ac296f4d7e414b","name":"Edici\u00f3n Web","image":{"@type":"ImageObject","inLanguage":"es","@id":"https:\/\/secure.gravatar.com\/avatar\/eee448fc3f7164808013b816ba91ac7e43bbe82a70bebac296f8bc6f0addaa1a?s=96&d=mm&r=g","url":"https:\/\/secure.gravatar.com\/avatar\/eee448fc3f7164808013b816ba91ac7e43bbe82a70bebac296f8bc6f0addaa1a?s=96&d=mm&r=g","contentUrl":"https:\/\/secure.gravatar.com\/avatar\/eee448fc3f7164808013b816ba91ac7e43bbe82a70bebac296f8bc6f0addaa1a?s=96&d=mm&r=g","caption":"Edici\u00f3n Web"},"url":"https:\/\/canal7slp.tv\/2025\/author\/edicionweb\/"}]}},"_links":{"self":[{"href":"https:\/\/canal7slp.tv\/2025\/wp-json\/wp\/v2\/posts\/162786","targetHints":{"allow":["GET"]}}],"collection":[{"href":"https:\/\/canal7slp.tv\/2025\/wp-json\/wp\/v2\/posts"}],"about":[{"href":"https:\/\/canal7slp.tv\/2025\/wp-json\/wp\/v2\/types\/post"}],"author":[{"embeddable":true,"href":"https:\/\/canal7slp.tv\/2025\/wp-json\/wp\/v2\/users\/2"}],"replies":[{"embeddable":true,"href":"https:\/\/canal7slp.tv\/2025\/wp-json\/wp\/v2\/comments?post=162786"}],"version-history":[{"count":2,"href":"https:\/\/canal7slp.tv\/2025\/wp-json\/wp\/v2\/posts\/162786\/revisions"}],"predecessor-version":[{"id":162810,"href":"https:\/\/canal7slp.tv\/2025\/wp-json\/wp\/v2\/posts\/162786\/revisions\/162810"}],"wp:featuredmedia":[{"embeddable":true,"href":"https:\/\/canal7slp.tv\/2025\/wp-json\/wp\/v2\/media\/162808"}],"wp:attachment":[{"href":"https:\/\/canal7slp.tv\/2025\/wp-json\/wp\/v2\/media?parent=162786"}],"wp:term":[{"taxonomy":"category","embeddable":true,"href":"https:\/\/canal7slp.tv\/2025\/wp-json\/wp\/v2\/categories?post=162786"},{"taxonomy":"post_tag","embeddable":true,"href":"https:\/\/canal7slp.tv\/2025\/wp-json\/wp\/v2\/tags?post=162786"}],"curies":[{"name":"wp","href":"https:\/\/api.w.org\/{rel}","templated":true}]}}