{"id":162784,"date":"2025-04-08T18:52:50","date_gmt":"2025-04-09T00:52:50","guid":{"rendered":"https:\/\/canal7slp.tv\/2025\/?p=162784"},"modified":"2025-04-08T18:53:05","modified_gmt":"2025-04-09T00:53:05","slug":"presentan-la-feria-de-la-campechana-que-se-llevara-a-cabo-en-el-municipio-de-santa-maria-del-rio","status":"publish","type":"post","link":"https:\/\/canal7slp.tv\/2025\/presentan-la-feria-de-la-campechana-que-se-llevara-a-cabo-en-el-municipio-de-santa-maria-del-rio\/","title":{"rendered":"Presentan la Feria de la Campechana que se llevar\u00e1 a cabo en el municipio de Santa Mar\u00eda del R\u00edo"},"content":{"rendered":"<p style=\"text-align: justify;\"><span style=\"font-size: 1.21429rem;\">Santa Mar\u00eda del R\u00edo.- Con actividades art\u00edsticas y culturales el pr\u00f3ximo domingo 13 de Abril se llevar\u00e1 a cabo la Fiesta de la Campechana en el municipio de Santa Mar\u00eda del R\u00edo.<\/span><\/p>\n<p style=\"text-align: justify;\">La sede en donde se realizar\u00e1 este evento ser\u00e1 la Casa del Rebozo a partir de las 10 de la ma\u00f1ana con el objetivo de promover este pan t\u00edpico de la gastronom\u00eda local.<\/p>\n<p style=\"text-align: justify;\">Cabe se\u00f1alar que la campechana es un pan t\u00edpico de este municipio y cuya elaboraci\u00f3n se ha transmitido a lo largo de varias generaciones.<\/p>\n<p style=\"text-align: justify;\">El secretario de Cultura se\u00f1al\u00f3 que esta es una oportunidad para darse una vuelta a Santa Mar\u00eda del R\u00edo en el inicio de Semana Santa, y conocer una de las tradiciones m\u00e1s a\u00f1ejas de este municipio.<\/p>\n<p style=\"text-align: justify;\">Asimismo, afirm\u00f3 que esta Fiesta de la Campechana tiene tres prop\u00f3sitos fundamentales en apoyo a los productores locales.<\/p>\n<p style=\"text-align: justify;\">Por: Claudio Ibarra<\/p>\n","protected":false},"excerpt":{"rendered":"<p>Santa Mar\u00eda del R\u00edo.- Con actividades art\u00edsticas y culturales el pr\u00f3ximo domingo 13 de Abril se llevar\u00e1 a cabo la Fiesta de la Campechana en el municipio de Santa Mar\u00eda del R\u00edo. La sede en donde se realizar\u00e1 este evento ser\u00e1 la Casa del Rebozo a partir de las 10 de la ma\u00f1ana con el objetivo de promover este pan t\u00edpico de la gastronom\u00eda local. Cabe se\u00f1alar que la campechana es un pan t\u00edpico de este municipio y cuya elaboraci\u00f3n se ha transmitido a lo largo de varias generaciones. El secretario de Cultura se\u00f1al\u00f3 que esta es una oportunidad para [&hellip;]<\/p>\n","protected":false},"author":2,"featured_media":162803,"comment_status":"closed","ping_status":"closed","sticky":false,"template":"","format":"video","meta":{"_monsterinsights_skip_tracking":false,"_monsterinsights_sitenote_active":false,"_monsterinsights_sitenote_note":"","_monsterinsights_sitenote_category":0,"footnotes":""},"categories":[5,43,45],"tags":[],"class_list":["post-162784","post","type-post","status-publish","format-video","has-post-thumbnail","hentry","category-destacadas","category-interior","category-localesyregionales","post_format-post-format-video","post--single"],"yoast_head":"<!-- This site is optimized with the Yoast SEO plugin v27.5 - https:\/\/yoast.com\/product\/yoast-seo-wordpress\/ -->\n<title>Presentan la Feria de la Campechana que se llevar\u00e1 a cabo en el municipio de Santa Mar\u00eda del R\u00edo - Canal 7 SLP - 2025<\/title>\n<meta name=\"robots\" content=\"index, follow, max-snippet:-1, max-image-preview:large, max-video-preview:-1\" \/>\n<link rel=\"canonical\" href=\"https:\/\/canal7slp.tv\/2025\/presentan-la-feria-de-la-campechana-que-se-llevara-a-cabo-en-el-municipio-de-santa-maria-del-rio\/\" \/>\n<meta property=\"og:locale\" content=\"es_ES\" \/>\n<meta property=\"og:type\" content=\"article\" \/>\n<meta property=\"og:title\" content=\"Presentan la Feria de la Campechana que se llevar\u00e1 a cabo en el municipio de Santa Mar\u00eda del R\u00edo - Canal 7 SLP - 2025\" \/>\n<meta property=\"og:description\" content=\"Santa Mar\u00eda del R\u00edo.- Con actividades art\u00edsticas y culturales el pr\u00f3ximo domingo 13 de Abril se llevar\u00e1 a cabo la Fiesta de la Campechana en el municipio de Santa Mar\u00eda del R\u00edo. La sede en donde se realizar\u00e1 este evento ser\u00e1 la Casa del Rebozo a partir de las 10 de la ma\u00f1ana con el objetivo de promover este pan t\u00edpico de la gastronom\u00eda local. Cabe se\u00f1alar que la campechana es un pan t\u00edpico de este municipio y cuya elaboraci\u00f3n se ha transmitido a lo largo de varias generaciones. El secretario de Cultura se\u00f1al\u00f3 que esta es una oportunidad para [&hellip;]\" \/>\n<meta property=\"og:url\" content=\"https:\/\/canal7slp.tv\/2025\/presentan-la-feria-de-la-campechana-que-se-llevara-a-cabo-en-el-municipio-de-santa-maria-del-rio\/\" \/>\n<meta property=\"og:site_name\" content=\"Canal 7 SLP - 2025\" \/>\n<meta property=\"article:publisher\" content=\"https:\/\/www.facebook.com\/noticieroscanal7atencionciudadana\/\" \/>\n<meta property=\"article:published_time\" content=\"2025-04-09T00:52:50+00:00\" \/>\n<meta property=\"article:modified_time\" content=\"2025-04-09T00:53:05+00:00\" \/>\n<meta property=\"og:image\" content=\"https:\/\/canal7slp.tv\/2025\/wp-content\/uploads\/2025\/04\/Claudio01Campechana.jpg\" \/>\n\t<meta property=\"og:image:width\" content=\"1280\" \/>\n\t<meta property=\"og:image:height\" content=\"720\" \/>\n\t<meta property=\"og:image:type\" content=\"image\/jpeg\" \/>\n<meta name=\"author\" content=\"Edici\u00f3n Web\" \/>\n<meta name=\"twitter:card\" content=\"summary_large_image\" \/>\n<meta name=\"twitter:creator\" content=\"@NOTICIEROS7\" \/>\n<meta name=\"twitter:site\" content=\"@NOTICIEROS7\" \/>\n<meta name=\"twitter:label1\" content=\"Escrito por\" \/>\n\t<meta name=\"twitter:data1\" content=\"Edici\u00f3n Web\" \/>\n\t<meta name=\"twitter:label2\" content=\"Tiempo de lectura\" \/>\n\t<meta name=\"twitter:data2\" content=\"1 minuto\" \/>\n<script type=\"application\/ld+json\" class=\"yoast-schema-graph\">{\"@context\":\"https:\\\/\\\/schema.org\",\"@graph\":[{\"@type\":\"Article\",\"@id\":\"https:\\\/\\\/canal7slp.tv\\\/2025\\\/presentan-la-feria-de-la-campechana-que-se-llevara-a-cabo-en-el-municipio-de-santa-maria-del-rio\\\/#article\",\"isPartOf\":{\"@id\":\"https:\\\/\\\/canal7slp.tv\\\/2025\\\/presentan-la-feria-de-la-campechana-que-se-llevara-a-cabo-en-el-municipio-de-santa-maria-del-rio\\\/\"},\"author\":{\"name\":\"Edici\u00f3n Web\",\"@id\":\"https:\\\/\\\/canal7slp.tv\\\/2025\\\/#\\\/schema\\\/person\\\/271e2b60a96e7cc9d9ac296f4d7e414b\"},\"headline\":\"Presentan la Feria de la Campechana que se llevar\u00e1 a cabo en el municipio de Santa Mar\u00eda del R\u00edo\",\"datePublished\":\"2025-04-09T00:52:50+00:00\",\"dateModified\":\"2025-04-09T00:53:05+00:00\",\"mainEntityOfPage\":{\"@id\":\"https:\\\/\\\/canal7slp.tv\\\/2025\\\/presentan-la-feria-de-la-campechana-que-se-llevara-a-cabo-en-el-municipio-de-santa-maria-del-rio\\\/\"},\"wordCount\":184,\"publisher\":{\"@id\":\"https:\\\/\\\/canal7slp.tv\\\/2025\\\/#organization\"},\"image\":{\"@id\":\"https:\\\/\\\/canal7slp.tv\\\/2025\\\/presentan-la-feria-de-la-campechana-que-se-llevara-a-cabo-en-el-municipio-de-santa-maria-del-rio\\\/#primaryimage\"},\"thumbnailUrl\":\"https:\\\/\\\/canal7slp.tv\\\/2025\\\/wp-content\\\/uploads\\\/2025\\\/04\\\/Claudio01Campechana.jpg\",\"articleSection\":[\"DESTACADAS\",\"INTERIOR DEL ESTADO\",\"LOCALES Y REGIONALES\"],\"inLanguage\":\"es\"},{\"@type\":\"WebPage\",\"@id\":\"https:\\\/\\\/canal7slp.tv\\\/2025\\\/presentan-la-feria-de-la-campechana-que-se-llevara-a-cabo-en-el-municipio-de-santa-maria-del-rio\\\/\",\"url\":\"https:\\\/\\\/canal7slp.tv\\\/2025\\\/presentan-la-feria-de-la-campechana-que-se-llevara-a-cabo-en-el-municipio-de-santa-maria-del-rio\\\/\",\"name\":\"Presentan la Feria de la Campechana que se llevar\u00e1 a cabo en el municipio de Santa Mar\u00eda del R\u00edo - Canal 7 SLP - 2025\",\"isPartOf\":{\"@id\":\"https:\\\/\\\/canal7slp.tv\\\/2025\\\/#website\"},\"primaryImageOfPage\":{\"@id\":\"https:\\\/\\\/canal7slp.tv\\\/2025\\\/presentan-la-feria-de-la-campechana-que-se-llevara-a-cabo-en-el-municipio-de-santa-maria-del-rio\\\/#primaryimage\"},\"image\":{\"@id\":\"https:\\\/\\\/canal7slp.tv\\\/2025\\\/presentan-la-feria-de-la-campechana-que-se-llevara-a-cabo-en-el-municipio-de-santa-maria-del-rio\\\/#primaryimage\"},\"thumbnailUrl\":\"https:\\\/\\\/canal7slp.tv\\\/2025\\\/wp-content\\\/uploads\\\/2025\\\/04\\\/Claudio01Campechana.jpg\",\"datePublished\":\"2025-04-09T00:52:50+00:00\",\"dateModified\":\"2025-04-09T00:53:05+00:00\",\"breadcrumb\":{\"@id\":\"https:\\\/\\\/canal7slp.tv\\\/2025\\\/presentan-la-feria-de-la-campechana-que-se-llevara-a-cabo-en-el-municipio-de-santa-maria-del-rio\\\/#breadcrumb\"},\"inLanguage\":\"es\",\"potentialAction\":[{\"@type\":\"ReadAction\",\"target\":[\"https:\\\/\\\/canal7slp.tv\\\/2025\\\/presentan-la-feria-de-la-campechana-que-se-llevara-a-cabo-en-el-municipio-de-santa-maria-del-rio\\\/\"]}]},{\"@type\":\"ImageObject\",\"inLanguage\":\"es\",\"@id\":\"https:\\\/\\\/canal7slp.tv\\\/2025\\\/presentan-la-feria-de-la-campechana-que-se-llevara-a-cabo-en-el-municipio-de-santa-maria-del-rio\\\/#primaryimage\",\"url\":\"https:\\\/\\\/canal7slp.tv\\\/2025\\\/wp-content\\\/uploads\\\/2025\\\/04\\\/Claudio01Campechana.jpg\",\"contentUrl\":\"https:\\\/\\\/canal7slp.tv\\\/2025\\\/wp-content\\\/uploads\\\/2025\\\/04\\\/Claudio01Campechana.jpg\",\"width\":1280,\"height\":720},{\"@type\":\"BreadcrumbList\",\"@id\":\"https:\\\/\\\/canal7slp.tv\\\/2025\\\/presentan-la-feria-de-la-campechana-que-se-llevara-a-cabo-en-el-municipio-de-santa-maria-del-rio\\\/#breadcrumb\",\"itemListElement\":[{\"@type\":\"ListItem\",\"position\":1,\"name\":\"Portada\",\"item\":\"https:\\\/\\\/canal7slp.tv\\\/2025\\\/\"},{\"@type\":\"ListItem\",\"position\":2,\"name\":\"Presentan la Feria de la Campechana que se llevar\u00e1 a cabo en el municipio de Santa Mar\u00eda del R\u00edo\"}]},{\"@type\":\"WebSite\",\"@id\":\"https:\\\/\\\/canal7slp.tv\\\/2025\\\/#website\",\"url\":\"https:\\\/\\\/canal7slp.tv\\\/2025\\\/\",\"name\":\"N7 - Noticieros Canal 7\",\"description\":\"Somos el Medio\",\"publisher\":{\"@id\":\"https:\\\/\\\/canal7slp.tv\\\/2025\\\/#organization\"},\"potentialAction\":[{\"@type\":\"SearchAction\",\"target\":{\"@type\":\"EntryPoint\",\"urlTemplate\":\"https:\\\/\\\/canal7slp.tv\\\/2025\\\/?s={search_term_string}\"},\"query-input\":{\"@type\":\"PropertyValueSpecification\",\"valueRequired\":true,\"valueName\":\"search_term_string\"}}],\"inLanguage\":\"es\"},{\"@type\":\"Organization\",\"@id\":\"https:\\\/\\\/canal7slp.tv\\\/2025\\\/#organization\",\"name\":\"Noticieros Canal 7\",\"url\":\"https:\\\/\\\/canal7slp.tv\\\/2025\\\/\",\"logo\":{\"@type\":\"ImageObject\",\"inLanguage\":\"es\",\"@id\":\"https:\\\/\\\/canal7slp.tv\\\/2025\\\/#\\\/schema\\\/logo\\\/image\\\/\",\"url\":\"https:\\\/\\\/canal7slp.tv\\\/2025\\\/wp-content\\\/uploads\\\/2021\\\/01\\\/logo-noticieros@2x.png\",\"contentUrl\":\"https:\\\/\\\/canal7slp.tv\\\/2025\\\/wp-content\\\/uploads\\\/2021\\\/01\\\/logo-noticieros@2x.png\",\"width\":1017,\"height\":268,\"caption\":\"Noticieros Canal 7\"},\"image\":{\"@id\":\"https:\\\/\\\/canal7slp.tv\\\/2025\\\/#\\\/schema\\\/logo\\\/image\\\/\"},\"sameAs\":[\"https:\\\/\\\/www.facebook.com\\\/noticieroscanal7atencionciudadana\\\/\",\"https:\\\/\\\/x.com\\\/NOTICIEROS7\",\"https:\\\/\\\/www.instagram.com\\\/canal7_slp\",\"https:\\\/\\\/www.youtube.com\\\/channel\\\/UCliiYs-gP3JfJeqdPrNdd5A\"]},{\"@type\":\"Person\",\"@id\":\"https:\\\/\\\/canal7slp.tv\\\/2025\\\/#\\\/schema\\\/person\\\/271e2b60a96e7cc9d9ac296f4d7e414b\",\"name\":\"Edici\u00f3n Web\",\"image\":{\"@type\":\"ImageObject\",\"inLanguage\":\"es\",\"@id\":\"https:\\\/\\\/secure.gravatar.com\\\/avatar\\\/eee448fc3f7164808013b816ba91ac7e43bbe82a70bebac296f8bc6f0addaa1a?s=96&d=mm&r=g\",\"url\":\"https:\\\/\\\/secure.gravatar.com\\\/avatar\\\/eee448fc3f7164808013b816ba91ac7e43bbe82a70bebac296f8bc6f0addaa1a?s=96&d=mm&r=g\",\"contentUrl\":\"https:\\\/\\\/secure.gravatar.com\\\/avatar\\\/eee448fc3f7164808013b816ba91ac7e43bbe82a70bebac296f8bc6f0addaa1a?s=96&d=mm&r=g\",\"caption\":\"Edici\u00f3n Web\"},\"url\":\"https:\\\/\\\/canal7slp.tv\\\/2025\\\/author\\\/edicionweb\\\/\"}]}<\/script>\n<!-- \/ Yoast SEO plugin. -->","yoast_head_json":{"title":"Presentan la Feria de la Campechana que se llevar\u00e1 a cabo en el municipio de Santa Mar\u00eda del R\u00edo - Canal 7 SLP - 2025","robots":{"index":"index","follow":"follow","max-snippet":"max-snippet:-1","max-image-preview":"max-image-preview:large","max-video-preview":"max-video-preview:-1"},"canonical":"https:\/\/canal7slp.tv\/2025\/presentan-la-feria-de-la-campechana-que-se-llevara-a-cabo-en-el-municipio-de-santa-maria-del-rio\/","og_locale":"es_ES","og_type":"article","og_title":"Presentan la Feria de la Campechana que se llevar\u00e1 a cabo en el municipio de Santa Mar\u00eda del R\u00edo - Canal 7 SLP - 2025","og_description":"Santa Mar\u00eda del R\u00edo.- Con actividades art\u00edsticas y culturales el pr\u00f3ximo domingo 13 de Abril se llevar\u00e1 a cabo la Fiesta de la Campechana en el municipio de Santa Mar\u00eda del R\u00edo. La sede en donde se realizar\u00e1 este evento ser\u00e1 la Casa del Rebozo a partir de las 10 de la ma\u00f1ana con el objetivo de promover este pan t\u00edpico de la gastronom\u00eda local. Cabe se\u00f1alar que la campechana es un pan t\u00edpico de este municipio y cuya elaboraci\u00f3n se ha transmitido a lo largo de varias generaciones. El secretario de Cultura se\u00f1al\u00f3 que esta es una oportunidad para [&hellip;]","og_url":"https:\/\/canal7slp.tv\/2025\/presentan-la-feria-de-la-campechana-que-se-llevara-a-cabo-en-el-municipio-de-santa-maria-del-rio\/","og_site_name":"Canal 7 SLP - 2025","article_publisher":"https:\/\/www.facebook.com\/noticieroscanal7atencionciudadana\/","article_published_time":"2025-04-09T00:52:50+00:00","article_modified_time":"2025-04-09T00:53:05+00:00","og_image":[{"width":1280,"height":720,"url":"https:\/\/canal7slp.tv\/2025\/wp-content\/uploads\/2025\/04\/Claudio01Campechana.jpg","type":"image\/jpeg"}],"author":"Edici\u00f3n Web","twitter_card":"summary_large_image","twitter_creator":"@NOTICIEROS7","twitter_site":"@NOTICIEROS7","twitter_misc":{"Escrito por":"Edici\u00f3n Web","Tiempo de lectura":"1 minuto"},"schema":{"@context":"https:\/\/schema.org","@graph":[{"@type":"Article","@id":"https:\/\/canal7slp.tv\/2025\/presentan-la-feria-de-la-campechana-que-se-llevara-a-cabo-en-el-municipio-de-santa-maria-del-rio\/#article","isPartOf":{"@id":"https:\/\/canal7slp.tv\/2025\/presentan-la-feria-de-la-campechana-que-se-llevara-a-cabo-en-el-municipio-de-santa-maria-del-rio\/"},"author":{"name":"Edici\u00f3n Web","@id":"https:\/\/canal7slp.tv\/2025\/#\/schema\/person\/271e2b60a96e7cc9d9ac296f4d7e414b"},"headline":"Presentan la Feria de la Campechana que se llevar\u00e1 a cabo en el municipio de Santa Mar\u00eda del R\u00edo","datePublished":"2025-04-09T00:52:50+00:00","dateModified":"2025-04-09T00:53:05+00:00","mainEntityOfPage":{"@id":"https:\/\/canal7slp.tv\/2025\/presentan-la-feria-de-la-campechana-que-se-llevara-a-cabo-en-el-municipio-de-santa-maria-del-rio\/"},"wordCount":184,"publisher":{"@id":"https:\/\/canal7slp.tv\/2025\/#organization"},"image":{"@id":"https:\/\/canal7slp.tv\/2025\/presentan-la-feria-de-la-campechana-que-se-llevara-a-cabo-en-el-municipio-de-santa-maria-del-rio\/#primaryimage"},"thumbnailUrl":"https:\/\/canal7slp.tv\/2025\/wp-content\/uploads\/2025\/04\/Claudio01Campechana.jpg","articleSection":["DESTACADAS","INTERIOR DEL ESTADO","LOCALES Y REGIONALES"],"inLanguage":"es"},{"@type":"WebPage","@id":"https:\/\/canal7slp.tv\/2025\/presentan-la-feria-de-la-campechana-que-se-llevara-a-cabo-en-el-municipio-de-santa-maria-del-rio\/","url":"https:\/\/canal7slp.tv\/2025\/presentan-la-feria-de-la-campechana-que-se-llevara-a-cabo-en-el-municipio-de-santa-maria-del-rio\/","name":"Presentan la Feria de la Campechana que se llevar\u00e1 a cabo en el municipio de Santa Mar\u00eda del R\u00edo - Canal 7 SLP - 2025","isPartOf":{"@id":"https:\/\/canal7slp.tv\/2025\/#website"},"primaryImageOfPage":{"@id":"https:\/\/canal7slp.tv\/2025\/presentan-la-feria-de-la-campechana-que-se-llevara-a-cabo-en-el-municipio-de-santa-maria-del-rio\/#primaryimage"},"image":{"@id":"https:\/\/canal7slp.tv\/2025\/presentan-la-feria-de-la-campechana-que-se-llevara-a-cabo-en-el-municipio-de-santa-maria-del-rio\/#primaryimage"},"thumbnailUrl":"https:\/\/canal7slp.tv\/2025\/wp-content\/uploads\/2025\/04\/Claudio01Campechana.jpg","datePublished":"2025-04-09T00:52:50+00:00","dateModified":"2025-04-09T00:53:05+00:00","breadcrumb":{"@id":"https:\/\/canal7slp.tv\/2025\/presentan-la-feria-de-la-campechana-que-se-llevara-a-cabo-en-el-municipio-de-santa-maria-del-rio\/#breadcrumb"},"inLanguage":"es","potentialAction":[{"@type":"ReadAction","target":["https:\/\/canal7slp.tv\/2025\/presentan-la-feria-de-la-campechana-que-se-llevara-a-cabo-en-el-municipio-de-santa-maria-del-rio\/"]}]},{"@type":"ImageObject","inLanguage":"es","@id":"https:\/\/canal7slp.tv\/2025\/presentan-la-feria-de-la-campechana-que-se-llevara-a-cabo-en-el-municipio-de-santa-maria-del-rio\/#primaryimage","url":"https:\/\/canal7slp.tv\/2025\/wp-content\/uploads\/2025\/04\/Claudio01Campechana.jpg","contentUrl":"https:\/\/canal7slp.tv\/2025\/wp-content\/uploads\/2025\/04\/Claudio01Campechana.jpg","width":1280,"height":720},{"@type":"BreadcrumbList","@id":"https:\/\/canal7slp.tv\/2025\/presentan-la-feria-de-la-campechana-que-se-llevara-a-cabo-en-el-municipio-de-santa-maria-del-rio\/#breadcrumb","itemListElement":[{"@type":"ListItem","position":1,"name":"Portada","item":"https:\/\/canal7slp.tv\/2025\/"},{"@type":"ListItem","position":2,"name":"Presentan la Feria de la Campechana que se llevar\u00e1 a cabo en el municipio de Santa Mar\u00eda del R\u00edo"}]},{"@type":"WebSite","@id":"https:\/\/canal7slp.tv\/2025\/#website","url":"https:\/\/canal7slp.tv\/2025\/","name":"N7 - Noticieros Canal 7","description":"Somos el Medio","publisher":{"@id":"https:\/\/canal7slp.tv\/2025\/#organization"},"potentialAction":[{"@type":"SearchAction","target":{"@type":"EntryPoint","urlTemplate":"https:\/\/canal7slp.tv\/2025\/?s={search_term_string}"},"query-input":{"@type":"PropertyValueSpecification","valueRequired":true,"valueName":"search_term_string"}}],"inLanguage":"es"},{"@type":"Organization","@id":"https:\/\/canal7slp.tv\/2025\/#organization","name":"Noticieros Canal 7","url":"https:\/\/canal7slp.tv\/2025\/","logo":{"@type":"ImageObject","inLanguage":"es","@id":"https:\/\/canal7slp.tv\/2025\/#\/schema\/logo\/image\/","url":"https:\/\/canal7slp.tv\/2025\/wp-content\/uploads\/2021\/01\/logo-noticieros@2x.png","contentUrl":"https:\/\/canal7slp.tv\/2025\/wp-content\/uploads\/2021\/01\/logo-noticieros@2x.png","width":1017,"height":268,"caption":"Noticieros Canal 7"},"image":{"@id":"https:\/\/canal7slp.tv\/2025\/#\/schema\/logo\/image\/"},"sameAs":["https:\/\/www.facebook.com\/noticieroscanal7atencionciudadana\/","https:\/\/x.com\/NOTICIEROS7","https:\/\/www.instagram.com\/canal7_slp","https:\/\/www.youtube.com\/channel\/UCliiYs-gP3JfJeqdPrNdd5A"]},{"@type":"Person","@id":"https:\/\/canal7slp.tv\/2025\/#\/schema\/person\/271e2b60a96e7cc9d9ac296f4d7e414b","name":"Edici\u00f3n Web","image":{"@type":"ImageObject","inLanguage":"es","@id":"https:\/\/secure.gravatar.com\/avatar\/eee448fc3f7164808013b816ba91ac7e43bbe82a70bebac296f8bc6f0addaa1a?s=96&d=mm&r=g","url":"https:\/\/secure.gravatar.com\/avatar\/eee448fc3f7164808013b816ba91ac7e43bbe82a70bebac296f8bc6f0addaa1a?s=96&d=mm&r=g","contentUrl":"https:\/\/secure.gravatar.com\/avatar\/eee448fc3f7164808013b816ba91ac7e43bbe82a70bebac296f8bc6f0addaa1a?s=96&d=mm&r=g","caption":"Edici\u00f3n Web"},"url":"https:\/\/canal7slp.tv\/2025\/author\/edicionweb\/"}]}},"_links":{"self":[{"href":"https:\/\/canal7slp.tv\/2025\/wp-json\/wp\/v2\/posts\/162784","targetHints":{"allow":["GET"]}}],"collection":[{"href":"https:\/\/canal7slp.tv\/2025\/wp-json\/wp\/v2\/posts"}],"about":[{"href":"https:\/\/canal7slp.tv\/2025\/wp-json\/wp\/v2\/types\/post"}],"author":[{"embeddable":true,"href":"https:\/\/canal7slp.tv\/2025\/wp-json\/wp\/v2\/users\/2"}],"replies":[{"embeddable":true,"href":"https:\/\/canal7slp.tv\/2025\/wp-json\/wp\/v2\/comments?post=162784"}],"version-history":[{"count":2,"href":"https:\/\/canal7slp.tv\/2025\/wp-json\/wp\/v2\/posts\/162784\/revisions"}],"predecessor-version":[{"id":162804,"href":"https:\/\/canal7slp.tv\/2025\/wp-json\/wp\/v2\/posts\/162784\/revisions\/162804"}],"wp:featuredmedia":[{"embeddable":true,"href":"https:\/\/canal7slp.tv\/2025\/wp-json\/wp\/v2\/media\/162803"}],"wp:attachment":[{"href":"https:\/\/canal7slp.tv\/2025\/wp-json\/wp\/v2\/media?parent=162784"}],"wp:term":[{"taxonomy":"category","embeddable":true,"href":"https:\/\/canal7slp.tv\/2025\/wp-json\/wp\/v2\/categories?post=162784"},{"taxonomy":"post_tag","embeddable":true,"href":"https:\/\/canal7slp.tv\/2025\/wp-json\/wp\/v2\/tags?post=162784"}],"curies":[{"name":"wp","href":"https:\/\/api.w.org\/{rel}","templated":true}]}}