{"id":162276,"date":"2025-04-03T14:38:46","date_gmt":"2025-04-03T20:38:46","guid":{"rendered":"https:\/\/canal7slp.tv\/2025\/?p=162276"},"modified":"2025-04-03T14:38:46","modified_gmt":"2025-04-03T20:38:46","slug":"julio-cesar-chavez-presento-con-exito-su-conferencia-el-sueno-de-un-campeon","status":"publish","type":"post","link":"https:\/\/canal7slp.tv\/2025\/julio-cesar-chavez-presento-con-exito-su-conferencia-el-sueno-de-un-campeon\/","title":{"rendered":"Julio C\u00e9sar Ch\u00e1vez present\u00f3 con \u00e9xito su conferencia \u00abEl Sue\u00f1o de un Campe\u00f3n\u00bb"},"content":{"rendered":"<p style=\"text-align: justify;\">SLP.- La leyenda del boxeo mexicano Julio C\u00e9sar Ch\u00e1vez estuvo de visita en la capital potosina donde realiz\u00f3 varias actividades, entre ellas su conferencia \u00abEl Sue\u00f1o de un Campe\u00f3n\u00bb.<\/p>\n<p style=\"text-align: justify;\">Fue en el Teatro de la Ciudad del Parque Tangamanga, donde ante cientos de j\u00f3venes estudiantes la leyenda comparti\u00f3 sus experiencias de vida, en donde invit\u00f3 a los j\u00f3venes a luchar por sus sue\u00f1os<\/p>\n<p style=\"text-align: justify;\">La leyenda del boxeo mexicano cont\u00f3 la an\u00e9cdota de c\u00f3mo surgi\u00f3 el uso de su peculiar cinta roja que tanto lo distingui\u00f3 en sus combates<\/p>\n<p style=\"text-align: justify;\">Ch\u00e1vez comparti\u00f3 el momento donde el comenz\u00f3 con su adicci\u00f3n que lo llevo a tener derrotas y ca\u00eddas en su carrera<\/p>\n<p style=\"text-align: justify;\">Finalmente el la leyenda del boxeo anunci\u00f3 la instalaci\u00f3n de una cl\u00ednica contra las adicciones en la capital potosina, la cual buscar\u00e1 brindar atenci\u00f3n no solo a los potosinos, sino tambi\u00e9n a la poblaci\u00f3n de los nueve estados que colindan con San Luis Potos\u00ed.<\/p>\n","protected":false},"excerpt":{"rendered":"<p>SLP.- La leyenda del boxeo mexicano Julio C\u00e9sar Ch\u00e1vez estuvo de visita en la capital potosina donde realiz\u00f3 varias actividades, entre ellas su conferencia \u00abEl Sue\u00f1o de un Campe\u00f3n\u00bb. Fue en el Teatro de la Ciudad del Parque Tangamanga, donde ante cientos de j\u00f3venes estudiantes la leyenda comparti\u00f3 sus experiencias de vida, en donde invit\u00f3 a los j\u00f3venes a luchar por sus sue\u00f1os La leyenda del boxeo mexicano cont\u00f3 la an\u00e9cdota de c\u00f3mo surgi\u00f3 el uso de su peculiar cinta roja que tanto lo distingui\u00f3 en sus combates Ch\u00e1vez comparti\u00f3 el momento donde el comenz\u00f3 con su adicci\u00f3n que lo [&hellip;]<\/p>\n","protected":false},"author":2,"featured_media":162280,"comment_status":"closed","ping_status":"closed","sticky":false,"template":"","format":"video","meta":{"_monsterinsights_skip_tracking":false,"_monsterinsights_sitenote_active":false,"_monsterinsights_sitenote_note":"","_monsterinsights_sitenote_category":0,"footnotes":""},"categories":[7,5],"tags":[],"class_list":["post-162276","post","type-post","status-publish","format-video","has-post-thumbnail","hentry","category-deportes","category-destacadas","post_format-post-format-video","post--single"],"yoast_head":"<!-- This site is optimized with the Yoast SEO plugin v27.5 - https:\/\/yoast.com\/product\/yoast-seo-wordpress\/ -->\n<title>Julio C\u00e9sar Ch\u00e1vez present\u00f3 con \u00e9xito su conferencia &quot;El Sue\u00f1o de un Campe\u00f3n&quot; - Canal 7 SLP - 2025<\/title>\n<meta name=\"robots\" content=\"index, follow, max-snippet:-1, max-image-preview:large, max-video-preview:-1\" \/>\n<link rel=\"canonical\" href=\"https:\/\/canal7slp.tv\/2025\/julio-cesar-chavez-presento-con-exito-su-conferencia-el-sueno-de-un-campeon\/\" \/>\n<meta property=\"og:locale\" content=\"es_ES\" \/>\n<meta property=\"og:type\" content=\"article\" \/>\n<meta property=\"og:title\" content=\"Julio C\u00e9sar Ch\u00e1vez present\u00f3 con \u00e9xito su conferencia &quot;El Sue\u00f1o de un Campe\u00f3n&quot; - Canal 7 SLP - 2025\" \/>\n<meta property=\"og:description\" content=\"SLP.- La leyenda del boxeo mexicano Julio C\u00e9sar Ch\u00e1vez estuvo de visita en la capital potosina donde realiz\u00f3 varias actividades, entre ellas su conferencia \u00abEl Sue\u00f1o de un Campe\u00f3n\u00bb. Fue en el Teatro de la Ciudad del Parque Tangamanga, donde ante cientos de j\u00f3venes estudiantes la leyenda comparti\u00f3 sus experiencias de vida, en donde invit\u00f3 a los j\u00f3venes a luchar por sus sue\u00f1os La leyenda del boxeo mexicano cont\u00f3 la an\u00e9cdota de c\u00f3mo surgi\u00f3 el uso de su peculiar cinta roja que tanto lo distingui\u00f3 en sus combates Ch\u00e1vez comparti\u00f3 el momento donde el comenz\u00f3 con su adicci\u00f3n que lo [&hellip;]\" \/>\n<meta property=\"og:url\" content=\"https:\/\/canal7slp.tv\/2025\/julio-cesar-chavez-presento-con-exito-su-conferencia-el-sueno-de-un-campeon\/\" \/>\n<meta property=\"og:site_name\" content=\"Canal 7 SLP - 2025\" \/>\n<meta property=\"article:publisher\" content=\"https:\/\/www.facebook.com\/noticieroscanal7atencionciudadana\/\" \/>\n<meta property=\"article:published_time\" content=\"2025-04-03T20:38:46+00:00\" \/>\n<meta property=\"og:image\" content=\"https:\/\/canal7slp.tv\/2025\/wp-content\/uploads\/2025\/04\/Froi01Box-1.jpg\" \/>\n\t<meta property=\"og:image:width\" content=\"1280\" \/>\n\t<meta property=\"og:image:height\" content=\"720\" \/>\n\t<meta property=\"og:image:type\" content=\"image\/jpeg\" \/>\n<meta name=\"author\" content=\"Edici\u00f3n Web\" \/>\n<meta name=\"twitter:card\" content=\"summary_large_image\" \/>\n<meta name=\"twitter:creator\" content=\"@NOTICIEROS7\" \/>\n<meta name=\"twitter:site\" content=\"@NOTICIEROS7\" \/>\n<meta name=\"twitter:label1\" content=\"Escrito por\" \/>\n\t<meta name=\"twitter:data1\" content=\"Edici\u00f3n Web\" \/>\n\t<meta name=\"twitter:label2\" content=\"Tiempo de lectura\" \/>\n\t<meta name=\"twitter:data2\" content=\"1 minuto\" \/>\n<script type=\"application\/ld+json\" class=\"yoast-schema-graph\">{\"@context\":\"https:\\\/\\\/schema.org\",\"@graph\":[{\"@type\":\"Article\",\"@id\":\"https:\\\/\\\/canal7slp.tv\\\/2025\\\/julio-cesar-chavez-presento-con-exito-su-conferencia-el-sueno-de-un-campeon\\\/#article\",\"isPartOf\":{\"@id\":\"https:\\\/\\\/canal7slp.tv\\\/2025\\\/julio-cesar-chavez-presento-con-exito-su-conferencia-el-sueno-de-un-campeon\\\/\"},\"author\":{\"name\":\"Edici\u00f3n Web\",\"@id\":\"https:\\\/\\\/canal7slp.tv\\\/2025\\\/#\\\/schema\\\/person\\\/271e2b60a96e7cc9d9ac296f4d7e414b\"},\"headline\":\"Julio C\u00e9sar Ch\u00e1vez present\u00f3 con \u00e9xito su conferencia \u00abEl Sue\u00f1o de un Campe\u00f3n\u00bb\",\"datePublished\":\"2025-04-03T20:38:46+00:00\",\"mainEntityOfPage\":{\"@id\":\"https:\\\/\\\/canal7slp.tv\\\/2025\\\/julio-cesar-chavez-presento-con-exito-su-conferencia-el-sueno-de-un-campeon\\\/\"},\"wordCount\":188,\"publisher\":{\"@id\":\"https:\\\/\\\/canal7slp.tv\\\/2025\\\/#organization\"},\"image\":{\"@id\":\"https:\\\/\\\/canal7slp.tv\\\/2025\\\/julio-cesar-chavez-presento-con-exito-su-conferencia-el-sueno-de-un-campeon\\\/#primaryimage\"},\"thumbnailUrl\":\"https:\\\/\\\/canal7slp.tv\\\/2025\\\/wp-content\\\/uploads\\\/2025\\\/04\\\/Froi01Box-1.jpg\",\"articleSection\":[\"DEPORTES\",\"DESTACADAS\"],\"inLanguage\":\"es\"},{\"@type\":\"WebPage\",\"@id\":\"https:\\\/\\\/canal7slp.tv\\\/2025\\\/julio-cesar-chavez-presento-con-exito-su-conferencia-el-sueno-de-un-campeon\\\/\",\"url\":\"https:\\\/\\\/canal7slp.tv\\\/2025\\\/julio-cesar-chavez-presento-con-exito-su-conferencia-el-sueno-de-un-campeon\\\/\",\"name\":\"Julio C\u00e9sar Ch\u00e1vez present\u00f3 con \u00e9xito su conferencia \\\"El Sue\u00f1o de un Campe\u00f3n\\\" - Canal 7 SLP - 2025\",\"isPartOf\":{\"@id\":\"https:\\\/\\\/canal7slp.tv\\\/2025\\\/#website\"},\"primaryImageOfPage\":{\"@id\":\"https:\\\/\\\/canal7slp.tv\\\/2025\\\/julio-cesar-chavez-presento-con-exito-su-conferencia-el-sueno-de-un-campeon\\\/#primaryimage\"},\"image\":{\"@id\":\"https:\\\/\\\/canal7slp.tv\\\/2025\\\/julio-cesar-chavez-presento-con-exito-su-conferencia-el-sueno-de-un-campeon\\\/#primaryimage\"},\"thumbnailUrl\":\"https:\\\/\\\/canal7slp.tv\\\/2025\\\/wp-content\\\/uploads\\\/2025\\\/04\\\/Froi01Box-1.jpg\",\"datePublished\":\"2025-04-03T20:38:46+00:00\",\"breadcrumb\":{\"@id\":\"https:\\\/\\\/canal7slp.tv\\\/2025\\\/julio-cesar-chavez-presento-con-exito-su-conferencia-el-sueno-de-un-campeon\\\/#breadcrumb\"},\"inLanguage\":\"es\",\"potentialAction\":[{\"@type\":\"ReadAction\",\"target\":[\"https:\\\/\\\/canal7slp.tv\\\/2025\\\/julio-cesar-chavez-presento-con-exito-su-conferencia-el-sueno-de-un-campeon\\\/\"]}]},{\"@type\":\"ImageObject\",\"inLanguage\":\"es\",\"@id\":\"https:\\\/\\\/canal7slp.tv\\\/2025\\\/julio-cesar-chavez-presento-con-exito-su-conferencia-el-sueno-de-un-campeon\\\/#primaryimage\",\"url\":\"https:\\\/\\\/canal7slp.tv\\\/2025\\\/wp-content\\\/uploads\\\/2025\\\/04\\\/Froi01Box-1.jpg\",\"contentUrl\":\"https:\\\/\\\/canal7slp.tv\\\/2025\\\/wp-content\\\/uploads\\\/2025\\\/04\\\/Froi01Box-1.jpg\",\"width\":1280,\"height\":720},{\"@type\":\"BreadcrumbList\",\"@id\":\"https:\\\/\\\/canal7slp.tv\\\/2025\\\/julio-cesar-chavez-presento-con-exito-su-conferencia-el-sueno-de-un-campeon\\\/#breadcrumb\",\"itemListElement\":[{\"@type\":\"ListItem\",\"position\":1,\"name\":\"Portada\",\"item\":\"https:\\\/\\\/canal7slp.tv\\\/2025\\\/\"},{\"@type\":\"ListItem\",\"position\":2,\"name\":\"Julio C\u00e9sar Ch\u00e1vez present\u00f3 con \u00e9xito su conferencia \u00abEl Sue\u00f1o de un Campe\u00f3n\u00bb\"}]},{\"@type\":\"WebSite\",\"@id\":\"https:\\\/\\\/canal7slp.tv\\\/2025\\\/#website\",\"url\":\"https:\\\/\\\/canal7slp.tv\\\/2025\\\/\",\"name\":\"N7 - Noticieros Canal 7\",\"description\":\"Somos el Medio\",\"publisher\":{\"@id\":\"https:\\\/\\\/canal7slp.tv\\\/2025\\\/#organization\"},\"potentialAction\":[{\"@type\":\"SearchAction\",\"target\":{\"@type\":\"EntryPoint\",\"urlTemplate\":\"https:\\\/\\\/canal7slp.tv\\\/2025\\\/?s={search_term_string}\"},\"query-input\":{\"@type\":\"PropertyValueSpecification\",\"valueRequired\":true,\"valueName\":\"search_term_string\"}}],\"inLanguage\":\"es\"},{\"@type\":\"Organization\",\"@id\":\"https:\\\/\\\/canal7slp.tv\\\/2025\\\/#organization\",\"name\":\"Noticieros Canal 7\",\"url\":\"https:\\\/\\\/canal7slp.tv\\\/2025\\\/\",\"logo\":{\"@type\":\"ImageObject\",\"inLanguage\":\"es\",\"@id\":\"https:\\\/\\\/canal7slp.tv\\\/2025\\\/#\\\/schema\\\/logo\\\/image\\\/\",\"url\":\"https:\\\/\\\/canal7slp.tv\\\/2025\\\/wp-content\\\/uploads\\\/2021\\\/01\\\/logo-noticieros@2x.png\",\"contentUrl\":\"https:\\\/\\\/canal7slp.tv\\\/2025\\\/wp-content\\\/uploads\\\/2021\\\/01\\\/logo-noticieros@2x.png\",\"width\":1017,\"height\":268,\"caption\":\"Noticieros Canal 7\"},\"image\":{\"@id\":\"https:\\\/\\\/canal7slp.tv\\\/2025\\\/#\\\/schema\\\/logo\\\/image\\\/\"},\"sameAs\":[\"https:\\\/\\\/www.facebook.com\\\/noticieroscanal7atencionciudadana\\\/\",\"https:\\\/\\\/x.com\\\/NOTICIEROS7\",\"https:\\\/\\\/www.instagram.com\\\/canal7_slp\",\"https:\\\/\\\/www.youtube.com\\\/channel\\\/UCliiYs-gP3JfJeqdPrNdd5A\"]},{\"@type\":\"Person\",\"@id\":\"https:\\\/\\\/canal7slp.tv\\\/2025\\\/#\\\/schema\\\/person\\\/271e2b60a96e7cc9d9ac296f4d7e414b\",\"name\":\"Edici\u00f3n Web\",\"image\":{\"@type\":\"ImageObject\",\"inLanguage\":\"es\",\"@id\":\"https:\\\/\\\/secure.gravatar.com\\\/avatar\\\/eee448fc3f7164808013b816ba91ac7e43bbe82a70bebac296f8bc6f0addaa1a?s=96&d=mm&r=g\",\"url\":\"https:\\\/\\\/secure.gravatar.com\\\/avatar\\\/eee448fc3f7164808013b816ba91ac7e43bbe82a70bebac296f8bc6f0addaa1a?s=96&d=mm&r=g\",\"contentUrl\":\"https:\\\/\\\/secure.gravatar.com\\\/avatar\\\/eee448fc3f7164808013b816ba91ac7e43bbe82a70bebac296f8bc6f0addaa1a?s=96&d=mm&r=g\",\"caption\":\"Edici\u00f3n Web\"},\"url\":\"https:\\\/\\\/canal7slp.tv\\\/2025\\\/author\\\/edicionweb\\\/\"}]}<\/script>\n<!-- \/ Yoast SEO plugin. -->","yoast_head_json":{"title":"Julio C\u00e9sar Ch\u00e1vez present\u00f3 con \u00e9xito su conferencia \"El Sue\u00f1o de un Campe\u00f3n\" - Canal 7 SLP - 2025","robots":{"index":"index","follow":"follow","max-snippet":"max-snippet:-1","max-image-preview":"max-image-preview:large","max-video-preview":"max-video-preview:-1"},"canonical":"https:\/\/canal7slp.tv\/2025\/julio-cesar-chavez-presento-con-exito-su-conferencia-el-sueno-de-un-campeon\/","og_locale":"es_ES","og_type":"article","og_title":"Julio C\u00e9sar Ch\u00e1vez present\u00f3 con \u00e9xito su conferencia \"El Sue\u00f1o de un Campe\u00f3n\" - Canal 7 SLP - 2025","og_description":"SLP.- La leyenda del boxeo mexicano Julio C\u00e9sar Ch\u00e1vez estuvo de visita en la capital potosina donde realiz\u00f3 varias actividades, entre ellas su conferencia \u00abEl Sue\u00f1o de un Campe\u00f3n\u00bb. Fue en el Teatro de la Ciudad del Parque Tangamanga, donde ante cientos de j\u00f3venes estudiantes la leyenda comparti\u00f3 sus experiencias de vida, en donde invit\u00f3 a los j\u00f3venes a luchar por sus sue\u00f1os La leyenda del boxeo mexicano cont\u00f3 la an\u00e9cdota de c\u00f3mo surgi\u00f3 el uso de su peculiar cinta roja que tanto lo distingui\u00f3 en sus combates Ch\u00e1vez comparti\u00f3 el momento donde el comenz\u00f3 con su adicci\u00f3n que lo [&hellip;]","og_url":"https:\/\/canal7slp.tv\/2025\/julio-cesar-chavez-presento-con-exito-su-conferencia-el-sueno-de-un-campeon\/","og_site_name":"Canal 7 SLP - 2025","article_publisher":"https:\/\/www.facebook.com\/noticieroscanal7atencionciudadana\/","article_published_time":"2025-04-03T20:38:46+00:00","og_image":[{"width":1280,"height":720,"url":"https:\/\/canal7slp.tv\/2025\/wp-content\/uploads\/2025\/04\/Froi01Box-1.jpg","type":"image\/jpeg"}],"author":"Edici\u00f3n Web","twitter_card":"summary_large_image","twitter_creator":"@NOTICIEROS7","twitter_site":"@NOTICIEROS7","twitter_misc":{"Escrito por":"Edici\u00f3n Web","Tiempo de lectura":"1 minuto"},"schema":{"@context":"https:\/\/schema.org","@graph":[{"@type":"Article","@id":"https:\/\/canal7slp.tv\/2025\/julio-cesar-chavez-presento-con-exito-su-conferencia-el-sueno-de-un-campeon\/#article","isPartOf":{"@id":"https:\/\/canal7slp.tv\/2025\/julio-cesar-chavez-presento-con-exito-su-conferencia-el-sueno-de-un-campeon\/"},"author":{"name":"Edici\u00f3n Web","@id":"https:\/\/canal7slp.tv\/2025\/#\/schema\/person\/271e2b60a96e7cc9d9ac296f4d7e414b"},"headline":"Julio C\u00e9sar Ch\u00e1vez present\u00f3 con \u00e9xito su conferencia \u00abEl Sue\u00f1o de un Campe\u00f3n\u00bb","datePublished":"2025-04-03T20:38:46+00:00","mainEntityOfPage":{"@id":"https:\/\/canal7slp.tv\/2025\/julio-cesar-chavez-presento-con-exito-su-conferencia-el-sueno-de-un-campeon\/"},"wordCount":188,"publisher":{"@id":"https:\/\/canal7slp.tv\/2025\/#organization"},"image":{"@id":"https:\/\/canal7slp.tv\/2025\/julio-cesar-chavez-presento-con-exito-su-conferencia-el-sueno-de-un-campeon\/#primaryimage"},"thumbnailUrl":"https:\/\/canal7slp.tv\/2025\/wp-content\/uploads\/2025\/04\/Froi01Box-1.jpg","articleSection":["DEPORTES","DESTACADAS"],"inLanguage":"es"},{"@type":"WebPage","@id":"https:\/\/canal7slp.tv\/2025\/julio-cesar-chavez-presento-con-exito-su-conferencia-el-sueno-de-un-campeon\/","url":"https:\/\/canal7slp.tv\/2025\/julio-cesar-chavez-presento-con-exito-su-conferencia-el-sueno-de-un-campeon\/","name":"Julio C\u00e9sar Ch\u00e1vez present\u00f3 con \u00e9xito su conferencia \"El Sue\u00f1o de un Campe\u00f3n\" - Canal 7 SLP - 2025","isPartOf":{"@id":"https:\/\/canal7slp.tv\/2025\/#website"},"primaryImageOfPage":{"@id":"https:\/\/canal7slp.tv\/2025\/julio-cesar-chavez-presento-con-exito-su-conferencia-el-sueno-de-un-campeon\/#primaryimage"},"image":{"@id":"https:\/\/canal7slp.tv\/2025\/julio-cesar-chavez-presento-con-exito-su-conferencia-el-sueno-de-un-campeon\/#primaryimage"},"thumbnailUrl":"https:\/\/canal7slp.tv\/2025\/wp-content\/uploads\/2025\/04\/Froi01Box-1.jpg","datePublished":"2025-04-03T20:38:46+00:00","breadcrumb":{"@id":"https:\/\/canal7slp.tv\/2025\/julio-cesar-chavez-presento-con-exito-su-conferencia-el-sueno-de-un-campeon\/#breadcrumb"},"inLanguage":"es","potentialAction":[{"@type":"ReadAction","target":["https:\/\/canal7slp.tv\/2025\/julio-cesar-chavez-presento-con-exito-su-conferencia-el-sueno-de-un-campeon\/"]}]},{"@type":"ImageObject","inLanguage":"es","@id":"https:\/\/canal7slp.tv\/2025\/julio-cesar-chavez-presento-con-exito-su-conferencia-el-sueno-de-un-campeon\/#primaryimage","url":"https:\/\/canal7slp.tv\/2025\/wp-content\/uploads\/2025\/04\/Froi01Box-1.jpg","contentUrl":"https:\/\/canal7slp.tv\/2025\/wp-content\/uploads\/2025\/04\/Froi01Box-1.jpg","width":1280,"height":720},{"@type":"BreadcrumbList","@id":"https:\/\/canal7slp.tv\/2025\/julio-cesar-chavez-presento-con-exito-su-conferencia-el-sueno-de-un-campeon\/#breadcrumb","itemListElement":[{"@type":"ListItem","position":1,"name":"Portada","item":"https:\/\/canal7slp.tv\/2025\/"},{"@type":"ListItem","position":2,"name":"Julio C\u00e9sar Ch\u00e1vez present\u00f3 con \u00e9xito su conferencia \u00abEl Sue\u00f1o de un Campe\u00f3n\u00bb"}]},{"@type":"WebSite","@id":"https:\/\/canal7slp.tv\/2025\/#website","url":"https:\/\/canal7slp.tv\/2025\/","name":"N7 - Noticieros Canal 7","description":"Somos el Medio","publisher":{"@id":"https:\/\/canal7slp.tv\/2025\/#organization"},"potentialAction":[{"@type":"SearchAction","target":{"@type":"EntryPoint","urlTemplate":"https:\/\/canal7slp.tv\/2025\/?s={search_term_string}"},"query-input":{"@type":"PropertyValueSpecification","valueRequired":true,"valueName":"search_term_string"}}],"inLanguage":"es"},{"@type":"Organization","@id":"https:\/\/canal7slp.tv\/2025\/#organization","name":"Noticieros Canal 7","url":"https:\/\/canal7slp.tv\/2025\/","logo":{"@type":"ImageObject","inLanguage":"es","@id":"https:\/\/canal7slp.tv\/2025\/#\/schema\/logo\/image\/","url":"https:\/\/canal7slp.tv\/2025\/wp-content\/uploads\/2021\/01\/logo-noticieros@2x.png","contentUrl":"https:\/\/canal7slp.tv\/2025\/wp-content\/uploads\/2021\/01\/logo-noticieros@2x.png","width":1017,"height":268,"caption":"Noticieros Canal 7"},"image":{"@id":"https:\/\/canal7slp.tv\/2025\/#\/schema\/logo\/image\/"},"sameAs":["https:\/\/www.facebook.com\/noticieroscanal7atencionciudadana\/","https:\/\/x.com\/NOTICIEROS7","https:\/\/www.instagram.com\/canal7_slp","https:\/\/www.youtube.com\/channel\/UCliiYs-gP3JfJeqdPrNdd5A"]},{"@type":"Person","@id":"https:\/\/canal7slp.tv\/2025\/#\/schema\/person\/271e2b60a96e7cc9d9ac296f4d7e414b","name":"Edici\u00f3n Web","image":{"@type":"ImageObject","inLanguage":"es","@id":"https:\/\/secure.gravatar.com\/avatar\/eee448fc3f7164808013b816ba91ac7e43bbe82a70bebac296f8bc6f0addaa1a?s=96&d=mm&r=g","url":"https:\/\/secure.gravatar.com\/avatar\/eee448fc3f7164808013b816ba91ac7e43bbe82a70bebac296f8bc6f0addaa1a?s=96&d=mm&r=g","contentUrl":"https:\/\/secure.gravatar.com\/avatar\/eee448fc3f7164808013b816ba91ac7e43bbe82a70bebac296f8bc6f0addaa1a?s=96&d=mm&r=g","caption":"Edici\u00f3n Web"},"url":"https:\/\/canal7slp.tv\/2025\/author\/edicionweb\/"}]}},"_links":{"self":[{"href":"https:\/\/canal7slp.tv\/2025\/wp-json\/wp\/v2\/posts\/162276","targetHints":{"allow":["GET"]}}],"collection":[{"href":"https:\/\/canal7slp.tv\/2025\/wp-json\/wp\/v2\/posts"}],"about":[{"href":"https:\/\/canal7slp.tv\/2025\/wp-json\/wp\/v2\/types\/post"}],"author":[{"embeddable":true,"href":"https:\/\/canal7slp.tv\/2025\/wp-json\/wp\/v2\/users\/2"}],"replies":[{"embeddable":true,"href":"https:\/\/canal7slp.tv\/2025\/wp-json\/wp\/v2\/comments?post=162276"}],"version-history":[{"count":1,"href":"https:\/\/canal7slp.tv\/2025\/wp-json\/wp\/v2\/posts\/162276\/revisions"}],"predecessor-version":[{"id":162281,"href":"https:\/\/canal7slp.tv\/2025\/wp-json\/wp\/v2\/posts\/162276\/revisions\/162281"}],"wp:featuredmedia":[{"embeddable":true,"href":"https:\/\/canal7slp.tv\/2025\/wp-json\/wp\/v2\/media\/162280"}],"wp:attachment":[{"href":"https:\/\/canal7slp.tv\/2025\/wp-json\/wp\/v2\/media?parent=162276"}],"wp:term":[{"taxonomy":"category","embeddable":true,"href":"https:\/\/canal7slp.tv\/2025\/wp-json\/wp\/v2\/categories?post=162276"},{"taxonomy":"post_tag","embeddable":true,"href":"https:\/\/canal7slp.tv\/2025\/wp-json\/wp\/v2\/tags?post=162276"}],"curies":[{"name":"wp","href":"https:\/\/api.w.org\/{rel}","templated":true}]}}