{"id":162273,"date":"2025-04-03T14:35:26","date_gmt":"2025-04-03T20:35:26","guid":{"rendered":"https:\/\/canal7slp.tv\/2025\/?p=162273"},"modified":"2025-04-03T14:35:26","modified_gmt":"2025-04-03T20:35:26","slug":"temporada-de-huracanes-2025-especialistas-advierte-sobre-un-aumento-de-actividad-en-el-atlantico","status":"publish","type":"post","link":"https:\/\/canal7slp.tv\/2025\/temporada-de-huracanes-2025-especialistas-advierte-sobre-un-aumento-de-actividad-en-el-atlantico\/","title":{"rendered":"Temporada de Huracanes 2025: especialistas advierte sobre un aumento de actividad en el Atl\u00e1ntico"},"content":{"rendered":"<p style=\"text-align: justify;\">EUA.- La temporada de huracanes en el Atl\u00e1ntico para 2025 se perfila como m\u00e1s activa de lo habitual, con la formaci\u00f3n de 17 tormentas con nombre, de las cuales 9 podr\u00edan evolucionar a huracanes y 4 alcanzar\u00edan categor\u00eda 3 o superior, seg\u00fan un informe publicado el 3 de abril por la Universidad Estatal de Colorado (CSU).<\/p>\n<p style=\"text-align: justify;\">El Departamento de Ciencias Atmosf\u00e9ricas de CSU se\u00f1ala que, con base en los datos hasta marzo, la actividad cicl\u00f3nica de este a\u00f1o superar\u00e1 el promedio de 14.4 tormentas registrado en las \u00faltimas tres d\u00e9cadas (1991-2020). Adem\u00e1s, advierte una mayor probabilidad de impactos de huracanes significativos en EUA y el Caribe.<\/p>\n<p style=\"text-align: justify;\">Sin embargo, el informe aclara que la temporada no ser\u00e1 tan extrema como la de 2024. Aunque las temperaturas en el Atl\u00e1ntico oriental y central son m\u00e1s c\u00e1lidas de lo normal, no alcanzan los niveles del a\u00f1o pasado.<\/p>\n<p style=\"text-align: justify;\">El meteor\u00f3logo Phil Klotzbach, investigador principal del estudio, enfatiz\u00f3 la necesidad de esperar datos adicionales en abril y advirti\u00f3 sobre la incertidumbre en las predicciones. Record\u00f3 que \u00abbasta con que una tormenta impacte su zona para que la temporada sea activa\u00bb, instando a los residentes de \u00e1reas costeras a tomar precauciones.<\/p>\n<p style=\"text-align: justify;\">En 2024, la temporada cerr\u00f3 con 18 tormentas nombradas, de las cuales 11 se convirtieron en huracanes y 5 alcanzaron categor\u00edas mayores. Entre ellos, \u00abMilton\u00bb y \u00abHelene\u00bb fueron particularmente destructivos, dejando m\u00e1s de 150 muertos y p\u00e9rdidas multimillonarias en seis estados del sureste de EUA.<\/p>\n<p style=\"text-align: justify;\">\n","protected":false},"excerpt":{"rendered":"<p>EUA.- La temporada de huracanes en el Atl\u00e1ntico para 2025 se perfila como m\u00e1s activa de lo habitual, con la formaci\u00f3n de 17 tormentas con nombre, de las cuales 9 podr\u00edan evolucionar a huracanes y 4 alcanzar\u00edan categor\u00eda 3 o superior, seg\u00fan un informe publicado el 3 de abril por la Universidad Estatal de Colorado (CSU). El Departamento de Ciencias Atmosf\u00e9ricas de CSU se\u00f1ala que, con base en los datos hasta marzo, la actividad cicl\u00f3nica de este a\u00f1o superar\u00e1 el promedio de 14.4 tormentas registrado en las \u00faltimas tres d\u00e9cadas (1991-2020). Adem\u00e1s, advierte una mayor probabilidad de impactos de huracanes [&hellip;]<\/p>\n","protected":false},"author":2,"featured_media":162275,"comment_status":"closed","ping_status":"closed","sticky":false,"template":"","format":"standard","meta":{"_monsterinsights_skip_tracking":false,"_monsterinsights_sitenote_active":false,"_monsterinsights_sitenote_note":"","_monsterinsights_sitenote_category":0,"footnotes":""},"categories":[44],"tags":[],"class_list":["post-162273","post","type-post","status-publish","format-standard","has-post-thumbnail","hentry","category-internacional","post--single"],"yoast_head":"<!-- This site is optimized with the Yoast SEO plugin v27.5 - https:\/\/yoast.com\/product\/yoast-seo-wordpress\/ -->\n<title>Temporada de Huracanes 2025: especialistas advierte sobre un aumento de actividad en el Atl\u00e1ntico - Canal 7 SLP - 2025<\/title>\n<meta name=\"robots\" content=\"index, follow, max-snippet:-1, max-image-preview:large, max-video-preview:-1\" \/>\n<link rel=\"canonical\" href=\"https:\/\/canal7slp.tv\/2025\/temporada-de-huracanes-2025-especialistas-advierte-sobre-un-aumento-de-actividad-en-el-atlantico\/\" \/>\n<meta property=\"og:locale\" content=\"es_ES\" \/>\n<meta property=\"og:type\" content=\"article\" \/>\n<meta property=\"og:title\" content=\"Temporada de Huracanes 2025: especialistas advierte sobre un aumento de actividad en el Atl\u00e1ntico - Canal 7 SLP - 2025\" \/>\n<meta property=\"og:description\" content=\"EUA.- La temporada de huracanes en el Atl\u00e1ntico para 2025 se perfila como m\u00e1s activa de lo habitual, con la formaci\u00f3n de 17 tormentas con nombre, de las cuales 9 podr\u00edan evolucionar a huracanes y 4 alcanzar\u00edan categor\u00eda 3 o superior, seg\u00fan un informe publicado el 3 de abril por la Universidad Estatal de Colorado (CSU). El Departamento de Ciencias Atmosf\u00e9ricas de CSU se\u00f1ala que, con base en los datos hasta marzo, la actividad cicl\u00f3nica de este a\u00f1o superar\u00e1 el promedio de 14.4 tormentas registrado en las \u00faltimas tres d\u00e9cadas (1991-2020). Adem\u00e1s, advierte una mayor probabilidad de impactos de huracanes [&hellip;]\" \/>\n<meta property=\"og:url\" content=\"https:\/\/canal7slp.tv\/2025\/temporada-de-huracanes-2025-especialistas-advierte-sobre-un-aumento-de-actividad-en-el-atlantico\/\" \/>\n<meta property=\"og:site_name\" content=\"Canal 7 SLP - 2025\" \/>\n<meta property=\"article:publisher\" content=\"https:\/\/www.facebook.com\/noticieroscanal7atencionciudadana\/\" \/>\n<meta property=\"article:published_time\" content=\"2025-04-03T20:35:26+00:00\" \/>\n<meta property=\"og:image\" content=\"https:\/\/canal7slp.tv\/2025\/wp-content\/uploads\/2025\/04\/05-2.jpg\" \/>\n\t<meta property=\"og:image:width\" content=\"888\" \/>\n\t<meta property=\"og:image:height\" content=\"500\" \/>\n\t<meta property=\"og:image:type\" content=\"image\/jpeg\" \/>\n<meta name=\"author\" content=\"Edici\u00f3n Web\" \/>\n<meta name=\"twitter:card\" content=\"summary_large_image\" \/>\n<meta name=\"twitter:creator\" content=\"@NOTICIEROS7\" \/>\n<meta name=\"twitter:site\" content=\"@NOTICIEROS7\" \/>\n<meta name=\"twitter:label1\" content=\"Escrito por\" \/>\n\t<meta name=\"twitter:data1\" content=\"Edici\u00f3n Web\" \/>\n\t<meta name=\"twitter:label2\" content=\"Tiempo de lectura\" \/>\n\t<meta name=\"twitter:data2\" content=\"2 minutos\" \/>\n<script type=\"application\/ld+json\" class=\"yoast-schema-graph\">{\"@context\":\"https:\\\/\\\/schema.org\",\"@graph\":[{\"@type\":\"Article\",\"@id\":\"https:\\\/\\\/canal7slp.tv\\\/2025\\\/temporada-de-huracanes-2025-especialistas-advierte-sobre-un-aumento-de-actividad-en-el-atlantico\\\/#article\",\"isPartOf\":{\"@id\":\"https:\\\/\\\/canal7slp.tv\\\/2025\\\/temporada-de-huracanes-2025-especialistas-advierte-sobre-un-aumento-de-actividad-en-el-atlantico\\\/\"},\"author\":{\"name\":\"Edici\u00f3n Web\",\"@id\":\"https:\\\/\\\/canal7slp.tv\\\/2025\\\/#\\\/schema\\\/person\\\/271e2b60a96e7cc9d9ac296f4d7e414b\"},\"headline\":\"Temporada de Huracanes 2025: especialistas advierte sobre un aumento de actividad en el Atl\u00e1ntico\",\"datePublished\":\"2025-04-03T20:35:26+00:00\",\"mainEntityOfPage\":{\"@id\":\"https:\\\/\\\/canal7slp.tv\\\/2025\\\/temporada-de-huracanes-2025-especialistas-advierte-sobre-un-aumento-de-actividad-en-el-atlantico\\\/\"},\"wordCount\":263,\"publisher\":{\"@id\":\"https:\\\/\\\/canal7slp.tv\\\/2025\\\/#organization\"},\"image\":{\"@id\":\"https:\\\/\\\/canal7slp.tv\\\/2025\\\/temporada-de-huracanes-2025-especialistas-advierte-sobre-un-aumento-de-actividad-en-el-atlantico\\\/#primaryimage\"},\"thumbnailUrl\":\"https:\\\/\\\/canal7slp.tv\\\/2025\\\/wp-content\\\/uploads\\\/2025\\\/04\\\/05-2.jpg\",\"articleSection\":[\"INTERNACIONALES\"],\"inLanguage\":\"es\"},{\"@type\":\"WebPage\",\"@id\":\"https:\\\/\\\/canal7slp.tv\\\/2025\\\/temporada-de-huracanes-2025-especialistas-advierte-sobre-un-aumento-de-actividad-en-el-atlantico\\\/\",\"url\":\"https:\\\/\\\/canal7slp.tv\\\/2025\\\/temporada-de-huracanes-2025-especialistas-advierte-sobre-un-aumento-de-actividad-en-el-atlantico\\\/\",\"name\":\"Temporada de Huracanes 2025: especialistas advierte sobre un aumento de actividad en el Atl\u00e1ntico - Canal 7 SLP - 2025\",\"isPartOf\":{\"@id\":\"https:\\\/\\\/canal7slp.tv\\\/2025\\\/#website\"},\"primaryImageOfPage\":{\"@id\":\"https:\\\/\\\/canal7slp.tv\\\/2025\\\/temporada-de-huracanes-2025-especialistas-advierte-sobre-un-aumento-de-actividad-en-el-atlantico\\\/#primaryimage\"},\"image\":{\"@id\":\"https:\\\/\\\/canal7slp.tv\\\/2025\\\/temporada-de-huracanes-2025-especialistas-advierte-sobre-un-aumento-de-actividad-en-el-atlantico\\\/#primaryimage\"},\"thumbnailUrl\":\"https:\\\/\\\/canal7slp.tv\\\/2025\\\/wp-content\\\/uploads\\\/2025\\\/04\\\/05-2.jpg\",\"datePublished\":\"2025-04-03T20:35:26+00:00\",\"breadcrumb\":{\"@id\":\"https:\\\/\\\/canal7slp.tv\\\/2025\\\/temporada-de-huracanes-2025-especialistas-advierte-sobre-un-aumento-de-actividad-en-el-atlantico\\\/#breadcrumb\"},\"inLanguage\":\"es\",\"potentialAction\":[{\"@type\":\"ReadAction\",\"target\":[\"https:\\\/\\\/canal7slp.tv\\\/2025\\\/temporada-de-huracanes-2025-especialistas-advierte-sobre-un-aumento-de-actividad-en-el-atlantico\\\/\"]}]},{\"@type\":\"ImageObject\",\"inLanguage\":\"es\",\"@id\":\"https:\\\/\\\/canal7slp.tv\\\/2025\\\/temporada-de-huracanes-2025-especialistas-advierte-sobre-un-aumento-de-actividad-en-el-atlantico\\\/#primaryimage\",\"url\":\"https:\\\/\\\/canal7slp.tv\\\/2025\\\/wp-content\\\/uploads\\\/2025\\\/04\\\/05-2.jpg\",\"contentUrl\":\"https:\\\/\\\/canal7slp.tv\\\/2025\\\/wp-content\\\/uploads\\\/2025\\\/04\\\/05-2.jpg\",\"width\":888,\"height\":500},{\"@type\":\"BreadcrumbList\",\"@id\":\"https:\\\/\\\/canal7slp.tv\\\/2025\\\/temporada-de-huracanes-2025-especialistas-advierte-sobre-un-aumento-de-actividad-en-el-atlantico\\\/#breadcrumb\",\"itemListElement\":[{\"@type\":\"ListItem\",\"position\":1,\"name\":\"Portada\",\"item\":\"https:\\\/\\\/canal7slp.tv\\\/2025\\\/\"},{\"@type\":\"ListItem\",\"position\":2,\"name\":\"Temporada de Huracanes 2025: especialistas advierte sobre un aumento de actividad en el Atl\u00e1ntico\"}]},{\"@type\":\"WebSite\",\"@id\":\"https:\\\/\\\/canal7slp.tv\\\/2025\\\/#website\",\"url\":\"https:\\\/\\\/canal7slp.tv\\\/2025\\\/\",\"name\":\"N7 - Noticieros Canal 7\",\"description\":\"Somos el Medio\",\"publisher\":{\"@id\":\"https:\\\/\\\/canal7slp.tv\\\/2025\\\/#organization\"},\"potentialAction\":[{\"@type\":\"SearchAction\",\"target\":{\"@type\":\"EntryPoint\",\"urlTemplate\":\"https:\\\/\\\/canal7slp.tv\\\/2025\\\/?s={search_term_string}\"},\"query-input\":{\"@type\":\"PropertyValueSpecification\",\"valueRequired\":true,\"valueName\":\"search_term_string\"}}],\"inLanguage\":\"es\"},{\"@type\":\"Organization\",\"@id\":\"https:\\\/\\\/canal7slp.tv\\\/2025\\\/#organization\",\"name\":\"Noticieros Canal 7\",\"url\":\"https:\\\/\\\/canal7slp.tv\\\/2025\\\/\",\"logo\":{\"@type\":\"ImageObject\",\"inLanguage\":\"es\",\"@id\":\"https:\\\/\\\/canal7slp.tv\\\/2025\\\/#\\\/schema\\\/logo\\\/image\\\/\",\"url\":\"https:\\\/\\\/canal7slp.tv\\\/2025\\\/wp-content\\\/uploads\\\/2021\\\/01\\\/logo-noticieros@2x.png\",\"contentUrl\":\"https:\\\/\\\/canal7slp.tv\\\/2025\\\/wp-content\\\/uploads\\\/2021\\\/01\\\/logo-noticieros@2x.png\",\"width\":1017,\"height\":268,\"caption\":\"Noticieros Canal 7\"},\"image\":{\"@id\":\"https:\\\/\\\/canal7slp.tv\\\/2025\\\/#\\\/schema\\\/logo\\\/image\\\/\"},\"sameAs\":[\"https:\\\/\\\/www.facebook.com\\\/noticieroscanal7atencionciudadana\\\/\",\"https:\\\/\\\/x.com\\\/NOTICIEROS7\",\"https:\\\/\\\/www.instagram.com\\\/canal7_slp\",\"https:\\\/\\\/www.youtube.com\\\/channel\\\/UCliiYs-gP3JfJeqdPrNdd5A\"]},{\"@type\":\"Person\",\"@id\":\"https:\\\/\\\/canal7slp.tv\\\/2025\\\/#\\\/schema\\\/person\\\/271e2b60a96e7cc9d9ac296f4d7e414b\",\"name\":\"Edici\u00f3n Web\",\"image\":{\"@type\":\"ImageObject\",\"inLanguage\":\"es\",\"@id\":\"https:\\\/\\\/secure.gravatar.com\\\/avatar\\\/eee448fc3f7164808013b816ba91ac7e43bbe82a70bebac296f8bc6f0addaa1a?s=96&d=mm&r=g\",\"url\":\"https:\\\/\\\/secure.gravatar.com\\\/avatar\\\/eee448fc3f7164808013b816ba91ac7e43bbe82a70bebac296f8bc6f0addaa1a?s=96&d=mm&r=g\",\"contentUrl\":\"https:\\\/\\\/secure.gravatar.com\\\/avatar\\\/eee448fc3f7164808013b816ba91ac7e43bbe82a70bebac296f8bc6f0addaa1a?s=96&d=mm&r=g\",\"caption\":\"Edici\u00f3n Web\"},\"url\":\"https:\\\/\\\/canal7slp.tv\\\/2025\\\/author\\\/edicionweb\\\/\"}]}<\/script>\n<!-- \/ Yoast SEO plugin. -->","yoast_head_json":{"title":"Temporada de Huracanes 2025: especialistas advierte sobre un aumento de actividad en el Atl\u00e1ntico - Canal 7 SLP - 2025","robots":{"index":"index","follow":"follow","max-snippet":"max-snippet:-1","max-image-preview":"max-image-preview:large","max-video-preview":"max-video-preview:-1"},"canonical":"https:\/\/canal7slp.tv\/2025\/temporada-de-huracanes-2025-especialistas-advierte-sobre-un-aumento-de-actividad-en-el-atlantico\/","og_locale":"es_ES","og_type":"article","og_title":"Temporada de Huracanes 2025: especialistas advierte sobre un aumento de actividad en el Atl\u00e1ntico - Canal 7 SLP - 2025","og_description":"EUA.- La temporada de huracanes en el Atl\u00e1ntico para 2025 se perfila como m\u00e1s activa de lo habitual, con la formaci\u00f3n de 17 tormentas con nombre, de las cuales 9 podr\u00edan evolucionar a huracanes y 4 alcanzar\u00edan categor\u00eda 3 o superior, seg\u00fan un informe publicado el 3 de abril por la Universidad Estatal de Colorado (CSU). El Departamento de Ciencias Atmosf\u00e9ricas de CSU se\u00f1ala que, con base en los datos hasta marzo, la actividad cicl\u00f3nica de este a\u00f1o superar\u00e1 el promedio de 14.4 tormentas registrado en las \u00faltimas tres d\u00e9cadas (1991-2020). Adem\u00e1s, advierte una mayor probabilidad de impactos de huracanes [&hellip;]","og_url":"https:\/\/canal7slp.tv\/2025\/temporada-de-huracanes-2025-especialistas-advierte-sobre-un-aumento-de-actividad-en-el-atlantico\/","og_site_name":"Canal 7 SLP - 2025","article_publisher":"https:\/\/www.facebook.com\/noticieroscanal7atencionciudadana\/","article_published_time":"2025-04-03T20:35:26+00:00","og_image":[{"width":888,"height":500,"url":"https:\/\/canal7slp.tv\/2025\/wp-content\/uploads\/2025\/04\/05-2.jpg","type":"image\/jpeg"}],"author":"Edici\u00f3n Web","twitter_card":"summary_large_image","twitter_creator":"@NOTICIEROS7","twitter_site":"@NOTICIEROS7","twitter_misc":{"Escrito por":"Edici\u00f3n Web","Tiempo de lectura":"2 minutos"},"schema":{"@context":"https:\/\/schema.org","@graph":[{"@type":"Article","@id":"https:\/\/canal7slp.tv\/2025\/temporada-de-huracanes-2025-especialistas-advierte-sobre-un-aumento-de-actividad-en-el-atlantico\/#article","isPartOf":{"@id":"https:\/\/canal7slp.tv\/2025\/temporada-de-huracanes-2025-especialistas-advierte-sobre-un-aumento-de-actividad-en-el-atlantico\/"},"author":{"name":"Edici\u00f3n Web","@id":"https:\/\/canal7slp.tv\/2025\/#\/schema\/person\/271e2b60a96e7cc9d9ac296f4d7e414b"},"headline":"Temporada de Huracanes 2025: especialistas advierte sobre un aumento de actividad en el Atl\u00e1ntico","datePublished":"2025-04-03T20:35:26+00:00","mainEntityOfPage":{"@id":"https:\/\/canal7slp.tv\/2025\/temporada-de-huracanes-2025-especialistas-advierte-sobre-un-aumento-de-actividad-en-el-atlantico\/"},"wordCount":263,"publisher":{"@id":"https:\/\/canal7slp.tv\/2025\/#organization"},"image":{"@id":"https:\/\/canal7slp.tv\/2025\/temporada-de-huracanes-2025-especialistas-advierte-sobre-un-aumento-de-actividad-en-el-atlantico\/#primaryimage"},"thumbnailUrl":"https:\/\/canal7slp.tv\/2025\/wp-content\/uploads\/2025\/04\/05-2.jpg","articleSection":["INTERNACIONALES"],"inLanguage":"es"},{"@type":"WebPage","@id":"https:\/\/canal7slp.tv\/2025\/temporada-de-huracanes-2025-especialistas-advierte-sobre-un-aumento-de-actividad-en-el-atlantico\/","url":"https:\/\/canal7slp.tv\/2025\/temporada-de-huracanes-2025-especialistas-advierte-sobre-un-aumento-de-actividad-en-el-atlantico\/","name":"Temporada de Huracanes 2025: especialistas advierte sobre un aumento de actividad en el Atl\u00e1ntico - Canal 7 SLP - 2025","isPartOf":{"@id":"https:\/\/canal7slp.tv\/2025\/#website"},"primaryImageOfPage":{"@id":"https:\/\/canal7slp.tv\/2025\/temporada-de-huracanes-2025-especialistas-advierte-sobre-un-aumento-de-actividad-en-el-atlantico\/#primaryimage"},"image":{"@id":"https:\/\/canal7slp.tv\/2025\/temporada-de-huracanes-2025-especialistas-advierte-sobre-un-aumento-de-actividad-en-el-atlantico\/#primaryimage"},"thumbnailUrl":"https:\/\/canal7slp.tv\/2025\/wp-content\/uploads\/2025\/04\/05-2.jpg","datePublished":"2025-04-03T20:35:26+00:00","breadcrumb":{"@id":"https:\/\/canal7slp.tv\/2025\/temporada-de-huracanes-2025-especialistas-advierte-sobre-un-aumento-de-actividad-en-el-atlantico\/#breadcrumb"},"inLanguage":"es","potentialAction":[{"@type":"ReadAction","target":["https:\/\/canal7slp.tv\/2025\/temporada-de-huracanes-2025-especialistas-advierte-sobre-un-aumento-de-actividad-en-el-atlantico\/"]}]},{"@type":"ImageObject","inLanguage":"es","@id":"https:\/\/canal7slp.tv\/2025\/temporada-de-huracanes-2025-especialistas-advierte-sobre-un-aumento-de-actividad-en-el-atlantico\/#primaryimage","url":"https:\/\/canal7slp.tv\/2025\/wp-content\/uploads\/2025\/04\/05-2.jpg","contentUrl":"https:\/\/canal7slp.tv\/2025\/wp-content\/uploads\/2025\/04\/05-2.jpg","width":888,"height":500},{"@type":"BreadcrumbList","@id":"https:\/\/canal7slp.tv\/2025\/temporada-de-huracanes-2025-especialistas-advierte-sobre-un-aumento-de-actividad-en-el-atlantico\/#breadcrumb","itemListElement":[{"@type":"ListItem","position":1,"name":"Portada","item":"https:\/\/canal7slp.tv\/2025\/"},{"@type":"ListItem","position":2,"name":"Temporada de Huracanes 2025: especialistas advierte sobre un aumento de actividad en el Atl\u00e1ntico"}]},{"@type":"WebSite","@id":"https:\/\/canal7slp.tv\/2025\/#website","url":"https:\/\/canal7slp.tv\/2025\/","name":"N7 - Noticieros Canal 7","description":"Somos el Medio","publisher":{"@id":"https:\/\/canal7slp.tv\/2025\/#organization"},"potentialAction":[{"@type":"SearchAction","target":{"@type":"EntryPoint","urlTemplate":"https:\/\/canal7slp.tv\/2025\/?s={search_term_string}"},"query-input":{"@type":"PropertyValueSpecification","valueRequired":true,"valueName":"search_term_string"}}],"inLanguage":"es"},{"@type":"Organization","@id":"https:\/\/canal7slp.tv\/2025\/#organization","name":"Noticieros Canal 7","url":"https:\/\/canal7slp.tv\/2025\/","logo":{"@type":"ImageObject","inLanguage":"es","@id":"https:\/\/canal7slp.tv\/2025\/#\/schema\/logo\/image\/","url":"https:\/\/canal7slp.tv\/2025\/wp-content\/uploads\/2021\/01\/logo-noticieros@2x.png","contentUrl":"https:\/\/canal7slp.tv\/2025\/wp-content\/uploads\/2021\/01\/logo-noticieros@2x.png","width":1017,"height":268,"caption":"Noticieros Canal 7"},"image":{"@id":"https:\/\/canal7slp.tv\/2025\/#\/schema\/logo\/image\/"},"sameAs":["https:\/\/www.facebook.com\/noticieroscanal7atencionciudadana\/","https:\/\/x.com\/NOTICIEROS7","https:\/\/www.instagram.com\/canal7_slp","https:\/\/www.youtube.com\/channel\/UCliiYs-gP3JfJeqdPrNdd5A"]},{"@type":"Person","@id":"https:\/\/canal7slp.tv\/2025\/#\/schema\/person\/271e2b60a96e7cc9d9ac296f4d7e414b","name":"Edici\u00f3n Web","image":{"@type":"ImageObject","inLanguage":"es","@id":"https:\/\/secure.gravatar.com\/avatar\/eee448fc3f7164808013b816ba91ac7e43bbe82a70bebac296f8bc6f0addaa1a?s=96&d=mm&r=g","url":"https:\/\/secure.gravatar.com\/avatar\/eee448fc3f7164808013b816ba91ac7e43bbe82a70bebac296f8bc6f0addaa1a?s=96&d=mm&r=g","contentUrl":"https:\/\/secure.gravatar.com\/avatar\/eee448fc3f7164808013b816ba91ac7e43bbe82a70bebac296f8bc6f0addaa1a?s=96&d=mm&r=g","caption":"Edici\u00f3n Web"},"url":"https:\/\/canal7slp.tv\/2025\/author\/edicionweb\/"}]}},"_links":{"self":[{"href":"https:\/\/canal7slp.tv\/2025\/wp-json\/wp\/v2\/posts\/162273","targetHints":{"allow":["GET"]}}],"collection":[{"href":"https:\/\/canal7slp.tv\/2025\/wp-json\/wp\/v2\/posts"}],"about":[{"href":"https:\/\/canal7slp.tv\/2025\/wp-json\/wp\/v2\/types\/post"}],"author":[{"embeddable":true,"href":"https:\/\/canal7slp.tv\/2025\/wp-json\/wp\/v2\/users\/2"}],"replies":[{"embeddable":true,"href":"https:\/\/canal7slp.tv\/2025\/wp-json\/wp\/v2\/comments?post=162273"}],"version-history":[{"count":1,"href":"https:\/\/canal7slp.tv\/2025\/wp-json\/wp\/v2\/posts\/162273\/revisions"}],"predecessor-version":[{"id":162277,"href":"https:\/\/canal7slp.tv\/2025\/wp-json\/wp\/v2\/posts\/162273\/revisions\/162277"}],"wp:featuredmedia":[{"embeddable":true,"href":"https:\/\/canal7slp.tv\/2025\/wp-json\/wp\/v2\/media\/162275"}],"wp:attachment":[{"href":"https:\/\/canal7slp.tv\/2025\/wp-json\/wp\/v2\/media?parent=162273"}],"wp:term":[{"taxonomy":"category","embeddable":true,"href":"https:\/\/canal7slp.tv\/2025\/wp-json\/wp\/v2\/categories?post=162273"},{"taxonomy":"post_tag","embeddable":true,"href":"https:\/\/canal7slp.tv\/2025\/wp-json\/wp\/v2\/tags?post=162273"}],"curies":[{"name":"wp","href":"https:\/\/api.w.org\/{rel}","templated":true}]}}