{"id":162039,"date":"2025-03-31T21:48:40","date_gmt":"2025-04-01T03:48:40","guid":{"rendered":"https:\/\/canal7slp.tv\/2025\/?p=162039"},"modified":"2025-03-31T21:48:40","modified_gmt":"2025-04-01T03:48:40","slug":"tras-33-anos-de-militancia-maribel-lemoine-renuncia-al-pri","status":"publish","type":"post","link":"https:\/\/canal7slp.tv\/2025\/tras-33-anos-de-militancia-maribel-lemoine-renuncia-al-pri\/","title":{"rendered":"Tras 33 a\u00f1os de militancia, Maribel Lemoine renuncia al PRI"},"content":{"rendered":"<p style=\"text-align: justify;\"><span style=\"font-size: 1.21429rem;\">SLP.- Al argumentar que \u00ablas acciones de las dirigencias estatal y nacional\u00bb del Partido Revolucionario Institucional (PRI) se han alejado de valores como democracia participativa, di\u00e1logo y debate sin censura\u00bb, tras 33 a\u00f1os de militancia, Maribel Lemoine Loredo ha renunciado al instituto pol\u00edtico.<\/span><\/p>\n<p style=\"text-align: justify;\">En un escrito dirigido a la presidenta del Comit\u00e9 Directivo Estatal (CDE) Sara Rocha Medina, expres\u00f3 que este PRI no es el que conoci\u00f3.<\/p>\n<p style=\"text-align: justify;\">As\u00ed, dijo no sentirse representada por esas dirigencias.<\/p>\n<p style=\"text-align: justify;\">Reconoci\u00f3 en su escrito errores del pasado, aunque advirti\u00f3 que el partido se convirti\u00f3 en una propiedad.<\/p>\n<p style=\"text-align: justify;\">De ah\u00ed critic\u00f3 la forma en que desde el Poder Legislativo se ha procedido -al tiempo de expresar un deseo, cuyo efecto consider\u00f3 podr\u00eda favorecer al Revolucionario Institucional-.<\/p>\n<p>Por: Paulina Rodr\u00edguez<\/p>\n","protected":false},"excerpt":{"rendered":"<p>SLP.- Al argumentar que \u00ablas acciones de las dirigencias estatal y nacional\u00bb del Partido Revolucionario Institucional (PRI) se han alejado de valores como democracia participativa, di\u00e1logo y debate sin censura\u00bb, tras 33 a\u00f1os de militancia, Maribel Lemoine Loredo ha renunciado al instituto pol\u00edtico. En un escrito dirigido a la presidenta del Comit\u00e9 Directivo Estatal (CDE) Sara Rocha Medina, expres\u00f3 que este PRI no es el que conoci\u00f3. As\u00ed, dijo no sentirse representada por esas dirigencias. Reconoci\u00f3 en su escrito errores del pasado, aunque advirti\u00f3 que el partido se convirti\u00f3 en una propiedad. De ah\u00ed critic\u00f3 la forma en que desde [&hellip;]<\/p>\n","protected":false},"author":2,"featured_media":162044,"comment_status":"closed","ping_status":"closed","sticky":false,"template":"","format":"video","meta":{"_monsterinsights_skip_tracking":false,"_monsterinsights_sitenote_active":false,"_monsterinsights_sitenote_note":"","_monsterinsights_sitenote_category":0,"footnotes":""},"categories":[5,45],"tags":[],"class_list":["post-162039","post","type-post","status-publish","format-video","has-post-thumbnail","hentry","category-destacadas","category-localesyregionales","post_format-post-format-video","post--single"],"yoast_head":"<!-- This site is optimized with the Yoast SEO plugin v27.4 - https:\/\/yoast.com\/product\/yoast-seo-wordpress\/ -->\n<title>Tras 33 a\u00f1os de militancia, Maribel Lemoine renuncia al PRI - Canal 7 SLP - 2025<\/title>\n<meta name=\"robots\" content=\"index, follow, max-snippet:-1, max-image-preview:large, max-video-preview:-1\" \/>\n<link rel=\"canonical\" href=\"https:\/\/canal7slp.tv\/2025\/tras-33-anos-de-militancia-maribel-lemoine-renuncia-al-pri\/\" \/>\n<meta property=\"og:locale\" content=\"es_ES\" \/>\n<meta property=\"og:type\" content=\"article\" \/>\n<meta property=\"og:title\" content=\"Tras 33 a\u00f1os de militancia, Maribel Lemoine renuncia al PRI - Canal 7 SLP - 2025\" \/>\n<meta property=\"og:description\" content=\"SLP.- Al argumentar que \u00ablas acciones de las dirigencias estatal y nacional\u00bb del Partido Revolucionario Institucional (PRI) se han alejado de valores como democracia participativa, di\u00e1logo y debate sin censura\u00bb, tras 33 a\u00f1os de militancia, Maribel Lemoine Loredo ha renunciado al instituto pol\u00edtico. En un escrito dirigido a la presidenta del Comit\u00e9 Directivo Estatal (CDE) Sara Rocha Medina, expres\u00f3 que este PRI no es el que conoci\u00f3. As\u00ed, dijo no sentirse representada por esas dirigencias. Reconoci\u00f3 en su escrito errores del pasado, aunque advirti\u00f3 que el partido se convirti\u00f3 en una propiedad. De ah\u00ed critic\u00f3 la forma en que desde [&hellip;]\" \/>\n<meta property=\"og:url\" content=\"https:\/\/canal7slp.tv\/2025\/tras-33-anos-de-militancia-maribel-lemoine-renuncia-al-pri\/\" \/>\n<meta property=\"og:site_name\" content=\"Canal 7 SLP - 2025\" \/>\n<meta property=\"article:publisher\" content=\"https:\/\/www.facebook.com\/noticieroscanal7atencionciudadana\/\" \/>\n<meta property=\"article:published_time\" content=\"2025-04-01T03:48:40+00:00\" \/>\n<meta property=\"og:image\" content=\"https:\/\/canal7slp.tv\/2025\/wp-content\/uploads\/2025\/03\/Pau01Maribel.jpg\" \/>\n\t<meta property=\"og:image:width\" content=\"1280\" \/>\n\t<meta property=\"og:image:height\" content=\"720\" \/>\n\t<meta property=\"og:image:type\" content=\"image\/jpeg\" \/>\n<meta name=\"author\" content=\"Edici\u00f3n Web\" \/>\n<meta name=\"twitter:card\" content=\"summary_large_image\" \/>\n<meta name=\"twitter:creator\" content=\"@NOTICIEROS7\" \/>\n<meta name=\"twitter:site\" content=\"@NOTICIEROS7\" \/>\n<meta name=\"twitter:label1\" content=\"Escrito por\" \/>\n\t<meta name=\"twitter:data1\" content=\"Edici\u00f3n Web\" \/>\n\t<meta name=\"twitter:label2\" content=\"Tiempo de lectura\" \/>\n\t<meta name=\"twitter:data2\" content=\"1 minuto\" \/>\n<script type=\"application\/ld+json\" class=\"yoast-schema-graph\">{\"@context\":\"https:\\\/\\\/schema.org\",\"@graph\":[{\"@type\":\"Article\",\"@id\":\"https:\\\/\\\/canal7slp.tv\\\/2025\\\/tras-33-anos-de-militancia-maribel-lemoine-renuncia-al-pri\\\/#article\",\"isPartOf\":{\"@id\":\"https:\\\/\\\/canal7slp.tv\\\/2025\\\/tras-33-anos-de-militancia-maribel-lemoine-renuncia-al-pri\\\/\"},\"author\":{\"name\":\"Edici\u00f3n Web\",\"@id\":\"https:\\\/\\\/canal7slp.tv\\\/2025\\\/#\\\/schema\\\/person\\\/271e2b60a96e7cc9d9ac296f4d7e414b\"},\"headline\":\"Tras 33 a\u00f1os de militancia, Maribel Lemoine renuncia al PRI\",\"datePublished\":\"2025-04-01T03:48:40+00:00\",\"mainEntityOfPage\":{\"@id\":\"https:\\\/\\\/canal7slp.tv\\\/2025\\\/tras-33-anos-de-militancia-maribel-lemoine-renuncia-al-pri\\\/\"},\"wordCount\":138,\"publisher\":{\"@id\":\"https:\\\/\\\/canal7slp.tv\\\/2025\\\/#organization\"},\"image\":{\"@id\":\"https:\\\/\\\/canal7slp.tv\\\/2025\\\/tras-33-anos-de-militancia-maribel-lemoine-renuncia-al-pri\\\/#primaryimage\"},\"thumbnailUrl\":\"https:\\\/\\\/canal7slp.tv\\\/2025\\\/wp-content\\\/uploads\\\/2025\\\/03\\\/Pau01Maribel.jpg\",\"articleSection\":[\"DESTACADAS\",\"LOCALES Y REGIONALES\"],\"inLanguage\":\"es\"},{\"@type\":\"WebPage\",\"@id\":\"https:\\\/\\\/canal7slp.tv\\\/2025\\\/tras-33-anos-de-militancia-maribel-lemoine-renuncia-al-pri\\\/\",\"url\":\"https:\\\/\\\/canal7slp.tv\\\/2025\\\/tras-33-anos-de-militancia-maribel-lemoine-renuncia-al-pri\\\/\",\"name\":\"Tras 33 a\u00f1os de militancia, Maribel Lemoine renuncia al PRI - Canal 7 SLP - 2025\",\"isPartOf\":{\"@id\":\"https:\\\/\\\/canal7slp.tv\\\/2025\\\/#website\"},\"primaryImageOfPage\":{\"@id\":\"https:\\\/\\\/canal7slp.tv\\\/2025\\\/tras-33-anos-de-militancia-maribel-lemoine-renuncia-al-pri\\\/#primaryimage\"},\"image\":{\"@id\":\"https:\\\/\\\/canal7slp.tv\\\/2025\\\/tras-33-anos-de-militancia-maribel-lemoine-renuncia-al-pri\\\/#primaryimage\"},\"thumbnailUrl\":\"https:\\\/\\\/canal7slp.tv\\\/2025\\\/wp-content\\\/uploads\\\/2025\\\/03\\\/Pau01Maribel.jpg\",\"datePublished\":\"2025-04-01T03:48:40+00:00\",\"breadcrumb\":{\"@id\":\"https:\\\/\\\/canal7slp.tv\\\/2025\\\/tras-33-anos-de-militancia-maribel-lemoine-renuncia-al-pri\\\/#breadcrumb\"},\"inLanguage\":\"es\",\"potentialAction\":[{\"@type\":\"ReadAction\",\"target\":[\"https:\\\/\\\/canal7slp.tv\\\/2025\\\/tras-33-anos-de-militancia-maribel-lemoine-renuncia-al-pri\\\/\"]}]},{\"@type\":\"ImageObject\",\"inLanguage\":\"es\",\"@id\":\"https:\\\/\\\/canal7slp.tv\\\/2025\\\/tras-33-anos-de-militancia-maribel-lemoine-renuncia-al-pri\\\/#primaryimage\",\"url\":\"https:\\\/\\\/canal7slp.tv\\\/2025\\\/wp-content\\\/uploads\\\/2025\\\/03\\\/Pau01Maribel.jpg\",\"contentUrl\":\"https:\\\/\\\/canal7slp.tv\\\/2025\\\/wp-content\\\/uploads\\\/2025\\\/03\\\/Pau01Maribel.jpg\",\"width\":1280,\"height\":720},{\"@type\":\"BreadcrumbList\",\"@id\":\"https:\\\/\\\/canal7slp.tv\\\/2025\\\/tras-33-anos-de-militancia-maribel-lemoine-renuncia-al-pri\\\/#breadcrumb\",\"itemListElement\":[{\"@type\":\"ListItem\",\"position\":1,\"name\":\"Portada\",\"item\":\"https:\\\/\\\/canal7slp.tv\\\/2025\\\/\"},{\"@type\":\"ListItem\",\"position\":2,\"name\":\"Tras 33 a\u00f1os de militancia, Maribel Lemoine renuncia al PRI\"}]},{\"@type\":\"WebSite\",\"@id\":\"https:\\\/\\\/canal7slp.tv\\\/2025\\\/#website\",\"url\":\"https:\\\/\\\/canal7slp.tv\\\/2025\\\/\",\"name\":\"N7 - Noticieros Canal 7\",\"description\":\"Somos el Medio\",\"publisher\":{\"@id\":\"https:\\\/\\\/canal7slp.tv\\\/2025\\\/#organization\"},\"potentialAction\":[{\"@type\":\"SearchAction\",\"target\":{\"@type\":\"EntryPoint\",\"urlTemplate\":\"https:\\\/\\\/canal7slp.tv\\\/2025\\\/?s={search_term_string}\"},\"query-input\":{\"@type\":\"PropertyValueSpecification\",\"valueRequired\":true,\"valueName\":\"search_term_string\"}}],\"inLanguage\":\"es\"},{\"@type\":\"Organization\",\"@id\":\"https:\\\/\\\/canal7slp.tv\\\/2025\\\/#organization\",\"name\":\"Noticieros Canal 7\",\"url\":\"https:\\\/\\\/canal7slp.tv\\\/2025\\\/\",\"logo\":{\"@type\":\"ImageObject\",\"inLanguage\":\"es\",\"@id\":\"https:\\\/\\\/canal7slp.tv\\\/2025\\\/#\\\/schema\\\/logo\\\/image\\\/\",\"url\":\"https:\\\/\\\/canal7slp.tv\\\/2025\\\/wp-content\\\/uploads\\\/2021\\\/01\\\/logo-noticieros@2x.png\",\"contentUrl\":\"https:\\\/\\\/canal7slp.tv\\\/2025\\\/wp-content\\\/uploads\\\/2021\\\/01\\\/logo-noticieros@2x.png\",\"width\":1017,\"height\":268,\"caption\":\"Noticieros Canal 7\"},\"image\":{\"@id\":\"https:\\\/\\\/canal7slp.tv\\\/2025\\\/#\\\/schema\\\/logo\\\/image\\\/\"},\"sameAs\":[\"https:\\\/\\\/www.facebook.com\\\/noticieroscanal7atencionciudadana\\\/\",\"https:\\\/\\\/x.com\\\/NOTICIEROS7\",\"https:\\\/\\\/www.instagram.com\\\/canal7_slp\",\"https:\\\/\\\/www.youtube.com\\\/channel\\\/UCliiYs-gP3JfJeqdPrNdd5A\"]},{\"@type\":\"Person\",\"@id\":\"https:\\\/\\\/canal7slp.tv\\\/2025\\\/#\\\/schema\\\/person\\\/271e2b60a96e7cc9d9ac296f4d7e414b\",\"name\":\"Edici\u00f3n Web\",\"image\":{\"@type\":\"ImageObject\",\"inLanguage\":\"es\",\"@id\":\"https:\\\/\\\/secure.gravatar.com\\\/avatar\\\/eee448fc3f7164808013b816ba91ac7e43bbe82a70bebac296f8bc6f0addaa1a?s=96&d=mm&r=g\",\"url\":\"https:\\\/\\\/secure.gravatar.com\\\/avatar\\\/eee448fc3f7164808013b816ba91ac7e43bbe82a70bebac296f8bc6f0addaa1a?s=96&d=mm&r=g\",\"contentUrl\":\"https:\\\/\\\/secure.gravatar.com\\\/avatar\\\/eee448fc3f7164808013b816ba91ac7e43bbe82a70bebac296f8bc6f0addaa1a?s=96&d=mm&r=g\",\"caption\":\"Edici\u00f3n Web\"},\"url\":\"https:\\\/\\\/canal7slp.tv\\\/2025\\\/author\\\/edicionweb\\\/\"}]}<\/script>\n<!-- \/ Yoast SEO plugin. -->","yoast_head_json":{"title":"Tras 33 a\u00f1os de militancia, Maribel Lemoine renuncia al PRI - Canal 7 SLP - 2025","robots":{"index":"index","follow":"follow","max-snippet":"max-snippet:-1","max-image-preview":"max-image-preview:large","max-video-preview":"max-video-preview:-1"},"canonical":"https:\/\/canal7slp.tv\/2025\/tras-33-anos-de-militancia-maribel-lemoine-renuncia-al-pri\/","og_locale":"es_ES","og_type":"article","og_title":"Tras 33 a\u00f1os de militancia, Maribel Lemoine renuncia al PRI - Canal 7 SLP - 2025","og_description":"SLP.- Al argumentar que \u00ablas acciones de las dirigencias estatal y nacional\u00bb del Partido Revolucionario Institucional (PRI) se han alejado de valores como democracia participativa, di\u00e1logo y debate sin censura\u00bb, tras 33 a\u00f1os de militancia, Maribel Lemoine Loredo ha renunciado al instituto pol\u00edtico. En un escrito dirigido a la presidenta del Comit\u00e9 Directivo Estatal (CDE) Sara Rocha Medina, expres\u00f3 que este PRI no es el que conoci\u00f3. As\u00ed, dijo no sentirse representada por esas dirigencias. Reconoci\u00f3 en su escrito errores del pasado, aunque advirti\u00f3 que el partido se convirti\u00f3 en una propiedad. De ah\u00ed critic\u00f3 la forma en que desde [&hellip;]","og_url":"https:\/\/canal7slp.tv\/2025\/tras-33-anos-de-militancia-maribel-lemoine-renuncia-al-pri\/","og_site_name":"Canal 7 SLP - 2025","article_publisher":"https:\/\/www.facebook.com\/noticieroscanal7atencionciudadana\/","article_published_time":"2025-04-01T03:48:40+00:00","og_image":[{"width":1280,"height":720,"url":"https:\/\/canal7slp.tv\/2025\/wp-content\/uploads\/2025\/03\/Pau01Maribel.jpg","type":"image\/jpeg"}],"author":"Edici\u00f3n Web","twitter_card":"summary_large_image","twitter_creator":"@NOTICIEROS7","twitter_site":"@NOTICIEROS7","twitter_misc":{"Escrito por":"Edici\u00f3n Web","Tiempo de lectura":"1 minuto"},"schema":{"@context":"https:\/\/schema.org","@graph":[{"@type":"Article","@id":"https:\/\/canal7slp.tv\/2025\/tras-33-anos-de-militancia-maribel-lemoine-renuncia-al-pri\/#article","isPartOf":{"@id":"https:\/\/canal7slp.tv\/2025\/tras-33-anos-de-militancia-maribel-lemoine-renuncia-al-pri\/"},"author":{"name":"Edici\u00f3n Web","@id":"https:\/\/canal7slp.tv\/2025\/#\/schema\/person\/271e2b60a96e7cc9d9ac296f4d7e414b"},"headline":"Tras 33 a\u00f1os de militancia, Maribel Lemoine renuncia al PRI","datePublished":"2025-04-01T03:48:40+00:00","mainEntityOfPage":{"@id":"https:\/\/canal7slp.tv\/2025\/tras-33-anos-de-militancia-maribel-lemoine-renuncia-al-pri\/"},"wordCount":138,"publisher":{"@id":"https:\/\/canal7slp.tv\/2025\/#organization"},"image":{"@id":"https:\/\/canal7slp.tv\/2025\/tras-33-anos-de-militancia-maribel-lemoine-renuncia-al-pri\/#primaryimage"},"thumbnailUrl":"https:\/\/canal7slp.tv\/2025\/wp-content\/uploads\/2025\/03\/Pau01Maribel.jpg","articleSection":["DESTACADAS","LOCALES Y REGIONALES"],"inLanguage":"es"},{"@type":"WebPage","@id":"https:\/\/canal7slp.tv\/2025\/tras-33-anos-de-militancia-maribel-lemoine-renuncia-al-pri\/","url":"https:\/\/canal7slp.tv\/2025\/tras-33-anos-de-militancia-maribel-lemoine-renuncia-al-pri\/","name":"Tras 33 a\u00f1os de militancia, Maribel Lemoine renuncia al PRI - Canal 7 SLP - 2025","isPartOf":{"@id":"https:\/\/canal7slp.tv\/2025\/#website"},"primaryImageOfPage":{"@id":"https:\/\/canal7slp.tv\/2025\/tras-33-anos-de-militancia-maribel-lemoine-renuncia-al-pri\/#primaryimage"},"image":{"@id":"https:\/\/canal7slp.tv\/2025\/tras-33-anos-de-militancia-maribel-lemoine-renuncia-al-pri\/#primaryimage"},"thumbnailUrl":"https:\/\/canal7slp.tv\/2025\/wp-content\/uploads\/2025\/03\/Pau01Maribel.jpg","datePublished":"2025-04-01T03:48:40+00:00","breadcrumb":{"@id":"https:\/\/canal7slp.tv\/2025\/tras-33-anos-de-militancia-maribel-lemoine-renuncia-al-pri\/#breadcrumb"},"inLanguage":"es","potentialAction":[{"@type":"ReadAction","target":["https:\/\/canal7slp.tv\/2025\/tras-33-anos-de-militancia-maribel-lemoine-renuncia-al-pri\/"]}]},{"@type":"ImageObject","inLanguage":"es","@id":"https:\/\/canal7slp.tv\/2025\/tras-33-anos-de-militancia-maribel-lemoine-renuncia-al-pri\/#primaryimage","url":"https:\/\/canal7slp.tv\/2025\/wp-content\/uploads\/2025\/03\/Pau01Maribel.jpg","contentUrl":"https:\/\/canal7slp.tv\/2025\/wp-content\/uploads\/2025\/03\/Pau01Maribel.jpg","width":1280,"height":720},{"@type":"BreadcrumbList","@id":"https:\/\/canal7slp.tv\/2025\/tras-33-anos-de-militancia-maribel-lemoine-renuncia-al-pri\/#breadcrumb","itemListElement":[{"@type":"ListItem","position":1,"name":"Portada","item":"https:\/\/canal7slp.tv\/2025\/"},{"@type":"ListItem","position":2,"name":"Tras 33 a\u00f1os de militancia, Maribel Lemoine renuncia al PRI"}]},{"@type":"WebSite","@id":"https:\/\/canal7slp.tv\/2025\/#website","url":"https:\/\/canal7slp.tv\/2025\/","name":"N7 - Noticieros Canal 7","description":"Somos el Medio","publisher":{"@id":"https:\/\/canal7slp.tv\/2025\/#organization"},"potentialAction":[{"@type":"SearchAction","target":{"@type":"EntryPoint","urlTemplate":"https:\/\/canal7slp.tv\/2025\/?s={search_term_string}"},"query-input":{"@type":"PropertyValueSpecification","valueRequired":true,"valueName":"search_term_string"}}],"inLanguage":"es"},{"@type":"Organization","@id":"https:\/\/canal7slp.tv\/2025\/#organization","name":"Noticieros Canal 7","url":"https:\/\/canal7slp.tv\/2025\/","logo":{"@type":"ImageObject","inLanguage":"es","@id":"https:\/\/canal7slp.tv\/2025\/#\/schema\/logo\/image\/","url":"https:\/\/canal7slp.tv\/2025\/wp-content\/uploads\/2021\/01\/logo-noticieros@2x.png","contentUrl":"https:\/\/canal7slp.tv\/2025\/wp-content\/uploads\/2021\/01\/logo-noticieros@2x.png","width":1017,"height":268,"caption":"Noticieros Canal 7"},"image":{"@id":"https:\/\/canal7slp.tv\/2025\/#\/schema\/logo\/image\/"},"sameAs":["https:\/\/www.facebook.com\/noticieroscanal7atencionciudadana\/","https:\/\/x.com\/NOTICIEROS7","https:\/\/www.instagram.com\/canal7_slp","https:\/\/www.youtube.com\/channel\/UCliiYs-gP3JfJeqdPrNdd5A"]},{"@type":"Person","@id":"https:\/\/canal7slp.tv\/2025\/#\/schema\/person\/271e2b60a96e7cc9d9ac296f4d7e414b","name":"Edici\u00f3n Web","image":{"@type":"ImageObject","inLanguage":"es","@id":"https:\/\/secure.gravatar.com\/avatar\/eee448fc3f7164808013b816ba91ac7e43bbe82a70bebac296f8bc6f0addaa1a?s=96&d=mm&r=g","url":"https:\/\/secure.gravatar.com\/avatar\/eee448fc3f7164808013b816ba91ac7e43bbe82a70bebac296f8bc6f0addaa1a?s=96&d=mm&r=g","contentUrl":"https:\/\/secure.gravatar.com\/avatar\/eee448fc3f7164808013b816ba91ac7e43bbe82a70bebac296f8bc6f0addaa1a?s=96&d=mm&r=g","caption":"Edici\u00f3n Web"},"url":"https:\/\/canal7slp.tv\/2025\/author\/edicionweb\/"}]}},"_links":{"self":[{"href":"https:\/\/canal7slp.tv\/2025\/wp-json\/wp\/v2\/posts\/162039","targetHints":{"allow":["GET"]}}],"collection":[{"href":"https:\/\/canal7slp.tv\/2025\/wp-json\/wp\/v2\/posts"}],"about":[{"href":"https:\/\/canal7slp.tv\/2025\/wp-json\/wp\/v2\/types\/post"}],"author":[{"embeddable":true,"href":"https:\/\/canal7slp.tv\/2025\/wp-json\/wp\/v2\/users\/2"}],"replies":[{"embeddable":true,"href":"https:\/\/canal7slp.tv\/2025\/wp-json\/wp\/v2\/comments?post=162039"}],"version-history":[{"count":2,"href":"https:\/\/canal7slp.tv\/2025\/wp-json\/wp\/v2\/posts\/162039\/revisions"}],"predecessor-version":[{"id":162045,"href":"https:\/\/canal7slp.tv\/2025\/wp-json\/wp\/v2\/posts\/162039\/revisions\/162045"}],"wp:featuredmedia":[{"embeddable":true,"href":"https:\/\/canal7slp.tv\/2025\/wp-json\/wp\/v2\/media\/162044"}],"wp:attachment":[{"href":"https:\/\/canal7slp.tv\/2025\/wp-json\/wp\/v2\/media?parent=162039"}],"wp:term":[{"taxonomy":"category","embeddable":true,"href":"https:\/\/canal7slp.tv\/2025\/wp-json\/wp\/v2\/categories?post=162039"},{"taxonomy":"post_tag","embeddable":true,"href":"https:\/\/canal7slp.tv\/2025\/wp-json\/wp\/v2\/tags?post=162039"}],"curies":[{"name":"wp","href":"https:\/\/api.w.org\/{rel}","templated":true}]}}