{"id":162006,"date":"2025-03-31T20:46:00","date_gmt":"2025-04-01T02:46:00","guid":{"rendered":"https:\/\/canal7slp.tv\/2025\/?p=162006"},"modified":"2025-03-31T20:46:00","modified_gmt":"2025-04-01T02:46:00","slug":"nueva-renuncia-en-el-pri-no-le-merece-mayor-comentario-a-la-dirigente-estatal-de-este-partido","status":"publish","type":"post","link":"https:\/\/canal7slp.tv\/2025\/nueva-renuncia-en-el-pri-no-le-merece-mayor-comentario-a-la-dirigente-estatal-de-este-partido\/","title":{"rendered":"Nueva renuncia en el PRI no le merece mayor comentario a la dirigente estatal de este partido"},"content":{"rendered":"<p style=\"text-align: justify;\"><span style=\"font-size: 1.21429rem;\">SLP.- Al convocar a una rueda de prensa la dirigente estatal del PRI Sara Rocha Medina denunci\u00f3 que el partido MORENA utiliza los programas sociales de gobierno, para obligar a afiliarse a este partido.<\/span><\/p>\n<p style=\"text-align: justify;\">Dijo adem\u00e1s que utilizan tambi\u00e9n a organizaciones como el sindicato nacional de maestros para obligar a afiliarse a cambio de la entrega de becas.<\/p>\n<p style=\"text-align: justify;\">Asegur\u00f3 que en algunos estados ha quedado de manifiesto la amenaza de operadores de MORENA que aprovechan las filas de beneficiarios, para cobrar el apoyo de programas sociales bajo la amenaza de quedar exclu\u00eddos de estos beneficios.<\/p>\n<p style=\"text-align: justify;\">En otro orden de ideas la dirigente del PRI en el estado no quiso ahondar en su comentario al ser cuestionada sobre la renuncia a este partido de la regidora concejal Maribel Lemoine, luego de 33 a\u00f1os de militancia pri\u00edsta\u2026<\/p>\n<p style=\"text-align: justify;\">Esto fue lo que dijo:<\/p>\n<p style=\"text-align: justify;\">Por: Claudio Ibarra<\/p>\n","protected":false},"excerpt":{"rendered":"<p>SLP.- Al convocar a una rueda de prensa la dirigente estatal del PRI Sara Rocha Medina denunci\u00f3 que el partido MORENA utiliza los programas sociales de gobierno, para obligar a afiliarse a este partido. Dijo adem\u00e1s que utilizan tambi\u00e9n a organizaciones como el sindicato nacional de maestros para obligar a afiliarse a cambio de la entrega de becas. Asegur\u00f3 que en algunos estados ha quedado de manifiesto la amenaza de operadores de MORENA que aprovechan las filas de beneficiarios, para cobrar el apoyo de programas sociales bajo la amenaza de quedar exclu\u00eddos de estos beneficios. En otro orden de ideas [&hellip;]<\/p>\n","protected":false},"author":2,"featured_media":162027,"comment_status":"closed","ping_status":"closed","sticky":false,"template":"","format":"video","meta":{"_monsterinsights_skip_tracking":false,"_monsterinsights_sitenote_active":false,"_monsterinsights_sitenote_note":"","_monsterinsights_sitenote_category":0,"footnotes":""},"categories":[5,45],"tags":[],"class_list":["post-162006","post","type-post","status-publish","format-video","has-post-thumbnail","hentry","category-destacadas","category-localesyregionales","post_format-post-format-video","post--single"],"yoast_head":"<!-- This site is optimized with the Yoast SEO plugin v27.4 - https:\/\/yoast.com\/product\/yoast-seo-wordpress\/ -->\n<title>Nueva renuncia en el PRI no le merece mayor comentario a la dirigente estatal de este partido - Canal 7 SLP - 2025<\/title>\n<meta name=\"robots\" content=\"index, follow, max-snippet:-1, max-image-preview:large, max-video-preview:-1\" \/>\n<link rel=\"canonical\" href=\"https:\/\/canal7slp.tv\/2025\/nueva-renuncia-en-el-pri-no-le-merece-mayor-comentario-a-la-dirigente-estatal-de-este-partido\/\" \/>\n<meta property=\"og:locale\" content=\"es_ES\" \/>\n<meta property=\"og:type\" content=\"article\" \/>\n<meta property=\"og:title\" content=\"Nueva renuncia en el PRI no le merece mayor comentario a la dirigente estatal de este partido - Canal 7 SLP - 2025\" \/>\n<meta property=\"og:description\" content=\"SLP.- Al convocar a una rueda de prensa la dirigente estatal del PRI Sara Rocha Medina denunci\u00f3 que el partido MORENA utiliza los programas sociales de gobierno, para obligar a afiliarse a este partido. Dijo adem\u00e1s que utilizan tambi\u00e9n a organizaciones como el sindicato nacional de maestros para obligar a afiliarse a cambio de la entrega de becas. Asegur\u00f3 que en algunos estados ha quedado de manifiesto la amenaza de operadores de MORENA que aprovechan las filas de beneficiarios, para cobrar el apoyo de programas sociales bajo la amenaza de quedar exclu\u00eddos de estos beneficios. En otro orden de ideas [&hellip;]\" \/>\n<meta property=\"og:url\" content=\"https:\/\/canal7slp.tv\/2025\/nueva-renuncia-en-el-pri-no-le-merece-mayor-comentario-a-la-dirigente-estatal-de-este-partido\/\" \/>\n<meta property=\"og:site_name\" content=\"Canal 7 SLP - 2025\" \/>\n<meta property=\"article:publisher\" content=\"https:\/\/www.facebook.com\/noticieroscanal7atencionciudadana\/\" \/>\n<meta property=\"article:published_time\" content=\"2025-04-01T02:46:00+00:00\" \/>\n<meta property=\"og:image\" content=\"https:\/\/canal7slp.tv\/2025\/wp-content\/uploads\/2025\/03\/Claudio04PRI.jpg\" \/>\n\t<meta property=\"og:image:width\" content=\"1280\" \/>\n\t<meta property=\"og:image:height\" content=\"720\" \/>\n\t<meta property=\"og:image:type\" content=\"image\/jpeg\" \/>\n<meta name=\"author\" content=\"Edici\u00f3n Web\" \/>\n<meta name=\"twitter:card\" content=\"summary_large_image\" \/>\n<meta name=\"twitter:creator\" content=\"@NOTICIEROS7\" \/>\n<meta name=\"twitter:site\" content=\"@NOTICIEROS7\" \/>\n<meta name=\"twitter:label1\" content=\"Escrito por\" \/>\n\t<meta name=\"twitter:data1\" content=\"Edici\u00f3n Web\" \/>\n\t<meta name=\"twitter:label2\" content=\"Tiempo de lectura\" \/>\n\t<meta name=\"twitter:data2\" content=\"1 minuto\" \/>\n<script type=\"application\/ld+json\" class=\"yoast-schema-graph\">{\"@context\":\"https:\\\/\\\/schema.org\",\"@graph\":[{\"@type\":\"Article\",\"@id\":\"https:\\\/\\\/canal7slp.tv\\\/2025\\\/nueva-renuncia-en-el-pri-no-le-merece-mayor-comentario-a-la-dirigente-estatal-de-este-partido\\\/#article\",\"isPartOf\":{\"@id\":\"https:\\\/\\\/canal7slp.tv\\\/2025\\\/nueva-renuncia-en-el-pri-no-le-merece-mayor-comentario-a-la-dirigente-estatal-de-este-partido\\\/\"},\"author\":{\"name\":\"Edici\u00f3n Web\",\"@id\":\"https:\\\/\\\/canal7slp.tv\\\/2025\\\/#\\\/schema\\\/person\\\/271e2b60a96e7cc9d9ac296f4d7e414b\"},\"headline\":\"Nueva renuncia en el PRI no le merece mayor comentario a la dirigente estatal de este partido\",\"datePublished\":\"2025-04-01T02:46:00+00:00\",\"mainEntityOfPage\":{\"@id\":\"https:\\\/\\\/canal7slp.tv\\\/2025\\\/nueva-renuncia-en-el-pri-no-le-merece-mayor-comentario-a-la-dirigente-estatal-de-este-partido\\\/\"},\"wordCount\":165,\"publisher\":{\"@id\":\"https:\\\/\\\/canal7slp.tv\\\/2025\\\/#organization\"},\"image\":{\"@id\":\"https:\\\/\\\/canal7slp.tv\\\/2025\\\/nueva-renuncia-en-el-pri-no-le-merece-mayor-comentario-a-la-dirigente-estatal-de-este-partido\\\/#primaryimage\"},\"thumbnailUrl\":\"https:\\\/\\\/canal7slp.tv\\\/2025\\\/wp-content\\\/uploads\\\/2025\\\/03\\\/Claudio04PRI.jpg\",\"articleSection\":[\"DESTACADAS\",\"LOCALES Y REGIONALES\"],\"inLanguage\":\"es\"},{\"@type\":\"WebPage\",\"@id\":\"https:\\\/\\\/canal7slp.tv\\\/2025\\\/nueva-renuncia-en-el-pri-no-le-merece-mayor-comentario-a-la-dirigente-estatal-de-este-partido\\\/\",\"url\":\"https:\\\/\\\/canal7slp.tv\\\/2025\\\/nueva-renuncia-en-el-pri-no-le-merece-mayor-comentario-a-la-dirigente-estatal-de-este-partido\\\/\",\"name\":\"Nueva renuncia en el PRI no le merece mayor comentario a la dirigente estatal de este partido - Canal 7 SLP - 2025\",\"isPartOf\":{\"@id\":\"https:\\\/\\\/canal7slp.tv\\\/2025\\\/#website\"},\"primaryImageOfPage\":{\"@id\":\"https:\\\/\\\/canal7slp.tv\\\/2025\\\/nueva-renuncia-en-el-pri-no-le-merece-mayor-comentario-a-la-dirigente-estatal-de-este-partido\\\/#primaryimage\"},\"image\":{\"@id\":\"https:\\\/\\\/canal7slp.tv\\\/2025\\\/nueva-renuncia-en-el-pri-no-le-merece-mayor-comentario-a-la-dirigente-estatal-de-este-partido\\\/#primaryimage\"},\"thumbnailUrl\":\"https:\\\/\\\/canal7slp.tv\\\/2025\\\/wp-content\\\/uploads\\\/2025\\\/03\\\/Claudio04PRI.jpg\",\"datePublished\":\"2025-04-01T02:46:00+00:00\",\"breadcrumb\":{\"@id\":\"https:\\\/\\\/canal7slp.tv\\\/2025\\\/nueva-renuncia-en-el-pri-no-le-merece-mayor-comentario-a-la-dirigente-estatal-de-este-partido\\\/#breadcrumb\"},\"inLanguage\":\"es\",\"potentialAction\":[{\"@type\":\"ReadAction\",\"target\":[\"https:\\\/\\\/canal7slp.tv\\\/2025\\\/nueva-renuncia-en-el-pri-no-le-merece-mayor-comentario-a-la-dirigente-estatal-de-este-partido\\\/\"]}]},{\"@type\":\"ImageObject\",\"inLanguage\":\"es\",\"@id\":\"https:\\\/\\\/canal7slp.tv\\\/2025\\\/nueva-renuncia-en-el-pri-no-le-merece-mayor-comentario-a-la-dirigente-estatal-de-este-partido\\\/#primaryimage\",\"url\":\"https:\\\/\\\/canal7slp.tv\\\/2025\\\/wp-content\\\/uploads\\\/2025\\\/03\\\/Claudio04PRI.jpg\",\"contentUrl\":\"https:\\\/\\\/canal7slp.tv\\\/2025\\\/wp-content\\\/uploads\\\/2025\\\/03\\\/Claudio04PRI.jpg\",\"width\":1280,\"height\":720},{\"@type\":\"BreadcrumbList\",\"@id\":\"https:\\\/\\\/canal7slp.tv\\\/2025\\\/nueva-renuncia-en-el-pri-no-le-merece-mayor-comentario-a-la-dirigente-estatal-de-este-partido\\\/#breadcrumb\",\"itemListElement\":[{\"@type\":\"ListItem\",\"position\":1,\"name\":\"Portada\",\"item\":\"https:\\\/\\\/canal7slp.tv\\\/2025\\\/\"},{\"@type\":\"ListItem\",\"position\":2,\"name\":\"Nueva renuncia en el PRI no le merece mayor comentario a la dirigente estatal de este partido\"}]},{\"@type\":\"WebSite\",\"@id\":\"https:\\\/\\\/canal7slp.tv\\\/2025\\\/#website\",\"url\":\"https:\\\/\\\/canal7slp.tv\\\/2025\\\/\",\"name\":\"N7 - Noticieros Canal 7\",\"description\":\"Somos el Medio\",\"publisher\":{\"@id\":\"https:\\\/\\\/canal7slp.tv\\\/2025\\\/#organization\"},\"potentialAction\":[{\"@type\":\"SearchAction\",\"target\":{\"@type\":\"EntryPoint\",\"urlTemplate\":\"https:\\\/\\\/canal7slp.tv\\\/2025\\\/?s={search_term_string}\"},\"query-input\":{\"@type\":\"PropertyValueSpecification\",\"valueRequired\":true,\"valueName\":\"search_term_string\"}}],\"inLanguage\":\"es\"},{\"@type\":\"Organization\",\"@id\":\"https:\\\/\\\/canal7slp.tv\\\/2025\\\/#organization\",\"name\":\"Noticieros Canal 7\",\"url\":\"https:\\\/\\\/canal7slp.tv\\\/2025\\\/\",\"logo\":{\"@type\":\"ImageObject\",\"inLanguage\":\"es\",\"@id\":\"https:\\\/\\\/canal7slp.tv\\\/2025\\\/#\\\/schema\\\/logo\\\/image\\\/\",\"url\":\"https:\\\/\\\/canal7slp.tv\\\/2025\\\/wp-content\\\/uploads\\\/2021\\\/01\\\/logo-noticieros@2x.png\",\"contentUrl\":\"https:\\\/\\\/canal7slp.tv\\\/2025\\\/wp-content\\\/uploads\\\/2021\\\/01\\\/logo-noticieros@2x.png\",\"width\":1017,\"height\":268,\"caption\":\"Noticieros Canal 7\"},\"image\":{\"@id\":\"https:\\\/\\\/canal7slp.tv\\\/2025\\\/#\\\/schema\\\/logo\\\/image\\\/\"},\"sameAs\":[\"https:\\\/\\\/www.facebook.com\\\/noticieroscanal7atencionciudadana\\\/\",\"https:\\\/\\\/x.com\\\/NOTICIEROS7\",\"https:\\\/\\\/www.instagram.com\\\/canal7_slp\",\"https:\\\/\\\/www.youtube.com\\\/channel\\\/UCliiYs-gP3JfJeqdPrNdd5A\"]},{\"@type\":\"Person\",\"@id\":\"https:\\\/\\\/canal7slp.tv\\\/2025\\\/#\\\/schema\\\/person\\\/271e2b60a96e7cc9d9ac296f4d7e414b\",\"name\":\"Edici\u00f3n Web\",\"image\":{\"@type\":\"ImageObject\",\"inLanguage\":\"es\",\"@id\":\"https:\\\/\\\/secure.gravatar.com\\\/avatar\\\/eee448fc3f7164808013b816ba91ac7e43bbe82a70bebac296f8bc6f0addaa1a?s=96&d=mm&r=g\",\"url\":\"https:\\\/\\\/secure.gravatar.com\\\/avatar\\\/eee448fc3f7164808013b816ba91ac7e43bbe82a70bebac296f8bc6f0addaa1a?s=96&d=mm&r=g\",\"contentUrl\":\"https:\\\/\\\/secure.gravatar.com\\\/avatar\\\/eee448fc3f7164808013b816ba91ac7e43bbe82a70bebac296f8bc6f0addaa1a?s=96&d=mm&r=g\",\"caption\":\"Edici\u00f3n Web\"},\"url\":\"https:\\\/\\\/canal7slp.tv\\\/2025\\\/author\\\/edicionweb\\\/\"}]}<\/script>\n<!-- \/ Yoast SEO plugin. -->","yoast_head_json":{"title":"Nueva renuncia en el PRI no le merece mayor comentario a la dirigente estatal de este partido - Canal 7 SLP - 2025","robots":{"index":"index","follow":"follow","max-snippet":"max-snippet:-1","max-image-preview":"max-image-preview:large","max-video-preview":"max-video-preview:-1"},"canonical":"https:\/\/canal7slp.tv\/2025\/nueva-renuncia-en-el-pri-no-le-merece-mayor-comentario-a-la-dirigente-estatal-de-este-partido\/","og_locale":"es_ES","og_type":"article","og_title":"Nueva renuncia en el PRI no le merece mayor comentario a la dirigente estatal de este partido - Canal 7 SLP - 2025","og_description":"SLP.- Al convocar a una rueda de prensa la dirigente estatal del PRI Sara Rocha Medina denunci\u00f3 que el partido MORENA utiliza los programas sociales de gobierno, para obligar a afiliarse a este partido. Dijo adem\u00e1s que utilizan tambi\u00e9n a organizaciones como el sindicato nacional de maestros para obligar a afiliarse a cambio de la entrega de becas. Asegur\u00f3 que en algunos estados ha quedado de manifiesto la amenaza de operadores de MORENA que aprovechan las filas de beneficiarios, para cobrar el apoyo de programas sociales bajo la amenaza de quedar exclu\u00eddos de estos beneficios. En otro orden de ideas [&hellip;]","og_url":"https:\/\/canal7slp.tv\/2025\/nueva-renuncia-en-el-pri-no-le-merece-mayor-comentario-a-la-dirigente-estatal-de-este-partido\/","og_site_name":"Canal 7 SLP - 2025","article_publisher":"https:\/\/www.facebook.com\/noticieroscanal7atencionciudadana\/","article_published_time":"2025-04-01T02:46:00+00:00","og_image":[{"width":1280,"height":720,"url":"https:\/\/canal7slp.tv\/2025\/wp-content\/uploads\/2025\/03\/Claudio04PRI.jpg","type":"image\/jpeg"}],"author":"Edici\u00f3n Web","twitter_card":"summary_large_image","twitter_creator":"@NOTICIEROS7","twitter_site":"@NOTICIEROS7","twitter_misc":{"Escrito por":"Edici\u00f3n Web","Tiempo de lectura":"1 minuto"},"schema":{"@context":"https:\/\/schema.org","@graph":[{"@type":"Article","@id":"https:\/\/canal7slp.tv\/2025\/nueva-renuncia-en-el-pri-no-le-merece-mayor-comentario-a-la-dirigente-estatal-de-este-partido\/#article","isPartOf":{"@id":"https:\/\/canal7slp.tv\/2025\/nueva-renuncia-en-el-pri-no-le-merece-mayor-comentario-a-la-dirigente-estatal-de-este-partido\/"},"author":{"name":"Edici\u00f3n Web","@id":"https:\/\/canal7slp.tv\/2025\/#\/schema\/person\/271e2b60a96e7cc9d9ac296f4d7e414b"},"headline":"Nueva renuncia en el PRI no le merece mayor comentario a la dirigente estatal de este partido","datePublished":"2025-04-01T02:46:00+00:00","mainEntityOfPage":{"@id":"https:\/\/canal7slp.tv\/2025\/nueva-renuncia-en-el-pri-no-le-merece-mayor-comentario-a-la-dirigente-estatal-de-este-partido\/"},"wordCount":165,"publisher":{"@id":"https:\/\/canal7slp.tv\/2025\/#organization"},"image":{"@id":"https:\/\/canal7slp.tv\/2025\/nueva-renuncia-en-el-pri-no-le-merece-mayor-comentario-a-la-dirigente-estatal-de-este-partido\/#primaryimage"},"thumbnailUrl":"https:\/\/canal7slp.tv\/2025\/wp-content\/uploads\/2025\/03\/Claudio04PRI.jpg","articleSection":["DESTACADAS","LOCALES Y REGIONALES"],"inLanguage":"es"},{"@type":"WebPage","@id":"https:\/\/canal7slp.tv\/2025\/nueva-renuncia-en-el-pri-no-le-merece-mayor-comentario-a-la-dirigente-estatal-de-este-partido\/","url":"https:\/\/canal7slp.tv\/2025\/nueva-renuncia-en-el-pri-no-le-merece-mayor-comentario-a-la-dirigente-estatal-de-este-partido\/","name":"Nueva renuncia en el PRI no le merece mayor comentario a la dirigente estatal de este partido - Canal 7 SLP - 2025","isPartOf":{"@id":"https:\/\/canal7slp.tv\/2025\/#website"},"primaryImageOfPage":{"@id":"https:\/\/canal7slp.tv\/2025\/nueva-renuncia-en-el-pri-no-le-merece-mayor-comentario-a-la-dirigente-estatal-de-este-partido\/#primaryimage"},"image":{"@id":"https:\/\/canal7slp.tv\/2025\/nueva-renuncia-en-el-pri-no-le-merece-mayor-comentario-a-la-dirigente-estatal-de-este-partido\/#primaryimage"},"thumbnailUrl":"https:\/\/canal7slp.tv\/2025\/wp-content\/uploads\/2025\/03\/Claudio04PRI.jpg","datePublished":"2025-04-01T02:46:00+00:00","breadcrumb":{"@id":"https:\/\/canal7slp.tv\/2025\/nueva-renuncia-en-el-pri-no-le-merece-mayor-comentario-a-la-dirigente-estatal-de-este-partido\/#breadcrumb"},"inLanguage":"es","potentialAction":[{"@type":"ReadAction","target":["https:\/\/canal7slp.tv\/2025\/nueva-renuncia-en-el-pri-no-le-merece-mayor-comentario-a-la-dirigente-estatal-de-este-partido\/"]}]},{"@type":"ImageObject","inLanguage":"es","@id":"https:\/\/canal7slp.tv\/2025\/nueva-renuncia-en-el-pri-no-le-merece-mayor-comentario-a-la-dirigente-estatal-de-este-partido\/#primaryimage","url":"https:\/\/canal7slp.tv\/2025\/wp-content\/uploads\/2025\/03\/Claudio04PRI.jpg","contentUrl":"https:\/\/canal7slp.tv\/2025\/wp-content\/uploads\/2025\/03\/Claudio04PRI.jpg","width":1280,"height":720},{"@type":"BreadcrumbList","@id":"https:\/\/canal7slp.tv\/2025\/nueva-renuncia-en-el-pri-no-le-merece-mayor-comentario-a-la-dirigente-estatal-de-este-partido\/#breadcrumb","itemListElement":[{"@type":"ListItem","position":1,"name":"Portada","item":"https:\/\/canal7slp.tv\/2025\/"},{"@type":"ListItem","position":2,"name":"Nueva renuncia en el PRI no le merece mayor comentario a la dirigente estatal de este partido"}]},{"@type":"WebSite","@id":"https:\/\/canal7slp.tv\/2025\/#website","url":"https:\/\/canal7slp.tv\/2025\/","name":"N7 - Noticieros Canal 7","description":"Somos el Medio","publisher":{"@id":"https:\/\/canal7slp.tv\/2025\/#organization"},"potentialAction":[{"@type":"SearchAction","target":{"@type":"EntryPoint","urlTemplate":"https:\/\/canal7slp.tv\/2025\/?s={search_term_string}"},"query-input":{"@type":"PropertyValueSpecification","valueRequired":true,"valueName":"search_term_string"}}],"inLanguage":"es"},{"@type":"Organization","@id":"https:\/\/canal7slp.tv\/2025\/#organization","name":"Noticieros Canal 7","url":"https:\/\/canal7slp.tv\/2025\/","logo":{"@type":"ImageObject","inLanguage":"es","@id":"https:\/\/canal7slp.tv\/2025\/#\/schema\/logo\/image\/","url":"https:\/\/canal7slp.tv\/2025\/wp-content\/uploads\/2021\/01\/logo-noticieros@2x.png","contentUrl":"https:\/\/canal7slp.tv\/2025\/wp-content\/uploads\/2021\/01\/logo-noticieros@2x.png","width":1017,"height":268,"caption":"Noticieros Canal 7"},"image":{"@id":"https:\/\/canal7slp.tv\/2025\/#\/schema\/logo\/image\/"},"sameAs":["https:\/\/www.facebook.com\/noticieroscanal7atencionciudadana\/","https:\/\/x.com\/NOTICIEROS7","https:\/\/www.instagram.com\/canal7_slp","https:\/\/www.youtube.com\/channel\/UCliiYs-gP3JfJeqdPrNdd5A"]},{"@type":"Person","@id":"https:\/\/canal7slp.tv\/2025\/#\/schema\/person\/271e2b60a96e7cc9d9ac296f4d7e414b","name":"Edici\u00f3n Web","image":{"@type":"ImageObject","inLanguage":"es","@id":"https:\/\/secure.gravatar.com\/avatar\/eee448fc3f7164808013b816ba91ac7e43bbe82a70bebac296f8bc6f0addaa1a?s=96&d=mm&r=g","url":"https:\/\/secure.gravatar.com\/avatar\/eee448fc3f7164808013b816ba91ac7e43bbe82a70bebac296f8bc6f0addaa1a?s=96&d=mm&r=g","contentUrl":"https:\/\/secure.gravatar.com\/avatar\/eee448fc3f7164808013b816ba91ac7e43bbe82a70bebac296f8bc6f0addaa1a?s=96&d=mm&r=g","caption":"Edici\u00f3n Web"},"url":"https:\/\/canal7slp.tv\/2025\/author\/edicionweb\/"}]}},"_links":{"self":[{"href":"https:\/\/canal7slp.tv\/2025\/wp-json\/wp\/v2\/posts\/162006","targetHints":{"allow":["GET"]}}],"collection":[{"href":"https:\/\/canal7slp.tv\/2025\/wp-json\/wp\/v2\/posts"}],"about":[{"href":"https:\/\/canal7slp.tv\/2025\/wp-json\/wp\/v2\/types\/post"}],"author":[{"embeddable":true,"href":"https:\/\/canal7slp.tv\/2025\/wp-json\/wp\/v2\/users\/2"}],"replies":[{"embeddable":true,"href":"https:\/\/canal7slp.tv\/2025\/wp-json\/wp\/v2\/comments?post=162006"}],"version-history":[{"count":2,"href":"https:\/\/canal7slp.tv\/2025\/wp-json\/wp\/v2\/posts\/162006\/revisions"}],"predecessor-version":[{"id":162028,"href":"https:\/\/canal7slp.tv\/2025\/wp-json\/wp\/v2\/posts\/162006\/revisions\/162028"}],"wp:featuredmedia":[{"embeddable":true,"href":"https:\/\/canal7slp.tv\/2025\/wp-json\/wp\/v2\/media\/162027"}],"wp:attachment":[{"href":"https:\/\/canal7slp.tv\/2025\/wp-json\/wp\/v2\/media?parent=162006"}],"wp:term":[{"taxonomy":"category","embeddable":true,"href":"https:\/\/canal7slp.tv\/2025\/wp-json\/wp\/v2\/categories?post=162006"},{"taxonomy":"post_tag","embeddable":true,"href":"https:\/\/canal7slp.tv\/2025\/wp-json\/wp\/v2\/tags?post=162006"}],"curies":[{"name":"wp","href":"https:\/\/api.w.org\/{rel}","templated":true}]}}