{"id":162005,"date":"2025-03-31T20:42:49","date_gmt":"2025-04-01T02:42:49","guid":{"rendered":"https:\/\/canal7slp.tv\/2025\/?p=162005"},"modified":"2025-03-31T20:43:01","modified_gmt":"2025-04-01T02:43:01","slug":"aclara-el-gobernador-del-estado-que-mantenimiento-del-parque-de-morales-le-compete-al-ayuntamiento","status":"publish","type":"post","link":"https:\/\/canal7slp.tv\/2025\/aclara-el-gobernador-del-estado-que-mantenimiento-del-parque-de-morales-le-compete-al-ayuntamiento\/","title":{"rendered":"Aclara el gobernador del estado que mantenimiento del Parque de Morales le compete al Ayuntamiento"},"content":{"rendered":"<p style=\"text-align: justify;\"><span style=\"font-size: 1.21429rem;\">SLP.- Posterior al arranque del Programa de Pavimentaciones en diversas colonias el gobernador Ricardo Gallardo Cardona dijo en entrevista que desde el 1\u00b0 de Marzo, los estudiantes del nivel b\u00e1sico ya cuentan con un seguro de gastos m\u00e9dicos mayores en beneficio de m\u00e1s de 513 mil escolares.<\/span><\/p>\n<p style=\"text-align: justify;\">Asimismo, el mandatario estatal se refiri\u00f3 a varios temas, uno de ellos, el del Parque de Morales al decir que una vez agotadas las trabas legales para poder actuar, su gobierno modernizar\u00e1 este lugar al tiempo de aclarar que es al ayuntamiento capitalino a quien le corresponde su riego y mantenimiento.<\/p>\n<p style=\"text-align: justify;\">En otro orden de ideas Ricardo Gallardo Cardona pidi\u00f3 no politizar el tema de la reelecci\u00f3n de Giovanna Arg\u00fcelles Moreno, como presidenta de la Comisi\u00f3n Estatal de Derechos Humanos para el periodo del 1\u00b0 de Abril del 2025 al 31 de Marzo del 2029.<\/p>\n<p style=\"text-align: justify;\">Por: Claudio Ibarra<\/p>\n","protected":false},"excerpt":{"rendered":"<p>SLP.- Posterior al arranque del Programa de Pavimentaciones en diversas colonias el gobernador Ricardo Gallardo Cardona dijo en entrevista que desde el 1\u00b0 de Marzo, los estudiantes del nivel b\u00e1sico ya cuentan con un seguro de gastos m\u00e9dicos mayores en beneficio de m\u00e1s de 513 mil escolares. Asimismo, el mandatario estatal se refiri\u00f3 a varios temas, uno de ellos, el del Parque de Morales al decir que una vez agotadas las trabas legales para poder actuar, su gobierno modernizar\u00e1 este lugar al tiempo de aclarar que es al ayuntamiento capitalino a quien le corresponde su riego y mantenimiento. En otro [&hellip;]<\/p>\n","protected":false},"author":2,"featured_media":162024,"comment_status":"closed","ping_status":"closed","sticky":false,"template":"","format":"video","meta":{"_monsterinsights_skip_tracking":false,"_monsterinsights_sitenote_active":false,"_monsterinsights_sitenote_note":"","_monsterinsights_sitenote_category":0,"footnotes":""},"categories":[66,5,510,45],"tags":[],"class_list":["post-162005","post","type-post","status-publish","format-video","has-post-thumbnail","hentry","category-ayoslp","category-destacadas","category-gobedoslp","category-localesyregionales","post_format-post-format-video","post--single"],"yoast_head":"<!-- This site is optimized with the Yoast SEO plugin v27.4 - https:\/\/yoast.com\/product\/yoast-seo-wordpress\/ -->\n<title>Aclara el gobernador del estado que mantenimiento del Parque de Morales le compete al Ayuntamiento - Canal 7 SLP - 2025<\/title>\n<meta name=\"robots\" content=\"index, follow, max-snippet:-1, max-image-preview:large, max-video-preview:-1\" \/>\n<link rel=\"canonical\" href=\"https:\/\/canal7slp.tv\/2025\/aclara-el-gobernador-del-estado-que-mantenimiento-del-parque-de-morales-le-compete-al-ayuntamiento\/\" \/>\n<meta property=\"og:locale\" content=\"es_ES\" \/>\n<meta property=\"og:type\" content=\"article\" \/>\n<meta property=\"og:title\" content=\"Aclara el gobernador del estado que mantenimiento del Parque de Morales le compete al Ayuntamiento - Canal 7 SLP - 2025\" \/>\n<meta property=\"og:description\" content=\"SLP.- Posterior al arranque del Programa de Pavimentaciones en diversas colonias el gobernador Ricardo Gallardo Cardona dijo en entrevista que desde el 1\u00b0 de Marzo, los estudiantes del nivel b\u00e1sico ya cuentan con un seguro de gastos m\u00e9dicos mayores en beneficio de m\u00e1s de 513 mil escolares. Asimismo, el mandatario estatal se refiri\u00f3 a varios temas, uno de ellos, el del Parque de Morales al decir que una vez agotadas las trabas legales para poder actuar, su gobierno modernizar\u00e1 este lugar al tiempo de aclarar que es al ayuntamiento capitalino a quien le corresponde su riego y mantenimiento. En otro [&hellip;]\" \/>\n<meta property=\"og:url\" content=\"https:\/\/canal7slp.tv\/2025\/aclara-el-gobernador-del-estado-que-mantenimiento-del-parque-de-morales-le-compete-al-ayuntamiento\/\" \/>\n<meta property=\"og:site_name\" content=\"Canal 7 SLP - 2025\" \/>\n<meta property=\"article:publisher\" content=\"https:\/\/www.facebook.com\/noticieroscanal7atencionciudadana\/\" \/>\n<meta property=\"article:published_time\" content=\"2025-04-01T02:42:49+00:00\" \/>\n<meta property=\"article:modified_time\" content=\"2025-04-01T02:43:01+00:00\" \/>\n<meta property=\"og:image\" content=\"https:\/\/canal7slp.tv\/2025\/wp-content\/uploads\/2025\/03\/Claudio03Gobernador.jpg\" \/>\n\t<meta property=\"og:image:width\" content=\"1280\" \/>\n\t<meta property=\"og:image:height\" content=\"720\" \/>\n\t<meta property=\"og:image:type\" content=\"image\/jpeg\" \/>\n<meta name=\"author\" content=\"Edici\u00f3n Web\" \/>\n<meta name=\"twitter:card\" content=\"summary_large_image\" \/>\n<meta name=\"twitter:creator\" content=\"@NOTICIEROS7\" \/>\n<meta name=\"twitter:site\" content=\"@NOTICIEROS7\" \/>\n<meta name=\"twitter:label1\" content=\"Escrito por\" \/>\n\t<meta name=\"twitter:data1\" content=\"Edici\u00f3n Web\" \/>\n\t<meta name=\"twitter:label2\" content=\"Tiempo de lectura\" \/>\n\t<meta name=\"twitter:data2\" content=\"1 minuto\" \/>\n<script type=\"application\/ld+json\" class=\"yoast-schema-graph\">{\"@context\":\"https:\\\/\\\/schema.org\",\"@graph\":[{\"@type\":\"Article\",\"@id\":\"https:\\\/\\\/canal7slp.tv\\\/2025\\\/aclara-el-gobernador-del-estado-que-mantenimiento-del-parque-de-morales-le-compete-al-ayuntamiento\\\/#article\",\"isPartOf\":{\"@id\":\"https:\\\/\\\/canal7slp.tv\\\/2025\\\/aclara-el-gobernador-del-estado-que-mantenimiento-del-parque-de-morales-le-compete-al-ayuntamiento\\\/\"},\"author\":{\"name\":\"Edici\u00f3n Web\",\"@id\":\"https:\\\/\\\/canal7slp.tv\\\/2025\\\/#\\\/schema\\\/person\\\/271e2b60a96e7cc9d9ac296f4d7e414b\"},\"headline\":\"Aclara el gobernador del estado que mantenimiento del Parque de Morales le compete al Ayuntamiento\",\"datePublished\":\"2025-04-01T02:42:49+00:00\",\"dateModified\":\"2025-04-01T02:43:01+00:00\",\"mainEntityOfPage\":{\"@id\":\"https:\\\/\\\/canal7slp.tv\\\/2025\\\/aclara-el-gobernador-del-estado-que-mantenimiento-del-parque-de-morales-le-compete-al-ayuntamiento\\\/\"},\"wordCount\":161,\"publisher\":{\"@id\":\"https:\\\/\\\/canal7slp.tv\\\/2025\\\/#organization\"},\"image\":{\"@id\":\"https:\\\/\\\/canal7slp.tv\\\/2025\\\/aclara-el-gobernador-del-estado-que-mantenimiento-del-parque-de-morales-le-compete-al-ayuntamiento\\\/#primaryimage\"},\"thumbnailUrl\":\"https:\\\/\\\/canal7slp.tv\\\/2025\\\/wp-content\\\/uploads\\\/2025\\\/03\\\/Claudio03Gobernador.jpg\",\"articleSection\":[\"AYOSLP\",\"DESTACADAS\",\"GOBEDOSLP\",\"LOCALES Y REGIONALES\"],\"inLanguage\":\"es\"},{\"@type\":\"WebPage\",\"@id\":\"https:\\\/\\\/canal7slp.tv\\\/2025\\\/aclara-el-gobernador-del-estado-que-mantenimiento-del-parque-de-morales-le-compete-al-ayuntamiento\\\/\",\"url\":\"https:\\\/\\\/canal7slp.tv\\\/2025\\\/aclara-el-gobernador-del-estado-que-mantenimiento-del-parque-de-morales-le-compete-al-ayuntamiento\\\/\",\"name\":\"Aclara el gobernador del estado que mantenimiento del Parque de Morales le compete al Ayuntamiento - Canal 7 SLP - 2025\",\"isPartOf\":{\"@id\":\"https:\\\/\\\/canal7slp.tv\\\/2025\\\/#website\"},\"primaryImageOfPage\":{\"@id\":\"https:\\\/\\\/canal7slp.tv\\\/2025\\\/aclara-el-gobernador-del-estado-que-mantenimiento-del-parque-de-morales-le-compete-al-ayuntamiento\\\/#primaryimage\"},\"image\":{\"@id\":\"https:\\\/\\\/canal7slp.tv\\\/2025\\\/aclara-el-gobernador-del-estado-que-mantenimiento-del-parque-de-morales-le-compete-al-ayuntamiento\\\/#primaryimage\"},\"thumbnailUrl\":\"https:\\\/\\\/canal7slp.tv\\\/2025\\\/wp-content\\\/uploads\\\/2025\\\/03\\\/Claudio03Gobernador.jpg\",\"datePublished\":\"2025-04-01T02:42:49+00:00\",\"dateModified\":\"2025-04-01T02:43:01+00:00\",\"breadcrumb\":{\"@id\":\"https:\\\/\\\/canal7slp.tv\\\/2025\\\/aclara-el-gobernador-del-estado-que-mantenimiento-del-parque-de-morales-le-compete-al-ayuntamiento\\\/#breadcrumb\"},\"inLanguage\":\"es\",\"potentialAction\":[{\"@type\":\"ReadAction\",\"target\":[\"https:\\\/\\\/canal7slp.tv\\\/2025\\\/aclara-el-gobernador-del-estado-que-mantenimiento-del-parque-de-morales-le-compete-al-ayuntamiento\\\/\"]}]},{\"@type\":\"ImageObject\",\"inLanguage\":\"es\",\"@id\":\"https:\\\/\\\/canal7slp.tv\\\/2025\\\/aclara-el-gobernador-del-estado-que-mantenimiento-del-parque-de-morales-le-compete-al-ayuntamiento\\\/#primaryimage\",\"url\":\"https:\\\/\\\/canal7slp.tv\\\/2025\\\/wp-content\\\/uploads\\\/2025\\\/03\\\/Claudio03Gobernador.jpg\",\"contentUrl\":\"https:\\\/\\\/canal7slp.tv\\\/2025\\\/wp-content\\\/uploads\\\/2025\\\/03\\\/Claudio03Gobernador.jpg\",\"width\":1280,\"height\":720},{\"@type\":\"BreadcrumbList\",\"@id\":\"https:\\\/\\\/canal7slp.tv\\\/2025\\\/aclara-el-gobernador-del-estado-que-mantenimiento-del-parque-de-morales-le-compete-al-ayuntamiento\\\/#breadcrumb\",\"itemListElement\":[{\"@type\":\"ListItem\",\"position\":1,\"name\":\"Portada\",\"item\":\"https:\\\/\\\/canal7slp.tv\\\/2025\\\/\"},{\"@type\":\"ListItem\",\"position\":2,\"name\":\"Aclara el gobernador del estado que mantenimiento del Parque de Morales le compete al Ayuntamiento\"}]},{\"@type\":\"WebSite\",\"@id\":\"https:\\\/\\\/canal7slp.tv\\\/2025\\\/#website\",\"url\":\"https:\\\/\\\/canal7slp.tv\\\/2025\\\/\",\"name\":\"N7 - Noticieros Canal 7\",\"description\":\"Somos el Medio\",\"publisher\":{\"@id\":\"https:\\\/\\\/canal7slp.tv\\\/2025\\\/#organization\"},\"potentialAction\":[{\"@type\":\"SearchAction\",\"target\":{\"@type\":\"EntryPoint\",\"urlTemplate\":\"https:\\\/\\\/canal7slp.tv\\\/2025\\\/?s={search_term_string}\"},\"query-input\":{\"@type\":\"PropertyValueSpecification\",\"valueRequired\":true,\"valueName\":\"search_term_string\"}}],\"inLanguage\":\"es\"},{\"@type\":\"Organization\",\"@id\":\"https:\\\/\\\/canal7slp.tv\\\/2025\\\/#organization\",\"name\":\"Noticieros Canal 7\",\"url\":\"https:\\\/\\\/canal7slp.tv\\\/2025\\\/\",\"logo\":{\"@type\":\"ImageObject\",\"inLanguage\":\"es\",\"@id\":\"https:\\\/\\\/canal7slp.tv\\\/2025\\\/#\\\/schema\\\/logo\\\/image\\\/\",\"url\":\"https:\\\/\\\/canal7slp.tv\\\/2025\\\/wp-content\\\/uploads\\\/2021\\\/01\\\/logo-noticieros@2x.png\",\"contentUrl\":\"https:\\\/\\\/canal7slp.tv\\\/2025\\\/wp-content\\\/uploads\\\/2021\\\/01\\\/logo-noticieros@2x.png\",\"width\":1017,\"height\":268,\"caption\":\"Noticieros Canal 7\"},\"image\":{\"@id\":\"https:\\\/\\\/canal7slp.tv\\\/2025\\\/#\\\/schema\\\/logo\\\/image\\\/\"},\"sameAs\":[\"https:\\\/\\\/www.facebook.com\\\/noticieroscanal7atencionciudadana\\\/\",\"https:\\\/\\\/x.com\\\/NOTICIEROS7\",\"https:\\\/\\\/www.instagram.com\\\/canal7_slp\",\"https:\\\/\\\/www.youtube.com\\\/channel\\\/UCliiYs-gP3JfJeqdPrNdd5A\"]},{\"@type\":\"Person\",\"@id\":\"https:\\\/\\\/canal7slp.tv\\\/2025\\\/#\\\/schema\\\/person\\\/271e2b60a96e7cc9d9ac296f4d7e414b\",\"name\":\"Edici\u00f3n Web\",\"image\":{\"@type\":\"ImageObject\",\"inLanguage\":\"es\",\"@id\":\"https:\\\/\\\/secure.gravatar.com\\\/avatar\\\/eee448fc3f7164808013b816ba91ac7e43bbe82a70bebac296f8bc6f0addaa1a?s=96&d=mm&r=g\",\"url\":\"https:\\\/\\\/secure.gravatar.com\\\/avatar\\\/eee448fc3f7164808013b816ba91ac7e43bbe82a70bebac296f8bc6f0addaa1a?s=96&d=mm&r=g\",\"contentUrl\":\"https:\\\/\\\/secure.gravatar.com\\\/avatar\\\/eee448fc3f7164808013b816ba91ac7e43bbe82a70bebac296f8bc6f0addaa1a?s=96&d=mm&r=g\",\"caption\":\"Edici\u00f3n Web\"},\"url\":\"https:\\\/\\\/canal7slp.tv\\\/2025\\\/author\\\/edicionweb\\\/\"}]}<\/script>\n<!-- \/ Yoast SEO plugin. -->","yoast_head_json":{"title":"Aclara el gobernador del estado que mantenimiento del Parque de Morales le compete al Ayuntamiento - Canal 7 SLP - 2025","robots":{"index":"index","follow":"follow","max-snippet":"max-snippet:-1","max-image-preview":"max-image-preview:large","max-video-preview":"max-video-preview:-1"},"canonical":"https:\/\/canal7slp.tv\/2025\/aclara-el-gobernador-del-estado-que-mantenimiento-del-parque-de-morales-le-compete-al-ayuntamiento\/","og_locale":"es_ES","og_type":"article","og_title":"Aclara el gobernador del estado que mantenimiento del Parque de Morales le compete al Ayuntamiento - Canal 7 SLP - 2025","og_description":"SLP.- Posterior al arranque del Programa de Pavimentaciones en diversas colonias el gobernador Ricardo Gallardo Cardona dijo en entrevista que desde el 1\u00b0 de Marzo, los estudiantes del nivel b\u00e1sico ya cuentan con un seguro de gastos m\u00e9dicos mayores en beneficio de m\u00e1s de 513 mil escolares. Asimismo, el mandatario estatal se refiri\u00f3 a varios temas, uno de ellos, el del Parque de Morales al decir que una vez agotadas las trabas legales para poder actuar, su gobierno modernizar\u00e1 este lugar al tiempo de aclarar que es al ayuntamiento capitalino a quien le corresponde su riego y mantenimiento. En otro [&hellip;]","og_url":"https:\/\/canal7slp.tv\/2025\/aclara-el-gobernador-del-estado-que-mantenimiento-del-parque-de-morales-le-compete-al-ayuntamiento\/","og_site_name":"Canal 7 SLP - 2025","article_publisher":"https:\/\/www.facebook.com\/noticieroscanal7atencionciudadana\/","article_published_time":"2025-04-01T02:42:49+00:00","article_modified_time":"2025-04-01T02:43:01+00:00","og_image":[{"width":1280,"height":720,"url":"https:\/\/canal7slp.tv\/2025\/wp-content\/uploads\/2025\/03\/Claudio03Gobernador.jpg","type":"image\/jpeg"}],"author":"Edici\u00f3n Web","twitter_card":"summary_large_image","twitter_creator":"@NOTICIEROS7","twitter_site":"@NOTICIEROS7","twitter_misc":{"Escrito por":"Edici\u00f3n Web","Tiempo de lectura":"1 minuto"},"schema":{"@context":"https:\/\/schema.org","@graph":[{"@type":"Article","@id":"https:\/\/canal7slp.tv\/2025\/aclara-el-gobernador-del-estado-que-mantenimiento-del-parque-de-morales-le-compete-al-ayuntamiento\/#article","isPartOf":{"@id":"https:\/\/canal7slp.tv\/2025\/aclara-el-gobernador-del-estado-que-mantenimiento-del-parque-de-morales-le-compete-al-ayuntamiento\/"},"author":{"name":"Edici\u00f3n Web","@id":"https:\/\/canal7slp.tv\/2025\/#\/schema\/person\/271e2b60a96e7cc9d9ac296f4d7e414b"},"headline":"Aclara el gobernador del estado que mantenimiento del Parque de Morales le compete al Ayuntamiento","datePublished":"2025-04-01T02:42:49+00:00","dateModified":"2025-04-01T02:43:01+00:00","mainEntityOfPage":{"@id":"https:\/\/canal7slp.tv\/2025\/aclara-el-gobernador-del-estado-que-mantenimiento-del-parque-de-morales-le-compete-al-ayuntamiento\/"},"wordCount":161,"publisher":{"@id":"https:\/\/canal7slp.tv\/2025\/#organization"},"image":{"@id":"https:\/\/canal7slp.tv\/2025\/aclara-el-gobernador-del-estado-que-mantenimiento-del-parque-de-morales-le-compete-al-ayuntamiento\/#primaryimage"},"thumbnailUrl":"https:\/\/canal7slp.tv\/2025\/wp-content\/uploads\/2025\/03\/Claudio03Gobernador.jpg","articleSection":["AYOSLP","DESTACADAS","GOBEDOSLP","LOCALES Y REGIONALES"],"inLanguage":"es"},{"@type":"WebPage","@id":"https:\/\/canal7slp.tv\/2025\/aclara-el-gobernador-del-estado-que-mantenimiento-del-parque-de-morales-le-compete-al-ayuntamiento\/","url":"https:\/\/canal7slp.tv\/2025\/aclara-el-gobernador-del-estado-que-mantenimiento-del-parque-de-morales-le-compete-al-ayuntamiento\/","name":"Aclara el gobernador del estado que mantenimiento del Parque de Morales le compete al Ayuntamiento - Canal 7 SLP - 2025","isPartOf":{"@id":"https:\/\/canal7slp.tv\/2025\/#website"},"primaryImageOfPage":{"@id":"https:\/\/canal7slp.tv\/2025\/aclara-el-gobernador-del-estado-que-mantenimiento-del-parque-de-morales-le-compete-al-ayuntamiento\/#primaryimage"},"image":{"@id":"https:\/\/canal7slp.tv\/2025\/aclara-el-gobernador-del-estado-que-mantenimiento-del-parque-de-morales-le-compete-al-ayuntamiento\/#primaryimage"},"thumbnailUrl":"https:\/\/canal7slp.tv\/2025\/wp-content\/uploads\/2025\/03\/Claudio03Gobernador.jpg","datePublished":"2025-04-01T02:42:49+00:00","dateModified":"2025-04-01T02:43:01+00:00","breadcrumb":{"@id":"https:\/\/canal7slp.tv\/2025\/aclara-el-gobernador-del-estado-que-mantenimiento-del-parque-de-morales-le-compete-al-ayuntamiento\/#breadcrumb"},"inLanguage":"es","potentialAction":[{"@type":"ReadAction","target":["https:\/\/canal7slp.tv\/2025\/aclara-el-gobernador-del-estado-que-mantenimiento-del-parque-de-morales-le-compete-al-ayuntamiento\/"]}]},{"@type":"ImageObject","inLanguage":"es","@id":"https:\/\/canal7slp.tv\/2025\/aclara-el-gobernador-del-estado-que-mantenimiento-del-parque-de-morales-le-compete-al-ayuntamiento\/#primaryimage","url":"https:\/\/canal7slp.tv\/2025\/wp-content\/uploads\/2025\/03\/Claudio03Gobernador.jpg","contentUrl":"https:\/\/canal7slp.tv\/2025\/wp-content\/uploads\/2025\/03\/Claudio03Gobernador.jpg","width":1280,"height":720},{"@type":"BreadcrumbList","@id":"https:\/\/canal7slp.tv\/2025\/aclara-el-gobernador-del-estado-que-mantenimiento-del-parque-de-morales-le-compete-al-ayuntamiento\/#breadcrumb","itemListElement":[{"@type":"ListItem","position":1,"name":"Portada","item":"https:\/\/canal7slp.tv\/2025\/"},{"@type":"ListItem","position":2,"name":"Aclara el gobernador del estado que mantenimiento del Parque de Morales le compete al Ayuntamiento"}]},{"@type":"WebSite","@id":"https:\/\/canal7slp.tv\/2025\/#website","url":"https:\/\/canal7slp.tv\/2025\/","name":"N7 - Noticieros Canal 7","description":"Somos el Medio","publisher":{"@id":"https:\/\/canal7slp.tv\/2025\/#organization"},"potentialAction":[{"@type":"SearchAction","target":{"@type":"EntryPoint","urlTemplate":"https:\/\/canal7slp.tv\/2025\/?s={search_term_string}"},"query-input":{"@type":"PropertyValueSpecification","valueRequired":true,"valueName":"search_term_string"}}],"inLanguage":"es"},{"@type":"Organization","@id":"https:\/\/canal7slp.tv\/2025\/#organization","name":"Noticieros Canal 7","url":"https:\/\/canal7slp.tv\/2025\/","logo":{"@type":"ImageObject","inLanguage":"es","@id":"https:\/\/canal7slp.tv\/2025\/#\/schema\/logo\/image\/","url":"https:\/\/canal7slp.tv\/2025\/wp-content\/uploads\/2021\/01\/logo-noticieros@2x.png","contentUrl":"https:\/\/canal7slp.tv\/2025\/wp-content\/uploads\/2021\/01\/logo-noticieros@2x.png","width":1017,"height":268,"caption":"Noticieros Canal 7"},"image":{"@id":"https:\/\/canal7slp.tv\/2025\/#\/schema\/logo\/image\/"},"sameAs":["https:\/\/www.facebook.com\/noticieroscanal7atencionciudadana\/","https:\/\/x.com\/NOTICIEROS7","https:\/\/www.instagram.com\/canal7_slp","https:\/\/www.youtube.com\/channel\/UCliiYs-gP3JfJeqdPrNdd5A"]},{"@type":"Person","@id":"https:\/\/canal7slp.tv\/2025\/#\/schema\/person\/271e2b60a96e7cc9d9ac296f4d7e414b","name":"Edici\u00f3n Web","image":{"@type":"ImageObject","inLanguage":"es","@id":"https:\/\/secure.gravatar.com\/avatar\/eee448fc3f7164808013b816ba91ac7e43bbe82a70bebac296f8bc6f0addaa1a?s=96&d=mm&r=g","url":"https:\/\/secure.gravatar.com\/avatar\/eee448fc3f7164808013b816ba91ac7e43bbe82a70bebac296f8bc6f0addaa1a?s=96&d=mm&r=g","contentUrl":"https:\/\/secure.gravatar.com\/avatar\/eee448fc3f7164808013b816ba91ac7e43bbe82a70bebac296f8bc6f0addaa1a?s=96&d=mm&r=g","caption":"Edici\u00f3n Web"},"url":"https:\/\/canal7slp.tv\/2025\/author\/edicionweb\/"}]}},"_links":{"self":[{"href":"https:\/\/canal7slp.tv\/2025\/wp-json\/wp\/v2\/posts\/162005","targetHints":{"allow":["GET"]}}],"collection":[{"href":"https:\/\/canal7slp.tv\/2025\/wp-json\/wp\/v2\/posts"}],"about":[{"href":"https:\/\/canal7slp.tv\/2025\/wp-json\/wp\/v2\/types\/post"}],"author":[{"embeddable":true,"href":"https:\/\/canal7slp.tv\/2025\/wp-json\/wp\/v2\/users\/2"}],"replies":[{"embeddable":true,"href":"https:\/\/canal7slp.tv\/2025\/wp-json\/wp\/v2\/comments?post=162005"}],"version-history":[{"count":2,"href":"https:\/\/canal7slp.tv\/2025\/wp-json\/wp\/v2\/posts\/162005\/revisions"}],"predecessor-version":[{"id":162025,"href":"https:\/\/canal7slp.tv\/2025\/wp-json\/wp\/v2\/posts\/162005\/revisions\/162025"}],"wp:featuredmedia":[{"embeddable":true,"href":"https:\/\/canal7slp.tv\/2025\/wp-json\/wp\/v2\/media\/162024"}],"wp:attachment":[{"href":"https:\/\/canal7slp.tv\/2025\/wp-json\/wp\/v2\/media?parent=162005"}],"wp:term":[{"taxonomy":"category","embeddable":true,"href":"https:\/\/canal7slp.tv\/2025\/wp-json\/wp\/v2\/categories?post=162005"},{"taxonomy":"post_tag","embeddable":true,"href":"https:\/\/canal7slp.tv\/2025\/wp-json\/wp\/v2\/tags?post=162005"}],"curies":[{"name":"wp","href":"https:\/\/api.w.org\/{rel}","templated":true}]}}