{"id":161986,"date":"2025-03-31T17:00:06","date_gmt":"2025-03-31T23:00:06","guid":{"rendered":"https:\/\/canal7slp.tv\/2025\/?p=161986"},"modified":"2025-03-31T17:00:06","modified_gmt":"2025-03-31T23:00:06","slug":"padre-del-menor-ian-incurre-en-el-delito-de-sustraccion-ya-que-no-cuenta-con-custodia","status":"publish","type":"post","link":"https:\/\/canal7slp.tv\/2025\/padre-del-menor-ian-incurre-en-el-delito-de-sustraccion-ya-que-no-cuenta-con-custodia\/","title":{"rendered":"Padre del menor Ian incurre en el delito de sustracci\u00f3n ya que no cuenta con custodia"},"content":{"rendered":"<p style=\"text-align: justify;\"><span style=\"font-size: 1.21429rem;\">SLP.- Padre de ni\u00f1o Ian incurre en el delito de sustracci\u00f3n de menores pues no cuenta con la custodia y el mismo no ha regresado al peque\u00f1o con su madre, as\u00ed lo expuso la titular de la Fiscal\u00eda General del Estado de San Luis Potos\u00ed, Mar\u00eda Manuela Garc\u00eda C\u00e1zares.<\/span><\/p>\n<p style=\"text-align: justify;\">\u201cSustracci\u00f3n de menores (\u2026) bueno tiene prisi\u00f3n preventiva, tiene pena de privativa de libertad, pero bueno esperemos que el padre tambi\u00e9n concientizarlo que pues es un asunto que tiene que resolver\u201d.<\/p>\n<p style=\"text-align: justify;\">Y es que desde el pasado 21 de marzo el padre de Ian recogi\u00f3 al menor para sus d\u00edas de convivencia y no lo regres\u00f3 con su progenitora.<\/p>\n<p style=\"text-align: justify;\">\u201cPorque est\u00e1 con su padre, pero bueno, seguimos en la investigaci\u00f3n porque la madre tiene la guardia y custodia y bueno le toc\u00f3 a \u00e9l la visita y no lo regres\u00f3\u201d.<\/p>\n<p style=\"text-align: justify;\">Los casos en el que uno de los padres sustrae a uno o varios hijos sin tener la custodia permanente no abundan.<\/p>\n<p style=\"text-align: justify;\">\u201cCuando ocurre pues se pone la denuncia pero no tenemos un n\u00famero muy grande \u00bfpor qu\u00e9?, porque los jueces familiares tambi\u00e9n tienen facultades para tratar de recuperar a los menores, en este caso no ha sido as\u00ed y por eso se apertura la carpeta de investigaci\u00f3n\u201d.<\/p>\n<p>Por: Juan Carlos Contreras<\/p>\n","protected":false},"excerpt":{"rendered":"<p>SLP.- Padre de ni\u00f1o Ian incurre en el delito de sustracci\u00f3n de menores pues no cuenta con la custodia y el mismo no ha regresado al peque\u00f1o con su madre, as\u00ed lo expuso la titular de la Fiscal\u00eda General del Estado de San Luis Potos\u00ed, Mar\u00eda Manuela Garc\u00eda C\u00e1zares. \u201cSustracci\u00f3n de menores (\u2026) bueno tiene prisi\u00f3n preventiva, tiene pena de privativa de libertad, pero bueno esperemos que el padre tambi\u00e9n concientizarlo que pues es un asunto que tiene que resolver\u201d. Y es que desde el pasado 21 de marzo el padre de Ian recogi\u00f3 al menor para sus d\u00edas de [&hellip;]<\/p>\n","protected":false},"author":2,"featured_media":161995,"comment_status":"closed","ping_status":"closed","sticky":false,"template":"","format":"video","meta":{"_monsterinsights_skip_tracking":false,"_monsterinsights_sitenote_active":false,"_monsterinsights_sitenote_note":"","_monsterinsights_sitenote_category":0,"footnotes":""},"categories":[5,510,45],"tags":[],"class_list":["post-161986","post","type-post","status-publish","format-video","has-post-thumbnail","hentry","category-destacadas","category-gobedoslp","category-localesyregionales","post_format-post-format-video","post--single"],"yoast_head":"<!-- This site is optimized with the Yoast SEO plugin v27.4 - https:\/\/yoast.com\/product\/yoast-seo-wordpress\/ -->\n<title>Padre del menor Ian incurre en el delito de sustracci\u00f3n ya que no cuenta con custodia - Canal 7 SLP - 2025<\/title>\n<meta name=\"robots\" content=\"index, follow, max-snippet:-1, max-image-preview:large, max-video-preview:-1\" \/>\n<link rel=\"canonical\" href=\"https:\/\/canal7slp.tv\/2025\/padre-del-menor-ian-incurre-en-el-delito-de-sustraccion-ya-que-no-cuenta-con-custodia\/\" \/>\n<meta property=\"og:locale\" content=\"es_ES\" \/>\n<meta property=\"og:type\" content=\"article\" \/>\n<meta property=\"og:title\" content=\"Padre del menor Ian incurre en el delito de sustracci\u00f3n ya que no cuenta con custodia - Canal 7 SLP - 2025\" \/>\n<meta property=\"og:description\" content=\"SLP.- Padre de ni\u00f1o Ian incurre en el delito de sustracci\u00f3n de menores pues no cuenta con la custodia y el mismo no ha regresado al peque\u00f1o con su madre, as\u00ed lo expuso la titular de la Fiscal\u00eda General del Estado de San Luis Potos\u00ed, Mar\u00eda Manuela Garc\u00eda C\u00e1zares. \u201cSustracci\u00f3n de menores (\u2026) bueno tiene prisi\u00f3n preventiva, tiene pena de privativa de libertad, pero bueno esperemos que el padre tambi\u00e9n concientizarlo que pues es un asunto que tiene que resolver\u201d. Y es que desde el pasado 21 de marzo el padre de Ian recogi\u00f3 al menor para sus d\u00edas de [&hellip;]\" \/>\n<meta property=\"og:url\" content=\"https:\/\/canal7slp.tv\/2025\/padre-del-menor-ian-incurre-en-el-delito-de-sustraccion-ya-que-no-cuenta-con-custodia\/\" \/>\n<meta property=\"og:site_name\" content=\"Canal 7 SLP - 2025\" \/>\n<meta property=\"article:publisher\" content=\"https:\/\/www.facebook.com\/noticieroscanal7atencionciudadana\/\" \/>\n<meta property=\"article:published_time\" content=\"2025-03-31T23:00:06+00:00\" \/>\n<meta property=\"og:image\" content=\"https:\/\/canal7slp.tv\/2025\/wp-content\/uploads\/2025\/03\/Poky01FGEIan.jpg\" \/>\n\t<meta property=\"og:image:width\" content=\"1280\" \/>\n\t<meta property=\"og:image:height\" content=\"720\" \/>\n\t<meta property=\"og:image:type\" content=\"image\/jpeg\" \/>\n<meta name=\"author\" content=\"Edici\u00f3n Web\" \/>\n<meta name=\"twitter:card\" content=\"summary_large_image\" \/>\n<meta name=\"twitter:creator\" content=\"@NOTICIEROS7\" \/>\n<meta name=\"twitter:site\" content=\"@NOTICIEROS7\" \/>\n<meta name=\"twitter:label1\" content=\"Escrito por\" \/>\n\t<meta name=\"twitter:data1\" content=\"Edici\u00f3n Web\" \/>\n\t<meta name=\"twitter:label2\" content=\"Tiempo de lectura\" \/>\n\t<meta name=\"twitter:data2\" content=\"2 minutos\" \/>\n<script type=\"application\/ld+json\" class=\"yoast-schema-graph\">{\"@context\":\"https:\\\/\\\/schema.org\",\"@graph\":[{\"@type\":\"Article\",\"@id\":\"https:\\\/\\\/canal7slp.tv\\\/2025\\\/padre-del-menor-ian-incurre-en-el-delito-de-sustraccion-ya-que-no-cuenta-con-custodia\\\/#article\",\"isPartOf\":{\"@id\":\"https:\\\/\\\/canal7slp.tv\\\/2025\\\/padre-del-menor-ian-incurre-en-el-delito-de-sustraccion-ya-que-no-cuenta-con-custodia\\\/\"},\"author\":{\"name\":\"Edici\u00f3n Web\",\"@id\":\"https:\\\/\\\/canal7slp.tv\\\/2025\\\/#\\\/schema\\\/person\\\/271e2b60a96e7cc9d9ac296f4d7e414b\"},\"headline\":\"Padre del menor Ian incurre en el delito de sustracci\u00f3n ya que no cuenta con custodia\",\"datePublished\":\"2025-03-31T23:00:06+00:00\",\"mainEntityOfPage\":{\"@id\":\"https:\\\/\\\/canal7slp.tv\\\/2025\\\/padre-del-menor-ian-incurre-en-el-delito-de-sustraccion-ya-que-no-cuenta-con-custodia\\\/\"},\"wordCount\":242,\"publisher\":{\"@id\":\"https:\\\/\\\/canal7slp.tv\\\/2025\\\/#organization\"},\"image\":{\"@id\":\"https:\\\/\\\/canal7slp.tv\\\/2025\\\/padre-del-menor-ian-incurre-en-el-delito-de-sustraccion-ya-que-no-cuenta-con-custodia\\\/#primaryimage\"},\"thumbnailUrl\":\"https:\\\/\\\/canal7slp.tv\\\/2025\\\/wp-content\\\/uploads\\\/2025\\\/03\\\/Poky01FGEIan.jpg\",\"articleSection\":[\"DESTACADAS\",\"GOBEDOSLP\",\"LOCALES Y REGIONALES\"],\"inLanguage\":\"es\"},{\"@type\":\"WebPage\",\"@id\":\"https:\\\/\\\/canal7slp.tv\\\/2025\\\/padre-del-menor-ian-incurre-en-el-delito-de-sustraccion-ya-que-no-cuenta-con-custodia\\\/\",\"url\":\"https:\\\/\\\/canal7slp.tv\\\/2025\\\/padre-del-menor-ian-incurre-en-el-delito-de-sustraccion-ya-que-no-cuenta-con-custodia\\\/\",\"name\":\"Padre del menor Ian incurre en el delito de sustracci\u00f3n ya que no cuenta con custodia - Canal 7 SLP - 2025\",\"isPartOf\":{\"@id\":\"https:\\\/\\\/canal7slp.tv\\\/2025\\\/#website\"},\"primaryImageOfPage\":{\"@id\":\"https:\\\/\\\/canal7slp.tv\\\/2025\\\/padre-del-menor-ian-incurre-en-el-delito-de-sustraccion-ya-que-no-cuenta-con-custodia\\\/#primaryimage\"},\"image\":{\"@id\":\"https:\\\/\\\/canal7slp.tv\\\/2025\\\/padre-del-menor-ian-incurre-en-el-delito-de-sustraccion-ya-que-no-cuenta-con-custodia\\\/#primaryimage\"},\"thumbnailUrl\":\"https:\\\/\\\/canal7slp.tv\\\/2025\\\/wp-content\\\/uploads\\\/2025\\\/03\\\/Poky01FGEIan.jpg\",\"datePublished\":\"2025-03-31T23:00:06+00:00\",\"breadcrumb\":{\"@id\":\"https:\\\/\\\/canal7slp.tv\\\/2025\\\/padre-del-menor-ian-incurre-en-el-delito-de-sustraccion-ya-que-no-cuenta-con-custodia\\\/#breadcrumb\"},\"inLanguage\":\"es\",\"potentialAction\":[{\"@type\":\"ReadAction\",\"target\":[\"https:\\\/\\\/canal7slp.tv\\\/2025\\\/padre-del-menor-ian-incurre-en-el-delito-de-sustraccion-ya-que-no-cuenta-con-custodia\\\/\"]}]},{\"@type\":\"ImageObject\",\"inLanguage\":\"es\",\"@id\":\"https:\\\/\\\/canal7slp.tv\\\/2025\\\/padre-del-menor-ian-incurre-en-el-delito-de-sustraccion-ya-que-no-cuenta-con-custodia\\\/#primaryimage\",\"url\":\"https:\\\/\\\/canal7slp.tv\\\/2025\\\/wp-content\\\/uploads\\\/2025\\\/03\\\/Poky01FGEIan.jpg\",\"contentUrl\":\"https:\\\/\\\/canal7slp.tv\\\/2025\\\/wp-content\\\/uploads\\\/2025\\\/03\\\/Poky01FGEIan.jpg\",\"width\":1280,\"height\":720},{\"@type\":\"BreadcrumbList\",\"@id\":\"https:\\\/\\\/canal7slp.tv\\\/2025\\\/padre-del-menor-ian-incurre-en-el-delito-de-sustraccion-ya-que-no-cuenta-con-custodia\\\/#breadcrumb\",\"itemListElement\":[{\"@type\":\"ListItem\",\"position\":1,\"name\":\"Portada\",\"item\":\"https:\\\/\\\/canal7slp.tv\\\/2025\\\/\"},{\"@type\":\"ListItem\",\"position\":2,\"name\":\"Padre del menor Ian incurre en el delito de sustracci\u00f3n ya que no cuenta con custodia\"}]},{\"@type\":\"WebSite\",\"@id\":\"https:\\\/\\\/canal7slp.tv\\\/2025\\\/#website\",\"url\":\"https:\\\/\\\/canal7slp.tv\\\/2025\\\/\",\"name\":\"N7 - Noticieros Canal 7\",\"description\":\"Somos el Medio\",\"publisher\":{\"@id\":\"https:\\\/\\\/canal7slp.tv\\\/2025\\\/#organization\"},\"potentialAction\":[{\"@type\":\"SearchAction\",\"target\":{\"@type\":\"EntryPoint\",\"urlTemplate\":\"https:\\\/\\\/canal7slp.tv\\\/2025\\\/?s={search_term_string}\"},\"query-input\":{\"@type\":\"PropertyValueSpecification\",\"valueRequired\":true,\"valueName\":\"search_term_string\"}}],\"inLanguage\":\"es\"},{\"@type\":\"Organization\",\"@id\":\"https:\\\/\\\/canal7slp.tv\\\/2025\\\/#organization\",\"name\":\"Noticieros Canal 7\",\"url\":\"https:\\\/\\\/canal7slp.tv\\\/2025\\\/\",\"logo\":{\"@type\":\"ImageObject\",\"inLanguage\":\"es\",\"@id\":\"https:\\\/\\\/canal7slp.tv\\\/2025\\\/#\\\/schema\\\/logo\\\/image\\\/\",\"url\":\"https:\\\/\\\/canal7slp.tv\\\/2025\\\/wp-content\\\/uploads\\\/2021\\\/01\\\/logo-noticieros@2x.png\",\"contentUrl\":\"https:\\\/\\\/canal7slp.tv\\\/2025\\\/wp-content\\\/uploads\\\/2021\\\/01\\\/logo-noticieros@2x.png\",\"width\":1017,\"height\":268,\"caption\":\"Noticieros Canal 7\"},\"image\":{\"@id\":\"https:\\\/\\\/canal7slp.tv\\\/2025\\\/#\\\/schema\\\/logo\\\/image\\\/\"},\"sameAs\":[\"https:\\\/\\\/www.facebook.com\\\/noticieroscanal7atencionciudadana\\\/\",\"https:\\\/\\\/x.com\\\/NOTICIEROS7\",\"https:\\\/\\\/www.instagram.com\\\/canal7_slp\",\"https:\\\/\\\/www.youtube.com\\\/channel\\\/UCliiYs-gP3JfJeqdPrNdd5A\"]},{\"@type\":\"Person\",\"@id\":\"https:\\\/\\\/canal7slp.tv\\\/2025\\\/#\\\/schema\\\/person\\\/271e2b60a96e7cc9d9ac296f4d7e414b\",\"name\":\"Edici\u00f3n Web\",\"image\":{\"@type\":\"ImageObject\",\"inLanguage\":\"es\",\"@id\":\"https:\\\/\\\/secure.gravatar.com\\\/avatar\\\/eee448fc3f7164808013b816ba91ac7e43bbe82a70bebac296f8bc6f0addaa1a?s=96&d=mm&r=g\",\"url\":\"https:\\\/\\\/secure.gravatar.com\\\/avatar\\\/eee448fc3f7164808013b816ba91ac7e43bbe82a70bebac296f8bc6f0addaa1a?s=96&d=mm&r=g\",\"contentUrl\":\"https:\\\/\\\/secure.gravatar.com\\\/avatar\\\/eee448fc3f7164808013b816ba91ac7e43bbe82a70bebac296f8bc6f0addaa1a?s=96&d=mm&r=g\",\"caption\":\"Edici\u00f3n Web\"},\"url\":\"https:\\\/\\\/canal7slp.tv\\\/2025\\\/author\\\/edicionweb\\\/\"}]}<\/script>\n<!-- \/ Yoast SEO plugin. -->","yoast_head_json":{"title":"Padre del menor Ian incurre en el delito de sustracci\u00f3n ya que no cuenta con custodia - Canal 7 SLP - 2025","robots":{"index":"index","follow":"follow","max-snippet":"max-snippet:-1","max-image-preview":"max-image-preview:large","max-video-preview":"max-video-preview:-1"},"canonical":"https:\/\/canal7slp.tv\/2025\/padre-del-menor-ian-incurre-en-el-delito-de-sustraccion-ya-que-no-cuenta-con-custodia\/","og_locale":"es_ES","og_type":"article","og_title":"Padre del menor Ian incurre en el delito de sustracci\u00f3n ya que no cuenta con custodia - Canal 7 SLP - 2025","og_description":"SLP.- Padre de ni\u00f1o Ian incurre en el delito de sustracci\u00f3n de menores pues no cuenta con la custodia y el mismo no ha regresado al peque\u00f1o con su madre, as\u00ed lo expuso la titular de la Fiscal\u00eda General del Estado de San Luis Potos\u00ed, Mar\u00eda Manuela Garc\u00eda C\u00e1zares. \u201cSustracci\u00f3n de menores (\u2026) bueno tiene prisi\u00f3n preventiva, tiene pena de privativa de libertad, pero bueno esperemos que el padre tambi\u00e9n concientizarlo que pues es un asunto que tiene que resolver\u201d. Y es que desde el pasado 21 de marzo el padre de Ian recogi\u00f3 al menor para sus d\u00edas de [&hellip;]","og_url":"https:\/\/canal7slp.tv\/2025\/padre-del-menor-ian-incurre-en-el-delito-de-sustraccion-ya-que-no-cuenta-con-custodia\/","og_site_name":"Canal 7 SLP - 2025","article_publisher":"https:\/\/www.facebook.com\/noticieroscanal7atencionciudadana\/","article_published_time":"2025-03-31T23:00:06+00:00","og_image":[{"width":1280,"height":720,"url":"https:\/\/canal7slp.tv\/2025\/wp-content\/uploads\/2025\/03\/Poky01FGEIan.jpg","type":"image\/jpeg"}],"author":"Edici\u00f3n Web","twitter_card":"summary_large_image","twitter_creator":"@NOTICIEROS7","twitter_site":"@NOTICIEROS7","twitter_misc":{"Escrito por":"Edici\u00f3n Web","Tiempo de lectura":"2 minutos"},"schema":{"@context":"https:\/\/schema.org","@graph":[{"@type":"Article","@id":"https:\/\/canal7slp.tv\/2025\/padre-del-menor-ian-incurre-en-el-delito-de-sustraccion-ya-que-no-cuenta-con-custodia\/#article","isPartOf":{"@id":"https:\/\/canal7slp.tv\/2025\/padre-del-menor-ian-incurre-en-el-delito-de-sustraccion-ya-que-no-cuenta-con-custodia\/"},"author":{"name":"Edici\u00f3n Web","@id":"https:\/\/canal7slp.tv\/2025\/#\/schema\/person\/271e2b60a96e7cc9d9ac296f4d7e414b"},"headline":"Padre del menor Ian incurre en el delito de sustracci\u00f3n ya que no cuenta con custodia","datePublished":"2025-03-31T23:00:06+00:00","mainEntityOfPage":{"@id":"https:\/\/canal7slp.tv\/2025\/padre-del-menor-ian-incurre-en-el-delito-de-sustraccion-ya-que-no-cuenta-con-custodia\/"},"wordCount":242,"publisher":{"@id":"https:\/\/canal7slp.tv\/2025\/#organization"},"image":{"@id":"https:\/\/canal7slp.tv\/2025\/padre-del-menor-ian-incurre-en-el-delito-de-sustraccion-ya-que-no-cuenta-con-custodia\/#primaryimage"},"thumbnailUrl":"https:\/\/canal7slp.tv\/2025\/wp-content\/uploads\/2025\/03\/Poky01FGEIan.jpg","articleSection":["DESTACADAS","GOBEDOSLP","LOCALES Y REGIONALES"],"inLanguage":"es"},{"@type":"WebPage","@id":"https:\/\/canal7slp.tv\/2025\/padre-del-menor-ian-incurre-en-el-delito-de-sustraccion-ya-que-no-cuenta-con-custodia\/","url":"https:\/\/canal7slp.tv\/2025\/padre-del-menor-ian-incurre-en-el-delito-de-sustraccion-ya-que-no-cuenta-con-custodia\/","name":"Padre del menor Ian incurre en el delito de sustracci\u00f3n ya que no cuenta con custodia - Canal 7 SLP - 2025","isPartOf":{"@id":"https:\/\/canal7slp.tv\/2025\/#website"},"primaryImageOfPage":{"@id":"https:\/\/canal7slp.tv\/2025\/padre-del-menor-ian-incurre-en-el-delito-de-sustraccion-ya-que-no-cuenta-con-custodia\/#primaryimage"},"image":{"@id":"https:\/\/canal7slp.tv\/2025\/padre-del-menor-ian-incurre-en-el-delito-de-sustraccion-ya-que-no-cuenta-con-custodia\/#primaryimage"},"thumbnailUrl":"https:\/\/canal7slp.tv\/2025\/wp-content\/uploads\/2025\/03\/Poky01FGEIan.jpg","datePublished":"2025-03-31T23:00:06+00:00","breadcrumb":{"@id":"https:\/\/canal7slp.tv\/2025\/padre-del-menor-ian-incurre-en-el-delito-de-sustraccion-ya-que-no-cuenta-con-custodia\/#breadcrumb"},"inLanguage":"es","potentialAction":[{"@type":"ReadAction","target":["https:\/\/canal7slp.tv\/2025\/padre-del-menor-ian-incurre-en-el-delito-de-sustraccion-ya-que-no-cuenta-con-custodia\/"]}]},{"@type":"ImageObject","inLanguage":"es","@id":"https:\/\/canal7slp.tv\/2025\/padre-del-menor-ian-incurre-en-el-delito-de-sustraccion-ya-que-no-cuenta-con-custodia\/#primaryimage","url":"https:\/\/canal7slp.tv\/2025\/wp-content\/uploads\/2025\/03\/Poky01FGEIan.jpg","contentUrl":"https:\/\/canal7slp.tv\/2025\/wp-content\/uploads\/2025\/03\/Poky01FGEIan.jpg","width":1280,"height":720},{"@type":"BreadcrumbList","@id":"https:\/\/canal7slp.tv\/2025\/padre-del-menor-ian-incurre-en-el-delito-de-sustraccion-ya-que-no-cuenta-con-custodia\/#breadcrumb","itemListElement":[{"@type":"ListItem","position":1,"name":"Portada","item":"https:\/\/canal7slp.tv\/2025\/"},{"@type":"ListItem","position":2,"name":"Padre del menor Ian incurre en el delito de sustracci\u00f3n ya que no cuenta con custodia"}]},{"@type":"WebSite","@id":"https:\/\/canal7slp.tv\/2025\/#website","url":"https:\/\/canal7slp.tv\/2025\/","name":"N7 - Noticieros Canal 7","description":"Somos el Medio","publisher":{"@id":"https:\/\/canal7slp.tv\/2025\/#organization"},"potentialAction":[{"@type":"SearchAction","target":{"@type":"EntryPoint","urlTemplate":"https:\/\/canal7slp.tv\/2025\/?s={search_term_string}"},"query-input":{"@type":"PropertyValueSpecification","valueRequired":true,"valueName":"search_term_string"}}],"inLanguage":"es"},{"@type":"Organization","@id":"https:\/\/canal7slp.tv\/2025\/#organization","name":"Noticieros Canal 7","url":"https:\/\/canal7slp.tv\/2025\/","logo":{"@type":"ImageObject","inLanguage":"es","@id":"https:\/\/canal7slp.tv\/2025\/#\/schema\/logo\/image\/","url":"https:\/\/canal7slp.tv\/2025\/wp-content\/uploads\/2021\/01\/logo-noticieros@2x.png","contentUrl":"https:\/\/canal7slp.tv\/2025\/wp-content\/uploads\/2021\/01\/logo-noticieros@2x.png","width":1017,"height":268,"caption":"Noticieros Canal 7"},"image":{"@id":"https:\/\/canal7slp.tv\/2025\/#\/schema\/logo\/image\/"},"sameAs":["https:\/\/www.facebook.com\/noticieroscanal7atencionciudadana\/","https:\/\/x.com\/NOTICIEROS7","https:\/\/www.instagram.com\/canal7_slp","https:\/\/www.youtube.com\/channel\/UCliiYs-gP3JfJeqdPrNdd5A"]},{"@type":"Person","@id":"https:\/\/canal7slp.tv\/2025\/#\/schema\/person\/271e2b60a96e7cc9d9ac296f4d7e414b","name":"Edici\u00f3n Web","image":{"@type":"ImageObject","inLanguage":"es","@id":"https:\/\/secure.gravatar.com\/avatar\/eee448fc3f7164808013b816ba91ac7e43bbe82a70bebac296f8bc6f0addaa1a?s=96&d=mm&r=g","url":"https:\/\/secure.gravatar.com\/avatar\/eee448fc3f7164808013b816ba91ac7e43bbe82a70bebac296f8bc6f0addaa1a?s=96&d=mm&r=g","contentUrl":"https:\/\/secure.gravatar.com\/avatar\/eee448fc3f7164808013b816ba91ac7e43bbe82a70bebac296f8bc6f0addaa1a?s=96&d=mm&r=g","caption":"Edici\u00f3n Web"},"url":"https:\/\/canal7slp.tv\/2025\/author\/edicionweb\/"}]}},"_links":{"self":[{"href":"https:\/\/canal7slp.tv\/2025\/wp-json\/wp\/v2\/posts\/161986","targetHints":{"allow":["GET"]}}],"collection":[{"href":"https:\/\/canal7slp.tv\/2025\/wp-json\/wp\/v2\/posts"}],"about":[{"href":"https:\/\/canal7slp.tv\/2025\/wp-json\/wp\/v2\/types\/post"}],"author":[{"embeddable":true,"href":"https:\/\/canal7slp.tv\/2025\/wp-json\/wp\/v2\/users\/2"}],"replies":[{"embeddable":true,"href":"https:\/\/canal7slp.tv\/2025\/wp-json\/wp\/v2\/comments?post=161986"}],"version-history":[{"count":2,"href":"https:\/\/canal7slp.tv\/2025\/wp-json\/wp\/v2\/posts\/161986\/revisions"}],"predecessor-version":[{"id":161996,"href":"https:\/\/canal7slp.tv\/2025\/wp-json\/wp\/v2\/posts\/161986\/revisions\/161996"}],"wp:featuredmedia":[{"embeddable":true,"href":"https:\/\/canal7slp.tv\/2025\/wp-json\/wp\/v2\/media\/161995"}],"wp:attachment":[{"href":"https:\/\/canal7slp.tv\/2025\/wp-json\/wp\/v2\/media?parent=161986"}],"wp:term":[{"taxonomy":"category","embeddable":true,"href":"https:\/\/canal7slp.tv\/2025\/wp-json\/wp\/v2\/categories?post=161986"},{"taxonomy":"post_tag","embeddable":true,"href":"https:\/\/canal7slp.tv\/2025\/wp-json\/wp\/v2\/tags?post=161986"}],"curies":[{"name":"wp","href":"https:\/\/api.w.org\/{rel}","templated":true}]}}