{"id":161985,"date":"2025-03-31T17:06:10","date_gmt":"2025-03-31T23:06:10","guid":{"rendered":"https:\/\/canal7slp.tv\/2025\/?p=161985"},"modified":"2025-03-31T17:06:10","modified_gmt":"2025-03-31T23:06:10","slug":"se-llevo-a-cabo-la-decimo-quinta-sesion-ordinaria-del-consejo-general-del-ceepac","status":"publish","type":"post","link":"https:\/\/canal7slp.tv\/2025\/se-llevo-a-cabo-la-decimo-quinta-sesion-ordinaria-del-consejo-general-del-ceepac\/","title":{"rendered":"Se llev\u00f3 a cabo la d\u00e9cimo quinta sesi\u00f3n ordinaria del Consejo General del CEEPAC"},"content":{"rendered":"<p style=\"text-align: justify;\">SLP.- La D\u00e9cima Quinta Sesi\u00f3n de Tipo Ordinaria del Consejo General del CEEPAC relacionada al Proceso Electoral Local Extraordinario 2025 para la elecci\u00f3n de integrantes del Poder Judicial incluy\u00f3 ocho puntos.<\/p>\n<p style=\"text-align: justify;\">En el primero se hizo el pase de lista, para el segundo la lectura y aprobaci\u00f3n del orden del d\u00eda.<\/p>\n<p style=\"text-align: justify;\">Ya en el tercer punto se aprobaron proyectos de acta de diversas sesiones de tipo extraordinarias.<\/p>\n<p style=\"text-align: justify;\">El cuarto punto vers\u00f3 sobre la aprobaci\u00f3n del manual de supervisi\u00f3n y control de calidad para la producci\u00f3n e impresi\u00f3n de la documentaci\u00f3n y material electoral de las elecciones de personas juzgadoras del Poder Judicial del estado de San Luis Potos\u00ed.<\/p>\n<p style=\"text-align: justify;\">En el quinto se habl\u00f3 sobre la determinaci\u00f3n del lugar que ocupar\u00e1 la bodega electoral para el Proceso Electoral Extraordinario para la Elecci\u00f3n de Personas Juzgadoras del Poder Judicial de San Luis Potos\u00ed, sus condiciones de equipamiento, mecanismo de operaci\u00f3n y medidas de seguridad, as\u00ed tambi\u00e9n se designa a la persona responsable de la bodega y al personal autorizado para acceder a dicho espacio.<\/p>\n<p style=\"text-align: justify;\">La bodega electoral se ubicar\u00e1 en la avenida Granjas n\u00famero 191 en la colonia Industrial Aviaci\u00f3n; Antonio Josu\u00e9 Leiva Torres y Andrea Urbina L\u00f3pez, ambos coordinadores de organizaci\u00f3n electoral como administradores de la bodega.<\/p>\n<p style=\"text-align: justify;\">El sexto punto fue sobre avance de cumplimiento cuantitativo de la captura de informaci\u00f3n en los cuestionarios curricular y de identidad en el sistema Candidatas y Candidatos, Con\u00f3celes del Proceso Electoral Local Extraordinario 2025.<\/p>\n<p style=\"text-align: justify;\">Se present\u00f3 el monitoreo de encuestas y\/o sondeos de preferencias o tendencias electorales en el marco del Proceso Electoral Extraordinario 2025 para la elecci\u00f3n de personas juzgadoras del Poder Judicial del Estado como punto s\u00e9ptimo.<\/p>\n<p style=\"text-align: justify;\">El octavo punto fueron los asuntos generales en donde no se tuvieron temas agendados.<\/p>\n<p>Por: Juan Carlos Contreras<\/p>\n","protected":false},"excerpt":{"rendered":"<p>SLP.- La D\u00e9cima Quinta Sesi\u00f3n de Tipo Ordinaria del Consejo General del CEEPAC relacionada al Proceso Electoral Local Extraordinario 2025 para la elecci\u00f3n de integrantes del Poder Judicial incluy\u00f3 ocho puntos. En el primero se hizo el pase de lista, para el segundo la lectura y aprobaci\u00f3n del orden del d\u00eda. Ya en el tercer punto se aprobaron proyectos de acta de diversas sesiones de tipo extraordinarias. El cuarto punto vers\u00f3 sobre la aprobaci\u00f3n del manual de supervisi\u00f3n y control de calidad para la producci\u00f3n e impresi\u00f3n de la documentaci\u00f3n y material electoral de las elecciones de personas juzgadoras del [&hellip;]<\/p>\n","protected":false},"author":2,"featured_media":161998,"comment_status":"closed","ping_status":"closed","sticky":false,"template":"","format":"video","meta":{"_monsterinsights_skip_tracking":false,"_monsterinsights_sitenote_active":false,"_monsterinsights_sitenote_note":"","_monsterinsights_sitenote_category":0,"footnotes":""},"categories":[5,45],"tags":[],"class_list":["post-161985","post","type-post","status-publish","format-video","has-post-thumbnail","hentry","category-destacadas","category-localesyregionales","post_format-post-format-video","post--single"],"yoast_head":"<!-- This site is optimized with the Yoast SEO plugin v27.4 - https:\/\/yoast.com\/product\/yoast-seo-wordpress\/ -->\n<title>Se llev\u00f3 a cabo la d\u00e9cimo quinta sesi\u00f3n ordinaria del Consejo General del CEEPAC - Canal 7 SLP - 2025<\/title>\n<meta name=\"robots\" content=\"index, follow, max-snippet:-1, max-image-preview:large, max-video-preview:-1\" \/>\n<link rel=\"canonical\" href=\"https:\/\/canal7slp.tv\/2025\/se-llevo-a-cabo-la-decimo-quinta-sesion-ordinaria-del-consejo-general-del-ceepac\/\" \/>\n<meta property=\"og:locale\" content=\"es_ES\" \/>\n<meta property=\"og:type\" content=\"article\" \/>\n<meta property=\"og:title\" content=\"Se llev\u00f3 a cabo la d\u00e9cimo quinta sesi\u00f3n ordinaria del Consejo General del CEEPAC - Canal 7 SLP - 2025\" \/>\n<meta property=\"og:description\" content=\"SLP.- La D\u00e9cima Quinta Sesi\u00f3n de Tipo Ordinaria del Consejo General del CEEPAC relacionada al Proceso Electoral Local Extraordinario 2025 para la elecci\u00f3n de integrantes del Poder Judicial incluy\u00f3 ocho puntos. En el primero se hizo el pase de lista, para el segundo la lectura y aprobaci\u00f3n del orden del d\u00eda. Ya en el tercer punto se aprobaron proyectos de acta de diversas sesiones de tipo extraordinarias. El cuarto punto vers\u00f3 sobre la aprobaci\u00f3n del manual de supervisi\u00f3n y control de calidad para la producci\u00f3n e impresi\u00f3n de la documentaci\u00f3n y material electoral de las elecciones de personas juzgadoras del [&hellip;]\" \/>\n<meta property=\"og:url\" content=\"https:\/\/canal7slp.tv\/2025\/se-llevo-a-cabo-la-decimo-quinta-sesion-ordinaria-del-consejo-general-del-ceepac\/\" \/>\n<meta property=\"og:site_name\" content=\"Canal 7 SLP - 2025\" \/>\n<meta property=\"article:publisher\" content=\"https:\/\/www.facebook.com\/noticieroscanal7atencionciudadana\/\" \/>\n<meta property=\"article:published_time\" content=\"2025-03-31T23:06:10+00:00\" \/>\n<meta property=\"og:image\" content=\"https:\/\/canal7slp.tv\/2025\/wp-content\/uploads\/2025\/03\/Poky02DecimoQuinta.jpg\" \/>\n\t<meta property=\"og:image:width\" content=\"1280\" \/>\n\t<meta property=\"og:image:height\" content=\"720\" \/>\n\t<meta property=\"og:image:type\" content=\"image\/jpeg\" \/>\n<meta name=\"author\" content=\"Edici\u00f3n Web\" \/>\n<meta name=\"twitter:card\" content=\"summary_large_image\" \/>\n<meta name=\"twitter:creator\" content=\"@NOTICIEROS7\" \/>\n<meta name=\"twitter:site\" content=\"@NOTICIEROS7\" \/>\n<meta name=\"twitter:label1\" content=\"Escrito por\" \/>\n\t<meta name=\"twitter:data1\" content=\"Edici\u00f3n Web\" \/>\n\t<meta name=\"twitter:label2\" content=\"Tiempo de lectura\" \/>\n\t<meta name=\"twitter:data2\" content=\"2 minutos\" \/>\n<script type=\"application\/ld+json\" class=\"yoast-schema-graph\">{\"@context\":\"https:\\\/\\\/schema.org\",\"@graph\":[{\"@type\":\"Article\",\"@id\":\"https:\\\/\\\/canal7slp.tv\\\/2025\\\/se-llevo-a-cabo-la-decimo-quinta-sesion-ordinaria-del-consejo-general-del-ceepac\\\/#article\",\"isPartOf\":{\"@id\":\"https:\\\/\\\/canal7slp.tv\\\/2025\\\/se-llevo-a-cabo-la-decimo-quinta-sesion-ordinaria-del-consejo-general-del-ceepac\\\/\"},\"author\":{\"name\":\"Edici\u00f3n Web\",\"@id\":\"https:\\\/\\\/canal7slp.tv\\\/2025\\\/#\\\/schema\\\/person\\\/271e2b60a96e7cc9d9ac296f4d7e414b\"},\"headline\":\"Se llev\u00f3 a cabo la d\u00e9cimo quinta sesi\u00f3n ordinaria del Consejo General del CEEPAC\",\"datePublished\":\"2025-03-31T23:06:10+00:00\",\"mainEntityOfPage\":{\"@id\":\"https:\\\/\\\/canal7slp.tv\\\/2025\\\/se-llevo-a-cabo-la-decimo-quinta-sesion-ordinaria-del-consejo-general-del-ceepac\\\/\"},\"wordCount\":329,\"publisher\":{\"@id\":\"https:\\\/\\\/canal7slp.tv\\\/2025\\\/#organization\"},\"image\":{\"@id\":\"https:\\\/\\\/canal7slp.tv\\\/2025\\\/se-llevo-a-cabo-la-decimo-quinta-sesion-ordinaria-del-consejo-general-del-ceepac\\\/#primaryimage\"},\"thumbnailUrl\":\"https:\\\/\\\/canal7slp.tv\\\/2025\\\/wp-content\\\/uploads\\\/2025\\\/03\\\/Poky02DecimoQuinta.jpg\",\"articleSection\":[\"DESTACADAS\",\"LOCALES Y REGIONALES\"],\"inLanguage\":\"es\"},{\"@type\":\"WebPage\",\"@id\":\"https:\\\/\\\/canal7slp.tv\\\/2025\\\/se-llevo-a-cabo-la-decimo-quinta-sesion-ordinaria-del-consejo-general-del-ceepac\\\/\",\"url\":\"https:\\\/\\\/canal7slp.tv\\\/2025\\\/se-llevo-a-cabo-la-decimo-quinta-sesion-ordinaria-del-consejo-general-del-ceepac\\\/\",\"name\":\"Se llev\u00f3 a cabo la d\u00e9cimo quinta sesi\u00f3n ordinaria del Consejo General del CEEPAC - Canal 7 SLP - 2025\",\"isPartOf\":{\"@id\":\"https:\\\/\\\/canal7slp.tv\\\/2025\\\/#website\"},\"primaryImageOfPage\":{\"@id\":\"https:\\\/\\\/canal7slp.tv\\\/2025\\\/se-llevo-a-cabo-la-decimo-quinta-sesion-ordinaria-del-consejo-general-del-ceepac\\\/#primaryimage\"},\"image\":{\"@id\":\"https:\\\/\\\/canal7slp.tv\\\/2025\\\/se-llevo-a-cabo-la-decimo-quinta-sesion-ordinaria-del-consejo-general-del-ceepac\\\/#primaryimage\"},\"thumbnailUrl\":\"https:\\\/\\\/canal7slp.tv\\\/2025\\\/wp-content\\\/uploads\\\/2025\\\/03\\\/Poky02DecimoQuinta.jpg\",\"datePublished\":\"2025-03-31T23:06:10+00:00\",\"breadcrumb\":{\"@id\":\"https:\\\/\\\/canal7slp.tv\\\/2025\\\/se-llevo-a-cabo-la-decimo-quinta-sesion-ordinaria-del-consejo-general-del-ceepac\\\/#breadcrumb\"},\"inLanguage\":\"es\",\"potentialAction\":[{\"@type\":\"ReadAction\",\"target\":[\"https:\\\/\\\/canal7slp.tv\\\/2025\\\/se-llevo-a-cabo-la-decimo-quinta-sesion-ordinaria-del-consejo-general-del-ceepac\\\/\"]}]},{\"@type\":\"ImageObject\",\"inLanguage\":\"es\",\"@id\":\"https:\\\/\\\/canal7slp.tv\\\/2025\\\/se-llevo-a-cabo-la-decimo-quinta-sesion-ordinaria-del-consejo-general-del-ceepac\\\/#primaryimage\",\"url\":\"https:\\\/\\\/canal7slp.tv\\\/2025\\\/wp-content\\\/uploads\\\/2025\\\/03\\\/Poky02DecimoQuinta.jpg\",\"contentUrl\":\"https:\\\/\\\/canal7slp.tv\\\/2025\\\/wp-content\\\/uploads\\\/2025\\\/03\\\/Poky02DecimoQuinta.jpg\",\"width\":1280,\"height\":720},{\"@type\":\"BreadcrumbList\",\"@id\":\"https:\\\/\\\/canal7slp.tv\\\/2025\\\/se-llevo-a-cabo-la-decimo-quinta-sesion-ordinaria-del-consejo-general-del-ceepac\\\/#breadcrumb\",\"itemListElement\":[{\"@type\":\"ListItem\",\"position\":1,\"name\":\"Portada\",\"item\":\"https:\\\/\\\/canal7slp.tv\\\/2025\\\/\"},{\"@type\":\"ListItem\",\"position\":2,\"name\":\"Se llev\u00f3 a cabo la d\u00e9cimo quinta sesi\u00f3n ordinaria del Consejo General del CEEPAC\"}]},{\"@type\":\"WebSite\",\"@id\":\"https:\\\/\\\/canal7slp.tv\\\/2025\\\/#website\",\"url\":\"https:\\\/\\\/canal7slp.tv\\\/2025\\\/\",\"name\":\"N7 - Noticieros Canal 7\",\"description\":\"Somos el Medio\",\"publisher\":{\"@id\":\"https:\\\/\\\/canal7slp.tv\\\/2025\\\/#organization\"},\"potentialAction\":[{\"@type\":\"SearchAction\",\"target\":{\"@type\":\"EntryPoint\",\"urlTemplate\":\"https:\\\/\\\/canal7slp.tv\\\/2025\\\/?s={search_term_string}\"},\"query-input\":{\"@type\":\"PropertyValueSpecification\",\"valueRequired\":true,\"valueName\":\"search_term_string\"}}],\"inLanguage\":\"es\"},{\"@type\":\"Organization\",\"@id\":\"https:\\\/\\\/canal7slp.tv\\\/2025\\\/#organization\",\"name\":\"Noticieros Canal 7\",\"url\":\"https:\\\/\\\/canal7slp.tv\\\/2025\\\/\",\"logo\":{\"@type\":\"ImageObject\",\"inLanguage\":\"es\",\"@id\":\"https:\\\/\\\/canal7slp.tv\\\/2025\\\/#\\\/schema\\\/logo\\\/image\\\/\",\"url\":\"https:\\\/\\\/canal7slp.tv\\\/2025\\\/wp-content\\\/uploads\\\/2021\\\/01\\\/logo-noticieros@2x.png\",\"contentUrl\":\"https:\\\/\\\/canal7slp.tv\\\/2025\\\/wp-content\\\/uploads\\\/2021\\\/01\\\/logo-noticieros@2x.png\",\"width\":1017,\"height\":268,\"caption\":\"Noticieros Canal 7\"},\"image\":{\"@id\":\"https:\\\/\\\/canal7slp.tv\\\/2025\\\/#\\\/schema\\\/logo\\\/image\\\/\"},\"sameAs\":[\"https:\\\/\\\/www.facebook.com\\\/noticieroscanal7atencionciudadana\\\/\",\"https:\\\/\\\/x.com\\\/NOTICIEROS7\",\"https:\\\/\\\/www.instagram.com\\\/canal7_slp\",\"https:\\\/\\\/www.youtube.com\\\/channel\\\/UCliiYs-gP3JfJeqdPrNdd5A\"]},{\"@type\":\"Person\",\"@id\":\"https:\\\/\\\/canal7slp.tv\\\/2025\\\/#\\\/schema\\\/person\\\/271e2b60a96e7cc9d9ac296f4d7e414b\",\"name\":\"Edici\u00f3n Web\",\"image\":{\"@type\":\"ImageObject\",\"inLanguage\":\"es\",\"@id\":\"https:\\\/\\\/secure.gravatar.com\\\/avatar\\\/eee448fc3f7164808013b816ba91ac7e43bbe82a70bebac296f8bc6f0addaa1a?s=96&d=mm&r=g\",\"url\":\"https:\\\/\\\/secure.gravatar.com\\\/avatar\\\/eee448fc3f7164808013b816ba91ac7e43bbe82a70bebac296f8bc6f0addaa1a?s=96&d=mm&r=g\",\"contentUrl\":\"https:\\\/\\\/secure.gravatar.com\\\/avatar\\\/eee448fc3f7164808013b816ba91ac7e43bbe82a70bebac296f8bc6f0addaa1a?s=96&d=mm&r=g\",\"caption\":\"Edici\u00f3n Web\"},\"url\":\"https:\\\/\\\/canal7slp.tv\\\/2025\\\/author\\\/edicionweb\\\/\"}]}<\/script>\n<!-- \/ Yoast SEO plugin. -->","yoast_head_json":{"title":"Se llev\u00f3 a cabo la d\u00e9cimo quinta sesi\u00f3n ordinaria del Consejo General del CEEPAC - Canal 7 SLP - 2025","robots":{"index":"index","follow":"follow","max-snippet":"max-snippet:-1","max-image-preview":"max-image-preview:large","max-video-preview":"max-video-preview:-1"},"canonical":"https:\/\/canal7slp.tv\/2025\/se-llevo-a-cabo-la-decimo-quinta-sesion-ordinaria-del-consejo-general-del-ceepac\/","og_locale":"es_ES","og_type":"article","og_title":"Se llev\u00f3 a cabo la d\u00e9cimo quinta sesi\u00f3n ordinaria del Consejo General del CEEPAC - Canal 7 SLP - 2025","og_description":"SLP.- La D\u00e9cima Quinta Sesi\u00f3n de Tipo Ordinaria del Consejo General del CEEPAC relacionada al Proceso Electoral Local Extraordinario 2025 para la elecci\u00f3n de integrantes del Poder Judicial incluy\u00f3 ocho puntos. En el primero se hizo el pase de lista, para el segundo la lectura y aprobaci\u00f3n del orden del d\u00eda. Ya en el tercer punto se aprobaron proyectos de acta de diversas sesiones de tipo extraordinarias. El cuarto punto vers\u00f3 sobre la aprobaci\u00f3n del manual de supervisi\u00f3n y control de calidad para la producci\u00f3n e impresi\u00f3n de la documentaci\u00f3n y material electoral de las elecciones de personas juzgadoras del [&hellip;]","og_url":"https:\/\/canal7slp.tv\/2025\/se-llevo-a-cabo-la-decimo-quinta-sesion-ordinaria-del-consejo-general-del-ceepac\/","og_site_name":"Canal 7 SLP - 2025","article_publisher":"https:\/\/www.facebook.com\/noticieroscanal7atencionciudadana\/","article_published_time":"2025-03-31T23:06:10+00:00","og_image":[{"width":1280,"height":720,"url":"https:\/\/canal7slp.tv\/2025\/wp-content\/uploads\/2025\/03\/Poky02DecimoQuinta.jpg","type":"image\/jpeg"}],"author":"Edici\u00f3n Web","twitter_card":"summary_large_image","twitter_creator":"@NOTICIEROS7","twitter_site":"@NOTICIEROS7","twitter_misc":{"Escrito por":"Edici\u00f3n Web","Tiempo de lectura":"2 minutos"},"schema":{"@context":"https:\/\/schema.org","@graph":[{"@type":"Article","@id":"https:\/\/canal7slp.tv\/2025\/se-llevo-a-cabo-la-decimo-quinta-sesion-ordinaria-del-consejo-general-del-ceepac\/#article","isPartOf":{"@id":"https:\/\/canal7slp.tv\/2025\/se-llevo-a-cabo-la-decimo-quinta-sesion-ordinaria-del-consejo-general-del-ceepac\/"},"author":{"name":"Edici\u00f3n Web","@id":"https:\/\/canal7slp.tv\/2025\/#\/schema\/person\/271e2b60a96e7cc9d9ac296f4d7e414b"},"headline":"Se llev\u00f3 a cabo la d\u00e9cimo quinta sesi\u00f3n ordinaria del Consejo General del CEEPAC","datePublished":"2025-03-31T23:06:10+00:00","mainEntityOfPage":{"@id":"https:\/\/canal7slp.tv\/2025\/se-llevo-a-cabo-la-decimo-quinta-sesion-ordinaria-del-consejo-general-del-ceepac\/"},"wordCount":329,"publisher":{"@id":"https:\/\/canal7slp.tv\/2025\/#organization"},"image":{"@id":"https:\/\/canal7slp.tv\/2025\/se-llevo-a-cabo-la-decimo-quinta-sesion-ordinaria-del-consejo-general-del-ceepac\/#primaryimage"},"thumbnailUrl":"https:\/\/canal7slp.tv\/2025\/wp-content\/uploads\/2025\/03\/Poky02DecimoQuinta.jpg","articleSection":["DESTACADAS","LOCALES Y REGIONALES"],"inLanguage":"es"},{"@type":"WebPage","@id":"https:\/\/canal7slp.tv\/2025\/se-llevo-a-cabo-la-decimo-quinta-sesion-ordinaria-del-consejo-general-del-ceepac\/","url":"https:\/\/canal7slp.tv\/2025\/se-llevo-a-cabo-la-decimo-quinta-sesion-ordinaria-del-consejo-general-del-ceepac\/","name":"Se llev\u00f3 a cabo la d\u00e9cimo quinta sesi\u00f3n ordinaria del Consejo General del CEEPAC - Canal 7 SLP - 2025","isPartOf":{"@id":"https:\/\/canal7slp.tv\/2025\/#website"},"primaryImageOfPage":{"@id":"https:\/\/canal7slp.tv\/2025\/se-llevo-a-cabo-la-decimo-quinta-sesion-ordinaria-del-consejo-general-del-ceepac\/#primaryimage"},"image":{"@id":"https:\/\/canal7slp.tv\/2025\/se-llevo-a-cabo-la-decimo-quinta-sesion-ordinaria-del-consejo-general-del-ceepac\/#primaryimage"},"thumbnailUrl":"https:\/\/canal7slp.tv\/2025\/wp-content\/uploads\/2025\/03\/Poky02DecimoQuinta.jpg","datePublished":"2025-03-31T23:06:10+00:00","breadcrumb":{"@id":"https:\/\/canal7slp.tv\/2025\/se-llevo-a-cabo-la-decimo-quinta-sesion-ordinaria-del-consejo-general-del-ceepac\/#breadcrumb"},"inLanguage":"es","potentialAction":[{"@type":"ReadAction","target":["https:\/\/canal7slp.tv\/2025\/se-llevo-a-cabo-la-decimo-quinta-sesion-ordinaria-del-consejo-general-del-ceepac\/"]}]},{"@type":"ImageObject","inLanguage":"es","@id":"https:\/\/canal7slp.tv\/2025\/se-llevo-a-cabo-la-decimo-quinta-sesion-ordinaria-del-consejo-general-del-ceepac\/#primaryimage","url":"https:\/\/canal7slp.tv\/2025\/wp-content\/uploads\/2025\/03\/Poky02DecimoQuinta.jpg","contentUrl":"https:\/\/canal7slp.tv\/2025\/wp-content\/uploads\/2025\/03\/Poky02DecimoQuinta.jpg","width":1280,"height":720},{"@type":"BreadcrumbList","@id":"https:\/\/canal7slp.tv\/2025\/se-llevo-a-cabo-la-decimo-quinta-sesion-ordinaria-del-consejo-general-del-ceepac\/#breadcrumb","itemListElement":[{"@type":"ListItem","position":1,"name":"Portada","item":"https:\/\/canal7slp.tv\/2025\/"},{"@type":"ListItem","position":2,"name":"Se llev\u00f3 a cabo la d\u00e9cimo quinta sesi\u00f3n ordinaria del Consejo General del CEEPAC"}]},{"@type":"WebSite","@id":"https:\/\/canal7slp.tv\/2025\/#website","url":"https:\/\/canal7slp.tv\/2025\/","name":"N7 - Noticieros Canal 7","description":"Somos el Medio","publisher":{"@id":"https:\/\/canal7slp.tv\/2025\/#organization"},"potentialAction":[{"@type":"SearchAction","target":{"@type":"EntryPoint","urlTemplate":"https:\/\/canal7slp.tv\/2025\/?s={search_term_string}"},"query-input":{"@type":"PropertyValueSpecification","valueRequired":true,"valueName":"search_term_string"}}],"inLanguage":"es"},{"@type":"Organization","@id":"https:\/\/canal7slp.tv\/2025\/#organization","name":"Noticieros Canal 7","url":"https:\/\/canal7slp.tv\/2025\/","logo":{"@type":"ImageObject","inLanguage":"es","@id":"https:\/\/canal7slp.tv\/2025\/#\/schema\/logo\/image\/","url":"https:\/\/canal7slp.tv\/2025\/wp-content\/uploads\/2021\/01\/logo-noticieros@2x.png","contentUrl":"https:\/\/canal7slp.tv\/2025\/wp-content\/uploads\/2021\/01\/logo-noticieros@2x.png","width":1017,"height":268,"caption":"Noticieros Canal 7"},"image":{"@id":"https:\/\/canal7slp.tv\/2025\/#\/schema\/logo\/image\/"},"sameAs":["https:\/\/www.facebook.com\/noticieroscanal7atencionciudadana\/","https:\/\/x.com\/NOTICIEROS7","https:\/\/www.instagram.com\/canal7_slp","https:\/\/www.youtube.com\/channel\/UCliiYs-gP3JfJeqdPrNdd5A"]},{"@type":"Person","@id":"https:\/\/canal7slp.tv\/2025\/#\/schema\/person\/271e2b60a96e7cc9d9ac296f4d7e414b","name":"Edici\u00f3n Web","image":{"@type":"ImageObject","inLanguage":"es","@id":"https:\/\/secure.gravatar.com\/avatar\/eee448fc3f7164808013b816ba91ac7e43bbe82a70bebac296f8bc6f0addaa1a?s=96&d=mm&r=g","url":"https:\/\/secure.gravatar.com\/avatar\/eee448fc3f7164808013b816ba91ac7e43bbe82a70bebac296f8bc6f0addaa1a?s=96&d=mm&r=g","contentUrl":"https:\/\/secure.gravatar.com\/avatar\/eee448fc3f7164808013b816ba91ac7e43bbe82a70bebac296f8bc6f0addaa1a?s=96&d=mm&r=g","caption":"Edici\u00f3n Web"},"url":"https:\/\/canal7slp.tv\/2025\/author\/edicionweb\/"}]}},"_links":{"self":[{"href":"https:\/\/canal7slp.tv\/2025\/wp-json\/wp\/v2\/posts\/161985","targetHints":{"allow":["GET"]}}],"collection":[{"href":"https:\/\/canal7slp.tv\/2025\/wp-json\/wp\/v2\/posts"}],"about":[{"href":"https:\/\/canal7slp.tv\/2025\/wp-json\/wp\/v2\/types\/post"}],"author":[{"embeddable":true,"href":"https:\/\/canal7slp.tv\/2025\/wp-json\/wp\/v2\/users\/2"}],"replies":[{"embeddable":true,"href":"https:\/\/canal7slp.tv\/2025\/wp-json\/wp\/v2\/comments?post=161985"}],"version-history":[{"count":2,"href":"https:\/\/canal7slp.tv\/2025\/wp-json\/wp\/v2\/posts\/161985\/revisions"}],"predecessor-version":[{"id":161999,"href":"https:\/\/canal7slp.tv\/2025\/wp-json\/wp\/v2\/posts\/161985\/revisions\/161999"}],"wp:featuredmedia":[{"embeddable":true,"href":"https:\/\/canal7slp.tv\/2025\/wp-json\/wp\/v2\/media\/161998"}],"wp:attachment":[{"href":"https:\/\/canal7slp.tv\/2025\/wp-json\/wp\/v2\/media?parent=161985"}],"wp:term":[{"taxonomy":"category","embeddable":true,"href":"https:\/\/canal7slp.tv\/2025\/wp-json\/wp\/v2\/categories?post=161985"},{"taxonomy":"post_tag","embeddable":true,"href":"https:\/\/canal7slp.tv\/2025\/wp-json\/wp\/v2\/tags?post=161985"}],"curies":[{"name":"wp","href":"https:\/\/api.w.org\/{rel}","templated":true}]}}