{"id":161973,"date":"2025-03-31T15:36:22","date_gmt":"2025-03-31T21:36:22","guid":{"rendered":"https:\/\/canal7slp.tv\/2025\/?p=161973"},"modified":"2025-03-31T15:36:22","modified_gmt":"2025-03-31T21:36:22","slug":"sheinbaum-busca-impugnar-veto-del-ine-para-promover-el-voto-en-las-elecciones-judiciales","status":"publish","type":"post","link":"https:\/\/canal7slp.tv\/2025\/sheinbaum-busca-impugnar-veto-del-ine-para-promover-el-voto-en-las-elecciones-judiciales\/","title":{"rendered":"Sheinbaum busca impugnar veto del INE para promover el voto en las elecciones judiciales"},"content":{"rendered":"<p style=\"text-align: justify;\">M\u00e9xico.- La presidenta de M\u00e9xico, Claudia Sheinbaum Pardo, ha impugnado ante el Tribunal Electoral del Poder Judicial de la Federaci\u00f3n (TEPJF) la resoluci\u00f3n del Instituto Nacional Electoral (INE) que proh\u00edbe a ella y a otros funcionarios p\u00fablicos promover el voto en la pr\u00f3xima elecci\u00f3n judicial.<\/p>\n<p style=\"text-align: justify;\">Durante su conferencia matutina, Sheinbaum defendi\u00f3 la importancia de que el Poder Ejecutivo y el Legislativo participen en la promoci\u00f3n de este proceso, programado para el 1 de junio, siempre y cuando no influyan en la elecci\u00f3n de candidatos. Adem\u00e1s, se\u00f1al\u00f3 que a\u00fan no ha recibido comunicaci\u00f3n oficial del INE, el cual ha determinado que las instituciones p\u00fablicas no pueden utilizar recursos para incentivar la participaci\u00f3n electoral.<\/p>\n<p style=\"text-align: justify;\">El gobierno de Sheinbaum ha respaldado la reforma constitucional al Poder Judicial, impulsada por el expresidente Andr\u00e9s Manuel L\u00f3pez Obrador y promulgada en septiembre. Recientemente, se lanz\u00f3 un video institucional con el objetivo de fomentar el voto, asegurando que no se apoya a ning\u00fan candidato en particular.<\/p>\n<p style=\"text-align: justify;\">La controversia ha aumentado con el inicio de las campa\u00f1as electorales, que se extender\u00e1n por 60 d\u00edas hasta el 28 de mayo. La oposici\u00f3n, as\u00ed como organismos internacionales y organizaciones civiles, han expresado su preocupaci\u00f3n por una posible injerencia gubernamental en el proceso, as\u00ed como por la influencia del crimen organizado en la jornada electoral.<\/p>\n","protected":false},"excerpt":{"rendered":"<p>M\u00e9xico.- La presidenta de M\u00e9xico, Claudia Sheinbaum Pardo, ha impugnado ante el Tribunal Electoral del Poder Judicial de la Federaci\u00f3n (TEPJF) la resoluci\u00f3n del Instituto Nacional Electoral (INE) que proh\u00edbe a ella y a otros funcionarios p\u00fablicos promover el voto en la pr\u00f3xima elecci\u00f3n judicial. Durante su conferencia matutina, Sheinbaum defendi\u00f3 la importancia de que el Poder Ejecutivo y el Legislativo participen en la promoci\u00f3n de este proceso, programado para el 1 de junio, siempre y cuando no influyan en la elecci\u00f3n de candidatos. Adem\u00e1s, se\u00f1al\u00f3 que a\u00fan no ha recibido comunicaci\u00f3n oficial del INE, el cual ha determinado que [&hellip;]<\/p>\n","protected":false},"author":2,"featured_media":161974,"comment_status":"closed","ping_status":"closed","sticky":false,"template":"","format":"standard","meta":{"_monsterinsights_skip_tracking":false,"_monsterinsights_sitenote_active":false,"_monsterinsights_sitenote_note":"","_monsterinsights_sitenote_category":0,"footnotes":""},"categories":[46],"tags":[],"class_list":["post-161973","post","type-post","status-publish","format-standard","has-post-thumbnail","hentry","category-nacional","post--single"],"yoast_head":"<!-- This site is optimized with the Yoast SEO plugin v27.4 - https:\/\/yoast.com\/product\/yoast-seo-wordpress\/ -->\n<title>Sheinbaum busca impugnar veto del INE para promover el voto en las elecciones judiciales - Canal 7 SLP - 2025<\/title>\n<meta name=\"robots\" content=\"index, follow, max-snippet:-1, max-image-preview:large, max-video-preview:-1\" \/>\n<link rel=\"canonical\" href=\"https:\/\/canal7slp.tv\/2025\/sheinbaum-busca-impugnar-veto-del-ine-para-promover-el-voto-en-las-elecciones-judiciales\/\" \/>\n<meta property=\"og:locale\" content=\"es_ES\" \/>\n<meta property=\"og:type\" content=\"article\" \/>\n<meta property=\"og:title\" content=\"Sheinbaum busca impugnar veto del INE para promover el voto en las elecciones judiciales - Canal 7 SLP - 2025\" \/>\n<meta property=\"og:description\" content=\"M\u00e9xico.- La presidenta de M\u00e9xico, Claudia Sheinbaum Pardo, ha impugnado ante el Tribunal Electoral del Poder Judicial de la Federaci\u00f3n (TEPJF) la resoluci\u00f3n del Instituto Nacional Electoral (INE) que proh\u00edbe a ella y a otros funcionarios p\u00fablicos promover el voto en la pr\u00f3xima elecci\u00f3n judicial. Durante su conferencia matutina, Sheinbaum defendi\u00f3 la importancia de que el Poder Ejecutivo y el Legislativo participen en la promoci\u00f3n de este proceso, programado para el 1 de junio, siempre y cuando no influyan en la elecci\u00f3n de candidatos. Adem\u00e1s, se\u00f1al\u00f3 que a\u00fan no ha recibido comunicaci\u00f3n oficial del INE, el cual ha determinado que [&hellip;]\" \/>\n<meta property=\"og:url\" content=\"https:\/\/canal7slp.tv\/2025\/sheinbaum-busca-impugnar-veto-del-ine-para-promover-el-voto-en-las-elecciones-judiciales\/\" \/>\n<meta property=\"og:site_name\" content=\"Canal 7 SLP - 2025\" \/>\n<meta property=\"article:publisher\" content=\"https:\/\/www.facebook.com\/noticieroscanal7atencionciudadana\/\" \/>\n<meta property=\"article:published_time\" content=\"2025-03-31T21:36:22+00:00\" \/>\n<meta property=\"og:image\" content=\"https:\/\/canal7slp.tv\/2025\/wp-content\/uploads\/2025\/03\/07-24.jpg\" \/>\n\t<meta property=\"og:image:width\" content=\"750\" \/>\n\t<meta property=\"og:image:height\" content=\"500\" \/>\n\t<meta property=\"og:image:type\" content=\"image\/jpeg\" \/>\n<meta name=\"author\" content=\"Edici\u00f3n Web\" \/>\n<meta name=\"twitter:card\" content=\"summary_large_image\" \/>\n<meta name=\"twitter:creator\" content=\"@NOTICIEROS7\" \/>\n<meta name=\"twitter:site\" content=\"@NOTICIEROS7\" \/>\n<meta name=\"twitter:label1\" content=\"Escrito por\" \/>\n\t<meta name=\"twitter:data1\" content=\"Edici\u00f3n Web\" \/>\n\t<meta name=\"twitter:label2\" content=\"Tiempo de lectura\" \/>\n\t<meta name=\"twitter:data2\" content=\"2 minutos\" \/>\n<script type=\"application\/ld+json\" class=\"yoast-schema-graph\">{\"@context\":\"https:\\\/\\\/schema.org\",\"@graph\":[{\"@type\":\"Article\",\"@id\":\"https:\\\/\\\/canal7slp.tv\\\/2025\\\/sheinbaum-busca-impugnar-veto-del-ine-para-promover-el-voto-en-las-elecciones-judiciales\\\/#article\",\"isPartOf\":{\"@id\":\"https:\\\/\\\/canal7slp.tv\\\/2025\\\/sheinbaum-busca-impugnar-veto-del-ine-para-promover-el-voto-en-las-elecciones-judiciales\\\/\"},\"author\":{\"name\":\"Edici\u00f3n Web\",\"@id\":\"https:\\\/\\\/canal7slp.tv\\\/2025\\\/#\\\/schema\\\/person\\\/271e2b60a96e7cc9d9ac296f4d7e414b\"},\"headline\":\"Sheinbaum busca impugnar veto del INE para promover el voto en las elecciones judiciales\",\"datePublished\":\"2025-03-31T21:36:22+00:00\",\"mainEntityOfPage\":{\"@id\":\"https:\\\/\\\/canal7slp.tv\\\/2025\\\/sheinbaum-busca-impugnar-veto-del-ine-para-promover-el-voto-en-las-elecciones-judiciales\\\/\"},\"wordCount\":250,\"publisher\":{\"@id\":\"https:\\\/\\\/canal7slp.tv\\\/2025\\\/#organization\"},\"image\":{\"@id\":\"https:\\\/\\\/canal7slp.tv\\\/2025\\\/sheinbaum-busca-impugnar-veto-del-ine-para-promover-el-voto-en-las-elecciones-judiciales\\\/#primaryimage\"},\"thumbnailUrl\":\"https:\\\/\\\/canal7slp.tv\\\/2025\\\/wp-content\\\/uploads\\\/2025\\\/03\\\/07-24.jpg\",\"articleSection\":[\"NACIONALES\"],\"inLanguage\":\"es\"},{\"@type\":\"WebPage\",\"@id\":\"https:\\\/\\\/canal7slp.tv\\\/2025\\\/sheinbaum-busca-impugnar-veto-del-ine-para-promover-el-voto-en-las-elecciones-judiciales\\\/\",\"url\":\"https:\\\/\\\/canal7slp.tv\\\/2025\\\/sheinbaum-busca-impugnar-veto-del-ine-para-promover-el-voto-en-las-elecciones-judiciales\\\/\",\"name\":\"Sheinbaum busca impugnar veto del INE para promover el voto en las elecciones judiciales - Canal 7 SLP - 2025\",\"isPartOf\":{\"@id\":\"https:\\\/\\\/canal7slp.tv\\\/2025\\\/#website\"},\"primaryImageOfPage\":{\"@id\":\"https:\\\/\\\/canal7slp.tv\\\/2025\\\/sheinbaum-busca-impugnar-veto-del-ine-para-promover-el-voto-en-las-elecciones-judiciales\\\/#primaryimage\"},\"image\":{\"@id\":\"https:\\\/\\\/canal7slp.tv\\\/2025\\\/sheinbaum-busca-impugnar-veto-del-ine-para-promover-el-voto-en-las-elecciones-judiciales\\\/#primaryimage\"},\"thumbnailUrl\":\"https:\\\/\\\/canal7slp.tv\\\/2025\\\/wp-content\\\/uploads\\\/2025\\\/03\\\/07-24.jpg\",\"datePublished\":\"2025-03-31T21:36:22+00:00\",\"breadcrumb\":{\"@id\":\"https:\\\/\\\/canal7slp.tv\\\/2025\\\/sheinbaum-busca-impugnar-veto-del-ine-para-promover-el-voto-en-las-elecciones-judiciales\\\/#breadcrumb\"},\"inLanguage\":\"es\",\"potentialAction\":[{\"@type\":\"ReadAction\",\"target\":[\"https:\\\/\\\/canal7slp.tv\\\/2025\\\/sheinbaum-busca-impugnar-veto-del-ine-para-promover-el-voto-en-las-elecciones-judiciales\\\/\"]}]},{\"@type\":\"ImageObject\",\"inLanguage\":\"es\",\"@id\":\"https:\\\/\\\/canal7slp.tv\\\/2025\\\/sheinbaum-busca-impugnar-veto-del-ine-para-promover-el-voto-en-las-elecciones-judiciales\\\/#primaryimage\",\"url\":\"https:\\\/\\\/canal7slp.tv\\\/2025\\\/wp-content\\\/uploads\\\/2025\\\/03\\\/07-24.jpg\",\"contentUrl\":\"https:\\\/\\\/canal7slp.tv\\\/2025\\\/wp-content\\\/uploads\\\/2025\\\/03\\\/07-24.jpg\",\"width\":750,\"height\":500},{\"@type\":\"BreadcrumbList\",\"@id\":\"https:\\\/\\\/canal7slp.tv\\\/2025\\\/sheinbaum-busca-impugnar-veto-del-ine-para-promover-el-voto-en-las-elecciones-judiciales\\\/#breadcrumb\",\"itemListElement\":[{\"@type\":\"ListItem\",\"position\":1,\"name\":\"Portada\",\"item\":\"https:\\\/\\\/canal7slp.tv\\\/2025\\\/\"},{\"@type\":\"ListItem\",\"position\":2,\"name\":\"Sheinbaum busca impugnar veto del INE para promover el voto en las elecciones judiciales\"}]},{\"@type\":\"WebSite\",\"@id\":\"https:\\\/\\\/canal7slp.tv\\\/2025\\\/#website\",\"url\":\"https:\\\/\\\/canal7slp.tv\\\/2025\\\/\",\"name\":\"N7 - Noticieros Canal 7\",\"description\":\"Somos el Medio\",\"publisher\":{\"@id\":\"https:\\\/\\\/canal7slp.tv\\\/2025\\\/#organization\"},\"potentialAction\":[{\"@type\":\"SearchAction\",\"target\":{\"@type\":\"EntryPoint\",\"urlTemplate\":\"https:\\\/\\\/canal7slp.tv\\\/2025\\\/?s={search_term_string}\"},\"query-input\":{\"@type\":\"PropertyValueSpecification\",\"valueRequired\":true,\"valueName\":\"search_term_string\"}}],\"inLanguage\":\"es\"},{\"@type\":\"Organization\",\"@id\":\"https:\\\/\\\/canal7slp.tv\\\/2025\\\/#organization\",\"name\":\"Noticieros Canal 7\",\"url\":\"https:\\\/\\\/canal7slp.tv\\\/2025\\\/\",\"logo\":{\"@type\":\"ImageObject\",\"inLanguage\":\"es\",\"@id\":\"https:\\\/\\\/canal7slp.tv\\\/2025\\\/#\\\/schema\\\/logo\\\/image\\\/\",\"url\":\"https:\\\/\\\/canal7slp.tv\\\/2025\\\/wp-content\\\/uploads\\\/2021\\\/01\\\/logo-noticieros@2x.png\",\"contentUrl\":\"https:\\\/\\\/canal7slp.tv\\\/2025\\\/wp-content\\\/uploads\\\/2021\\\/01\\\/logo-noticieros@2x.png\",\"width\":1017,\"height\":268,\"caption\":\"Noticieros Canal 7\"},\"image\":{\"@id\":\"https:\\\/\\\/canal7slp.tv\\\/2025\\\/#\\\/schema\\\/logo\\\/image\\\/\"},\"sameAs\":[\"https:\\\/\\\/www.facebook.com\\\/noticieroscanal7atencionciudadana\\\/\",\"https:\\\/\\\/x.com\\\/NOTICIEROS7\",\"https:\\\/\\\/www.instagram.com\\\/canal7_slp\",\"https:\\\/\\\/www.youtube.com\\\/channel\\\/UCliiYs-gP3JfJeqdPrNdd5A\"]},{\"@type\":\"Person\",\"@id\":\"https:\\\/\\\/canal7slp.tv\\\/2025\\\/#\\\/schema\\\/person\\\/271e2b60a96e7cc9d9ac296f4d7e414b\",\"name\":\"Edici\u00f3n Web\",\"image\":{\"@type\":\"ImageObject\",\"inLanguage\":\"es\",\"@id\":\"https:\\\/\\\/secure.gravatar.com\\\/avatar\\\/eee448fc3f7164808013b816ba91ac7e43bbe82a70bebac296f8bc6f0addaa1a?s=96&d=mm&r=g\",\"url\":\"https:\\\/\\\/secure.gravatar.com\\\/avatar\\\/eee448fc3f7164808013b816ba91ac7e43bbe82a70bebac296f8bc6f0addaa1a?s=96&d=mm&r=g\",\"contentUrl\":\"https:\\\/\\\/secure.gravatar.com\\\/avatar\\\/eee448fc3f7164808013b816ba91ac7e43bbe82a70bebac296f8bc6f0addaa1a?s=96&d=mm&r=g\",\"caption\":\"Edici\u00f3n Web\"},\"url\":\"https:\\\/\\\/canal7slp.tv\\\/2025\\\/author\\\/edicionweb\\\/\"}]}<\/script>\n<!-- \/ Yoast SEO plugin. -->","yoast_head_json":{"title":"Sheinbaum busca impugnar veto del INE para promover el voto en las elecciones judiciales - Canal 7 SLP - 2025","robots":{"index":"index","follow":"follow","max-snippet":"max-snippet:-1","max-image-preview":"max-image-preview:large","max-video-preview":"max-video-preview:-1"},"canonical":"https:\/\/canal7slp.tv\/2025\/sheinbaum-busca-impugnar-veto-del-ine-para-promover-el-voto-en-las-elecciones-judiciales\/","og_locale":"es_ES","og_type":"article","og_title":"Sheinbaum busca impugnar veto del INE para promover el voto en las elecciones judiciales - Canal 7 SLP - 2025","og_description":"M\u00e9xico.- La presidenta de M\u00e9xico, Claudia Sheinbaum Pardo, ha impugnado ante el Tribunal Electoral del Poder Judicial de la Federaci\u00f3n (TEPJF) la resoluci\u00f3n del Instituto Nacional Electoral (INE) que proh\u00edbe a ella y a otros funcionarios p\u00fablicos promover el voto en la pr\u00f3xima elecci\u00f3n judicial. Durante su conferencia matutina, Sheinbaum defendi\u00f3 la importancia de que el Poder Ejecutivo y el Legislativo participen en la promoci\u00f3n de este proceso, programado para el 1 de junio, siempre y cuando no influyan en la elecci\u00f3n de candidatos. Adem\u00e1s, se\u00f1al\u00f3 que a\u00fan no ha recibido comunicaci\u00f3n oficial del INE, el cual ha determinado que [&hellip;]","og_url":"https:\/\/canal7slp.tv\/2025\/sheinbaum-busca-impugnar-veto-del-ine-para-promover-el-voto-en-las-elecciones-judiciales\/","og_site_name":"Canal 7 SLP - 2025","article_publisher":"https:\/\/www.facebook.com\/noticieroscanal7atencionciudadana\/","article_published_time":"2025-03-31T21:36:22+00:00","og_image":[{"width":750,"height":500,"url":"https:\/\/canal7slp.tv\/2025\/wp-content\/uploads\/2025\/03\/07-24.jpg","type":"image\/jpeg"}],"author":"Edici\u00f3n Web","twitter_card":"summary_large_image","twitter_creator":"@NOTICIEROS7","twitter_site":"@NOTICIEROS7","twitter_misc":{"Escrito por":"Edici\u00f3n Web","Tiempo de lectura":"2 minutos"},"schema":{"@context":"https:\/\/schema.org","@graph":[{"@type":"Article","@id":"https:\/\/canal7slp.tv\/2025\/sheinbaum-busca-impugnar-veto-del-ine-para-promover-el-voto-en-las-elecciones-judiciales\/#article","isPartOf":{"@id":"https:\/\/canal7slp.tv\/2025\/sheinbaum-busca-impugnar-veto-del-ine-para-promover-el-voto-en-las-elecciones-judiciales\/"},"author":{"name":"Edici\u00f3n Web","@id":"https:\/\/canal7slp.tv\/2025\/#\/schema\/person\/271e2b60a96e7cc9d9ac296f4d7e414b"},"headline":"Sheinbaum busca impugnar veto del INE para promover el voto en las elecciones judiciales","datePublished":"2025-03-31T21:36:22+00:00","mainEntityOfPage":{"@id":"https:\/\/canal7slp.tv\/2025\/sheinbaum-busca-impugnar-veto-del-ine-para-promover-el-voto-en-las-elecciones-judiciales\/"},"wordCount":250,"publisher":{"@id":"https:\/\/canal7slp.tv\/2025\/#organization"},"image":{"@id":"https:\/\/canal7slp.tv\/2025\/sheinbaum-busca-impugnar-veto-del-ine-para-promover-el-voto-en-las-elecciones-judiciales\/#primaryimage"},"thumbnailUrl":"https:\/\/canal7slp.tv\/2025\/wp-content\/uploads\/2025\/03\/07-24.jpg","articleSection":["NACIONALES"],"inLanguage":"es"},{"@type":"WebPage","@id":"https:\/\/canal7slp.tv\/2025\/sheinbaum-busca-impugnar-veto-del-ine-para-promover-el-voto-en-las-elecciones-judiciales\/","url":"https:\/\/canal7slp.tv\/2025\/sheinbaum-busca-impugnar-veto-del-ine-para-promover-el-voto-en-las-elecciones-judiciales\/","name":"Sheinbaum busca impugnar veto del INE para promover el voto en las elecciones judiciales - Canal 7 SLP - 2025","isPartOf":{"@id":"https:\/\/canal7slp.tv\/2025\/#website"},"primaryImageOfPage":{"@id":"https:\/\/canal7slp.tv\/2025\/sheinbaum-busca-impugnar-veto-del-ine-para-promover-el-voto-en-las-elecciones-judiciales\/#primaryimage"},"image":{"@id":"https:\/\/canal7slp.tv\/2025\/sheinbaum-busca-impugnar-veto-del-ine-para-promover-el-voto-en-las-elecciones-judiciales\/#primaryimage"},"thumbnailUrl":"https:\/\/canal7slp.tv\/2025\/wp-content\/uploads\/2025\/03\/07-24.jpg","datePublished":"2025-03-31T21:36:22+00:00","breadcrumb":{"@id":"https:\/\/canal7slp.tv\/2025\/sheinbaum-busca-impugnar-veto-del-ine-para-promover-el-voto-en-las-elecciones-judiciales\/#breadcrumb"},"inLanguage":"es","potentialAction":[{"@type":"ReadAction","target":["https:\/\/canal7slp.tv\/2025\/sheinbaum-busca-impugnar-veto-del-ine-para-promover-el-voto-en-las-elecciones-judiciales\/"]}]},{"@type":"ImageObject","inLanguage":"es","@id":"https:\/\/canal7slp.tv\/2025\/sheinbaum-busca-impugnar-veto-del-ine-para-promover-el-voto-en-las-elecciones-judiciales\/#primaryimage","url":"https:\/\/canal7slp.tv\/2025\/wp-content\/uploads\/2025\/03\/07-24.jpg","contentUrl":"https:\/\/canal7slp.tv\/2025\/wp-content\/uploads\/2025\/03\/07-24.jpg","width":750,"height":500},{"@type":"BreadcrumbList","@id":"https:\/\/canal7slp.tv\/2025\/sheinbaum-busca-impugnar-veto-del-ine-para-promover-el-voto-en-las-elecciones-judiciales\/#breadcrumb","itemListElement":[{"@type":"ListItem","position":1,"name":"Portada","item":"https:\/\/canal7slp.tv\/2025\/"},{"@type":"ListItem","position":2,"name":"Sheinbaum busca impugnar veto del INE para promover el voto en las elecciones judiciales"}]},{"@type":"WebSite","@id":"https:\/\/canal7slp.tv\/2025\/#website","url":"https:\/\/canal7slp.tv\/2025\/","name":"N7 - Noticieros Canal 7","description":"Somos el Medio","publisher":{"@id":"https:\/\/canal7slp.tv\/2025\/#organization"},"potentialAction":[{"@type":"SearchAction","target":{"@type":"EntryPoint","urlTemplate":"https:\/\/canal7slp.tv\/2025\/?s={search_term_string}"},"query-input":{"@type":"PropertyValueSpecification","valueRequired":true,"valueName":"search_term_string"}}],"inLanguage":"es"},{"@type":"Organization","@id":"https:\/\/canal7slp.tv\/2025\/#organization","name":"Noticieros Canal 7","url":"https:\/\/canal7slp.tv\/2025\/","logo":{"@type":"ImageObject","inLanguage":"es","@id":"https:\/\/canal7slp.tv\/2025\/#\/schema\/logo\/image\/","url":"https:\/\/canal7slp.tv\/2025\/wp-content\/uploads\/2021\/01\/logo-noticieros@2x.png","contentUrl":"https:\/\/canal7slp.tv\/2025\/wp-content\/uploads\/2021\/01\/logo-noticieros@2x.png","width":1017,"height":268,"caption":"Noticieros Canal 7"},"image":{"@id":"https:\/\/canal7slp.tv\/2025\/#\/schema\/logo\/image\/"},"sameAs":["https:\/\/www.facebook.com\/noticieroscanal7atencionciudadana\/","https:\/\/x.com\/NOTICIEROS7","https:\/\/www.instagram.com\/canal7_slp","https:\/\/www.youtube.com\/channel\/UCliiYs-gP3JfJeqdPrNdd5A"]},{"@type":"Person","@id":"https:\/\/canal7slp.tv\/2025\/#\/schema\/person\/271e2b60a96e7cc9d9ac296f4d7e414b","name":"Edici\u00f3n Web","image":{"@type":"ImageObject","inLanguage":"es","@id":"https:\/\/secure.gravatar.com\/avatar\/eee448fc3f7164808013b816ba91ac7e43bbe82a70bebac296f8bc6f0addaa1a?s=96&d=mm&r=g","url":"https:\/\/secure.gravatar.com\/avatar\/eee448fc3f7164808013b816ba91ac7e43bbe82a70bebac296f8bc6f0addaa1a?s=96&d=mm&r=g","contentUrl":"https:\/\/secure.gravatar.com\/avatar\/eee448fc3f7164808013b816ba91ac7e43bbe82a70bebac296f8bc6f0addaa1a?s=96&d=mm&r=g","caption":"Edici\u00f3n Web"},"url":"https:\/\/canal7slp.tv\/2025\/author\/edicionweb\/"}]}},"_links":{"self":[{"href":"https:\/\/canal7slp.tv\/2025\/wp-json\/wp\/v2\/posts\/161973","targetHints":{"allow":["GET"]}}],"collection":[{"href":"https:\/\/canal7slp.tv\/2025\/wp-json\/wp\/v2\/posts"}],"about":[{"href":"https:\/\/canal7slp.tv\/2025\/wp-json\/wp\/v2\/types\/post"}],"author":[{"embeddable":true,"href":"https:\/\/canal7slp.tv\/2025\/wp-json\/wp\/v2\/users\/2"}],"replies":[{"embeddable":true,"href":"https:\/\/canal7slp.tv\/2025\/wp-json\/wp\/v2\/comments?post=161973"}],"version-history":[{"count":1,"href":"https:\/\/canal7slp.tv\/2025\/wp-json\/wp\/v2\/posts\/161973\/revisions"}],"predecessor-version":[{"id":161975,"href":"https:\/\/canal7slp.tv\/2025\/wp-json\/wp\/v2\/posts\/161973\/revisions\/161975"}],"wp:featuredmedia":[{"embeddable":true,"href":"https:\/\/canal7slp.tv\/2025\/wp-json\/wp\/v2\/media\/161974"}],"wp:attachment":[{"href":"https:\/\/canal7slp.tv\/2025\/wp-json\/wp\/v2\/media?parent=161973"}],"wp:term":[{"taxonomy":"category","embeddable":true,"href":"https:\/\/canal7slp.tv\/2025\/wp-json\/wp\/v2\/categories?post=161973"},{"taxonomy":"post_tag","embeddable":true,"href":"https:\/\/canal7slp.tv\/2025\/wp-json\/wp\/v2\/tags?post=161973"}],"curies":[{"name":"wp","href":"https:\/\/api.w.org\/{rel}","templated":true}]}}