{"id":161963,"date":"2025-03-31T14:39:12","date_gmt":"2025-03-31T20:39:12","guid":{"rendered":"https:\/\/canal7slp.tv\/2025\/?p=161963"},"modified":"2025-09-11T17:25:04","modified_gmt":"2025-09-11T23:25:04","slug":"putin-ordena-reclutamiento-de-160-mil-jovenes-en-medio-del-conflicto-con-ucrania","status":"publish","type":"post","link":"https:\/\/canal7slp.tv\/2025\/putin-ordena-reclutamiento-de-160-mil-jovenes-en-medio-del-conflicto-con-ucrania\/","title":{"rendered":"Putin ordena reclutamiento de 160 mil j\u00f3venes en medio del conflicto con ucrania"},"content":{"rendered":"<p style=\"text-align: justify;\">\n<p style=\"text-align: justify;\">Mosc\u00fa.- El presidente de Rusia, Vlad\u00edmir Putin, firm\u00f3 un decreto que establece el primer llamamiento a filas de 2025, afectando a 160 mil j\u00f3venes rusos, 10 mil m\u00e1s que el a\u00f1o anterior. Este grupo deber\u00e1 cumplir un servicio militar obligatorio de doce meses.<\/p>\n<p style=\"text-align: justify;\">El decreto detalla que el reclutamiento se llevar\u00e1 a cabo entre el 1 de abril y el 15 de julio de 2025, dirigido a ciudadanos rusos de entre 18 y 30 a\u00f1os. Desde el 1 de enero de 2024, la edad m\u00e1xima para el servicio militar aument\u00f3 de 27 a 30 a\u00f1os, como parte de las reformas en el sistema de reclutamiento.<\/p>\n<p style=\"text-align: justify;\">Esta modificaci\u00f3n fue propuesta a finales de 2022 por el exministro de Defensa, Sergu\u00e9i Shoig\u00fa, luego de que cientos de miles de hombres en edad militar huyeran del pa\u00eds tras la movilizaci\u00f3n decretada por Putin en septiembre de ese a\u00f1o para reforzar las tropas en Ucrania.<\/p>\n<p style=\"text-align: justify;\">Andr\u00e9i Kartap\u00f3lov, presidente del comit\u00e9 de Defensa de la Duma, asegur\u00f3 que los nuevos reclutas \u00abno ser\u00e1n enviados a la operaci\u00f3n militar especial\u00bb en Ucrania. Sin embargo, esta promesa ha sido puesta en duda debido a m\u00faltiples reportes de incumplimientos por parte de las autoridades.<\/p>\n<p style=\"text-align: justify;\">Medios independientes han informado recientemente que al menos 25 reclutas han muerto en combates en la regi\u00f3n de Kursk, parcialmente ocupada por tropas ucranianas desde agosto de 2024. Adem\u00e1s, organizaciones de derechos humanos han denunciado que muchos conscriptos son presionados para firmar contratos como soldados profesionales y ser desplegados en el conflicto.<\/p>\n<p style=\"text-align: justify;\">Por su parte, Putin ha afirmado que el ej\u00e9rcito ruso mantiene la iniciativa en el frente ucraniano, aunque reconoci\u00f3 que Mosc\u00fa a\u00fan no controla completamente ninguna de las cuatro regiones anexadas.<\/p>\n","protected":false},"excerpt":{"rendered":"<p>Mosc\u00fa.- El presidente de Rusia, Vlad\u00edmir Putin, firm\u00f3 un decreto que establece el primer llamamiento a filas de 2025, afectando a 160 mil j\u00f3venes rusos, 10 mil m\u00e1s que el a\u00f1o anterior. Este grupo deber\u00e1 cumplir un servicio militar obligatorio de doce meses. El decreto detalla que el reclutamiento se llevar\u00e1 a cabo entre el 1 de abril y el 15 de julio de 2025, dirigido a ciudadanos rusos de entre 18 y 30 a\u00f1os. Desde el 1 de enero de 2024, la edad m\u00e1xima para el servicio militar aument\u00f3 de 27 a 30 a\u00f1os, como parte de las reformas [&hellip;]<\/p>\n","protected":false},"author":2,"featured_media":161964,"comment_status":"closed","ping_status":"closed","sticky":false,"template":"","format":"standard","meta":{"_monsterinsights_skip_tracking":false,"_monsterinsights_sitenote_active":false,"_monsterinsights_sitenote_note":"","_monsterinsights_sitenote_category":0,"footnotes":""},"categories":[44],"tags":[],"class_list":["post-161963","post","type-post","status-publish","format-standard","has-post-thumbnail","hentry","category-internacional","post--single"],"yoast_head":"<!-- This site is optimized with the Yoast SEO plugin v27.4 - https:\/\/yoast.com\/product\/yoast-seo-wordpress\/ -->\n<title>Putin ordena reclutamiento de 160 mil j\u00f3venes en medio del conflicto con ucrania - Canal 7 SLP - 2025<\/title>\n<meta name=\"robots\" content=\"index, follow, max-snippet:-1, max-image-preview:large, max-video-preview:-1\" \/>\n<link rel=\"canonical\" href=\"https:\/\/canal7slp.tv\/2025\/putin-ordena-reclutamiento-de-160-mil-jovenes-en-medio-del-conflicto-con-ucrania\/\" \/>\n<meta property=\"og:locale\" content=\"es_ES\" \/>\n<meta property=\"og:type\" content=\"article\" \/>\n<meta property=\"og:title\" content=\"Putin ordena reclutamiento de 160 mil j\u00f3venes en medio del conflicto con ucrania - Canal 7 SLP - 2025\" \/>\n<meta property=\"og:description\" content=\"Mosc\u00fa.- El presidente de Rusia, Vlad\u00edmir Putin, firm\u00f3 un decreto que establece el primer llamamiento a filas de 2025, afectando a 160 mil j\u00f3venes rusos, 10 mil m\u00e1s que el a\u00f1o anterior. Este grupo deber\u00e1 cumplir un servicio militar obligatorio de doce meses. El decreto detalla que el reclutamiento se llevar\u00e1 a cabo entre el 1 de abril y el 15 de julio de 2025, dirigido a ciudadanos rusos de entre 18 y 30 a\u00f1os. Desde el 1 de enero de 2024, la edad m\u00e1xima para el servicio militar aument\u00f3 de 27 a 30 a\u00f1os, como parte de las reformas [&hellip;]\" \/>\n<meta property=\"og:url\" content=\"https:\/\/canal7slp.tv\/2025\/putin-ordena-reclutamiento-de-160-mil-jovenes-en-medio-del-conflicto-con-ucrania\/\" \/>\n<meta property=\"og:site_name\" content=\"Canal 7 SLP - 2025\" \/>\n<meta property=\"article:publisher\" content=\"https:\/\/www.facebook.com\/noticieroscanal7atencionciudadana\/\" \/>\n<meta property=\"article:published_time\" content=\"2025-03-31T20:39:12+00:00\" \/>\n<meta property=\"article:modified_time\" content=\"2025-09-11T23:25:04+00:00\" \/>\n<meta property=\"og:image\" content=\"https:\/\/canal7slp.tv\/2025\/wp-content\/uploads\/2025\/03\/04-24.jpg\" \/>\n\t<meta property=\"og:image:width\" content=\"888\" \/>\n\t<meta property=\"og:image:height\" content=\"500\" \/>\n\t<meta property=\"og:image:type\" content=\"image\/jpeg\" \/>\n<meta name=\"author\" content=\"Edici\u00f3n Web\" \/>\n<meta name=\"twitter:card\" content=\"summary_large_image\" \/>\n<meta name=\"twitter:creator\" content=\"@NOTICIEROS7\" \/>\n<meta name=\"twitter:site\" content=\"@NOTICIEROS7\" \/>\n<meta name=\"twitter:label1\" content=\"Escrito por\" \/>\n\t<meta name=\"twitter:data1\" content=\"Edici\u00f3n Web\" \/>\n\t<meta name=\"twitter:label2\" content=\"Tiempo de lectura\" \/>\n\t<meta name=\"twitter:data2\" content=\"2 minutos\" \/>\n<script type=\"application\/ld+json\" class=\"yoast-schema-graph\">{\"@context\":\"https:\\\/\\\/schema.org\",\"@graph\":[{\"@type\":\"Article\",\"@id\":\"https:\\\/\\\/canal7slp.tv\\\/2025\\\/putin-ordena-reclutamiento-de-160-mil-jovenes-en-medio-del-conflicto-con-ucrania\\\/#article\",\"isPartOf\":{\"@id\":\"https:\\\/\\\/canal7slp.tv\\\/2025\\\/putin-ordena-reclutamiento-de-160-mil-jovenes-en-medio-del-conflicto-con-ucrania\\\/\"},\"author\":{\"name\":\"Edici\u00f3n Web\",\"@id\":\"https:\\\/\\\/canal7slp.tv\\\/2025\\\/#\\\/schema\\\/person\\\/271e2b60a96e7cc9d9ac296f4d7e414b\"},\"headline\":\"Putin ordena reclutamiento de 160 mil j\u00f3venes en medio del conflicto con ucrania\",\"datePublished\":\"2025-03-31T20:39:12+00:00\",\"dateModified\":\"2025-09-11T23:25:04+00:00\",\"mainEntityOfPage\":{\"@id\":\"https:\\\/\\\/canal7slp.tv\\\/2025\\\/putin-ordena-reclutamiento-de-160-mil-jovenes-en-medio-del-conflicto-con-ucrania\\\/\"},\"wordCount\":299,\"publisher\":{\"@id\":\"https:\\\/\\\/canal7slp.tv\\\/2025\\\/#organization\"},\"image\":{\"@id\":\"https:\\\/\\\/canal7slp.tv\\\/2025\\\/putin-ordena-reclutamiento-de-160-mil-jovenes-en-medio-del-conflicto-con-ucrania\\\/#primaryimage\"},\"thumbnailUrl\":\"https:\\\/\\\/canal7slp.tv\\\/2025\\\/wp-content\\\/uploads\\\/2025\\\/03\\\/04-24.jpg\",\"articleSection\":[\"INTERNACIONALES\"],\"inLanguage\":\"es\"},{\"@type\":\"WebPage\",\"@id\":\"https:\\\/\\\/canal7slp.tv\\\/2025\\\/putin-ordena-reclutamiento-de-160-mil-jovenes-en-medio-del-conflicto-con-ucrania\\\/\",\"url\":\"https:\\\/\\\/canal7slp.tv\\\/2025\\\/putin-ordena-reclutamiento-de-160-mil-jovenes-en-medio-del-conflicto-con-ucrania\\\/\",\"name\":\"Putin ordena reclutamiento de 160 mil j\u00f3venes en medio del conflicto con ucrania - Canal 7 SLP - 2025\",\"isPartOf\":{\"@id\":\"https:\\\/\\\/canal7slp.tv\\\/2025\\\/#website\"},\"primaryImageOfPage\":{\"@id\":\"https:\\\/\\\/canal7slp.tv\\\/2025\\\/putin-ordena-reclutamiento-de-160-mil-jovenes-en-medio-del-conflicto-con-ucrania\\\/#primaryimage\"},\"image\":{\"@id\":\"https:\\\/\\\/canal7slp.tv\\\/2025\\\/putin-ordena-reclutamiento-de-160-mil-jovenes-en-medio-del-conflicto-con-ucrania\\\/#primaryimage\"},\"thumbnailUrl\":\"https:\\\/\\\/canal7slp.tv\\\/2025\\\/wp-content\\\/uploads\\\/2025\\\/03\\\/04-24.jpg\",\"datePublished\":\"2025-03-31T20:39:12+00:00\",\"dateModified\":\"2025-09-11T23:25:04+00:00\",\"breadcrumb\":{\"@id\":\"https:\\\/\\\/canal7slp.tv\\\/2025\\\/putin-ordena-reclutamiento-de-160-mil-jovenes-en-medio-del-conflicto-con-ucrania\\\/#breadcrumb\"},\"inLanguage\":\"es\",\"potentialAction\":[{\"@type\":\"ReadAction\",\"target\":[\"https:\\\/\\\/canal7slp.tv\\\/2025\\\/putin-ordena-reclutamiento-de-160-mil-jovenes-en-medio-del-conflicto-con-ucrania\\\/\"]}]},{\"@type\":\"ImageObject\",\"inLanguage\":\"es\",\"@id\":\"https:\\\/\\\/canal7slp.tv\\\/2025\\\/putin-ordena-reclutamiento-de-160-mil-jovenes-en-medio-del-conflicto-con-ucrania\\\/#primaryimage\",\"url\":\"https:\\\/\\\/canal7slp.tv\\\/2025\\\/wp-content\\\/uploads\\\/2025\\\/03\\\/04-24.jpg\",\"contentUrl\":\"https:\\\/\\\/canal7slp.tv\\\/2025\\\/wp-content\\\/uploads\\\/2025\\\/03\\\/04-24.jpg\",\"width\":888,\"height\":500},{\"@type\":\"BreadcrumbList\",\"@id\":\"https:\\\/\\\/canal7slp.tv\\\/2025\\\/putin-ordena-reclutamiento-de-160-mil-jovenes-en-medio-del-conflicto-con-ucrania\\\/#breadcrumb\",\"itemListElement\":[{\"@type\":\"ListItem\",\"position\":1,\"name\":\"Portada\",\"item\":\"https:\\\/\\\/canal7slp.tv\\\/2025\\\/\"},{\"@type\":\"ListItem\",\"position\":2,\"name\":\"Putin ordena reclutamiento de 160 mil j\u00f3venes en medio del conflicto con ucrania\"}]},{\"@type\":\"WebSite\",\"@id\":\"https:\\\/\\\/canal7slp.tv\\\/2025\\\/#website\",\"url\":\"https:\\\/\\\/canal7slp.tv\\\/2025\\\/\",\"name\":\"N7 - Noticieros Canal 7\",\"description\":\"Somos el Medio\",\"publisher\":{\"@id\":\"https:\\\/\\\/canal7slp.tv\\\/2025\\\/#organization\"},\"potentialAction\":[{\"@type\":\"SearchAction\",\"target\":{\"@type\":\"EntryPoint\",\"urlTemplate\":\"https:\\\/\\\/canal7slp.tv\\\/2025\\\/?s={search_term_string}\"},\"query-input\":{\"@type\":\"PropertyValueSpecification\",\"valueRequired\":true,\"valueName\":\"search_term_string\"}}],\"inLanguage\":\"es\"},{\"@type\":\"Organization\",\"@id\":\"https:\\\/\\\/canal7slp.tv\\\/2025\\\/#organization\",\"name\":\"Noticieros Canal 7\",\"url\":\"https:\\\/\\\/canal7slp.tv\\\/2025\\\/\",\"logo\":{\"@type\":\"ImageObject\",\"inLanguage\":\"es\",\"@id\":\"https:\\\/\\\/canal7slp.tv\\\/2025\\\/#\\\/schema\\\/logo\\\/image\\\/\",\"url\":\"https:\\\/\\\/canal7slp.tv\\\/2025\\\/wp-content\\\/uploads\\\/2021\\\/01\\\/logo-noticieros@2x.png\",\"contentUrl\":\"https:\\\/\\\/canal7slp.tv\\\/2025\\\/wp-content\\\/uploads\\\/2021\\\/01\\\/logo-noticieros@2x.png\",\"width\":1017,\"height\":268,\"caption\":\"Noticieros Canal 7\"},\"image\":{\"@id\":\"https:\\\/\\\/canal7slp.tv\\\/2025\\\/#\\\/schema\\\/logo\\\/image\\\/\"},\"sameAs\":[\"https:\\\/\\\/www.facebook.com\\\/noticieroscanal7atencionciudadana\\\/\",\"https:\\\/\\\/x.com\\\/NOTICIEROS7\",\"https:\\\/\\\/www.instagram.com\\\/canal7_slp\",\"https:\\\/\\\/www.youtube.com\\\/channel\\\/UCliiYs-gP3JfJeqdPrNdd5A\"]},{\"@type\":\"Person\",\"@id\":\"https:\\\/\\\/canal7slp.tv\\\/2025\\\/#\\\/schema\\\/person\\\/271e2b60a96e7cc9d9ac296f4d7e414b\",\"name\":\"Edici\u00f3n Web\",\"image\":{\"@type\":\"ImageObject\",\"inLanguage\":\"es\",\"@id\":\"https:\\\/\\\/secure.gravatar.com\\\/avatar\\\/eee448fc3f7164808013b816ba91ac7e43bbe82a70bebac296f8bc6f0addaa1a?s=96&d=mm&r=g\",\"url\":\"https:\\\/\\\/secure.gravatar.com\\\/avatar\\\/eee448fc3f7164808013b816ba91ac7e43bbe82a70bebac296f8bc6f0addaa1a?s=96&d=mm&r=g\",\"contentUrl\":\"https:\\\/\\\/secure.gravatar.com\\\/avatar\\\/eee448fc3f7164808013b816ba91ac7e43bbe82a70bebac296f8bc6f0addaa1a?s=96&d=mm&r=g\",\"caption\":\"Edici\u00f3n Web\"},\"url\":\"https:\\\/\\\/canal7slp.tv\\\/2025\\\/author\\\/edicionweb\\\/\"}]}<\/script>\n<!-- \/ Yoast SEO plugin. -->","yoast_head_json":{"title":"Putin ordena reclutamiento de 160 mil j\u00f3venes en medio del conflicto con ucrania - Canal 7 SLP - 2025","robots":{"index":"index","follow":"follow","max-snippet":"max-snippet:-1","max-image-preview":"max-image-preview:large","max-video-preview":"max-video-preview:-1"},"canonical":"https:\/\/canal7slp.tv\/2025\/putin-ordena-reclutamiento-de-160-mil-jovenes-en-medio-del-conflicto-con-ucrania\/","og_locale":"es_ES","og_type":"article","og_title":"Putin ordena reclutamiento de 160 mil j\u00f3venes en medio del conflicto con ucrania - Canal 7 SLP - 2025","og_description":"Mosc\u00fa.- El presidente de Rusia, Vlad\u00edmir Putin, firm\u00f3 un decreto que establece el primer llamamiento a filas de 2025, afectando a 160 mil j\u00f3venes rusos, 10 mil m\u00e1s que el a\u00f1o anterior. Este grupo deber\u00e1 cumplir un servicio militar obligatorio de doce meses. El decreto detalla que el reclutamiento se llevar\u00e1 a cabo entre el 1 de abril y el 15 de julio de 2025, dirigido a ciudadanos rusos de entre 18 y 30 a\u00f1os. Desde el 1 de enero de 2024, la edad m\u00e1xima para el servicio militar aument\u00f3 de 27 a 30 a\u00f1os, como parte de las reformas [&hellip;]","og_url":"https:\/\/canal7slp.tv\/2025\/putin-ordena-reclutamiento-de-160-mil-jovenes-en-medio-del-conflicto-con-ucrania\/","og_site_name":"Canal 7 SLP - 2025","article_publisher":"https:\/\/www.facebook.com\/noticieroscanal7atencionciudadana\/","article_published_time":"2025-03-31T20:39:12+00:00","article_modified_time":"2025-09-11T23:25:04+00:00","og_image":[{"width":888,"height":500,"url":"https:\/\/canal7slp.tv\/2025\/wp-content\/uploads\/2025\/03\/04-24.jpg","type":"image\/jpeg"}],"author":"Edici\u00f3n Web","twitter_card":"summary_large_image","twitter_creator":"@NOTICIEROS7","twitter_site":"@NOTICIEROS7","twitter_misc":{"Escrito por":"Edici\u00f3n Web","Tiempo de lectura":"2 minutos"},"schema":{"@context":"https:\/\/schema.org","@graph":[{"@type":"Article","@id":"https:\/\/canal7slp.tv\/2025\/putin-ordena-reclutamiento-de-160-mil-jovenes-en-medio-del-conflicto-con-ucrania\/#article","isPartOf":{"@id":"https:\/\/canal7slp.tv\/2025\/putin-ordena-reclutamiento-de-160-mil-jovenes-en-medio-del-conflicto-con-ucrania\/"},"author":{"name":"Edici\u00f3n Web","@id":"https:\/\/canal7slp.tv\/2025\/#\/schema\/person\/271e2b60a96e7cc9d9ac296f4d7e414b"},"headline":"Putin ordena reclutamiento de 160 mil j\u00f3venes en medio del conflicto con ucrania","datePublished":"2025-03-31T20:39:12+00:00","dateModified":"2025-09-11T23:25:04+00:00","mainEntityOfPage":{"@id":"https:\/\/canal7slp.tv\/2025\/putin-ordena-reclutamiento-de-160-mil-jovenes-en-medio-del-conflicto-con-ucrania\/"},"wordCount":299,"publisher":{"@id":"https:\/\/canal7slp.tv\/2025\/#organization"},"image":{"@id":"https:\/\/canal7slp.tv\/2025\/putin-ordena-reclutamiento-de-160-mil-jovenes-en-medio-del-conflicto-con-ucrania\/#primaryimage"},"thumbnailUrl":"https:\/\/canal7slp.tv\/2025\/wp-content\/uploads\/2025\/03\/04-24.jpg","articleSection":["INTERNACIONALES"],"inLanguage":"es"},{"@type":"WebPage","@id":"https:\/\/canal7slp.tv\/2025\/putin-ordena-reclutamiento-de-160-mil-jovenes-en-medio-del-conflicto-con-ucrania\/","url":"https:\/\/canal7slp.tv\/2025\/putin-ordena-reclutamiento-de-160-mil-jovenes-en-medio-del-conflicto-con-ucrania\/","name":"Putin ordena reclutamiento de 160 mil j\u00f3venes en medio del conflicto con ucrania - Canal 7 SLP - 2025","isPartOf":{"@id":"https:\/\/canal7slp.tv\/2025\/#website"},"primaryImageOfPage":{"@id":"https:\/\/canal7slp.tv\/2025\/putin-ordena-reclutamiento-de-160-mil-jovenes-en-medio-del-conflicto-con-ucrania\/#primaryimage"},"image":{"@id":"https:\/\/canal7slp.tv\/2025\/putin-ordena-reclutamiento-de-160-mil-jovenes-en-medio-del-conflicto-con-ucrania\/#primaryimage"},"thumbnailUrl":"https:\/\/canal7slp.tv\/2025\/wp-content\/uploads\/2025\/03\/04-24.jpg","datePublished":"2025-03-31T20:39:12+00:00","dateModified":"2025-09-11T23:25:04+00:00","breadcrumb":{"@id":"https:\/\/canal7slp.tv\/2025\/putin-ordena-reclutamiento-de-160-mil-jovenes-en-medio-del-conflicto-con-ucrania\/#breadcrumb"},"inLanguage":"es","potentialAction":[{"@type":"ReadAction","target":["https:\/\/canal7slp.tv\/2025\/putin-ordena-reclutamiento-de-160-mil-jovenes-en-medio-del-conflicto-con-ucrania\/"]}]},{"@type":"ImageObject","inLanguage":"es","@id":"https:\/\/canal7slp.tv\/2025\/putin-ordena-reclutamiento-de-160-mil-jovenes-en-medio-del-conflicto-con-ucrania\/#primaryimage","url":"https:\/\/canal7slp.tv\/2025\/wp-content\/uploads\/2025\/03\/04-24.jpg","contentUrl":"https:\/\/canal7slp.tv\/2025\/wp-content\/uploads\/2025\/03\/04-24.jpg","width":888,"height":500},{"@type":"BreadcrumbList","@id":"https:\/\/canal7slp.tv\/2025\/putin-ordena-reclutamiento-de-160-mil-jovenes-en-medio-del-conflicto-con-ucrania\/#breadcrumb","itemListElement":[{"@type":"ListItem","position":1,"name":"Portada","item":"https:\/\/canal7slp.tv\/2025\/"},{"@type":"ListItem","position":2,"name":"Putin ordena reclutamiento de 160 mil j\u00f3venes en medio del conflicto con ucrania"}]},{"@type":"WebSite","@id":"https:\/\/canal7slp.tv\/2025\/#website","url":"https:\/\/canal7slp.tv\/2025\/","name":"N7 - Noticieros Canal 7","description":"Somos el Medio","publisher":{"@id":"https:\/\/canal7slp.tv\/2025\/#organization"},"potentialAction":[{"@type":"SearchAction","target":{"@type":"EntryPoint","urlTemplate":"https:\/\/canal7slp.tv\/2025\/?s={search_term_string}"},"query-input":{"@type":"PropertyValueSpecification","valueRequired":true,"valueName":"search_term_string"}}],"inLanguage":"es"},{"@type":"Organization","@id":"https:\/\/canal7slp.tv\/2025\/#organization","name":"Noticieros Canal 7","url":"https:\/\/canal7slp.tv\/2025\/","logo":{"@type":"ImageObject","inLanguage":"es","@id":"https:\/\/canal7slp.tv\/2025\/#\/schema\/logo\/image\/","url":"https:\/\/canal7slp.tv\/2025\/wp-content\/uploads\/2021\/01\/logo-noticieros@2x.png","contentUrl":"https:\/\/canal7slp.tv\/2025\/wp-content\/uploads\/2021\/01\/logo-noticieros@2x.png","width":1017,"height":268,"caption":"Noticieros Canal 7"},"image":{"@id":"https:\/\/canal7slp.tv\/2025\/#\/schema\/logo\/image\/"},"sameAs":["https:\/\/www.facebook.com\/noticieroscanal7atencionciudadana\/","https:\/\/x.com\/NOTICIEROS7","https:\/\/www.instagram.com\/canal7_slp","https:\/\/www.youtube.com\/channel\/UCliiYs-gP3JfJeqdPrNdd5A"]},{"@type":"Person","@id":"https:\/\/canal7slp.tv\/2025\/#\/schema\/person\/271e2b60a96e7cc9d9ac296f4d7e414b","name":"Edici\u00f3n Web","image":{"@type":"ImageObject","inLanguage":"es","@id":"https:\/\/secure.gravatar.com\/avatar\/eee448fc3f7164808013b816ba91ac7e43bbe82a70bebac296f8bc6f0addaa1a?s=96&d=mm&r=g","url":"https:\/\/secure.gravatar.com\/avatar\/eee448fc3f7164808013b816ba91ac7e43bbe82a70bebac296f8bc6f0addaa1a?s=96&d=mm&r=g","contentUrl":"https:\/\/secure.gravatar.com\/avatar\/eee448fc3f7164808013b816ba91ac7e43bbe82a70bebac296f8bc6f0addaa1a?s=96&d=mm&r=g","caption":"Edici\u00f3n Web"},"url":"https:\/\/canal7slp.tv\/2025\/author\/edicionweb\/"}]}},"_links":{"self":[{"href":"https:\/\/canal7slp.tv\/2025\/wp-json\/wp\/v2\/posts\/161963","targetHints":{"allow":["GET"]}}],"collection":[{"href":"https:\/\/canal7slp.tv\/2025\/wp-json\/wp\/v2\/posts"}],"about":[{"href":"https:\/\/canal7slp.tv\/2025\/wp-json\/wp\/v2\/types\/post"}],"author":[{"embeddable":true,"href":"https:\/\/canal7slp.tv\/2025\/wp-json\/wp\/v2\/users\/2"}],"replies":[{"embeddable":true,"href":"https:\/\/canal7slp.tv\/2025\/wp-json\/wp\/v2\/comments?post=161963"}],"version-history":[{"count":1,"href":"https:\/\/canal7slp.tv\/2025\/wp-json\/wp\/v2\/posts\/161963\/revisions"}],"predecessor-version":[{"id":161965,"href":"https:\/\/canal7slp.tv\/2025\/wp-json\/wp\/v2\/posts\/161963\/revisions\/161965"}],"wp:featuredmedia":[{"embeddable":true,"href":"https:\/\/canal7slp.tv\/2025\/wp-json\/wp\/v2\/media\/161964"}],"wp:attachment":[{"href":"https:\/\/canal7slp.tv\/2025\/wp-json\/wp\/v2\/media?parent=161963"}],"wp:term":[{"taxonomy":"category","embeddable":true,"href":"https:\/\/canal7slp.tv\/2025\/wp-json\/wp\/v2\/categories?post=161963"},{"taxonomy":"post_tag","embeddable":true,"href":"https:\/\/canal7slp.tv\/2025\/wp-json\/wp\/v2\/tags?post=161963"}],"curies":[{"name":"wp","href":"https:\/\/api.w.org\/{rel}","templated":true}]}}