{"id":161596,"date":"2025-03-26T16:18:56","date_gmt":"2025-03-26T22:18:56","guid":{"rendered":"https:\/\/canal7slp.tv\/2025\/?p=161596"},"modified":"2025-03-26T16:18:56","modified_gmt":"2025-03-26T22:18:56","slug":"desde-la-canaco-lamentan-alto-costo-de-vivienda-en-la-zona-metropolitana","status":"publish","type":"post","link":"https:\/\/canal7slp.tv\/2025\/desde-la-canaco-lamentan-alto-costo-de-vivienda-en-la-zona-metropolitana\/","title":{"rendered":"Desde la Canaco lamentan alto costo de vivienda en la zona metropolitana"},"content":{"rendered":"<p style=\"text-align: justify;\">SLP.- Seg\u00fan estudio financiero de un banco internacional, el estado de San Luis Potos\u00ed es la entidad con el tercer mayor incremento en el costo de la vivienda, esto en el periodo comprendido de entre julio de 2024 y febrero 2025, en dicho lapso se increment\u00f3 en un 5%.<\/p>\n<p style=\"text-align: justify;\">El presidente de la Canaco-Servytur en San Luis Potos\u00ed, Fernando D\u00edaz de Le\u00f3n habl\u00f3 al respecto.<\/p>\n<p style=\"text-align: justify;\">\u201cTenemos aqu\u00ed el problema verdad que los valores de la tierra son elevados en comparaci\u00f3n con otros estados vecinos, sin embargo pues creo que todav\u00eda hay una reserva, los desarrolladores deben de encontrar algo para seguir construyendo\u201d.<\/p>\n<p style=\"text-align: justify;\">El cinco por ciento de alza represent\u00f3 pr\u00e1cticamente el doble del incremento promedio nacional en el mismo periodo.<\/p>\n<p style=\"text-align: justify;\">\u201cSobre todo lo que hace falta es la vivienda econ\u00f3mica, la vivienda econ\u00f3mica en lugares donde tengan cercan\u00eda con los servicios principalmente\u201d.<\/p>\n<p style=\"text-align: justify;\">El reporte se\u00f1ala que las viviendas nuevas o con una antig\u00fcedad menor a cinco a\u00f1os representan el 73.5%, mientras que las viviendas con una antig\u00fcedad mayor a 20 a\u00f1os son las menos.<\/p>\n<p style=\"text-align: justify;\">\u201cSan Luis Potos\u00ed creo que es una ciudad que lo tiene todo y que deben de seguir con desarrollos habitacionales y comerciales en las distintas zonas\u201d.<\/p>\n<p style=\"text-align: justify;\">Las casas representaron el 70.4% y los departamentos el 29.6% restante con respecto a la distribuci\u00f3n de oferta por tipo de inmueble.<\/p>\n<p style=\"text-align: justify;\">\u201cHay que buscar c\u00f3mo tener oferta de vivienda, todav\u00eda hay algunos lugares, veo un crecimiento importante (\u2026) habr\u00eda que explorar tambi\u00e9n hay lugares ahora que viene la nueva v\u00eda alterna\u201d.<\/p>\n<p>Por: Juan Carlos Contreras<\/p>\n","protected":false},"excerpt":{"rendered":"<p>SLP.- Seg\u00fan estudio financiero de un banco internacional, el estado de San Luis Potos\u00ed es la entidad con el tercer mayor incremento en el costo de la vivienda, esto en el periodo comprendido de entre julio de 2024 y febrero 2025, en dicho lapso se increment\u00f3 en un 5%. El presidente de la Canaco-Servytur en San Luis Potos\u00ed, Fernando D\u00edaz de Le\u00f3n habl\u00f3 al respecto. \u201cTenemos aqu\u00ed el problema verdad que los valores de la tierra son elevados en comparaci\u00f3n con otros estados vecinos, sin embargo pues creo que todav\u00eda hay una reserva, los desarrolladores deben de encontrar algo para [&hellip;]<\/p>\n","protected":false},"author":2,"featured_media":161612,"comment_status":"closed","ping_status":"closed","sticky":false,"template":"","format":"video","meta":{"_monsterinsights_skip_tracking":false,"_monsterinsights_sitenote_active":false,"_monsterinsights_sitenote_note":"","_monsterinsights_sitenote_category":0,"footnotes":""},"categories":[5,45],"tags":[],"class_list":["post-161596","post","type-post","status-publish","format-video","has-post-thumbnail","hentry","category-destacadas","category-localesyregionales","post_format-post-format-video","post--single"],"yoast_head":"<!-- This site is optimized with the Yoast SEO plugin v27.5 - https:\/\/yoast.com\/product\/yoast-seo-wordpress\/ -->\n<title>Desde la Canaco lamentan alto costo de vivienda en la zona metropolitana - Canal 7 SLP - 2025<\/title>\n<meta name=\"robots\" content=\"index, follow, max-snippet:-1, max-image-preview:large, max-video-preview:-1\" \/>\n<link rel=\"canonical\" href=\"https:\/\/canal7slp.tv\/2025\/desde-la-canaco-lamentan-alto-costo-de-vivienda-en-la-zona-metropolitana\/\" \/>\n<meta property=\"og:locale\" content=\"es_ES\" \/>\n<meta property=\"og:type\" content=\"article\" \/>\n<meta property=\"og:title\" content=\"Desde la Canaco lamentan alto costo de vivienda en la zona metropolitana - Canal 7 SLP - 2025\" \/>\n<meta property=\"og:description\" content=\"SLP.- Seg\u00fan estudio financiero de un banco internacional, el estado de San Luis Potos\u00ed es la entidad con el tercer mayor incremento en el costo de la vivienda, esto en el periodo comprendido de entre julio de 2024 y febrero 2025, en dicho lapso se increment\u00f3 en un 5%. El presidente de la Canaco-Servytur en San Luis Potos\u00ed, Fernando D\u00edaz de Le\u00f3n habl\u00f3 al respecto. \u201cTenemos aqu\u00ed el problema verdad que los valores de la tierra son elevados en comparaci\u00f3n con otros estados vecinos, sin embargo pues creo que todav\u00eda hay una reserva, los desarrolladores deben de encontrar algo para [&hellip;]\" \/>\n<meta property=\"og:url\" content=\"https:\/\/canal7slp.tv\/2025\/desde-la-canaco-lamentan-alto-costo-de-vivienda-en-la-zona-metropolitana\/\" \/>\n<meta property=\"og:site_name\" content=\"Canal 7 SLP - 2025\" \/>\n<meta property=\"article:publisher\" content=\"https:\/\/www.facebook.com\/noticieroscanal7atencionciudadana\/\" \/>\n<meta property=\"article:published_time\" content=\"2025-03-26T22:18:56+00:00\" \/>\n<meta property=\"og:image\" content=\"https:\/\/canal7slp.tv\/2025\/wp-content\/uploads\/2025\/03\/Poky03CANACOVivienda.jpg\" \/>\n\t<meta property=\"og:image:width\" content=\"1280\" \/>\n\t<meta property=\"og:image:height\" content=\"720\" \/>\n\t<meta property=\"og:image:type\" content=\"image\/jpeg\" \/>\n<meta name=\"author\" content=\"Edici\u00f3n Web\" \/>\n<meta name=\"twitter:card\" content=\"summary_large_image\" \/>\n<meta name=\"twitter:creator\" content=\"@NOTICIEROS7\" \/>\n<meta name=\"twitter:site\" content=\"@NOTICIEROS7\" \/>\n<meta name=\"twitter:label1\" content=\"Escrito por\" \/>\n\t<meta name=\"twitter:data1\" content=\"Edici\u00f3n Web\" \/>\n\t<meta name=\"twitter:label2\" content=\"Tiempo de lectura\" \/>\n\t<meta name=\"twitter:data2\" content=\"2 minutos\" \/>\n<script type=\"application\/ld+json\" class=\"yoast-schema-graph\">{\"@context\":\"https:\\\/\\\/schema.org\",\"@graph\":[{\"@type\":\"Article\",\"@id\":\"https:\\\/\\\/canal7slp.tv\\\/2025\\\/desde-la-canaco-lamentan-alto-costo-de-vivienda-en-la-zona-metropolitana\\\/#article\",\"isPartOf\":{\"@id\":\"https:\\\/\\\/canal7slp.tv\\\/2025\\\/desde-la-canaco-lamentan-alto-costo-de-vivienda-en-la-zona-metropolitana\\\/\"},\"author\":{\"name\":\"Edici\u00f3n Web\",\"@id\":\"https:\\\/\\\/canal7slp.tv\\\/2025\\\/#\\\/schema\\\/person\\\/271e2b60a96e7cc9d9ac296f4d7e414b\"},\"headline\":\"Desde la Canaco lamentan alto costo de vivienda en la zona metropolitana\",\"datePublished\":\"2025-03-26T22:18:56+00:00\",\"mainEntityOfPage\":{\"@id\":\"https:\\\/\\\/canal7slp.tv\\\/2025\\\/desde-la-canaco-lamentan-alto-costo-de-vivienda-en-la-zona-metropolitana\\\/\"},\"wordCount\":281,\"publisher\":{\"@id\":\"https:\\\/\\\/canal7slp.tv\\\/2025\\\/#organization\"},\"image\":{\"@id\":\"https:\\\/\\\/canal7slp.tv\\\/2025\\\/desde-la-canaco-lamentan-alto-costo-de-vivienda-en-la-zona-metropolitana\\\/#primaryimage\"},\"thumbnailUrl\":\"https:\\\/\\\/canal7slp.tv\\\/2025\\\/wp-content\\\/uploads\\\/2025\\\/03\\\/Poky03CANACOVivienda.jpg\",\"articleSection\":[\"DESTACADAS\",\"LOCALES Y REGIONALES\"],\"inLanguage\":\"es\"},{\"@type\":\"WebPage\",\"@id\":\"https:\\\/\\\/canal7slp.tv\\\/2025\\\/desde-la-canaco-lamentan-alto-costo-de-vivienda-en-la-zona-metropolitana\\\/\",\"url\":\"https:\\\/\\\/canal7slp.tv\\\/2025\\\/desde-la-canaco-lamentan-alto-costo-de-vivienda-en-la-zona-metropolitana\\\/\",\"name\":\"Desde la Canaco lamentan alto costo de vivienda en la zona metropolitana - Canal 7 SLP - 2025\",\"isPartOf\":{\"@id\":\"https:\\\/\\\/canal7slp.tv\\\/2025\\\/#website\"},\"primaryImageOfPage\":{\"@id\":\"https:\\\/\\\/canal7slp.tv\\\/2025\\\/desde-la-canaco-lamentan-alto-costo-de-vivienda-en-la-zona-metropolitana\\\/#primaryimage\"},\"image\":{\"@id\":\"https:\\\/\\\/canal7slp.tv\\\/2025\\\/desde-la-canaco-lamentan-alto-costo-de-vivienda-en-la-zona-metropolitana\\\/#primaryimage\"},\"thumbnailUrl\":\"https:\\\/\\\/canal7slp.tv\\\/2025\\\/wp-content\\\/uploads\\\/2025\\\/03\\\/Poky03CANACOVivienda.jpg\",\"datePublished\":\"2025-03-26T22:18:56+00:00\",\"breadcrumb\":{\"@id\":\"https:\\\/\\\/canal7slp.tv\\\/2025\\\/desde-la-canaco-lamentan-alto-costo-de-vivienda-en-la-zona-metropolitana\\\/#breadcrumb\"},\"inLanguage\":\"es\",\"potentialAction\":[{\"@type\":\"ReadAction\",\"target\":[\"https:\\\/\\\/canal7slp.tv\\\/2025\\\/desde-la-canaco-lamentan-alto-costo-de-vivienda-en-la-zona-metropolitana\\\/\"]}]},{\"@type\":\"ImageObject\",\"inLanguage\":\"es\",\"@id\":\"https:\\\/\\\/canal7slp.tv\\\/2025\\\/desde-la-canaco-lamentan-alto-costo-de-vivienda-en-la-zona-metropolitana\\\/#primaryimage\",\"url\":\"https:\\\/\\\/canal7slp.tv\\\/2025\\\/wp-content\\\/uploads\\\/2025\\\/03\\\/Poky03CANACOVivienda.jpg\",\"contentUrl\":\"https:\\\/\\\/canal7slp.tv\\\/2025\\\/wp-content\\\/uploads\\\/2025\\\/03\\\/Poky03CANACOVivienda.jpg\",\"width\":1280,\"height\":720},{\"@type\":\"BreadcrumbList\",\"@id\":\"https:\\\/\\\/canal7slp.tv\\\/2025\\\/desde-la-canaco-lamentan-alto-costo-de-vivienda-en-la-zona-metropolitana\\\/#breadcrumb\",\"itemListElement\":[{\"@type\":\"ListItem\",\"position\":1,\"name\":\"Portada\",\"item\":\"https:\\\/\\\/canal7slp.tv\\\/2025\\\/\"},{\"@type\":\"ListItem\",\"position\":2,\"name\":\"Desde la Canaco lamentan alto costo de vivienda en la zona metropolitana\"}]},{\"@type\":\"WebSite\",\"@id\":\"https:\\\/\\\/canal7slp.tv\\\/2025\\\/#website\",\"url\":\"https:\\\/\\\/canal7slp.tv\\\/2025\\\/\",\"name\":\"N7 - Noticieros Canal 7\",\"description\":\"Somos el Medio\",\"publisher\":{\"@id\":\"https:\\\/\\\/canal7slp.tv\\\/2025\\\/#organization\"},\"potentialAction\":[{\"@type\":\"SearchAction\",\"target\":{\"@type\":\"EntryPoint\",\"urlTemplate\":\"https:\\\/\\\/canal7slp.tv\\\/2025\\\/?s={search_term_string}\"},\"query-input\":{\"@type\":\"PropertyValueSpecification\",\"valueRequired\":true,\"valueName\":\"search_term_string\"}}],\"inLanguage\":\"es\"},{\"@type\":\"Organization\",\"@id\":\"https:\\\/\\\/canal7slp.tv\\\/2025\\\/#organization\",\"name\":\"Noticieros Canal 7\",\"url\":\"https:\\\/\\\/canal7slp.tv\\\/2025\\\/\",\"logo\":{\"@type\":\"ImageObject\",\"inLanguage\":\"es\",\"@id\":\"https:\\\/\\\/canal7slp.tv\\\/2025\\\/#\\\/schema\\\/logo\\\/image\\\/\",\"url\":\"https:\\\/\\\/canal7slp.tv\\\/2025\\\/wp-content\\\/uploads\\\/2021\\\/01\\\/logo-noticieros@2x.png\",\"contentUrl\":\"https:\\\/\\\/canal7slp.tv\\\/2025\\\/wp-content\\\/uploads\\\/2021\\\/01\\\/logo-noticieros@2x.png\",\"width\":1017,\"height\":268,\"caption\":\"Noticieros Canal 7\"},\"image\":{\"@id\":\"https:\\\/\\\/canal7slp.tv\\\/2025\\\/#\\\/schema\\\/logo\\\/image\\\/\"},\"sameAs\":[\"https:\\\/\\\/www.facebook.com\\\/noticieroscanal7atencionciudadana\\\/\",\"https:\\\/\\\/x.com\\\/NOTICIEROS7\",\"https:\\\/\\\/www.instagram.com\\\/canal7_slp\",\"https:\\\/\\\/www.youtube.com\\\/channel\\\/UCliiYs-gP3JfJeqdPrNdd5A\"]},{\"@type\":\"Person\",\"@id\":\"https:\\\/\\\/canal7slp.tv\\\/2025\\\/#\\\/schema\\\/person\\\/271e2b60a96e7cc9d9ac296f4d7e414b\",\"name\":\"Edici\u00f3n Web\",\"image\":{\"@type\":\"ImageObject\",\"inLanguage\":\"es\",\"@id\":\"https:\\\/\\\/secure.gravatar.com\\\/avatar\\\/eee448fc3f7164808013b816ba91ac7e43bbe82a70bebac296f8bc6f0addaa1a?s=96&d=mm&r=g\",\"url\":\"https:\\\/\\\/secure.gravatar.com\\\/avatar\\\/eee448fc3f7164808013b816ba91ac7e43bbe82a70bebac296f8bc6f0addaa1a?s=96&d=mm&r=g\",\"contentUrl\":\"https:\\\/\\\/secure.gravatar.com\\\/avatar\\\/eee448fc3f7164808013b816ba91ac7e43bbe82a70bebac296f8bc6f0addaa1a?s=96&d=mm&r=g\",\"caption\":\"Edici\u00f3n Web\"},\"url\":\"https:\\\/\\\/canal7slp.tv\\\/2025\\\/author\\\/edicionweb\\\/\"}]}<\/script>\n<!-- \/ Yoast SEO plugin. -->","yoast_head_json":{"title":"Desde la Canaco lamentan alto costo de vivienda en la zona metropolitana - Canal 7 SLP - 2025","robots":{"index":"index","follow":"follow","max-snippet":"max-snippet:-1","max-image-preview":"max-image-preview:large","max-video-preview":"max-video-preview:-1"},"canonical":"https:\/\/canal7slp.tv\/2025\/desde-la-canaco-lamentan-alto-costo-de-vivienda-en-la-zona-metropolitana\/","og_locale":"es_ES","og_type":"article","og_title":"Desde la Canaco lamentan alto costo de vivienda en la zona metropolitana - Canal 7 SLP - 2025","og_description":"SLP.- Seg\u00fan estudio financiero de un banco internacional, el estado de San Luis Potos\u00ed es la entidad con el tercer mayor incremento en el costo de la vivienda, esto en el periodo comprendido de entre julio de 2024 y febrero 2025, en dicho lapso se increment\u00f3 en un 5%. El presidente de la Canaco-Servytur en San Luis Potos\u00ed, Fernando D\u00edaz de Le\u00f3n habl\u00f3 al respecto. \u201cTenemos aqu\u00ed el problema verdad que los valores de la tierra son elevados en comparaci\u00f3n con otros estados vecinos, sin embargo pues creo que todav\u00eda hay una reserva, los desarrolladores deben de encontrar algo para [&hellip;]","og_url":"https:\/\/canal7slp.tv\/2025\/desde-la-canaco-lamentan-alto-costo-de-vivienda-en-la-zona-metropolitana\/","og_site_name":"Canal 7 SLP - 2025","article_publisher":"https:\/\/www.facebook.com\/noticieroscanal7atencionciudadana\/","article_published_time":"2025-03-26T22:18:56+00:00","og_image":[{"width":1280,"height":720,"url":"https:\/\/canal7slp.tv\/2025\/wp-content\/uploads\/2025\/03\/Poky03CANACOVivienda.jpg","type":"image\/jpeg"}],"author":"Edici\u00f3n Web","twitter_card":"summary_large_image","twitter_creator":"@NOTICIEROS7","twitter_site":"@NOTICIEROS7","twitter_misc":{"Escrito por":"Edici\u00f3n Web","Tiempo de lectura":"2 minutos"},"schema":{"@context":"https:\/\/schema.org","@graph":[{"@type":"Article","@id":"https:\/\/canal7slp.tv\/2025\/desde-la-canaco-lamentan-alto-costo-de-vivienda-en-la-zona-metropolitana\/#article","isPartOf":{"@id":"https:\/\/canal7slp.tv\/2025\/desde-la-canaco-lamentan-alto-costo-de-vivienda-en-la-zona-metropolitana\/"},"author":{"name":"Edici\u00f3n Web","@id":"https:\/\/canal7slp.tv\/2025\/#\/schema\/person\/271e2b60a96e7cc9d9ac296f4d7e414b"},"headline":"Desde la Canaco lamentan alto costo de vivienda en la zona metropolitana","datePublished":"2025-03-26T22:18:56+00:00","mainEntityOfPage":{"@id":"https:\/\/canal7slp.tv\/2025\/desde-la-canaco-lamentan-alto-costo-de-vivienda-en-la-zona-metropolitana\/"},"wordCount":281,"publisher":{"@id":"https:\/\/canal7slp.tv\/2025\/#organization"},"image":{"@id":"https:\/\/canal7slp.tv\/2025\/desde-la-canaco-lamentan-alto-costo-de-vivienda-en-la-zona-metropolitana\/#primaryimage"},"thumbnailUrl":"https:\/\/canal7slp.tv\/2025\/wp-content\/uploads\/2025\/03\/Poky03CANACOVivienda.jpg","articleSection":["DESTACADAS","LOCALES Y REGIONALES"],"inLanguage":"es"},{"@type":"WebPage","@id":"https:\/\/canal7slp.tv\/2025\/desde-la-canaco-lamentan-alto-costo-de-vivienda-en-la-zona-metropolitana\/","url":"https:\/\/canal7slp.tv\/2025\/desde-la-canaco-lamentan-alto-costo-de-vivienda-en-la-zona-metropolitana\/","name":"Desde la Canaco lamentan alto costo de vivienda en la zona metropolitana - Canal 7 SLP - 2025","isPartOf":{"@id":"https:\/\/canal7slp.tv\/2025\/#website"},"primaryImageOfPage":{"@id":"https:\/\/canal7slp.tv\/2025\/desde-la-canaco-lamentan-alto-costo-de-vivienda-en-la-zona-metropolitana\/#primaryimage"},"image":{"@id":"https:\/\/canal7slp.tv\/2025\/desde-la-canaco-lamentan-alto-costo-de-vivienda-en-la-zona-metropolitana\/#primaryimage"},"thumbnailUrl":"https:\/\/canal7slp.tv\/2025\/wp-content\/uploads\/2025\/03\/Poky03CANACOVivienda.jpg","datePublished":"2025-03-26T22:18:56+00:00","breadcrumb":{"@id":"https:\/\/canal7slp.tv\/2025\/desde-la-canaco-lamentan-alto-costo-de-vivienda-en-la-zona-metropolitana\/#breadcrumb"},"inLanguage":"es","potentialAction":[{"@type":"ReadAction","target":["https:\/\/canal7slp.tv\/2025\/desde-la-canaco-lamentan-alto-costo-de-vivienda-en-la-zona-metropolitana\/"]}]},{"@type":"ImageObject","inLanguage":"es","@id":"https:\/\/canal7slp.tv\/2025\/desde-la-canaco-lamentan-alto-costo-de-vivienda-en-la-zona-metropolitana\/#primaryimage","url":"https:\/\/canal7slp.tv\/2025\/wp-content\/uploads\/2025\/03\/Poky03CANACOVivienda.jpg","contentUrl":"https:\/\/canal7slp.tv\/2025\/wp-content\/uploads\/2025\/03\/Poky03CANACOVivienda.jpg","width":1280,"height":720},{"@type":"BreadcrumbList","@id":"https:\/\/canal7slp.tv\/2025\/desde-la-canaco-lamentan-alto-costo-de-vivienda-en-la-zona-metropolitana\/#breadcrumb","itemListElement":[{"@type":"ListItem","position":1,"name":"Portada","item":"https:\/\/canal7slp.tv\/2025\/"},{"@type":"ListItem","position":2,"name":"Desde la Canaco lamentan alto costo de vivienda en la zona metropolitana"}]},{"@type":"WebSite","@id":"https:\/\/canal7slp.tv\/2025\/#website","url":"https:\/\/canal7slp.tv\/2025\/","name":"N7 - Noticieros Canal 7","description":"Somos el Medio","publisher":{"@id":"https:\/\/canal7slp.tv\/2025\/#organization"},"potentialAction":[{"@type":"SearchAction","target":{"@type":"EntryPoint","urlTemplate":"https:\/\/canal7slp.tv\/2025\/?s={search_term_string}"},"query-input":{"@type":"PropertyValueSpecification","valueRequired":true,"valueName":"search_term_string"}}],"inLanguage":"es"},{"@type":"Organization","@id":"https:\/\/canal7slp.tv\/2025\/#organization","name":"Noticieros Canal 7","url":"https:\/\/canal7slp.tv\/2025\/","logo":{"@type":"ImageObject","inLanguage":"es","@id":"https:\/\/canal7slp.tv\/2025\/#\/schema\/logo\/image\/","url":"https:\/\/canal7slp.tv\/2025\/wp-content\/uploads\/2021\/01\/logo-noticieros@2x.png","contentUrl":"https:\/\/canal7slp.tv\/2025\/wp-content\/uploads\/2021\/01\/logo-noticieros@2x.png","width":1017,"height":268,"caption":"Noticieros Canal 7"},"image":{"@id":"https:\/\/canal7slp.tv\/2025\/#\/schema\/logo\/image\/"},"sameAs":["https:\/\/www.facebook.com\/noticieroscanal7atencionciudadana\/","https:\/\/x.com\/NOTICIEROS7","https:\/\/www.instagram.com\/canal7_slp","https:\/\/www.youtube.com\/channel\/UCliiYs-gP3JfJeqdPrNdd5A"]},{"@type":"Person","@id":"https:\/\/canal7slp.tv\/2025\/#\/schema\/person\/271e2b60a96e7cc9d9ac296f4d7e414b","name":"Edici\u00f3n Web","image":{"@type":"ImageObject","inLanguage":"es","@id":"https:\/\/secure.gravatar.com\/avatar\/eee448fc3f7164808013b816ba91ac7e43bbe82a70bebac296f8bc6f0addaa1a?s=96&d=mm&r=g","url":"https:\/\/secure.gravatar.com\/avatar\/eee448fc3f7164808013b816ba91ac7e43bbe82a70bebac296f8bc6f0addaa1a?s=96&d=mm&r=g","contentUrl":"https:\/\/secure.gravatar.com\/avatar\/eee448fc3f7164808013b816ba91ac7e43bbe82a70bebac296f8bc6f0addaa1a?s=96&d=mm&r=g","caption":"Edici\u00f3n Web"},"url":"https:\/\/canal7slp.tv\/2025\/author\/edicionweb\/"}]}},"_links":{"self":[{"href":"https:\/\/canal7slp.tv\/2025\/wp-json\/wp\/v2\/posts\/161596","targetHints":{"allow":["GET"]}}],"collection":[{"href":"https:\/\/canal7slp.tv\/2025\/wp-json\/wp\/v2\/posts"}],"about":[{"href":"https:\/\/canal7slp.tv\/2025\/wp-json\/wp\/v2\/types\/post"}],"author":[{"embeddable":true,"href":"https:\/\/canal7slp.tv\/2025\/wp-json\/wp\/v2\/users\/2"}],"replies":[{"embeddable":true,"href":"https:\/\/canal7slp.tv\/2025\/wp-json\/wp\/v2\/comments?post=161596"}],"version-history":[{"count":2,"href":"https:\/\/canal7slp.tv\/2025\/wp-json\/wp\/v2\/posts\/161596\/revisions"}],"predecessor-version":[{"id":161613,"href":"https:\/\/canal7slp.tv\/2025\/wp-json\/wp\/v2\/posts\/161596\/revisions\/161613"}],"wp:featuredmedia":[{"embeddable":true,"href":"https:\/\/canal7slp.tv\/2025\/wp-json\/wp\/v2\/media\/161612"}],"wp:attachment":[{"href":"https:\/\/canal7slp.tv\/2025\/wp-json\/wp\/v2\/media?parent=161596"}],"wp:term":[{"taxonomy":"category","embeddable":true,"href":"https:\/\/canal7slp.tv\/2025\/wp-json\/wp\/v2\/categories?post=161596"},{"taxonomy":"post_tag","embeddable":true,"href":"https:\/\/canal7slp.tv\/2025\/wp-json\/wp\/v2\/tags?post=161596"}],"curies":[{"name":"wp","href":"https:\/\/api.w.org\/{rel}","templated":true}]}}