{"id":161595,"date":"2025-03-26T16:15:09","date_gmt":"2025-03-26T22:15:09","guid":{"rendered":"https:\/\/canal7slp.tv\/2025\/?p=161595"},"modified":"2025-03-26T16:15:09","modified_gmt":"2025-03-26T22:15:09","slug":"construccion-de-presa-y-mejora-de-sistema-de-abasto-de-agua-en-slp","status":"publish","type":"post","link":"https:\/\/canal7slp.tv\/2025\/construccion-de-presa-y-mejora-de-sistema-de-abasto-de-agua-en-slp\/","title":{"rendered":"Construcci\u00f3n de presa y mejora de sistema de abasto de agua en SLP"},"content":{"rendered":"<p style=\"text-align: justify;\"><span style=\"font-size: 1.21429rem;\">SLP.- Debido a las altas temperaturas que se esperan para San Luis Potos\u00ed, se pudiera generar una crisis del agua, ante esta situaci\u00f3n se realizar\u00e1n una serie de acciones en la zona metropolitana, as\u00ed lo hizo saber el titular del Poder Ejecutivo, Ricardo Gallardo Cardona.<\/span><\/p>\n<p style=\"text-align: justify;\">\u201cCada a\u00f1o siempre, siempre en este tipo de fechas se agudiza un poquito m\u00e1s el problema del agua; aqu\u00ed en San Luis Potos\u00ed nos estamos preparando para ponerle un remedio ya definitivo al tema del agua, vamos a la construcci\u00f3n de las presas que ya est\u00e1n autorizadas, presupuesto que tambi\u00e9n ya est\u00e1 autorizado\u201d.<\/p>\n<p style=\"text-align: justify;\">Asever\u00f3 que las acciones ser\u00e1n m\u00faltiples.<\/p>\n<p style=\"text-align: justify;\">\u201cNo queremos parar la reconstrucci\u00f3n de los ductos de la presa del Peaje, de la presa de Las Escobas que va a ser nueva, a la planta tratadora de agua de Los Filtros pues para que tenga agua la capital, la capital va a tener agua, no le va a faltar agua\u201d.<\/p>\n<p style=\"text-align: justify;\">Ahond\u00f3 en el tema de la presa de Las Escobas y la diferencia que tendr\u00e1 con la presa El Realito.<\/p>\n<p style=\"text-align: justify;\">\u201cLas Escobas es un proyecto de agua 100% para la capital, est\u00e1 en la capital la presa, vamos a construir un ducto de un kil\u00f3metro, El Realito est\u00e1 en Guanajuato y es un ducto de m\u00e1s de 100 kil\u00f3metros son dos cosas totalmente distintas\u201d.<\/p>\n<p>Por: Juan Carlos Contreras<\/p>\n","protected":false},"excerpt":{"rendered":"<p>SLP.- Debido a las altas temperaturas que se esperan para San Luis Potos\u00ed, se pudiera generar una crisis del agua, ante esta situaci\u00f3n se realizar\u00e1n una serie de acciones en la zona metropolitana, as\u00ed lo hizo saber el titular del Poder Ejecutivo, Ricardo Gallardo Cardona. \u201cCada a\u00f1o siempre, siempre en este tipo de fechas se agudiza un poquito m\u00e1s el problema del agua; aqu\u00ed en San Luis Potos\u00ed nos estamos preparando para ponerle un remedio ya definitivo al tema del agua, vamos a la construcci\u00f3n de las presas que ya est\u00e1n autorizadas, presupuesto que tambi\u00e9n ya est\u00e1 autorizado\u201d. Asever\u00f3 que [&hellip;]<\/p>\n","protected":false},"author":2,"featured_media":161608,"comment_status":"closed","ping_status":"closed","sticky":false,"template":"","format":"video","meta":{"_monsterinsights_skip_tracking":false,"_monsterinsights_sitenote_active":false,"_monsterinsights_sitenote_note":"","_monsterinsights_sitenote_category":0,"footnotes":""},"categories":[5,510,45],"tags":[],"class_list":["post-161595","post","type-post","status-publish","format-video","has-post-thumbnail","hentry","category-destacadas","category-gobedoslp","category-localesyregionales","post_format-post-format-video","post--single"],"yoast_head":"<!-- This site is optimized with the Yoast SEO plugin v27.5 - https:\/\/yoast.com\/product\/yoast-seo-wordpress\/ -->\n<title>Construcci\u00f3n de presa y mejora de sistema de abasto de agua en SLP - Canal 7 SLP - 2025<\/title>\n<meta name=\"robots\" content=\"index, follow, max-snippet:-1, max-image-preview:large, max-video-preview:-1\" \/>\n<link rel=\"canonical\" href=\"https:\/\/canal7slp.tv\/2025\/construccion-de-presa-y-mejora-de-sistema-de-abasto-de-agua-en-slp\/\" \/>\n<meta property=\"og:locale\" content=\"es_ES\" \/>\n<meta property=\"og:type\" content=\"article\" \/>\n<meta property=\"og:title\" content=\"Construcci\u00f3n de presa y mejora de sistema de abasto de agua en SLP - Canal 7 SLP - 2025\" \/>\n<meta property=\"og:description\" content=\"SLP.- Debido a las altas temperaturas que se esperan para San Luis Potos\u00ed, se pudiera generar una crisis del agua, ante esta situaci\u00f3n se realizar\u00e1n una serie de acciones en la zona metropolitana, as\u00ed lo hizo saber el titular del Poder Ejecutivo, Ricardo Gallardo Cardona. \u201cCada a\u00f1o siempre, siempre en este tipo de fechas se agudiza un poquito m\u00e1s el problema del agua; aqu\u00ed en San Luis Potos\u00ed nos estamos preparando para ponerle un remedio ya definitivo al tema del agua, vamos a la construcci\u00f3n de las presas que ya est\u00e1n autorizadas, presupuesto que tambi\u00e9n ya est\u00e1 autorizado\u201d. Asever\u00f3 que [&hellip;]\" \/>\n<meta property=\"og:url\" content=\"https:\/\/canal7slp.tv\/2025\/construccion-de-presa-y-mejora-de-sistema-de-abasto-de-agua-en-slp\/\" \/>\n<meta property=\"og:site_name\" content=\"Canal 7 SLP - 2025\" \/>\n<meta property=\"article:publisher\" content=\"https:\/\/www.facebook.com\/noticieroscanal7atencionciudadana\/\" \/>\n<meta property=\"article:published_time\" content=\"2025-03-26T22:15:09+00:00\" \/>\n<meta property=\"og:image\" content=\"https:\/\/canal7slp.tv\/2025\/wp-content\/uploads\/2025\/03\/Poky02GobernadorAgua.jpg\" \/>\n\t<meta property=\"og:image:width\" content=\"1280\" \/>\n\t<meta property=\"og:image:height\" content=\"720\" \/>\n\t<meta property=\"og:image:type\" content=\"image\/jpeg\" \/>\n<meta name=\"author\" content=\"Edici\u00f3n Web\" \/>\n<meta name=\"twitter:card\" content=\"summary_large_image\" \/>\n<meta name=\"twitter:creator\" content=\"@NOTICIEROS7\" \/>\n<meta name=\"twitter:site\" content=\"@NOTICIEROS7\" \/>\n<meta name=\"twitter:label1\" content=\"Escrito por\" \/>\n\t<meta name=\"twitter:data1\" content=\"Edici\u00f3n Web\" \/>\n\t<meta name=\"twitter:label2\" content=\"Tiempo de lectura\" \/>\n\t<meta name=\"twitter:data2\" content=\"2 minutos\" \/>\n<script type=\"application\/ld+json\" class=\"yoast-schema-graph\">{\"@context\":\"https:\\\/\\\/schema.org\",\"@graph\":[{\"@type\":\"Article\",\"@id\":\"https:\\\/\\\/canal7slp.tv\\\/2025\\\/construccion-de-presa-y-mejora-de-sistema-de-abasto-de-agua-en-slp\\\/#article\",\"isPartOf\":{\"@id\":\"https:\\\/\\\/canal7slp.tv\\\/2025\\\/construccion-de-presa-y-mejora-de-sistema-de-abasto-de-agua-en-slp\\\/\"},\"author\":{\"name\":\"Edici\u00f3n Web\",\"@id\":\"https:\\\/\\\/canal7slp.tv\\\/2025\\\/#\\\/schema\\\/person\\\/271e2b60a96e7cc9d9ac296f4d7e414b\"},\"headline\":\"Construcci\u00f3n de presa y mejora de sistema de abasto de agua en SLP\",\"datePublished\":\"2025-03-26T22:15:09+00:00\",\"mainEntityOfPage\":{\"@id\":\"https:\\\/\\\/canal7slp.tv\\\/2025\\\/construccion-de-presa-y-mejora-de-sistema-de-abasto-de-agua-en-slp\\\/\"},\"wordCount\":250,\"publisher\":{\"@id\":\"https:\\\/\\\/canal7slp.tv\\\/2025\\\/#organization\"},\"image\":{\"@id\":\"https:\\\/\\\/canal7slp.tv\\\/2025\\\/construccion-de-presa-y-mejora-de-sistema-de-abasto-de-agua-en-slp\\\/#primaryimage\"},\"thumbnailUrl\":\"https:\\\/\\\/canal7slp.tv\\\/2025\\\/wp-content\\\/uploads\\\/2025\\\/03\\\/Poky02GobernadorAgua.jpg\",\"articleSection\":[\"DESTACADAS\",\"GOBEDOSLP\",\"LOCALES Y REGIONALES\"],\"inLanguage\":\"es\"},{\"@type\":\"WebPage\",\"@id\":\"https:\\\/\\\/canal7slp.tv\\\/2025\\\/construccion-de-presa-y-mejora-de-sistema-de-abasto-de-agua-en-slp\\\/\",\"url\":\"https:\\\/\\\/canal7slp.tv\\\/2025\\\/construccion-de-presa-y-mejora-de-sistema-de-abasto-de-agua-en-slp\\\/\",\"name\":\"Construcci\u00f3n de presa y mejora de sistema de abasto de agua en SLP - Canal 7 SLP - 2025\",\"isPartOf\":{\"@id\":\"https:\\\/\\\/canal7slp.tv\\\/2025\\\/#website\"},\"primaryImageOfPage\":{\"@id\":\"https:\\\/\\\/canal7slp.tv\\\/2025\\\/construccion-de-presa-y-mejora-de-sistema-de-abasto-de-agua-en-slp\\\/#primaryimage\"},\"image\":{\"@id\":\"https:\\\/\\\/canal7slp.tv\\\/2025\\\/construccion-de-presa-y-mejora-de-sistema-de-abasto-de-agua-en-slp\\\/#primaryimage\"},\"thumbnailUrl\":\"https:\\\/\\\/canal7slp.tv\\\/2025\\\/wp-content\\\/uploads\\\/2025\\\/03\\\/Poky02GobernadorAgua.jpg\",\"datePublished\":\"2025-03-26T22:15:09+00:00\",\"breadcrumb\":{\"@id\":\"https:\\\/\\\/canal7slp.tv\\\/2025\\\/construccion-de-presa-y-mejora-de-sistema-de-abasto-de-agua-en-slp\\\/#breadcrumb\"},\"inLanguage\":\"es\",\"potentialAction\":[{\"@type\":\"ReadAction\",\"target\":[\"https:\\\/\\\/canal7slp.tv\\\/2025\\\/construccion-de-presa-y-mejora-de-sistema-de-abasto-de-agua-en-slp\\\/\"]}]},{\"@type\":\"ImageObject\",\"inLanguage\":\"es\",\"@id\":\"https:\\\/\\\/canal7slp.tv\\\/2025\\\/construccion-de-presa-y-mejora-de-sistema-de-abasto-de-agua-en-slp\\\/#primaryimage\",\"url\":\"https:\\\/\\\/canal7slp.tv\\\/2025\\\/wp-content\\\/uploads\\\/2025\\\/03\\\/Poky02GobernadorAgua.jpg\",\"contentUrl\":\"https:\\\/\\\/canal7slp.tv\\\/2025\\\/wp-content\\\/uploads\\\/2025\\\/03\\\/Poky02GobernadorAgua.jpg\",\"width\":1280,\"height\":720},{\"@type\":\"BreadcrumbList\",\"@id\":\"https:\\\/\\\/canal7slp.tv\\\/2025\\\/construccion-de-presa-y-mejora-de-sistema-de-abasto-de-agua-en-slp\\\/#breadcrumb\",\"itemListElement\":[{\"@type\":\"ListItem\",\"position\":1,\"name\":\"Portada\",\"item\":\"https:\\\/\\\/canal7slp.tv\\\/2025\\\/\"},{\"@type\":\"ListItem\",\"position\":2,\"name\":\"Construcci\u00f3n de presa y mejora de sistema de abasto de agua en SLP\"}]},{\"@type\":\"WebSite\",\"@id\":\"https:\\\/\\\/canal7slp.tv\\\/2025\\\/#website\",\"url\":\"https:\\\/\\\/canal7slp.tv\\\/2025\\\/\",\"name\":\"N7 - Noticieros Canal 7\",\"description\":\"Somos el Medio\",\"publisher\":{\"@id\":\"https:\\\/\\\/canal7slp.tv\\\/2025\\\/#organization\"},\"potentialAction\":[{\"@type\":\"SearchAction\",\"target\":{\"@type\":\"EntryPoint\",\"urlTemplate\":\"https:\\\/\\\/canal7slp.tv\\\/2025\\\/?s={search_term_string}\"},\"query-input\":{\"@type\":\"PropertyValueSpecification\",\"valueRequired\":true,\"valueName\":\"search_term_string\"}}],\"inLanguage\":\"es\"},{\"@type\":\"Organization\",\"@id\":\"https:\\\/\\\/canal7slp.tv\\\/2025\\\/#organization\",\"name\":\"Noticieros Canal 7\",\"url\":\"https:\\\/\\\/canal7slp.tv\\\/2025\\\/\",\"logo\":{\"@type\":\"ImageObject\",\"inLanguage\":\"es\",\"@id\":\"https:\\\/\\\/canal7slp.tv\\\/2025\\\/#\\\/schema\\\/logo\\\/image\\\/\",\"url\":\"https:\\\/\\\/canal7slp.tv\\\/2025\\\/wp-content\\\/uploads\\\/2021\\\/01\\\/logo-noticieros@2x.png\",\"contentUrl\":\"https:\\\/\\\/canal7slp.tv\\\/2025\\\/wp-content\\\/uploads\\\/2021\\\/01\\\/logo-noticieros@2x.png\",\"width\":1017,\"height\":268,\"caption\":\"Noticieros Canal 7\"},\"image\":{\"@id\":\"https:\\\/\\\/canal7slp.tv\\\/2025\\\/#\\\/schema\\\/logo\\\/image\\\/\"},\"sameAs\":[\"https:\\\/\\\/www.facebook.com\\\/noticieroscanal7atencionciudadana\\\/\",\"https:\\\/\\\/x.com\\\/NOTICIEROS7\",\"https:\\\/\\\/www.instagram.com\\\/canal7_slp\",\"https:\\\/\\\/www.youtube.com\\\/channel\\\/UCliiYs-gP3JfJeqdPrNdd5A\"]},{\"@type\":\"Person\",\"@id\":\"https:\\\/\\\/canal7slp.tv\\\/2025\\\/#\\\/schema\\\/person\\\/271e2b60a96e7cc9d9ac296f4d7e414b\",\"name\":\"Edici\u00f3n Web\",\"image\":{\"@type\":\"ImageObject\",\"inLanguage\":\"es\",\"@id\":\"https:\\\/\\\/secure.gravatar.com\\\/avatar\\\/eee448fc3f7164808013b816ba91ac7e43bbe82a70bebac296f8bc6f0addaa1a?s=96&d=mm&r=g\",\"url\":\"https:\\\/\\\/secure.gravatar.com\\\/avatar\\\/eee448fc3f7164808013b816ba91ac7e43bbe82a70bebac296f8bc6f0addaa1a?s=96&d=mm&r=g\",\"contentUrl\":\"https:\\\/\\\/secure.gravatar.com\\\/avatar\\\/eee448fc3f7164808013b816ba91ac7e43bbe82a70bebac296f8bc6f0addaa1a?s=96&d=mm&r=g\",\"caption\":\"Edici\u00f3n Web\"},\"url\":\"https:\\\/\\\/canal7slp.tv\\\/2025\\\/author\\\/edicionweb\\\/\"}]}<\/script>\n<!-- \/ Yoast SEO plugin. -->","yoast_head_json":{"title":"Construcci\u00f3n de presa y mejora de sistema de abasto de agua en SLP - Canal 7 SLP - 2025","robots":{"index":"index","follow":"follow","max-snippet":"max-snippet:-1","max-image-preview":"max-image-preview:large","max-video-preview":"max-video-preview:-1"},"canonical":"https:\/\/canal7slp.tv\/2025\/construccion-de-presa-y-mejora-de-sistema-de-abasto-de-agua-en-slp\/","og_locale":"es_ES","og_type":"article","og_title":"Construcci\u00f3n de presa y mejora de sistema de abasto de agua en SLP - Canal 7 SLP - 2025","og_description":"SLP.- Debido a las altas temperaturas que se esperan para San Luis Potos\u00ed, se pudiera generar una crisis del agua, ante esta situaci\u00f3n se realizar\u00e1n una serie de acciones en la zona metropolitana, as\u00ed lo hizo saber el titular del Poder Ejecutivo, Ricardo Gallardo Cardona. \u201cCada a\u00f1o siempre, siempre en este tipo de fechas se agudiza un poquito m\u00e1s el problema del agua; aqu\u00ed en San Luis Potos\u00ed nos estamos preparando para ponerle un remedio ya definitivo al tema del agua, vamos a la construcci\u00f3n de las presas que ya est\u00e1n autorizadas, presupuesto que tambi\u00e9n ya est\u00e1 autorizado\u201d. Asever\u00f3 que [&hellip;]","og_url":"https:\/\/canal7slp.tv\/2025\/construccion-de-presa-y-mejora-de-sistema-de-abasto-de-agua-en-slp\/","og_site_name":"Canal 7 SLP - 2025","article_publisher":"https:\/\/www.facebook.com\/noticieroscanal7atencionciudadana\/","article_published_time":"2025-03-26T22:15:09+00:00","og_image":[{"width":1280,"height":720,"url":"https:\/\/canal7slp.tv\/2025\/wp-content\/uploads\/2025\/03\/Poky02GobernadorAgua.jpg","type":"image\/jpeg"}],"author":"Edici\u00f3n Web","twitter_card":"summary_large_image","twitter_creator":"@NOTICIEROS7","twitter_site":"@NOTICIEROS7","twitter_misc":{"Escrito por":"Edici\u00f3n Web","Tiempo de lectura":"2 minutos"},"schema":{"@context":"https:\/\/schema.org","@graph":[{"@type":"Article","@id":"https:\/\/canal7slp.tv\/2025\/construccion-de-presa-y-mejora-de-sistema-de-abasto-de-agua-en-slp\/#article","isPartOf":{"@id":"https:\/\/canal7slp.tv\/2025\/construccion-de-presa-y-mejora-de-sistema-de-abasto-de-agua-en-slp\/"},"author":{"name":"Edici\u00f3n Web","@id":"https:\/\/canal7slp.tv\/2025\/#\/schema\/person\/271e2b60a96e7cc9d9ac296f4d7e414b"},"headline":"Construcci\u00f3n de presa y mejora de sistema de abasto de agua en SLP","datePublished":"2025-03-26T22:15:09+00:00","mainEntityOfPage":{"@id":"https:\/\/canal7slp.tv\/2025\/construccion-de-presa-y-mejora-de-sistema-de-abasto-de-agua-en-slp\/"},"wordCount":250,"publisher":{"@id":"https:\/\/canal7slp.tv\/2025\/#organization"},"image":{"@id":"https:\/\/canal7slp.tv\/2025\/construccion-de-presa-y-mejora-de-sistema-de-abasto-de-agua-en-slp\/#primaryimage"},"thumbnailUrl":"https:\/\/canal7slp.tv\/2025\/wp-content\/uploads\/2025\/03\/Poky02GobernadorAgua.jpg","articleSection":["DESTACADAS","GOBEDOSLP","LOCALES Y REGIONALES"],"inLanguage":"es"},{"@type":"WebPage","@id":"https:\/\/canal7slp.tv\/2025\/construccion-de-presa-y-mejora-de-sistema-de-abasto-de-agua-en-slp\/","url":"https:\/\/canal7slp.tv\/2025\/construccion-de-presa-y-mejora-de-sistema-de-abasto-de-agua-en-slp\/","name":"Construcci\u00f3n de presa y mejora de sistema de abasto de agua en SLP - Canal 7 SLP - 2025","isPartOf":{"@id":"https:\/\/canal7slp.tv\/2025\/#website"},"primaryImageOfPage":{"@id":"https:\/\/canal7slp.tv\/2025\/construccion-de-presa-y-mejora-de-sistema-de-abasto-de-agua-en-slp\/#primaryimage"},"image":{"@id":"https:\/\/canal7slp.tv\/2025\/construccion-de-presa-y-mejora-de-sistema-de-abasto-de-agua-en-slp\/#primaryimage"},"thumbnailUrl":"https:\/\/canal7slp.tv\/2025\/wp-content\/uploads\/2025\/03\/Poky02GobernadorAgua.jpg","datePublished":"2025-03-26T22:15:09+00:00","breadcrumb":{"@id":"https:\/\/canal7slp.tv\/2025\/construccion-de-presa-y-mejora-de-sistema-de-abasto-de-agua-en-slp\/#breadcrumb"},"inLanguage":"es","potentialAction":[{"@type":"ReadAction","target":["https:\/\/canal7slp.tv\/2025\/construccion-de-presa-y-mejora-de-sistema-de-abasto-de-agua-en-slp\/"]}]},{"@type":"ImageObject","inLanguage":"es","@id":"https:\/\/canal7slp.tv\/2025\/construccion-de-presa-y-mejora-de-sistema-de-abasto-de-agua-en-slp\/#primaryimage","url":"https:\/\/canal7slp.tv\/2025\/wp-content\/uploads\/2025\/03\/Poky02GobernadorAgua.jpg","contentUrl":"https:\/\/canal7slp.tv\/2025\/wp-content\/uploads\/2025\/03\/Poky02GobernadorAgua.jpg","width":1280,"height":720},{"@type":"BreadcrumbList","@id":"https:\/\/canal7slp.tv\/2025\/construccion-de-presa-y-mejora-de-sistema-de-abasto-de-agua-en-slp\/#breadcrumb","itemListElement":[{"@type":"ListItem","position":1,"name":"Portada","item":"https:\/\/canal7slp.tv\/2025\/"},{"@type":"ListItem","position":2,"name":"Construcci\u00f3n de presa y mejora de sistema de abasto de agua en SLP"}]},{"@type":"WebSite","@id":"https:\/\/canal7slp.tv\/2025\/#website","url":"https:\/\/canal7slp.tv\/2025\/","name":"N7 - Noticieros Canal 7","description":"Somos el Medio","publisher":{"@id":"https:\/\/canal7slp.tv\/2025\/#organization"},"potentialAction":[{"@type":"SearchAction","target":{"@type":"EntryPoint","urlTemplate":"https:\/\/canal7slp.tv\/2025\/?s={search_term_string}"},"query-input":{"@type":"PropertyValueSpecification","valueRequired":true,"valueName":"search_term_string"}}],"inLanguage":"es"},{"@type":"Organization","@id":"https:\/\/canal7slp.tv\/2025\/#organization","name":"Noticieros Canal 7","url":"https:\/\/canal7slp.tv\/2025\/","logo":{"@type":"ImageObject","inLanguage":"es","@id":"https:\/\/canal7slp.tv\/2025\/#\/schema\/logo\/image\/","url":"https:\/\/canal7slp.tv\/2025\/wp-content\/uploads\/2021\/01\/logo-noticieros@2x.png","contentUrl":"https:\/\/canal7slp.tv\/2025\/wp-content\/uploads\/2021\/01\/logo-noticieros@2x.png","width":1017,"height":268,"caption":"Noticieros Canal 7"},"image":{"@id":"https:\/\/canal7slp.tv\/2025\/#\/schema\/logo\/image\/"},"sameAs":["https:\/\/www.facebook.com\/noticieroscanal7atencionciudadana\/","https:\/\/x.com\/NOTICIEROS7","https:\/\/www.instagram.com\/canal7_slp","https:\/\/www.youtube.com\/channel\/UCliiYs-gP3JfJeqdPrNdd5A"]},{"@type":"Person","@id":"https:\/\/canal7slp.tv\/2025\/#\/schema\/person\/271e2b60a96e7cc9d9ac296f4d7e414b","name":"Edici\u00f3n Web","image":{"@type":"ImageObject","inLanguage":"es","@id":"https:\/\/secure.gravatar.com\/avatar\/eee448fc3f7164808013b816ba91ac7e43bbe82a70bebac296f8bc6f0addaa1a?s=96&d=mm&r=g","url":"https:\/\/secure.gravatar.com\/avatar\/eee448fc3f7164808013b816ba91ac7e43bbe82a70bebac296f8bc6f0addaa1a?s=96&d=mm&r=g","contentUrl":"https:\/\/secure.gravatar.com\/avatar\/eee448fc3f7164808013b816ba91ac7e43bbe82a70bebac296f8bc6f0addaa1a?s=96&d=mm&r=g","caption":"Edici\u00f3n Web"},"url":"https:\/\/canal7slp.tv\/2025\/author\/edicionweb\/"}]}},"_links":{"self":[{"href":"https:\/\/canal7slp.tv\/2025\/wp-json\/wp\/v2\/posts\/161595","targetHints":{"allow":["GET"]}}],"collection":[{"href":"https:\/\/canal7slp.tv\/2025\/wp-json\/wp\/v2\/posts"}],"about":[{"href":"https:\/\/canal7slp.tv\/2025\/wp-json\/wp\/v2\/types\/post"}],"author":[{"embeddable":true,"href":"https:\/\/canal7slp.tv\/2025\/wp-json\/wp\/v2\/users\/2"}],"replies":[{"embeddable":true,"href":"https:\/\/canal7slp.tv\/2025\/wp-json\/wp\/v2\/comments?post=161595"}],"version-history":[{"count":3,"href":"https:\/\/canal7slp.tv\/2025\/wp-json\/wp\/v2\/posts\/161595\/revisions"}],"predecessor-version":[{"id":161610,"href":"https:\/\/canal7slp.tv\/2025\/wp-json\/wp\/v2\/posts\/161595\/revisions\/161610"}],"wp:featuredmedia":[{"embeddable":true,"href":"https:\/\/canal7slp.tv\/2025\/wp-json\/wp\/v2\/media\/161608"}],"wp:attachment":[{"href":"https:\/\/canal7slp.tv\/2025\/wp-json\/wp\/v2\/media?parent=161595"}],"wp:term":[{"taxonomy":"category","embeddable":true,"href":"https:\/\/canal7slp.tv\/2025\/wp-json\/wp\/v2\/categories?post=161595"},{"taxonomy":"post_tag","embeddable":true,"href":"https:\/\/canal7slp.tv\/2025\/wp-json\/wp\/v2\/tags?post=161595"}],"curies":[{"name":"wp","href":"https:\/\/api.w.org\/{rel}","templated":true}]}}