{"id":161594,"date":"2025-03-26T16:08:13","date_gmt":"2025-03-26T22:08:13","guid":{"rendered":"https:\/\/canal7slp.tv\/2025\/?p=161594"},"modified":"2025-03-26T16:08:13","modified_gmt":"2025-03-26T22:08:13","slug":"quinta-falla-en-el-realito-deja-sin-agua-a-colonias-del-sur-de-la-capital","status":"publish","type":"post","link":"https:\/\/canal7slp.tv\/2025\/quinta-falla-en-el-realito-deja-sin-agua-a-colonias-del-sur-de-la-capital\/","title":{"rendered":"Quinta falla en El Realito deja sin agua a colonias del sur de la capital"},"content":{"rendered":"<p style=\"text-align: justify;\"><span style=\"font-size: 1.21429rem;\">SLP.- Se ha registrado una nueva falla en el ducto por donde llega agua a la ciudad de San Luis Potos\u00ed desde la presa El Realito, el S\u00edndico de la capital, V\u00edctor Hugo Salgado Delgadillo habl\u00f3 al respecto.<\/span><\/p>\n<p style=\"text-align: justify;\">\u201cQuinta falla en el a\u00f1o, como bien lo refer\u00edamos segunda en el mes, la verdad es que pues ya es muy lamentable la situaci\u00f3n que vivimos con la presa El Realito\u201d.<\/p>\n<p style=\"text-align: justify;\">Afirm\u00f3 que durante las fallas hist\u00f3ricas que se han dado en la anterior y presente administraci\u00f3n, se ha mantenido un abasto suficiente de vital l\u00edquido.<\/p>\n<p style=\"text-align: justify;\">\u201cEstamos nosotros conteniendo y viendo las acciones que habremos de llevar a estas colonias que habr\u00e1 de escasear el agua y nosotros los atenderemos mediante el tandeo de pipas (\u2026) pedirles paciencia, son 30, 32 colonias las que se afecta por el tema del agua del Realito, pero estamos al pendiente\u201d.<\/p>\n<p style=\"text-align: justify;\">Por su parte el gobernador Ricardo Gallardo Cardona, asever\u00f3 que se buscar\u00e1 rescindir el contrato con la empresa administradora de la presa y del ducto.<\/p>\n<p style=\"text-align: justify;\">\u201cYa definir la estrategia para litigar el tema con el tema del Realito valga la redundancia la palabra, vamos a ir por el cese de esa concesi\u00f3n (\u2026) estamos preocupados y ocupados adem\u00e1s, pero estamos ocupados porque lo estamos trabajando\u201d.<\/p>\n<p style=\"text-align: justify;\">Ante este panorama, el s\u00edndico consider\u00f3 que se apoyar\u00e1 toda acci\u00f3n de beneficio para la entidad.<\/p>\n<p style=\"text-align: justify;\">\u201cHabr\u00e1 que estudiarlo quienes tengan a cargo este contrato, nosotros estamos en la mejor disposici\u00f3n de ayudar, de coadyuvar al final de cuentas esta agua es para los habitantes de San Luis Potos\u00ed capital y todo lo que le convenga a San Luis Potos\u00ed es bienvenido\u201d.<\/p>\n<p>Por: Juan Carlos Contreras<\/p>\n","protected":false},"excerpt":{"rendered":"<p>SLP.- Se ha registrado una nueva falla en el ducto por donde llega agua a la ciudad de San Luis Potos\u00ed desde la presa El Realito, el S\u00edndico de la capital, V\u00edctor Hugo Salgado Delgadillo habl\u00f3 al respecto. \u201cQuinta falla en el a\u00f1o, como bien lo refer\u00edamos segunda en el mes, la verdad es que pues ya es muy lamentable la situaci\u00f3n que vivimos con la presa El Realito\u201d. Afirm\u00f3 que durante las fallas hist\u00f3ricas que se han dado en la anterior y presente administraci\u00f3n, se ha mantenido un abasto suficiente de vital l\u00edquido. \u201cEstamos nosotros conteniendo y viendo las [&hellip;]<\/p>\n","protected":false},"author":2,"featured_media":161605,"comment_status":"closed","ping_status":"closed","sticky":false,"template":"","format":"video","meta":{"_monsterinsights_skip_tracking":false,"_monsterinsights_sitenote_active":false,"_monsterinsights_sitenote_note":"","_monsterinsights_sitenote_category":0,"footnotes":""},"categories":[66,5,45],"tags":[],"class_list":["post-161594","post","type-post","status-publish","format-video","has-post-thumbnail","hentry","category-ayoslp","category-destacadas","category-localesyregionales","post_format-post-format-video","post--single"],"yoast_head":"<!-- This site is optimized with the Yoast SEO plugin v27.5 - https:\/\/yoast.com\/product\/yoast-seo-wordpress\/ -->\n<title>Quinta falla en El Realito deja sin agua a colonias del sur de la capital - Canal 7 SLP - 2025<\/title>\n<meta name=\"robots\" content=\"index, follow, max-snippet:-1, max-image-preview:large, max-video-preview:-1\" \/>\n<link rel=\"canonical\" href=\"https:\/\/canal7slp.tv\/2025\/quinta-falla-en-el-realito-deja-sin-agua-a-colonias-del-sur-de-la-capital\/\" \/>\n<meta property=\"og:locale\" content=\"es_ES\" \/>\n<meta property=\"og:type\" content=\"article\" \/>\n<meta property=\"og:title\" content=\"Quinta falla en El Realito deja sin agua a colonias del sur de la capital - Canal 7 SLP - 2025\" \/>\n<meta property=\"og:description\" content=\"SLP.- Se ha registrado una nueva falla en el ducto por donde llega agua a la ciudad de San Luis Potos\u00ed desde la presa El Realito, el S\u00edndico de la capital, V\u00edctor Hugo Salgado Delgadillo habl\u00f3 al respecto. \u201cQuinta falla en el a\u00f1o, como bien lo refer\u00edamos segunda en el mes, la verdad es que pues ya es muy lamentable la situaci\u00f3n que vivimos con la presa El Realito\u201d. Afirm\u00f3 que durante las fallas hist\u00f3ricas que se han dado en la anterior y presente administraci\u00f3n, se ha mantenido un abasto suficiente de vital l\u00edquido. \u201cEstamos nosotros conteniendo y viendo las [&hellip;]\" \/>\n<meta property=\"og:url\" content=\"https:\/\/canal7slp.tv\/2025\/quinta-falla-en-el-realito-deja-sin-agua-a-colonias-del-sur-de-la-capital\/\" \/>\n<meta property=\"og:site_name\" content=\"Canal 7 SLP - 2025\" \/>\n<meta property=\"article:publisher\" content=\"https:\/\/www.facebook.com\/noticieroscanal7atencionciudadana\/\" \/>\n<meta property=\"article:published_time\" content=\"2025-03-26T22:08:13+00:00\" \/>\n<meta property=\"og:image\" content=\"https:\/\/canal7slp.tv\/2025\/wp-content\/uploads\/2025\/03\/Poky01RealitoFalla.jpg\" \/>\n\t<meta property=\"og:image:width\" content=\"1280\" \/>\n\t<meta property=\"og:image:height\" content=\"720\" \/>\n\t<meta property=\"og:image:type\" content=\"image\/jpeg\" \/>\n<meta name=\"author\" content=\"Edici\u00f3n Web\" \/>\n<meta name=\"twitter:card\" content=\"summary_large_image\" \/>\n<meta name=\"twitter:creator\" content=\"@NOTICIEROS7\" \/>\n<meta name=\"twitter:site\" content=\"@NOTICIEROS7\" \/>\n<meta name=\"twitter:label1\" content=\"Escrito por\" \/>\n\t<meta name=\"twitter:data1\" content=\"Edici\u00f3n Web\" \/>\n\t<meta name=\"twitter:label2\" content=\"Tiempo de lectura\" \/>\n\t<meta name=\"twitter:data2\" content=\"2 minutos\" \/>\n<script type=\"application\/ld+json\" class=\"yoast-schema-graph\">{\"@context\":\"https:\\\/\\\/schema.org\",\"@graph\":[{\"@type\":\"Article\",\"@id\":\"https:\\\/\\\/canal7slp.tv\\\/2025\\\/quinta-falla-en-el-realito-deja-sin-agua-a-colonias-del-sur-de-la-capital\\\/#article\",\"isPartOf\":{\"@id\":\"https:\\\/\\\/canal7slp.tv\\\/2025\\\/quinta-falla-en-el-realito-deja-sin-agua-a-colonias-del-sur-de-la-capital\\\/\"},\"author\":{\"name\":\"Edici\u00f3n Web\",\"@id\":\"https:\\\/\\\/canal7slp.tv\\\/2025\\\/#\\\/schema\\\/person\\\/271e2b60a96e7cc9d9ac296f4d7e414b\"},\"headline\":\"Quinta falla en El Realito deja sin agua a colonias del sur de la capital\",\"datePublished\":\"2025-03-26T22:08:13+00:00\",\"mainEntityOfPage\":{\"@id\":\"https:\\\/\\\/canal7slp.tv\\\/2025\\\/quinta-falla-en-el-realito-deja-sin-agua-a-colonias-del-sur-de-la-capital\\\/\"},\"wordCount\":301,\"publisher\":{\"@id\":\"https:\\\/\\\/canal7slp.tv\\\/2025\\\/#organization\"},\"image\":{\"@id\":\"https:\\\/\\\/canal7slp.tv\\\/2025\\\/quinta-falla-en-el-realito-deja-sin-agua-a-colonias-del-sur-de-la-capital\\\/#primaryimage\"},\"thumbnailUrl\":\"https:\\\/\\\/canal7slp.tv\\\/2025\\\/wp-content\\\/uploads\\\/2025\\\/03\\\/Poky01RealitoFalla.jpg\",\"articleSection\":[\"AYOSLP\",\"DESTACADAS\",\"LOCALES Y REGIONALES\"],\"inLanguage\":\"es\"},{\"@type\":\"WebPage\",\"@id\":\"https:\\\/\\\/canal7slp.tv\\\/2025\\\/quinta-falla-en-el-realito-deja-sin-agua-a-colonias-del-sur-de-la-capital\\\/\",\"url\":\"https:\\\/\\\/canal7slp.tv\\\/2025\\\/quinta-falla-en-el-realito-deja-sin-agua-a-colonias-del-sur-de-la-capital\\\/\",\"name\":\"Quinta falla en El Realito deja sin agua a colonias del sur de la capital - Canal 7 SLP - 2025\",\"isPartOf\":{\"@id\":\"https:\\\/\\\/canal7slp.tv\\\/2025\\\/#website\"},\"primaryImageOfPage\":{\"@id\":\"https:\\\/\\\/canal7slp.tv\\\/2025\\\/quinta-falla-en-el-realito-deja-sin-agua-a-colonias-del-sur-de-la-capital\\\/#primaryimage\"},\"image\":{\"@id\":\"https:\\\/\\\/canal7slp.tv\\\/2025\\\/quinta-falla-en-el-realito-deja-sin-agua-a-colonias-del-sur-de-la-capital\\\/#primaryimage\"},\"thumbnailUrl\":\"https:\\\/\\\/canal7slp.tv\\\/2025\\\/wp-content\\\/uploads\\\/2025\\\/03\\\/Poky01RealitoFalla.jpg\",\"datePublished\":\"2025-03-26T22:08:13+00:00\",\"breadcrumb\":{\"@id\":\"https:\\\/\\\/canal7slp.tv\\\/2025\\\/quinta-falla-en-el-realito-deja-sin-agua-a-colonias-del-sur-de-la-capital\\\/#breadcrumb\"},\"inLanguage\":\"es\",\"potentialAction\":[{\"@type\":\"ReadAction\",\"target\":[\"https:\\\/\\\/canal7slp.tv\\\/2025\\\/quinta-falla-en-el-realito-deja-sin-agua-a-colonias-del-sur-de-la-capital\\\/\"]}]},{\"@type\":\"ImageObject\",\"inLanguage\":\"es\",\"@id\":\"https:\\\/\\\/canal7slp.tv\\\/2025\\\/quinta-falla-en-el-realito-deja-sin-agua-a-colonias-del-sur-de-la-capital\\\/#primaryimage\",\"url\":\"https:\\\/\\\/canal7slp.tv\\\/2025\\\/wp-content\\\/uploads\\\/2025\\\/03\\\/Poky01RealitoFalla.jpg\",\"contentUrl\":\"https:\\\/\\\/canal7slp.tv\\\/2025\\\/wp-content\\\/uploads\\\/2025\\\/03\\\/Poky01RealitoFalla.jpg\",\"width\":1280,\"height\":720},{\"@type\":\"BreadcrumbList\",\"@id\":\"https:\\\/\\\/canal7slp.tv\\\/2025\\\/quinta-falla-en-el-realito-deja-sin-agua-a-colonias-del-sur-de-la-capital\\\/#breadcrumb\",\"itemListElement\":[{\"@type\":\"ListItem\",\"position\":1,\"name\":\"Portada\",\"item\":\"https:\\\/\\\/canal7slp.tv\\\/2025\\\/\"},{\"@type\":\"ListItem\",\"position\":2,\"name\":\"Quinta falla en El Realito deja sin agua a colonias del sur de la capital\"}]},{\"@type\":\"WebSite\",\"@id\":\"https:\\\/\\\/canal7slp.tv\\\/2025\\\/#website\",\"url\":\"https:\\\/\\\/canal7slp.tv\\\/2025\\\/\",\"name\":\"N7 - Noticieros Canal 7\",\"description\":\"Somos el Medio\",\"publisher\":{\"@id\":\"https:\\\/\\\/canal7slp.tv\\\/2025\\\/#organization\"},\"potentialAction\":[{\"@type\":\"SearchAction\",\"target\":{\"@type\":\"EntryPoint\",\"urlTemplate\":\"https:\\\/\\\/canal7slp.tv\\\/2025\\\/?s={search_term_string}\"},\"query-input\":{\"@type\":\"PropertyValueSpecification\",\"valueRequired\":true,\"valueName\":\"search_term_string\"}}],\"inLanguage\":\"es\"},{\"@type\":\"Organization\",\"@id\":\"https:\\\/\\\/canal7slp.tv\\\/2025\\\/#organization\",\"name\":\"Noticieros Canal 7\",\"url\":\"https:\\\/\\\/canal7slp.tv\\\/2025\\\/\",\"logo\":{\"@type\":\"ImageObject\",\"inLanguage\":\"es\",\"@id\":\"https:\\\/\\\/canal7slp.tv\\\/2025\\\/#\\\/schema\\\/logo\\\/image\\\/\",\"url\":\"https:\\\/\\\/canal7slp.tv\\\/2025\\\/wp-content\\\/uploads\\\/2021\\\/01\\\/logo-noticieros@2x.png\",\"contentUrl\":\"https:\\\/\\\/canal7slp.tv\\\/2025\\\/wp-content\\\/uploads\\\/2021\\\/01\\\/logo-noticieros@2x.png\",\"width\":1017,\"height\":268,\"caption\":\"Noticieros Canal 7\"},\"image\":{\"@id\":\"https:\\\/\\\/canal7slp.tv\\\/2025\\\/#\\\/schema\\\/logo\\\/image\\\/\"},\"sameAs\":[\"https:\\\/\\\/www.facebook.com\\\/noticieroscanal7atencionciudadana\\\/\",\"https:\\\/\\\/x.com\\\/NOTICIEROS7\",\"https:\\\/\\\/www.instagram.com\\\/canal7_slp\",\"https:\\\/\\\/www.youtube.com\\\/channel\\\/UCliiYs-gP3JfJeqdPrNdd5A\"]},{\"@type\":\"Person\",\"@id\":\"https:\\\/\\\/canal7slp.tv\\\/2025\\\/#\\\/schema\\\/person\\\/271e2b60a96e7cc9d9ac296f4d7e414b\",\"name\":\"Edici\u00f3n Web\",\"image\":{\"@type\":\"ImageObject\",\"inLanguage\":\"es\",\"@id\":\"https:\\\/\\\/secure.gravatar.com\\\/avatar\\\/eee448fc3f7164808013b816ba91ac7e43bbe82a70bebac296f8bc6f0addaa1a?s=96&d=mm&r=g\",\"url\":\"https:\\\/\\\/secure.gravatar.com\\\/avatar\\\/eee448fc3f7164808013b816ba91ac7e43bbe82a70bebac296f8bc6f0addaa1a?s=96&d=mm&r=g\",\"contentUrl\":\"https:\\\/\\\/secure.gravatar.com\\\/avatar\\\/eee448fc3f7164808013b816ba91ac7e43bbe82a70bebac296f8bc6f0addaa1a?s=96&d=mm&r=g\",\"caption\":\"Edici\u00f3n Web\"},\"url\":\"https:\\\/\\\/canal7slp.tv\\\/2025\\\/author\\\/edicionweb\\\/\"}]}<\/script>\n<!-- \/ Yoast SEO plugin. -->","yoast_head_json":{"title":"Quinta falla en El Realito deja sin agua a colonias del sur de la capital - Canal 7 SLP - 2025","robots":{"index":"index","follow":"follow","max-snippet":"max-snippet:-1","max-image-preview":"max-image-preview:large","max-video-preview":"max-video-preview:-1"},"canonical":"https:\/\/canal7slp.tv\/2025\/quinta-falla-en-el-realito-deja-sin-agua-a-colonias-del-sur-de-la-capital\/","og_locale":"es_ES","og_type":"article","og_title":"Quinta falla en El Realito deja sin agua a colonias del sur de la capital - Canal 7 SLP - 2025","og_description":"SLP.- Se ha registrado una nueva falla en el ducto por donde llega agua a la ciudad de San Luis Potos\u00ed desde la presa El Realito, el S\u00edndico de la capital, V\u00edctor Hugo Salgado Delgadillo habl\u00f3 al respecto. \u201cQuinta falla en el a\u00f1o, como bien lo refer\u00edamos segunda en el mes, la verdad es que pues ya es muy lamentable la situaci\u00f3n que vivimos con la presa El Realito\u201d. Afirm\u00f3 que durante las fallas hist\u00f3ricas que se han dado en la anterior y presente administraci\u00f3n, se ha mantenido un abasto suficiente de vital l\u00edquido. \u201cEstamos nosotros conteniendo y viendo las [&hellip;]","og_url":"https:\/\/canal7slp.tv\/2025\/quinta-falla-en-el-realito-deja-sin-agua-a-colonias-del-sur-de-la-capital\/","og_site_name":"Canal 7 SLP - 2025","article_publisher":"https:\/\/www.facebook.com\/noticieroscanal7atencionciudadana\/","article_published_time":"2025-03-26T22:08:13+00:00","og_image":[{"width":1280,"height":720,"url":"https:\/\/canal7slp.tv\/2025\/wp-content\/uploads\/2025\/03\/Poky01RealitoFalla.jpg","type":"image\/jpeg"}],"author":"Edici\u00f3n Web","twitter_card":"summary_large_image","twitter_creator":"@NOTICIEROS7","twitter_site":"@NOTICIEROS7","twitter_misc":{"Escrito por":"Edici\u00f3n Web","Tiempo de lectura":"2 minutos"},"schema":{"@context":"https:\/\/schema.org","@graph":[{"@type":"Article","@id":"https:\/\/canal7slp.tv\/2025\/quinta-falla-en-el-realito-deja-sin-agua-a-colonias-del-sur-de-la-capital\/#article","isPartOf":{"@id":"https:\/\/canal7slp.tv\/2025\/quinta-falla-en-el-realito-deja-sin-agua-a-colonias-del-sur-de-la-capital\/"},"author":{"name":"Edici\u00f3n Web","@id":"https:\/\/canal7slp.tv\/2025\/#\/schema\/person\/271e2b60a96e7cc9d9ac296f4d7e414b"},"headline":"Quinta falla en El Realito deja sin agua a colonias del sur de la capital","datePublished":"2025-03-26T22:08:13+00:00","mainEntityOfPage":{"@id":"https:\/\/canal7slp.tv\/2025\/quinta-falla-en-el-realito-deja-sin-agua-a-colonias-del-sur-de-la-capital\/"},"wordCount":301,"publisher":{"@id":"https:\/\/canal7slp.tv\/2025\/#organization"},"image":{"@id":"https:\/\/canal7slp.tv\/2025\/quinta-falla-en-el-realito-deja-sin-agua-a-colonias-del-sur-de-la-capital\/#primaryimage"},"thumbnailUrl":"https:\/\/canal7slp.tv\/2025\/wp-content\/uploads\/2025\/03\/Poky01RealitoFalla.jpg","articleSection":["AYOSLP","DESTACADAS","LOCALES Y REGIONALES"],"inLanguage":"es"},{"@type":"WebPage","@id":"https:\/\/canal7slp.tv\/2025\/quinta-falla-en-el-realito-deja-sin-agua-a-colonias-del-sur-de-la-capital\/","url":"https:\/\/canal7slp.tv\/2025\/quinta-falla-en-el-realito-deja-sin-agua-a-colonias-del-sur-de-la-capital\/","name":"Quinta falla en El Realito deja sin agua a colonias del sur de la capital - Canal 7 SLP - 2025","isPartOf":{"@id":"https:\/\/canal7slp.tv\/2025\/#website"},"primaryImageOfPage":{"@id":"https:\/\/canal7slp.tv\/2025\/quinta-falla-en-el-realito-deja-sin-agua-a-colonias-del-sur-de-la-capital\/#primaryimage"},"image":{"@id":"https:\/\/canal7slp.tv\/2025\/quinta-falla-en-el-realito-deja-sin-agua-a-colonias-del-sur-de-la-capital\/#primaryimage"},"thumbnailUrl":"https:\/\/canal7slp.tv\/2025\/wp-content\/uploads\/2025\/03\/Poky01RealitoFalla.jpg","datePublished":"2025-03-26T22:08:13+00:00","breadcrumb":{"@id":"https:\/\/canal7slp.tv\/2025\/quinta-falla-en-el-realito-deja-sin-agua-a-colonias-del-sur-de-la-capital\/#breadcrumb"},"inLanguage":"es","potentialAction":[{"@type":"ReadAction","target":["https:\/\/canal7slp.tv\/2025\/quinta-falla-en-el-realito-deja-sin-agua-a-colonias-del-sur-de-la-capital\/"]}]},{"@type":"ImageObject","inLanguage":"es","@id":"https:\/\/canal7slp.tv\/2025\/quinta-falla-en-el-realito-deja-sin-agua-a-colonias-del-sur-de-la-capital\/#primaryimage","url":"https:\/\/canal7slp.tv\/2025\/wp-content\/uploads\/2025\/03\/Poky01RealitoFalla.jpg","contentUrl":"https:\/\/canal7slp.tv\/2025\/wp-content\/uploads\/2025\/03\/Poky01RealitoFalla.jpg","width":1280,"height":720},{"@type":"BreadcrumbList","@id":"https:\/\/canal7slp.tv\/2025\/quinta-falla-en-el-realito-deja-sin-agua-a-colonias-del-sur-de-la-capital\/#breadcrumb","itemListElement":[{"@type":"ListItem","position":1,"name":"Portada","item":"https:\/\/canal7slp.tv\/2025\/"},{"@type":"ListItem","position":2,"name":"Quinta falla en El Realito deja sin agua a colonias del sur de la capital"}]},{"@type":"WebSite","@id":"https:\/\/canal7slp.tv\/2025\/#website","url":"https:\/\/canal7slp.tv\/2025\/","name":"N7 - Noticieros Canal 7","description":"Somos el Medio","publisher":{"@id":"https:\/\/canal7slp.tv\/2025\/#organization"},"potentialAction":[{"@type":"SearchAction","target":{"@type":"EntryPoint","urlTemplate":"https:\/\/canal7slp.tv\/2025\/?s={search_term_string}"},"query-input":{"@type":"PropertyValueSpecification","valueRequired":true,"valueName":"search_term_string"}}],"inLanguage":"es"},{"@type":"Organization","@id":"https:\/\/canal7slp.tv\/2025\/#organization","name":"Noticieros Canal 7","url":"https:\/\/canal7slp.tv\/2025\/","logo":{"@type":"ImageObject","inLanguage":"es","@id":"https:\/\/canal7slp.tv\/2025\/#\/schema\/logo\/image\/","url":"https:\/\/canal7slp.tv\/2025\/wp-content\/uploads\/2021\/01\/logo-noticieros@2x.png","contentUrl":"https:\/\/canal7slp.tv\/2025\/wp-content\/uploads\/2021\/01\/logo-noticieros@2x.png","width":1017,"height":268,"caption":"Noticieros Canal 7"},"image":{"@id":"https:\/\/canal7slp.tv\/2025\/#\/schema\/logo\/image\/"},"sameAs":["https:\/\/www.facebook.com\/noticieroscanal7atencionciudadana\/","https:\/\/x.com\/NOTICIEROS7","https:\/\/www.instagram.com\/canal7_slp","https:\/\/www.youtube.com\/channel\/UCliiYs-gP3JfJeqdPrNdd5A"]},{"@type":"Person","@id":"https:\/\/canal7slp.tv\/2025\/#\/schema\/person\/271e2b60a96e7cc9d9ac296f4d7e414b","name":"Edici\u00f3n Web","image":{"@type":"ImageObject","inLanguage":"es","@id":"https:\/\/secure.gravatar.com\/avatar\/eee448fc3f7164808013b816ba91ac7e43bbe82a70bebac296f8bc6f0addaa1a?s=96&d=mm&r=g","url":"https:\/\/secure.gravatar.com\/avatar\/eee448fc3f7164808013b816ba91ac7e43bbe82a70bebac296f8bc6f0addaa1a?s=96&d=mm&r=g","contentUrl":"https:\/\/secure.gravatar.com\/avatar\/eee448fc3f7164808013b816ba91ac7e43bbe82a70bebac296f8bc6f0addaa1a?s=96&d=mm&r=g","caption":"Edici\u00f3n Web"},"url":"https:\/\/canal7slp.tv\/2025\/author\/edicionweb\/"}]}},"_links":{"self":[{"href":"https:\/\/canal7slp.tv\/2025\/wp-json\/wp\/v2\/posts\/161594","targetHints":{"allow":["GET"]}}],"collection":[{"href":"https:\/\/canal7slp.tv\/2025\/wp-json\/wp\/v2\/posts"}],"about":[{"href":"https:\/\/canal7slp.tv\/2025\/wp-json\/wp\/v2\/types\/post"}],"author":[{"embeddable":true,"href":"https:\/\/canal7slp.tv\/2025\/wp-json\/wp\/v2\/users\/2"}],"replies":[{"embeddable":true,"href":"https:\/\/canal7slp.tv\/2025\/wp-json\/wp\/v2\/comments?post=161594"}],"version-history":[{"count":2,"href":"https:\/\/canal7slp.tv\/2025\/wp-json\/wp\/v2\/posts\/161594\/revisions"}],"predecessor-version":[{"id":161606,"href":"https:\/\/canal7slp.tv\/2025\/wp-json\/wp\/v2\/posts\/161594\/revisions\/161606"}],"wp:featuredmedia":[{"embeddable":true,"href":"https:\/\/canal7slp.tv\/2025\/wp-json\/wp\/v2\/media\/161605"}],"wp:attachment":[{"href":"https:\/\/canal7slp.tv\/2025\/wp-json\/wp\/v2\/media?parent=161594"}],"wp:term":[{"taxonomy":"category","embeddable":true,"href":"https:\/\/canal7slp.tv\/2025\/wp-json\/wp\/v2\/categories?post=161594"},{"taxonomy":"post_tag","embeddable":true,"href":"https:\/\/canal7slp.tv\/2025\/wp-json\/wp\/v2\/tags?post=161594"}],"curies":[{"name":"wp","href":"https:\/\/api.w.org\/{rel}","templated":true}]}}