{"id":161591,"date":"2025-03-26T15:54:18","date_gmt":"2025-03-26T21:54:18","guid":{"rendered":"https:\/\/canal7slp.tv\/2025\/?p=161591"},"modified":"2025-03-26T15:54:18","modified_gmt":"2025-03-26T21:54:18","slug":"durante-2024-se-triplicaron-las-denuncias-de-desapariciones-y-privacion-ilegal-de-la-libertad-en-sinaloa","status":"publish","type":"post","link":"https:\/\/canal7slp.tv\/2025\/durante-2024-se-triplicaron-las-denuncias-de-desapariciones-y-privacion-ilegal-de-la-libertad-en-sinaloa\/","title":{"rendered":"Durante 2024, se triplicaron las denuncias de desapariciones y privaci\u00f3n ilegal de la libertad en Sinaloa"},"content":{"rendered":"<p style=\"text-align: justify;\">Culiac\u00e1n.- En Sinaloa, el delito de privaci\u00f3n ilegal de la libertad registr\u00f3 un total de 911 desapariciones en el \u00faltimo cuatrimestre de 2024, cifra que triplica los registros de los \u00faltimos 16 a\u00f1os.<\/p>\n<p style=\"text-align: justify;\">Durante el a\u00f1o pasado, se reportaron mil 610 denuncias de desapariciones, con el 53% concentradas en el municipio de Culiac\u00e1n.<\/p>\n<p style=\"text-align: justify;\">Miguel Calder\u00f3n Quevedo, Coordinador del Consejo Estatal de Seguridad P\u00fablica, present\u00f3 un an\u00e1lisis del comportamiento delictivo en la regi\u00f3n, se\u00f1alando que las desapariciones est\u00e1n en aumento, especialmente en Culiac\u00e1n, donde se concentr\u00f3 el 53% de las mil 610 denuncias del a\u00f1o pasado.<\/p>\n<p style=\"text-align: justify;\">Adem\u00e1s, el homicidio doloso tambi\u00e9n mostr\u00f3 un repunte, con 656 de los 994 casos ocurridos entre septiembre y diciembre.<\/p>\n<p style=\"text-align: justify;\">A pesar de una leve disminuci\u00f3n en el robo de veh\u00edculos desde 2020, el a\u00f1o pasado la tasa se elev\u00f3 nuevamente, registrando tres mil 985 unidades robadas.<\/p>\n<p style=\"text-align: justify;\">Ante este panorama, Calder\u00f3n Quevedo recomend\u00f3 aumentar el presupuesto p\u00fablico para seguridad y justicia, ya que Sinaloa ocupa el \u00faltimo lugar a nivel nacional en este aspecto.<\/p>\n<p style=\"text-align: justify;\">Es esencial incrementar el n\u00famero de elementos en las polic\u00edas municipales y estatales, as\u00ed como en la Fiscal\u00eda General del Estado.<\/p>\n<p style=\"text-align: justify;\">Tambi\u00e9n se sugiere adoptar pr\u00e1cticas exitosas del Sistema de Justicia Penal Acusatorio, como el Sistema Cosmos implementado en Quer\u00e9taro, para reducir la impunidad y mejorar la efectividad.<\/p>\n<p style=\"text-align: justify;\">Una reingenier\u00eda del sistema penitenciario estatal es crucial, incluyendo la construcci\u00f3n de nuevos centros penitenciarios para hombres y mujeres, en respuesta a la grave situaci\u00f3n actual de homicidios, contrabando de armas y evasiones.<\/p>\n<p style=\"text-align: justify;\">Finalmente, se proponen pol\u00edticas p\u00fablicas para desmovilizar y reintegrar socialmente a j\u00f3venes involucrados en grupos delictivos, buscando as\u00ed abordar las ra\u00edces del problema de las desapariciones en Sinaloa.<\/p>\n","protected":false},"excerpt":{"rendered":"<p>Culiac\u00e1n.- En Sinaloa, el delito de privaci\u00f3n ilegal de la libertad registr\u00f3 un total de 911 desapariciones en el \u00faltimo cuatrimestre de 2024, cifra que triplica los registros de los \u00faltimos 16 a\u00f1os. Durante el a\u00f1o pasado, se reportaron mil 610 denuncias de desapariciones, con el 53% concentradas en el municipio de Culiac\u00e1n. Miguel Calder\u00f3n Quevedo, Coordinador del Consejo Estatal de Seguridad P\u00fablica, present\u00f3 un an\u00e1lisis del comportamiento delictivo en la regi\u00f3n, se\u00f1alando que las desapariciones est\u00e1n en aumento, especialmente en Culiac\u00e1n, donde se concentr\u00f3 el 53% de las mil 610 denuncias del a\u00f1o pasado. Adem\u00e1s, el homicidio doloso tambi\u00e9n [&hellip;]<\/p>\n","protected":false},"author":2,"featured_media":161592,"comment_status":"closed","ping_status":"closed","sticky":false,"template":"","format":"standard","meta":{"_monsterinsights_skip_tracking":false,"_monsterinsights_sitenote_active":false,"_monsterinsights_sitenote_note":"","_monsterinsights_sitenote_category":0,"footnotes":""},"categories":[46],"tags":[],"class_list":["post-161591","post","type-post","status-publish","format-standard","has-post-thumbnail","hentry","category-nacional","post--single"],"yoast_head":"<!-- This site is optimized with the Yoast SEO plugin v27.5 - https:\/\/yoast.com\/product\/yoast-seo-wordpress\/ -->\n<title>Durante 2024, se triplicaron las denuncias de desapariciones y privaci\u00f3n ilegal de la libertad en Sinaloa - Canal 7 SLP - 2025<\/title>\n<meta name=\"robots\" content=\"index, follow, max-snippet:-1, max-image-preview:large, max-video-preview:-1\" \/>\n<link rel=\"canonical\" href=\"https:\/\/canal7slp.tv\/2025\/durante-2024-se-triplicaron-las-denuncias-de-desapariciones-y-privacion-ilegal-de-la-libertad-en-sinaloa\/\" \/>\n<meta property=\"og:locale\" content=\"es_ES\" \/>\n<meta property=\"og:type\" content=\"article\" \/>\n<meta property=\"og:title\" content=\"Durante 2024, se triplicaron las denuncias de desapariciones y privaci\u00f3n ilegal de la libertad en Sinaloa - Canal 7 SLP - 2025\" \/>\n<meta property=\"og:description\" content=\"Culiac\u00e1n.- En Sinaloa, el delito de privaci\u00f3n ilegal de la libertad registr\u00f3 un total de 911 desapariciones en el \u00faltimo cuatrimestre de 2024, cifra que triplica los registros de los \u00faltimos 16 a\u00f1os. Durante el a\u00f1o pasado, se reportaron mil 610 denuncias de desapariciones, con el 53% concentradas en el municipio de Culiac\u00e1n. Miguel Calder\u00f3n Quevedo, Coordinador del Consejo Estatal de Seguridad P\u00fablica, present\u00f3 un an\u00e1lisis del comportamiento delictivo en la regi\u00f3n, se\u00f1alando que las desapariciones est\u00e1n en aumento, especialmente en Culiac\u00e1n, donde se concentr\u00f3 el 53% de las mil 610 denuncias del a\u00f1o pasado. Adem\u00e1s, el homicidio doloso tambi\u00e9n [&hellip;]\" \/>\n<meta property=\"og:url\" content=\"https:\/\/canal7slp.tv\/2025\/durante-2024-se-triplicaron-las-denuncias-de-desapariciones-y-privacion-ilegal-de-la-libertad-en-sinaloa\/\" \/>\n<meta property=\"og:site_name\" content=\"Canal 7 SLP - 2025\" \/>\n<meta property=\"article:publisher\" content=\"https:\/\/www.facebook.com\/noticieroscanal7atencionciudadana\/\" \/>\n<meta property=\"article:published_time\" content=\"2025-03-26T21:54:18+00:00\" \/>\n<meta property=\"og:image\" content=\"https:\/\/canal7slp.tv\/2025\/wp-content\/uploads\/2025\/03\/10-18.jpg\" \/>\n\t<meta property=\"og:image:width\" content=\"750\" \/>\n\t<meta property=\"og:image:height\" content=\"500\" \/>\n\t<meta property=\"og:image:type\" content=\"image\/jpeg\" \/>\n<meta name=\"author\" content=\"Edici\u00f3n Web\" \/>\n<meta name=\"twitter:card\" content=\"summary_large_image\" \/>\n<meta name=\"twitter:creator\" content=\"@NOTICIEROS7\" \/>\n<meta name=\"twitter:site\" content=\"@NOTICIEROS7\" \/>\n<meta name=\"twitter:label1\" content=\"Escrito por\" \/>\n\t<meta name=\"twitter:data1\" content=\"Edici\u00f3n Web\" \/>\n\t<meta name=\"twitter:label2\" content=\"Tiempo de lectura\" \/>\n\t<meta name=\"twitter:data2\" content=\"2 minutos\" \/>\n<script type=\"application\/ld+json\" class=\"yoast-schema-graph\">{\"@context\":\"https:\\\/\\\/schema.org\",\"@graph\":[{\"@type\":\"Article\",\"@id\":\"https:\\\/\\\/canal7slp.tv\\\/2025\\\/durante-2024-se-triplicaron-las-denuncias-de-desapariciones-y-privacion-ilegal-de-la-libertad-en-sinaloa\\\/#article\",\"isPartOf\":{\"@id\":\"https:\\\/\\\/canal7slp.tv\\\/2025\\\/durante-2024-se-triplicaron-las-denuncias-de-desapariciones-y-privacion-ilegal-de-la-libertad-en-sinaloa\\\/\"},\"author\":{\"name\":\"Edici\u00f3n Web\",\"@id\":\"https:\\\/\\\/canal7slp.tv\\\/2025\\\/#\\\/schema\\\/person\\\/271e2b60a96e7cc9d9ac296f4d7e414b\"},\"headline\":\"Durante 2024, se triplicaron las denuncias de desapariciones y privaci\u00f3n ilegal de la libertad en Sinaloa\",\"datePublished\":\"2025-03-26T21:54:18+00:00\",\"mainEntityOfPage\":{\"@id\":\"https:\\\/\\\/canal7slp.tv\\\/2025\\\/durante-2024-se-triplicaron-las-denuncias-de-desapariciones-y-privacion-ilegal-de-la-libertad-en-sinaloa\\\/\"},\"wordCount\":316,\"publisher\":{\"@id\":\"https:\\\/\\\/canal7slp.tv\\\/2025\\\/#organization\"},\"image\":{\"@id\":\"https:\\\/\\\/canal7slp.tv\\\/2025\\\/durante-2024-se-triplicaron-las-denuncias-de-desapariciones-y-privacion-ilegal-de-la-libertad-en-sinaloa\\\/#primaryimage\"},\"thumbnailUrl\":\"https:\\\/\\\/canal7slp.tv\\\/2025\\\/wp-content\\\/uploads\\\/2025\\\/03\\\/10-18.jpg\",\"articleSection\":[\"NACIONALES\"],\"inLanguage\":\"es\"},{\"@type\":\"WebPage\",\"@id\":\"https:\\\/\\\/canal7slp.tv\\\/2025\\\/durante-2024-se-triplicaron-las-denuncias-de-desapariciones-y-privacion-ilegal-de-la-libertad-en-sinaloa\\\/\",\"url\":\"https:\\\/\\\/canal7slp.tv\\\/2025\\\/durante-2024-se-triplicaron-las-denuncias-de-desapariciones-y-privacion-ilegal-de-la-libertad-en-sinaloa\\\/\",\"name\":\"Durante 2024, se triplicaron las denuncias de desapariciones y privaci\u00f3n ilegal de la libertad en Sinaloa - Canal 7 SLP - 2025\",\"isPartOf\":{\"@id\":\"https:\\\/\\\/canal7slp.tv\\\/2025\\\/#website\"},\"primaryImageOfPage\":{\"@id\":\"https:\\\/\\\/canal7slp.tv\\\/2025\\\/durante-2024-se-triplicaron-las-denuncias-de-desapariciones-y-privacion-ilegal-de-la-libertad-en-sinaloa\\\/#primaryimage\"},\"image\":{\"@id\":\"https:\\\/\\\/canal7slp.tv\\\/2025\\\/durante-2024-se-triplicaron-las-denuncias-de-desapariciones-y-privacion-ilegal-de-la-libertad-en-sinaloa\\\/#primaryimage\"},\"thumbnailUrl\":\"https:\\\/\\\/canal7slp.tv\\\/2025\\\/wp-content\\\/uploads\\\/2025\\\/03\\\/10-18.jpg\",\"datePublished\":\"2025-03-26T21:54:18+00:00\",\"breadcrumb\":{\"@id\":\"https:\\\/\\\/canal7slp.tv\\\/2025\\\/durante-2024-se-triplicaron-las-denuncias-de-desapariciones-y-privacion-ilegal-de-la-libertad-en-sinaloa\\\/#breadcrumb\"},\"inLanguage\":\"es\",\"potentialAction\":[{\"@type\":\"ReadAction\",\"target\":[\"https:\\\/\\\/canal7slp.tv\\\/2025\\\/durante-2024-se-triplicaron-las-denuncias-de-desapariciones-y-privacion-ilegal-de-la-libertad-en-sinaloa\\\/\"]}]},{\"@type\":\"ImageObject\",\"inLanguage\":\"es\",\"@id\":\"https:\\\/\\\/canal7slp.tv\\\/2025\\\/durante-2024-se-triplicaron-las-denuncias-de-desapariciones-y-privacion-ilegal-de-la-libertad-en-sinaloa\\\/#primaryimage\",\"url\":\"https:\\\/\\\/canal7slp.tv\\\/2025\\\/wp-content\\\/uploads\\\/2025\\\/03\\\/10-18.jpg\",\"contentUrl\":\"https:\\\/\\\/canal7slp.tv\\\/2025\\\/wp-content\\\/uploads\\\/2025\\\/03\\\/10-18.jpg\",\"width\":750,\"height\":500},{\"@type\":\"BreadcrumbList\",\"@id\":\"https:\\\/\\\/canal7slp.tv\\\/2025\\\/durante-2024-se-triplicaron-las-denuncias-de-desapariciones-y-privacion-ilegal-de-la-libertad-en-sinaloa\\\/#breadcrumb\",\"itemListElement\":[{\"@type\":\"ListItem\",\"position\":1,\"name\":\"Portada\",\"item\":\"https:\\\/\\\/canal7slp.tv\\\/2025\\\/\"},{\"@type\":\"ListItem\",\"position\":2,\"name\":\"Durante 2024, se triplicaron las denuncias de desapariciones y privaci\u00f3n ilegal de la libertad en Sinaloa\"}]},{\"@type\":\"WebSite\",\"@id\":\"https:\\\/\\\/canal7slp.tv\\\/2025\\\/#website\",\"url\":\"https:\\\/\\\/canal7slp.tv\\\/2025\\\/\",\"name\":\"N7 - Noticieros Canal 7\",\"description\":\"Somos el Medio\",\"publisher\":{\"@id\":\"https:\\\/\\\/canal7slp.tv\\\/2025\\\/#organization\"},\"potentialAction\":[{\"@type\":\"SearchAction\",\"target\":{\"@type\":\"EntryPoint\",\"urlTemplate\":\"https:\\\/\\\/canal7slp.tv\\\/2025\\\/?s={search_term_string}\"},\"query-input\":{\"@type\":\"PropertyValueSpecification\",\"valueRequired\":true,\"valueName\":\"search_term_string\"}}],\"inLanguage\":\"es\"},{\"@type\":\"Organization\",\"@id\":\"https:\\\/\\\/canal7slp.tv\\\/2025\\\/#organization\",\"name\":\"Noticieros Canal 7\",\"url\":\"https:\\\/\\\/canal7slp.tv\\\/2025\\\/\",\"logo\":{\"@type\":\"ImageObject\",\"inLanguage\":\"es\",\"@id\":\"https:\\\/\\\/canal7slp.tv\\\/2025\\\/#\\\/schema\\\/logo\\\/image\\\/\",\"url\":\"https:\\\/\\\/canal7slp.tv\\\/2025\\\/wp-content\\\/uploads\\\/2021\\\/01\\\/logo-noticieros@2x.png\",\"contentUrl\":\"https:\\\/\\\/canal7slp.tv\\\/2025\\\/wp-content\\\/uploads\\\/2021\\\/01\\\/logo-noticieros@2x.png\",\"width\":1017,\"height\":268,\"caption\":\"Noticieros Canal 7\"},\"image\":{\"@id\":\"https:\\\/\\\/canal7slp.tv\\\/2025\\\/#\\\/schema\\\/logo\\\/image\\\/\"},\"sameAs\":[\"https:\\\/\\\/www.facebook.com\\\/noticieroscanal7atencionciudadana\\\/\",\"https:\\\/\\\/x.com\\\/NOTICIEROS7\",\"https:\\\/\\\/www.instagram.com\\\/canal7_slp\",\"https:\\\/\\\/www.youtube.com\\\/channel\\\/UCliiYs-gP3JfJeqdPrNdd5A\"]},{\"@type\":\"Person\",\"@id\":\"https:\\\/\\\/canal7slp.tv\\\/2025\\\/#\\\/schema\\\/person\\\/271e2b60a96e7cc9d9ac296f4d7e414b\",\"name\":\"Edici\u00f3n Web\",\"image\":{\"@type\":\"ImageObject\",\"inLanguage\":\"es\",\"@id\":\"https:\\\/\\\/secure.gravatar.com\\\/avatar\\\/eee448fc3f7164808013b816ba91ac7e43bbe82a70bebac296f8bc6f0addaa1a?s=96&d=mm&r=g\",\"url\":\"https:\\\/\\\/secure.gravatar.com\\\/avatar\\\/eee448fc3f7164808013b816ba91ac7e43bbe82a70bebac296f8bc6f0addaa1a?s=96&d=mm&r=g\",\"contentUrl\":\"https:\\\/\\\/secure.gravatar.com\\\/avatar\\\/eee448fc3f7164808013b816ba91ac7e43bbe82a70bebac296f8bc6f0addaa1a?s=96&d=mm&r=g\",\"caption\":\"Edici\u00f3n Web\"},\"url\":\"https:\\\/\\\/canal7slp.tv\\\/2025\\\/author\\\/edicionweb\\\/\"}]}<\/script>\n<!-- \/ Yoast SEO plugin. -->","yoast_head_json":{"title":"Durante 2024, se triplicaron las denuncias de desapariciones y privaci\u00f3n ilegal de la libertad en Sinaloa - Canal 7 SLP - 2025","robots":{"index":"index","follow":"follow","max-snippet":"max-snippet:-1","max-image-preview":"max-image-preview:large","max-video-preview":"max-video-preview:-1"},"canonical":"https:\/\/canal7slp.tv\/2025\/durante-2024-se-triplicaron-las-denuncias-de-desapariciones-y-privacion-ilegal-de-la-libertad-en-sinaloa\/","og_locale":"es_ES","og_type":"article","og_title":"Durante 2024, se triplicaron las denuncias de desapariciones y privaci\u00f3n ilegal de la libertad en Sinaloa - Canal 7 SLP - 2025","og_description":"Culiac\u00e1n.- En Sinaloa, el delito de privaci\u00f3n ilegal de la libertad registr\u00f3 un total de 911 desapariciones en el \u00faltimo cuatrimestre de 2024, cifra que triplica los registros de los \u00faltimos 16 a\u00f1os. Durante el a\u00f1o pasado, se reportaron mil 610 denuncias de desapariciones, con el 53% concentradas en el municipio de Culiac\u00e1n. Miguel Calder\u00f3n Quevedo, Coordinador del Consejo Estatal de Seguridad P\u00fablica, present\u00f3 un an\u00e1lisis del comportamiento delictivo en la regi\u00f3n, se\u00f1alando que las desapariciones est\u00e1n en aumento, especialmente en Culiac\u00e1n, donde se concentr\u00f3 el 53% de las mil 610 denuncias del a\u00f1o pasado. Adem\u00e1s, el homicidio doloso tambi\u00e9n [&hellip;]","og_url":"https:\/\/canal7slp.tv\/2025\/durante-2024-se-triplicaron-las-denuncias-de-desapariciones-y-privacion-ilegal-de-la-libertad-en-sinaloa\/","og_site_name":"Canal 7 SLP - 2025","article_publisher":"https:\/\/www.facebook.com\/noticieroscanal7atencionciudadana\/","article_published_time":"2025-03-26T21:54:18+00:00","og_image":[{"width":750,"height":500,"url":"https:\/\/canal7slp.tv\/2025\/wp-content\/uploads\/2025\/03\/10-18.jpg","type":"image\/jpeg"}],"author":"Edici\u00f3n Web","twitter_card":"summary_large_image","twitter_creator":"@NOTICIEROS7","twitter_site":"@NOTICIEROS7","twitter_misc":{"Escrito por":"Edici\u00f3n Web","Tiempo de lectura":"2 minutos"},"schema":{"@context":"https:\/\/schema.org","@graph":[{"@type":"Article","@id":"https:\/\/canal7slp.tv\/2025\/durante-2024-se-triplicaron-las-denuncias-de-desapariciones-y-privacion-ilegal-de-la-libertad-en-sinaloa\/#article","isPartOf":{"@id":"https:\/\/canal7slp.tv\/2025\/durante-2024-se-triplicaron-las-denuncias-de-desapariciones-y-privacion-ilegal-de-la-libertad-en-sinaloa\/"},"author":{"name":"Edici\u00f3n Web","@id":"https:\/\/canal7slp.tv\/2025\/#\/schema\/person\/271e2b60a96e7cc9d9ac296f4d7e414b"},"headline":"Durante 2024, se triplicaron las denuncias de desapariciones y privaci\u00f3n ilegal de la libertad en Sinaloa","datePublished":"2025-03-26T21:54:18+00:00","mainEntityOfPage":{"@id":"https:\/\/canal7slp.tv\/2025\/durante-2024-se-triplicaron-las-denuncias-de-desapariciones-y-privacion-ilegal-de-la-libertad-en-sinaloa\/"},"wordCount":316,"publisher":{"@id":"https:\/\/canal7slp.tv\/2025\/#organization"},"image":{"@id":"https:\/\/canal7slp.tv\/2025\/durante-2024-se-triplicaron-las-denuncias-de-desapariciones-y-privacion-ilegal-de-la-libertad-en-sinaloa\/#primaryimage"},"thumbnailUrl":"https:\/\/canal7slp.tv\/2025\/wp-content\/uploads\/2025\/03\/10-18.jpg","articleSection":["NACIONALES"],"inLanguage":"es"},{"@type":"WebPage","@id":"https:\/\/canal7slp.tv\/2025\/durante-2024-se-triplicaron-las-denuncias-de-desapariciones-y-privacion-ilegal-de-la-libertad-en-sinaloa\/","url":"https:\/\/canal7slp.tv\/2025\/durante-2024-se-triplicaron-las-denuncias-de-desapariciones-y-privacion-ilegal-de-la-libertad-en-sinaloa\/","name":"Durante 2024, se triplicaron las denuncias de desapariciones y privaci\u00f3n ilegal de la libertad en Sinaloa - Canal 7 SLP - 2025","isPartOf":{"@id":"https:\/\/canal7slp.tv\/2025\/#website"},"primaryImageOfPage":{"@id":"https:\/\/canal7slp.tv\/2025\/durante-2024-se-triplicaron-las-denuncias-de-desapariciones-y-privacion-ilegal-de-la-libertad-en-sinaloa\/#primaryimage"},"image":{"@id":"https:\/\/canal7slp.tv\/2025\/durante-2024-se-triplicaron-las-denuncias-de-desapariciones-y-privacion-ilegal-de-la-libertad-en-sinaloa\/#primaryimage"},"thumbnailUrl":"https:\/\/canal7slp.tv\/2025\/wp-content\/uploads\/2025\/03\/10-18.jpg","datePublished":"2025-03-26T21:54:18+00:00","breadcrumb":{"@id":"https:\/\/canal7slp.tv\/2025\/durante-2024-se-triplicaron-las-denuncias-de-desapariciones-y-privacion-ilegal-de-la-libertad-en-sinaloa\/#breadcrumb"},"inLanguage":"es","potentialAction":[{"@type":"ReadAction","target":["https:\/\/canal7slp.tv\/2025\/durante-2024-se-triplicaron-las-denuncias-de-desapariciones-y-privacion-ilegal-de-la-libertad-en-sinaloa\/"]}]},{"@type":"ImageObject","inLanguage":"es","@id":"https:\/\/canal7slp.tv\/2025\/durante-2024-se-triplicaron-las-denuncias-de-desapariciones-y-privacion-ilegal-de-la-libertad-en-sinaloa\/#primaryimage","url":"https:\/\/canal7slp.tv\/2025\/wp-content\/uploads\/2025\/03\/10-18.jpg","contentUrl":"https:\/\/canal7slp.tv\/2025\/wp-content\/uploads\/2025\/03\/10-18.jpg","width":750,"height":500},{"@type":"BreadcrumbList","@id":"https:\/\/canal7slp.tv\/2025\/durante-2024-se-triplicaron-las-denuncias-de-desapariciones-y-privacion-ilegal-de-la-libertad-en-sinaloa\/#breadcrumb","itemListElement":[{"@type":"ListItem","position":1,"name":"Portada","item":"https:\/\/canal7slp.tv\/2025\/"},{"@type":"ListItem","position":2,"name":"Durante 2024, se triplicaron las denuncias de desapariciones y privaci\u00f3n ilegal de la libertad en Sinaloa"}]},{"@type":"WebSite","@id":"https:\/\/canal7slp.tv\/2025\/#website","url":"https:\/\/canal7slp.tv\/2025\/","name":"N7 - Noticieros Canal 7","description":"Somos el Medio","publisher":{"@id":"https:\/\/canal7slp.tv\/2025\/#organization"},"potentialAction":[{"@type":"SearchAction","target":{"@type":"EntryPoint","urlTemplate":"https:\/\/canal7slp.tv\/2025\/?s={search_term_string}"},"query-input":{"@type":"PropertyValueSpecification","valueRequired":true,"valueName":"search_term_string"}}],"inLanguage":"es"},{"@type":"Organization","@id":"https:\/\/canal7slp.tv\/2025\/#organization","name":"Noticieros Canal 7","url":"https:\/\/canal7slp.tv\/2025\/","logo":{"@type":"ImageObject","inLanguage":"es","@id":"https:\/\/canal7slp.tv\/2025\/#\/schema\/logo\/image\/","url":"https:\/\/canal7slp.tv\/2025\/wp-content\/uploads\/2021\/01\/logo-noticieros@2x.png","contentUrl":"https:\/\/canal7slp.tv\/2025\/wp-content\/uploads\/2021\/01\/logo-noticieros@2x.png","width":1017,"height":268,"caption":"Noticieros Canal 7"},"image":{"@id":"https:\/\/canal7slp.tv\/2025\/#\/schema\/logo\/image\/"},"sameAs":["https:\/\/www.facebook.com\/noticieroscanal7atencionciudadana\/","https:\/\/x.com\/NOTICIEROS7","https:\/\/www.instagram.com\/canal7_slp","https:\/\/www.youtube.com\/channel\/UCliiYs-gP3JfJeqdPrNdd5A"]},{"@type":"Person","@id":"https:\/\/canal7slp.tv\/2025\/#\/schema\/person\/271e2b60a96e7cc9d9ac296f4d7e414b","name":"Edici\u00f3n Web","image":{"@type":"ImageObject","inLanguage":"es","@id":"https:\/\/secure.gravatar.com\/avatar\/eee448fc3f7164808013b816ba91ac7e43bbe82a70bebac296f8bc6f0addaa1a?s=96&d=mm&r=g","url":"https:\/\/secure.gravatar.com\/avatar\/eee448fc3f7164808013b816ba91ac7e43bbe82a70bebac296f8bc6f0addaa1a?s=96&d=mm&r=g","contentUrl":"https:\/\/secure.gravatar.com\/avatar\/eee448fc3f7164808013b816ba91ac7e43bbe82a70bebac296f8bc6f0addaa1a?s=96&d=mm&r=g","caption":"Edici\u00f3n Web"},"url":"https:\/\/canal7slp.tv\/2025\/author\/edicionweb\/"}]}},"_links":{"self":[{"href":"https:\/\/canal7slp.tv\/2025\/wp-json\/wp\/v2\/posts\/161591","targetHints":{"allow":["GET"]}}],"collection":[{"href":"https:\/\/canal7slp.tv\/2025\/wp-json\/wp\/v2\/posts"}],"about":[{"href":"https:\/\/canal7slp.tv\/2025\/wp-json\/wp\/v2\/types\/post"}],"author":[{"embeddable":true,"href":"https:\/\/canal7slp.tv\/2025\/wp-json\/wp\/v2\/users\/2"}],"replies":[{"embeddable":true,"href":"https:\/\/canal7slp.tv\/2025\/wp-json\/wp\/v2\/comments?post=161591"}],"version-history":[{"count":1,"href":"https:\/\/canal7slp.tv\/2025\/wp-json\/wp\/v2\/posts\/161591\/revisions"}],"predecessor-version":[{"id":161593,"href":"https:\/\/canal7slp.tv\/2025\/wp-json\/wp\/v2\/posts\/161591\/revisions\/161593"}],"wp:featuredmedia":[{"embeddable":true,"href":"https:\/\/canal7slp.tv\/2025\/wp-json\/wp\/v2\/media\/161592"}],"wp:attachment":[{"href":"https:\/\/canal7slp.tv\/2025\/wp-json\/wp\/v2\/media?parent=161591"}],"wp:term":[{"taxonomy":"category","embeddable":true,"href":"https:\/\/canal7slp.tv\/2025\/wp-json\/wp\/v2\/categories?post=161591"},{"taxonomy":"post_tag","embeddable":true,"href":"https:\/\/canal7slp.tv\/2025\/wp-json\/wp\/v2\/tags?post=161591"}],"curies":[{"name":"wp","href":"https:\/\/api.w.org\/{rel}","templated":true}]}}