{"id":161587,"date":"2025-03-26T15:36:50","date_gmt":"2025-03-26T21:36:50","guid":{"rendered":"https:\/\/canal7slp.tv\/2025\/?p=161587"},"modified":"2025-03-26T15:36:50","modified_gmt":"2025-03-26T21:36:50","slug":"federacion-impulsa-curp-biometrica-y-nueva-plataforma-para-buscar-desaparecidos","status":"publish","type":"post","link":"https:\/\/canal7slp.tv\/2025\/federacion-impulsa-curp-biometrica-y-nueva-plataforma-para-buscar-desaparecidos\/","title":{"rendered":"Federaci\u00f3n impulsa CURP biom\u00e9trica y nueva plataforma para buscar desaparecidos"},"content":{"rendered":"<p style=\"text-align: justify;\">M\u00e9xico.- El Gobierno de M\u00e9xico ha lanzado una serie de acciones para abordar la crisis de desapariciones, presentadas por la consejera jur\u00eddica de la presidencia, Ernestina Godoy.<\/p>\n<p style=\"text-align: justify;\">La iniciativa incluye la implementaci\u00f3n de la Clave \u00danica de Registro de Poblaci\u00f3n (CURP) con fotograf\u00eda y huellas dactilares, as\u00ed como la creaci\u00f3n de una Plataforma \u00danica de Identidad y una base nacional de investigaciones sobre personas desaparecidas.<\/p>\n<p style=\"text-align: justify;\">Godoy destac\u00f3 que estas medidas son parte de una estrategia integral para la alerta y localizaci\u00f3n de individuos desaparecidos.<\/p>\n<p style=\"text-align: justify;\">La CURP se establecer\u00e1 como la \u00fanica fuente de identidad, obligando a su reconocimiento por todas las autoridades y entidades privadas, tanto en formato f\u00edsico como digital.<\/p>\n<p style=\"text-align: justify;\">Adem\u00e1s, se realizar\u00e1n reformas a la Ley General de Poblaci\u00f3n y a la Ley General de Desaparici\u00f3n Forzada para facilitar la respuesta ante casos de desapariciones.<\/p>\n<p style=\"text-align: justify;\">La nueva Plataforma \u00danica de Identidad permitir\u00e1 generar alertas y realizar b\u00fasquedas en tiempo real, integrando datos esenciales para la localizaci\u00f3n de desaparecidos.<\/p>\n<p style=\"text-align: justify;\">Tambi\u00e9n se eliminar\u00e1 la espera de 72 horas para abrir carpetas de investigaci\u00f3n, permitiendo que toda la informaci\u00f3n relevante est\u00e9 disponible de inmediato para las autoridades.<\/p>\n<p style=\"text-align: justify;\">Godoy anunci\u00f3 que se publicar\u00e1n mensualmente las cifras de desapariciones a trav\u00e9s del sistema de seguridad p\u00fablica, con la base nacional de carpetas integrada en un plazo m\u00e1ximo de 180 d\u00edas tras la entrada en vigor de la reforma.<\/p>\n<p style=\"text-align: justify;\">Asimismo, se establecer\u00e1 la obligaci\u00f3n de alimentar y actualizar el Banco Nacional de Datos Forenses, que se conectar\u00e1 en tiempo real con la Plataforma \u00danica de Identidad para un intercambio de informaci\u00f3n eficiente.<\/p>\n<p style=\"text-align: justify;\">Este banco incluir\u00e1 datos de la Alerta Amber, el Registro Nacional de Personas Fallecidas no Identificadas, y otros registros relevantes, con el objetivo de fortalecer las capacidades de b\u00fasqueda y localizaci\u00f3n de personas desaparecidas en M\u00e9xico.<\/p>\n","protected":false},"excerpt":{"rendered":"<p>M\u00e9xico.- El Gobierno de M\u00e9xico ha lanzado una serie de acciones para abordar la crisis de desapariciones, presentadas por la consejera jur\u00eddica de la presidencia, Ernestina Godoy. La iniciativa incluye la implementaci\u00f3n de la Clave \u00danica de Registro de Poblaci\u00f3n (CURP) con fotograf\u00eda y huellas dactilares, as\u00ed como la creaci\u00f3n de una Plataforma \u00danica de Identidad y una base nacional de investigaciones sobre personas desaparecidas. Godoy destac\u00f3 que estas medidas son parte de una estrategia integral para la alerta y localizaci\u00f3n de individuos desaparecidos. La CURP se establecer\u00e1 como la \u00fanica fuente de identidad, obligando a su reconocimiento por todas [&hellip;]<\/p>\n","protected":false},"author":2,"featured_media":161589,"comment_status":"closed","ping_status":"closed","sticky":false,"template":"","format":"standard","meta":{"_monsterinsights_skip_tracking":false,"_monsterinsights_sitenote_active":false,"_monsterinsights_sitenote_note":"","_monsterinsights_sitenote_category":0,"footnotes":""},"categories":[46],"tags":[],"class_list":["post-161587","post","type-post","status-publish","format-standard","has-post-thumbnail","hentry","category-nacional","post--single"],"yoast_head":"<!-- This site is optimized with the Yoast SEO plugin v27.5 - https:\/\/yoast.com\/product\/yoast-seo-wordpress\/ -->\n<title>Federaci\u00f3n impulsa CURP biom\u00e9trica y nueva plataforma para buscar desaparecidos - Canal 7 SLP - 2025<\/title>\n<meta name=\"robots\" content=\"index, follow, max-snippet:-1, max-image-preview:large, max-video-preview:-1\" \/>\n<link rel=\"canonical\" href=\"https:\/\/canal7slp.tv\/2025\/federacion-impulsa-curp-biometrica-y-nueva-plataforma-para-buscar-desaparecidos\/\" \/>\n<meta property=\"og:locale\" content=\"es_ES\" \/>\n<meta property=\"og:type\" content=\"article\" \/>\n<meta property=\"og:title\" content=\"Federaci\u00f3n impulsa CURP biom\u00e9trica y nueva plataforma para buscar desaparecidos - Canal 7 SLP - 2025\" \/>\n<meta property=\"og:description\" content=\"M\u00e9xico.- El Gobierno de M\u00e9xico ha lanzado una serie de acciones para abordar la crisis de desapariciones, presentadas por la consejera jur\u00eddica de la presidencia, Ernestina Godoy. La iniciativa incluye la implementaci\u00f3n de la Clave \u00danica de Registro de Poblaci\u00f3n (CURP) con fotograf\u00eda y huellas dactilares, as\u00ed como la creaci\u00f3n de una Plataforma \u00danica de Identidad y una base nacional de investigaciones sobre personas desaparecidas. Godoy destac\u00f3 que estas medidas son parte de una estrategia integral para la alerta y localizaci\u00f3n de individuos desaparecidos. La CURP se establecer\u00e1 como la \u00fanica fuente de identidad, obligando a su reconocimiento por todas [&hellip;]\" \/>\n<meta property=\"og:url\" content=\"https:\/\/canal7slp.tv\/2025\/federacion-impulsa-curp-biometrica-y-nueva-plataforma-para-buscar-desaparecidos\/\" \/>\n<meta property=\"og:site_name\" content=\"Canal 7 SLP - 2025\" \/>\n<meta property=\"article:publisher\" content=\"https:\/\/www.facebook.com\/noticieroscanal7atencionciudadana\/\" \/>\n<meta property=\"article:published_time\" content=\"2025-03-26T21:36:50+00:00\" \/>\n<meta property=\"og:image\" content=\"https:\/\/canal7slp.tv\/2025\/wp-content\/uploads\/2025\/03\/08-19.jpg\" \/>\n\t<meta property=\"og:image:width\" content=\"728\" \/>\n\t<meta property=\"og:image:height\" content=\"410\" \/>\n\t<meta property=\"og:image:type\" content=\"image\/jpeg\" \/>\n<meta name=\"author\" content=\"Edici\u00f3n Web\" \/>\n<meta name=\"twitter:card\" content=\"summary_large_image\" \/>\n<meta name=\"twitter:creator\" content=\"@NOTICIEROS7\" \/>\n<meta name=\"twitter:site\" content=\"@NOTICIEROS7\" \/>\n<meta name=\"twitter:label1\" content=\"Escrito por\" \/>\n\t<meta name=\"twitter:data1\" content=\"Edici\u00f3n Web\" \/>\n\t<meta name=\"twitter:label2\" content=\"Tiempo de lectura\" \/>\n\t<meta name=\"twitter:data2\" content=\"2 minutos\" \/>\n<script type=\"application\/ld+json\" class=\"yoast-schema-graph\">{\"@context\":\"https:\\\/\\\/schema.org\",\"@graph\":[{\"@type\":\"Article\",\"@id\":\"https:\\\/\\\/canal7slp.tv\\\/2025\\\/federacion-impulsa-curp-biometrica-y-nueva-plataforma-para-buscar-desaparecidos\\\/#article\",\"isPartOf\":{\"@id\":\"https:\\\/\\\/canal7slp.tv\\\/2025\\\/federacion-impulsa-curp-biometrica-y-nueva-plataforma-para-buscar-desaparecidos\\\/\"},\"author\":{\"name\":\"Edici\u00f3n Web\",\"@id\":\"https:\\\/\\\/canal7slp.tv\\\/2025\\\/#\\\/schema\\\/person\\\/271e2b60a96e7cc9d9ac296f4d7e414b\"},\"headline\":\"Federaci\u00f3n impulsa CURP biom\u00e9trica y nueva plataforma para buscar desaparecidos\",\"datePublished\":\"2025-03-26T21:36:50+00:00\",\"mainEntityOfPage\":{\"@id\":\"https:\\\/\\\/canal7slp.tv\\\/2025\\\/federacion-impulsa-curp-biometrica-y-nueva-plataforma-para-buscar-desaparecidos\\\/\"},\"wordCount\":333,\"publisher\":{\"@id\":\"https:\\\/\\\/canal7slp.tv\\\/2025\\\/#organization\"},\"image\":{\"@id\":\"https:\\\/\\\/canal7slp.tv\\\/2025\\\/federacion-impulsa-curp-biometrica-y-nueva-plataforma-para-buscar-desaparecidos\\\/#primaryimage\"},\"thumbnailUrl\":\"https:\\\/\\\/canal7slp.tv\\\/2025\\\/wp-content\\\/uploads\\\/2025\\\/03\\\/08-19.jpg\",\"articleSection\":[\"NACIONALES\"],\"inLanguage\":\"es\"},{\"@type\":\"WebPage\",\"@id\":\"https:\\\/\\\/canal7slp.tv\\\/2025\\\/federacion-impulsa-curp-biometrica-y-nueva-plataforma-para-buscar-desaparecidos\\\/\",\"url\":\"https:\\\/\\\/canal7slp.tv\\\/2025\\\/federacion-impulsa-curp-biometrica-y-nueva-plataforma-para-buscar-desaparecidos\\\/\",\"name\":\"Federaci\u00f3n impulsa CURP biom\u00e9trica y nueva plataforma para buscar desaparecidos - Canal 7 SLP - 2025\",\"isPartOf\":{\"@id\":\"https:\\\/\\\/canal7slp.tv\\\/2025\\\/#website\"},\"primaryImageOfPage\":{\"@id\":\"https:\\\/\\\/canal7slp.tv\\\/2025\\\/federacion-impulsa-curp-biometrica-y-nueva-plataforma-para-buscar-desaparecidos\\\/#primaryimage\"},\"image\":{\"@id\":\"https:\\\/\\\/canal7slp.tv\\\/2025\\\/federacion-impulsa-curp-biometrica-y-nueva-plataforma-para-buscar-desaparecidos\\\/#primaryimage\"},\"thumbnailUrl\":\"https:\\\/\\\/canal7slp.tv\\\/2025\\\/wp-content\\\/uploads\\\/2025\\\/03\\\/08-19.jpg\",\"datePublished\":\"2025-03-26T21:36:50+00:00\",\"breadcrumb\":{\"@id\":\"https:\\\/\\\/canal7slp.tv\\\/2025\\\/federacion-impulsa-curp-biometrica-y-nueva-plataforma-para-buscar-desaparecidos\\\/#breadcrumb\"},\"inLanguage\":\"es\",\"potentialAction\":[{\"@type\":\"ReadAction\",\"target\":[\"https:\\\/\\\/canal7slp.tv\\\/2025\\\/federacion-impulsa-curp-biometrica-y-nueva-plataforma-para-buscar-desaparecidos\\\/\"]}]},{\"@type\":\"ImageObject\",\"inLanguage\":\"es\",\"@id\":\"https:\\\/\\\/canal7slp.tv\\\/2025\\\/federacion-impulsa-curp-biometrica-y-nueva-plataforma-para-buscar-desaparecidos\\\/#primaryimage\",\"url\":\"https:\\\/\\\/canal7slp.tv\\\/2025\\\/wp-content\\\/uploads\\\/2025\\\/03\\\/08-19.jpg\",\"contentUrl\":\"https:\\\/\\\/canal7slp.tv\\\/2025\\\/wp-content\\\/uploads\\\/2025\\\/03\\\/08-19.jpg\",\"width\":728,\"height\":410},{\"@type\":\"BreadcrumbList\",\"@id\":\"https:\\\/\\\/canal7slp.tv\\\/2025\\\/federacion-impulsa-curp-biometrica-y-nueva-plataforma-para-buscar-desaparecidos\\\/#breadcrumb\",\"itemListElement\":[{\"@type\":\"ListItem\",\"position\":1,\"name\":\"Portada\",\"item\":\"https:\\\/\\\/canal7slp.tv\\\/2025\\\/\"},{\"@type\":\"ListItem\",\"position\":2,\"name\":\"Federaci\u00f3n impulsa CURP biom\u00e9trica y nueva plataforma para buscar desaparecidos\"}]},{\"@type\":\"WebSite\",\"@id\":\"https:\\\/\\\/canal7slp.tv\\\/2025\\\/#website\",\"url\":\"https:\\\/\\\/canal7slp.tv\\\/2025\\\/\",\"name\":\"N7 - Noticieros Canal 7\",\"description\":\"Somos el Medio\",\"publisher\":{\"@id\":\"https:\\\/\\\/canal7slp.tv\\\/2025\\\/#organization\"},\"potentialAction\":[{\"@type\":\"SearchAction\",\"target\":{\"@type\":\"EntryPoint\",\"urlTemplate\":\"https:\\\/\\\/canal7slp.tv\\\/2025\\\/?s={search_term_string}\"},\"query-input\":{\"@type\":\"PropertyValueSpecification\",\"valueRequired\":true,\"valueName\":\"search_term_string\"}}],\"inLanguage\":\"es\"},{\"@type\":\"Organization\",\"@id\":\"https:\\\/\\\/canal7slp.tv\\\/2025\\\/#organization\",\"name\":\"Noticieros Canal 7\",\"url\":\"https:\\\/\\\/canal7slp.tv\\\/2025\\\/\",\"logo\":{\"@type\":\"ImageObject\",\"inLanguage\":\"es\",\"@id\":\"https:\\\/\\\/canal7slp.tv\\\/2025\\\/#\\\/schema\\\/logo\\\/image\\\/\",\"url\":\"https:\\\/\\\/canal7slp.tv\\\/2025\\\/wp-content\\\/uploads\\\/2021\\\/01\\\/logo-noticieros@2x.png\",\"contentUrl\":\"https:\\\/\\\/canal7slp.tv\\\/2025\\\/wp-content\\\/uploads\\\/2021\\\/01\\\/logo-noticieros@2x.png\",\"width\":1017,\"height\":268,\"caption\":\"Noticieros Canal 7\"},\"image\":{\"@id\":\"https:\\\/\\\/canal7slp.tv\\\/2025\\\/#\\\/schema\\\/logo\\\/image\\\/\"},\"sameAs\":[\"https:\\\/\\\/www.facebook.com\\\/noticieroscanal7atencionciudadana\\\/\",\"https:\\\/\\\/x.com\\\/NOTICIEROS7\",\"https:\\\/\\\/www.instagram.com\\\/canal7_slp\",\"https:\\\/\\\/www.youtube.com\\\/channel\\\/UCliiYs-gP3JfJeqdPrNdd5A\"]},{\"@type\":\"Person\",\"@id\":\"https:\\\/\\\/canal7slp.tv\\\/2025\\\/#\\\/schema\\\/person\\\/271e2b60a96e7cc9d9ac296f4d7e414b\",\"name\":\"Edici\u00f3n Web\",\"image\":{\"@type\":\"ImageObject\",\"inLanguage\":\"es\",\"@id\":\"https:\\\/\\\/secure.gravatar.com\\\/avatar\\\/eee448fc3f7164808013b816ba91ac7e43bbe82a70bebac296f8bc6f0addaa1a?s=96&d=mm&r=g\",\"url\":\"https:\\\/\\\/secure.gravatar.com\\\/avatar\\\/eee448fc3f7164808013b816ba91ac7e43bbe82a70bebac296f8bc6f0addaa1a?s=96&d=mm&r=g\",\"contentUrl\":\"https:\\\/\\\/secure.gravatar.com\\\/avatar\\\/eee448fc3f7164808013b816ba91ac7e43bbe82a70bebac296f8bc6f0addaa1a?s=96&d=mm&r=g\",\"caption\":\"Edici\u00f3n Web\"},\"url\":\"https:\\\/\\\/canal7slp.tv\\\/2025\\\/author\\\/edicionweb\\\/\"}]}<\/script>\n<!-- \/ Yoast SEO plugin. -->","yoast_head_json":{"title":"Federaci\u00f3n impulsa CURP biom\u00e9trica y nueva plataforma para buscar desaparecidos - Canal 7 SLP - 2025","robots":{"index":"index","follow":"follow","max-snippet":"max-snippet:-1","max-image-preview":"max-image-preview:large","max-video-preview":"max-video-preview:-1"},"canonical":"https:\/\/canal7slp.tv\/2025\/federacion-impulsa-curp-biometrica-y-nueva-plataforma-para-buscar-desaparecidos\/","og_locale":"es_ES","og_type":"article","og_title":"Federaci\u00f3n impulsa CURP biom\u00e9trica y nueva plataforma para buscar desaparecidos - Canal 7 SLP - 2025","og_description":"M\u00e9xico.- El Gobierno de M\u00e9xico ha lanzado una serie de acciones para abordar la crisis de desapariciones, presentadas por la consejera jur\u00eddica de la presidencia, Ernestina Godoy. La iniciativa incluye la implementaci\u00f3n de la Clave \u00danica de Registro de Poblaci\u00f3n (CURP) con fotograf\u00eda y huellas dactilares, as\u00ed como la creaci\u00f3n de una Plataforma \u00danica de Identidad y una base nacional de investigaciones sobre personas desaparecidas. Godoy destac\u00f3 que estas medidas son parte de una estrategia integral para la alerta y localizaci\u00f3n de individuos desaparecidos. La CURP se establecer\u00e1 como la \u00fanica fuente de identidad, obligando a su reconocimiento por todas [&hellip;]","og_url":"https:\/\/canal7slp.tv\/2025\/federacion-impulsa-curp-biometrica-y-nueva-plataforma-para-buscar-desaparecidos\/","og_site_name":"Canal 7 SLP - 2025","article_publisher":"https:\/\/www.facebook.com\/noticieroscanal7atencionciudadana\/","article_published_time":"2025-03-26T21:36:50+00:00","og_image":[{"width":728,"height":410,"url":"https:\/\/canal7slp.tv\/2025\/wp-content\/uploads\/2025\/03\/08-19.jpg","type":"image\/jpeg"}],"author":"Edici\u00f3n Web","twitter_card":"summary_large_image","twitter_creator":"@NOTICIEROS7","twitter_site":"@NOTICIEROS7","twitter_misc":{"Escrito por":"Edici\u00f3n Web","Tiempo de lectura":"2 minutos"},"schema":{"@context":"https:\/\/schema.org","@graph":[{"@type":"Article","@id":"https:\/\/canal7slp.tv\/2025\/federacion-impulsa-curp-biometrica-y-nueva-plataforma-para-buscar-desaparecidos\/#article","isPartOf":{"@id":"https:\/\/canal7slp.tv\/2025\/federacion-impulsa-curp-biometrica-y-nueva-plataforma-para-buscar-desaparecidos\/"},"author":{"name":"Edici\u00f3n Web","@id":"https:\/\/canal7slp.tv\/2025\/#\/schema\/person\/271e2b60a96e7cc9d9ac296f4d7e414b"},"headline":"Federaci\u00f3n impulsa CURP biom\u00e9trica y nueva plataforma para buscar desaparecidos","datePublished":"2025-03-26T21:36:50+00:00","mainEntityOfPage":{"@id":"https:\/\/canal7slp.tv\/2025\/federacion-impulsa-curp-biometrica-y-nueva-plataforma-para-buscar-desaparecidos\/"},"wordCount":333,"publisher":{"@id":"https:\/\/canal7slp.tv\/2025\/#organization"},"image":{"@id":"https:\/\/canal7slp.tv\/2025\/federacion-impulsa-curp-biometrica-y-nueva-plataforma-para-buscar-desaparecidos\/#primaryimage"},"thumbnailUrl":"https:\/\/canal7slp.tv\/2025\/wp-content\/uploads\/2025\/03\/08-19.jpg","articleSection":["NACIONALES"],"inLanguage":"es"},{"@type":"WebPage","@id":"https:\/\/canal7slp.tv\/2025\/federacion-impulsa-curp-biometrica-y-nueva-plataforma-para-buscar-desaparecidos\/","url":"https:\/\/canal7slp.tv\/2025\/federacion-impulsa-curp-biometrica-y-nueva-plataforma-para-buscar-desaparecidos\/","name":"Federaci\u00f3n impulsa CURP biom\u00e9trica y nueva plataforma para buscar desaparecidos - Canal 7 SLP - 2025","isPartOf":{"@id":"https:\/\/canal7slp.tv\/2025\/#website"},"primaryImageOfPage":{"@id":"https:\/\/canal7slp.tv\/2025\/federacion-impulsa-curp-biometrica-y-nueva-plataforma-para-buscar-desaparecidos\/#primaryimage"},"image":{"@id":"https:\/\/canal7slp.tv\/2025\/federacion-impulsa-curp-biometrica-y-nueva-plataforma-para-buscar-desaparecidos\/#primaryimage"},"thumbnailUrl":"https:\/\/canal7slp.tv\/2025\/wp-content\/uploads\/2025\/03\/08-19.jpg","datePublished":"2025-03-26T21:36:50+00:00","breadcrumb":{"@id":"https:\/\/canal7slp.tv\/2025\/federacion-impulsa-curp-biometrica-y-nueva-plataforma-para-buscar-desaparecidos\/#breadcrumb"},"inLanguage":"es","potentialAction":[{"@type":"ReadAction","target":["https:\/\/canal7slp.tv\/2025\/federacion-impulsa-curp-biometrica-y-nueva-plataforma-para-buscar-desaparecidos\/"]}]},{"@type":"ImageObject","inLanguage":"es","@id":"https:\/\/canal7slp.tv\/2025\/federacion-impulsa-curp-biometrica-y-nueva-plataforma-para-buscar-desaparecidos\/#primaryimage","url":"https:\/\/canal7slp.tv\/2025\/wp-content\/uploads\/2025\/03\/08-19.jpg","contentUrl":"https:\/\/canal7slp.tv\/2025\/wp-content\/uploads\/2025\/03\/08-19.jpg","width":728,"height":410},{"@type":"BreadcrumbList","@id":"https:\/\/canal7slp.tv\/2025\/federacion-impulsa-curp-biometrica-y-nueva-plataforma-para-buscar-desaparecidos\/#breadcrumb","itemListElement":[{"@type":"ListItem","position":1,"name":"Portada","item":"https:\/\/canal7slp.tv\/2025\/"},{"@type":"ListItem","position":2,"name":"Federaci\u00f3n impulsa CURP biom\u00e9trica y nueva plataforma para buscar desaparecidos"}]},{"@type":"WebSite","@id":"https:\/\/canal7slp.tv\/2025\/#website","url":"https:\/\/canal7slp.tv\/2025\/","name":"N7 - Noticieros Canal 7","description":"Somos el Medio","publisher":{"@id":"https:\/\/canal7slp.tv\/2025\/#organization"},"potentialAction":[{"@type":"SearchAction","target":{"@type":"EntryPoint","urlTemplate":"https:\/\/canal7slp.tv\/2025\/?s={search_term_string}"},"query-input":{"@type":"PropertyValueSpecification","valueRequired":true,"valueName":"search_term_string"}}],"inLanguage":"es"},{"@type":"Organization","@id":"https:\/\/canal7slp.tv\/2025\/#organization","name":"Noticieros Canal 7","url":"https:\/\/canal7slp.tv\/2025\/","logo":{"@type":"ImageObject","inLanguage":"es","@id":"https:\/\/canal7slp.tv\/2025\/#\/schema\/logo\/image\/","url":"https:\/\/canal7slp.tv\/2025\/wp-content\/uploads\/2021\/01\/logo-noticieros@2x.png","contentUrl":"https:\/\/canal7slp.tv\/2025\/wp-content\/uploads\/2021\/01\/logo-noticieros@2x.png","width":1017,"height":268,"caption":"Noticieros Canal 7"},"image":{"@id":"https:\/\/canal7slp.tv\/2025\/#\/schema\/logo\/image\/"},"sameAs":["https:\/\/www.facebook.com\/noticieroscanal7atencionciudadana\/","https:\/\/x.com\/NOTICIEROS7","https:\/\/www.instagram.com\/canal7_slp","https:\/\/www.youtube.com\/channel\/UCliiYs-gP3JfJeqdPrNdd5A"]},{"@type":"Person","@id":"https:\/\/canal7slp.tv\/2025\/#\/schema\/person\/271e2b60a96e7cc9d9ac296f4d7e414b","name":"Edici\u00f3n Web","image":{"@type":"ImageObject","inLanguage":"es","@id":"https:\/\/secure.gravatar.com\/avatar\/eee448fc3f7164808013b816ba91ac7e43bbe82a70bebac296f8bc6f0addaa1a?s=96&d=mm&r=g","url":"https:\/\/secure.gravatar.com\/avatar\/eee448fc3f7164808013b816ba91ac7e43bbe82a70bebac296f8bc6f0addaa1a?s=96&d=mm&r=g","contentUrl":"https:\/\/secure.gravatar.com\/avatar\/eee448fc3f7164808013b816ba91ac7e43bbe82a70bebac296f8bc6f0addaa1a?s=96&d=mm&r=g","caption":"Edici\u00f3n Web"},"url":"https:\/\/canal7slp.tv\/2025\/author\/edicionweb\/"}]}},"_links":{"self":[{"href":"https:\/\/canal7slp.tv\/2025\/wp-json\/wp\/v2\/posts\/161587","targetHints":{"allow":["GET"]}}],"collection":[{"href":"https:\/\/canal7slp.tv\/2025\/wp-json\/wp\/v2\/posts"}],"about":[{"href":"https:\/\/canal7slp.tv\/2025\/wp-json\/wp\/v2\/types\/post"}],"author":[{"embeddable":true,"href":"https:\/\/canal7slp.tv\/2025\/wp-json\/wp\/v2\/users\/2"}],"replies":[{"embeddable":true,"href":"https:\/\/canal7slp.tv\/2025\/wp-json\/wp\/v2\/comments?post=161587"}],"version-history":[{"count":1,"href":"https:\/\/canal7slp.tv\/2025\/wp-json\/wp\/v2\/posts\/161587\/revisions"}],"predecessor-version":[{"id":161590,"href":"https:\/\/canal7slp.tv\/2025\/wp-json\/wp\/v2\/posts\/161587\/revisions\/161590"}],"wp:featuredmedia":[{"embeddable":true,"href":"https:\/\/canal7slp.tv\/2025\/wp-json\/wp\/v2\/media\/161589"}],"wp:attachment":[{"href":"https:\/\/canal7slp.tv\/2025\/wp-json\/wp\/v2\/media?parent=161587"}],"wp:term":[{"taxonomy":"category","embeddable":true,"href":"https:\/\/canal7slp.tv\/2025\/wp-json\/wp\/v2\/categories?post=161587"},{"taxonomy":"post_tag","embeddable":true,"href":"https:\/\/canal7slp.tv\/2025\/wp-json\/wp\/v2\/tags?post=161587"}],"curies":[{"name":"wp","href":"https:\/\/api.w.org\/{rel}","templated":true}]}}