{"id":161585,"date":"2025-03-26T15:37:16","date_gmt":"2025-03-26T21:37:16","guid":{"rendered":"https:\/\/canal7slp.tv\/2025\/?p=161585"},"modified":"2025-03-26T15:37:16","modified_gmt":"2025-03-26T21:37:16","slug":"cordova-advierte-sobre-los-riesgos-de-la-curp-como-herramienta-para-localizar-desaparecidos","status":"publish","type":"post","link":"https:\/\/canal7slp.tv\/2025\/cordova-advierte-sobre-los-riesgos-de-la-curp-como-herramienta-para-localizar-desaparecidos\/","title":{"rendered":"C\u00f3rdova advierte sobre los riesgos de la CURP como herramienta para localizar desaparecidos"},"content":{"rendered":"<p style=\"text-align: justify;\">M\u00e9xico.- Lorenzo C\u00f3rdova Vianello, exconsejero presidente del INE, cuestion\u00f3 la iniciativa de la presidenta Claudia Sheinbaum de incorporar fotograf\u00eda y huella digital a la CURP como herramienta para localizar personas desaparecidas.<\/p>\n<p style=\"text-align: justify;\">Subray\u00f3 que el INE no puede compartir sus bases de datos biom\u00e9tricos con el gobierno federal sin un marco legal claro, y advirti\u00f3 que esta medida no ser\u00eda una soluci\u00f3n inmediata al problema de desapariciones.<\/p>\n<p style=\"text-align: justify;\">El exfuncionario consider\u00f3 \u00ablamentable\u00bb que la propuesta surja tras un esc\u00e1ndalo medi\u00e1tico, en lugar de derivar de un debate serio sobre el derecho a la identidad, que deber\u00eda tratarse como prioridad y no como ap\u00e9ndice de la agenda de seguridad.<\/p>\n<p style=\"text-align: justify;\">Critic\u00f3 la inacci\u00f3n hist\u00f3rica del Estado para crear sistemas robustos de identificaci\u00f3n y alert\u00f3 sobre el riesgo de que los datos se usen con fines pol\u00edticos, dada la ausencia de un organismo aut\u00f3nomo que los supervise tras la desaparici\u00f3n del INAI.<\/p>\n<p style=\"text-align: justify;\">C\u00f3rdova revel\u00f3 que desarrollar una nueva base biom\u00e9trica costar\u00eda entre 60 mil y 70 mil millones de pesos, y propuso como alternativa eficiente interconectar los registros existentes, como el del INE, que ya ha ayudado a identificar cuerpos en fosas comunes.<\/p>\n<p style=\"text-align: justify;\">Sin embargo, aclar\u00f3 que cualquier intercambio de informaci\u00f3n personal requiere un dictamen forense previo para evitar violaciones a la privacidad.<\/p>\n","protected":false},"excerpt":{"rendered":"<p>M\u00e9xico.- Lorenzo C\u00f3rdova Vianello, exconsejero presidente del INE, cuestion\u00f3 la iniciativa de la presidenta Claudia Sheinbaum de incorporar fotograf\u00eda y huella digital a la CURP como herramienta para localizar personas desaparecidas. Subray\u00f3 que el INE no puede compartir sus bases de datos biom\u00e9tricos con el gobierno federal sin un marco legal claro, y advirti\u00f3 que esta medida no ser\u00eda una soluci\u00f3n inmediata al problema de desapariciones. El exfuncionario consider\u00f3 \u00ablamentable\u00bb que la propuesta surja tras un esc\u00e1ndalo medi\u00e1tico, en lugar de derivar de un debate serio sobre el derecho a la identidad, que deber\u00eda tratarse como prioridad y no como [&hellip;]<\/p>\n","protected":false},"author":2,"featured_media":161586,"comment_status":"closed","ping_status":"closed","sticky":false,"template":"","format":"standard","meta":{"_monsterinsights_skip_tracking":false,"_monsterinsights_sitenote_active":false,"_monsterinsights_sitenote_note":"","_monsterinsights_sitenote_category":0,"footnotes":""},"categories":[46],"tags":[],"class_list":["post-161585","post","type-post","status-publish","format-standard","has-post-thumbnail","hentry","category-nacional","post--single"],"yoast_head":"<!-- This site is optimized with the Yoast SEO plugin v27.5 - https:\/\/yoast.com\/product\/yoast-seo-wordpress\/ -->\n<title>C\u00f3rdova advierte sobre los riesgos de la CURP como herramienta para localizar desaparecidos - Canal 7 SLP - 2025<\/title>\n<meta name=\"robots\" content=\"index, follow, max-snippet:-1, max-image-preview:large, max-video-preview:-1\" \/>\n<link rel=\"canonical\" href=\"https:\/\/canal7slp.tv\/2025\/cordova-advierte-sobre-los-riesgos-de-la-curp-como-herramienta-para-localizar-desaparecidos\/\" \/>\n<meta property=\"og:locale\" content=\"es_ES\" \/>\n<meta property=\"og:type\" content=\"article\" \/>\n<meta property=\"og:title\" content=\"C\u00f3rdova advierte sobre los riesgos de la CURP como herramienta para localizar desaparecidos - Canal 7 SLP - 2025\" \/>\n<meta property=\"og:description\" content=\"M\u00e9xico.- Lorenzo C\u00f3rdova Vianello, exconsejero presidente del INE, cuestion\u00f3 la iniciativa de la presidenta Claudia Sheinbaum de incorporar fotograf\u00eda y huella digital a la CURP como herramienta para localizar personas desaparecidas. Subray\u00f3 que el INE no puede compartir sus bases de datos biom\u00e9tricos con el gobierno federal sin un marco legal claro, y advirti\u00f3 que esta medida no ser\u00eda una soluci\u00f3n inmediata al problema de desapariciones. El exfuncionario consider\u00f3 \u00ablamentable\u00bb que la propuesta surja tras un esc\u00e1ndalo medi\u00e1tico, en lugar de derivar de un debate serio sobre el derecho a la identidad, que deber\u00eda tratarse como prioridad y no como [&hellip;]\" \/>\n<meta property=\"og:url\" content=\"https:\/\/canal7slp.tv\/2025\/cordova-advierte-sobre-los-riesgos-de-la-curp-como-herramienta-para-localizar-desaparecidos\/\" \/>\n<meta property=\"og:site_name\" content=\"Canal 7 SLP - 2025\" \/>\n<meta property=\"article:publisher\" content=\"https:\/\/www.facebook.com\/noticieroscanal7atencionciudadana\/\" \/>\n<meta property=\"article:published_time\" content=\"2025-03-26T21:37:16+00:00\" \/>\n<meta property=\"og:image\" content=\"https:\/\/canal7slp.tv\/2025\/wp-content\/uploads\/2025\/03\/09-17.jpg\" \/>\n\t<meta property=\"og:image:width\" content=\"888\" \/>\n\t<meta property=\"og:image:height\" content=\"500\" \/>\n\t<meta property=\"og:image:type\" content=\"image\/jpeg\" \/>\n<meta name=\"author\" content=\"Edici\u00f3n Web\" \/>\n<meta name=\"twitter:card\" content=\"summary_large_image\" \/>\n<meta name=\"twitter:creator\" content=\"@NOTICIEROS7\" \/>\n<meta name=\"twitter:site\" content=\"@NOTICIEROS7\" \/>\n<meta name=\"twitter:label1\" content=\"Escrito por\" \/>\n\t<meta name=\"twitter:data1\" content=\"Edici\u00f3n Web\" \/>\n\t<meta name=\"twitter:label2\" content=\"Tiempo de lectura\" \/>\n\t<meta name=\"twitter:data2\" content=\"2 minutos\" \/>\n<script type=\"application\/ld+json\" class=\"yoast-schema-graph\">{\"@context\":\"https:\\\/\\\/schema.org\",\"@graph\":[{\"@type\":\"Article\",\"@id\":\"https:\\\/\\\/canal7slp.tv\\\/2025\\\/cordova-advierte-sobre-los-riesgos-de-la-curp-como-herramienta-para-localizar-desaparecidos\\\/#article\",\"isPartOf\":{\"@id\":\"https:\\\/\\\/canal7slp.tv\\\/2025\\\/cordova-advierte-sobre-los-riesgos-de-la-curp-como-herramienta-para-localizar-desaparecidos\\\/\"},\"author\":{\"name\":\"Edici\u00f3n Web\",\"@id\":\"https:\\\/\\\/canal7slp.tv\\\/2025\\\/#\\\/schema\\\/person\\\/271e2b60a96e7cc9d9ac296f4d7e414b\"},\"headline\":\"C\u00f3rdova advierte sobre los riesgos de la CURP como herramienta para localizar desaparecidos\",\"datePublished\":\"2025-03-26T21:37:16+00:00\",\"mainEntityOfPage\":{\"@id\":\"https:\\\/\\\/canal7slp.tv\\\/2025\\\/cordova-advierte-sobre-los-riesgos-de-la-curp-como-herramienta-para-localizar-desaparecidos\\\/\"},\"wordCount\":241,\"publisher\":{\"@id\":\"https:\\\/\\\/canal7slp.tv\\\/2025\\\/#organization\"},\"image\":{\"@id\":\"https:\\\/\\\/canal7slp.tv\\\/2025\\\/cordova-advierte-sobre-los-riesgos-de-la-curp-como-herramienta-para-localizar-desaparecidos\\\/#primaryimage\"},\"thumbnailUrl\":\"https:\\\/\\\/canal7slp.tv\\\/2025\\\/wp-content\\\/uploads\\\/2025\\\/03\\\/09-17.jpg\",\"articleSection\":[\"NACIONALES\"],\"inLanguage\":\"es\"},{\"@type\":\"WebPage\",\"@id\":\"https:\\\/\\\/canal7slp.tv\\\/2025\\\/cordova-advierte-sobre-los-riesgos-de-la-curp-como-herramienta-para-localizar-desaparecidos\\\/\",\"url\":\"https:\\\/\\\/canal7slp.tv\\\/2025\\\/cordova-advierte-sobre-los-riesgos-de-la-curp-como-herramienta-para-localizar-desaparecidos\\\/\",\"name\":\"C\u00f3rdova advierte sobre los riesgos de la CURP como herramienta para localizar desaparecidos - Canal 7 SLP - 2025\",\"isPartOf\":{\"@id\":\"https:\\\/\\\/canal7slp.tv\\\/2025\\\/#website\"},\"primaryImageOfPage\":{\"@id\":\"https:\\\/\\\/canal7slp.tv\\\/2025\\\/cordova-advierte-sobre-los-riesgos-de-la-curp-como-herramienta-para-localizar-desaparecidos\\\/#primaryimage\"},\"image\":{\"@id\":\"https:\\\/\\\/canal7slp.tv\\\/2025\\\/cordova-advierte-sobre-los-riesgos-de-la-curp-como-herramienta-para-localizar-desaparecidos\\\/#primaryimage\"},\"thumbnailUrl\":\"https:\\\/\\\/canal7slp.tv\\\/2025\\\/wp-content\\\/uploads\\\/2025\\\/03\\\/09-17.jpg\",\"datePublished\":\"2025-03-26T21:37:16+00:00\",\"breadcrumb\":{\"@id\":\"https:\\\/\\\/canal7slp.tv\\\/2025\\\/cordova-advierte-sobre-los-riesgos-de-la-curp-como-herramienta-para-localizar-desaparecidos\\\/#breadcrumb\"},\"inLanguage\":\"es\",\"potentialAction\":[{\"@type\":\"ReadAction\",\"target\":[\"https:\\\/\\\/canal7slp.tv\\\/2025\\\/cordova-advierte-sobre-los-riesgos-de-la-curp-como-herramienta-para-localizar-desaparecidos\\\/\"]}]},{\"@type\":\"ImageObject\",\"inLanguage\":\"es\",\"@id\":\"https:\\\/\\\/canal7slp.tv\\\/2025\\\/cordova-advierte-sobre-los-riesgos-de-la-curp-como-herramienta-para-localizar-desaparecidos\\\/#primaryimage\",\"url\":\"https:\\\/\\\/canal7slp.tv\\\/2025\\\/wp-content\\\/uploads\\\/2025\\\/03\\\/09-17.jpg\",\"contentUrl\":\"https:\\\/\\\/canal7slp.tv\\\/2025\\\/wp-content\\\/uploads\\\/2025\\\/03\\\/09-17.jpg\",\"width\":888,\"height\":500},{\"@type\":\"BreadcrumbList\",\"@id\":\"https:\\\/\\\/canal7slp.tv\\\/2025\\\/cordova-advierte-sobre-los-riesgos-de-la-curp-como-herramienta-para-localizar-desaparecidos\\\/#breadcrumb\",\"itemListElement\":[{\"@type\":\"ListItem\",\"position\":1,\"name\":\"Portada\",\"item\":\"https:\\\/\\\/canal7slp.tv\\\/2025\\\/\"},{\"@type\":\"ListItem\",\"position\":2,\"name\":\"C\u00f3rdova advierte sobre los riesgos de la CURP como herramienta para localizar desaparecidos\"}]},{\"@type\":\"WebSite\",\"@id\":\"https:\\\/\\\/canal7slp.tv\\\/2025\\\/#website\",\"url\":\"https:\\\/\\\/canal7slp.tv\\\/2025\\\/\",\"name\":\"N7 - Noticieros Canal 7\",\"description\":\"Somos el Medio\",\"publisher\":{\"@id\":\"https:\\\/\\\/canal7slp.tv\\\/2025\\\/#organization\"},\"potentialAction\":[{\"@type\":\"SearchAction\",\"target\":{\"@type\":\"EntryPoint\",\"urlTemplate\":\"https:\\\/\\\/canal7slp.tv\\\/2025\\\/?s={search_term_string}\"},\"query-input\":{\"@type\":\"PropertyValueSpecification\",\"valueRequired\":true,\"valueName\":\"search_term_string\"}}],\"inLanguage\":\"es\"},{\"@type\":\"Organization\",\"@id\":\"https:\\\/\\\/canal7slp.tv\\\/2025\\\/#organization\",\"name\":\"Noticieros Canal 7\",\"url\":\"https:\\\/\\\/canal7slp.tv\\\/2025\\\/\",\"logo\":{\"@type\":\"ImageObject\",\"inLanguage\":\"es\",\"@id\":\"https:\\\/\\\/canal7slp.tv\\\/2025\\\/#\\\/schema\\\/logo\\\/image\\\/\",\"url\":\"https:\\\/\\\/canal7slp.tv\\\/2025\\\/wp-content\\\/uploads\\\/2021\\\/01\\\/logo-noticieros@2x.png\",\"contentUrl\":\"https:\\\/\\\/canal7slp.tv\\\/2025\\\/wp-content\\\/uploads\\\/2021\\\/01\\\/logo-noticieros@2x.png\",\"width\":1017,\"height\":268,\"caption\":\"Noticieros Canal 7\"},\"image\":{\"@id\":\"https:\\\/\\\/canal7slp.tv\\\/2025\\\/#\\\/schema\\\/logo\\\/image\\\/\"},\"sameAs\":[\"https:\\\/\\\/www.facebook.com\\\/noticieroscanal7atencionciudadana\\\/\",\"https:\\\/\\\/x.com\\\/NOTICIEROS7\",\"https:\\\/\\\/www.instagram.com\\\/canal7_slp\",\"https:\\\/\\\/www.youtube.com\\\/channel\\\/UCliiYs-gP3JfJeqdPrNdd5A\"]},{\"@type\":\"Person\",\"@id\":\"https:\\\/\\\/canal7slp.tv\\\/2025\\\/#\\\/schema\\\/person\\\/271e2b60a96e7cc9d9ac296f4d7e414b\",\"name\":\"Edici\u00f3n Web\",\"image\":{\"@type\":\"ImageObject\",\"inLanguage\":\"es\",\"@id\":\"https:\\\/\\\/secure.gravatar.com\\\/avatar\\\/eee448fc3f7164808013b816ba91ac7e43bbe82a70bebac296f8bc6f0addaa1a?s=96&d=mm&r=g\",\"url\":\"https:\\\/\\\/secure.gravatar.com\\\/avatar\\\/eee448fc3f7164808013b816ba91ac7e43bbe82a70bebac296f8bc6f0addaa1a?s=96&d=mm&r=g\",\"contentUrl\":\"https:\\\/\\\/secure.gravatar.com\\\/avatar\\\/eee448fc3f7164808013b816ba91ac7e43bbe82a70bebac296f8bc6f0addaa1a?s=96&d=mm&r=g\",\"caption\":\"Edici\u00f3n Web\"},\"url\":\"https:\\\/\\\/canal7slp.tv\\\/2025\\\/author\\\/edicionweb\\\/\"}]}<\/script>\n<!-- \/ Yoast SEO plugin. -->","yoast_head_json":{"title":"C\u00f3rdova advierte sobre los riesgos de la CURP como herramienta para localizar desaparecidos - Canal 7 SLP - 2025","robots":{"index":"index","follow":"follow","max-snippet":"max-snippet:-1","max-image-preview":"max-image-preview:large","max-video-preview":"max-video-preview:-1"},"canonical":"https:\/\/canal7slp.tv\/2025\/cordova-advierte-sobre-los-riesgos-de-la-curp-como-herramienta-para-localizar-desaparecidos\/","og_locale":"es_ES","og_type":"article","og_title":"C\u00f3rdova advierte sobre los riesgos de la CURP como herramienta para localizar desaparecidos - Canal 7 SLP - 2025","og_description":"M\u00e9xico.- Lorenzo C\u00f3rdova Vianello, exconsejero presidente del INE, cuestion\u00f3 la iniciativa de la presidenta Claudia Sheinbaum de incorporar fotograf\u00eda y huella digital a la CURP como herramienta para localizar personas desaparecidas. Subray\u00f3 que el INE no puede compartir sus bases de datos biom\u00e9tricos con el gobierno federal sin un marco legal claro, y advirti\u00f3 que esta medida no ser\u00eda una soluci\u00f3n inmediata al problema de desapariciones. El exfuncionario consider\u00f3 \u00ablamentable\u00bb que la propuesta surja tras un esc\u00e1ndalo medi\u00e1tico, en lugar de derivar de un debate serio sobre el derecho a la identidad, que deber\u00eda tratarse como prioridad y no como [&hellip;]","og_url":"https:\/\/canal7slp.tv\/2025\/cordova-advierte-sobre-los-riesgos-de-la-curp-como-herramienta-para-localizar-desaparecidos\/","og_site_name":"Canal 7 SLP - 2025","article_publisher":"https:\/\/www.facebook.com\/noticieroscanal7atencionciudadana\/","article_published_time":"2025-03-26T21:37:16+00:00","og_image":[{"width":888,"height":500,"url":"https:\/\/canal7slp.tv\/2025\/wp-content\/uploads\/2025\/03\/09-17.jpg","type":"image\/jpeg"}],"author":"Edici\u00f3n Web","twitter_card":"summary_large_image","twitter_creator":"@NOTICIEROS7","twitter_site":"@NOTICIEROS7","twitter_misc":{"Escrito por":"Edici\u00f3n Web","Tiempo de lectura":"2 minutos"},"schema":{"@context":"https:\/\/schema.org","@graph":[{"@type":"Article","@id":"https:\/\/canal7slp.tv\/2025\/cordova-advierte-sobre-los-riesgos-de-la-curp-como-herramienta-para-localizar-desaparecidos\/#article","isPartOf":{"@id":"https:\/\/canal7slp.tv\/2025\/cordova-advierte-sobre-los-riesgos-de-la-curp-como-herramienta-para-localizar-desaparecidos\/"},"author":{"name":"Edici\u00f3n Web","@id":"https:\/\/canal7slp.tv\/2025\/#\/schema\/person\/271e2b60a96e7cc9d9ac296f4d7e414b"},"headline":"C\u00f3rdova advierte sobre los riesgos de la CURP como herramienta para localizar desaparecidos","datePublished":"2025-03-26T21:37:16+00:00","mainEntityOfPage":{"@id":"https:\/\/canal7slp.tv\/2025\/cordova-advierte-sobre-los-riesgos-de-la-curp-como-herramienta-para-localizar-desaparecidos\/"},"wordCount":241,"publisher":{"@id":"https:\/\/canal7slp.tv\/2025\/#organization"},"image":{"@id":"https:\/\/canal7slp.tv\/2025\/cordova-advierte-sobre-los-riesgos-de-la-curp-como-herramienta-para-localizar-desaparecidos\/#primaryimage"},"thumbnailUrl":"https:\/\/canal7slp.tv\/2025\/wp-content\/uploads\/2025\/03\/09-17.jpg","articleSection":["NACIONALES"],"inLanguage":"es"},{"@type":"WebPage","@id":"https:\/\/canal7slp.tv\/2025\/cordova-advierte-sobre-los-riesgos-de-la-curp-como-herramienta-para-localizar-desaparecidos\/","url":"https:\/\/canal7slp.tv\/2025\/cordova-advierte-sobre-los-riesgos-de-la-curp-como-herramienta-para-localizar-desaparecidos\/","name":"C\u00f3rdova advierte sobre los riesgos de la CURP como herramienta para localizar desaparecidos - Canal 7 SLP - 2025","isPartOf":{"@id":"https:\/\/canal7slp.tv\/2025\/#website"},"primaryImageOfPage":{"@id":"https:\/\/canal7slp.tv\/2025\/cordova-advierte-sobre-los-riesgos-de-la-curp-como-herramienta-para-localizar-desaparecidos\/#primaryimage"},"image":{"@id":"https:\/\/canal7slp.tv\/2025\/cordova-advierte-sobre-los-riesgos-de-la-curp-como-herramienta-para-localizar-desaparecidos\/#primaryimage"},"thumbnailUrl":"https:\/\/canal7slp.tv\/2025\/wp-content\/uploads\/2025\/03\/09-17.jpg","datePublished":"2025-03-26T21:37:16+00:00","breadcrumb":{"@id":"https:\/\/canal7slp.tv\/2025\/cordova-advierte-sobre-los-riesgos-de-la-curp-como-herramienta-para-localizar-desaparecidos\/#breadcrumb"},"inLanguage":"es","potentialAction":[{"@type":"ReadAction","target":["https:\/\/canal7slp.tv\/2025\/cordova-advierte-sobre-los-riesgos-de-la-curp-como-herramienta-para-localizar-desaparecidos\/"]}]},{"@type":"ImageObject","inLanguage":"es","@id":"https:\/\/canal7slp.tv\/2025\/cordova-advierte-sobre-los-riesgos-de-la-curp-como-herramienta-para-localizar-desaparecidos\/#primaryimage","url":"https:\/\/canal7slp.tv\/2025\/wp-content\/uploads\/2025\/03\/09-17.jpg","contentUrl":"https:\/\/canal7slp.tv\/2025\/wp-content\/uploads\/2025\/03\/09-17.jpg","width":888,"height":500},{"@type":"BreadcrumbList","@id":"https:\/\/canal7slp.tv\/2025\/cordova-advierte-sobre-los-riesgos-de-la-curp-como-herramienta-para-localizar-desaparecidos\/#breadcrumb","itemListElement":[{"@type":"ListItem","position":1,"name":"Portada","item":"https:\/\/canal7slp.tv\/2025\/"},{"@type":"ListItem","position":2,"name":"C\u00f3rdova advierte sobre los riesgos de la CURP como herramienta para localizar desaparecidos"}]},{"@type":"WebSite","@id":"https:\/\/canal7slp.tv\/2025\/#website","url":"https:\/\/canal7slp.tv\/2025\/","name":"N7 - Noticieros Canal 7","description":"Somos el Medio","publisher":{"@id":"https:\/\/canal7slp.tv\/2025\/#organization"},"potentialAction":[{"@type":"SearchAction","target":{"@type":"EntryPoint","urlTemplate":"https:\/\/canal7slp.tv\/2025\/?s={search_term_string}"},"query-input":{"@type":"PropertyValueSpecification","valueRequired":true,"valueName":"search_term_string"}}],"inLanguage":"es"},{"@type":"Organization","@id":"https:\/\/canal7slp.tv\/2025\/#organization","name":"Noticieros Canal 7","url":"https:\/\/canal7slp.tv\/2025\/","logo":{"@type":"ImageObject","inLanguage":"es","@id":"https:\/\/canal7slp.tv\/2025\/#\/schema\/logo\/image\/","url":"https:\/\/canal7slp.tv\/2025\/wp-content\/uploads\/2021\/01\/logo-noticieros@2x.png","contentUrl":"https:\/\/canal7slp.tv\/2025\/wp-content\/uploads\/2021\/01\/logo-noticieros@2x.png","width":1017,"height":268,"caption":"Noticieros Canal 7"},"image":{"@id":"https:\/\/canal7slp.tv\/2025\/#\/schema\/logo\/image\/"},"sameAs":["https:\/\/www.facebook.com\/noticieroscanal7atencionciudadana\/","https:\/\/x.com\/NOTICIEROS7","https:\/\/www.instagram.com\/canal7_slp","https:\/\/www.youtube.com\/channel\/UCliiYs-gP3JfJeqdPrNdd5A"]},{"@type":"Person","@id":"https:\/\/canal7slp.tv\/2025\/#\/schema\/person\/271e2b60a96e7cc9d9ac296f4d7e414b","name":"Edici\u00f3n Web","image":{"@type":"ImageObject","inLanguage":"es","@id":"https:\/\/secure.gravatar.com\/avatar\/eee448fc3f7164808013b816ba91ac7e43bbe82a70bebac296f8bc6f0addaa1a?s=96&d=mm&r=g","url":"https:\/\/secure.gravatar.com\/avatar\/eee448fc3f7164808013b816ba91ac7e43bbe82a70bebac296f8bc6f0addaa1a?s=96&d=mm&r=g","contentUrl":"https:\/\/secure.gravatar.com\/avatar\/eee448fc3f7164808013b816ba91ac7e43bbe82a70bebac296f8bc6f0addaa1a?s=96&d=mm&r=g","caption":"Edici\u00f3n Web"},"url":"https:\/\/canal7slp.tv\/2025\/author\/edicionweb\/"}]}},"_links":{"self":[{"href":"https:\/\/canal7slp.tv\/2025\/wp-json\/wp\/v2\/posts\/161585","targetHints":{"allow":["GET"]}}],"collection":[{"href":"https:\/\/canal7slp.tv\/2025\/wp-json\/wp\/v2\/posts"}],"about":[{"href":"https:\/\/canal7slp.tv\/2025\/wp-json\/wp\/v2\/types\/post"}],"author":[{"embeddable":true,"href":"https:\/\/canal7slp.tv\/2025\/wp-json\/wp\/v2\/users\/2"}],"replies":[{"embeddable":true,"href":"https:\/\/canal7slp.tv\/2025\/wp-json\/wp\/v2\/comments?post=161585"}],"version-history":[{"count":1,"href":"https:\/\/canal7slp.tv\/2025\/wp-json\/wp\/v2\/posts\/161585\/revisions"}],"predecessor-version":[{"id":161588,"href":"https:\/\/canal7slp.tv\/2025\/wp-json\/wp\/v2\/posts\/161585\/revisions\/161588"}],"wp:featuredmedia":[{"embeddable":true,"href":"https:\/\/canal7slp.tv\/2025\/wp-json\/wp\/v2\/media\/161586"}],"wp:attachment":[{"href":"https:\/\/canal7slp.tv\/2025\/wp-json\/wp\/v2\/media?parent=161585"}],"wp:term":[{"taxonomy":"category","embeddable":true,"href":"https:\/\/canal7slp.tv\/2025\/wp-json\/wp\/v2\/categories?post=161585"},{"taxonomy":"post_tag","embeddable":true,"href":"https:\/\/canal7slp.tv\/2025\/wp-json\/wp\/v2\/tags?post=161585"}],"curies":[{"name":"wp","href":"https:\/\/api.w.org\/{rel}","templated":true}]}}