{"id":161579,"date":"2025-03-26T15:02:57","date_gmt":"2025-03-26T21:02:57","guid":{"rendered":"https:\/\/canal7slp.tv\/2025\/?p=161579"},"modified":"2025-03-26T15:02:57","modified_gmt":"2025-03-26T21:02:57","slug":"capturan-en-sonora-a-el-ponchis-lider-de-celula-del-cartel-de-sinaloa","status":"publish","type":"post","link":"https:\/\/canal7slp.tv\/2025\/capturan-en-sonora-a-el-ponchis-lider-de-celula-del-cartel-de-sinaloa\/","title":{"rendered":"Capturan en Sonora a \u00abEl Ponchis\u00bb, l\u00edder de c\u00e9lula del C\u00e1rtel de Sinaloa"},"content":{"rendered":"<p style=\"text-align: justify;\">Hermosillo.- En un operativo conjunto realizado este 25 de marzo en Hermosillo, fuerzas federales y estatales detuvieron a Salu Francisco Hern\u00e1ndez Tenorio, alias\u00a0\u00abEl Ponchis\u00bb\u00a0o\u00a0\u00abEl Fantasma\u00bb, presunto l\u00edder de la organizaci\u00f3n criminal Los Salazar, afiliada al C\u00e1rtel de Sinaloa.<\/p>\n<p style=\"text-align: justify;\">La acci\u00f3n fue coordinada entre el Ej\u00e9rcito Mexicano, la Guardia Nacional y la AMIC, con apoyo de inteligencia militar desde la Ciudad de M\u00e9xico.<\/p>\n<p style=\"text-align: justify;\">El detenido, quien contaba con cuatro \u00f3rdenes de aprehensi\u00f3n y una recompensa de 500 mil pesos, es acusado de homicidio calificado y asociaci\u00f3n delictuosa.<\/p>\n<p style=\"text-align: justify;\">Durante el operativo, intent\u00f3 huir en veh\u00edculo, choc\u00f3 y fue capturado tras una persecuci\u00f3n a pie. Junto a \u00e9l fue arrestado Rodolfo \u00abN\u00bb,\u00a0\u00abEl Cachuchas\u00bb, tambi\u00e9n considerado objetivo prioritario.<\/p>\n<p style=\"text-align: justify;\">El gobernador Alfonso Durazo calific\u00f3 la detenci\u00f3n como \u00abun golpe contundente al crimen organizado\u00bb y reafirm\u00f3 el compromiso del gobierno para recuperar la paz en Sonora.<\/p>\n","protected":false},"excerpt":{"rendered":"<p>Hermosillo.- En un operativo conjunto realizado este 25 de marzo en Hermosillo, fuerzas federales y estatales detuvieron a Salu Francisco Hern\u00e1ndez Tenorio, alias\u00a0\u00abEl Ponchis\u00bb\u00a0o\u00a0\u00abEl Fantasma\u00bb, presunto l\u00edder de la organizaci\u00f3n criminal Los Salazar, afiliada al C\u00e1rtel de Sinaloa. La acci\u00f3n fue coordinada entre el Ej\u00e9rcito Mexicano, la Guardia Nacional y la AMIC, con apoyo de inteligencia militar desde la Ciudad de M\u00e9xico. El detenido, quien contaba con cuatro \u00f3rdenes de aprehensi\u00f3n y una recompensa de 500 mil pesos, es acusado de homicidio calificado y asociaci\u00f3n delictuosa. Durante el operativo, intent\u00f3 huir en veh\u00edculo, choc\u00f3 y fue capturado tras una persecuci\u00f3n [&hellip;]<\/p>\n","protected":false},"author":2,"featured_media":161580,"comment_status":"closed","ping_status":"closed","sticky":false,"template":"","format":"standard","meta":{"_monsterinsights_skip_tracking":false,"_monsterinsights_sitenote_active":false,"_monsterinsights_sitenote_note":"","_monsterinsights_sitenote_category":0,"footnotes":""},"categories":[46],"tags":[],"class_list":["post-161579","post","type-post","status-publish","format-standard","has-post-thumbnail","hentry","category-nacional","post--single"],"yoast_head":"<!-- This site is optimized with the Yoast SEO plugin v27.5 - https:\/\/yoast.com\/product\/yoast-seo-wordpress\/ -->\n<title>Capturan en Sonora a &quot;El Ponchis&quot;, l\u00edder de c\u00e9lula del C\u00e1rtel de Sinaloa - Canal 7 SLP - 2025<\/title>\n<meta name=\"robots\" content=\"index, follow, max-snippet:-1, max-image-preview:large, max-video-preview:-1\" \/>\n<link rel=\"canonical\" href=\"https:\/\/canal7slp.tv\/2025\/capturan-en-sonora-a-el-ponchis-lider-de-celula-del-cartel-de-sinaloa\/\" \/>\n<meta property=\"og:locale\" content=\"es_ES\" \/>\n<meta property=\"og:type\" content=\"article\" \/>\n<meta property=\"og:title\" content=\"Capturan en Sonora a &quot;El Ponchis&quot;, l\u00edder de c\u00e9lula del C\u00e1rtel de Sinaloa - Canal 7 SLP - 2025\" \/>\n<meta property=\"og:description\" content=\"Hermosillo.- En un operativo conjunto realizado este 25 de marzo en Hermosillo, fuerzas federales y estatales detuvieron a Salu Francisco Hern\u00e1ndez Tenorio, alias\u00a0\u00abEl Ponchis\u00bb\u00a0o\u00a0\u00abEl Fantasma\u00bb, presunto l\u00edder de la organizaci\u00f3n criminal Los Salazar, afiliada al C\u00e1rtel de Sinaloa. La acci\u00f3n fue coordinada entre el Ej\u00e9rcito Mexicano, la Guardia Nacional y la AMIC, con apoyo de inteligencia militar desde la Ciudad de M\u00e9xico. El detenido, quien contaba con cuatro \u00f3rdenes de aprehensi\u00f3n y una recompensa de 500 mil pesos, es acusado de homicidio calificado y asociaci\u00f3n delictuosa. Durante el operativo, intent\u00f3 huir en veh\u00edculo, choc\u00f3 y fue capturado tras una persecuci\u00f3n [&hellip;]\" \/>\n<meta property=\"og:url\" content=\"https:\/\/canal7slp.tv\/2025\/capturan-en-sonora-a-el-ponchis-lider-de-celula-del-cartel-de-sinaloa\/\" \/>\n<meta property=\"og:site_name\" content=\"Canal 7 SLP - 2025\" \/>\n<meta property=\"article:publisher\" content=\"https:\/\/www.facebook.com\/noticieroscanal7atencionciudadana\/\" \/>\n<meta property=\"article:published_time\" content=\"2025-03-26T21:02:57+00:00\" \/>\n<meta property=\"og:image\" content=\"https:\/\/canal7slp.tv\/2025\/wp-content\/uploads\/2025\/03\/06-18.jpg\" \/>\n\t<meta property=\"og:image:width\" content=\"716\" \/>\n\t<meta property=\"og:image:height\" content=\"410\" \/>\n\t<meta property=\"og:image:type\" content=\"image\/jpeg\" \/>\n<meta name=\"author\" content=\"Edici\u00f3n Web\" \/>\n<meta name=\"twitter:card\" content=\"summary_large_image\" \/>\n<meta name=\"twitter:creator\" content=\"@NOTICIEROS7\" \/>\n<meta name=\"twitter:site\" content=\"@NOTICIEROS7\" \/>\n<meta name=\"twitter:label1\" content=\"Escrito por\" \/>\n\t<meta name=\"twitter:data1\" content=\"Edici\u00f3n Web\" \/>\n\t<meta name=\"twitter:label2\" content=\"Tiempo de lectura\" \/>\n\t<meta name=\"twitter:data2\" content=\"1 minuto\" \/>\n<script type=\"application\/ld+json\" class=\"yoast-schema-graph\">{\"@context\":\"https:\\\/\\\/schema.org\",\"@graph\":[{\"@type\":\"Article\",\"@id\":\"https:\\\/\\\/canal7slp.tv\\\/2025\\\/capturan-en-sonora-a-el-ponchis-lider-de-celula-del-cartel-de-sinaloa\\\/#article\",\"isPartOf\":{\"@id\":\"https:\\\/\\\/canal7slp.tv\\\/2025\\\/capturan-en-sonora-a-el-ponchis-lider-de-celula-del-cartel-de-sinaloa\\\/\"},\"author\":{\"name\":\"Edici\u00f3n Web\",\"@id\":\"https:\\\/\\\/canal7slp.tv\\\/2025\\\/#\\\/schema\\\/person\\\/271e2b60a96e7cc9d9ac296f4d7e414b\"},\"headline\":\"Capturan en Sonora a \u00abEl Ponchis\u00bb, l\u00edder de c\u00e9lula del C\u00e1rtel de Sinaloa\",\"datePublished\":\"2025-03-26T21:02:57+00:00\",\"mainEntityOfPage\":{\"@id\":\"https:\\\/\\\/canal7slp.tv\\\/2025\\\/capturan-en-sonora-a-el-ponchis-lider-de-celula-del-cartel-de-sinaloa\\\/\"},\"wordCount\":172,\"publisher\":{\"@id\":\"https:\\\/\\\/canal7slp.tv\\\/2025\\\/#organization\"},\"image\":{\"@id\":\"https:\\\/\\\/canal7slp.tv\\\/2025\\\/capturan-en-sonora-a-el-ponchis-lider-de-celula-del-cartel-de-sinaloa\\\/#primaryimage\"},\"thumbnailUrl\":\"https:\\\/\\\/canal7slp.tv\\\/2025\\\/wp-content\\\/uploads\\\/2025\\\/03\\\/06-18.jpg\",\"articleSection\":[\"NACIONALES\"],\"inLanguage\":\"es\"},{\"@type\":\"WebPage\",\"@id\":\"https:\\\/\\\/canal7slp.tv\\\/2025\\\/capturan-en-sonora-a-el-ponchis-lider-de-celula-del-cartel-de-sinaloa\\\/\",\"url\":\"https:\\\/\\\/canal7slp.tv\\\/2025\\\/capturan-en-sonora-a-el-ponchis-lider-de-celula-del-cartel-de-sinaloa\\\/\",\"name\":\"Capturan en Sonora a \\\"El Ponchis\\\", l\u00edder de c\u00e9lula del C\u00e1rtel de Sinaloa - Canal 7 SLP - 2025\",\"isPartOf\":{\"@id\":\"https:\\\/\\\/canal7slp.tv\\\/2025\\\/#website\"},\"primaryImageOfPage\":{\"@id\":\"https:\\\/\\\/canal7slp.tv\\\/2025\\\/capturan-en-sonora-a-el-ponchis-lider-de-celula-del-cartel-de-sinaloa\\\/#primaryimage\"},\"image\":{\"@id\":\"https:\\\/\\\/canal7slp.tv\\\/2025\\\/capturan-en-sonora-a-el-ponchis-lider-de-celula-del-cartel-de-sinaloa\\\/#primaryimage\"},\"thumbnailUrl\":\"https:\\\/\\\/canal7slp.tv\\\/2025\\\/wp-content\\\/uploads\\\/2025\\\/03\\\/06-18.jpg\",\"datePublished\":\"2025-03-26T21:02:57+00:00\",\"breadcrumb\":{\"@id\":\"https:\\\/\\\/canal7slp.tv\\\/2025\\\/capturan-en-sonora-a-el-ponchis-lider-de-celula-del-cartel-de-sinaloa\\\/#breadcrumb\"},\"inLanguage\":\"es\",\"potentialAction\":[{\"@type\":\"ReadAction\",\"target\":[\"https:\\\/\\\/canal7slp.tv\\\/2025\\\/capturan-en-sonora-a-el-ponchis-lider-de-celula-del-cartel-de-sinaloa\\\/\"]}]},{\"@type\":\"ImageObject\",\"inLanguage\":\"es\",\"@id\":\"https:\\\/\\\/canal7slp.tv\\\/2025\\\/capturan-en-sonora-a-el-ponchis-lider-de-celula-del-cartel-de-sinaloa\\\/#primaryimage\",\"url\":\"https:\\\/\\\/canal7slp.tv\\\/2025\\\/wp-content\\\/uploads\\\/2025\\\/03\\\/06-18.jpg\",\"contentUrl\":\"https:\\\/\\\/canal7slp.tv\\\/2025\\\/wp-content\\\/uploads\\\/2025\\\/03\\\/06-18.jpg\",\"width\":716,\"height\":410},{\"@type\":\"BreadcrumbList\",\"@id\":\"https:\\\/\\\/canal7slp.tv\\\/2025\\\/capturan-en-sonora-a-el-ponchis-lider-de-celula-del-cartel-de-sinaloa\\\/#breadcrumb\",\"itemListElement\":[{\"@type\":\"ListItem\",\"position\":1,\"name\":\"Portada\",\"item\":\"https:\\\/\\\/canal7slp.tv\\\/2025\\\/\"},{\"@type\":\"ListItem\",\"position\":2,\"name\":\"Capturan en Sonora a \u00abEl Ponchis\u00bb, l\u00edder de c\u00e9lula del C\u00e1rtel de Sinaloa\"}]},{\"@type\":\"WebSite\",\"@id\":\"https:\\\/\\\/canal7slp.tv\\\/2025\\\/#website\",\"url\":\"https:\\\/\\\/canal7slp.tv\\\/2025\\\/\",\"name\":\"N7 - Noticieros Canal 7\",\"description\":\"Somos el Medio\",\"publisher\":{\"@id\":\"https:\\\/\\\/canal7slp.tv\\\/2025\\\/#organization\"},\"potentialAction\":[{\"@type\":\"SearchAction\",\"target\":{\"@type\":\"EntryPoint\",\"urlTemplate\":\"https:\\\/\\\/canal7slp.tv\\\/2025\\\/?s={search_term_string}\"},\"query-input\":{\"@type\":\"PropertyValueSpecification\",\"valueRequired\":true,\"valueName\":\"search_term_string\"}}],\"inLanguage\":\"es\"},{\"@type\":\"Organization\",\"@id\":\"https:\\\/\\\/canal7slp.tv\\\/2025\\\/#organization\",\"name\":\"Noticieros Canal 7\",\"url\":\"https:\\\/\\\/canal7slp.tv\\\/2025\\\/\",\"logo\":{\"@type\":\"ImageObject\",\"inLanguage\":\"es\",\"@id\":\"https:\\\/\\\/canal7slp.tv\\\/2025\\\/#\\\/schema\\\/logo\\\/image\\\/\",\"url\":\"https:\\\/\\\/canal7slp.tv\\\/2025\\\/wp-content\\\/uploads\\\/2021\\\/01\\\/logo-noticieros@2x.png\",\"contentUrl\":\"https:\\\/\\\/canal7slp.tv\\\/2025\\\/wp-content\\\/uploads\\\/2021\\\/01\\\/logo-noticieros@2x.png\",\"width\":1017,\"height\":268,\"caption\":\"Noticieros Canal 7\"},\"image\":{\"@id\":\"https:\\\/\\\/canal7slp.tv\\\/2025\\\/#\\\/schema\\\/logo\\\/image\\\/\"},\"sameAs\":[\"https:\\\/\\\/www.facebook.com\\\/noticieroscanal7atencionciudadana\\\/\",\"https:\\\/\\\/x.com\\\/NOTICIEROS7\",\"https:\\\/\\\/www.instagram.com\\\/canal7_slp\",\"https:\\\/\\\/www.youtube.com\\\/channel\\\/UCliiYs-gP3JfJeqdPrNdd5A\"]},{\"@type\":\"Person\",\"@id\":\"https:\\\/\\\/canal7slp.tv\\\/2025\\\/#\\\/schema\\\/person\\\/271e2b60a96e7cc9d9ac296f4d7e414b\",\"name\":\"Edici\u00f3n Web\",\"image\":{\"@type\":\"ImageObject\",\"inLanguage\":\"es\",\"@id\":\"https:\\\/\\\/secure.gravatar.com\\\/avatar\\\/eee448fc3f7164808013b816ba91ac7e43bbe82a70bebac296f8bc6f0addaa1a?s=96&d=mm&r=g\",\"url\":\"https:\\\/\\\/secure.gravatar.com\\\/avatar\\\/eee448fc3f7164808013b816ba91ac7e43bbe82a70bebac296f8bc6f0addaa1a?s=96&d=mm&r=g\",\"contentUrl\":\"https:\\\/\\\/secure.gravatar.com\\\/avatar\\\/eee448fc3f7164808013b816ba91ac7e43bbe82a70bebac296f8bc6f0addaa1a?s=96&d=mm&r=g\",\"caption\":\"Edici\u00f3n Web\"},\"url\":\"https:\\\/\\\/canal7slp.tv\\\/2025\\\/author\\\/edicionweb\\\/\"}]}<\/script>\n<!-- \/ Yoast SEO plugin. -->","yoast_head_json":{"title":"Capturan en Sonora a \"El Ponchis\", l\u00edder de c\u00e9lula del C\u00e1rtel de Sinaloa - Canal 7 SLP - 2025","robots":{"index":"index","follow":"follow","max-snippet":"max-snippet:-1","max-image-preview":"max-image-preview:large","max-video-preview":"max-video-preview:-1"},"canonical":"https:\/\/canal7slp.tv\/2025\/capturan-en-sonora-a-el-ponchis-lider-de-celula-del-cartel-de-sinaloa\/","og_locale":"es_ES","og_type":"article","og_title":"Capturan en Sonora a \"El Ponchis\", l\u00edder de c\u00e9lula del C\u00e1rtel de Sinaloa - Canal 7 SLP - 2025","og_description":"Hermosillo.- En un operativo conjunto realizado este 25 de marzo en Hermosillo, fuerzas federales y estatales detuvieron a Salu Francisco Hern\u00e1ndez Tenorio, alias\u00a0\u00abEl Ponchis\u00bb\u00a0o\u00a0\u00abEl Fantasma\u00bb, presunto l\u00edder de la organizaci\u00f3n criminal Los Salazar, afiliada al C\u00e1rtel de Sinaloa. La acci\u00f3n fue coordinada entre el Ej\u00e9rcito Mexicano, la Guardia Nacional y la AMIC, con apoyo de inteligencia militar desde la Ciudad de M\u00e9xico. El detenido, quien contaba con cuatro \u00f3rdenes de aprehensi\u00f3n y una recompensa de 500 mil pesos, es acusado de homicidio calificado y asociaci\u00f3n delictuosa. Durante el operativo, intent\u00f3 huir en veh\u00edculo, choc\u00f3 y fue capturado tras una persecuci\u00f3n [&hellip;]","og_url":"https:\/\/canal7slp.tv\/2025\/capturan-en-sonora-a-el-ponchis-lider-de-celula-del-cartel-de-sinaloa\/","og_site_name":"Canal 7 SLP - 2025","article_publisher":"https:\/\/www.facebook.com\/noticieroscanal7atencionciudadana\/","article_published_time":"2025-03-26T21:02:57+00:00","og_image":[{"width":716,"height":410,"url":"https:\/\/canal7slp.tv\/2025\/wp-content\/uploads\/2025\/03\/06-18.jpg","type":"image\/jpeg"}],"author":"Edici\u00f3n Web","twitter_card":"summary_large_image","twitter_creator":"@NOTICIEROS7","twitter_site":"@NOTICIEROS7","twitter_misc":{"Escrito por":"Edici\u00f3n Web","Tiempo de lectura":"1 minuto"},"schema":{"@context":"https:\/\/schema.org","@graph":[{"@type":"Article","@id":"https:\/\/canal7slp.tv\/2025\/capturan-en-sonora-a-el-ponchis-lider-de-celula-del-cartel-de-sinaloa\/#article","isPartOf":{"@id":"https:\/\/canal7slp.tv\/2025\/capturan-en-sonora-a-el-ponchis-lider-de-celula-del-cartel-de-sinaloa\/"},"author":{"name":"Edici\u00f3n Web","@id":"https:\/\/canal7slp.tv\/2025\/#\/schema\/person\/271e2b60a96e7cc9d9ac296f4d7e414b"},"headline":"Capturan en Sonora a \u00abEl Ponchis\u00bb, l\u00edder de c\u00e9lula del C\u00e1rtel de Sinaloa","datePublished":"2025-03-26T21:02:57+00:00","mainEntityOfPage":{"@id":"https:\/\/canal7slp.tv\/2025\/capturan-en-sonora-a-el-ponchis-lider-de-celula-del-cartel-de-sinaloa\/"},"wordCount":172,"publisher":{"@id":"https:\/\/canal7slp.tv\/2025\/#organization"},"image":{"@id":"https:\/\/canal7slp.tv\/2025\/capturan-en-sonora-a-el-ponchis-lider-de-celula-del-cartel-de-sinaloa\/#primaryimage"},"thumbnailUrl":"https:\/\/canal7slp.tv\/2025\/wp-content\/uploads\/2025\/03\/06-18.jpg","articleSection":["NACIONALES"],"inLanguage":"es"},{"@type":"WebPage","@id":"https:\/\/canal7slp.tv\/2025\/capturan-en-sonora-a-el-ponchis-lider-de-celula-del-cartel-de-sinaloa\/","url":"https:\/\/canal7slp.tv\/2025\/capturan-en-sonora-a-el-ponchis-lider-de-celula-del-cartel-de-sinaloa\/","name":"Capturan en Sonora a \"El Ponchis\", l\u00edder de c\u00e9lula del C\u00e1rtel de Sinaloa - Canal 7 SLP - 2025","isPartOf":{"@id":"https:\/\/canal7slp.tv\/2025\/#website"},"primaryImageOfPage":{"@id":"https:\/\/canal7slp.tv\/2025\/capturan-en-sonora-a-el-ponchis-lider-de-celula-del-cartel-de-sinaloa\/#primaryimage"},"image":{"@id":"https:\/\/canal7slp.tv\/2025\/capturan-en-sonora-a-el-ponchis-lider-de-celula-del-cartel-de-sinaloa\/#primaryimage"},"thumbnailUrl":"https:\/\/canal7slp.tv\/2025\/wp-content\/uploads\/2025\/03\/06-18.jpg","datePublished":"2025-03-26T21:02:57+00:00","breadcrumb":{"@id":"https:\/\/canal7slp.tv\/2025\/capturan-en-sonora-a-el-ponchis-lider-de-celula-del-cartel-de-sinaloa\/#breadcrumb"},"inLanguage":"es","potentialAction":[{"@type":"ReadAction","target":["https:\/\/canal7slp.tv\/2025\/capturan-en-sonora-a-el-ponchis-lider-de-celula-del-cartel-de-sinaloa\/"]}]},{"@type":"ImageObject","inLanguage":"es","@id":"https:\/\/canal7slp.tv\/2025\/capturan-en-sonora-a-el-ponchis-lider-de-celula-del-cartel-de-sinaloa\/#primaryimage","url":"https:\/\/canal7slp.tv\/2025\/wp-content\/uploads\/2025\/03\/06-18.jpg","contentUrl":"https:\/\/canal7slp.tv\/2025\/wp-content\/uploads\/2025\/03\/06-18.jpg","width":716,"height":410},{"@type":"BreadcrumbList","@id":"https:\/\/canal7slp.tv\/2025\/capturan-en-sonora-a-el-ponchis-lider-de-celula-del-cartel-de-sinaloa\/#breadcrumb","itemListElement":[{"@type":"ListItem","position":1,"name":"Portada","item":"https:\/\/canal7slp.tv\/2025\/"},{"@type":"ListItem","position":2,"name":"Capturan en Sonora a \u00abEl Ponchis\u00bb, l\u00edder de c\u00e9lula del C\u00e1rtel de Sinaloa"}]},{"@type":"WebSite","@id":"https:\/\/canal7slp.tv\/2025\/#website","url":"https:\/\/canal7slp.tv\/2025\/","name":"N7 - Noticieros Canal 7","description":"Somos el Medio","publisher":{"@id":"https:\/\/canal7slp.tv\/2025\/#organization"},"potentialAction":[{"@type":"SearchAction","target":{"@type":"EntryPoint","urlTemplate":"https:\/\/canal7slp.tv\/2025\/?s={search_term_string}"},"query-input":{"@type":"PropertyValueSpecification","valueRequired":true,"valueName":"search_term_string"}}],"inLanguage":"es"},{"@type":"Organization","@id":"https:\/\/canal7slp.tv\/2025\/#organization","name":"Noticieros Canal 7","url":"https:\/\/canal7slp.tv\/2025\/","logo":{"@type":"ImageObject","inLanguage":"es","@id":"https:\/\/canal7slp.tv\/2025\/#\/schema\/logo\/image\/","url":"https:\/\/canal7slp.tv\/2025\/wp-content\/uploads\/2021\/01\/logo-noticieros@2x.png","contentUrl":"https:\/\/canal7slp.tv\/2025\/wp-content\/uploads\/2021\/01\/logo-noticieros@2x.png","width":1017,"height":268,"caption":"Noticieros Canal 7"},"image":{"@id":"https:\/\/canal7slp.tv\/2025\/#\/schema\/logo\/image\/"},"sameAs":["https:\/\/www.facebook.com\/noticieroscanal7atencionciudadana\/","https:\/\/x.com\/NOTICIEROS7","https:\/\/www.instagram.com\/canal7_slp","https:\/\/www.youtube.com\/channel\/UCliiYs-gP3JfJeqdPrNdd5A"]},{"@type":"Person","@id":"https:\/\/canal7slp.tv\/2025\/#\/schema\/person\/271e2b60a96e7cc9d9ac296f4d7e414b","name":"Edici\u00f3n Web","image":{"@type":"ImageObject","inLanguage":"es","@id":"https:\/\/secure.gravatar.com\/avatar\/eee448fc3f7164808013b816ba91ac7e43bbe82a70bebac296f8bc6f0addaa1a?s=96&d=mm&r=g","url":"https:\/\/secure.gravatar.com\/avatar\/eee448fc3f7164808013b816ba91ac7e43bbe82a70bebac296f8bc6f0addaa1a?s=96&d=mm&r=g","contentUrl":"https:\/\/secure.gravatar.com\/avatar\/eee448fc3f7164808013b816ba91ac7e43bbe82a70bebac296f8bc6f0addaa1a?s=96&d=mm&r=g","caption":"Edici\u00f3n Web"},"url":"https:\/\/canal7slp.tv\/2025\/author\/edicionweb\/"}]}},"_links":{"self":[{"href":"https:\/\/canal7slp.tv\/2025\/wp-json\/wp\/v2\/posts\/161579","targetHints":{"allow":["GET"]}}],"collection":[{"href":"https:\/\/canal7slp.tv\/2025\/wp-json\/wp\/v2\/posts"}],"about":[{"href":"https:\/\/canal7slp.tv\/2025\/wp-json\/wp\/v2\/types\/post"}],"author":[{"embeddable":true,"href":"https:\/\/canal7slp.tv\/2025\/wp-json\/wp\/v2\/users\/2"}],"replies":[{"embeddable":true,"href":"https:\/\/canal7slp.tv\/2025\/wp-json\/wp\/v2\/comments?post=161579"}],"version-history":[{"count":1,"href":"https:\/\/canal7slp.tv\/2025\/wp-json\/wp\/v2\/posts\/161579\/revisions"}],"predecessor-version":[{"id":161581,"href":"https:\/\/canal7slp.tv\/2025\/wp-json\/wp\/v2\/posts\/161579\/revisions\/161581"}],"wp:featuredmedia":[{"embeddable":true,"href":"https:\/\/canal7slp.tv\/2025\/wp-json\/wp\/v2\/media\/161580"}],"wp:attachment":[{"href":"https:\/\/canal7slp.tv\/2025\/wp-json\/wp\/v2\/media?parent=161579"}],"wp:term":[{"taxonomy":"category","embeddable":true,"href":"https:\/\/canal7slp.tv\/2025\/wp-json\/wp\/v2\/categories?post=161579"},{"taxonomy":"post_tag","embeddable":true,"href":"https:\/\/canal7slp.tv\/2025\/wp-json\/wp\/v2\/tags?post=161579"}],"curies":[{"name":"wp","href":"https:\/\/api.w.org\/{rel}","templated":true}]}}