{"id":161563,"date":"2025-03-26T14:17:16","date_gmt":"2025-03-26T20:17:16","guid":{"rendered":"https:\/\/canal7slp.tv\/2025\/?p=161563"},"modified":"2025-03-26T14:17:16","modified_gmt":"2025-03-26T20:17:16","slug":"produccion-en-dos-bocas-aumenta-pero-aun-no-contribuye-al-sistema-nacional","status":"publish","type":"post","link":"https:\/\/canal7slp.tv\/2025\/produccion-en-dos-bocas-aumenta-pero-aun-no-contribuye-al-sistema-nacional\/","title":{"rendered":"Producci\u00f3n en Dos Bocas aumenta, pero a\u00fan no contribuye al sistema nacional"},"content":{"rendered":"<p style=\"text-align: justify;\">Para\u00edso.- La Refiner\u00eda Olmeca, ubicada en Dos Bocas, alcanz\u00f3 en febrero su mayor producci\u00f3n de combustibles desde el inicio de sus pruebas, inform\u00f3 Petr\u00f3leos Mexicanos (PEMEX).<\/p>\n<p style=\"text-align: justify;\">Durante ese mes, gener\u00f3 nueve mil 922 barriles diarios, una cifra inferior a la reportada en junio del a\u00f1o pasado.<\/p>\n<p style=\"text-align: justify;\">Inaugurada en julio de 2022, la refiner\u00eda ha superado en m\u00e1s del 150% su presupuesto inicial, que pas\u00f3 de 8 mil millones a 21 mil millones de d\u00f3lares.<\/p>\n<p style=\"text-align: justify;\">Aunque tiene una capacidad proyectada de 280 mil barriles diarios al procesar 340 mil barriles de crudo, a\u00fan opera en fase de pruebas y no aporta al Sistema Nacional de Refinaci\u00f3n, lo que limita los esfuerzos del gobierno por alcanzar la autosuficiencia energ\u00e9tica.<\/p>\n<p style=\"text-align: justify;\">M\u00e9xico sigue importando cerca del 60% de los combustibles que consume diariamente.<\/p>\n<p style=\"text-align: justify;\">A esto se suma la ca\u00edda en la producci\u00f3n de crudo de Pemex, que en febrero de 2025 se situ\u00f3 en un mill\u00f3n 366 mil barriles diarios, un 11.5% menos en comparaci\u00f3n con el mismo periodo del a\u00f1o anterior.<\/p>\n","protected":false},"excerpt":{"rendered":"<p>Para\u00edso.- La Refiner\u00eda Olmeca, ubicada en Dos Bocas, alcanz\u00f3 en febrero su mayor producci\u00f3n de combustibles desde el inicio de sus pruebas, inform\u00f3 Petr\u00f3leos Mexicanos (PEMEX). Durante ese mes, gener\u00f3 nueve mil 922 barriles diarios, una cifra inferior a la reportada en junio del a\u00f1o pasado. Inaugurada en julio de 2022, la refiner\u00eda ha superado en m\u00e1s del 150% su presupuesto inicial, que pas\u00f3 de 8 mil millones a 21 mil millones de d\u00f3lares. Aunque tiene una capacidad proyectada de 280 mil barriles diarios al procesar 340 mil barriles de crudo, a\u00fan opera en fase de pruebas y no aporta [&hellip;]<\/p>\n","protected":false},"author":2,"featured_media":161566,"comment_status":"closed","ping_status":"closed","sticky":false,"template":"","format":"standard","meta":{"_monsterinsights_skip_tracking":false,"_monsterinsights_sitenote_active":false,"_monsterinsights_sitenote_note":"","_monsterinsights_sitenote_category":0,"footnotes":""},"categories":[40],"tags":[],"class_list":["post-161563","post","type-post","status-publish","format-standard","has-post-thumbnail","hentry","category-economia","post--single"],"yoast_head":"<!-- This site is optimized with the Yoast SEO plugin v27.5 - https:\/\/yoast.com\/product\/yoast-seo-wordpress\/ -->\n<title>Producci\u00f3n en Dos Bocas aumenta, pero a\u00fan no contribuye al sistema nacional - Canal 7 SLP - 2025<\/title>\n<meta name=\"robots\" content=\"index, follow, max-snippet:-1, max-image-preview:large, max-video-preview:-1\" \/>\n<link rel=\"canonical\" href=\"https:\/\/canal7slp.tv\/2025\/produccion-en-dos-bocas-aumenta-pero-aun-no-contribuye-al-sistema-nacional\/\" \/>\n<meta property=\"og:locale\" content=\"es_ES\" \/>\n<meta property=\"og:type\" content=\"article\" \/>\n<meta property=\"og:title\" content=\"Producci\u00f3n en Dos Bocas aumenta, pero a\u00fan no contribuye al sistema nacional - Canal 7 SLP - 2025\" \/>\n<meta property=\"og:description\" content=\"Para\u00edso.- La Refiner\u00eda Olmeca, ubicada en Dos Bocas, alcanz\u00f3 en febrero su mayor producci\u00f3n de combustibles desde el inicio de sus pruebas, inform\u00f3 Petr\u00f3leos Mexicanos (PEMEX). Durante ese mes, gener\u00f3 nueve mil 922 barriles diarios, una cifra inferior a la reportada en junio del a\u00f1o pasado. Inaugurada en julio de 2022, la refiner\u00eda ha superado en m\u00e1s del 150% su presupuesto inicial, que pas\u00f3 de 8 mil millones a 21 mil millones de d\u00f3lares. Aunque tiene una capacidad proyectada de 280 mil barriles diarios al procesar 340 mil barriles de crudo, a\u00fan opera en fase de pruebas y no aporta [&hellip;]\" \/>\n<meta property=\"og:url\" content=\"https:\/\/canal7slp.tv\/2025\/produccion-en-dos-bocas-aumenta-pero-aun-no-contribuye-al-sistema-nacional\/\" \/>\n<meta property=\"og:site_name\" content=\"Canal 7 SLP - 2025\" \/>\n<meta property=\"article:publisher\" content=\"https:\/\/www.facebook.com\/noticieroscanal7atencionciudadana\/\" \/>\n<meta property=\"article:published_time\" content=\"2025-03-26T20:17:16+00:00\" \/>\n<meta property=\"og:image\" content=\"https:\/\/canal7slp.tv\/2025\/wp-content\/uploads\/2025\/03\/03-17.jpg\" \/>\n\t<meta property=\"og:image:width\" content=\"888\" \/>\n\t<meta property=\"og:image:height\" content=\"500\" \/>\n\t<meta property=\"og:image:type\" content=\"image\/jpeg\" \/>\n<meta name=\"author\" content=\"Edici\u00f3n Web\" \/>\n<meta name=\"twitter:card\" content=\"summary_large_image\" \/>\n<meta name=\"twitter:creator\" content=\"@NOTICIEROS7\" \/>\n<meta name=\"twitter:site\" content=\"@NOTICIEROS7\" \/>\n<meta name=\"twitter:label1\" content=\"Escrito por\" \/>\n\t<meta name=\"twitter:data1\" content=\"Edici\u00f3n Web\" \/>\n\t<meta name=\"twitter:label2\" content=\"Tiempo de lectura\" \/>\n\t<meta name=\"twitter:data2\" content=\"1 minuto\" \/>\n<script type=\"application\/ld+json\" class=\"yoast-schema-graph\">{\"@context\":\"https:\\\/\\\/schema.org\",\"@graph\":[{\"@type\":\"Article\",\"@id\":\"https:\\\/\\\/canal7slp.tv\\\/2025\\\/produccion-en-dos-bocas-aumenta-pero-aun-no-contribuye-al-sistema-nacional\\\/#article\",\"isPartOf\":{\"@id\":\"https:\\\/\\\/canal7slp.tv\\\/2025\\\/produccion-en-dos-bocas-aumenta-pero-aun-no-contribuye-al-sistema-nacional\\\/\"},\"author\":{\"name\":\"Edici\u00f3n Web\",\"@id\":\"https:\\\/\\\/canal7slp.tv\\\/2025\\\/#\\\/schema\\\/person\\\/271e2b60a96e7cc9d9ac296f4d7e414b\"},\"headline\":\"Producci\u00f3n en Dos Bocas aumenta, pero a\u00fan no contribuye al sistema nacional\",\"datePublished\":\"2025-03-26T20:17:16+00:00\",\"mainEntityOfPage\":{\"@id\":\"https:\\\/\\\/canal7slp.tv\\\/2025\\\/produccion-en-dos-bocas-aumenta-pero-aun-no-contribuye-al-sistema-nacional\\\/\"},\"wordCount\":189,\"publisher\":{\"@id\":\"https:\\\/\\\/canal7slp.tv\\\/2025\\\/#organization\"},\"image\":{\"@id\":\"https:\\\/\\\/canal7slp.tv\\\/2025\\\/produccion-en-dos-bocas-aumenta-pero-aun-no-contribuye-al-sistema-nacional\\\/#primaryimage\"},\"thumbnailUrl\":\"https:\\\/\\\/canal7slp.tv\\\/2025\\\/wp-content\\\/uploads\\\/2025\\\/03\\\/03-17.jpg\",\"articleSection\":[\"ECONOM\u00cdA\"],\"inLanguage\":\"es\"},{\"@type\":\"WebPage\",\"@id\":\"https:\\\/\\\/canal7slp.tv\\\/2025\\\/produccion-en-dos-bocas-aumenta-pero-aun-no-contribuye-al-sistema-nacional\\\/\",\"url\":\"https:\\\/\\\/canal7slp.tv\\\/2025\\\/produccion-en-dos-bocas-aumenta-pero-aun-no-contribuye-al-sistema-nacional\\\/\",\"name\":\"Producci\u00f3n en Dos Bocas aumenta, pero a\u00fan no contribuye al sistema nacional - Canal 7 SLP - 2025\",\"isPartOf\":{\"@id\":\"https:\\\/\\\/canal7slp.tv\\\/2025\\\/#website\"},\"primaryImageOfPage\":{\"@id\":\"https:\\\/\\\/canal7slp.tv\\\/2025\\\/produccion-en-dos-bocas-aumenta-pero-aun-no-contribuye-al-sistema-nacional\\\/#primaryimage\"},\"image\":{\"@id\":\"https:\\\/\\\/canal7slp.tv\\\/2025\\\/produccion-en-dos-bocas-aumenta-pero-aun-no-contribuye-al-sistema-nacional\\\/#primaryimage\"},\"thumbnailUrl\":\"https:\\\/\\\/canal7slp.tv\\\/2025\\\/wp-content\\\/uploads\\\/2025\\\/03\\\/03-17.jpg\",\"datePublished\":\"2025-03-26T20:17:16+00:00\",\"breadcrumb\":{\"@id\":\"https:\\\/\\\/canal7slp.tv\\\/2025\\\/produccion-en-dos-bocas-aumenta-pero-aun-no-contribuye-al-sistema-nacional\\\/#breadcrumb\"},\"inLanguage\":\"es\",\"potentialAction\":[{\"@type\":\"ReadAction\",\"target\":[\"https:\\\/\\\/canal7slp.tv\\\/2025\\\/produccion-en-dos-bocas-aumenta-pero-aun-no-contribuye-al-sistema-nacional\\\/\"]}]},{\"@type\":\"ImageObject\",\"inLanguage\":\"es\",\"@id\":\"https:\\\/\\\/canal7slp.tv\\\/2025\\\/produccion-en-dos-bocas-aumenta-pero-aun-no-contribuye-al-sistema-nacional\\\/#primaryimage\",\"url\":\"https:\\\/\\\/canal7slp.tv\\\/2025\\\/wp-content\\\/uploads\\\/2025\\\/03\\\/03-17.jpg\",\"contentUrl\":\"https:\\\/\\\/canal7slp.tv\\\/2025\\\/wp-content\\\/uploads\\\/2025\\\/03\\\/03-17.jpg\",\"width\":888,\"height\":500},{\"@type\":\"BreadcrumbList\",\"@id\":\"https:\\\/\\\/canal7slp.tv\\\/2025\\\/produccion-en-dos-bocas-aumenta-pero-aun-no-contribuye-al-sistema-nacional\\\/#breadcrumb\",\"itemListElement\":[{\"@type\":\"ListItem\",\"position\":1,\"name\":\"Portada\",\"item\":\"https:\\\/\\\/canal7slp.tv\\\/2025\\\/\"},{\"@type\":\"ListItem\",\"position\":2,\"name\":\"Producci\u00f3n en Dos Bocas aumenta, pero a\u00fan no contribuye al sistema nacional\"}]},{\"@type\":\"WebSite\",\"@id\":\"https:\\\/\\\/canal7slp.tv\\\/2025\\\/#website\",\"url\":\"https:\\\/\\\/canal7slp.tv\\\/2025\\\/\",\"name\":\"N7 - Noticieros Canal 7\",\"description\":\"Somos el Medio\",\"publisher\":{\"@id\":\"https:\\\/\\\/canal7slp.tv\\\/2025\\\/#organization\"},\"potentialAction\":[{\"@type\":\"SearchAction\",\"target\":{\"@type\":\"EntryPoint\",\"urlTemplate\":\"https:\\\/\\\/canal7slp.tv\\\/2025\\\/?s={search_term_string}\"},\"query-input\":{\"@type\":\"PropertyValueSpecification\",\"valueRequired\":true,\"valueName\":\"search_term_string\"}}],\"inLanguage\":\"es\"},{\"@type\":\"Organization\",\"@id\":\"https:\\\/\\\/canal7slp.tv\\\/2025\\\/#organization\",\"name\":\"Noticieros Canal 7\",\"url\":\"https:\\\/\\\/canal7slp.tv\\\/2025\\\/\",\"logo\":{\"@type\":\"ImageObject\",\"inLanguage\":\"es\",\"@id\":\"https:\\\/\\\/canal7slp.tv\\\/2025\\\/#\\\/schema\\\/logo\\\/image\\\/\",\"url\":\"https:\\\/\\\/canal7slp.tv\\\/2025\\\/wp-content\\\/uploads\\\/2021\\\/01\\\/logo-noticieros@2x.png\",\"contentUrl\":\"https:\\\/\\\/canal7slp.tv\\\/2025\\\/wp-content\\\/uploads\\\/2021\\\/01\\\/logo-noticieros@2x.png\",\"width\":1017,\"height\":268,\"caption\":\"Noticieros Canal 7\"},\"image\":{\"@id\":\"https:\\\/\\\/canal7slp.tv\\\/2025\\\/#\\\/schema\\\/logo\\\/image\\\/\"},\"sameAs\":[\"https:\\\/\\\/www.facebook.com\\\/noticieroscanal7atencionciudadana\\\/\",\"https:\\\/\\\/x.com\\\/NOTICIEROS7\",\"https:\\\/\\\/www.instagram.com\\\/canal7_slp\",\"https:\\\/\\\/www.youtube.com\\\/channel\\\/UCliiYs-gP3JfJeqdPrNdd5A\"]},{\"@type\":\"Person\",\"@id\":\"https:\\\/\\\/canal7slp.tv\\\/2025\\\/#\\\/schema\\\/person\\\/271e2b60a96e7cc9d9ac296f4d7e414b\",\"name\":\"Edici\u00f3n Web\",\"image\":{\"@type\":\"ImageObject\",\"inLanguage\":\"es\",\"@id\":\"https:\\\/\\\/secure.gravatar.com\\\/avatar\\\/eee448fc3f7164808013b816ba91ac7e43bbe82a70bebac296f8bc6f0addaa1a?s=96&d=mm&r=g\",\"url\":\"https:\\\/\\\/secure.gravatar.com\\\/avatar\\\/eee448fc3f7164808013b816ba91ac7e43bbe82a70bebac296f8bc6f0addaa1a?s=96&d=mm&r=g\",\"contentUrl\":\"https:\\\/\\\/secure.gravatar.com\\\/avatar\\\/eee448fc3f7164808013b816ba91ac7e43bbe82a70bebac296f8bc6f0addaa1a?s=96&d=mm&r=g\",\"caption\":\"Edici\u00f3n Web\"},\"url\":\"https:\\\/\\\/canal7slp.tv\\\/2025\\\/author\\\/edicionweb\\\/\"}]}<\/script>\n<!-- \/ Yoast SEO plugin. -->","yoast_head_json":{"title":"Producci\u00f3n en Dos Bocas aumenta, pero a\u00fan no contribuye al sistema nacional - Canal 7 SLP - 2025","robots":{"index":"index","follow":"follow","max-snippet":"max-snippet:-1","max-image-preview":"max-image-preview:large","max-video-preview":"max-video-preview:-1"},"canonical":"https:\/\/canal7slp.tv\/2025\/produccion-en-dos-bocas-aumenta-pero-aun-no-contribuye-al-sistema-nacional\/","og_locale":"es_ES","og_type":"article","og_title":"Producci\u00f3n en Dos Bocas aumenta, pero a\u00fan no contribuye al sistema nacional - Canal 7 SLP - 2025","og_description":"Para\u00edso.- La Refiner\u00eda Olmeca, ubicada en Dos Bocas, alcanz\u00f3 en febrero su mayor producci\u00f3n de combustibles desde el inicio de sus pruebas, inform\u00f3 Petr\u00f3leos Mexicanos (PEMEX). Durante ese mes, gener\u00f3 nueve mil 922 barriles diarios, una cifra inferior a la reportada en junio del a\u00f1o pasado. Inaugurada en julio de 2022, la refiner\u00eda ha superado en m\u00e1s del 150% su presupuesto inicial, que pas\u00f3 de 8 mil millones a 21 mil millones de d\u00f3lares. Aunque tiene una capacidad proyectada de 280 mil barriles diarios al procesar 340 mil barriles de crudo, a\u00fan opera en fase de pruebas y no aporta [&hellip;]","og_url":"https:\/\/canal7slp.tv\/2025\/produccion-en-dos-bocas-aumenta-pero-aun-no-contribuye-al-sistema-nacional\/","og_site_name":"Canal 7 SLP - 2025","article_publisher":"https:\/\/www.facebook.com\/noticieroscanal7atencionciudadana\/","article_published_time":"2025-03-26T20:17:16+00:00","og_image":[{"width":888,"height":500,"url":"https:\/\/canal7slp.tv\/2025\/wp-content\/uploads\/2025\/03\/03-17.jpg","type":"image\/jpeg"}],"author":"Edici\u00f3n Web","twitter_card":"summary_large_image","twitter_creator":"@NOTICIEROS7","twitter_site":"@NOTICIEROS7","twitter_misc":{"Escrito por":"Edici\u00f3n Web","Tiempo de lectura":"1 minuto"},"schema":{"@context":"https:\/\/schema.org","@graph":[{"@type":"Article","@id":"https:\/\/canal7slp.tv\/2025\/produccion-en-dos-bocas-aumenta-pero-aun-no-contribuye-al-sistema-nacional\/#article","isPartOf":{"@id":"https:\/\/canal7slp.tv\/2025\/produccion-en-dos-bocas-aumenta-pero-aun-no-contribuye-al-sistema-nacional\/"},"author":{"name":"Edici\u00f3n Web","@id":"https:\/\/canal7slp.tv\/2025\/#\/schema\/person\/271e2b60a96e7cc9d9ac296f4d7e414b"},"headline":"Producci\u00f3n en Dos Bocas aumenta, pero a\u00fan no contribuye al sistema nacional","datePublished":"2025-03-26T20:17:16+00:00","mainEntityOfPage":{"@id":"https:\/\/canal7slp.tv\/2025\/produccion-en-dos-bocas-aumenta-pero-aun-no-contribuye-al-sistema-nacional\/"},"wordCount":189,"publisher":{"@id":"https:\/\/canal7slp.tv\/2025\/#organization"},"image":{"@id":"https:\/\/canal7slp.tv\/2025\/produccion-en-dos-bocas-aumenta-pero-aun-no-contribuye-al-sistema-nacional\/#primaryimage"},"thumbnailUrl":"https:\/\/canal7slp.tv\/2025\/wp-content\/uploads\/2025\/03\/03-17.jpg","articleSection":["ECONOM\u00cdA"],"inLanguage":"es"},{"@type":"WebPage","@id":"https:\/\/canal7slp.tv\/2025\/produccion-en-dos-bocas-aumenta-pero-aun-no-contribuye-al-sistema-nacional\/","url":"https:\/\/canal7slp.tv\/2025\/produccion-en-dos-bocas-aumenta-pero-aun-no-contribuye-al-sistema-nacional\/","name":"Producci\u00f3n en Dos Bocas aumenta, pero a\u00fan no contribuye al sistema nacional - Canal 7 SLP - 2025","isPartOf":{"@id":"https:\/\/canal7slp.tv\/2025\/#website"},"primaryImageOfPage":{"@id":"https:\/\/canal7slp.tv\/2025\/produccion-en-dos-bocas-aumenta-pero-aun-no-contribuye-al-sistema-nacional\/#primaryimage"},"image":{"@id":"https:\/\/canal7slp.tv\/2025\/produccion-en-dos-bocas-aumenta-pero-aun-no-contribuye-al-sistema-nacional\/#primaryimage"},"thumbnailUrl":"https:\/\/canal7slp.tv\/2025\/wp-content\/uploads\/2025\/03\/03-17.jpg","datePublished":"2025-03-26T20:17:16+00:00","breadcrumb":{"@id":"https:\/\/canal7slp.tv\/2025\/produccion-en-dos-bocas-aumenta-pero-aun-no-contribuye-al-sistema-nacional\/#breadcrumb"},"inLanguage":"es","potentialAction":[{"@type":"ReadAction","target":["https:\/\/canal7slp.tv\/2025\/produccion-en-dos-bocas-aumenta-pero-aun-no-contribuye-al-sistema-nacional\/"]}]},{"@type":"ImageObject","inLanguage":"es","@id":"https:\/\/canal7slp.tv\/2025\/produccion-en-dos-bocas-aumenta-pero-aun-no-contribuye-al-sistema-nacional\/#primaryimage","url":"https:\/\/canal7slp.tv\/2025\/wp-content\/uploads\/2025\/03\/03-17.jpg","contentUrl":"https:\/\/canal7slp.tv\/2025\/wp-content\/uploads\/2025\/03\/03-17.jpg","width":888,"height":500},{"@type":"BreadcrumbList","@id":"https:\/\/canal7slp.tv\/2025\/produccion-en-dos-bocas-aumenta-pero-aun-no-contribuye-al-sistema-nacional\/#breadcrumb","itemListElement":[{"@type":"ListItem","position":1,"name":"Portada","item":"https:\/\/canal7slp.tv\/2025\/"},{"@type":"ListItem","position":2,"name":"Producci\u00f3n en Dos Bocas aumenta, pero a\u00fan no contribuye al sistema nacional"}]},{"@type":"WebSite","@id":"https:\/\/canal7slp.tv\/2025\/#website","url":"https:\/\/canal7slp.tv\/2025\/","name":"N7 - Noticieros Canal 7","description":"Somos el Medio","publisher":{"@id":"https:\/\/canal7slp.tv\/2025\/#organization"},"potentialAction":[{"@type":"SearchAction","target":{"@type":"EntryPoint","urlTemplate":"https:\/\/canal7slp.tv\/2025\/?s={search_term_string}"},"query-input":{"@type":"PropertyValueSpecification","valueRequired":true,"valueName":"search_term_string"}}],"inLanguage":"es"},{"@type":"Organization","@id":"https:\/\/canal7slp.tv\/2025\/#organization","name":"Noticieros Canal 7","url":"https:\/\/canal7slp.tv\/2025\/","logo":{"@type":"ImageObject","inLanguage":"es","@id":"https:\/\/canal7slp.tv\/2025\/#\/schema\/logo\/image\/","url":"https:\/\/canal7slp.tv\/2025\/wp-content\/uploads\/2021\/01\/logo-noticieros@2x.png","contentUrl":"https:\/\/canal7slp.tv\/2025\/wp-content\/uploads\/2021\/01\/logo-noticieros@2x.png","width":1017,"height":268,"caption":"Noticieros Canal 7"},"image":{"@id":"https:\/\/canal7slp.tv\/2025\/#\/schema\/logo\/image\/"},"sameAs":["https:\/\/www.facebook.com\/noticieroscanal7atencionciudadana\/","https:\/\/x.com\/NOTICIEROS7","https:\/\/www.instagram.com\/canal7_slp","https:\/\/www.youtube.com\/channel\/UCliiYs-gP3JfJeqdPrNdd5A"]},{"@type":"Person","@id":"https:\/\/canal7slp.tv\/2025\/#\/schema\/person\/271e2b60a96e7cc9d9ac296f4d7e414b","name":"Edici\u00f3n Web","image":{"@type":"ImageObject","inLanguage":"es","@id":"https:\/\/secure.gravatar.com\/avatar\/eee448fc3f7164808013b816ba91ac7e43bbe82a70bebac296f8bc6f0addaa1a?s=96&d=mm&r=g","url":"https:\/\/secure.gravatar.com\/avatar\/eee448fc3f7164808013b816ba91ac7e43bbe82a70bebac296f8bc6f0addaa1a?s=96&d=mm&r=g","contentUrl":"https:\/\/secure.gravatar.com\/avatar\/eee448fc3f7164808013b816ba91ac7e43bbe82a70bebac296f8bc6f0addaa1a?s=96&d=mm&r=g","caption":"Edici\u00f3n Web"},"url":"https:\/\/canal7slp.tv\/2025\/author\/edicionweb\/"}]}},"_links":{"self":[{"href":"https:\/\/canal7slp.tv\/2025\/wp-json\/wp\/v2\/posts\/161563","targetHints":{"allow":["GET"]}}],"collection":[{"href":"https:\/\/canal7slp.tv\/2025\/wp-json\/wp\/v2\/posts"}],"about":[{"href":"https:\/\/canal7slp.tv\/2025\/wp-json\/wp\/v2\/types\/post"}],"author":[{"embeddable":true,"href":"https:\/\/canal7slp.tv\/2025\/wp-json\/wp\/v2\/users\/2"}],"replies":[{"embeddable":true,"href":"https:\/\/canal7slp.tv\/2025\/wp-json\/wp\/v2\/comments?post=161563"}],"version-history":[{"count":2,"href":"https:\/\/canal7slp.tv\/2025\/wp-json\/wp\/v2\/posts\/161563\/revisions"}],"predecessor-version":[{"id":161568,"href":"https:\/\/canal7slp.tv\/2025\/wp-json\/wp\/v2\/posts\/161563\/revisions\/161568"}],"wp:featuredmedia":[{"embeddable":true,"href":"https:\/\/canal7slp.tv\/2025\/wp-json\/wp\/v2\/media\/161566"}],"wp:attachment":[{"href":"https:\/\/canal7slp.tv\/2025\/wp-json\/wp\/v2\/media?parent=161563"}],"wp:term":[{"taxonomy":"category","embeddable":true,"href":"https:\/\/canal7slp.tv\/2025\/wp-json\/wp\/v2\/categories?post=161563"},{"taxonomy":"post_tag","embeddable":true,"href":"https:\/\/canal7slp.tv\/2025\/wp-json\/wp\/v2\/tags?post=161563"}],"curies":[{"name":"wp","href":"https:\/\/api.w.org\/{rel}","templated":true}]}}