{"id":161559,"date":"2025-03-26T14:09:41","date_gmt":"2025-03-26T20:09:41","guid":{"rendered":"https:\/\/canal7slp.tv\/2025\/?p=161559"},"modified":"2025-03-26T14:09:41","modified_gmt":"2025-03-26T20:09:41","slug":"ricardo-cordero-se-lleva-la-victoria-en-pasteje","status":"publish","type":"post","link":"https:\/\/canal7slp.tv\/2025\/ricardo-cordero-se-lleva-la-victoria-en-pasteje\/","title":{"rendered":"Ricardo Cordero se lleva la victoria en Pastej\u00e9"},"content":{"rendered":"<p style=\"text-align: justify;\">SLP.-\u00a0La octava edici\u00f3n del Rally Pastej\u00e9 se llev\u00f3 acabo de manera exitosa. M\u00e1s de 300 autos en exhibici\u00f3n as\u00ed como el estilo y el lujo que caracterizan a este evento fueron el com\u00fan denominador para una jornada especial.<\/p>\n<p style=\"text-align: justify;\">Las actividades de competencia se llevaron a cabo, en donde en un tramo de 1.4 kil\u00f3metros en una carretera cerrada, los pilotos deb\u00edan dar dos vueltas a la misma y la sumatoria de ambos tiempos dar\u00eda al ganador, en esta ocasi\u00f3n Ricardo Cordero logr\u00f3 el tiempo m\u00e1s corto lo cual le adjudic\u00f3 la victoria.<\/p>\n<p style=\"text-align: justify;\">Ahora despu\u00e9s de este evento, Cordero afinar\u00e1 con su equipo de trabajo los detalles en el Citro\u00ebn, auto con el cual estar\u00e1n presentes en el RAC 1000, evento rallistico ya agendado en el calendario para el piloto potosino.<\/p>\n","protected":false},"excerpt":{"rendered":"<p>SLP.-\u00a0La octava edici\u00f3n del Rally Pastej\u00e9 se llev\u00f3 acabo de manera exitosa. M\u00e1s de 300 autos en exhibici\u00f3n as\u00ed como el estilo y el lujo que caracterizan a este evento fueron el com\u00fan denominador para una jornada especial. Las actividades de competencia se llevaron a cabo, en donde en un tramo de 1.4 kil\u00f3metros en una carretera cerrada, los pilotos deb\u00edan dar dos vueltas a la misma y la sumatoria de ambos tiempos dar\u00eda al ganador, en esta ocasi\u00f3n Ricardo Cordero logr\u00f3 el tiempo m\u00e1s corto lo cual le adjudic\u00f3 la victoria. Ahora despu\u00e9s de este evento, Cordero afinar\u00e1 con [&hellip;]<\/p>\n","protected":false},"author":2,"featured_media":161561,"comment_status":"closed","ping_status":"closed","sticky":false,"template":"","format":"video","meta":{"_monsterinsights_skip_tracking":false,"_monsterinsights_sitenote_active":false,"_monsterinsights_sitenote_note":"","_monsterinsights_sitenote_category":0,"footnotes":""},"categories":[7,5],"tags":[],"class_list":["post-161559","post","type-post","status-publish","format-video","has-post-thumbnail","hentry","category-deportes","category-destacadas","post_format-post-format-video","post--single"],"yoast_head":"<!-- This site is optimized with the Yoast SEO plugin v27.5 - https:\/\/yoast.com\/product\/yoast-seo-wordpress\/ -->\n<title>Ricardo Cordero se lleva la victoria en Pastej\u00e9 - Canal 7 SLP - 2025<\/title>\n<meta name=\"robots\" content=\"index, follow, max-snippet:-1, max-image-preview:large, max-video-preview:-1\" \/>\n<link rel=\"canonical\" href=\"https:\/\/canal7slp.tv\/2025\/ricardo-cordero-se-lleva-la-victoria-en-pasteje\/\" \/>\n<meta property=\"og:locale\" content=\"es_ES\" \/>\n<meta property=\"og:type\" content=\"article\" \/>\n<meta property=\"og:title\" content=\"Ricardo Cordero se lleva la victoria en Pastej\u00e9 - Canal 7 SLP - 2025\" \/>\n<meta property=\"og:description\" content=\"SLP.-\u00a0La octava edici\u00f3n del Rally Pastej\u00e9 se llev\u00f3 acabo de manera exitosa. M\u00e1s de 300 autos en exhibici\u00f3n as\u00ed como el estilo y el lujo que caracterizan a este evento fueron el com\u00fan denominador para una jornada especial. Las actividades de competencia se llevaron a cabo, en donde en un tramo de 1.4 kil\u00f3metros en una carretera cerrada, los pilotos deb\u00edan dar dos vueltas a la misma y la sumatoria de ambos tiempos dar\u00eda al ganador, en esta ocasi\u00f3n Ricardo Cordero logr\u00f3 el tiempo m\u00e1s corto lo cual le adjudic\u00f3 la victoria. Ahora despu\u00e9s de este evento, Cordero afinar\u00e1 con [&hellip;]\" \/>\n<meta property=\"og:url\" content=\"https:\/\/canal7slp.tv\/2025\/ricardo-cordero-se-lleva-la-victoria-en-pasteje\/\" \/>\n<meta property=\"og:site_name\" content=\"Canal 7 SLP - 2025\" \/>\n<meta property=\"article:publisher\" content=\"https:\/\/www.facebook.com\/noticieroscanal7atencionciudadana\/\" \/>\n<meta property=\"article:published_time\" content=\"2025-03-26T20:09:41+00:00\" \/>\n<meta property=\"og:image\" content=\"https:\/\/canal7slp.tv\/2025\/wp-content\/uploads\/2025\/03\/Froi02Rally-1.jpg\" \/>\n\t<meta property=\"og:image:width\" content=\"1280\" \/>\n\t<meta property=\"og:image:height\" content=\"720\" \/>\n\t<meta property=\"og:image:type\" content=\"image\/jpeg\" \/>\n<meta name=\"author\" content=\"Edici\u00f3n Web\" \/>\n<meta name=\"twitter:card\" content=\"summary_large_image\" \/>\n<meta name=\"twitter:creator\" content=\"@NOTICIEROS7\" \/>\n<meta name=\"twitter:site\" content=\"@NOTICIEROS7\" \/>\n<meta name=\"twitter:label1\" content=\"Escrito por\" \/>\n\t<meta name=\"twitter:data1\" content=\"Edici\u00f3n Web\" \/>\n\t<meta name=\"twitter:label2\" content=\"Tiempo de lectura\" \/>\n\t<meta name=\"twitter:data2\" content=\"1 minuto\" \/>\n<script type=\"application\/ld+json\" class=\"yoast-schema-graph\">{\"@context\":\"https:\\\/\\\/schema.org\",\"@graph\":[{\"@type\":\"Article\",\"@id\":\"https:\\\/\\\/canal7slp.tv\\\/2025\\\/ricardo-cordero-se-lleva-la-victoria-en-pasteje\\\/#article\",\"isPartOf\":{\"@id\":\"https:\\\/\\\/canal7slp.tv\\\/2025\\\/ricardo-cordero-se-lleva-la-victoria-en-pasteje\\\/\"},\"author\":{\"name\":\"Edici\u00f3n Web\",\"@id\":\"https:\\\/\\\/canal7slp.tv\\\/2025\\\/#\\\/schema\\\/person\\\/271e2b60a96e7cc9d9ac296f4d7e414b\"},\"headline\":\"Ricardo Cordero se lleva la victoria en Pastej\u00e9\",\"datePublished\":\"2025-03-26T20:09:41+00:00\",\"mainEntityOfPage\":{\"@id\":\"https:\\\/\\\/canal7slp.tv\\\/2025\\\/ricardo-cordero-se-lleva-la-victoria-en-pasteje\\\/\"},\"wordCount\":149,\"publisher\":{\"@id\":\"https:\\\/\\\/canal7slp.tv\\\/2025\\\/#organization\"},\"image\":{\"@id\":\"https:\\\/\\\/canal7slp.tv\\\/2025\\\/ricardo-cordero-se-lleva-la-victoria-en-pasteje\\\/#primaryimage\"},\"thumbnailUrl\":\"https:\\\/\\\/canal7slp.tv\\\/2025\\\/wp-content\\\/uploads\\\/2025\\\/03\\\/Froi02Rally-1.jpg\",\"articleSection\":[\"DEPORTES\",\"DESTACADAS\"],\"inLanguage\":\"es\"},{\"@type\":\"WebPage\",\"@id\":\"https:\\\/\\\/canal7slp.tv\\\/2025\\\/ricardo-cordero-se-lleva-la-victoria-en-pasteje\\\/\",\"url\":\"https:\\\/\\\/canal7slp.tv\\\/2025\\\/ricardo-cordero-se-lleva-la-victoria-en-pasteje\\\/\",\"name\":\"Ricardo Cordero se lleva la victoria en Pastej\u00e9 - Canal 7 SLP - 2025\",\"isPartOf\":{\"@id\":\"https:\\\/\\\/canal7slp.tv\\\/2025\\\/#website\"},\"primaryImageOfPage\":{\"@id\":\"https:\\\/\\\/canal7slp.tv\\\/2025\\\/ricardo-cordero-se-lleva-la-victoria-en-pasteje\\\/#primaryimage\"},\"image\":{\"@id\":\"https:\\\/\\\/canal7slp.tv\\\/2025\\\/ricardo-cordero-se-lleva-la-victoria-en-pasteje\\\/#primaryimage\"},\"thumbnailUrl\":\"https:\\\/\\\/canal7slp.tv\\\/2025\\\/wp-content\\\/uploads\\\/2025\\\/03\\\/Froi02Rally-1.jpg\",\"datePublished\":\"2025-03-26T20:09:41+00:00\",\"breadcrumb\":{\"@id\":\"https:\\\/\\\/canal7slp.tv\\\/2025\\\/ricardo-cordero-se-lleva-la-victoria-en-pasteje\\\/#breadcrumb\"},\"inLanguage\":\"es\",\"potentialAction\":[{\"@type\":\"ReadAction\",\"target\":[\"https:\\\/\\\/canal7slp.tv\\\/2025\\\/ricardo-cordero-se-lleva-la-victoria-en-pasteje\\\/\"]}]},{\"@type\":\"ImageObject\",\"inLanguage\":\"es\",\"@id\":\"https:\\\/\\\/canal7slp.tv\\\/2025\\\/ricardo-cordero-se-lleva-la-victoria-en-pasteje\\\/#primaryimage\",\"url\":\"https:\\\/\\\/canal7slp.tv\\\/2025\\\/wp-content\\\/uploads\\\/2025\\\/03\\\/Froi02Rally-1.jpg\",\"contentUrl\":\"https:\\\/\\\/canal7slp.tv\\\/2025\\\/wp-content\\\/uploads\\\/2025\\\/03\\\/Froi02Rally-1.jpg\",\"width\":1280,\"height\":720},{\"@type\":\"BreadcrumbList\",\"@id\":\"https:\\\/\\\/canal7slp.tv\\\/2025\\\/ricardo-cordero-se-lleva-la-victoria-en-pasteje\\\/#breadcrumb\",\"itemListElement\":[{\"@type\":\"ListItem\",\"position\":1,\"name\":\"Portada\",\"item\":\"https:\\\/\\\/canal7slp.tv\\\/2025\\\/\"},{\"@type\":\"ListItem\",\"position\":2,\"name\":\"Ricardo Cordero se lleva la victoria en Pastej\u00e9\"}]},{\"@type\":\"WebSite\",\"@id\":\"https:\\\/\\\/canal7slp.tv\\\/2025\\\/#website\",\"url\":\"https:\\\/\\\/canal7slp.tv\\\/2025\\\/\",\"name\":\"N7 - Noticieros Canal 7\",\"description\":\"Somos el Medio\",\"publisher\":{\"@id\":\"https:\\\/\\\/canal7slp.tv\\\/2025\\\/#organization\"},\"potentialAction\":[{\"@type\":\"SearchAction\",\"target\":{\"@type\":\"EntryPoint\",\"urlTemplate\":\"https:\\\/\\\/canal7slp.tv\\\/2025\\\/?s={search_term_string}\"},\"query-input\":{\"@type\":\"PropertyValueSpecification\",\"valueRequired\":true,\"valueName\":\"search_term_string\"}}],\"inLanguage\":\"es\"},{\"@type\":\"Organization\",\"@id\":\"https:\\\/\\\/canal7slp.tv\\\/2025\\\/#organization\",\"name\":\"Noticieros Canal 7\",\"url\":\"https:\\\/\\\/canal7slp.tv\\\/2025\\\/\",\"logo\":{\"@type\":\"ImageObject\",\"inLanguage\":\"es\",\"@id\":\"https:\\\/\\\/canal7slp.tv\\\/2025\\\/#\\\/schema\\\/logo\\\/image\\\/\",\"url\":\"https:\\\/\\\/canal7slp.tv\\\/2025\\\/wp-content\\\/uploads\\\/2021\\\/01\\\/logo-noticieros@2x.png\",\"contentUrl\":\"https:\\\/\\\/canal7slp.tv\\\/2025\\\/wp-content\\\/uploads\\\/2021\\\/01\\\/logo-noticieros@2x.png\",\"width\":1017,\"height\":268,\"caption\":\"Noticieros Canal 7\"},\"image\":{\"@id\":\"https:\\\/\\\/canal7slp.tv\\\/2025\\\/#\\\/schema\\\/logo\\\/image\\\/\"},\"sameAs\":[\"https:\\\/\\\/www.facebook.com\\\/noticieroscanal7atencionciudadana\\\/\",\"https:\\\/\\\/x.com\\\/NOTICIEROS7\",\"https:\\\/\\\/www.instagram.com\\\/canal7_slp\",\"https:\\\/\\\/www.youtube.com\\\/channel\\\/UCliiYs-gP3JfJeqdPrNdd5A\"]},{\"@type\":\"Person\",\"@id\":\"https:\\\/\\\/canal7slp.tv\\\/2025\\\/#\\\/schema\\\/person\\\/271e2b60a96e7cc9d9ac296f4d7e414b\",\"name\":\"Edici\u00f3n Web\",\"image\":{\"@type\":\"ImageObject\",\"inLanguage\":\"es\",\"@id\":\"https:\\\/\\\/secure.gravatar.com\\\/avatar\\\/eee448fc3f7164808013b816ba91ac7e43bbe82a70bebac296f8bc6f0addaa1a?s=96&d=mm&r=g\",\"url\":\"https:\\\/\\\/secure.gravatar.com\\\/avatar\\\/eee448fc3f7164808013b816ba91ac7e43bbe82a70bebac296f8bc6f0addaa1a?s=96&d=mm&r=g\",\"contentUrl\":\"https:\\\/\\\/secure.gravatar.com\\\/avatar\\\/eee448fc3f7164808013b816ba91ac7e43bbe82a70bebac296f8bc6f0addaa1a?s=96&d=mm&r=g\",\"caption\":\"Edici\u00f3n Web\"},\"url\":\"https:\\\/\\\/canal7slp.tv\\\/2025\\\/author\\\/edicionweb\\\/\"}]}<\/script>\n<!-- \/ Yoast SEO plugin. -->","yoast_head_json":{"title":"Ricardo Cordero se lleva la victoria en Pastej\u00e9 - Canal 7 SLP - 2025","robots":{"index":"index","follow":"follow","max-snippet":"max-snippet:-1","max-image-preview":"max-image-preview:large","max-video-preview":"max-video-preview:-1"},"canonical":"https:\/\/canal7slp.tv\/2025\/ricardo-cordero-se-lleva-la-victoria-en-pasteje\/","og_locale":"es_ES","og_type":"article","og_title":"Ricardo Cordero se lleva la victoria en Pastej\u00e9 - Canal 7 SLP - 2025","og_description":"SLP.-\u00a0La octava edici\u00f3n del Rally Pastej\u00e9 se llev\u00f3 acabo de manera exitosa. M\u00e1s de 300 autos en exhibici\u00f3n as\u00ed como el estilo y el lujo que caracterizan a este evento fueron el com\u00fan denominador para una jornada especial. Las actividades de competencia se llevaron a cabo, en donde en un tramo de 1.4 kil\u00f3metros en una carretera cerrada, los pilotos deb\u00edan dar dos vueltas a la misma y la sumatoria de ambos tiempos dar\u00eda al ganador, en esta ocasi\u00f3n Ricardo Cordero logr\u00f3 el tiempo m\u00e1s corto lo cual le adjudic\u00f3 la victoria. Ahora despu\u00e9s de este evento, Cordero afinar\u00e1 con [&hellip;]","og_url":"https:\/\/canal7slp.tv\/2025\/ricardo-cordero-se-lleva-la-victoria-en-pasteje\/","og_site_name":"Canal 7 SLP - 2025","article_publisher":"https:\/\/www.facebook.com\/noticieroscanal7atencionciudadana\/","article_published_time":"2025-03-26T20:09:41+00:00","og_image":[{"width":1280,"height":720,"url":"https:\/\/canal7slp.tv\/2025\/wp-content\/uploads\/2025\/03\/Froi02Rally-1.jpg","type":"image\/jpeg"}],"author":"Edici\u00f3n Web","twitter_card":"summary_large_image","twitter_creator":"@NOTICIEROS7","twitter_site":"@NOTICIEROS7","twitter_misc":{"Escrito por":"Edici\u00f3n Web","Tiempo de lectura":"1 minuto"},"schema":{"@context":"https:\/\/schema.org","@graph":[{"@type":"Article","@id":"https:\/\/canal7slp.tv\/2025\/ricardo-cordero-se-lleva-la-victoria-en-pasteje\/#article","isPartOf":{"@id":"https:\/\/canal7slp.tv\/2025\/ricardo-cordero-se-lleva-la-victoria-en-pasteje\/"},"author":{"name":"Edici\u00f3n Web","@id":"https:\/\/canal7slp.tv\/2025\/#\/schema\/person\/271e2b60a96e7cc9d9ac296f4d7e414b"},"headline":"Ricardo Cordero se lleva la victoria en Pastej\u00e9","datePublished":"2025-03-26T20:09:41+00:00","mainEntityOfPage":{"@id":"https:\/\/canal7slp.tv\/2025\/ricardo-cordero-se-lleva-la-victoria-en-pasteje\/"},"wordCount":149,"publisher":{"@id":"https:\/\/canal7slp.tv\/2025\/#organization"},"image":{"@id":"https:\/\/canal7slp.tv\/2025\/ricardo-cordero-se-lleva-la-victoria-en-pasteje\/#primaryimage"},"thumbnailUrl":"https:\/\/canal7slp.tv\/2025\/wp-content\/uploads\/2025\/03\/Froi02Rally-1.jpg","articleSection":["DEPORTES","DESTACADAS"],"inLanguage":"es"},{"@type":"WebPage","@id":"https:\/\/canal7slp.tv\/2025\/ricardo-cordero-se-lleva-la-victoria-en-pasteje\/","url":"https:\/\/canal7slp.tv\/2025\/ricardo-cordero-se-lleva-la-victoria-en-pasteje\/","name":"Ricardo Cordero se lleva la victoria en Pastej\u00e9 - Canal 7 SLP - 2025","isPartOf":{"@id":"https:\/\/canal7slp.tv\/2025\/#website"},"primaryImageOfPage":{"@id":"https:\/\/canal7slp.tv\/2025\/ricardo-cordero-se-lleva-la-victoria-en-pasteje\/#primaryimage"},"image":{"@id":"https:\/\/canal7slp.tv\/2025\/ricardo-cordero-se-lleva-la-victoria-en-pasteje\/#primaryimage"},"thumbnailUrl":"https:\/\/canal7slp.tv\/2025\/wp-content\/uploads\/2025\/03\/Froi02Rally-1.jpg","datePublished":"2025-03-26T20:09:41+00:00","breadcrumb":{"@id":"https:\/\/canal7slp.tv\/2025\/ricardo-cordero-se-lleva-la-victoria-en-pasteje\/#breadcrumb"},"inLanguage":"es","potentialAction":[{"@type":"ReadAction","target":["https:\/\/canal7slp.tv\/2025\/ricardo-cordero-se-lleva-la-victoria-en-pasteje\/"]}]},{"@type":"ImageObject","inLanguage":"es","@id":"https:\/\/canal7slp.tv\/2025\/ricardo-cordero-se-lleva-la-victoria-en-pasteje\/#primaryimage","url":"https:\/\/canal7slp.tv\/2025\/wp-content\/uploads\/2025\/03\/Froi02Rally-1.jpg","contentUrl":"https:\/\/canal7slp.tv\/2025\/wp-content\/uploads\/2025\/03\/Froi02Rally-1.jpg","width":1280,"height":720},{"@type":"BreadcrumbList","@id":"https:\/\/canal7slp.tv\/2025\/ricardo-cordero-se-lleva-la-victoria-en-pasteje\/#breadcrumb","itemListElement":[{"@type":"ListItem","position":1,"name":"Portada","item":"https:\/\/canal7slp.tv\/2025\/"},{"@type":"ListItem","position":2,"name":"Ricardo Cordero se lleva la victoria en Pastej\u00e9"}]},{"@type":"WebSite","@id":"https:\/\/canal7slp.tv\/2025\/#website","url":"https:\/\/canal7slp.tv\/2025\/","name":"N7 - Noticieros Canal 7","description":"Somos el Medio","publisher":{"@id":"https:\/\/canal7slp.tv\/2025\/#organization"},"potentialAction":[{"@type":"SearchAction","target":{"@type":"EntryPoint","urlTemplate":"https:\/\/canal7slp.tv\/2025\/?s={search_term_string}"},"query-input":{"@type":"PropertyValueSpecification","valueRequired":true,"valueName":"search_term_string"}}],"inLanguage":"es"},{"@type":"Organization","@id":"https:\/\/canal7slp.tv\/2025\/#organization","name":"Noticieros Canal 7","url":"https:\/\/canal7slp.tv\/2025\/","logo":{"@type":"ImageObject","inLanguage":"es","@id":"https:\/\/canal7slp.tv\/2025\/#\/schema\/logo\/image\/","url":"https:\/\/canal7slp.tv\/2025\/wp-content\/uploads\/2021\/01\/logo-noticieros@2x.png","contentUrl":"https:\/\/canal7slp.tv\/2025\/wp-content\/uploads\/2021\/01\/logo-noticieros@2x.png","width":1017,"height":268,"caption":"Noticieros Canal 7"},"image":{"@id":"https:\/\/canal7slp.tv\/2025\/#\/schema\/logo\/image\/"},"sameAs":["https:\/\/www.facebook.com\/noticieroscanal7atencionciudadana\/","https:\/\/x.com\/NOTICIEROS7","https:\/\/www.instagram.com\/canal7_slp","https:\/\/www.youtube.com\/channel\/UCliiYs-gP3JfJeqdPrNdd5A"]},{"@type":"Person","@id":"https:\/\/canal7slp.tv\/2025\/#\/schema\/person\/271e2b60a96e7cc9d9ac296f4d7e414b","name":"Edici\u00f3n Web","image":{"@type":"ImageObject","inLanguage":"es","@id":"https:\/\/secure.gravatar.com\/avatar\/eee448fc3f7164808013b816ba91ac7e43bbe82a70bebac296f8bc6f0addaa1a?s=96&d=mm&r=g","url":"https:\/\/secure.gravatar.com\/avatar\/eee448fc3f7164808013b816ba91ac7e43bbe82a70bebac296f8bc6f0addaa1a?s=96&d=mm&r=g","contentUrl":"https:\/\/secure.gravatar.com\/avatar\/eee448fc3f7164808013b816ba91ac7e43bbe82a70bebac296f8bc6f0addaa1a?s=96&d=mm&r=g","caption":"Edici\u00f3n Web"},"url":"https:\/\/canal7slp.tv\/2025\/author\/edicionweb\/"}]}},"_links":{"self":[{"href":"https:\/\/canal7slp.tv\/2025\/wp-json\/wp\/v2\/posts\/161559","targetHints":{"allow":["GET"]}}],"collection":[{"href":"https:\/\/canal7slp.tv\/2025\/wp-json\/wp\/v2\/posts"}],"about":[{"href":"https:\/\/canal7slp.tv\/2025\/wp-json\/wp\/v2\/types\/post"}],"author":[{"embeddable":true,"href":"https:\/\/canal7slp.tv\/2025\/wp-json\/wp\/v2\/users\/2"}],"replies":[{"embeddable":true,"href":"https:\/\/canal7slp.tv\/2025\/wp-json\/wp\/v2\/comments?post=161559"}],"version-history":[{"count":1,"href":"https:\/\/canal7slp.tv\/2025\/wp-json\/wp\/v2\/posts\/161559\/revisions"}],"predecessor-version":[{"id":161562,"href":"https:\/\/canal7slp.tv\/2025\/wp-json\/wp\/v2\/posts\/161559\/revisions\/161562"}],"wp:featuredmedia":[{"embeddable":true,"href":"https:\/\/canal7slp.tv\/2025\/wp-json\/wp\/v2\/media\/161561"}],"wp:attachment":[{"href":"https:\/\/canal7slp.tv\/2025\/wp-json\/wp\/v2\/media?parent=161559"}],"wp:term":[{"taxonomy":"category","embeddable":true,"href":"https:\/\/canal7slp.tv\/2025\/wp-json\/wp\/v2\/categories?post=161559"},{"taxonomy":"post_tag","embeddable":true,"href":"https:\/\/canal7slp.tv\/2025\/wp-json\/wp\/v2\/tags?post=161559"}],"curies":[{"name":"wp","href":"https:\/\/api.w.org\/{rel}","templated":true}]}}