{"id":161443,"date":"2025-03-25T14:29:15","date_gmt":"2025-03-25T20:29:15","guid":{"rendered":"https:\/\/canal7slp.tv\/2025\/?p=161443"},"modified":"2025-03-25T14:29:15","modified_gmt":"2025-03-25T20:29:15","slug":"nuevo-delegado-del-condde-en-san-luis-potosi-mtro-roy-aldrett-lara","status":"publish","type":"post","link":"https:\/\/canal7slp.tv\/2025\/nuevo-delegado-del-condde-en-san-luis-potosi-mtro-roy-aldrett-lara\/","title":{"rendered":"Nuevo Delegado del CONDDE en San Luis Potos\u00ed, Mtro. Roy Aldrett Lara"},"content":{"rendered":"<p style=\"text-align: justify;\">SLP.- En evento celebrado en la Universidad Polit\u00e9cnica de San Luis Potos\u00ed, se present\u00f3 al Mtro. Roy Aldrett Lara como el nuevo delegado para San Luis Potos\u00ed, en la Regi\u00f3n No. 5 del Consejo Nacional del Deporte de la Educaci\u00f3n (CONDDE), para el periodo 2025-2029.<\/p>\n<p style=\"text-align: justify;\">Este organismo tiene la importante responsabilidad de promover y coordinar el desarrollo del deporte universitario en todo M\u00e9xico, fomentando la participaci\u00f3n activa de las instituciones de educaci\u00f3n superior en competencias deportivas.<\/p>\n<p style=\"text-align: justify;\">Durante la reuni\u00f3n, se destac\u00f3 que el pasado 18 de febrero se llev\u00f3 a cabo una votaci\u00f3n entre los representantes de las universidades participantes: Universidad Cuauht\u00e9moc de San Luis Potos\u00ed, Universidad Jos\u00e9 Vasconcelos de San Luis Potos\u00ed y Universidad Tecnol\u00f3gica de San Luis Potos\u00ed.<\/p>\n<p style=\"text-align: justify;\">En esta asamblea, se eligi\u00f3 de manera un\u00e1nime al Mtro. Roy Aldrett Lara como delegado estatal, quien asumir\u00e1 su cargo por un periodo de cuatro a\u00f1os.<\/p>\n<p style=\"text-align: justify;\">El CONDDE ha estructurado el pa\u00eds en ocho regiones para la organizaci\u00f3n de la Universiada Nacional. San Luis Potos\u00ed forma parte de la Regi\u00f3n No. 5, que incluye a Quer\u00e9taro, Guanajuato y Aguascalientes.<\/p>\n<p style=\"text-align: justify;\">Cada estado cuenta con un delegado que representa a todas las instituciones de educaci\u00f3n superior y es responsable de organizar las eliminatorias estatales, asegurando as\u00ed una adecuada representaci\u00f3n y participaci\u00f3n en los eventos deportivos a nivel nacional.<\/p>\n","protected":false},"excerpt":{"rendered":"<p>SLP.- En evento celebrado en la Universidad Polit\u00e9cnica de San Luis Potos\u00ed, se present\u00f3 al Mtro. Roy Aldrett Lara como el nuevo delegado para San Luis Potos\u00ed, en la Regi\u00f3n No. 5 del Consejo Nacional del Deporte de la Educaci\u00f3n (CONDDE), para el periodo 2025-2029. Este organismo tiene la importante responsabilidad de promover y coordinar el desarrollo del deporte universitario en todo M\u00e9xico, fomentando la participaci\u00f3n activa de las instituciones de educaci\u00f3n superior en competencias deportivas. Durante la reuni\u00f3n, se destac\u00f3 que el pasado 18 de febrero se llev\u00f3 a cabo una votaci\u00f3n entre los representantes de las universidades participantes: [&hellip;]<\/p>\n","protected":false},"author":2,"featured_media":161452,"comment_status":"closed","ping_status":"closed","sticky":false,"template":"","format":"video","meta":{"_monsterinsights_skip_tracking":false,"_monsterinsights_sitenote_active":false,"_monsterinsights_sitenote_note":"","_monsterinsights_sitenote_category":0,"footnotes":""},"categories":[7,5],"tags":[],"class_list":["post-161443","post","type-post","status-publish","format-video","has-post-thumbnail","hentry","category-deportes","category-destacadas","post_format-post-format-video","post--single"],"yoast_head":"<!-- This site is optimized with the Yoast SEO plugin v27.5 - https:\/\/yoast.com\/product\/yoast-seo-wordpress\/ -->\n<title>Nuevo Delegado del CONDDE en San Luis Potos\u00ed, Mtro. Roy Aldrett Lara - Canal 7 SLP - 2025<\/title>\n<meta name=\"robots\" content=\"index, follow, max-snippet:-1, max-image-preview:large, max-video-preview:-1\" \/>\n<link rel=\"canonical\" href=\"https:\/\/canal7slp.tv\/2025\/nuevo-delegado-del-condde-en-san-luis-potosi-mtro-roy-aldrett-lara\/\" \/>\n<meta property=\"og:locale\" content=\"es_ES\" \/>\n<meta property=\"og:type\" content=\"article\" \/>\n<meta property=\"og:title\" content=\"Nuevo Delegado del CONDDE en San Luis Potos\u00ed, Mtro. Roy Aldrett Lara - Canal 7 SLP - 2025\" \/>\n<meta property=\"og:description\" content=\"SLP.- En evento celebrado en la Universidad Polit\u00e9cnica de San Luis Potos\u00ed, se present\u00f3 al Mtro. Roy Aldrett Lara como el nuevo delegado para San Luis Potos\u00ed, en la Regi\u00f3n No. 5 del Consejo Nacional del Deporte de la Educaci\u00f3n (CONDDE), para el periodo 2025-2029. Este organismo tiene la importante responsabilidad de promover y coordinar el desarrollo del deporte universitario en todo M\u00e9xico, fomentando la participaci\u00f3n activa de las instituciones de educaci\u00f3n superior en competencias deportivas. Durante la reuni\u00f3n, se destac\u00f3 que el pasado 18 de febrero se llev\u00f3 a cabo una votaci\u00f3n entre los representantes de las universidades participantes: [&hellip;]\" \/>\n<meta property=\"og:url\" content=\"https:\/\/canal7slp.tv\/2025\/nuevo-delegado-del-condde-en-san-luis-potosi-mtro-roy-aldrett-lara\/\" \/>\n<meta property=\"og:site_name\" content=\"Canal 7 SLP - 2025\" \/>\n<meta property=\"article:publisher\" content=\"https:\/\/www.facebook.com\/noticieroscanal7atencionciudadana\/\" \/>\n<meta property=\"article:published_time\" content=\"2025-03-25T20:29:15+00:00\" \/>\n<meta property=\"og:image\" content=\"https:\/\/canal7slp.tv\/2025\/wp-content\/uploads\/2025\/03\/Froi01CONDDE.jpg\" \/>\n\t<meta property=\"og:image:width\" content=\"1280\" \/>\n\t<meta property=\"og:image:height\" content=\"720\" \/>\n\t<meta property=\"og:image:type\" content=\"image\/jpeg\" \/>\n<meta name=\"author\" content=\"Edici\u00f3n Web\" \/>\n<meta name=\"twitter:card\" content=\"summary_large_image\" \/>\n<meta name=\"twitter:creator\" content=\"@NOTICIEROS7\" \/>\n<meta name=\"twitter:site\" content=\"@NOTICIEROS7\" \/>\n<meta name=\"twitter:label1\" content=\"Escrito por\" \/>\n\t<meta name=\"twitter:data1\" content=\"Edici\u00f3n Web\" \/>\n\t<meta name=\"twitter:label2\" content=\"Tiempo de lectura\" \/>\n\t<meta name=\"twitter:data2\" content=\"2 minutos\" \/>\n<script type=\"application\/ld+json\" class=\"yoast-schema-graph\">{\"@context\":\"https:\\\/\\\/schema.org\",\"@graph\":[{\"@type\":\"Article\",\"@id\":\"https:\\\/\\\/canal7slp.tv\\\/2025\\\/nuevo-delegado-del-condde-en-san-luis-potosi-mtro-roy-aldrett-lara\\\/#article\",\"isPartOf\":{\"@id\":\"https:\\\/\\\/canal7slp.tv\\\/2025\\\/nuevo-delegado-del-condde-en-san-luis-potosi-mtro-roy-aldrett-lara\\\/\"},\"author\":{\"name\":\"Edici\u00f3n Web\",\"@id\":\"https:\\\/\\\/canal7slp.tv\\\/2025\\\/#\\\/schema\\\/person\\\/271e2b60a96e7cc9d9ac296f4d7e414b\"},\"headline\":\"Nuevo Delegado del CONDDE en San Luis Potos\u00ed, Mtro. Roy Aldrett Lara\",\"datePublished\":\"2025-03-25T20:29:15+00:00\",\"mainEntityOfPage\":{\"@id\":\"https:\\\/\\\/canal7slp.tv\\\/2025\\\/nuevo-delegado-del-condde-en-san-luis-potosi-mtro-roy-aldrett-lara\\\/\"},\"wordCount\":245,\"publisher\":{\"@id\":\"https:\\\/\\\/canal7slp.tv\\\/2025\\\/#organization\"},\"image\":{\"@id\":\"https:\\\/\\\/canal7slp.tv\\\/2025\\\/nuevo-delegado-del-condde-en-san-luis-potosi-mtro-roy-aldrett-lara\\\/#primaryimage\"},\"thumbnailUrl\":\"https:\\\/\\\/canal7slp.tv\\\/2025\\\/wp-content\\\/uploads\\\/2025\\\/03\\\/Froi01CONDDE.jpg\",\"articleSection\":[\"DEPORTES\",\"DESTACADAS\"],\"inLanguage\":\"es\"},{\"@type\":\"WebPage\",\"@id\":\"https:\\\/\\\/canal7slp.tv\\\/2025\\\/nuevo-delegado-del-condde-en-san-luis-potosi-mtro-roy-aldrett-lara\\\/\",\"url\":\"https:\\\/\\\/canal7slp.tv\\\/2025\\\/nuevo-delegado-del-condde-en-san-luis-potosi-mtro-roy-aldrett-lara\\\/\",\"name\":\"Nuevo Delegado del CONDDE en San Luis Potos\u00ed, Mtro. Roy Aldrett Lara - Canal 7 SLP - 2025\",\"isPartOf\":{\"@id\":\"https:\\\/\\\/canal7slp.tv\\\/2025\\\/#website\"},\"primaryImageOfPage\":{\"@id\":\"https:\\\/\\\/canal7slp.tv\\\/2025\\\/nuevo-delegado-del-condde-en-san-luis-potosi-mtro-roy-aldrett-lara\\\/#primaryimage\"},\"image\":{\"@id\":\"https:\\\/\\\/canal7slp.tv\\\/2025\\\/nuevo-delegado-del-condde-en-san-luis-potosi-mtro-roy-aldrett-lara\\\/#primaryimage\"},\"thumbnailUrl\":\"https:\\\/\\\/canal7slp.tv\\\/2025\\\/wp-content\\\/uploads\\\/2025\\\/03\\\/Froi01CONDDE.jpg\",\"datePublished\":\"2025-03-25T20:29:15+00:00\",\"breadcrumb\":{\"@id\":\"https:\\\/\\\/canal7slp.tv\\\/2025\\\/nuevo-delegado-del-condde-en-san-luis-potosi-mtro-roy-aldrett-lara\\\/#breadcrumb\"},\"inLanguage\":\"es\",\"potentialAction\":[{\"@type\":\"ReadAction\",\"target\":[\"https:\\\/\\\/canal7slp.tv\\\/2025\\\/nuevo-delegado-del-condde-en-san-luis-potosi-mtro-roy-aldrett-lara\\\/\"]}]},{\"@type\":\"ImageObject\",\"inLanguage\":\"es\",\"@id\":\"https:\\\/\\\/canal7slp.tv\\\/2025\\\/nuevo-delegado-del-condde-en-san-luis-potosi-mtro-roy-aldrett-lara\\\/#primaryimage\",\"url\":\"https:\\\/\\\/canal7slp.tv\\\/2025\\\/wp-content\\\/uploads\\\/2025\\\/03\\\/Froi01CONDDE.jpg\",\"contentUrl\":\"https:\\\/\\\/canal7slp.tv\\\/2025\\\/wp-content\\\/uploads\\\/2025\\\/03\\\/Froi01CONDDE.jpg\",\"width\":1280,\"height\":720},{\"@type\":\"BreadcrumbList\",\"@id\":\"https:\\\/\\\/canal7slp.tv\\\/2025\\\/nuevo-delegado-del-condde-en-san-luis-potosi-mtro-roy-aldrett-lara\\\/#breadcrumb\",\"itemListElement\":[{\"@type\":\"ListItem\",\"position\":1,\"name\":\"Portada\",\"item\":\"https:\\\/\\\/canal7slp.tv\\\/2025\\\/\"},{\"@type\":\"ListItem\",\"position\":2,\"name\":\"Nuevo Delegado del CONDDE en San Luis Potos\u00ed, Mtro. Roy Aldrett Lara\"}]},{\"@type\":\"WebSite\",\"@id\":\"https:\\\/\\\/canal7slp.tv\\\/2025\\\/#website\",\"url\":\"https:\\\/\\\/canal7slp.tv\\\/2025\\\/\",\"name\":\"N7 - Noticieros Canal 7\",\"description\":\"Somos el Medio\",\"publisher\":{\"@id\":\"https:\\\/\\\/canal7slp.tv\\\/2025\\\/#organization\"},\"potentialAction\":[{\"@type\":\"SearchAction\",\"target\":{\"@type\":\"EntryPoint\",\"urlTemplate\":\"https:\\\/\\\/canal7slp.tv\\\/2025\\\/?s={search_term_string}\"},\"query-input\":{\"@type\":\"PropertyValueSpecification\",\"valueRequired\":true,\"valueName\":\"search_term_string\"}}],\"inLanguage\":\"es\"},{\"@type\":\"Organization\",\"@id\":\"https:\\\/\\\/canal7slp.tv\\\/2025\\\/#organization\",\"name\":\"Noticieros Canal 7\",\"url\":\"https:\\\/\\\/canal7slp.tv\\\/2025\\\/\",\"logo\":{\"@type\":\"ImageObject\",\"inLanguage\":\"es\",\"@id\":\"https:\\\/\\\/canal7slp.tv\\\/2025\\\/#\\\/schema\\\/logo\\\/image\\\/\",\"url\":\"https:\\\/\\\/canal7slp.tv\\\/2025\\\/wp-content\\\/uploads\\\/2021\\\/01\\\/logo-noticieros@2x.png\",\"contentUrl\":\"https:\\\/\\\/canal7slp.tv\\\/2025\\\/wp-content\\\/uploads\\\/2021\\\/01\\\/logo-noticieros@2x.png\",\"width\":1017,\"height\":268,\"caption\":\"Noticieros Canal 7\"},\"image\":{\"@id\":\"https:\\\/\\\/canal7slp.tv\\\/2025\\\/#\\\/schema\\\/logo\\\/image\\\/\"},\"sameAs\":[\"https:\\\/\\\/www.facebook.com\\\/noticieroscanal7atencionciudadana\\\/\",\"https:\\\/\\\/x.com\\\/NOTICIEROS7\",\"https:\\\/\\\/www.instagram.com\\\/canal7_slp\",\"https:\\\/\\\/www.youtube.com\\\/channel\\\/UCliiYs-gP3JfJeqdPrNdd5A\"]},{\"@type\":\"Person\",\"@id\":\"https:\\\/\\\/canal7slp.tv\\\/2025\\\/#\\\/schema\\\/person\\\/271e2b60a96e7cc9d9ac296f4d7e414b\",\"name\":\"Edici\u00f3n Web\",\"image\":{\"@type\":\"ImageObject\",\"inLanguage\":\"es\",\"@id\":\"https:\\\/\\\/secure.gravatar.com\\\/avatar\\\/eee448fc3f7164808013b816ba91ac7e43bbe82a70bebac296f8bc6f0addaa1a?s=96&d=mm&r=g\",\"url\":\"https:\\\/\\\/secure.gravatar.com\\\/avatar\\\/eee448fc3f7164808013b816ba91ac7e43bbe82a70bebac296f8bc6f0addaa1a?s=96&d=mm&r=g\",\"contentUrl\":\"https:\\\/\\\/secure.gravatar.com\\\/avatar\\\/eee448fc3f7164808013b816ba91ac7e43bbe82a70bebac296f8bc6f0addaa1a?s=96&d=mm&r=g\",\"caption\":\"Edici\u00f3n Web\"},\"url\":\"https:\\\/\\\/canal7slp.tv\\\/2025\\\/author\\\/edicionweb\\\/\"}]}<\/script>\n<!-- \/ Yoast SEO plugin. -->","yoast_head_json":{"title":"Nuevo Delegado del CONDDE en San Luis Potos\u00ed, Mtro. Roy Aldrett Lara - Canal 7 SLP - 2025","robots":{"index":"index","follow":"follow","max-snippet":"max-snippet:-1","max-image-preview":"max-image-preview:large","max-video-preview":"max-video-preview:-1"},"canonical":"https:\/\/canal7slp.tv\/2025\/nuevo-delegado-del-condde-en-san-luis-potosi-mtro-roy-aldrett-lara\/","og_locale":"es_ES","og_type":"article","og_title":"Nuevo Delegado del CONDDE en San Luis Potos\u00ed, Mtro. Roy Aldrett Lara - Canal 7 SLP - 2025","og_description":"SLP.- En evento celebrado en la Universidad Polit\u00e9cnica de San Luis Potos\u00ed, se present\u00f3 al Mtro. Roy Aldrett Lara como el nuevo delegado para San Luis Potos\u00ed, en la Regi\u00f3n No. 5 del Consejo Nacional del Deporte de la Educaci\u00f3n (CONDDE), para el periodo 2025-2029. Este organismo tiene la importante responsabilidad de promover y coordinar el desarrollo del deporte universitario en todo M\u00e9xico, fomentando la participaci\u00f3n activa de las instituciones de educaci\u00f3n superior en competencias deportivas. Durante la reuni\u00f3n, se destac\u00f3 que el pasado 18 de febrero se llev\u00f3 a cabo una votaci\u00f3n entre los representantes de las universidades participantes: [&hellip;]","og_url":"https:\/\/canal7slp.tv\/2025\/nuevo-delegado-del-condde-en-san-luis-potosi-mtro-roy-aldrett-lara\/","og_site_name":"Canal 7 SLP - 2025","article_publisher":"https:\/\/www.facebook.com\/noticieroscanal7atencionciudadana\/","article_published_time":"2025-03-25T20:29:15+00:00","og_image":[{"width":1280,"height":720,"url":"https:\/\/canal7slp.tv\/2025\/wp-content\/uploads\/2025\/03\/Froi01CONDDE.jpg","type":"image\/jpeg"}],"author":"Edici\u00f3n Web","twitter_card":"summary_large_image","twitter_creator":"@NOTICIEROS7","twitter_site":"@NOTICIEROS7","twitter_misc":{"Escrito por":"Edici\u00f3n Web","Tiempo de lectura":"2 minutos"},"schema":{"@context":"https:\/\/schema.org","@graph":[{"@type":"Article","@id":"https:\/\/canal7slp.tv\/2025\/nuevo-delegado-del-condde-en-san-luis-potosi-mtro-roy-aldrett-lara\/#article","isPartOf":{"@id":"https:\/\/canal7slp.tv\/2025\/nuevo-delegado-del-condde-en-san-luis-potosi-mtro-roy-aldrett-lara\/"},"author":{"name":"Edici\u00f3n Web","@id":"https:\/\/canal7slp.tv\/2025\/#\/schema\/person\/271e2b60a96e7cc9d9ac296f4d7e414b"},"headline":"Nuevo Delegado del CONDDE en San Luis Potos\u00ed, Mtro. Roy Aldrett Lara","datePublished":"2025-03-25T20:29:15+00:00","mainEntityOfPage":{"@id":"https:\/\/canal7slp.tv\/2025\/nuevo-delegado-del-condde-en-san-luis-potosi-mtro-roy-aldrett-lara\/"},"wordCount":245,"publisher":{"@id":"https:\/\/canal7slp.tv\/2025\/#organization"},"image":{"@id":"https:\/\/canal7slp.tv\/2025\/nuevo-delegado-del-condde-en-san-luis-potosi-mtro-roy-aldrett-lara\/#primaryimage"},"thumbnailUrl":"https:\/\/canal7slp.tv\/2025\/wp-content\/uploads\/2025\/03\/Froi01CONDDE.jpg","articleSection":["DEPORTES","DESTACADAS"],"inLanguage":"es"},{"@type":"WebPage","@id":"https:\/\/canal7slp.tv\/2025\/nuevo-delegado-del-condde-en-san-luis-potosi-mtro-roy-aldrett-lara\/","url":"https:\/\/canal7slp.tv\/2025\/nuevo-delegado-del-condde-en-san-luis-potosi-mtro-roy-aldrett-lara\/","name":"Nuevo Delegado del CONDDE en San Luis Potos\u00ed, Mtro. Roy Aldrett Lara - Canal 7 SLP - 2025","isPartOf":{"@id":"https:\/\/canal7slp.tv\/2025\/#website"},"primaryImageOfPage":{"@id":"https:\/\/canal7slp.tv\/2025\/nuevo-delegado-del-condde-en-san-luis-potosi-mtro-roy-aldrett-lara\/#primaryimage"},"image":{"@id":"https:\/\/canal7slp.tv\/2025\/nuevo-delegado-del-condde-en-san-luis-potosi-mtro-roy-aldrett-lara\/#primaryimage"},"thumbnailUrl":"https:\/\/canal7slp.tv\/2025\/wp-content\/uploads\/2025\/03\/Froi01CONDDE.jpg","datePublished":"2025-03-25T20:29:15+00:00","breadcrumb":{"@id":"https:\/\/canal7slp.tv\/2025\/nuevo-delegado-del-condde-en-san-luis-potosi-mtro-roy-aldrett-lara\/#breadcrumb"},"inLanguage":"es","potentialAction":[{"@type":"ReadAction","target":["https:\/\/canal7slp.tv\/2025\/nuevo-delegado-del-condde-en-san-luis-potosi-mtro-roy-aldrett-lara\/"]}]},{"@type":"ImageObject","inLanguage":"es","@id":"https:\/\/canal7slp.tv\/2025\/nuevo-delegado-del-condde-en-san-luis-potosi-mtro-roy-aldrett-lara\/#primaryimage","url":"https:\/\/canal7slp.tv\/2025\/wp-content\/uploads\/2025\/03\/Froi01CONDDE.jpg","contentUrl":"https:\/\/canal7slp.tv\/2025\/wp-content\/uploads\/2025\/03\/Froi01CONDDE.jpg","width":1280,"height":720},{"@type":"BreadcrumbList","@id":"https:\/\/canal7slp.tv\/2025\/nuevo-delegado-del-condde-en-san-luis-potosi-mtro-roy-aldrett-lara\/#breadcrumb","itemListElement":[{"@type":"ListItem","position":1,"name":"Portada","item":"https:\/\/canal7slp.tv\/2025\/"},{"@type":"ListItem","position":2,"name":"Nuevo Delegado del CONDDE en San Luis Potos\u00ed, Mtro. Roy Aldrett Lara"}]},{"@type":"WebSite","@id":"https:\/\/canal7slp.tv\/2025\/#website","url":"https:\/\/canal7slp.tv\/2025\/","name":"N7 - Noticieros Canal 7","description":"Somos el Medio","publisher":{"@id":"https:\/\/canal7slp.tv\/2025\/#organization"},"potentialAction":[{"@type":"SearchAction","target":{"@type":"EntryPoint","urlTemplate":"https:\/\/canal7slp.tv\/2025\/?s={search_term_string}"},"query-input":{"@type":"PropertyValueSpecification","valueRequired":true,"valueName":"search_term_string"}}],"inLanguage":"es"},{"@type":"Organization","@id":"https:\/\/canal7slp.tv\/2025\/#organization","name":"Noticieros Canal 7","url":"https:\/\/canal7slp.tv\/2025\/","logo":{"@type":"ImageObject","inLanguage":"es","@id":"https:\/\/canal7slp.tv\/2025\/#\/schema\/logo\/image\/","url":"https:\/\/canal7slp.tv\/2025\/wp-content\/uploads\/2021\/01\/logo-noticieros@2x.png","contentUrl":"https:\/\/canal7slp.tv\/2025\/wp-content\/uploads\/2021\/01\/logo-noticieros@2x.png","width":1017,"height":268,"caption":"Noticieros Canal 7"},"image":{"@id":"https:\/\/canal7slp.tv\/2025\/#\/schema\/logo\/image\/"},"sameAs":["https:\/\/www.facebook.com\/noticieroscanal7atencionciudadana\/","https:\/\/x.com\/NOTICIEROS7","https:\/\/www.instagram.com\/canal7_slp","https:\/\/www.youtube.com\/channel\/UCliiYs-gP3JfJeqdPrNdd5A"]},{"@type":"Person","@id":"https:\/\/canal7slp.tv\/2025\/#\/schema\/person\/271e2b60a96e7cc9d9ac296f4d7e414b","name":"Edici\u00f3n Web","image":{"@type":"ImageObject","inLanguage":"es","@id":"https:\/\/secure.gravatar.com\/avatar\/eee448fc3f7164808013b816ba91ac7e43bbe82a70bebac296f8bc6f0addaa1a?s=96&d=mm&r=g","url":"https:\/\/secure.gravatar.com\/avatar\/eee448fc3f7164808013b816ba91ac7e43bbe82a70bebac296f8bc6f0addaa1a?s=96&d=mm&r=g","contentUrl":"https:\/\/secure.gravatar.com\/avatar\/eee448fc3f7164808013b816ba91ac7e43bbe82a70bebac296f8bc6f0addaa1a?s=96&d=mm&r=g","caption":"Edici\u00f3n Web"},"url":"https:\/\/canal7slp.tv\/2025\/author\/edicionweb\/"}]}},"_links":{"self":[{"href":"https:\/\/canal7slp.tv\/2025\/wp-json\/wp\/v2\/posts\/161443","targetHints":{"allow":["GET"]}}],"collection":[{"href":"https:\/\/canal7slp.tv\/2025\/wp-json\/wp\/v2\/posts"}],"about":[{"href":"https:\/\/canal7slp.tv\/2025\/wp-json\/wp\/v2\/types\/post"}],"author":[{"embeddable":true,"href":"https:\/\/canal7slp.tv\/2025\/wp-json\/wp\/v2\/users\/2"}],"replies":[{"embeddable":true,"href":"https:\/\/canal7slp.tv\/2025\/wp-json\/wp\/v2\/comments?post=161443"}],"version-history":[{"count":2,"href":"https:\/\/canal7slp.tv\/2025\/wp-json\/wp\/v2\/posts\/161443\/revisions"}],"predecessor-version":[{"id":161457,"href":"https:\/\/canal7slp.tv\/2025\/wp-json\/wp\/v2\/posts\/161443\/revisions\/161457"}],"wp:featuredmedia":[{"embeddable":true,"href":"https:\/\/canal7slp.tv\/2025\/wp-json\/wp\/v2\/media\/161452"}],"wp:attachment":[{"href":"https:\/\/canal7slp.tv\/2025\/wp-json\/wp\/v2\/media?parent=161443"}],"wp:term":[{"taxonomy":"category","embeddable":true,"href":"https:\/\/canal7slp.tv\/2025\/wp-json\/wp\/v2\/categories?post=161443"},{"taxonomy":"post_tag","embeddable":true,"href":"https:\/\/canal7slp.tv\/2025\/wp-json\/wp\/v2\/tags?post=161443"}],"curies":[{"name":"wp","href":"https:\/\/api.w.org\/{rel}","templated":true}]}}