{"id":161442,"date":"2025-03-25T14:46:20","date_gmt":"2025-03-25T20:46:20","guid":{"rendered":"https:\/\/canal7slp.tv\/2025\/?p=161442"},"modified":"2025-03-25T14:46:20","modified_gmt":"2025-03-25T20:46:20","slug":"fallece-lideresa-del-sutsge-bernardina-lara-arguelles","status":"publish","type":"post","link":"https:\/\/canal7slp.tv\/2025\/fallece-lideresa-del-sutsge-bernardina-lara-arguelles\/","title":{"rendered":"Fallece lideresa del SUTSGE, Bernardina Lara Arg\u00fcelles"},"content":{"rendered":"<p style=\"text-align: justify;\">SLP.- Este martes fue confirmado el fallecimiento de la lideresa del Sindicato \u00danico de Trabajadores al Servicio de Gobierno del Estado (SUTSGE) Bernardina Lara Arg\u00fcelles.<\/p>\n<p style=\"text-align: justify;\">Fue en octubre de 2024 cuando trascendi\u00f3 que ser\u00eda reelecta, con m\u00e1s de 71 por ciento de votos a favor -y el nuevo per\u00edodo llegar\u00eda a 2028-.<\/p>\n<p style=\"text-align: justify;\">Sin embargo, el Tribunal Estatal de Conciliaci\u00f3n y Arbitraje (TECA) descart\u00f3 la toma de nota y desde el Poder Ejecutivo Local no se reconoci\u00f3 al organismo.<\/p>\n<p style=\"text-align: justify;\">Ser\u00eda importante recordar que Bernardina Lara Arg\u00fcelles, al parecer enfrentaba enfermedades cr\u00f3nicas.<\/p>\n<p style=\"text-align: justify;\">Respecto las \u00faltimas apariciones p\u00fablicas, fue desde mayo de 2024 que se le vio durante la conmemoraci\u00f3n del D\u00eda del Trabajo.<\/p>\n<p style=\"text-align: justify;\">Su asistencia se hizo notar a bordo de una camioneta, con la protecci\u00f3n de barreras formadas por miembros del sindicato.<\/p>\n<p style=\"text-align: justify;\">El deceso de \u00abNina\u00bb Lara Arg\u00fcelles ha conmocionado a la plantilla laboral de la administraci\u00f3n estatal.<\/p>\n<p>Por: Paulina Rodr\u00edguez<\/p>\n","protected":false},"excerpt":{"rendered":"<p>SLP.- Este martes fue confirmado el fallecimiento de la lideresa del Sindicato \u00danico de Trabajadores al Servicio de Gobierno del Estado (SUTSGE) Bernardina Lara Arg\u00fcelles. Fue en octubre de 2024 cuando trascendi\u00f3 que ser\u00eda reelecta, con m\u00e1s de 71 por ciento de votos a favor -y el nuevo per\u00edodo llegar\u00eda a 2028-. Sin embargo, el Tribunal Estatal de Conciliaci\u00f3n y Arbitraje (TECA) descart\u00f3 la toma de nota y desde el Poder Ejecutivo Local no se reconoci\u00f3 al organismo. Ser\u00eda importante recordar que Bernardina Lara Arg\u00fcelles, al parecer enfrentaba enfermedades cr\u00f3nicas. Respecto las \u00faltimas apariciones p\u00fablicas, fue desde mayo de 2024 [&hellip;]<\/p>\n","protected":false},"author":2,"featured_media":161461,"comment_status":"closed","ping_status":"closed","sticky":false,"template":"","format":"video","meta":{"_monsterinsights_skip_tracking":false,"_monsterinsights_sitenote_active":false,"_monsterinsights_sitenote_note":"","_monsterinsights_sitenote_category":0,"footnotes":""},"categories":[5,45],"tags":[],"class_list":["post-161442","post","type-post","status-publish","format-video","has-post-thumbnail","hentry","category-destacadas","category-localesyregionales","post_format-post-format-video","post--single"],"yoast_head":"<!-- This site is optimized with the Yoast SEO plugin v27.5 - https:\/\/yoast.com\/product\/yoast-seo-wordpress\/ -->\n<title>Fallece lideresa del SUTSGE, Bernardina Lara Arg\u00fcelles - Canal 7 SLP - 2025<\/title>\n<meta name=\"robots\" content=\"index, follow, max-snippet:-1, max-image-preview:large, max-video-preview:-1\" \/>\n<link rel=\"canonical\" href=\"https:\/\/canal7slp.tv\/2025\/fallece-lideresa-del-sutsge-bernardina-lara-arguelles\/\" \/>\n<meta property=\"og:locale\" content=\"es_ES\" \/>\n<meta property=\"og:type\" content=\"article\" \/>\n<meta property=\"og:title\" content=\"Fallece lideresa del SUTSGE, Bernardina Lara Arg\u00fcelles - Canal 7 SLP - 2025\" \/>\n<meta property=\"og:description\" content=\"SLP.- Este martes fue confirmado el fallecimiento de la lideresa del Sindicato \u00danico de Trabajadores al Servicio de Gobierno del Estado (SUTSGE) Bernardina Lara Arg\u00fcelles. Fue en octubre de 2024 cuando trascendi\u00f3 que ser\u00eda reelecta, con m\u00e1s de 71 por ciento de votos a favor -y el nuevo per\u00edodo llegar\u00eda a 2028-. Sin embargo, el Tribunal Estatal de Conciliaci\u00f3n y Arbitraje (TECA) descart\u00f3 la toma de nota y desde el Poder Ejecutivo Local no se reconoci\u00f3 al organismo. Ser\u00eda importante recordar que Bernardina Lara Arg\u00fcelles, al parecer enfrentaba enfermedades cr\u00f3nicas. Respecto las \u00faltimas apariciones p\u00fablicas, fue desde mayo de 2024 [&hellip;]\" \/>\n<meta property=\"og:url\" content=\"https:\/\/canal7slp.tv\/2025\/fallece-lideresa-del-sutsge-bernardina-lara-arguelles\/\" \/>\n<meta property=\"og:site_name\" content=\"Canal 7 SLP - 2025\" \/>\n<meta property=\"article:publisher\" content=\"https:\/\/www.facebook.com\/noticieroscanal7atencionciudadana\/\" \/>\n<meta property=\"article:published_time\" content=\"2025-03-25T20:46:20+00:00\" \/>\n<meta property=\"og:image\" content=\"https:\/\/canal7slp.tv\/2025\/wp-content\/uploads\/2025\/03\/Pau01Nina.jpg\" \/>\n\t<meta property=\"og:image:width\" content=\"1280\" \/>\n\t<meta property=\"og:image:height\" content=\"720\" \/>\n\t<meta property=\"og:image:type\" content=\"image\/jpeg\" \/>\n<meta name=\"author\" content=\"Edici\u00f3n Web\" \/>\n<meta name=\"twitter:card\" content=\"summary_large_image\" \/>\n<meta name=\"twitter:creator\" content=\"@NOTICIEROS7\" \/>\n<meta name=\"twitter:site\" content=\"@NOTICIEROS7\" \/>\n<meta name=\"twitter:label1\" content=\"Escrito por\" \/>\n\t<meta name=\"twitter:data1\" content=\"Edici\u00f3n Web\" \/>\n\t<meta name=\"twitter:label2\" content=\"Tiempo de lectura\" \/>\n\t<meta name=\"twitter:data2\" content=\"1 minuto\" \/>\n<script type=\"application\/ld+json\" class=\"yoast-schema-graph\">{\"@context\":\"https:\\\/\\\/schema.org\",\"@graph\":[{\"@type\":\"Article\",\"@id\":\"https:\\\/\\\/canal7slp.tv\\\/2025\\\/fallece-lideresa-del-sutsge-bernardina-lara-arguelles\\\/#article\",\"isPartOf\":{\"@id\":\"https:\\\/\\\/canal7slp.tv\\\/2025\\\/fallece-lideresa-del-sutsge-bernardina-lara-arguelles\\\/\"},\"author\":{\"name\":\"Edici\u00f3n Web\",\"@id\":\"https:\\\/\\\/canal7slp.tv\\\/2025\\\/#\\\/schema\\\/person\\\/271e2b60a96e7cc9d9ac296f4d7e414b\"},\"headline\":\"Fallece lideresa del SUTSGE, Bernardina Lara Arg\u00fcelles\",\"datePublished\":\"2025-03-25T20:46:20+00:00\",\"mainEntityOfPage\":{\"@id\":\"https:\\\/\\\/canal7slp.tv\\\/2025\\\/fallece-lideresa-del-sutsge-bernardina-lara-arguelles\\\/\"},\"wordCount\":172,\"publisher\":{\"@id\":\"https:\\\/\\\/canal7slp.tv\\\/2025\\\/#organization\"},\"image\":{\"@id\":\"https:\\\/\\\/canal7slp.tv\\\/2025\\\/fallece-lideresa-del-sutsge-bernardina-lara-arguelles\\\/#primaryimage\"},\"thumbnailUrl\":\"https:\\\/\\\/canal7slp.tv\\\/2025\\\/wp-content\\\/uploads\\\/2025\\\/03\\\/Pau01Nina.jpg\",\"articleSection\":[\"DESTACADAS\",\"LOCALES Y REGIONALES\"],\"inLanguage\":\"es\"},{\"@type\":\"WebPage\",\"@id\":\"https:\\\/\\\/canal7slp.tv\\\/2025\\\/fallece-lideresa-del-sutsge-bernardina-lara-arguelles\\\/\",\"url\":\"https:\\\/\\\/canal7slp.tv\\\/2025\\\/fallece-lideresa-del-sutsge-bernardina-lara-arguelles\\\/\",\"name\":\"Fallece lideresa del SUTSGE, Bernardina Lara Arg\u00fcelles - Canal 7 SLP - 2025\",\"isPartOf\":{\"@id\":\"https:\\\/\\\/canal7slp.tv\\\/2025\\\/#website\"},\"primaryImageOfPage\":{\"@id\":\"https:\\\/\\\/canal7slp.tv\\\/2025\\\/fallece-lideresa-del-sutsge-bernardina-lara-arguelles\\\/#primaryimage\"},\"image\":{\"@id\":\"https:\\\/\\\/canal7slp.tv\\\/2025\\\/fallece-lideresa-del-sutsge-bernardina-lara-arguelles\\\/#primaryimage\"},\"thumbnailUrl\":\"https:\\\/\\\/canal7slp.tv\\\/2025\\\/wp-content\\\/uploads\\\/2025\\\/03\\\/Pau01Nina.jpg\",\"datePublished\":\"2025-03-25T20:46:20+00:00\",\"breadcrumb\":{\"@id\":\"https:\\\/\\\/canal7slp.tv\\\/2025\\\/fallece-lideresa-del-sutsge-bernardina-lara-arguelles\\\/#breadcrumb\"},\"inLanguage\":\"es\",\"potentialAction\":[{\"@type\":\"ReadAction\",\"target\":[\"https:\\\/\\\/canal7slp.tv\\\/2025\\\/fallece-lideresa-del-sutsge-bernardina-lara-arguelles\\\/\"]}]},{\"@type\":\"ImageObject\",\"inLanguage\":\"es\",\"@id\":\"https:\\\/\\\/canal7slp.tv\\\/2025\\\/fallece-lideresa-del-sutsge-bernardina-lara-arguelles\\\/#primaryimage\",\"url\":\"https:\\\/\\\/canal7slp.tv\\\/2025\\\/wp-content\\\/uploads\\\/2025\\\/03\\\/Pau01Nina.jpg\",\"contentUrl\":\"https:\\\/\\\/canal7slp.tv\\\/2025\\\/wp-content\\\/uploads\\\/2025\\\/03\\\/Pau01Nina.jpg\",\"width\":1280,\"height\":720},{\"@type\":\"BreadcrumbList\",\"@id\":\"https:\\\/\\\/canal7slp.tv\\\/2025\\\/fallece-lideresa-del-sutsge-bernardina-lara-arguelles\\\/#breadcrumb\",\"itemListElement\":[{\"@type\":\"ListItem\",\"position\":1,\"name\":\"Portada\",\"item\":\"https:\\\/\\\/canal7slp.tv\\\/2025\\\/\"},{\"@type\":\"ListItem\",\"position\":2,\"name\":\"Fallece lideresa del SUTSGE, Bernardina Lara Arg\u00fcelles\"}]},{\"@type\":\"WebSite\",\"@id\":\"https:\\\/\\\/canal7slp.tv\\\/2025\\\/#website\",\"url\":\"https:\\\/\\\/canal7slp.tv\\\/2025\\\/\",\"name\":\"N7 - Noticieros Canal 7\",\"description\":\"Somos el Medio\",\"publisher\":{\"@id\":\"https:\\\/\\\/canal7slp.tv\\\/2025\\\/#organization\"},\"potentialAction\":[{\"@type\":\"SearchAction\",\"target\":{\"@type\":\"EntryPoint\",\"urlTemplate\":\"https:\\\/\\\/canal7slp.tv\\\/2025\\\/?s={search_term_string}\"},\"query-input\":{\"@type\":\"PropertyValueSpecification\",\"valueRequired\":true,\"valueName\":\"search_term_string\"}}],\"inLanguage\":\"es\"},{\"@type\":\"Organization\",\"@id\":\"https:\\\/\\\/canal7slp.tv\\\/2025\\\/#organization\",\"name\":\"Noticieros Canal 7\",\"url\":\"https:\\\/\\\/canal7slp.tv\\\/2025\\\/\",\"logo\":{\"@type\":\"ImageObject\",\"inLanguage\":\"es\",\"@id\":\"https:\\\/\\\/canal7slp.tv\\\/2025\\\/#\\\/schema\\\/logo\\\/image\\\/\",\"url\":\"https:\\\/\\\/canal7slp.tv\\\/2025\\\/wp-content\\\/uploads\\\/2021\\\/01\\\/logo-noticieros@2x.png\",\"contentUrl\":\"https:\\\/\\\/canal7slp.tv\\\/2025\\\/wp-content\\\/uploads\\\/2021\\\/01\\\/logo-noticieros@2x.png\",\"width\":1017,\"height\":268,\"caption\":\"Noticieros Canal 7\"},\"image\":{\"@id\":\"https:\\\/\\\/canal7slp.tv\\\/2025\\\/#\\\/schema\\\/logo\\\/image\\\/\"},\"sameAs\":[\"https:\\\/\\\/www.facebook.com\\\/noticieroscanal7atencionciudadana\\\/\",\"https:\\\/\\\/x.com\\\/NOTICIEROS7\",\"https:\\\/\\\/www.instagram.com\\\/canal7_slp\",\"https:\\\/\\\/www.youtube.com\\\/channel\\\/UCliiYs-gP3JfJeqdPrNdd5A\"]},{\"@type\":\"Person\",\"@id\":\"https:\\\/\\\/canal7slp.tv\\\/2025\\\/#\\\/schema\\\/person\\\/271e2b60a96e7cc9d9ac296f4d7e414b\",\"name\":\"Edici\u00f3n Web\",\"image\":{\"@type\":\"ImageObject\",\"inLanguage\":\"es\",\"@id\":\"https:\\\/\\\/secure.gravatar.com\\\/avatar\\\/eee448fc3f7164808013b816ba91ac7e43bbe82a70bebac296f8bc6f0addaa1a?s=96&d=mm&r=g\",\"url\":\"https:\\\/\\\/secure.gravatar.com\\\/avatar\\\/eee448fc3f7164808013b816ba91ac7e43bbe82a70bebac296f8bc6f0addaa1a?s=96&d=mm&r=g\",\"contentUrl\":\"https:\\\/\\\/secure.gravatar.com\\\/avatar\\\/eee448fc3f7164808013b816ba91ac7e43bbe82a70bebac296f8bc6f0addaa1a?s=96&d=mm&r=g\",\"caption\":\"Edici\u00f3n Web\"},\"url\":\"https:\\\/\\\/canal7slp.tv\\\/2025\\\/author\\\/edicionweb\\\/\"}]}<\/script>\n<!-- \/ Yoast SEO plugin. -->","yoast_head_json":{"title":"Fallece lideresa del SUTSGE, Bernardina Lara Arg\u00fcelles - Canal 7 SLP - 2025","robots":{"index":"index","follow":"follow","max-snippet":"max-snippet:-1","max-image-preview":"max-image-preview:large","max-video-preview":"max-video-preview:-1"},"canonical":"https:\/\/canal7slp.tv\/2025\/fallece-lideresa-del-sutsge-bernardina-lara-arguelles\/","og_locale":"es_ES","og_type":"article","og_title":"Fallece lideresa del SUTSGE, Bernardina Lara Arg\u00fcelles - Canal 7 SLP - 2025","og_description":"SLP.- Este martes fue confirmado el fallecimiento de la lideresa del Sindicato \u00danico de Trabajadores al Servicio de Gobierno del Estado (SUTSGE) Bernardina Lara Arg\u00fcelles. Fue en octubre de 2024 cuando trascendi\u00f3 que ser\u00eda reelecta, con m\u00e1s de 71 por ciento de votos a favor -y el nuevo per\u00edodo llegar\u00eda a 2028-. Sin embargo, el Tribunal Estatal de Conciliaci\u00f3n y Arbitraje (TECA) descart\u00f3 la toma de nota y desde el Poder Ejecutivo Local no se reconoci\u00f3 al organismo. Ser\u00eda importante recordar que Bernardina Lara Arg\u00fcelles, al parecer enfrentaba enfermedades cr\u00f3nicas. Respecto las \u00faltimas apariciones p\u00fablicas, fue desde mayo de 2024 [&hellip;]","og_url":"https:\/\/canal7slp.tv\/2025\/fallece-lideresa-del-sutsge-bernardina-lara-arguelles\/","og_site_name":"Canal 7 SLP - 2025","article_publisher":"https:\/\/www.facebook.com\/noticieroscanal7atencionciudadana\/","article_published_time":"2025-03-25T20:46:20+00:00","og_image":[{"width":1280,"height":720,"url":"https:\/\/canal7slp.tv\/2025\/wp-content\/uploads\/2025\/03\/Pau01Nina.jpg","type":"image\/jpeg"}],"author":"Edici\u00f3n Web","twitter_card":"summary_large_image","twitter_creator":"@NOTICIEROS7","twitter_site":"@NOTICIEROS7","twitter_misc":{"Escrito por":"Edici\u00f3n Web","Tiempo de lectura":"1 minuto"},"schema":{"@context":"https:\/\/schema.org","@graph":[{"@type":"Article","@id":"https:\/\/canal7slp.tv\/2025\/fallece-lideresa-del-sutsge-bernardina-lara-arguelles\/#article","isPartOf":{"@id":"https:\/\/canal7slp.tv\/2025\/fallece-lideresa-del-sutsge-bernardina-lara-arguelles\/"},"author":{"name":"Edici\u00f3n Web","@id":"https:\/\/canal7slp.tv\/2025\/#\/schema\/person\/271e2b60a96e7cc9d9ac296f4d7e414b"},"headline":"Fallece lideresa del SUTSGE, Bernardina Lara Arg\u00fcelles","datePublished":"2025-03-25T20:46:20+00:00","mainEntityOfPage":{"@id":"https:\/\/canal7slp.tv\/2025\/fallece-lideresa-del-sutsge-bernardina-lara-arguelles\/"},"wordCount":172,"publisher":{"@id":"https:\/\/canal7slp.tv\/2025\/#organization"},"image":{"@id":"https:\/\/canal7slp.tv\/2025\/fallece-lideresa-del-sutsge-bernardina-lara-arguelles\/#primaryimage"},"thumbnailUrl":"https:\/\/canal7slp.tv\/2025\/wp-content\/uploads\/2025\/03\/Pau01Nina.jpg","articleSection":["DESTACADAS","LOCALES Y REGIONALES"],"inLanguage":"es"},{"@type":"WebPage","@id":"https:\/\/canal7slp.tv\/2025\/fallece-lideresa-del-sutsge-bernardina-lara-arguelles\/","url":"https:\/\/canal7slp.tv\/2025\/fallece-lideresa-del-sutsge-bernardina-lara-arguelles\/","name":"Fallece lideresa del SUTSGE, Bernardina Lara Arg\u00fcelles - Canal 7 SLP - 2025","isPartOf":{"@id":"https:\/\/canal7slp.tv\/2025\/#website"},"primaryImageOfPage":{"@id":"https:\/\/canal7slp.tv\/2025\/fallece-lideresa-del-sutsge-bernardina-lara-arguelles\/#primaryimage"},"image":{"@id":"https:\/\/canal7slp.tv\/2025\/fallece-lideresa-del-sutsge-bernardina-lara-arguelles\/#primaryimage"},"thumbnailUrl":"https:\/\/canal7slp.tv\/2025\/wp-content\/uploads\/2025\/03\/Pau01Nina.jpg","datePublished":"2025-03-25T20:46:20+00:00","breadcrumb":{"@id":"https:\/\/canal7slp.tv\/2025\/fallece-lideresa-del-sutsge-bernardina-lara-arguelles\/#breadcrumb"},"inLanguage":"es","potentialAction":[{"@type":"ReadAction","target":["https:\/\/canal7slp.tv\/2025\/fallece-lideresa-del-sutsge-bernardina-lara-arguelles\/"]}]},{"@type":"ImageObject","inLanguage":"es","@id":"https:\/\/canal7slp.tv\/2025\/fallece-lideresa-del-sutsge-bernardina-lara-arguelles\/#primaryimage","url":"https:\/\/canal7slp.tv\/2025\/wp-content\/uploads\/2025\/03\/Pau01Nina.jpg","contentUrl":"https:\/\/canal7slp.tv\/2025\/wp-content\/uploads\/2025\/03\/Pau01Nina.jpg","width":1280,"height":720},{"@type":"BreadcrumbList","@id":"https:\/\/canal7slp.tv\/2025\/fallece-lideresa-del-sutsge-bernardina-lara-arguelles\/#breadcrumb","itemListElement":[{"@type":"ListItem","position":1,"name":"Portada","item":"https:\/\/canal7slp.tv\/2025\/"},{"@type":"ListItem","position":2,"name":"Fallece lideresa del SUTSGE, Bernardina Lara Arg\u00fcelles"}]},{"@type":"WebSite","@id":"https:\/\/canal7slp.tv\/2025\/#website","url":"https:\/\/canal7slp.tv\/2025\/","name":"N7 - Noticieros Canal 7","description":"Somos el Medio","publisher":{"@id":"https:\/\/canal7slp.tv\/2025\/#organization"},"potentialAction":[{"@type":"SearchAction","target":{"@type":"EntryPoint","urlTemplate":"https:\/\/canal7slp.tv\/2025\/?s={search_term_string}"},"query-input":{"@type":"PropertyValueSpecification","valueRequired":true,"valueName":"search_term_string"}}],"inLanguage":"es"},{"@type":"Organization","@id":"https:\/\/canal7slp.tv\/2025\/#organization","name":"Noticieros Canal 7","url":"https:\/\/canal7slp.tv\/2025\/","logo":{"@type":"ImageObject","inLanguage":"es","@id":"https:\/\/canal7slp.tv\/2025\/#\/schema\/logo\/image\/","url":"https:\/\/canal7slp.tv\/2025\/wp-content\/uploads\/2021\/01\/logo-noticieros@2x.png","contentUrl":"https:\/\/canal7slp.tv\/2025\/wp-content\/uploads\/2021\/01\/logo-noticieros@2x.png","width":1017,"height":268,"caption":"Noticieros Canal 7"},"image":{"@id":"https:\/\/canal7slp.tv\/2025\/#\/schema\/logo\/image\/"},"sameAs":["https:\/\/www.facebook.com\/noticieroscanal7atencionciudadana\/","https:\/\/x.com\/NOTICIEROS7","https:\/\/www.instagram.com\/canal7_slp","https:\/\/www.youtube.com\/channel\/UCliiYs-gP3JfJeqdPrNdd5A"]},{"@type":"Person","@id":"https:\/\/canal7slp.tv\/2025\/#\/schema\/person\/271e2b60a96e7cc9d9ac296f4d7e414b","name":"Edici\u00f3n Web","image":{"@type":"ImageObject","inLanguage":"es","@id":"https:\/\/secure.gravatar.com\/avatar\/eee448fc3f7164808013b816ba91ac7e43bbe82a70bebac296f8bc6f0addaa1a?s=96&d=mm&r=g","url":"https:\/\/secure.gravatar.com\/avatar\/eee448fc3f7164808013b816ba91ac7e43bbe82a70bebac296f8bc6f0addaa1a?s=96&d=mm&r=g","contentUrl":"https:\/\/secure.gravatar.com\/avatar\/eee448fc3f7164808013b816ba91ac7e43bbe82a70bebac296f8bc6f0addaa1a?s=96&d=mm&r=g","caption":"Edici\u00f3n Web"},"url":"https:\/\/canal7slp.tv\/2025\/author\/edicionweb\/"}]}},"_links":{"self":[{"href":"https:\/\/canal7slp.tv\/2025\/wp-json\/wp\/v2\/posts\/161442","targetHints":{"allow":["GET"]}}],"collection":[{"href":"https:\/\/canal7slp.tv\/2025\/wp-json\/wp\/v2\/posts"}],"about":[{"href":"https:\/\/canal7slp.tv\/2025\/wp-json\/wp\/v2\/types\/post"}],"author":[{"embeddable":true,"href":"https:\/\/canal7slp.tv\/2025\/wp-json\/wp\/v2\/users\/2"}],"replies":[{"embeddable":true,"href":"https:\/\/canal7slp.tv\/2025\/wp-json\/wp\/v2\/comments?post=161442"}],"version-history":[{"count":2,"href":"https:\/\/canal7slp.tv\/2025\/wp-json\/wp\/v2\/posts\/161442\/revisions"}],"predecessor-version":[{"id":161462,"href":"https:\/\/canal7slp.tv\/2025\/wp-json\/wp\/v2\/posts\/161442\/revisions\/161462"}],"wp:featuredmedia":[{"embeddable":true,"href":"https:\/\/canal7slp.tv\/2025\/wp-json\/wp\/v2\/media\/161461"}],"wp:attachment":[{"href":"https:\/\/canal7slp.tv\/2025\/wp-json\/wp\/v2\/media?parent=161442"}],"wp:term":[{"taxonomy":"category","embeddable":true,"href":"https:\/\/canal7slp.tv\/2025\/wp-json\/wp\/v2\/categories?post=161442"},{"taxonomy":"post_tag","embeddable":true,"href":"https:\/\/canal7slp.tv\/2025\/wp-json\/wp\/v2\/tags?post=161442"}],"curies":[{"name":"wp","href":"https:\/\/api.w.org\/{rel}","templated":true}]}}