{"id":161432,"date":"2025-03-25T13:44:08","date_gmt":"2025-03-25T19:44:08","guid":{"rendered":"https:\/\/canal7slp.tv\/2025\/?p=161432"},"modified":"2025-03-25T13:44:08","modified_gmt":"2025-03-25T19:44:08","slug":"fgr-toma-posesion-del-rancho-izaguirre-e-inicia-investigacion-federal","status":"publish","type":"post","link":"https:\/\/canal7slp.tv\/2025\/fgr-toma-posesion-del-rancho-izaguirre-e-inicia-investigacion-federal\/","title":{"rendered":"FGR toma posesi\u00f3n del rancho Izaguirre e inicia investigaci\u00f3n federal"},"content":{"rendered":"<p style=\"text-align: justify;\">Teuchitl\u00e1n.- La madrugada de este martes, el fiscal General de la Rep\u00fablica, Alejandro Gertz Manero, inform\u00f3 que la Fiscal\u00eda General de la Rep\u00fablica (FGR) tom\u00f3 posesi\u00f3n del rancho Izaguirre, ubicado en Teuchitl\u00e1n, Jalisco, el cual operaba como campo de entrenamiento del C\u00e1rtel Jalisco Nueva Generaci\u00f3n (CJNG).<\/p>\n<p style=\"text-align: justify;\">Esta acci\u00f3n se llev\u00f3 a cabo tras la detenci\u00f3n de Jos\u00e9 Gregorio \u00abN\u00bb, alias \u00abEl Lastra\u00bb, presunto integrante del grupo criminal, quien ya fue trasladado a un penal de alta seguridad.<\/p>\n<p style=\"text-align: justify;\">Gertz Manero explic\u00f3 que, aunque la investigaci\u00f3n estaba originalmente bajo la jurisdicci\u00f3n de la Fiscal\u00eda de Jalisco, ahora ha pasado al \u00e1mbito federal, lo que permitir\u00e1 a peritos de la FGR ingresar al rancho para esclarecer los hechos ocurridos en el lugar. En las pr\u00f3ximas horas, se establecer\u00e1n los plazos para la entrega de los an\u00e1lisis forenses, y la Fiscal\u00eda estatal deber\u00e1 entregar toda la documentaci\u00f3n y evidencia recabada, incluidos restos \u00f3seos y pertenencias de posibles v\u00edctimas.<\/p>\n<p style=\"text-align: justify;\">El fiscal tambi\u00e9n abord\u00f3 la controversia generada por una reciente visita al rancho, en la que se permiti\u00f3 el acceso a medios de comunicaci\u00f3n y colectivos de b\u00fasqueda sin notificaci\u00f3n previa a las autoridades federales. Calific\u00f3 esta decisi\u00f3n como irresponsable, al considerar que pudo haber afectado la investigaci\u00f3n en curso. No obstante, asegur\u00f3 que la FGR garantizar\u00e1 transparencia en el proceso y dar\u00e1 a conocer los avances de manera gradual.<\/p>\n<p style=\"text-align: justify;\">Por su parte, el secretario de Seguridad P\u00fablica, Omar Garc\u00eda Harfuch, aclar\u00f3 que, hasta el momento, no hay evidencia de que el rancho Izaguirre haya funcionado como un campo de exterminio, aunque s\u00ed se han documentado homicidios en el sitio. Seg\u00fan el funcionario, esta distinci\u00f3n es clave en el desarrollo de la investigaci\u00f3n.<\/p>\n<p style=\"text-align: justify;\">En la conferencia, la presidenta Claudia Sheinbaum reiter\u00f3 el compromiso del gobierno federal con la verdad y la transparencia en este caso, asegurando que cualquier delito ser\u00e1 perseguido y que corresponde a la FGR llevar a cabo las diligencias necesarias.<\/p>\n<p style=\"text-align: justify;\">\n","protected":false},"excerpt":{"rendered":"<p>Teuchitl\u00e1n.- La madrugada de este martes, el fiscal General de la Rep\u00fablica, Alejandro Gertz Manero, inform\u00f3 que la Fiscal\u00eda General de la Rep\u00fablica (FGR) tom\u00f3 posesi\u00f3n del rancho Izaguirre, ubicado en Teuchitl\u00e1n, Jalisco, el cual operaba como campo de entrenamiento del C\u00e1rtel Jalisco Nueva Generaci\u00f3n (CJNG). Esta acci\u00f3n se llev\u00f3 a cabo tras la detenci\u00f3n de Jos\u00e9 Gregorio \u00abN\u00bb, alias \u00abEl Lastra\u00bb, presunto integrante del grupo criminal, quien ya fue trasladado a un penal de alta seguridad. Gertz Manero explic\u00f3 que, aunque la investigaci\u00f3n estaba originalmente bajo la jurisdicci\u00f3n de la Fiscal\u00eda de Jalisco, ahora ha pasado al \u00e1mbito federal, [&hellip;]<\/p>\n","protected":false},"author":2,"featured_media":161433,"comment_status":"closed","ping_status":"closed","sticky":false,"template":"","format":"standard","meta":{"_monsterinsights_skip_tracking":false,"_monsterinsights_sitenote_active":false,"_monsterinsights_sitenote_note":"","_monsterinsights_sitenote_category":0,"footnotes":""},"categories":[46],"tags":[],"class_list":["post-161432","post","type-post","status-publish","format-standard","has-post-thumbnail","hentry","category-nacional","post--single"],"yoast_head":"<!-- This site is optimized with the Yoast SEO plugin v27.5 - https:\/\/yoast.com\/product\/yoast-seo-wordpress\/ -->\n<title>FGR toma posesi\u00f3n del rancho Izaguirre e inicia investigaci\u00f3n federal - Canal 7 SLP - 2025<\/title>\n<meta name=\"robots\" content=\"index, follow, max-snippet:-1, max-image-preview:large, max-video-preview:-1\" \/>\n<link rel=\"canonical\" href=\"https:\/\/canal7slp.tv\/2025\/fgr-toma-posesion-del-rancho-izaguirre-e-inicia-investigacion-federal\/\" \/>\n<meta property=\"og:locale\" content=\"es_ES\" \/>\n<meta property=\"og:type\" content=\"article\" \/>\n<meta property=\"og:title\" content=\"FGR toma posesi\u00f3n del rancho Izaguirre e inicia investigaci\u00f3n federal - Canal 7 SLP - 2025\" \/>\n<meta property=\"og:description\" content=\"Teuchitl\u00e1n.- La madrugada de este martes, el fiscal General de la Rep\u00fablica, Alejandro Gertz Manero, inform\u00f3 que la Fiscal\u00eda General de la Rep\u00fablica (FGR) tom\u00f3 posesi\u00f3n del rancho Izaguirre, ubicado en Teuchitl\u00e1n, Jalisco, el cual operaba como campo de entrenamiento del C\u00e1rtel Jalisco Nueva Generaci\u00f3n (CJNG). Esta acci\u00f3n se llev\u00f3 a cabo tras la detenci\u00f3n de Jos\u00e9 Gregorio \u00abN\u00bb, alias \u00abEl Lastra\u00bb, presunto integrante del grupo criminal, quien ya fue trasladado a un penal de alta seguridad. Gertz Manero explic\u00f3 que, aunque la investigaci\u00f3n estaba originalmente bajo la jurisdicci\u00f3n de la Fiscal\u00eda de Jalisco, ahora ha pasado al \u00e1mbito federal, [&hellip;]\" \/>\n<meta property=\"og:url\" content=\"https:\/\/canal7slp.tv\/2025\/fgr-toma-posesion-del-rancho-izaguirre-e-inicia-investigacion-federal\/\" \/>\n<meta property=\"og:site_name\" content=\"Canal 7 SLP - 2025\" \/>\n<meta property=\"article:publisher\" content=\"https:\/\/www.facebook.com\/noticieroscanal7atencionciudadana\/\" \/>\n<meta property=\"article:published_time\" content=\"2025-03-25T19:44:08+00:00\" \/>\n<meta property=\"og:image\" content=\"https:\/\/canal7slp.tv\/2025\/wp-content\/uploads\/2025\/03\/02-17.jpg\" \/>\n\t<meta property=\"og:image:width\" content=\"811\" \/>\n\t<meta property=\"og:image:height\" content=\"500\" \/>\n\t<meta property=\"og:image:type\" content=\"image\/jpeg\" \/>\n<meta name=\"author\" content=\"Edici\u00f3n Web\" \/>\n<meta name=\"twitter:card\" content=\"summary_large_image\" \/>\n<meta name=\"twitter:creator\" content=\"@NOTICIEROS7\" \/>\n<meta name=\"twitter:site\" content=\"@NOTICIEROS7\" \/>\n<meta name=\"twitter:label1\" content=\"Escrito por\" \/>\n\t<meta name=\"twitter:data1\" content=\"Edici\u00f3n Web\" \/>\n\t<meta name=\"twitter:label2\" content=\"Tiempo de lectura\" \/>\n\t<meta name=\"twitter:data2\" content=\"2 minutos\" \/>\n<script type=\"application\/ld+json\" class=\"yoast-schema-graph\">{\"@context\":\"https:\\\/\\\/schema.org\",\"@graph\":[{\"@type\":\"Article\",\"@id\":\"https:\\\/\\\/canal7slp.tv\\\/2025\\\/fgr-toma-posesion-del-rancho-izaguirre-e-inicia-investigacion-federal\\\/#article\",\"isPartOf\":{\"@id\":\"https:\\\/\\\/canal7slp.tv\\\/2025\\\/fgr-toma-posesion-del-rancho-izaguirre-e-inicia-investigacion-federal\\\/\"},\"author\":{\"name\":\"Edici\u00f3n Web\",\"@id\":\"https:\\\/\\\/canal7slp.tv\\\/2025\\\/#\\\/schema\\\/person\\\/271e2b60a96e7cc9d9ac296f4d7e414b\"},\"headline\":\"FGR toma posesi\u00f3n del rancho Izaguirre e inicia investigaci\u00f3n federal\",\"datePublished\":\"2025-03-25T19:44:08+00:00\",\"mainEntityOfPage\":{\"@id\":\"https:\\\/\\\/canal7slp.tv\\\/2025\\\/fgr-toma-posesion-del-rancho-izaguirre-e-inicia-investigacion-federal\\\/\"},\"wordCount\":360,\"publisher\":{\"@id\":\"https:\\\/\\\/canal7slp.tv\\\/2025\\\/#organization\"},\"image\":{\"@id\":\"https:\\\/\\\/canal7slp.tv\\\/2025\\\/fgr-toma-posesion-del-rancho-izaguirre-e-inicia-investigacion-federal\\\/#primaryimage\"},\"thumbnailUrl\":\"https:\\\/\\\/canal7slp.tv\\\/2025\\\/wp-content\\\/uploads\\\/2025\\\/03\\\/02-17.jpg\",\"articleSection\":[\"NACIONALES\"],\"inLanguage\":\"es\"},{\"@type\":\"WebPage\",\"@id\":\"https:\\\/\\\/canal7slp.tv\\\/2025\\\/fgr-toma-posesion-del-rancho-izaguirre-e-inicia-investigacion-federal\\\/\",\"url\":\"https:\\\/\\\/canal7slp.tv\\\/2025\\\/fgr-toma-posesion-del-rancho-izaguirre-e-inicia-investigacion-federal\\\/\",\"name\":\"FGR toma posesi\u00f3n del rancho Izaguirre e inicia investigaci\u00f3n federal - Canal 7 SLP - 2025\",\"isPartOf\":{\"@id\":\"https:\\\/\\\/canal7slp.tv\\\/2025\\\/#website\"},\"primaryImageOfPage\":{\"@id\":\"https:\\\/\\\/canal7slp.tv\\\/2025\\\/fgr-toma-posesion-del-rancho-izaguirre-e-inicia-investigacion-federal\\\/#primaryimage\"},\"image\":{\"@id\":\"https:\\\/\\\/canal7slp.tv\\\/2025\\\/fgr-toma-posesion-del-rancho-izaguirre-e-inicia-investigacion-federal\\\/#primaryimage\"},\"thumbnailUrl\":\"https:\\\/\\\/canal7slp.tv\\\/2025\\\/wp-content\\\/uploads\\\/2025\\\/03\\\/02-17.jpg\",\"datePublished\":\"2025-03-25T19:44:08+00:00\",\"breadcrumb\":{\"@id\":\"https:\\\/\\\/canal7slp.tv\\\/2025\\\/fgr-toma-posesion-del-rancho-izaguirre-e-inicia-investigacion-federal\\\/#breadcrumb\"},\"inLanguage\":\"es\",\"potentialAction\":[{\"@type\":\"ReadAction\",\"target\":[\"https:\\\/\\\/canal7slp.tv\\\/2025\\\/fgr-toma-posesion-del-rancho-izaguirre-e-inicia-investigacion-federal\\\/\"]}]},{\"@type\":\"ImageObject\",\"inLanguage\":\"es\",\"@id\":\"https:\\\/\\\/canal7slp.tv\\\/2025\\\/fgr-toma-posesion-del-rancho-izaguirre-e-inicia-investigacion-federal\\\/#primaryimage\",\"url\":\"https:\\\/\\\/canal7slp.tv\\\/2025\\\/wp-content\\\/uploads\\\/2025\\\/03\\\/02-17.jpg\",\"contentUrl\":\"https:\\\/\\\/canal7slp.tv\\\/2025\\\/wp-content\\\/uploads\\\/2025\\\/03\\\/02-17.jpg\",\"width\":811,\"height\":500},{\"@type\":\"BreadcrumbList\",\"@id\":\"https:\\\/\\\/canal7slp.tv\\\/2025\\\/fgr-toma-posesion-del-rancho-izaguirre-e-inicia-investigacion-federal\\\/#breadcrumb\",\"itemListElement\":[{\"@type\":\"ListItem\",\"position\":1,\"name\":\"Portada\",\"item\":\"https:\\\/\\\/canal7slp.tv\\\/2025\\\/\"},{\"@type\":\"ListItem\",\"position\":2,\"name\":\"FGR toma posesi\u00f3n del rancho Izaguirre e inicia investigaci\u00f3n federal\"}]},{\"@type\":\"WebSite\",\"@id\":\"https:\\\/\\\/canal7slp.tv\\\/2025\\\/#website\",\"url\":\"https:\\\/\\\/canal7slp.tv\\\/2025\\\/\",\"name\":\"N7 - Noticieros Canal 7\",\"description\":\"Somos el Medio\",\"publisher\":{\"@id\":\"https:\\\/\\\/canal7slp.tv\\\/2025\\\/#organization\"},\"potentialAction\":[{\"@type\":\"SearchAction\",\"target\":{\"@type\":\"EntryPoint\",\"urlTemplate\":\"https:\\\/\\\/canal7slp.tv\\\/2025\\\/?s={search_term_string}\"},\"query-input\":{\"@type\":\"PropertyValueSpecification\",\"valueRequired\":true,\"valueName\":\"search_term_string\"}}],\"inLanguage\":\"es\"},{\"@type\":\"Organization\",\"@id\":\"https:\\\/\\\/canal7slp.tv\\\/2025\\\/#organization\",\"name\":\"Noticieros Canal 7\",\"url\":\"https:\\\/\\\/canal7slp.tv\\\/2025\\\/\",\"logo\":{\"@type\":\"ImageObject\",\"inLanguage\":\"es\",\"@id\":\"https:\\\/\\\/canal7slp.tv\\\/2025\\\/#\\\/schema\\\/logo\\\/image\\\/\",\"url\":\"https:\\\/\\\/canal7slp.tv\\\/2025\\\/wp-content\\\/uploads\\\/2021\\\/01\\\/logo-noticieros@2x.png\",\"contentUrl\":\"https:\\\/\\\/canal7slp.tv\\\/2025\\\/wp-content\\\/uploads\\\/2021\\\/01\\\/logo-noticieros@2x.png\",\"width\":1017,\"height\":268,\"caption\":\"Noticieros Canal 7\"},\"image\":{\"@id\":\"https:\\\/\\\/canal7slp.tv\\\/2025\\\/#\\\/schema\\\/logo\\\/image\\\/\"},\"sameAs\":[\"https:\\\/\\\/www.facebook.com\\\/noticieroscanal7atencionciudadana\\\/\",\"https:\\\/\\\/x.com\\\/NOTICIEROS7\",\"https:\\\/\\\/www.instagram.com\\\/canal7_slp\",\"https:\\\/\\\/www.youtube.com\\\/channel\\\/UCliiYs-gP3JfJeqdPrNdd5A\"]},{\"@type\":\"Person\",\"@id\":\"https:\\\/\\\/canal7slp.tv\\\/2025\\\/#\\\/schema\\\/person\\\/271e2b60a96e7cc9d9ac296f4d7e414b\",\"name\":\"Edici\u00f3n Web\",\"image\":{\"@type\":\"ImageObject\",\"inLanguage\":\"es\",\"@id\":\"https:\\\/\\\/secure.gravatar.com\\\/avatar\\\/eee448fc3f7164808013b816ba91ac7e43bbe82a70bebac296f8bc6f0addaa1a?s=96&d=mm&r=g\",\"url\":\"https:\\\/\\\/secure.gravatar.com\\\/avatar\\\/eee448fc3f7164808013b816ba91ac7e43bbe82a70bebac296f8bc6f0addaa1a?s=96&d=mm&r=g\",\"contentUrl\":\"https:\\\/\\\/secure.gravatar.com\\\/avatar\\\/eee448fc3f7164808013b816ba91ac7e43bbe82a70bebac296f8bc6f0addaa1a?s=96&d=mm&r=g\",\"caption\":\"Edici\u00f3n Web\"},\"url\":\"https:\\\/\\\/canal7slp.tv\\\/2025\\\/author\\\/edicionweb\\\/\"}]}<\/script>\n<!-- \/ Yoast SEO plugin. -->","yoast_head_json":{"title":"FGR toma posesi\u00f3n del rancho Izaguirre e inicia investigaci\u00f3n federal - Canal 7 SLP - 2025","robots":{"index":"index","follow":"follow","max-snippet":"max-snippet:-1","max-image-preview":"max-image-preview:large","max-video-preview":"max-video-preview:-1"},"canonical":"https:\/\/canal7slp.tv\/2025\/fgr-toma-posesion-del-rancho-izaguirre-e-inicia-investigacion-federal\/","og_locale":"es_ES","og_type":"article","og_title":"FGR toma posesi\u00f3n del rancho Izaguirre e inicia investigaci\u00f3n federal - Canal 7 SLP - 2025","og_description":"Teuchitl\u00e1n.- La madrugada de este martes, el fiscal General de la Rep\u00fablica, Alejandro Gertz Manero, inform\u00f3 que la Fiscal\u00eda General de la Rep\u00fablica (FGR) tom\u00f3 posesi\u00f3n del rancho Izaguirre, ubicado en Teuchitl\u00e1n, Jalisco, el cual operaba como campo de entrenamiento del C\u00e1rtel Jalisco Nueva Generaci\u00f3n (CJNG). Esta acci\u00f3n se llev\u00f3 a cabo tras la detenci\u00f3n de Jos\u00e9 Gregorio \u00abN\u00bb, alias \u00abEl Lastra\u00bb, presunto integrante del grupo criminal, quien ya fue trasladado a un penal de alta seguridad. Gertz Manero explic\u00f3 que, aunque la investigaci\u00f3n estaba originalmente bajo la jurisdicci\u00f3n de la Fiscal\u00eda de Jalisco, ahora ha pasado al \u00e1mbito federal, [&hellip;]","og_url":"https:\/\/canal7slp.tv\/2025\/fgr-toma-posesion-del-rancho-izaguirre-e-inicia-investigacion-federal\/","og_site_name":"Canal 7 SLP - 2025","article_publisher":"https:\/\/www.facebook.com\/noticieroscanal7atencionciudadana\/","article_published_time":"2025-03-25T19:44:08+00:00","og_image":[{"width":811,"height":500,"url":"https:\/\/canal7slp.tv\/2025\/wp-content\/uploads\/2025\/03\/02-17.jpg","type":"image\/jpeg"}],"author":"Edici\u00f3n Web","twitter_card":"summary_large_image","twitter_creator":"@NOTICIEROS7","twitter_site":"@NOTICIEROS7","twitter_misc":{"Escrito por":"Edici\u00f3n Web","Tiempo de lectura":"2 minutos"},"schema":{"@context":"https:\/\/schema.org","@graph":[{"@type":"Article","@id":"https:\/\/canal7slp.tv\/2025\/fgr-toma-posesion-del-rancho-izaguirre-e-inicia-investigacion-federal\/#article","isPartOf":{"@id":"https:\/\/canal7slp.tv\/2025\/fgr-toma-posesion-del-rancho-izaguirre-e-inicia-investigacion-federal\/"},"author":{"name":"Edici\u00f3n Web","@id":"https:\/\/canal7slp.tv\/2025\/#\/schema\/person\/271e2b60a96e7cc9d9ac296f4d7e414b"},"headline":"FGR toma posesi\u00f3n del rancho Izaguirre e inicia investigaci\u00f3n federal","datePublished":"2025-03-25T19:44:08+00:00","mainEntityOfPage":{"@id":"https:\/\/canal7slp.tv\/2025\/fgr-toma-posesion-del-rancho-izaguirre-e-inicia-investigacion-federal\/"},"wordCount":360,"publisher":{"@id":"https:\/\/canal7slp.tv\/2025\/#organization"},"image":{"@id":"https:\/\/canal7slp.tv\/2025\/fgr-toma-posesion-del-rancho-izaguirre-e-inicia-investigacion-federal\/#primaryimage"},"thumbnailUrl":"https:\/\/canal7slp.tv\/2025\/wp-content\/uploads\/2025\/03\/02-17.jpg","articleSection":["NACIONALES"],"inLanguage":"es"},{"@type":"WebPage","@id":"https:\/\/canal7slp.tv\/2025\/fgr-toma-posesion-del-rancho-izaguirre-e-inicia-investigacion-federal\/","url":"https:\/\/canal7slp.tv\/2025\/fgr-toma-posesion-del-rancho-izaguirre-e-inicia-investigacion-federal\/","name":"FGR toma posesi\u00f3n del rancho Izaguirre e inicia investigaci\u00f3n federal - Canal 7 SLP - 2025","isPartOf":{"@id":"https:\/\/canal7slp.tv\/2025\/#website"},"primaryImageOfPage":{"@id":"https:\/\/canal7slp.tv\/2025\/fgr-toma-posesion-del-rancho-izaguirre-e-inicia-investigacion-federal\/#primaryimage"},"image":{"@id":"https:\/\/canal7slp.tv\/2025\/fgr-toma-posesion-del-rancho-izaguirre-e-inicia-investigacion-federal\/#primaryimage"},"thumbnailUrl":"https:\/\/canal7slp.tv\/2025\/wp-content\/uploads\/2025\/03\/02-17.jpg","datePublished":"2025-03-25T19:44:08+00:00","breadcrumb":{"@id":"https:\/\/canal7slp.tv\/2025\/fgr-toma-posesion-del-rancho-izaguirre-e-inicia-investigacion-federal\/#breadcrumb"},"inLanguage":"es","potentialAction":[{"@type":"ReadAction","target":["https:\/\/canal7slp.tv\/2025\/fgr-toma-posesion-del-rancho-izaguirre-e-inicia-investigacion-federal\/"]}]},{"@type":"ImageObject","inLanguage":"es","@id":"https:\/\/canal7slp.tv\/2025\/fgr-toma-posesion-del-rancho-izaguirre-e-inicia-investigacion-federal\/#primaryimage","url":"https:\/\/canal7slp.tv\/2025\/wp-content\/uploads\/2025\/03\/02-17.jpg","contentUrl":"https:\/\/canal7slp.tv\/2025\/wp-content\/uploads\/2025\/03\/02-17.jpg","width":811,"height":500},{"@type":"BreadcrumbList","@id":"https:\/\/canal7slp.tv\/2025\/fgr-toma-posesion-del-rancho-izaguirre-e-inicia-investigacion-federal\/#breadcrumb","itemListElement":[{"@type":"ListItem","position":1,"name":"Portada","item":"https:\/\/canal7slp.tv\/2025\/"},{"@type":"ListItem","position":2,"name":"FGR toma posesi\u00f3n del rancho Izaguirre e inicia investigaci\u00f3n federal"}]},{"@type":"WebSite","@id":"https:\/\/canal7slp.tv\/2025\/#website","url":"https:\/\/canal7slp.tv\/2025\/","name":"N7 - Noticieros Canal 7","description":"Somos el Medio","publisher":{"@id":"https:\/\/canal7slp.tv\/2025\/#organization"},"potentialAction":[{"@type":"SearchAction","target":{"@type":"EntryPoint","urlTemplate":"https:\/\/canal7slp.tv\/2025\/?s={search_term_string}"},"query-input":{"@type":"PropertyValueSpecification","valueRequired":true,"valueName":"search_term_string"}}],"inLanguage":"es"},{"@type":"Organization","@id":"https:\/\/canal7slp.tv\/2025\/#organization","name":"Noticieros Canal 7","url":"https:\/\/canal7slp.tv\/2025\/","logo":{"@type":"ImageObject","inLanguage":"es","@id":"https:\/\/canal7slp.tv\/2025\/#\/schema\/logo\/image\/","url":"https:\/\/canal7slp.tv\/2025\/wp-content\/uploads\/2021\/01\/logo-noticieros@2x.png","contentUrl":"https:\/\/canal7slp.tv\/2025\/wp-content\/uploads\/2021\/01\/logo-noticieros@2x.png","width":1017,"height":268,"caption":"Noticieros Canal 7"},"image":{"@id":"https:\/\/canal7slp.tv\/2025\/#\/schema\/logo\/image\/"},"sameAs":["https:\/\/www.facebook.com\/noticieroscanal7atencionciudadana\/","https:\/\/x.com\/NOTICIEROS7","https:\/\/www.instagram.com\/canal7_slp","https:\/\/www.youtube.com\/channel\/UCliiYs-gP3JfJeqdPrNdd5A"]},{"@type":"Person","@id":"https:\/\/canal7slp.tv\/2025\/#\/schema\/person\/271e2b60a96e7cc9d9ac296f4d7e414b","name":"Edici\u00f3n Web","image":{"@type":"ImageObject","inLanguage":"es","@id":"https:\/\/secure.gravatar.com\/avatar\/eee448fc3f7164808013b816ba91ac7e43bbe82a70bebac296f8bc6f0addaa1a?s=96&d=mm&r=g","url":"https:\/\/secure.gravatar.com\/avatar\/eee448fc3f7164808013b816ba91ac7e43bbe82a70bebac296f8bc6f0addaa1a?s=96&d=mm&r=g","contentUrl":"https:\/\/secure.gravatar.com\/avatar\/eee448fc3f7164808013b816ba91ac7e43bbe82a70bebac296f8bc6f0addaa1a?s=96&d=mm&r=g","caption":"Edici\u00f3n Web"},"url":"https:\/\/canal7slp.tv\/2025\/author\/edicionweb\/"}]}},"_links":{"self":[{"href":"https:\/\/canal7slp.tv\/2025\/wp-json\/wp\/v2\/posts\/161432","targetHints":{"allow":["GET"]}}],"collection":[{"href":"https:\/\/canal7slp.tv\/2025\/wp-json\/wp\/v2\/posts"}],"about":[{"href":"https:\/\/canal7slp.tv\/2025\/wp-json\/wp\/v2\/types\/post"}],"author":[{"embeddable":true,"href":"https:\/\/canal7slp.tv\/2025\/wp-json\/wp\/v2\/users\/2"}],"replies":[{"embeddable":true,"href":"https:\/\/canal7slp.tv\/2025\/wp-json\/wp\/v2\/comments?post=161432"}],"version-history":[{"count":1,"href":"https:\/\/canal7slp.tv\/2025\/wp-json\/wp\/v2\/posts\/161432\/revisions"}],"predecessor-version":[{"id":161434,"href":"https:\/\/canal7slp.tv\/2025\/wp-json\/wp\/v2\/posts\/161432\/revisions\/161434"}],"wp:featuredmedia":[{"embeddable":true,"href":"https:\/\/canal7slp.tv\/2025\/wp-json\/wp\/v2\/media\/161433"}],"wp:attachment":[{"href":"https:\/\/canal7slp.tv\/2025\/wp-json\/wp\/v2\/media?parent=161432"}],"wp:term":[{"taxonomy":"category","embeddable":true,"href":"https:\/\/canal7slp.tv\/2025\/wp-json\/wp\/v2\/categories?post=161432"},{"taxonomy":"post_tag","embeddable":true,"href":"https:\/\/canal7slp.tv\/2025\/wp-json\/wp\/v2\/tags?post=161432"}],"curies":[{"name":"wp","href":"https:\/\/api.w.org\/{rel}","templated":true}]}}